{"id":37686,"date":"2020-08-26T03:54:04","date_gmt":"2020-08-26T03:54:04","guid":{"rendered":"https:\/\/www.shqiperia.com\/blog\/?p=37686"},"modified":"2020-08-26T03:54:04","modified_gmt":"2020-08-26T03:54:04","slug":"greqia-ngre-duart-lart-per-teqen-bektashiane-qe-strehoi-njerezit-e-nolit-prone-e-shtetit-shqiptar","status":"publish","type":"post","link":"https:\/\/www.shqiperia.com\/blog\/greqia-ngre-duart-lart-per-teqen-bektashiane-qe-strehoi-njerezit-e-nolit-prone-e-shtetit-shqiptar\/","title":{"rendered":"Greqia ngre duart lart p\u00ebr Teqen Bektashiane q\u00eb strehoi njer\u00ebzit e Nolit: &#8211; Pron\u00eb e shtetit shqiptar"},"content":{"rendered":"<p><img data-recalc-dims=\"1\" loading=\"lazy\" decoding=\"async\" data-attachment-id=\"37687\" data-permalink=\"https:\/\/www.shqiperia.com\/blog\/greqia-ngre-duart-lart-per-teqen-bektashiane-qe-strehoi-njerezit-e-nolit-prone-e-shtetit-shqiptar\/118349399_4761348493879158_4083555910363514875_n-copy\/\" data-orig-file=\"https:\/\/i0.wp.com\/www.shqiperia.com\/blog\/wp-content\/uploads\/2020\/08\/118349399_4761348493879158_4083555910363514875_n-Copy.jpg?fit=960%2C514&amp;ssl=1\" data-orig-size=\"960,514\" data-comments-opened=\"1\" data-image-meta=\"{&quot;aperture&quot;:&quot;0&quot;,&quot;credit&quot;:&quot;&quot;,&quot;camera&quot;:&quot;&quot;,&quot;caption&quot;:&quot;&quot;,&quot;created_timestamp&quot;:&quot;0&quot;,&quot;copyright&quot;:&quot;&quot;,&quot;focal_length&quot;:&quot;0&quot;,&quot;iso&quot;:&quot;0&quot;,&quot;shutter_speed&quot;:&quot;0&quot;,&quot;title&quot;:&quot;&quot;,&quot;orientation&quot;:&quot;0&quot;}\" data-image-title=\"118349399_4761348493879158_4083555910363514875_n &#8211; Copy\" data-image-description=\"\" data-image-caption=\"\" data-medium-file=\"https:\/\/i0.wp.com\/www.shqiperia.com\/blog\/wp-content\/uploads\/2020\/08\/118349399_4761348493879158_4083555910363514875_n-Copy.jpg?fit=300%2C161&amp;ssl=1\" data-large-file=\"https:\/\/i0.wp.com\/www.shqiperia.com\/blog\/wp-content\/uploads\/2020\/08\/118349399_4761348493879158_4083555910363514875_n-Copy.jpg?fit=960%2C514&amp;ssl=1\" class=\"alignnone  wp-image-37687\" alt=\"\" src=\"https:\/\/i0.wp.com\/www.shqiperia.com\/blog\/wp-content\/uploads\/2020\/08\/118349399_4761348493879158_4083555910363514875_n-Copy.jpg?resize=443%2C238&#038;ssl=1\" width=\"443\" height=\"238\" srcset=\"https:\/\/i0.wp.com\/www.shqiperia.com\/blog\/wp-content\/uploads\/2020\/08\/118349399_4761348493879158_4083555910363514875_n-Copy.jpg?resize=300%2C161&amp;ssl=1 300w, https:\/\/i0.wp.com\/www.shqiperia.com\/blog\/wp-content\/uploads\/2020\/08\/118349399_4761348493879158_4083555910363514875_n-Copy.jpg?resize=768%2C411&amp;ssl=1 768w, https:\/\/i0.wp.com\/www.shqiperia.com\/blog\/wp-content\/uploads\/2020\/08\/118349399_4761348493879158_4083555910363514875_n-Copy.jpg?resize=450%2C241&amp;ssl=1 450w, https:\/\/i0.wp.com\/www.shqiperia.com\/blog\/wp-content\/uploads\/2020\/08\/118349399_4761348493879158_4083555910363514875_n-Copy.jpg?resize=600%2C321&amp;ssl=1 600w, https:\/\/i0.wp.com\/www.shqiperia.com\/blog\/wp-content\/uploads\/2020\/08\/118349399_4761348493879158_4083555910363514875_n-Copy.jpg?resize=400%2C214&amp;ssl=1 400w, https:\/\/i0.wp.com\/www.shqiperia.com\/blog\/wp-content\/uploads\/2020\/08\/118349399_4761348493879158_4083555910363514875_n-Copy.jpg?w=960&amp;ssl=1 960w\" sizes=\"auto, (max-width: 443px) 100vw, 443px\" \/><\/p>\n<p><strong>Greqia ngre duart lart p\u00ebr Teqen Bektashiane q\u00eb strehoi njer\u00ebzit e Nolit: &#8211; Pron\u00eb e shtetit shqiptar<\/strong><\/p>\n<p>Historiani i njohur shqiptar, Arben Llalla ka publikuar historin\u00eb e Teqes Bektashiane q\u00eb \u00ebsht\u00eb l\u00ebn\u00eb n\u00eb harres\u00eb nga qeverit\u00eb.<\/p>\n<p>P\u00ebrmes nj\u00eb statusi n\u00eb Facebook, Llalla shkruan se Teqeja Bektashiane q\u00eb ndodhet n\u00eb Asprogjia t\u00eb Farsalon n\u00eb Laris\u00eb \u00ebsht\u00eb l\u00ebn\u00eb n\u00eb harres\u00eb pasi n\u00eb vitin 2004 ministri grek i kultur\u00ebs, Petros Tatulis vendosi q\u00eb kjo Teqe mos t\u00eb ri-konstruktohet pasi sipas Ligjit t\u00eb Luft\u00ebs ndalohet \u00e7do nd\u00ebrhyrje e riparim I saj pasi \u00ebsht\u00eb pron\u00eb e shtetit shqiptar.<\/p>\n<p><img data-recalc-dims=\"1\" loading=\"lazy\" decoding=\"async\" data-attachment-id=\"37688\" data-permalink=\"https:\/\/www.shqiperia.com\/blog\/greqia-ngre-duart-lart-per-teqen-bektashiane-qe-strehoi-njerezit-e-nolit-prone-e-shtetit-shqiptar\/118138548_4761349347212406_3338608418214172823_n-315x420\/\" data-orig-file=\"https:\/\/i0.wp.com\/www.shqiperia.com\/blog\/wp-content\/uploads\/2020\/08\/118138548_4761349347212406_3338608418214172823_n-315x420-1.jpg?fit=315%2C420&amp;ssl=1\" data-orig-size=\"315,420\" data-comments-opened=\"1\" data-image-meta=\"{&quot;aperture&quot;:&quot;0&quot;,&quot;credit&quot;:&quot;&quot;,&quot;camera&quot;:&quot;&quot;,&quot;caption&quot;:&quot;&quot;,&quot;created_timestamp&quot;:&quot;0&quot;,&quot;copyright&quot;:&quot;&quot;,&quot;focal_length&quot;:&quot;0&quot;,&quot;iso&quot;:&quot;0&quot;,&quot;shutter_speed&quot;:&quot;0&quot;,&quot;title&quot;:&quot;&quot;,&quot;orientation&quot;:&quot;0&quot;}\" data-image-title=\"118138548_4761349347212406_3338608418214172823_n-315&#215;420\" data-image-description=\"\" data-image-caption=\"\" data-medium-file=\"https:\/\/i0.wp.com\/www.shqiperia.com\/blog\/wp-content\/uploads\/2020\/08\/118138548_4761349347212406_3338608418214172823_n-315x420-1.jpg?fit=225%2C300&amp;ssl=1\" data-large-file=\"https:\/\/i0.wp.com\/www.shqiperia.com\/blog\/wp-content\/uploads\/2020\/08\/118138548_4761349347212406_3338608418214172823_n-315x420-1.jpg?fit=315%2C420&amp;ssl=1\" class=\"alignnone  wp-image-37688\" alt=\"\" src=\"https:\/\/i0.wp.com\/www.shqiperia.com\/blog\/wp-content\/uploads\/2020\/08\/118138548_4761349347212406_3338608418214172823_n-315x420-1.jpg?resize=335%2C447&#038;ssl=1\" width=\"335\" height=\"447\" srcset=\"https:\/\/i0.wp.com\/www.shqiperia.com\/blog\/wp-content\/uploads\/2020\/08\/118138548_4761349347212406_3338608418214172823_n-315x420-1.jpg?resize=225%2C300&amp;ssl=1 225w, https:\/\/i0.wp.com\/www.shqiperia.com\/blog\/wp-content\/uploads\/2020\/08\/118138548_4761349347212406_3338608418214172823_n-315x420-1.jpg?w=315&amp;ssl=1 315w\" sizes=\"auto, (max-width: 335px) 100vw, 335px\" \/> <img data-recalc-dims=\"1\" loading=\"lazy\" decoding=\"async\" data-attachment-id=\"37689\" data-permalink=\"https:\/\/www.shqiperia.com\/blog\/greqia-ngre-duart-lart-per-teqen-bektashiane-qe-strehoi-njerezit-e-nolit-prone-e-shtetit-shqiptar\/118208883_4761348047212536_7783412223335034377_n-315x420\/\" data-orig-file=\"https:\/\/i0.wp.com\/www.shqiperia.com\/blog\/wp-content\/uploads\/2020\/08\/118208883_4761348047212536_7783412223335034377_n-315x420-1.jpg?fit=315%2C420&amp;ssl=1\" data-orig-size=\"315,420\" data-comments-opened=\"1\" data-image-meta=\"{&quot;aperture&quot;:&quot;0&quot;,&quot;credit&quot;:&quot;&quot;,&quot;camera&quot;:&quot;&quot;,&quot;caption&quot;:&quot;&quot;,&quot;created_timestamp&quot;:&quot;0&quot;,&quot;copyright&quot;:&quot;&quot;,&quot;focal_length&quot;:&quot;0&quot;,&quot;iso&quot;:&quot;0&quot;,&quot;shutter_speed&quot;:&quot;0&quot;,&quot;title&quot;:&quot;&quot;,&quot;orientation&quot;:&quot;0&quot;}\" data-image-title=\"118208883_4761348047212536_7783412223335034377_n-315&#215;420\" data-image-description=\"\" data-image-caption=\"\" data-medium-file=\"https:\/\/i0.wp.com\/www.shqiperia.com\/blog\/wp-content\/uploads\/2020\/08\/118208883_4761348047212536_7783412223335034377_n-315x420-1.jpg?fit=225%2C300&amp;ssl=1\" data-large-file=\"https:\/\/i0.wp.com\/www.shqiperia.com\/blog\/wp-content\/uploads\/2020\/08\/118208883_4761348047212536_7783412223335034377_n-315x420-1.jpg?fit=315%2C420&amp;ssl=1\" class=\"alignnone  wp-image-37689\" alt=\"\" src=\"https:\/\/i0.wp.com\/www.shqiperia.com\/blog\/wp-content\/uploads\/2020\/08\/118208883_4761348047212536_7783412223335034377_n-315x420-1.jpg?resize=332%2C443&#038;ssl=1\" width=\"332\" height=\"443\" srcset=\"https:\/\/i0.wp.com\/www.shqiperia.com\/blog\/wp-content\/uploads\/2020\/08\/118208883_4761348047212536_7783412223335034377_n-315x420-1.jpg?resize=225%2C300&amp;ssl=1 225w, https:\/\/i0.wp.com\/www.shqiperia.com\/blog\/wp-content\/uploads\/2020\/08\/118208883_4761348047212536_7783412223335034377_n-315x420-1.jpg?w=315&amp;ssl=1 315w\" sizes=\"auto, (max-width: 332px) 100vw, 332px\" \/><\/p>\n<p>Postimi i plot\u00eb i historianit:<\/p>\n<p><em>\u201cTeqeja Bektashiane q\u00eb ndodhet n\u00eb Asprogjia t\u00eb Farsalon q\u00eb i p\u00ebrket Komun\u00ebs s\u00eb Polidhamanda n\u00eb Prefektur\u00ebn e Laris\u00ebs, dhe quhet Teqe Ireni ose Teqeja Asprogjia. N\u00eb k\u00ebt\u00eb zon\u00eb dikur ka patur tre Teqe: 1.-Asprogjia-Ireni, 2.-Zoodhohos Pigjia, 3.-Dhilofos. Teqja e Asprogjia-Ireni mendohet se \u00ebsht\u00eb nd\u00ebrtuar m\u00eb 1770 dhe i p\u00ebrket sektit Mevlevi. N\u00eb vitin 1888 n\u00eb k\u00ebt\u00eb Teqe thuhet se ka patur 55 dervish\u00eb.<\/em><\/p>\n<p><em>P\u00ebr Teqen e Asprogjias kan\u00eb shkruar William Martin-Leake i cili e p\u00ebrmend at\u00eb n\u00eb N\u00ebntor t\u00eb 1805. Andrea Karkavica shkruan se kjo Teqe \u00ebsht\u00eb nd\u00ebrtuar mbi themelet e nj\u00eb Manastiri Katolik t\u00eb cilin e kishin braktisur m\u00eb 1640. Teqeja u nd\u00ebrtuan nga nj\u00eb shqiptar i quajtur Durbali Baba Shehu, Teqe ka dy Tyrbe dhe varret e dervish\u00ebve rreth tyre.<\/em><br \/>\n<em>M\u00eb 1914 e vizitoj\u00eb Teqen, arkeologu dhe historiani Frederick Hasluck i cili i ka kushtuar nj\u00eb kapitull t\u00eb t\u00ebr\u00eb n\u00eb librin e tij.<\/em><\/p>\n<p><em>Thuhet se pas vitit 1925 n\u00eb Teqen gjet\u00ebn strehim shum\u00eb p\u00ebrkrah\u00ebs t\u00eb Fan Nolit t\u00eb cil\u00ebt e braktis\u00eb Shqip\u00ebrin\u00eb pas ardhjes n\u00eb pushtet t\u00eb Ahmet Zogut.<\/em><\/p>\n<p><em>N\u00eb vitet 1930, n\u00eb Teqen kan\u00eb sh\u00ebrbyer 6 dervish dhe 20 punonj\u00ebs t\u00eb tjer\u00eb q\u00eb udh\u00ebhiqeshin nga Baba Qazimi, t\u00eb gjith\u00eb ishin me komb\u00ebsi shqiptare.<\/em><\/p>\n<p><em>P\u00ebr shkak t\u00eb ligjit t\u00eb Luft\u00ebs me Shqip\u00ebrin\u00eb, Greqia sekuestroj\u00eb pronat e Teqes duke e len\u00eb at\u00eb pron\u00eb n\u00eb shkat\u00ebrrim. M\u00eb 1960 Baba Seiti protestoj kund\u00ebr sekuestrimit t\u00eb rreth 13.000 dylym nga ana e shtetit grek. M\u00eb 1973 Baba Seiti vdes dhe Teqeja mbeti pa asnj\u00eb kujdestar. Q\u00eb nga fillimi i funksionimit t\u00eb saj n\u00eb k\u00ebt\u00eb Teqe sh\u00ebrbyen 33 Baba.<\/em><\/p>\n<p><img data-recalc-dims=\"1\" loading=\"lazy\" decoding=\"async\" data-attachment-id=\"37690\" data-permalink=\"https:\/\/www.shqiperia.com\/blog\/greqia-ngre-duart-lart-per-teqen-bektashiane-qe-strehoi-njerezit-e-nolit-prone-e-shtetit-shqiptar\/118271636_4761348960545778_8804336992835409947_n-560x420\/\" data-orig-file=\"https:\/\/i0.wp.com\/www.shqiperia.com\/blog\/wp-content\/uploads\/2020\/08\/118271636_4761348960545778_8804336992835409947_n-560x420-1.jpg?fit=560%2C420&amp;ssl=1\" data-orig-size=\"560,420\" data-comments-opened=\"1\" data-image-meta=\"{&quot;aperture&quot;:&quot;0&quot;,&quot;credit&quot;:&quot;&quot;,&quot;camera&quot;:&quot;&quot;,&quot;caption&quot;:&quot;&quot;,&quot;created_timestamp&quot;:&quot;0&quot;,&quot;copyright&quot;:&quot;&quot;,&quot;focal_length&quot;:&quot;0&quot;,&quot;iso&quot;:&quot;0&quot;,&quot;shutter_speed&quot;:&quot;0&quot;,&quot;title&quot;:&quot;&quot;,&quot;orientation&quot;:&quot;0&quot;}\" data-image-title=\"118271636_4761348960545778_8804336992835409947_n-560&#215;420\" data-image-description=\"\" data-image-caption=\"\" data-medium-file=\"https:\/\/i0.wp.com\/www.shqiperia.com\/blog\/wp-content\/uploads\/2020\/08\/118271636_4761348960545778_8804336992835409947_n-560x420-1.jpg?fit=300%2C225&amp;ssl=1\" data-large-file=\"https:\/\/i0.wp.com\/www.shqiperia.com\/blog\/wp-content\/uploads\/2020\/08\/118271636_4761348960545778_8804336992835409947_n-560x420-1.jpg?fit=560%2C420&amp;ssl=1\" class=\"alignnone  wp-image-37690\" alt=\"\" src=\"https:\/\/i0.wp.com\/www.shqiperia.com\/blog\/wp-content\/uploads\/2020\/08\/118271636_4761348960545778_8804336992835409947_n-560x420-1.jpg?resize=485%2C364&#038;ssl=1\" width=\"485\" height=\"364\" srcset=\"https:\/\/i0.wp.com\/www.shqiperia.com\/blog\/wp-content\/uploads\/2020\/08\/118271636_4761348960545778_8804336992835409947_n-560x420-1.jpg?resize=300%2C225&amp;ssl=1 300w, https:\/\/i0.wp.com\/www.shqiperia.com\/blog\/wp-content\/uploads\/2020\/08\/118271636_4761348960545778_8804336992835409947_n-560x420-1.jpg?resize=450%2C338&amp;ssl=1 450w, https:\/\/i0.wp.com\/www.shqiperia.com\/blog\/wp-content\/uploads\/2020\/08\/118271636_4761348960545778_8804336992835409947_n-560x420-1.jpg?resize=400%2C300&amp;ssl=1 400w, https:\/\/i0.wp.com\/www.shqiperia.com\/blog\/wp-content\/uploads\/2020\/08\/118271636_4761348960545778_8804336992835409947_n-560x420-1.jpg?w=560&amp;ssl=1 560w\" sizes=\"auto, (max-width: 485px) 100vw, 485px\" \/> <img data-recalc-dims=\"1\" loading=\"lazy\" decoding=\"async\" data-attachment-id=\"37691\" data-permalink=\"https:\/\/www.shqiperia.com\/blog\/greqia-ngre-duart-lart-per-teqen-bektashiane-qe-strehoi-njerezit-e-nolit-prone-e-shtetit-shqiptar\/118273597_4761346470546027_6303005436898897766_n-560x420\/\" data-orig-file=\"https:\/\/i0.wp.com\/www.shqiperia.com\/blog\/wp-content\/uploads\/2020\/08\/118273597_4761346470546027_6303005436898897766_n-560x420-1.jpg?fit=560%2C420&amp;ssl=1\" data-orig-size=\"560,420\" data-comments-opened=\"1\" data-image-meta=\"{&quot;aperture&quot;:&quot;0&quot;,&quot;credit&quot;:&quot;&quot;,&quot;camera&quot;:&quot;&quot;,&quot;caption&quot;:&quot;&quot;,&quot;created_timestamp&quot;:&quot;0&quot;,&quot;copyright&quot;:&quot;&quot;,&quot;focal_length&quot;:&quot;0&quot;,&quot;iso&quot;:&quot;0&quot;,&quot;shutter_speed&quot;:&quot;0&quot;,&quot;title&quot;:&quot;&quot;,&quot;orientation&quot;:&quot;0&quot;}\" data-image-title=\"118273597_4761346470546027_6303005436898897766_n-560&#215;420\" data-image-description=\"\" data-image-caption=\"\" data-medium-file=\"https:\/\/i0.wp.com\/www.shqiperia.com\/blog\/wp-content\/uploads\/2020\/08\/118273597_4761346470546027_6303005436898897766_n-560x420-1.jpg?fit=300%2C225&amp;ssl=1\" data-large-file=\"https:\/\/i0.wp.com\/www.shqiperia.com\/blog\/wp-content\/uploads\/2020\/08\/118273597_4761346470546027_6303005436898897766_n-560x420-1.jpg?fit=560%2C420&amp;ssl=1\" class=\"alignnone  wp-image-37691\" alt=\"\" src=\"https:\/\/i0.wp.com\/www.shqiperia.com\/blog\/wp-content\/uploads\/2020\/08\/118273597_4761346470546027_6303005436898897766_n-560x420-1.jpg?resize=503%2C377&#038;ssl=1\" width=\"503\" height=\"377\" srcset=\"https:\/\/i0.wp.com\/www.shqiperia.com\/blog\/wp-content\/uploads\/2020\/08\/118273597_4761346470546027_6303005436898897766_n-560x420-1.jpg?resize=300%2C225&amp;ssl=1 300w, https:\/\/i0.wp.com\/www.shqiperia.com\/blog\/wp-content\/uploads\/2020\/08\/118273597_4761346470546027_6303005436898897766_n-560x420-1.jpg?resize=450%2C338&amp;ssl=1 450w, https:\/\/i0.wp.com\/www.shqiperia.com\/blog\/wp-content\/uploads\/2020\/08\/118273597_4761346470546027_6303005436898897766_n-560x420-1.jpg?resize=400%2C300&amp;ssl=1 400w, https:\/\/i0.wp.com\/www.shqiperia.com\/blog\/wp-content\/uploads\/2020\/08\/118273597_4761346470546027_6303005436898897766_n-560x420-1.jpg?w=560&amp;ssl=1 560w\" sizes=\"auto, (max-width: 503px) 100vw, 503px\" \/> <img data-recalc-dims=\"1\" loading=\"lazy\" decoding=\"async\" data-attachment-id=\"37692\" data-permalink=\"https:\/\/www.shqiperia.com\/blog\/greqia-ngre-duart-lart-per-teqen-bektashiane-qe-strehoi-njerezit-e-nolit-prone-e-shtetit-shqiptar\/118349399_4761348493879158_4083555910363514875_n\/\" data-orig-file=\"https:\/\/i0.wp.com\/www.shqiperia.com\/blog\/wp-content\/uploads\/2020\/08\/118349399_4761348493879158_4083555910363514875_n.jpg?fit=960%2C720&amp;ssl=1\" data-orig-size=\"960,720\" data-comments-opened=\"1\" data-image-meta=\"{&quot;aperture&quot;:&quot;0&quot;,&quot;credit&quot;:&quot;&quot;,&quot;camera&quot;:&quot;&quot;,&quot;caption&quot;:&quot;&quot;,&quot;created_timestamp&quot;:&quot;0&quot;,&quot;copyright&quot;:&quot;&quot;,&quot;focal_length&quot;:&quot;0&quot;,&quot;iso&quot;:&quot;0&quot;,&quot;shutter_speed&quot;:&quot;0&quot;,&quot;title&quot;:&quot;&quot;,&quot;orientation&quot;:&quot;0&quot;}\" data-image-title=\"118349399_4761348493879158_4083555910363514875_n\" data-image-description=\"\" data-image-caption=\"\" data-medium-file=\"https:\/\/i0.wp.com\/www.shqiperia.com\/blog\/wp-content\/uploads\/2020\/08\/118349399_4761348493879158_4083555910363514875_n.jpg?fit=300%2C225&amp;ssl=1\" data-large-file=\"https:\/\/i0.wp.com\/www.shqiperia.com\/blog\/wp-content\/uploads\/2020\/08\/118349399_4761348493879158_4083555910363514875_n.jpg?fit=960%2C720&amp;ssl=1\" class=\"alignnone  wp-image-37692\" alt=\"\" src=\"https:\/\/i0.wp.com\/www.shqiperia.com\/blog\/wp-content\/uploads\/2020\/08\/118349399_4761348493879158_4083555910363514875_n.jpg?resize=592%2C444&#038;ssl=1\" width=\"592\" height=\"444\" srcset=\"https:\/\/i0.wp.com\/www.shqiperia.com\/blog\/wp-content\/uploads\/2020\/08\/118349399_4761348493879158_4083555910363514875_n.jpg?resize=300%2C225&amp;ssl=1 300w, https:\/\/i0.wp.com\/www.shqiperia.com\/blog\/wp-content\/uploads\/2020\/08\/118349399_4761348493879158_4083555910363514875_n.jpg?resize=768%2C576&amp;ssl=1 768w, https:\/\/i0.wp.com\/www.shqiperia.com\/blog\/wp-content\/uploads\/2020\/08\/118349399_4761348493879158_4083555910363514875_n.jpg?resize=450%2C338&amp;ssl=1 450w, https:\/\/i0.wp.com\/www.shqiperia.com\/blog\/wp-content\/uploads\/2020\/08\/118349399_4761348493879158_4083555910363514875_n.jpg?resize=600%2C450&amp;ssl=1 600w, https:\/\/i0.wp.com\/www.shqiperia.com\/blog\/wp-content\/uploads\/2020\/08\/118349399_4761348493879158_4083555910363514875_n.jpg?resize=400%2C300&amp;ssl=1 400w, https:\/\/i0.wp.com\/www.shqiperia.com\/blog\/wp-content\/uploads\/2020\/08\/118349399_4761348493879158_4083555910363514875_n.jpg?w=960&amp;ssl=1 960w\" sizes=\"auto, (max-width: 592px) 100vw, 592px\" \/><\/p>\n<p><em>N\u00eb vitin 2004, \u00e7\u00ebshtja e Teqes shkoi p\u00ebr tu diskutuar nga deputeti i Lidhjes s\u00eb Majt\u00eb, Fotis Kuvelis n\u00eb Kuvendin e Greqis\u00eb, u b\u00eb zhurm\u00eb e madhe at\u00eb periudh\u00eb sepse kishte z\u00ebra q\u00eb kjo Teqe duhet ruajtur, kujdesur dhe jo e l\u00ebn\u00eb n\u00eb m\u00ebshir\u00eb t\u00eb fatit. Por ministri i kultur\u00ebs i Demokracis\u00eb s\u00eb Re, Petros Tatulis u p\u00ebrgjigj se kjo Teqe \u00ebsht\u00eb pron\u00eb e shtetit shqiptar e sekuestruar nga shteti grek n\u00eb baz\u00eb t\u00eb Ligjit t\u00eb Luft\u00ebs dhe ligji ndalon \u00e7do nd\u00ebrhyrje riparimi t\u00eb saj. (fotot nga \u0397\u03c1.\u03a6\u03b1\u03c3\u03bf\u03c5\u03c1\u03b1\u03ba\u03b7 Gusht 2020).\u201d<\/em><\/p>\n<p>Re.Gu\/fjala.al<\/p>\n","protected":false},"excerpt":{"rendered":"<p>Greqia ngre duart lart p\u00ebr Teqen Bektashiane q\u00eb strehoi njer\u00ebzit e Nolit: &#8211; Pron\u00eb e shtetit shqiptar Historiani i njohur shqiptar, Arben Llalla ka publikuar historin\u00eb e Teqes Bektashiane q\u00eb \u00ebsht\u00eb l\u00ebn\u00eb n\u00eb harres\u00eb nga qeverit\u00eb. P\u00ebrmes nj\u00eb statusi n\u00eb Facebook, Llalla shkruan se Teqeja Bektashiane q\u00eb ndodhet n\u00eb Asprogjia t\u00eb Farsalon n\u00eb Laris\u00eb \u00ebsht\u00eb [&hellip;]<\/p>\n","protected":false},"author":9,"featured_media":37687,"comment_status":"open","ping_status":"open","sticky":false,"template":"","format":"standard","meta":{"jetpack_post_was_ever_published":false,"_jetpack_newsletter_access":"","_jetpack_dont_email_post_to_subs":false,"_jetpack_newsletter_tier_id":0,"_jetpack_memberships_contains_paywalled_content":false,"_jetpack_memberships_contains_paid_content":false,"footnotes":"","jetpack_publicize_message":"","jetpack_publicize_feature_enabled":true,"jetpack_social_post_already_shared":true,"jetpack_social_options":{"image_generator_settings":{"template":"highway","default_image_id":0,"font":"","enabled":false},"version":2}},"categories":[27,85],"tags":[],"class_list":["post-37686","post","type-post","status-publish","format-standard","has-post-thumbnail","hentry","category-blogu-i-udhetarit","category-histori"],"jetpack_publicize_connections":[],"jetpack_featured_media_url":"https:\/\/i0.wp.com\/www.shqiperia.com\/blog\/wp-content\/uploads\/2020\/08\/118349399_4761348493879158_4083555910363514875_n-Copy.jpg?fit=960%2C514&ssl=1","jetpack_sharing_enabled":true,"jetpack_shortlink":"https:\/\/wp.me\/p5Z6wp-9NQ","jetpack-related-posts":[{"id":15572,"url":"https:\/\/www.shqiperia.com\/blog\/historiani-ngre-alarmin-nxjerr-foton-do-kemi-kacifas-te-tjere-dy-grekofone-po-pergatiten-per-sulme-kamikaze\/","url_meta":{"origin":37686,"position":0},"title":"Historiani ngre alarmin, nxjerr foton: Do kemi \u2018Ka\u00e7ifas\u2019 t\u00eb tjer\u00eb, dy grekofon\u00eb po p\u00ebrgatiten p\u00ebr sulme kamikaze!-","author":"Kurt Farka","date":"January 5, 2019","format":false,"excerpt":"Historiani ngre alarmin, nxjerr foton: Do kemi \u2018Ka\u00e7ifas\u2019 t\u00eb tjer\u00eb, dy grekofon\u00eb po p\u00ebrgatiten p\u00ebr sulme kamikaze!- 04\/01\/2019 Historiani i njohur shqiptar, Arben Llalla, ka ngritur alarmin, duke th\u00ebn\u00eb se mund t\u00eb ket\u00eb t\u00eb tjer\u00eb \u2018Ka\u00e7ifas\u2019. Llalla n\u00eb nj\u00eb p\u00ebrgjigje p\u00ebr ministrin e Jasht\u00ebm grek, e akuzon at\u00eb se \u00ebsht\u00eb\u2026","rel":"","context":"In &quot;Blogu i Udh\u00ebtarit&quot;","block_context":{"text":"Blogu i Udh\u00ebtarit","link":"https:\/\/www.shqiperia.com\/blog\/category\/blogu-i-udhetarit\/"},"img":{"alt_text":"","src":"https:\/\/i0.wp.com\/www.shqiperia.com\/blog\/wp-content\/uploads\/2019\/01\/sdfwergtgsdfsdgsdfh.jpg?fit=673%2C385&ssl=1&resize=350%2C200","width":350,"height":200,"srcset":"https:\/\/i0.wp.com\/www.shqiperia.com\/blog\/wp-content\/uploads\/2019\/01\/sdfwergtgsdfsdgsdfh.jpg?fit=673%2C385&ssl=1&resize=350%2C200 1x, https:\/\/i0.wp.com\/www.shqiperia.com\/blog\/wp-content\/uploads\/2019\/01\/sdfwergtgsdfsdgsdfh.jpg?fit=673%2C385&ssl=1&resize=525%2C300 1.5x"},"classes":[]},{"id":36168,"url":"https:\/\/www.shqiperia.com\/blog\/shqiperia-me-vetem-2-8-milione-banore-numeron-zyrtarisht-611-grupe-fetare-cfare-thote-kushtetuta-dhe-nje-raport-i-dash\/","url_meta":{"origin":37686,"position":1},"title":"Shqip\u00ebria me vet\u00ebm 2.8 milion\u00eb banor\u00eb, num\u00ebron zyrtarisht 611 grupe fetare! \u00c7far\u00eb thot\u00eb Kushtetuta dhe nj\u00eb raport i DASH","author":"Kurt Farka","date":"July 10, 2020","format":false,"excerpt":"Shqip\u00ebria me vet\u00ebm 2.8 milion\u00eb banor\u00eb, num\u00ebron zyrtarisht 611 grupe fetare! \u00c7far\u00eb thot\u00eb Kushtetuta dhe nj\u00eb raport i DASH 8 korrik \u00a02020 Me toleranc\u00ebn q\u00eb e karakterizon, Shqip\u00ebria i ka hapur dyert 611 grupeve fetare ku p\u00ebrfshihen 248 fondacione, 323 Organizata Joqeveritare dhe 40 qendra q\u00eb lidhen me besimet. T\u00eb\u2026","rel":"","context":"In &quot;Blogu i Udh\u00ebtarit&quot;","block_context":{"text":"Blogu i Udh\u00ebtarit","link":"https:\/\/www.shqiperia.com\/blog\/category\/blogu-i-udhetarit\/"},"img":{"alt_text":"","src":"https:\/\/i0.wp.com\/www.shqiperia.com\/blog\/wp-content\/uploads\/2020\/07\/DASH-933x445-1-905x450-1.jpg?fit=905%2C450&ssl=1&resize=350%2C200","width":350,"height":200,"srcset":"https:\/\/i0.wp.com\/www.shqiperia.com\/blog\/wp-content\/uploads\/2020\/07\/DASH-933x445-1-905x450-1.jpg?fit=905%2C450&ssl=1&resize=350%2C200 1x, https:\/\/i0.wp.com\/www.shqiperia.com\/blog\/wp-content\/uploads\/2020\/07\/DASH-933x445-1-905x450-1.jpg?fit=905%2C450&ssl=1&resize=525%2C300 1.5x, https:\/\/i0.wp.com\/www.shqiperia.com\/blog\/wp-content\/uploads\/2020\/07\/DASH-933x445-1-905x450-1.jpg?fit=905%2C450&ssl=1&resize=700%2C400 2x"},"classes":[]},{"id":81290,"url":"https:\/\/www.shqiperia.com\/blog\/prec-zogaj-ekzekutivi-shqiptar-eshte-pajtuar-me-korrupsionin-presin-terheqjen-e-spak\/","url_meta":{"origin":37686,"position":2},"title":"Pre\u00e7 Zogaj: Ekzekutivi shqiptar \u00ebsht\u00eb pajtuar me korrupsionin, presin t\u00ebrheqjen e SPAK","author":"Kurt Farka","date":"May 24, 2024","format":false,"excerpt":"24 Maji 2024 Pre\u00e7 Zogaj, President i Institutit Pashko, n\u00eb rubrik\u00ebn \u2018Opinion\u2019 n\u00eb News24, duke komentuar raportin e paraqitur nga kreu i SPAK, Altin Dumani n\u00eb Komisionin e Ligjeve, tha se Dumani nuk ka ngritur shqet\u00ebsimin p\u00ebr mosbashk\u00ebpunimin me Policin\u00eb e Shtetit, p\u00ebrkundrazi e ka evidentuar si nj\u00eb institucion q\u00eb\u2026","rel":"","context":"In &quot;Blogu i Udh\u00ebtarit&quot;","block_context":{"text":"Blogu i Udh\u00ebtarit","link":"https:\/\/www.shqiperia.com\/blog\/category\/blogu-i-udhetarit\/"},"img":{"alt_text":"","src":"https:\/\/i0.wp.com\/www.shqiperia.com\/blog\/wp-content\/uploads\/2024\/05\/prec-zogaj-770x421-1.jpg?fit=770%2C421&ssl=1&resize=350%2C200","width":350,"height":200,"srcset":"https:\/\/i0.wp.com\/www.shqiperia.com\/blog\/wp-content\/uploads\/2024\/05\/prec-zogaj-770x421-1.jpg?fit=770%2C421&ssl=1&resize=350%2C200 1x, https:\/\/i0.wp.com\/www.shqiperia.com\/blog\/wp-content\/uploads\/2024\/05\/prec-zogaj-770x421-1.jpg?fit=770%2C421&ssl=1&resize=525%2C300 1.5x, https:\/\/i0.wp.com\/www.shqiperia.com\/blog\/wp-content\/uploads\/2024\/05\/prec-zogaj-770x421-1.jpg?fit=770%2C421&ssl=1&resize=700%2C400 2x"},"classes":[]},{"id":80341,"url":"https:\/\/www.shqiperia.com\/blog\/ia-kemi-dhene-janullatosit-por-jo-fan-nolit-absurdi-me-dekoraten-e-larte-gjergj-kastriot-skenderbeu\/","url_meta":{"origin":37686,"position":3},"title":"\u201cIa kemi dh\u00ebn\u00eb Janullatosit, por jo Fan Nolit\u201d. &#8211; Absurdi me dekorat\u00ebn e lart\u00eb \u2018Gjergj Kastriot Sk\u00ebnderbeu\u2019.","author":"Kurt Farka","date":"April 22, 2024","format":false,"excerpt":"22 Prill 2024 Diplomati dhe sociologu Fatos Tarifa e quan \u201cabsurde dhe parodi\u201d at\u00eb q\u00eb ka ndodhur me dekoratat e larta zyrtare t\u00eb shp\u00ebrndara nga shteti shqiptar vitet e fundit. N\u00eb nj\u00eb artikull, publikuar n\u00eb gazet\u00ebn DITA, profesor Tarifa ve n\u00eb dukje ve\u00e7an\u00ebrisht abuzimin me dekorat\u00ebn e lart\u00eb t\u00eb Republik\u00ebs\u2026","rel":"","context":"In &quot;Blogu i Udh\u00ebtarit&quot;","block_context":{"text":"Blogu i Udh\u00ebtarit","link":"https:\/\/www.shqiperia.com\/blog\/category\/blogu-i-udhetarit\/"},"img":{"alt_text":"","src":"https:\/\/i0.wp.com\/www.shqiperia.com\/blog\/wp-content\/uploads\/2024\/04\/Dekorata__Gjergj_Kastrioti_Skenderbeu_-jpg.jpg?fit=1000%2C658&ssl=1&resize=350%2C200","width":350,"height":200,"srcset":"https:\/\/i0.wp.com\/www.shqiperia.com\/blog\/wp-content\/uploads\/2024\/04\/Dekorata__Gjergj_Kastrioti_Skenderbeu_-jpg.jpg?fit=1000%2C658&ssl=1&resize=350%2C200 1x, https:\/\/i0.wp.com\/www.shqiperia.com\/blog\/wp-content\/uploads\/2024\/04\/Dekorata__Gjergj_Kastrioti_Skenderbeu_-jpg.jpg?fit=1000%2C658&ssl=1&resize=525%2C300 1.5x, https:\/\/i0.wp.com\/www.shqiperia.com\/blog\/wp-content\/uploads\/2024\/04\/Dekorata__Gjergj_Kastrioti_Skenderbeu_-jpg.jpg?fit=1000%2C658&ssl=1&resize=700%2C400 2x"},"classes":[]},{"id":76017,"url":"https:\/\/www.shqiperia.com\/blog\/butrinti-auron-tare-ngre-shqetesimin-nga-nje-zone-e-mbrojtur-po-kthehet-ne-nje-zone-me-ndertime-parku-ka-nevoje-per-perkujdesje-jo-investime\/","url_meta":{"origin":37686,"position":4},"title":"\u2018Butrinti\u2019, Auron Tare ngre shqet\u00ebsimin: &#8211; Nga nj\u00eb zon\u00eb e mbrojtur po kthehet n\u00eb nj\u00eb zon\u00eb me nd\u00ebrtime! &#8211; Parku ka nevoj\u00eb p\u00ebr p\u00ebrkujdesje, jo investime","author":"Kurt Farka","date":"December 3, 2023","format":false,"excerpt":"3 Dhjetor 2023 Ish-drejtori i Parkut Komb\u00ebtar t\u00eb Butrintin, Auron Tare tha se forma e menaxhimit q\u00eb ka pasur m\u00eb par\u00eb \u00ebsht\u00eb e duhura. Sipas Tares parku nuk ka nevoj\u00eb p\u00ebr investime t\u00eb m\u00ebdha, pasi vet parku nxjerr rreth 2 mln euro n\u00eb vit. M\u00eb tej, Tare u shpreh se\u2026","rel":"","context":"In &quot;Blogu i Udh\u00ebtarit&quot;","block_context":{"text":"Blogu i Udh\u00ebtarit","link":"https:\/\/www.shqiperia.com\/blog\/category\/blogu-i-udhetarit\/"},"img":{"alt_text":"","src":"https:\/\/i0.wp.com\/www.shqiperia.com\/blog\/wp-content\/uploads\/2023\/12\/Albania-Butrint-Ancient-Theater-5.jpg?fit=900%2C506&ssl=1&resize=350%2C200","width":350,"height":200,"srcset":"https:\/\/i0.wp.com\/www.shqiperia.com\/blog\/wp-content\/uploads\/2023\/12\/Albania-Butrint-Ancient-Theater-5.jpg?fit=900%2C506&ssl=1&resize=350%2C200 1x, https:\/\/i0.wp.com\/www.shqiperia.com\/blog\/wp-content\/uploads\/2023\/12\/Albania-Butrint-Ancient-Theater-5.jpg?fit=900%2C506&ssl=1&resize=525%2C300 1.5x, https:\/\/i0.wp.com\/www.shqiperia.com\/blog\/wp-content\/uploads\/2023\/12\/Albania-Butrint-Ancient-Theater-5.jpg?fit=900%2C506&ssl=1&resize=700%2C400 2x"},"classes":[]},{"id":83084,"url":"https:\/\/www.shqiperia.com\/blog\/zgjedhjet-ne-himare-historiani-zbulon-detajet-tre-mije-veta-do-te-nisen-me-autobuse-nga-athina-ne-oren-10-te-nates\/","url_meta":{"origin":37686,"position":5},"title":"Zgjedhjet n\u00eb Himar\u00eb\/ Historiani zbulon detajet: &#8211; Tre mij\u00eb veta do t\u00eb nisen me autobus\u00eb nga Athina n\u00eb or\u00ebn 10 t\u00eb nat\u00ebs","author":"Kurt Farka","date":"July 26, 2024","format":false,"excerpt":"26 Korrik 2024 Historiani Arben Llalla ka th\u00ebn\u00eb se tre mij\u00eb persona do t\u00eb nisen me autobus\u00eb nga Athina n\u00eb or\u00ebn 10 t\u00eb nat\u00ebs. N\u00eb nj\u00eb lidhje me Skype p\u00ebr emisionin \u201c360 Grad\u00eb\u201d, ai deklaroi se k\u00ebta persona do t\u00eb vijn\u00eb p\u00ebr t\u00eb votuar p\u00ebr zgjedhjet e pjesshme p\u00ebr Kryetar\u2026","rel":"","context":"In &quot;Blogu i Udh\u00ebtarit&quot;","block_context":{"text":"Blogu i Udh\u00ebtarit","link":"https:\/\/www.shqiperia.com\/blog\/category\/blogu-i-udhetarit\/"},"img":{"alt_text":"","src":"https:\/\/i0.wp.com\/www.shqiperia.com\/blog\/wp-content\/uploads\/2024\/07\/himara-beach-2-768x512-3.jpg?fit=768%2C512&ssl=1&resize=350%2C200","width":350,"height":200,"srcset":"https:\/\/i0.wp.com\/www.shqiperia.com\/blog\/wp-content\/uploads\/2024\/07\/himara-beach-2-768x512-3.jpg?fit=768%2C512&ssl=1&resize=350%2C200 1x, https:\/\/i0.wp.com\/www.shqiperia.com\/blog\/wp-content\/uploads\/2024\/07\/himara-beach-2-768x512-3.jpg?fit=768%2C512&ssl=1&resize=525%2C300 1.5x, https:\/\/i0.wp.com\/www.shqiperia.com\/blog\/wp-content\/uploads\/2024\/07\/himara-beach-2-768x512-3.jpg?fit=768%2C512&ssl=1&resize=700%2C400 2x"},"classes":[]}],"_links":{"self":[{"href":"https:\/\/www.shqiperia.com\/blog\/wp-json\/wp\/v2\/posts\/37686","targetHints":{"allow":["GET"]}}],"collection":[{"href":"https:\/\/www.shqiperia.com\/blog\/wp-json\/wp\/v2\/posts"}],"about":[{"href":"https:\/\/www.shqiperia.com\/blog\/wp-json\/wp\/v2\/types\/post"}],"author":[{"embeddable":true,"href":"https:\/\/www.shqiperia.com\/blog\/wp-json\/wp\/v2\/users\/9"}],"replies":[{"embeddable":true,"href":"https:\/\/www.shqiperia.com\/blog\/wp-json\/wp\/v2\/comments?post=37686"}],"version-history":[{"count":1,"href":"https:\/\/www.shqiperia.com\/blog\/wp-json\/wp\/v2\/posts\/37686\/revisions"}],"predecessor-version":[{"id":37693,"href":"https:\/\/www.shqiperia.com\/blog\/wp-json\/wp\/v2\/posts\/37686\/revisions\/37693"}],"wp:featuredmedia":[{"embeddable":true,"href":"https:\/\/www.shqiperia.com\/blog\/wp-json\/wp\/v2\/media\/37687"}],"wp:attachment":[{"href":"https:\/\/www.shqiperia.com\/blog\/wp-json\/wp\/v2\/media?parent=37686"}],"wp:term":[{"taxonomy":"category","embeddable":true,"href":"https:\/\/www.shqiperia.com\/blog\/wp-json\/wp\/v2\/categories?post=37686"},{"taxonomy":"post_tag","embeddable":true,"href":"https:\/\/www.shqiperia.com\/blog\/wp-json\/wp\/v2\/tags?post=37686"}],"curies":[{"name":"wp","href":"https:\/\/api.w.org\/{rel}","templated":true}]}}