{"id":37681,"date":"2020-08-25T21:26:53","date_gmt":"2020-08-25T21:26:53","guid":{"rendered":"https:\/\/www.shqiperia.com\/blog\/?p=37681"},"modified":"2020-08-25T21:30:20","modified_gmt":"2020-08-25T21:30:20","slug":"trishtim-i-madh-per-humbjen-e-nje-miku-te-rralle-kostaq-xoxa","status":"publish","type":"post","link":"https:\/\/www.shqiperia.com\/blog\/trishtim-i-madh-per-humbjen-e-nje-miku-te-rralle-kostaq-xoxa\/","title":{"rendered":"Trishtim i madh per humbjen e nje miku te rralle: Kostaq Xoxa"},"content":{"rendered":"<p><img data-recalc-dims=\"1\" loading=\"lazy\" decoding=\"async\" data-attachment-id=\"37682\" data-permalink=\"https:\/\/www.shqiperia.com\/blog\/trishtim-i-madh-per-humbjen-e-nje-miku-te-rralle-kostaq-xoxa\/xoxa-dhe-basha\/\" data-orig-file=\"https:\/\/i0.wp.com\/www.shqiperia.com\/blog\/wp-content\/uploads\/2020\/08\/xoxa-dhe-basha.jpg?fit=441%2C281&amp;ssl=1\" data-orig-size=\"441,281\" data-comments-opened=\"1\" data-image-meta=\"{&quot;aperture&quot;:&quot;0&quot;,&quot;credit&quot;:&quot;&quot;,&quot;camera&quot;:&quot;&quot;,&quot;caption&quot;:&quot;&quot;,&quot;created_timestamp&quot;:&quot;0&quot;,&quot;copyright&quot;:&quot;&quot;,&quot;focal_length&quot;:&quot;0&quot;,&quot;iso&quot;:&quot;0&quot;,&quot;shutter_speed&quot;:&quot;0&quot;,&quot;title&quot;:&quot;&quot;,&quot;orientation&quot;:&quot;0&quot;}\" data-image-title=\"xoxa-dhe-basha\" data-image-description=\"\" data-image-caption=\"\" data-medium-file=\"https:\/\/i0.wp.com\/www.shqiperia.com\/blog\/wp-content\/uploads\/2020\/08\/xoxa-dhe-basha.jpg?fit=300%2C191&amp;ssl=1\" data-large-file=\"https:\/\/i0.wp.com\/www.shqiperia.com\/blog\/wp-content\/uploads\/2020\/08\/xoxa-dhe-basha.jpg?fit=441%2C281&amp;ssl=1\" class=\"alignnone wp-image-37682\" alt=\"\" src=\"https:\/\/i0.wp.com\/www.shqiperia.com\/blog\/wp-content\/uploads\/2020\/08\/xoxa-dhe-basha.jpg?resize=503%2C320&#038;ssl=1\" width=\"503\" height=\"320\" srcset=\"https:\/\/i0.wp.com\/www.shqiperia.com\/blog\/wp-content\/uploads\/2020\/08\/xoxa-dhe-basha.jpg?resize=300%2C191&amp;ssl=1 300w, https:\/\/i0.wp.com\/www.shqiperia.com\/blog\/wp-content\/uploads\/2020\/08\/xoxa-dhe-basha.jpg?resize=400%2C255&amp;ssl=1 400w, https:\/\/i0.wp.com\/www.shqiperia.com\/blog\/wp-content\/uploads\/2020\/08\/xoxa-dhe-basha.jpg?w=441&amp;ssl=1 441w\" sizes=\"auto, (max-width: 503px) 100vw, 503px\" \/><\/p>\n<p>Trishtim i madh per humbjen e nje miku te rralle sic ishte Kostaq Xoxa. Por nuk duhet pyetur si vdiq Kostaqi, por si jetoi ai.<\/p>\n<p>Ai jetoi si nje zotni i vertete, kryelarte, dinjitoz, studjues i pa lodhur, botues e publicist, vlera te cilat i shfaqi ne liri, pas vitit &#8217;90. Ne liri ai u be shembulli i luftetarit te vijes se pare te luftes per permbysjen e diktatures dhe denoncimin e dhunes, terrorit dhe krimit komunist.<\/p>\n<p>Kostaqi ishte nje burre shpirtbardhe i gatshem dhe i pa pertuar te ndihmonte kedo ne shume fusha te dijes.<\/p>\n<p>Me mendjepreftesine e tij karakteristike ai dinte te te orjentonte e ndihmonte ne fushen e historise, gjuhesise, letersise, publicistikes etj.<\/p>\n<p><img data-recalc-dims=\"1\" loading=\"lazy\" decoding=\"async\" data-attachment-id=\"37683\" data-permalink=\"https:\/\/www.shqiperia.com\/blog\/trishtim-i-madh-per-humbjen-e-nje-miku-te-rralle-kostaq-xoxa\/118573387_3197035527010927_2123775592970548034_n\/\" data-orig-file=\"https:\/\/i0.wp.com\/www.shqiperia.com\/blog\/wp-content\/uploads\/2020\/08\/118573387_3197035527010927_2123775592970548034_n.jpg?fit=800%2C902&amp;ssl=1\" data-orig-size=\"800,902\" data-comments-opened=\"1\" data-image-meta=\"{&quot;aperture&quot;:&quot;0&quot;,&quot;credit&quot;:&quot;&quot;,&quot;camera&quot;:&quot;&quot;,&quot;caption&quot;:&quot;&quot;,&quot;created_timestamp&quot;:&quot;0&quot;,&quot;copyright&quot;:&quot;&quot;,&quot;focal_length&quot;:&quot;0&quot;,&quot;iso&quot;:&quot;0&quot;,&quot;shutter_speed&quot;:&quot;0&quot;,&quot;title&quot;:&quot;&quot;,&quot;orientation&quot;:&quot;0&quot;}\" data-image-title=\"118573387_3197035527010927_2123775592970548034_n\" data-image-description=\"\" data-image-caption=\"\" data-medium-file=\"https:\/\/i0.wp.com\/www.shqiperia.com\/blog\/wp-content\/uploads\/2020\/08\/118573387_3197035527010927_2123775592970548034_n.jpg?fit=266%2C300&amp;ssl=1\" data-large-file=\"https:\/\/i0.wp.com\/www.shqiperia.com\/blog\/wp-content\/uploads\/2020\/08\/118573387_3197035527010927_2123775592970548034_n.jpg?fit=800%2C902&amp;ssl=1\" class=\"alignnone wp-image-37683\" alt=\"\" src=\"https:\/\/i0.wp.com\/www.shqiperia.com\/blog\/wp-content\/uploads\/2020\/08\/118573387_3197035527010927_2123775592970548034_n.jpg?resize=514%2C580&#038;ssl=1\" width=\"514\" height=\"580\" srcset=\"https:\/\/i0.wp.com\/www.shqiperia.com\/blog\/wp-content\/uploads\/2020\/08\/118573387_3197035527010927_2123775592970548034_n.jpg?resize=266%2C300&amp;ssl=1 266w, https:\/\/i0.wp.com\/www.shqiperia.com\/blog\/wp-content\/uploads\/2020\/08\/118573387_3197035527010927_2123775592970548034_n.jpg?resize=768%2C866&amp;ssl=1 768w, https:\/\/i0.wp.com\/www.shqiperia.com\/blog\/wp-content\/uploads\/2020\/08\/118573387_3197035527010927_2123775592970548034_n.jpg?resize=450%2C507&amp;ssl=1 450w, https:\/\/i0.wp.com\/www.shqiperia.com\/blog\/wp-content\/uploads\/2020\/08\/118573387_3197035527010927_2123775592970548034_n.jpg?resize=600%2C677&amp;ssl=1 600w, https:\/\/i0.wp.com\/www.shqiperia.com\/blog\/wp-content\/uploads\/2020\/08\/118573387_3197035527010927_2123775592970548034_n.jpg?resize=400%2C451&amp;ssl=1 400w, https:\/\/i0.wp.com\/www.shqiperia.com\/blog\/wp-content\/uploads\/2020\/08\/118573387_3197035527010927_2123775592970548034_n.jpg?w=800&amp;ssl=1 800w\" sizes=\"auto, (max-width: 514px) 100vw, 514px\" \/><\/p>\n<p>Jam krenar qe pata nje mik si Kostaq Xoxa, nje emer te pa harruar e te nderuar<\/p>\n<p>Ngushellime familjes.<\/p>\n<p>Lamtumire miku im i vyer.<\/p>\n<h6><em>Nga: Enver Memishaj &#8211; Lepenica<\/em><\/h6>\n","protected":false},"excerpt":{"rendered":"<p>Trishtim i madh per humbjen e nje miku te rralle sic ishte Kostaq Xoxa. Por nuk duhet pyetur si vdiq Kostaqi, por si jetoi ai. Ai jetoi si nje zotni i vertete, kryelarte, dinjitoz, studjues i pa lodhur, botues e publicist, vlera te cilat i shfaqi ne liri, pas vitit &#8217;90. Ne liri ai u [&hellip;]<\/p>\n","protected":false},"author":9,"featured_media":37682,"comment_status":"open","ping_status":"open","sticky":false,"template":"","format":"standard","meta":{"jetpack_post_was_ever_published":false,"_jetpack_newsletter_access":"","_jetpack_dont_email_post_to_subs":false,"_jetpack_newsletter_tier_id":0,"_jetpack_memberships_contains_paywalled_content":false,"_jetpack_memberships_contains_paid_content":false,"footnotes":"","jetpack_publicize_message":"","jetpack_publicize_feature_enabled":true,"jetpack_social_post_already_shared":true,"jetpack_social_options":{"image_generator_settings":{"template":"highway","default_image_id":0,"font":"","enabled":false},"version":2}},"categories":[27,1,35],"tags":[],"class_list":["post-37681","post","type-post","status-publish","format-standard","has-post-thumbnail","hentry","category-blogu-i-udhetarit","category-njoftime-shtypi","category-shoqerore"],"jetpack_publicize_connections":[],"jetpack_featured_media_url":"https:\/\/i0.wp.com\/www.shqiperia.com\/blog\/wp-content\/uploads\/2020\/08\/xoxa-dhe-basha.jpg?fit=441%2C281&ssl=1","jetpack_sharing_enabled":true,"jetpack_shortlink":"https:\/\/wp.me\/p5Z6wp-9NL","jetpack-related-posts":[{"id":72936,"url":"https:\/\/www.shqiperia.com\/blog\/shuhet-piktori-i-njohur-vangjel-gjikondi-rreqethin-miqte-per-humbjen-e-parakohshme\/","url_meta":{"origin":37681,"position":0},"title":"Shuhet piktori i njohur Vangjel Gjikondi. &#8211; RR\u00cbQETHIN miqt\u00eb p\u00ebr humbjen e parakohshme","author":"Kurt Farka","date":"July 25, 2023","format":false,"excerpt":"25 Korrik 2023 Zemra e piktorit qeparotas Vangjel Gjikondi ka pushuar s\u00eb rrahuri, pas nj\u00eb sulmi kardiak. Miq dhe familjar\u00eb kan\u00eb shprehur ngush\u00ebllimet p\u00ebr humbjen e parakohshme t\u00eb artistit, n\u00eb mosh\u00ebn 65-vje\u00e7are. \"I pabesuesh\u00ebm lajmi p\u00ebr ty miku im Vangjel Gjikondi. Piktori ndryshe ka her\u00eb, jo vet\u00ebm n\u00eb telajo dhe\u2026","rel":"","context":"In &quot;Blogu i Udh\u00ebtarit&quot;","block_context":{"text":"Blogu i Udh\u00ebtarit","link":"https:\/\/www.shqiperia.com\/blog\/category\/blogu-i-udhetarit\/"},"img":{"alt_text":"","src":"https:\/\/i0.wp.com\/www.shqiperia.com\/blog\/wp-content\/uploads\/2023\/07\/Download-2.jpg?fit=780%2C440&ssl=1&resize=350%2C200","width":350,"height":200,"srcset":"https:\/\/i0.wp.com\/www.shqiperia.com\/blog\/wp-content\/uploads\/2023\/07\/Download-2.jpg?fit=780%2C440&ssl=1&resize=350%2C200 1x, https:\/\/i0.wp.com\/www.shqiperia.com\/blog\/wp-content\/uploads\/2023\/07\/Download-2.jpg?fit=780%2C440&ssl=1&resize=525%2C300 1.5x, https:\/\/i0.wp.com\/www.shqiperia.com\/blog\/wp-content\/uploads\/2023\/07\/Download-2.jpg?fit=780%2C440&ssl=1&resize=700%2C400 2x"},"classes":[]},{"id":89613,"url":"https:\/\/www.shqiperia.com\/blog\/bashkepunetor-i-rames-der-standard-cifti-veliaj-xoxa-u-arrestuan-per-korrupsion-nen-hetim-edhe-per-inceneratorin-dhe-5d\/","url_meta":{"origin":37681,"position":1},"title":"&#8216;Bashk\u00ebpun\u00ebtor i Ram\u00ebs&#8217;\/ Der Standard: &#8211; \u00c7ifti Veliaj-Xoxa u arrestuan p\u00ebr korrupsion! &#8211; N\u00ebn hetim edhe p\u00ebr inceneratorin dhe 5D","author":"Kurt Farka","date":"February 16, 2025","format":false,"excerpt":"16 Shkurt 2025 Arrestimi i Kryebashkiakut t\u00eb Tiran\u00ebs, Erion Veliaj, n\u00ebn akuzat p\u00ebr korrupsion dhe pastrim parash ka t\u00ebrhequr v\u00ebmendjen e mediave nd\u00ebrkomb\u00ebtare, duke u raportuar gjer\u00ebsisht nga gazeta prestigjioze si \u201cDer Standard\u201d. Ky zhvillim ka shkaktuar tronditje t\u00eb madhe n\u00eb sken\u00ebn politike shqiptare, nd\u00ebrsa drejt\u00ebsia heton rolin e Veliajt\u00a0n\u00eb\u2026","rel":"","context":"In &quot;Blogu i Udh\u00ebtarit&quot;","block_context":{"text":"Blogu i Udh\u00ebtarit","link":"https:\/\/www.shqiperia.com\/blog\/category\/blogu-i-udhetarit\/"},"img":{"alt_text":"","src":"https:\/\/i0.wp.com\/www.shqiperia.com\/blog\/wp-content\/uploads\/2025\/02\/rama-veliaj-3.jpg?fit=1200%2C749&ssl=1&resize=350%2C200","width":350,"height":200,"srcset":"https:\/\/i0.wp.com\/www.shqiperia.com\/blog\/wp-content\/uploads\/2025\/02\/rama-veliaj-3.jpg?fit=1200%2C749&ssl=1&resize=350%2C200 1x, https:\/\/i0.wp.com\/www.shqiperia.com\/blog\/wp-content\/uploads\/2025\/02\/rama-veliaj-3.jpg?fit=1200%2C749&ssl=1&resize=525%2C300 1.5x, https:\/\/i0.wp.com\/www.shqiperia.com\/blog\/wp-content\/uploads\/2025\/02\/rama-veliaj-3.jpg?fit=1200%2C749&ssl=1&resize=700%2C400 2x, https:\/\/i0.wp.com\/www.shqiperia.com\/blog\/wp-content\/uploads\/2025\/02\/rama-veliaj-3.jpg?fit=1200%2C749&ssl=1&resize=1050%2C600 3x"},"classes":[]},{"id":30254,"url":"https:\/\/www.shqiperia.com\/blog\/dy-burra-zbuluan-thesarin-4-milione-ne-lufte-prej-10-vitesh-mes-tyre\/","url_meta":{"origin":37681,"position":2},"title":"Dy burra zbuluan thesarin 4 milion\u00eb $, n\u00eb luft\u00eb prej 10 vitesh mes tyre","author":"Kurt Farka","date":"January 12, 2020","format":false,"excerpt":"Dy burra zbuluan thesarin 4 milion\u00eb $, n\u00eb luft\u00eb prej 10 vitesh mes tyre Nga Gazeta Telegraf Dy burra, t\u00eb cil\u00ebt zbuluan thesarin anglo-sakson me vler\u00eb\u00a04 milion\u00eb dollar\u00eb\u00a0t\u00eb quajtur \u2018Stema Staffordshire\u2019 luftojn\u00eb prej 10 vitesh midis tyre prej momentit kur kan\u00eb b\u00ebr\u00eb zbulimin e madh. Terry Herbert, 64 vje\u00e7, zbuloi\u2026","rel":"","context":"In &quot;Blogu i Udh\u00ebtarit&quot;","block_context":{"text":"Blogu i Udh\u00ebtarit","link":"https:\/\/www.shqiperia.com\/blog\/category\/blogu-i-udhetarit\/"},"img":{"alt_text":"","src":"https:\/\/i0.wp.com\/www.shqiperia.com\/blog\/wp-content\/uploads\/2020\/01\/auto_15655050-7215241-image-m-38_15622897227291562310399.jpg?fit=900%2C503&ssl=1&resize=350%2C200","width":350,"height":200,"srcset":"https:\/\/i0.wp.com\/www.shqiperia.com\/blog\/wp-content\/uploads\/2020\/01\/auto_15655050-7215241-image-m-38_15622897227291562310399.jpg?fit=900%2C503&ssl=1&resize=350%2C200 1x, https:\/\/i0.wp.com\/www.shqiperia.com\/blog\/wp-content\/uploads\/2020\/01\/auto_15655050-7215241-image-m-38_15622897227291562310399.jpg?fit=900%2C503&ssl=1&resize=525%2C300 1.5x, https:\/\/i0.wp.com\/www.shqiperia.com\/blog\/wp-content\/uploads\/2020\/01\/auto_15655050-7215241-image-m-38_15622897227291562310399.jpg?fit=900%2C503&ssl=1&resize=700%2C400 2x"},"classes":[]},{"id":98121,"url":"https:\/\/www.shqiperia.com\/blog\/eshte-ndare-nga-jeta-prof-kahreman-ulqini\/","url_meta":{"origin":37681,"position":3},"title":"Eshte ndare nga jeta Prof. Kahreman Ulqini","author":"Kurt Farka","date":"March 3, 2026","format":false,"excerpt":"3 Mars 2026 Prof. Kahreman Ulqini, historian dhe etnolog i shquar, nje nga figurat me te respektuara te studimeve albanologjike ne Shqiperi. Universiteti i Shkodres \u201cLuigj Gurakuqi\u201d ka shprehur ngushellimet e tij permes nje statusi publik, duke nderuar kontributin dhe figuren e profesorit te ndjere. Universiteti i Shkodr\u00ebs Luigj Gurakuqi\u2026","rel":"","context":"In &quot;Njoftime Shtypi&quot;","block_context":{"text":"Njoftime Shtypi","link":"https:\/\/www.shqiperia.com\/blog\/category\/njoftime-shtypi\/"},"img":{"alt_text":"","src":"https:\/\/i0.wp.com\/www.shqiperia.com\/blog\/wp-content\/uploads\/2026\/03\/Kahreman-Ulqini.jpg?fit=1080%2C727&ssl=1&resize=350%2C200","width":350,"height":200,"srcset":"https:\/\/i0.wp.com\/www.shqiperia.com\/blog\/wp-content\/uploads\/2026\/03\/Kahreman-Ulqini.jpg?fit=1080%2C727&ssl=1&resize=350%2C200 1x, https:\/\/i0.wp.com\/www.shqiperia.com\/blog\/wp-content\/uploads\/2026\/03\/Kahreman-Ulqini.jpg?fit=1080%2C727&ssl=1&resize=525%2C300 1.5x, https:\/\/i0.wp.com\/www.shqiperia.com\/blog\/wp-content\/uploads\/2026\/03\/Kahreman-Ulqini.jpg?fit=1080%2C727&ssl=1&resize=700%2C400 2x, https:\/\/i0.wp.com\/www.shqiperia.com\/blog\/wp-content\/uploads\/2026\/03\/Kahreman-Ulqini.jpg?fit=1080%2C727&ssl=1&resize=1050%2C600 3x"},"classes":[]},{"id":60336,"url":"https:\/\/www.shqiperia.com\/blog\/shtate-mumjet-e-famshme-dhe-sekretet-qe-na-kane-zbuluar-per-boten-e-lashte\/","url_meta":{"origin":37681,"position":4},"title":"Shtat\u00eb mumjet e famshme, dhe sekretet q\u00eb na kan\u00eb zbuluar p\u00ebr bot\u00ebn e lasht\u00eb","author":"Kurt Farka","date":"July 31, 2022","format":false,"excerpt":"Korrik 2022 Njer\u00ebzit kan\u00eb besuar prej koh\u00ebsh tek vazhdimi i jet\u00ebs edhe pas vdekjes fizike. P\u00ebr shembull egjiptian\u00ebt e lasht\u00eb, jan\u00eb t\u00eb famsh\u00ebm p\u00ebr ritualet e tyre t\u00eb sofistikuara t\u00eb funeraleve dhe besimin mbi jet\u00ebn e p\u00ebrtejme. Por praktika e ruajtjes s\u00eb q\u00ebllimshme t\u00eb trupave, shtrihet ndoshta 3500 vjet m\u00eb\u2026","rel":"","context":"In &quot;Histori&quot;","block_context":{"text":"Histori","link":"https:\/\/www.shqiperia.com\/blog\/category\/histori\/"},"img":{"alt_text":"","src":"https:\/\/i0.wp.com\/www.shqiperia.com\/blog\/wp-content\/uploads\/2022\/07\/Shtate-mumjet-e-famshme-dhe-sekretet-qe-na-kane-zbuluar-per-boten-e-lashte.jpeg?fit=640%2C380&ssl=1&resize=350%2C200","width":350,"height":200,"srcset":"https:\/\/i0.wp.com\/www.shqiperia.com\/blog\/wp-content\/uploads\/2022\/07\/Shtate-mumjet-e-famshme-dhe-sekretet-qe-na-kane-zbuluar-per-boten-e-lashte.jpeg?fit=640%2C380&ssl=1&resize=350%2C200 1x, https:\/\/i0.wp.com\/www.shqiperia.com\/blog\/wp-content\/uploads\/2022\/07\/Shtate-mumjet-e-famshme-dhe-sekretet-qe-na-kane-zbuluar-per-boten-e-lashte.jpeg?fit=640%2C380&ssl=1&resize=525%2C300 1.5x"},"classes":[]},{"id":93324,"url":"https:\/\/www.shqiperia.com\/blog\/zbulohen-na-marok-fosilet-e-nje-dinosauri-te-rralle-i-cili-kishte-gjemba-nje-meter-te-gjate-qe-dilnin-nga-qafa-e-tij\/","url_meta":{"origin":37681,"position":5},"title":"Zbulohen na Marok fosilet e nj\u00eb dinosauri t\u00eb rrall\u00eb, i cili kishte gjemba nj\u00eb met\u00ebr t\u00eb gjat\u00eb q\u00eb dilnin nga qafa e tij.","author":"Kurt Farka","date":"August 28, 2025","format":false,"excerpt":"28 Gusht 2025 Shkenc\u00ebtar\u00ebt kan\u00eb zbuluar n\u00eb Marok, fosilet e nj\u00eb dinosauri t\u00eb rrall\u00eb, i cili kishte gjemba nj\u00eb met\u00ebr t\u00eb gjat\u00eb q\u00eb dilnin nga qafa e tij. Studiesit me humor e kan\u00eb cil\u00ebsuar si \u201cPunk Rroker\u201d t\u00eb periudh\u00ebs xhurasike Shkenc\u00ebtar\u00ebt zbuluan nj\u00eb dinozaur t\u00eb ve\u00e7ant\u00eb n\u00eb Marok, me thumba\u2026","rel":"","context":"In &quot;Blogu i Udh\u00ebtarit&quot;","block_context":{"text":"Blogu i Udh\u00ebtarit","link":"https:\/\/www.shqiperia.com\/blog\/category\/blogu-i-udhetarit\/"},"img":{"alt_text":"","src":"https:\/\/i0.wp.com\/www.shqiperia.com\/blog\/wp-content\/uploads\/2025\/08\/640-0-spicomellus-1756384721.jpg?fit=640%2C360&ssl=1&resize=350%2C200","width":350,"height":200,"srcset":"https:\/\/i0.wp.com\/www.shqiperia.com\/blog\/wp-content\/uploads\/2025\/08\/640-0-spicomellus-1756384721.jpg?fit=640%2C360&ssl=1&resize=350%2C200 1x, https:\/\/i0.wp.com\/www.shqiperia.com\/blog\/wp-content\/uploads\/2025\/08\/640-0-spicomellus-1756384721.jpg?fit=640%2C360&ssl=1&resize=525%2C300 1.5x"},"classes":[]}],"_links":{"self":[{"href":"https:\/\/www.shqiperia.com\/blog\/wp-json\/wp\/v2\/posts\/37681","targetHints":{"allow":["GET"]}}],"collection":[{"href":"https:\/\/www.shqiperia.com\/blog\/wp-json\/wp\/v2\/posts"}],"about":[{"href":"https:\/\/www.shqiperia.com\/blog\/wp-json\/wp\/v2\/types\/post"}],"author":[{"embeddable":true,"href":"https:\/\/www.shqiperia.com\/blog\/wp-json\/wp\/v2\/users\/9"}],"replies":[{"embeddable":true,"href":"https:\/\/www.shqiperia.com\/blog\/wp-json\/wp\/v2\/comments?post=37681"}],"version-history":[{"count":2,"href":"https:\/\/www.shqiperia.com\/blog\/wp-json\/wp\/v2\/posts\/37681\/revisions"}],"predecessor-version":[{"id":37685,"href":"https:\/\/www.shqiperia.com\/blog\/wp-json\/wp\/v2\/posts\/37681\/revisions\/37685"}],"wp:featuredmedia":[{"embeddable":true,"href":"https:\/\/www.shqiperia.com\/blog\/wp-json\/wp\/v2\/media\/37682"}],"wp:attachment":[{"href":"https:\/\/www.shqiperia.com\/blog\/wp-json\/wp\/v2\/media?parent=37681"}],"wp:term":[{"taxonomy":"category","embeddable":true,"href":"https:\/\/www.shqiperia.com\/blog\/wp-json\/wp\/v2\/categories?post=37681"},{"taxonomy":"post_tag","embeddable":true,"href":"https:\/\/www.shqiperia.com\/blog\/wp-json\/wp\/v2\/tags?post=37681"}],"curies":[{"name":"wp","href":"https:\/\/api.w.org\/{rel}","templated":true}]}}