{"id":37673,"date":"2020-08-25T18:23:59","date_gmt":"2020-08-25T18:23:59","guid":{"rendered":"https:\/\/www.shqiperia.com\/blog\/?p=37673"},"modified":"2020-08-25T18:23:59","modified_gmt":"2020-08-25T18:23:59","slug":"zbardhet-e-mail-i-pd-se-derguar-kandidateve-per-deputet-i-shkon-dhe-jozefina-topallit","status":"publish","type":"post","link":"https:\/\/www.shqiperia.com\/blog\/zbardhet-e-mail-i-pd-se-derguar-kandidateve-per-deputet-i-shkon-dhe-jozefina-topallit\/","title":{"rendered":"Zbardhet e-mail i PD-s\u00eb d\u00ebrguar kandidat\u00ebve p\u00ebr deputet, i shkon dhe Jozefina Topallit"},"content":{"rendered":"<p><img data-recalc-dims=\"1\" loading=\"lazy\" decoding=\"async\" data-attachment-id=\"37674\" data-permalink=\"https:\/\/www.shqiperia.com\/blog\/zbardhet-e-mail-i-pd-se-derguar-kandidateve-per-deputet-i-shkon-dhe-jozefina-topallit\/640-0-5f454cd54a4d2\/\" data-orig-file=\"https:\/\/i0.wp.com\/www.shqiperia.com\/blog\/wp-content\/uploads\/2020\/08\/640-0-5f454cd54a4d2.jpg?fit=640%2C347&amp;ssl=1\" data-orig-size=\"640,347\" data-comments-opened=\"1\" data-image-meta=\"{&quot;aperture&quot;:&quot;0&quot;,&quot;credit&quot;:&quot;&quot;,&quot;camera&quot;:&quot;&quot;,&quot;caption&quot;:&quot;&quot;,&quot;created_timestamp&quot;:&quot;0&quot;,&quot;copyright&quot;:&quot;&quot;,&quot;focal_length&quot;:&quot;0&quot;,&quot;iso&quot;:&quot;0&quot;,&quot;shutter_speed&quot;:&quot;0&quot;,&quot;title&quot;:&quot;&quot;,&quot;orientation&quot;:&quot;0&quot;}\" data-image-title=\"-640-0-5f454cd54a4d2\" data-image-description=\"\" data-image-caption=\"\" data-medium-file=\"https:\/\/i0.wp.com\/www.shqiperia.com\/blog\/wp-content\/uploads\/2020\/08\/640-0-5f454cd54a4d2.jpg?fit=300%2C163&amp;ssl=1\" data-large-file=\"https:\/\/i0.wp.com\/www.shqiperia.com\/blog\/wp-content\/uploads\/2020\/08\/640-0-5f454cd54a4d2.jpg?fit=640%2C347&amp;ssl=1\" class=\"alignnone  wp-image-37674\" alt=\"\" src=\"https:\/\/i0.wp.com\/www.shqiperia.com\/blog\/wp-content\/uploads\/2020\/08\/640-0-5f454cd54a4d2.jpg?resize=537%2C292&#038;ssl=1\" width=\"537\" height=\"292\" srcset=\"https:\/\/i0.wp.com\/www.shqiperia.com\/blog\/wp-content\/uploads\/2020\/08\/640-0-5f454cd54a4d2.jpg?resize=300%2C163&amp;ssl=1 300w, https:\/\/i0.wp.com\/www.shqiperia.com\/blog\/wp-content\/uploads\/2020\/08\/640-0-5f454cd54a4d2.jpg?resize=450%2C244&amp;ssl=1 450w, https:\/\/i0.wp.com\/www.shqiperia.com\/blog\/wp-content\/uploads\/2020\/08\/640-0-5f454cd54a4d2.jpg?resize=600%2C325&amp;ssl=1 600w, https:\/\/i0.wp.com\/www.shqiperia.com\/blog\/wp-content\/uploads\/2020\/08\/640-0-5f454cd54a4d2.jpg?resize=400%2C217&amp;ssl=1 400w, https:\/\/i0.wp.com\/www.shqiperia.com\/blog\/wp-content\/uploads\/2020\/08\/640-0-5f454cd54a4d2.jpg?w=640&amp;ssl=1 640w\" sizes=\"auto, (max-width: 537px) 100vw, 537px\" \/><\/p>\n<p>Zbardhet e-mail i PD-s\u00eb d\u00ebrguar kandidat\u00ebve p\u00ebr deputet, i shkon dhe Jozefina Topallit<\/p>\n<p>25 GUSHT 2020<\/p>\n<p>Nj\u00eb e-mail ka mb\u00ebrritur n\u00eb post\u00ebn elektronike t\u00eb kandidat\u00ebve t\u00eb cil\u00ebt\u00a0\u00a0aspirojn\u00eb apo jan\u00eb propozuar nga baza p\u00ebr tu b\u00ebr\u00eb\u00a0\u00a0deputet\u00a0\u00a0t\u00eb Partis\u00eb Demokratike n\u00eb zgjedhjet e ardhshme.<\/p>\n<p>Kandidat\u00ebt e mundsh\u00ebm njoftohen nga selia blu se kan\u00eb kaluar faz\u00ebn e par\u00eb t\u00eb procesit\u00a0\u00a0t\u00eb p\u00ebrzgjedhjes dhe se duhet t\u00eb plot\u00ebsojn\u00eb formularin e vet\u00ebdeklarimit me t\u00eb dh\u00ebna personale mbi pasurin\u00eb, vendimet e form\u00ebs s\u00eb prere brenda dhe jasht\u00eb vendit n\u00ebse kan\u00eb, identitetin e personave te rrethit shoq\u00ebror t\u00eb cil\u00ebt i njohin me mire,\u00a0\u00a0t\u00eb japin informacion mbi sh\u00ebndetin e tyre mendor dhe emocional\u00a0\u00a0apo probleme me alkoolin dhe drog\u00ebn.<br \/>\nNj\u00eb e-mail i till\u00eb, m\u00ebsohet se ka mb\u00ebrritur edhe ne post\u00ebn elektronike te Jozefina Topallit, kritikes m\u00eb t\u00eb fort\u00eb t\u00eb Lulzim Bash\u00ebs, por\u00a0\u00a0burime nga selia blu b\u00ebjn\u00eb me dije p\u00ebr Top Channel\u00a0\u00a0se\u00a0 ish-n\u00ebnkryetarja demokrate\u00a0deri tani nuk ka kthyer asnj\u00eb p\u00ebrgjigje p\u00ebrmes post\u00ebs elektronike.<\/p>\n<p>Kandidat\u00ebt e mundsh\u00ebm p\u00ebr deputet\u00a0\u00a0t\u00eb cilat kan\u00eb kaluar faz\u00ebn e par\u00eb kan\u00eb 5 dit\u00eb koh\u00eb p\u00ebr t\u00eb plot\u00ebsuar dokumentin i cili i\u00a0\u00a0ka mb\u00ebrritur nga selia blu.<\/p>\n<p>Nes\u00ebr ky afat skadon p\u00ebr ta, nd\u00ebrkoh\u00eb\u00a0\u00a0udh\u00ebzimi i firmosur nga\u00a0\u00a0lidershipi demokrat\u00a0\u00a0parashikon se mosdor\u00ebzimi n\u00eb koh\u00eb i formularit t\u00eb vet\u00ebdeklarimit\u00a0\u00a0do t\u00eb n\u00ebnkuptoj\u00eb heqje dor\u00eb\u00a0\u00a0nga gara duke prodhuar edhe automatikisht skualifikim t\u00eb\u00a0\u00a0emrave nga lista e kandidat\u00ebve te mundsh\u00ebm\u00a0\u00a0p\u00ebr deputet\u00ebt t\u00eb cil\u00ebt vijojn\u00eb faz\u00ebn e dyt\u00eb.<\/p>\n<p>Nga detyrimi\u00a0\u00a0p\u00ebr t\u00eb plot\u00ebsuar formularin e vet\u00ebdeklarimit p\u00ebrjashtohet ata\u00a0\u00a0kandidat\u00eb t\u00eb cil\u00ebt\u00a0\u00a0kan\u00eb pasur mandat p\u00ebrfaq\u00ebsimi politik t\u00eb Partis\u00eb Demokratike si deputet apo kryetar bashkie dhe e kan\u00eb shlyer detyrimin me vet\u00ebdeklarimit pran\u00eb organet\u00a0\u00a0shtet\u00ebrore vitet e fundit.<\/p>\n<p>Burime nga selia blu, konfirmojn\u00eb se n\u00eb Tiran\u00eb dhe Vlor\u00eb\u00a0\u00a0nuk \u00ebsht\u00eb p\u00ebrmbyll ende faza e filtrimit te kandidat\u00ebve nd\u00ebrkoh\u00eb parashikohet q\u00eb brenda dit\u00ebs s\u00eb\u00a0\u00a0nes\u00ebrme t\u00eb p\u00ebrmbyllet puna dhe t\u00eb b\u00ebhet njoftimi i\u00a0\u00a0emrave te cil\u00ebt kan\u00eb kaluar faz\u00ebn e par\u00eb n\u00eb k\u00ebto dy qarqe.<\/p>\n<p>Gazeta Sot<\/p>\n","protected":false},"excerpt":{"rendered":"<p>Zbardhet e-mail i PD-s\u00eb d\u00ebrguar kandidat\u00ebve p\u00ebr deputet, i shkon dhe Jozefina Topallit 25 GUSHT 2020 Nj\u00eb e-mail ka mb\u00ebrritur n\u00eb post\u00ebn elektronike t\u00eb kandidat\u00ebve t\u00eb cil\u00ebt\u00a0\u00a0aspirojn\u00eb apo jan\u00eb propozuar nga baza p\u00ebr tu b\u00ebr\u00eb\u00a0\u00a0deputet\u00a0\u00a0t\u00eb Partis\u00eb Demokratike n\u00eb zgjedhjet e ardhshme. Kandidat\u00ebt e mundsh\u00ebm njoftohen nga selia blu se kan\u00eb kaluar faz\u00ebn e par\u00eb t\u00eb [&hellip;]<\/p>\n","protected":false},"author":9,"featured_media":37674,"comment_status":"open","ping_status":"open","sticky":false,"template":"","format":"standard","meta":{"jetpack_post_was_ever_published":false,"_jetpack_newsletter_access":"","_jetpack_dont_email_post_to_subs":false,"_jetpack_newsletter_tier_id":0,"_jetpack_memberships_contains_paywalled_content":false,"_jetpack_memberships_contains_paid_content":false,"footnotes":"","jetpack_publicize_message":"","jetpack_publicize_feature_enabled":true,"jetpack_social_post_already_shared":true,"jetpack_social_options":{"image_generator_settings":{"template":"highway","default_image_id":0,"font":"","enabled":false},"version":2}},"categories":[27,2],"tags":[],"class_list":["post-37673","post","type-post","status-publish","format-standard","has-post-thumbnail","hentry","category-blogu-i-udhetarit","category-politika"],"jetpack_publicize_connections":[],"jetpack_featured_media_url":"https:\/\/i0.wp.com\/www.shqiperia.com\/blog\/wp-content\/uploads\/2020\/08\/640-0-5f454cd54a4d2.jpg?fit=640%2C347&ssl=1","jetpack_sharing_enabled":true,"jetpack_shortlink":"https:\/\/wp.me\/p5Z6wp-9ND","jetpack-related-posts":[{"id":57383,"url":"https:\/\/www.shqiperia.com\/blog\/basha-e-largoi-nga-politika-rikthehet-jozefina-topalli-neser-mban-fjalim-ne-kuvendin-e-pd-se\/","url_meta":{"origin":37673,"position":0},"title":"Basha e largoi nga politika. &#8211; Rikthehet Jozefina Topalli, nes\u00ebr mban fjalim n\u00eb kuvendin e PD-se","author":"Kurt Farka","date":"April 29, 2022","format":false,"excerpt":"Basha e largoi nga politika. - Rikthehet Jozefina Topalli, nes\u00ebr mban fjalim n\u00eb kuvendin e PD-se 29 PRILL 2022 Partia Demokratike do t\u00eb mbledh\u00eb dit\u00ebn e nes\u00ebrme Kuvendin Komb\u00ebtar, nd\u00ebrsa do t\u00eb votohet p\u00ebr an\u00ebtar\u00ebt e rinj t\u00eb K\u00ebshillit Komb\u00ebtar. Nd\u00ebr emrat e shumt\u00eb q\u00eb do t\u00eb mbajn\u00eb fjal\u00ebn n\u00eb\u2026","rel":"","context":"In &quot;Blogu i Udh\u00ebtarit&quot;","block_context":{"text":"Blogu i Udh\u00ebtarit","link":"https:\/\/www.shqiperia.com\/blog\/category\/blogu-i-udhetarit\/"},"img":{"alt_text":"","src":"https:\/\/i0.wp.com\/www.shqiperia.com\/blog\/wp-content\/uploads\/2022\/04\/Jozefina-Topalli.jpeg?fit=612%2C363&ssl=1&resize=350%2C200","width":350,"height":200,"srcset":"https:\/\/i0.wp.com\/www.shqiperia.com\/blog\/wp-content\/uploads\/2022\/04\/Jozefina-Topalli.jpeg?fit=612%2C363&ssl=1&resize=350%2C200 1x, https:\/\/i0.wp.com\/www.shqiperia.com\/blog\/wp-content\/uploads\/2022\/04\/Jozefina-Topalli.jpeg?fit=612%2C363&ssl=1&resize=525%2C300 1.5x"},"classes":[]},{"id":91142,"url":"https:\/\/www.shqiperia.com\/blog\/britaniket-kerkojne-nga-spak-dhe-kqz-verifikimin-e-kandidateve-per-deputet-per-te-kaluaren-kriminale-liste-me\/","url_meta":{"origin":37673,"position":1},"title":"Britanik\u00ebt k\u00ebrkojn\u00eb nga SPAK dhe KQZ verifikimin e kandidat\u00ebve p\u00ebr deputet p\u00ebr t\u00eb kaluar\u00ebn kriminale, list\u00eb me\u2026","author":"Kurt Farka","date":"April 7, 2025","format":false,"excerpt":"7 Prill 2025 Teksa nj\u00eb muaj e pak dit\u00eb na ndan nga zgjedhjet e 11 majit,\u00a0nj\u00eb furtun\u00eb duket se po p\u00ebrfshin sken\u00ebn politike shqiptare, ku m\u00ebsohet se autoritetet britanike i kan\u00eb k\u00ebrkuar zyrtarisht SPAK dhe KQZ-s\u00eb verifikimin e plot\u00eb t\u00eb kandidat\u00ebve p\u00ebr deputet\u00eb, p\u00ebr t\u00eb kaluar\u00ebn e tyre kriminale. N\u00eb\u2026","rel":"","context":"In &quot;Blogu i Udh\u00ebtarit&quot;","block_context":{"text":"Blogu i Udh\u00ebtarit","link":"https:\/\/www.shqiperia.com\/blog\/category\/blogu-i-udhetarit\/"},"img":{"alt_text":"","src":"https:\/\/i0.wp.com\/www.shqiperia.com\/blog\/wp-content\/uploads\/2025\/04\/foto-faqe-2-2.webp?fit=1170%2C658&ssl=1&resize=350%2C200","width":350,"height":200,"srcset":"https:\/\/i0.wp.com\/www.shqiperia.com\/blog\/wp-content\/uploads\/2025\/04\/foto-faqe-2-2.webp?fit=1170%2C658&ssl=1&resize=350%2C200 1x, https:\/\/i0.wp.com\/www.shqiperia.com\/blog\/wp-content\/uploads\/2025\/04\/foto-faqe-2-2.webp?fit=1170%2C658&ssl=1&resize=525%2C300 1.5x, https:\/\/i0.wp.com\/www.shqiperia.com\/blog\/wp-content\/uploads\/2025\/04\/foto-faqe-2-2.webp?fit=1170%2C658&ssl=1&resize=700%2C400 2x, https:\/\/i0.wp.com\/www.shqiperia.com\/blog\/wp-content\/uploads\/2025\/04\/foto-faqe-2-2.webp?fit=1170%2C658&ssl=1&resize=1050%2C600 3x"},"classes":[]},{"id":88452,"url":"https:\/\/www.shqiperia.com\/blog\/jozefina-topalli-diaspora-faktor-kyc-per-rotacionin-ne-10-vitet-e-fundit-jane-larguar-1-milion-shqiptare\/","url_meta":{"origin":37673,"position":2},"title":"Jozefina Topalli: &#8211; Diaspora, faktor ky\u00e7 p\u00ebr rotacionin. &#8211; \u201cN\u00eb 10 vitet e fundit jan\u00eb larguar 1 milion shqiptar\u00eb\u201d","author":"Kurt Farka","date":"January 15, 2025","format":false,"excerpt":"15 Janar 2025 Largimi i mbi 1 milion\u00eb shqiptar\u00ebve n\u00eb 10 vitet e fundit nga Shqip\u00ebria, p\u00ebr drejtuesen politike t\u00eb PD-s\u00eb, Jozefina Topalli, \u00ebsht\u00eb nj\u00eb alarm. Sipas saj, Diaspora e k\u00ebsaj dekade, duhet t\u2019i jap\u00eb nj\u00eb p\u00ebrgjigje t\u00eb fort\u00eb me vot\u00eb qeverisjes socialiste, p\u00ebr t\u00eb garantuar rotacionin politik. \u201cEmigrant\u00ebt duhet\u2026","rel":"","context":"In &quot;Blogu i Udh\u00ebtarit&quot;","block_context":{"text":"Blogu i Udh\u00ebtarit","link":"https:\/\/www.shqiperia.com\/blog\/category\/blogu-i-udhetarit\/"},"img":{"alt_text":"","src":"https:\/\/i0.wp.com\/www.shqiperia.com\/blog\/wp-content\/uploads\/2025\/01\/jozefina.jpg?fit=1200%2C720&ssl=1&resize=350%2C200","width":350,"height":200,"srcset":"https:\/\/i0.wp.com\/www.shqiperia.com\/blog\/wp-content\/uploads\/2025\/01\/jozefina.jpg?fit=1200%2C720&ssl=1&resize=350%2C200 1x, https:\/\/i0.wp.com\/www.shqiperia.com\/blog\/wp-content\/uploads\/2025\/01\/jozefina.jpg?fit=1200%2C720&ssl=1&resize=525%2C300 1.5x, https:\/\/i0.wp.com\/www.shqiperia.com\/blog\/wp-content\/uploads\/2025\/01\/jozefina.jpg?fit=1200%2C720&ssl=1&resize=700%2C400 2x, https:\/\/i0.wp.com\/www.shqiperia.com\/blog\/wp-content\/uploads\/2025\/01\/jozefina.jpg?fit=1200%2C720&ssl=1&resize=1050%2C600 3x"},"classes":[]},{"id":39590,"url":"https:\/\/www.shqiperia.com\/blog\/u-konfirmuar-zyrtarisht-si-kandidat-per-deputet-ne-listat-e-pd-reagon-ish-shefi-erzen-brecani-dhe-ben-premtimin-e-madh-nje-rezultat-befasues-qe-me-emocionoi-shume\/","url_meta":{"origin":37673,"position":3},"title":"U konfirmuar zyrtarisht si kandidat p\u00ebr deputet n\u00eb listat e PD, reagon ish-shefi Erzen Bre\u00e7ani dhe b\u00ebn premtimin e madh: Nj\u00eb rezultat befasues q\u00eb m\u00eb emocionoi shum\u00eb!","author":"Kurt Farka","date":"October 12, 2020","format":false,"excerpt":"U konfirmuar zyrtarisht si kandidat p\u00ebr deputet n\u00eb listat e PD, reagon ish-shefi Erzen Bre\u00e7ani dhe b\u00ebn premtimin e madh: Nj\u00eb rezultat befasues q\u00eb m\u00eb emocionoi shum\u00eb! 11 TETOR 2020 Pjes\u00eb e list\u00ebt s\u00eb kandidat\u00ebve p\u00ebr deputet q\u00eb u konfirmuar p\u00ebr PD n\u00eb Tiran\u00eb \u00ebsht\u00eb edhe ish-shefi i lart\u00eb i\u2026","rel":"","context":"In &quot;Blogu i Udh\u00ebtarit&quot;","block_context":{"text":"Blogu i Udh\u00ebtarit","link":"https:\/\/www.shqiperia.com\/blog\/category\/blogu-i-udhetarit\/"},"img":{"alt_text":"","src":"https:\/\/i0.wp.com\/www.shqiperia.com\/blog\/wp-content\/uploads\/2020\/10\/800-0-5f8307560c883.jpg?fit=800%2C420&ssl=1&resize=350%2C200","width":350,"height":200,"srcset":"https:\/\/i0.wp.com\/www.shqiperia.com\/blog\/wp-content\/uploads\/2020\/10\/800-0-5f8307560c883.jpg?fit=800%2C420&ssl=1&resize=350%2C200 1x, https:\/\/i0.wp.com\/www.shqiperia.com\/blog\/wp-content\/uploads\/2020\/10\/800-0-5f8307560c883.jpg?fit=800%2C420&ssl=1&resize=525%2C300 1.5x, https:\/\/i0.wp.com\/www.shqiperia.com\/blog\/wp-content\/uploads\/2020\/10\/800-0-5f8307560c883.jpg?fit=800%2C420&ssl=1&resize=700%2C400 2x"},"classes":[]},{"id":36013,"url":"https:\/\/www.shqiperia.com\/blog\/jozefina-topalli-gati-per-te-hyre-ne-listen-murrizi\/","url_meta":{"origin":37673,"position":4},"title":"Jozefina Topalli, gati p\u00ebr t\u00eb hyr\u00eb n\u00eb \u201clist\u00ebn Murrizi\u201d","author":"Kurt Farka","date":"July 3, 2020","format":false,"excerpt":"Jozefina Topalli, gati p\u00ebr t\u00eb hyr\u00eb n\u00eb \u201clist\u00ebn Murrizi\u201d 13 Qershor 2020 GAZETA SHQIP Riaktivizimi i bujsh\u00ebm i Jozefina Topallit n\u00eb dit\u00ebt e fundit dhe deklaratat e koduara t\u00eb saj p\u00ebr \u201clargimin nga sht\u00ebpia e origjin\u00ebs\", kan\u00eb qen\u00eb nj\u00eb indikacion p\u00ebr nj\u00eb rihyrje n\u00eb politik\u00ebn aktive. Por mund\u00ebsit\u00eb q\u00eb ish-kreu\u2026","rel":"","context":"In &quot;Blogu i Udh\u00ebtarit&quot;","block_context":{"text":"Blogu i Udh\u00ebtarit","link":"https:\/\/www.shqiperia.com\/blog\/category\/blogu-i-udhetarit\/"},"img":{"alt_text":"","src":"https:\/\/i0.wp.com\/www.shqiperia.com\/blog\/wp-content\/uploads\/2020\/07\/topalli-murrizi.jpg?fit=1050%2C640&ssl=1&resize=350%2C200","width":350,"height":200,"srcset":"https:\/\/i0.wp.com\/www.shqiperia.com\/blog\/wp-content\/uploads\/2020\/07\/topalli-murrizi.jpg?fit=1050%2C640&ssl=1&resize=350%2C200 1x, https:\/\/i0.wp.com\/www.shqiperia.com\/blog\/wp-content\/uploads\/2020\/07\/topalli-murrizi.jpg?fit=1050%2C640&ssl=1&resize=525%2C300 1.5x, https:\/\/i0.wp.com\/www.shqiperia.com\/blog\/wp-content\/uploads\/2020\/07\/topalli-murrizi.jpg?fit=1050%2C640&ssl=1&resize=700%2C400 2x, https:\/\/i0.wp.com\/www.shqiperia.com\/blog\/wp-content\/uploads\/2020\/07\/topalli-murrizi.jpg?fit=1050%2C640&ssl=1&resize=1050%2C600 3x"},"classes":[]},{"id":34781,"url":"https:\/\/www.shqiperia.com\/blog\/3-4-vete-kane-marre-peng-vendin-jozefina-topalli-ngre-alarmin-dhe-del-me-mesazhin-e-forte-politik\/","url_meta":{"origin":37673,"position":5},"title":"\u201c3-4 vet\u00eb kan\u00eb marr\u00eb peng vendin\u201d, Jozefina Topalli ngre alarmin dhe del me mesazhin e fort\u00eb politik","author":"Kurt Farka","date":"May 19, 2020","format":false,"excerpt":"\u201c3-4 vet\u00eb kan\u00eb marr\u00eb peng vendin\u201d, Jozefina Topalli ngre alarmin dhe del me mesazhin e fort\u00eb politik 18 MAJ 2020 Ish-kryeparlamentarja Jozefina Topalli n\u00ebp\u00ebrmjet nj\u00eb postimi n\u00eb rrjetet sociale ka reaguar p\u00ebr situat\u00ebn ku ndodhet vendi si pasoj\u00eb e koronavirusit. Topalli shkruan se 3-4 vet\u00eb kan\u00eb marr\u00eb peng vendin dhe\u2026","rel":"","context":"In &quot;Blogu i Udh\u00ebtarit&quot;","block_context":{"text":"Blogu i Udh\u00ebtarit","link":"https:\/\/www.shqiperia.com\/blog\/category\/blogu-i-udhetarit\/"},"img":{"alt_text":"","src":"https:\/\/i0.wp.com\/www.shqiperia.com\/blog\/wp-content\/uploads\/2020\/05\/800-0-5ec260f81ad31.jpg?fit=800%2C440&ssl=1&resize=350%2C200","width":350,"height":200,"srcset":"https:\/\/i0.wp.com\/www.shqiperia.com\/blog\/wp-content\/uploads\/2020\/05\/800-0-5ec260f81ad31.jpg?fit=800%2C440&ssl=1&resize=350%2C200 1x, https:\/\/i0.wp.com\/www.shqiperia.com\/blog\/wp-content\/uploads\/2020\/05\/800-0-5ec260f81ad31.jpg?fit=800%2C440&ssl=1&resize=525%2C300 1.5x, https:\/\/i0.wp.com\/www.shqiperia.com\/blog\/wp-content\/uploads\/2020\/05\/800-0-5ec260f81ad31.jpg?fit=800%2C440&ssl=1&resize=700%2C400 2x"},"classes":[]}],"_links":{"self":[{"href":"https:\/\/www.shqiperia.com\/blog\/wp-json\/wp\/v2\/posts\/37673","targetHints":{"allow":["GET"]}}],"collection":[{"href":"https:\/\/www.shqiperia.com\/blog\/wp-json\/wp\/v2\/posts"}],"about":[{"href":"https:\/\/www.shqiperia.com\/blog\/wp-json\/wp\/v2\/types\/post"}],"author":[{"embeddable":true,"href":"https:\/\/www.shqiperia.com\/blog\/wp-json\/wp\/v2\/users\/9"}],"replies":[{"embeddable":true,"href":"https:\/\/www.shqiperia.com\/blog\/wp-json\/wp\/v2\/comments?post=37673"}],"version-history":[{"count":1,"href":"https:\/\/www.shqiperia.com\/blog\/wp-json\/wp\/v2\/posts\/37673\/revisions"}],"predecessor-version":[{"id":37675,"href":"https:\/\/www.shqiperia.com\/blog\/wp-json\/wp\/v2\/posts\/37673\/revisions\/37675"}],"wp:featuredmedia":[{"embeddable":true,"href":"https:\/\/www.shqiperia.com\/blog\/wp-json\/wp\/v2\/media\/37674"}],"wp:attachment":[{"href":"https:\/\/www.shqiperia.com\/blog\/wp-json\/wp\/v2\/media?parent=37673"}],"wp:term":[{"taxonomy":"category","embeddable":true,"href":"https:\/\/www.shqiperia.com\/blog\/wp-json\/wp\/v2\/categories?post=37673"},{"taxonomy":"post_tag","embeddable":true,"href":"https:\/\/www.shqiperia.com\/blog\/wp-json\/wp\/v2\/tags?post=37673"}],"curies":[{"name":"wp","href":"https:\/\/api.w.org\/{rel}","templated":true}]}}