{"id":37670,"date":"2020-08-25T12:13:24","date_gmt":"2020-08-25T12:13:24","guid":{"rendered":"https:\/\/www.shqiperia.com\/blog\/?p=37670"},"modified":"2020-08-25T12:13:39","modified_gmt":"2020-08-25T12:13:39","slug":"kush-po-i-perze-shqiptaret-nga-vendi","status":"publish","type":"post","link":"https:\/\/www.shqiperia.com\/blog\/kush-po-i-perze-shqiptaret-nga-vendi\/","title":{"rendered":"Kush po i p\u00ebrze shqiptar\u00ebt nga vendi!"},"content":{"rendered":"<p><img data-recalc-dims=\"1\" loading=\"lazy\" decoding=\"async\" data-attachment-id=\"37671\" data-permalink=\"https:\/\/www.shqiperia.com\/blog\/kush-po-i-perze-shqiptaret-nga-vendi\/800-0-5ec3e8225a5aa\/\" data-orig-file=\"https:\/\/i0.wp.com\/www.shqiperia.com\/blog\/wp-content\/uploads\/2020\/08\/800-0-5ec3e8225a5aa.jpg?fit=800%2C440&amp;ssl=1\" data-orig-size=\"800,440\" data-comments-opened=\"1\" data-image-meta=\"{&quot;aperture&quot;:&quot;0&quot;,&quot;credit&quot;:&quot;&quot;,&quot;camera&quot;:&quot;&quot;,&quot;caption&quot;:&quot;&quot;,&quot;created_timestamp&quot;:&quot;0&quot;,&quot;copyright&quot;:&quot;&quot;,&quot;focal_length&quot;:&quot;0&quot;,&quot;iso&quot;:&quot;0&quot;,&quot;shutter_speed&quot;:&quot;0&quot;,&quot;title&quot;:&quot;&quot;,&quot;orientation&quot;:&quot;0&quot;}\" data-image-title=\"-800-0-5ec3e8225a5aa\" data-image-description=\"\" data-image-caption=\"\" data-medium-file=\"https:\/\/i0.wp.com\/www.shqiperia.com\/blog\/wp-content\/uploads\/2020\/08\/800-0-5ec3e8225a5aa.jpg?fit=300%2C165&amp;ssl=1\" data-large-file=\"https:\/\/i0.wp.com\/www.shqiperia.com\/blog\/wp-content\/uploads\/2020\/08\/800-0-5ec3e8225a5aa.jpg?fit=800%2C440&amp;ssl=1\" class=\"alignnone wp-image-37671\" alt=\"\" src=\"https:\/\/i0.wp.com\/www.shqiperia.com\/blog\/wp-content\/uploads\/2020\/08\/800-0-5ec3e8225a5aa.jpg?resize=553%2C304&#038;ssl=1\" width=\"553\" height=\"304\" srcset=\"https:\/\/i0.wp.com\/www.shqiperia.com\/blog\/wp-content\/uploads\/2020\/08\/800-0-5ec3e8225a5aa.jpg?resize=300%2C165&amp;ssl=1 300w, https:\/\/i0.wp.com\/www.shqiperia.com\/blog\/wp-content\/uploads\/2020\/08\/800-0-5ec3e8225a5aa.jpg?resize=768%2C422&amp;ssl=1 768w, https:\/\/i0.wp.com\/www.shqiperia.com\/blog\/wp-content\/uploads\/2020\/08\/800-0-5ec3e8225a5aa.jpg?resize=450%2C248&amp;ssl=1 450w, https:\/\/i0.wp.com\/www.shqiperia.com\/blog\/wp-content\/uploads\/2020\/08\/800-0-5ec3e8225a5aa.jpg?resize=600%2C330&amp;ssl=1 600w, https:\/\/i0.wp.com\/www.shqiperia.com\/blog\/wp-content\/uploads\/2020\/08\/800-0-5ec3e8225a5aa.jpg?resize=400%2C220&amp;ssl=1 400w, https:\/\/i0.wp.com\/www.shqiperia.com\/blog\/wp-content\/uploads\/2020\/08\/800-0-5ec3e8225a5aa.jpg?w=800&amp;ssl=1 800w\" sizes=\"auto, (max-width: 553px) 100vw, 553px\" \/><\/p>\n<p>Kush po i p\u00ebrze shqiptar\u00ebt nga vendi!<\/p>\n<p>25 Gusht 2020<\/p>\n<p><strong>Nga Andi Bushati<\/strong><\/p>\n<p>Nj\u00eb artikull alarmant i \u201cThe Economist\u201d p\u00ebr shpopullimin dhe plakjen e Shqip\u00ebris\u00eb, ka ndezur n\u00eb vend debatin m\u00eb meskin dhe sip\u00ebrfaq\u00ebsor q\u00eb mund t\u00eb imagjinohej.<\/p>\n<p>Kund\u00ebrshtar\u00ebt e Edi Ram\u00ebs, argumentojn\u00eb se ardhja e rilindjes n\u00eb pushtet ka p\u00ebrkuar jo krejt rast\u00ebsisht me nj\u00eb val\u00eb t\u00eb re emigracioni dhe b\u00ebjn\u00eb kryeministrin aktual t\u00ebr\u00ebsisht p\u00ebrgjegj\u00ebs, p\u00ebr faktin se sikurse v\u00ebrente bibla e ekonomis\u00eb liberale, Shqip\u00ebria mund t\u00eb tkurret me 26% t\u00eb popullsis\u00eb s\u00eb saj deri n\u00eb vitin 2050.<\/p>\n<p>Nga ana tjet\u00ebr kryq\u00ebtar\u00ebt pro Rama po e relativizojn\u00eb k\u00ebt\u00eb t\u00eb dh\u00ebn\u00eb t\u00eb frikshme duke e p\u00ebrjashtuar krejt\u00ebsisht nga p\u00ebrgjegj\u00ebsia idhullin e tyre dhe duke e paraqitur k\u00ebt\u00eb si nj\u00eb mallkim q\u00eb ka prekur t\u00eb gjith\u00eb Ballkanin Perendimor, madje madje edhe krejt Europ\u00ebn ish komuniste, p\u00ebrfshir\u00eb edhe vende q\u00eb tashm\u00eb jan\u00eb b\u00ebr\u00eb pjestar\u00eb t\u00eb BE-s\u00eb.<\/p>\n<p>N\u00eb fakt, e v\u00ebrteta \u00ebsht\u00eb disi m\u00eb e komplikuar. Ajo \u00ebsht\u00eb nj\u00eb p\u00ebrzierje faktor\u00ebsh ku nd\u00ebrthuret edhe keqqeverisja aktuale edhe fenomeni global. Nga nj\u00ebra an\u00eb \u00ebsht\u00eb e pamohushme se vrasja e shpres\u00ebs pas rr\u00ebzimit t\u00eb regjimit t\u00eb Berish\u00ebs, sjellja e grabit\u00ebsve t\u00eb \u2018nj\u00eb milion shuplakave\u201d, nj\u00ebsoj, madje shpesh edhe m\u00eb keq se pararadh\u00ebsi, i yshti shum\u00eb shqiptar\u00eb t\u00eb b\u00ebnin gati valixhet, duke e l\u00ebn\u00eb atdheun pa kthyer kok\u00ebn mbrapa me shprehjen tashm\u00eb t\u00eb njohur: \u201cky vend nuk b\u00ebhet\u201d. K\u00ebt\u00eb fenomen q\u00eb gjithkush e ka prekur e v\u00ebrtetojn\u00eb n\u00eb m\u00ebnyre dramatike edhe shifrat.<\/p>\n<p>Por nj\u00ebkoh\u00ebsisht shpopullimi i Shqip\u00ebris\u00eb nuk \u00ebsht\u00eb nj\u00eb rast i ve\u00e7uar. Ajo \u00ebsht\u00eb nj\u00eb s\u00ebmundje e gjith\u00eb ish lindjes komuniste, e cila, q\u00eb nga viti \u201890, \u00ebsht\u00eb rajoni me tkurrjen m\u00eb t\u00eb madhe t\u00eb popull\u00ebsis\u00eb n\u00eb t\u00eb gjith\u00eb bot\u00ebn. Kur mendon se n\u00eb k\u00ebto tre dekada, vende q\u00eb tani jan\u00eb b\u00ebr\u00eb pjes\u00eb e Bashkimit Europian kan\u00eb humbur \u00e7erekun e popullsis\u00eb s\u00eb tyre (Letonia 27% \/ Bullgaria 21%), e ke m\u00eb t\u00eb leht\u00eb t\u00eb kuptosh se p\u00ebrmasat e fenomenit nuk kan\u00eb lidhje vet\u00ebm me ne.<\/p>\n<p>N\u00eb nj\u00eb lib\u00ebr fantastik botuar s\u00eb fundi, q\u00eb sejcili q\u00eb do t\u00eb kuptoj\u00eb tranzicionin post komunist duhet ta lexoj\u00eb patjet\u00ebr (\u201cDrita q\u00eb u shua\u2019, botim i Institutit Shqiptar t\u00eb Medias, 1000 lek\u00eb), autor\u00ebt Ivan krastev dhe Stephen Holmes, analizojn\u00eb edhe disa nga arsyet sociale dhe psikologjike t\u00eb k\u00ebtij fenomeni. Ata shpjegojn\u00eb se revolucionet antikomuniste t\u00eb lindjes q\u00eb, pat\u00ebn si baz\u00eb dhe ideal kopjimin e shoq\u00ebrive perendimore, i nxit\u00ebn qytetar\u00ebt e k\u00ebtyre vendeve t\u00eb nxitonin t\u00eb rendnin drejt tok\u00ebs s\u00eb \u00ebnd\u00ebrruar.<\/p>\n<p>Ata v\u00ebrejn\u00eb se n\u00eb shoq\u00ebri si jona me \u201cpashaportizim\u201d, ku l\u00ebvizja e lir\u00eb ishte e kontrolluar nga shteti, shp\u00ebrngulja nga periferia kulturore drejt qendr\u00ebs kulturore dhe politike, u konceptua si privilegj. T\u00eb gjith\u00eb ata q\u00eb e nd\u00ebrmor\u00ebn k\u00ebt\u00eb hap e lidh\u00ebn automatikisht me mund\u00ebsin\u00eb e nj\u00eb suksesi m\u00eb t\u00eb shpejt\u00eb social.<\/p>\n<p>Por, k\u00ebto arsye t\u00eb p\u00ebrgjithshme nuk mund ti ve\u00e7osh dot nga ato q\u00eb jan\u00eb m\u00ebkatet tona dhe q\u00eb i gjejm\u00eb k\u00ebt\u00eb dit\u00eb gushti, kur politika p\u00ebr politik\u00eb ka shkuar me pushime, n\u00eb form\u00eb titujsh alarman\u00eb n\u00eb media.<\/p>\n<p>K\u00ebshtu, r\u00ebnia dramatike e lindshm\u00ebris\u00eb foshnjore q\u00eb para viteve \u201890 e tejkalonte kufirin e riprodhimit me mbi 2 f\u00ebmij\u00eb p\u00ebr \u00e7do n\u00ebn\u00eb, sot \u00ebsht\u00eb gremisur n\u00eb m\u00ebnyr\u00eb dramatike n\u00ebn nivelin e vendeve t\u00eb BE-s\u00eb. Nj\u00eb e dh\u00ebn\u00eb e till\u00eb tregon se, n\u00eb rastin m\u00ebn t\u00eb mir\u00eb, politika e qeveris\u00eb e nisur n\u00eb vitin 2018, p\u00ebr bonusin e bebes q\u00eb i jep \u00e7do familjeje, 40-mij\u00eb lek\u00eb p\u00ebr f\u00ebmij\u00ebn e par\u00eb, 80-mij\u00eb p\u00ebr t\u00eb dytin dhe 120-mij\u00eb p\u00ebr f\u00ebmij\u00ebn e tret\u00eb, ka d\u00ebshtuar. Ajo nuk mjafton t\u00eb jet\u00eb nj\u00eb mjet propogande p\u00ebr kronikat e p\u00ebrgatitura t\u00eb lajmeve t\u00eb 1 janarit, kur kryeministri e shp\u00ebrndan personalisht k\u00ebt\u00eb bonus, n\u00ebse nuk shoq\u00ebrohet edhe me avantazhe t\u00eb tjera.<\/p>\n<p>Po k\u00ebto dit\u00eb n\u00eb shtyp g\u00ebluan lajme t\u00eb tjera nga ato q\u00eb t\u00eb b\u00ebjn\u00eb ti\u2019a mbath\u00ebsh nga syt\u00eb k\u00ebmb\u00ebt. Sipas OBSH, sistemi mjeksor i vendit i afrohet atyre t\u00eb singjash\u00ebm n\u00eb Afrik\u00eb, me 1 mjek p\u00ebr 1 mij\u00eb banor\u00eb. Pra ky \u00ebsht\u00eb prioriteti i fillim mandatit t\u00eb sh\u00ebndet\u00ebsis\u00eb falas.<\/p>\n<p>Nj\u00eb tjet\u00ebr e dh\u00ebn\u00eb trishtuese ishte edhe statistika se shqiptar\u00ebt i paguajn\u00eb ushqimet m\u00eb shtrenjt\u00eb se n\u00eb t\u00eb gjith\u00eb rajonin, madje buxheti p\u00ebr t\u00eb mbushur barkun z\u00eb nj\u00eb pjes\u00eb tmerr\u00ebsisht t\u00eb konsiderueshme t\u00eb t\u00eb ardhurave t\u00eb tyre totale,<\/p>\n<p>Pik\u00ebrisht k\u00ebto shifra t\u00eb munges\u00ebs s\u00eb mirqenies t\u00eb kombinuara me ato t\u00eb shkelmimit t\u00eb meritokracis\u00eb, t\u00eb arsimit t\u00eb shtrenjt\u00eb dhe p\u00ebr t\u00eb ardhur keq, t\u00eb pa siguris\u00eb p\u00ebr jet\u00ebn, i detyrojn\u00eb shqiptar\u00ebt t\u00eb nxitojn\u00eb drejt k\u00ebrkimit t\u00eb fatit individual.<\/p>\n<p>Prandaj ky debat do nj\u00eb diskutim m\u00eb t\u00eb thell\u00eb dhe t\u00eb zhveshur nga interesi i dit\u00ebs, pro ose kund\u00ebr kryeministrit t\u00eb radh\u00ebs. N\u00eb t\u00eb jan\u00eb n\u00eb keqbesim edhe ata q\u00eb e sulmojn\u00eb edhe ata q\u00eb e mbrojn\u00eb Edi Ram\u00ebn, sepse mbi t\u00eb gjitha, n\u00eb rastin m\u00eb t\u00eb keq, ai \u00ebsht\u00eb i lidhur me mbijetes\u00ebn e kombit, nd\u00ebrsa, n\u00eb rastin m\u00eb fatlum, me p\u00ebrdorimin q\u00eb nacionalist\u00ebt populist\u00eb mund ti b\u00ebjn\u00eb k\u00ebsaj teme p\u00ebr t\u00eb nxjerr\u00eb kok\u00ebn n\u00eb sip\u00ebrfaqen e politik\u00ebs shqiptare.<\/p>\n<p>\/lapsi.al<\/p>\n","protected":false},"excerpt":{"rendered":"<p>Kush po i p\u00ebrze shqiptar\u00ebt nga vendi! 25 Gusht 2020 Nga Andi Bushati Nj\u00eb artikull alarmant i \u201cThe Economist\u201d p\u00ebr shpopullimin dhe plakjen e Shqip\u00ebris\u00eb, ka ndezur n\u00eb vend debatin m\u00eb meskin dhe sip\u00ebrfaq\u00ebsor q\u00eb mund t\u00eb imagjinohej. Kund\u00ebrshtar\u00ebt e Edi Ram\u00ebs, argumentojn\u00eb se ardhja e rilindjes n\u00eb pushtet ka p\u00ebrkuar jo krejt rast\u00ebsisht me [&hellip;]<\/p>\n","protected":false},"author":9,"featured_media":37671,"comment_status":"open","ping_status":"open","sticky":false,"template":"","format":"standard","meta":{"jetpack_post_was_ever_published":false,"_jetpack_newsletter_access":"","_jetpack_dont_email_post_to_subs":false,"_jetpack_newsletter_tier_id":0,"_jetpack_memberships_contains_paywalled_content":false,"_jetpack_memberships_contains_paid_content":false,"footnotes":"","jetpack_publicize_message":"","jetpack_publicize_feature_enabled":true,"jetpack_social_post_already_shared":true,"jetpack_social_options":{"image_generator_settings":{"template":"highway","default_image_id":0,"font":"","enabled":false},"version":2}},"categories":[27,2,35],"tags":[],"class_list":["post-37670","post","type-post","status-publish","format-standard","has-post-thumbnail","hentry","category-blogu-i-udhetarit","category-politika","category-shoqerore"],"jetpack_publicize_connections":[],"jetpack_featured_media_url":"https:\/\/i0.wp.com\/www.shqiperia.com\/blog\/wp-content\/uploads\/2020\/08\/800-0-5ec3e8225a5aa.jpg?fit=800%2C440&ssl=1","jetpack_sharing_enabled":true,"jetpack_shortlink":"https:\/\/wp.me\/p5Z6wp-9NA","jetpack-related-posts":[{"id":37716,"url":"https:\/\/www.shqiperia.com\/blog\/rilindja-perze-shqiptaret-por-merr-sirianet-dhe-afganet\/","url_meta":{"origin":37670,"position":0},"title":"Rilindja p\u00ebrz\u00eb shqiptar\u00ebt, por merr sirian\u00ebt dhe afgan\u00ebt","author":"Kurt Farka","date":"August 27, 2020","format":false,"excerpt":"Rilindja p\u00ebrz\u00eb shqiptar\u00ebt, por merr sirian\u00ebt dhe afgan\u00ebt 22\/08\/2020 Instituti i Statistikave publikoi dje t\u00eb dh\u00ebnat p\u00ebr personat q\u00eb kan\u00eb k\u00ebrkuar azil n\u00eb Shqip\u00ebri gjat\u00eb vitit 2019. Shifrat e institucioneve shtet\u00ebrore tregojn\u00eb se gjat\u00eb vitit q\u00eb lam\u00eb pas 6 567 qytetar\u00eb t\u00eb huaj kan\u00eb aplikuar n\u00eb Ministrin\u00eb e Brendshme p\u00ebr\u2026","rel":"","context":"In &quot;Blogu i Udh\u00ebtarit&quot;","block_context":{"text":"Blogu i Udh\u00ebtarit","link":"https:\/\/www.shqiperia.com\/blog\/category\/blogu-i-udhetarit\/"},"img":{"alt_text":"","src":"https:\/\/i0.wp.com\/www.shqiperia.com\/blog\/wp-content\/uploads\/2020\/08\/siriane-693x450-1-693x375-1.jpg?fit=693%2C375&ssl=1&resize=350%2C200","width":350,"height":200,"srcset":"https:\/\/i0.wp.com\/www.shqiperia.com\/blog\/wp-content\/uploads\/2020\/08\/siriane-693x450-1-693x375-1.jpg?fit=693%2C375&ssl=1&resize=350%2C200 1x, https:\/\/i0.wp.com\/www.shqiperia.com\/blog\/wp-content\/uploads\/2020\/08\/siriane-693x450-1-693x375-1.jpg?fit=693%2C375&ssl=1&resize=525%2C300 1.5x"},"classes":[]},{"id":4604,"url":"https:\/\/www.shqiperia.com\/blog\/shenim-kush-po-perze-shqiptaret-nga-vendi-tyre\/","url_meta":{"origin":37670,"position":1},"title":"Sh\u00ebnim \u2013 Kush po i p\u00ebrz\u00eb shqiptar\u00ebt nga vendi i tyre. &#8211;","author":"Kurt Farka","date":"March 11, 2018","format":false,"excerpt":"320 mij\u00eb shqiptar\u00eb jan\u00eb larguar p\u00ebr 6 vite nga Shqip\u00ebria. Tre vitet e fundit, e kan\u00eb l\u00ebn\u00eb vendin m\u00eb shum\u00eb se 600 mjek\u00eb, ku vet\u00ebm gjat\u00eb 2017 kan\u00eb k\u00ebrkuar referenc\u00eb largimi rreth 167 t\u00eb tjer\u00eb Erjola dhe Altini, dy t\u00eb rinj shqiptar\u00eb, p\u00ebrfunduan pak jav\u00eb m\u00eb par\u00eb pas hekurave t\u00eb\u2026","rel":"","context":"In &quot;Blogu i Udh\u00ebtarit&quot;","block_context":{"text":"Blogu i Udh\u00ebtarit","link":"https:\/\/www.shqiperia.com\/blog\/category\/blogu-i-udhetarit\/"},"img":{"alt_text":"","src":"https:\/\/i0.wp.com\/www.shqiperia.com\/blog\/wp-content\/uploads\/2018\/03\/images-1-300x156.jpg?resize=350%2C200","width":350,"height":200},"classes":[]},{"id":31139,"url":"https:\/\/www.shqiperia.com\/blog\/e-trualli-ateror-fshatin-e-turizmit-rural-po-e-kercnon-kucedrkush-po-na-perze-nga-toka-dha\/","url_meta":{"origin":37670,"position":2},"title":"Kush po na perze nga toka dhe trualli ateror!  Fshatin e Turizmit Rural po e kercnon kucedra.","author":"Kurt Farka","date":"February 5, 2020","format":false,"excerpt":". Kush po na perze nga toka dhe trualli ateror! Fshatin e Turizmit Rural po e kercnon kucedra. Zhulatit te Historise, te Papa Zhulit dhe Idris Sulit, te keshtjelles Mesjetare dhe te vendbanimeve dhe pikave arkeologjike te prehistorise e te periudhave te tjera, te pa germuara dhe studiuara, te rrugeve\u2026","rel":"","context":"In &quot;Blogu i Udh\u00ebtarit&quot;","block_context":{"text":"Blogu i Udh\u00ebtarit","link":"https:\/\/www.shqiperia.com\/blog\/category\/blogu-i-udhetarit\/"},"img":{"alt_text":"","src":"https:\/\/i0.wp.com\/www.shqiperia.com\/blog\/wp-content\/uploads\/2020\/02\/38085914_1798154323607671_6775326074969522176_n.jpg?fit=703%2C368&ssl=1&resize=350%2C200","width":350,"height":200,"srcset":"https:\/\/i0.wp.com\/www.shqiperia.com\/blog\/wp-content\/uploads\/2020\/02\/38085914_1798154323607671_6775326074969522176_n.jpg?fit=703%2C368&ssl=1&resize=350%2C200 1x, https:\/\/i0.wp.com\/www.shqiperia.com\/blog\/wp-content\/uploads\/2020\/02\/38085914_1798154323607671_6775326074969522176_n.jpg?fit=703%2C368&ssl=1&resize=525%2C300 1.5x, https:\/\/i0.wp.com\/www.shqiperia.com\/blog\/wp-content\/uploads\/2020\/02\/38085914_1798154323607671_6775326074969522176_n.jpg?fit=703%2C368&ssl=1&resize=700%2C400 2x"},"classes":[]},{"id":73984,"url":"https:\/\/www.shqiperia.com\/blog\/rama-nga-asambleja-e-ps-se-kritikon-opoziten\/","url_meta":{"origin":37670,"position":3},"title":"Rama nga Asambleja e PS-s\u00eb kritikon opozit\u00ebn","author":"Kurt Farka","date":"September 4, 2023","format":false,"excerpt":"4 Shtator 2023 Kryeministri Edi Rama ka hedhur akuza ndaj opozit\u00ebs dhe mediave nga Asambleja Komb\u00ebtare e Partis\u00eb Socialiste, duke th\u00ebn\u00eb se ata jan\u00eb persona pa din e pa iman q\u00eb flasin keq p\u00ebr Shqip\u00ebrin\u00eb. Po ashtu n\u00eb fjal\u00ebn e tij kryeministri Edi Rama foli p\u00ebr suksesin gjat\u00eb k\u00ebtij sezoni\u2026","rel":"","context":"In &quot;Blogu i Udh\u00ebtarit&quot;","block_context":{"text":"Blogu i Udh\u00ebtarit","link":"https:\/\/www.shqiperia.com\/blog\/category\/blogu-i-udhetarit\/"},"img":{"alt_text":"","src":"https:\/\/i0.wp.com\/www.shqiperia.com\/blog\/wp-content\/uploads\/2023\/09\/275621995_3251343735088907_6225533238005875657_n.jpg?fit=573%2C357&ssl=1&resize=350%2C200","width":350,"height":200,"srcset":"https:\/\/i0.wp.com\/www.shqiperia.com\/blog\/wp-content\/uploads\/2023\/09\/275621995_3251343735088907_6225533238005875657_n.jpg?fit=573%2C357&ssl=1&resize=350%2C200 1x, https:\/\/i0.wp.com\/www.shqiperia.com\/blog\/wp-content\/uploads\/2023\/09\/275621995_3251343735088907_6225533238005875657_n.jpg?fit=573%2C357&ssl=1&resize=525%2C300 1.5x"},"classes":[]},{"id":47245,"url":"https:\/\/www.shqiperia.com\/blog\/ese-mbi-librin-e-vlladan-gjorgjevicit-shqiptaret-dhe-fuqite-e-medha\/","url_meta":{"origin":37670,"position":4},"title":"Ese mbi librin e Vlladan Gjorgjevi\u00e7it \u201cShqiptar\u00ebt dhe fuqit\u00eb e m\u00ebdha\u201d.","author":"Kurt Farka","date":"May 5, 2021","format":false,"excerpt":"Ese mbi librin e Vlladan Gjorgjevi\u00e7it \u201cShqiptar\u00ebt dhe fuqit\u00eb e m\u00ebdha\u201d NGA:\u00a0SYLEJMAN SALIHU 5 MAJ 2021 E kisha k\u00ebrkuar nd\u00ebr vite q\u00eb ta kisha dhe ta lexoja, por s\u2018 po e gjeja dot. Kisha lexuar para disa dekadash n\u00eb librin \u201eESE\u201c t\u00eb shkrimtarit t\u00eb madh kroat Mirosllav K\u00ebrlezh\u00ebs nj\u00eb ese\u2026","rel":"","context":"In &quot;Blogu i Udh\u00ebtarit&quot;","block_context":{"text":"Blogu i Udh\u00ebtarit","link":"https:\/\/www.shqiperia.com\/blog\/category\/blogu-i-udhetarit\/"},"img":{"alt_text":"","src":"https:\/\/i0.wp.com\/www.shqiperia.com\/blog\/wp-content\/uploads\/2021\/05\/Vlladan-Gjorgjevici.jpg?fit=850%2C484&ssl=1&resize=350%2C200","width":350,"height":200,"srcset":"https:\/\/i0.wp.com\/www.shqiperia.com\/blog\/wp-content\/uploads\/2021\/05\/Vlladan-Gjorgjevici.jpg?fit=850%2C484&ssl=1&resize=350%2C200 1x, https:\/\/i0.wp.com\/www.shqiperia.com\/blog\/wp-content\/uploads\/2021\/05\/Vlladan-Gjorgjevici.jpg?fit=850%2C484&ssl=1&resize=525%2C300 1.5x, https:\/\/i0.wp.com\/www.shqiperia.com\/blog\/wp-content\/uploads\/2021\/05\/Vlladan-Gjorgjevici.jpg?fit=850%2C484&ssl=1&resize=700%2C400 2x"},"classes":[]},{"id":95051,"url":"https:\/\/www.shqiperia.com\/blog\/pseudonacionalizmat-dhe-kapricot-e-edi-rames-me-britaniket-krijojne-stuhi-ne-britani-operacioni-fshesa-perze-700\/","url_meta":{"origin":37670,"position":5},"title":"Pseudonacionalizmat dhe kapri\u00e7ot e Edi Ram\u00ebs me britanik\u00ebt krijojn\u00eb stuhi n\u00eb Britani, operacioni fshesa p\u00ebrz\u00eb 700\u2026","author":"Kurt Farka","date":"November 22, 2025","format":false,"excerpt":"22 Nentor 2025 Nj\u00eb stuhi politike ka shp\u00ebrthyer n\u00eb Mbret\u00ebrin\u00eb e Bashkuar pasi Qeveria laburiste e kryeministrit Keir Starmer paralajm\u00ebroi masa t\u00eb reja drastike p\u00ebr emigracionin, t\u00eb cilat prekin drejtp\u00ebrdrejt komunitetin shqiptar. Sipas dokumentit politik \u201cMahmood\u201d, rreth 700 familje shqiptare, p\u00ebrfshi gra dhe f\u00ebmij\u00eb, do t\u00eb p\u00ebrballen me kthim t\u00eb\u2026","rel":"","context":"In &quot;Blogu i Udh\u00ebtarit&quot;","block_context":{"text":"Blogu i Udh\u00ebtarit","link":"https:\/\/www.shqiperia.com\/blog\/category\/blogu-i-udhetarit\/"},"img":{"alt_text":"","src":"https:\/\/i0.wp.com\/www.shqiperia.com\/blog\/wp-content\/uploads\/2025\/11\/ramaaaretertyeryryr-e1742811957319.jpg?fit=751%2C411&ssl=1&resize=350%2C200","width":350,"height":200,"srcset":"https:\/\/i0.wp.com\/www.shqiperia.com\/blog\/wp-content\/uploads\/2025\/11\/ramaaaretertyeryryr-e1742811957319.jpg?fit=751%2C411&ssl=1&resize=350%2C200 1x, https:\/\/i0.wp.com\/www.shqiperia.com\/blog\/wp-content\/uploads\/2025\/11\/ramaaaretertyeryryr-e1742811957319.jpg?fit=751%2C411&ssl=1&resize=525%2C300 1.5x, https:\/\/i0.wp.com\/www.shqiperia.com\/blog\/wp-content\/uploads\/2025\/11\/ramaaaretertyeryryr-e1742811957319.jpg?fit=751%2C411&ssl=1&resize=700%2C400 2x"},"classes":[]}],"_links":{"self":[{"href":"https:\/\/www.shqiperia.com\/blog\/wp-json\/wp\/v2\/posts\/37670","targetHints":{"allow":["GET"]}}],"collection":[{"href":"https:\/\/www.shqiperia.com\/blog\/wp-json\/wp\/v2\/posts"}],"about":[{"href":"https:\/\/www.shqiperia.com\/blog\/wp-json\/wp\/v2\/types\/post"}],"author":[{"embeddable":true,"href":"https:\/\/www.shqiperia.com\/blog\/wp-json\/wp\/v2\/users\/9"}],"replies":[{"embeddable":true,"href":"https:\/\/www.shqiperia.com\/blog\/wp-json\/wp\/v2\/comments?post=37670"}],"version-history":[{"count":1,"href":"https:\/\/www.shqiperia.com\/blog\/wp-json\/wp\/v2\/posts\/37670\/revisions"}],"predecessor-version":[{"id":37672,"href":"https:\/\/www.shqiperia.com\/blog\/wp-json\/wp\/v2\/posts\/37670\/revisions\/37672"}],"wp:featuredmedia":[{"embeddable":true,"href":"https:\/\/www.shqiperia.com\/blog\/wp-json\/wp\/v2\/media\/37671"}],"wp:attachment":[{"href":"https:\/\/www.shqiperia.com\/blog\/wp-json\/wp\/v2\/media?parent=37670"}],"wp:term":[{"taxonomy":"category","embeddable":true,"href":"https:\/\/www.shqiperia.com\/blog\/wp-json\/wp\/v2\/categories?post=37670"},{"taxonomy":"post_tag","embeddable":true,"href":"https:\/\/www.shqiperia.com\/blog\/wp-json\/wp\/v2\/tags?post=37670"}],"curies":[{"name":"wp","href":"https:\/\/api.w.org\/{rel}","templated":true}]}}