{"id":37667,"date":"2020-08-25T11:05:19","date_gmt":"2020-08-25T11:05:19","guid":{"rendered":"https:\/\/www.shqiperia.com\/blog\/?p=37667"},"modified":"2020-08-25T11:05:19","modified_gmt":"2020-08-25T11:05:19","slug":"eksperti-i-shendetit-publik-flet-per-vdekjet-nga-covid-19-dasho-nuk-raportohen-keto-humbje-jete-vetem-dje-mesova-5-emra-qe","status":"publish","type":"post","link":"https:\/\/www.shqiperia.com\/blog\/eksperti-i-shendetit-publik-flet-per-vdekjet-nga-covid-19-dasho-nuk-raportohen-keto-humbje-jete-vetem-dje-mesova-5-emra-qe\/","title":{"rendered":"Eksperti i Sh\u00ebndetit Publik flet p\u00ebr vdekjet nga Covid-19, Dasho: &#8211; Nuk raportohen k\u00ebto humbje jete, vet\u00ebm dje m\u00ebsova 5 emra q\u00eb\u2026"},"content":{"rendered":"<p><img data-recalc-dims=\"1\" loading=\"lazy\" decoding=\"async\" data-attachment-id=\"37668\" data-permalink=\"https:\/\/www.shqiperia.com\/blog\/eksperti-i-shendetit-publik-flet-per-vdekjet-nga-covid-19-dasho-nuk-raportohen-keto-humbje-jete-vetem-dje-mesova-5-emra-qe\/dashoooo-1\/\" data-orig-file=\"https:\/\/i0.wp.com\/www.shqiperia.com\/blog\/wp-content\/uploads\/2020\/08\/dashoooo-1.jpg?fit=973%2C723&amp;ssl=1\" data-orig-size=\"973,723\" data-comments-opened=\"1\" data-image-meta=\"{&quot;aperture&quot;:&quot;0&quot;,&quot;credit&quot;:&quot;Montazh web 3&quot;,&quot;camera&quot;:&quot;&quot;,&quot;caption&quot;:&quot;&quot;,&quot;created_timestamp&quot;:&quot;1588974983&quot;,&quot;copyright&quot;:&quot;&quot;,&quot;focal_length&quot;:&quot;0&quot;,&quot;iso&quot;:&quot;0&quot;,&quot;shutter_speed&quot;:&quot;0&quot;,&quot;title&quot;:&quot;&quot;,&quot;orientation&quot;:&quot;1&quot;}\" data-image-title=\"dashoooo-1\" data-image-description=\"\" data-image-caption=\"\" data-medium-file=\"https:\/\/i0.wp.com\/www.shqiperia.com\/blog\/wp-content\/uploads\/2020\/08\/dashoooo-1.jpg?fit=300%2C223&amp;ssl=1\" data-large-file=\"https:\/\/i0.wp.com\/www.shqiperia.com\/blog\/wp-content\/uploads\/2020\/08\/dashoooo-1.jpg?fit=973%2C723&amp;ssl=1\" class=\"alignnone  wp-image-37668\" alt=\"\" src=\"https:\/\/i0.wp.com\/www.shqiperia.com\/blog\/wp-content\/uploads\/2020\/08\/dashoooo-1.jpg?resize=541%2C402&#038;ssl=1\" width=\"541\" height=\"402\" srcset=\"https:\/\/i0.wp.com\/www.shqiperia.com\/blog\/wp-content\/uploads\/2020\/08\/dashoooo-1.jpg?resize=300%2C223&amp;ssl=1 300w, https:\/\/i0.wp.com\/www.shqiperia.com\/blog\/wp-content\/uploads\/2020\/08\/dashoooo-1.jpg?resize=768%2C571&amp;ssl=1 768w, https:\/\/i0.wp.com\/www.shqiperia.com\/blog\/wp-content\/uploads\/2020\/08\/dashoooo-1.jpg?resize=450%2C334&amp;ssl=1 450w, https:\/\/i0.wp.com\/www.shqiperia.com\/blog\/wp-content\/uploads\/2020\/08\/dashoooo-1.jpg?resize=600%2C446&amp;ssl=1 600w, https:\/\/i0.wp.com\/www.shqiperia.com\/blog\/wp-content\/uploads\/2020\/08\/dashoooo-1.jpg?resize=400%2C297&amp;ssl=1 400w, https:\/\/i0.wp.com\/www.shqiperia.com\/blog\/wp-content\/uploads\/2020\/08\/dashoooo-1.jpg?w=973&amp;ssl=1 973w\" sizes=\"auto, (max-width: 541px) 100vw, 541px\" \/><\/p>\n<p>Eksperti i Sh\u00ebndetit Publik flet p\u00ebr vdekjet nga Covid-19, Dasho: &#8211; Nuk raportohen k\u00ebto humbje jete, vet\u00ebm dje m\u00ebsova 5 emra q\u00eb\u2026<\/p>\n<p><em>25 gusht \u00a02020<\/em><\/p>\n<p><strong>Eksperti i Sh\u00ebndetit Publik, Erion Dasho, ngre dyshime p\u00ebr besueshm\u00ebrin\u00eb n\u00eb raportimin e shifrave t\u00eb viktimave nga Covid-19 n\u00eb Shqip\u00ebri. Ai flet p\u00ebr mungese transparence t\u00eb viktimave jasht\u00eb spitalit, q\u00eb jan\u00eb t\u00eb dyshuar p\u00ebr Covid, apo humbin jet\u00ebn pasi sh\u00ebrohen nga koronavirusi.<\/strong><\/p>\n<p>Erion Dasho<\/p>\n<p>Duke iu referuar shifr\u00ebs s\u00eb t\u00eb infektuarve m\u00eb 24 gusht, m\u00eb e larta e regjistruar q\u00eb nga fillimi i pandemis\u00eb, dhe numrit m\u00eb t\u00eb lart\u00eb t\u00eb t\u00eb shtruarve n\u00eb spital, Dasho thekson se kjo ka p\u00ebrmbushur edhe nj\u00eb tjet\u00ebr prej kritereve t\u00eb alertit q\u00eb ministria dhe komiteti p\u00ebrcaktuan vet\u00eb n\u00eb maj.<\/p>\n<p>\u201cQ\u00eb n\u00eb fillim t\u00eb epidemis\u00eb i kam quajtur vdekjet si i vetmi informacion i besuesh\u00ebm, i raportuar deri diku sakt\u00ebsisht, por n\u00eb kushtet e reja t\u00eb krijuara pas mesit t\u00eb qershorit, un\u00eb koleg\u00ebt dhe qytetar\u00ebt kemi t\u00eb drejt\u00eb t\u00eb k\u00ebrkojm\u00eb transparenc\u00eb\u201d, shkruan Dasho.<\/p>\n<p><strong>Postimi i plot\u00eb<\/strong><\/p>\n<p>COVID N\u00cb SHQIP\u00cbRI: A KA DI\u00c7KA Q\u00cb MUND T\u00cb BESOJM\u00cb?!<\/p>\n<p>P\u00ebr her\u00eb t\u00eb par\u00eb q\u00eb nga fillimi i epidemis\u00eb, dje u raportuan mbi 150 t\u00eb shtruar, duke p\u00ebrmbushur edhe nj\u00eb tjet\u00ebr prej kritereve t\u00eb alertit q\u00eb ministria dhe komiteti p\u00ebrcaktuan vet\u00eb n\u00eb maj.<\/p>\n<p>Paralelisht u raportuan edhe 40 raste t\u00eb tjer\u00eb t\u00eb cil\u00ebt jan\u00eb \u201csh\u00ebruar\u201d nga COVID por ende mbahen n\u00eb spital.<\/p>\n<p>Nd\u00ebrkoh\u00eb jan\u00eb edhe rastet e dyshuara, pra persona tek t\u00eb cil\u00ebt kuadri klinik, laboratorik apo imazherik flet p\u00ebr COVID, por q\u00eb testin e tamponit e kan\u00eb negativ. T\u00eb dh\u00ebnat jo zyrtare, flasin se k\u00ebta persona jan\u00eb m\u00eb t\u00eb shumt\u00eb n\u00eb num\u00ebr se personat e konfirmuar me COVID n\u00eb dy spitalet COVID 1 dhe 2.<\/p>\n<p>Qytetar\u00eb t\u00eb shumt\u00eb raportohet se jan\u00eb duke u ndjekur n\u00eb sht\u00ebpi, deri edhe me burime oksigjeni dhe procedura t\u00eb avancuara mjeksore si CPAP.<\/p>\n<p>S\u00eb fundi, vet\u00ebm n\u00eb nj\u00eb bised\u00eb nj\u00eb or\u00ebshe dje, m\u00ebsova t\u00eb pakt\u00ebn pes\u00eb emra t\u00eb rinj t\u00eb cil\u00ebt ishin trajtuar nga COVID n\u00eb Turqi.<\/p>\n<p>Nd\u00ebrkoh\u00eb \u00e7do dit\u00eb d\u00ebgjojm\u00eb termin idiot t\u00eb \u201cpersonave q\u00eb humbin betej\u00ebn me COVID\u201d, reminishenc\u00eb e muajve t\u00eb karantin\u00ebs kur COVID quhej armik dhe p\u00ebrpjekja p\u00ebr kontrollin e tij luft\u00eb.<\/p>\n<p>Nuk raportohen personat q\u00eb humbasin jet\u00ebn nga grupi i pacient\u00ebve t\u00eb dyshuar (q\u00eb mendohet se jan\u00eb t\u00eb pakt\u00ebn aq sa ata q\u00eb raportohen), personat q\u00eb humbin jet\u00ebn pasi dalin nga spitali dhe personat q\u00eb vdesin n\u00eb sht\u00ebpi.<\/p>\n<p>Q\u00eb n\u00eb fillim t\u00eb epidemis\u00eb i kam quajtur vdekjet si i vetmi informacion i besuesh\u00ebm, i raportuar deri diku sakt\u00ebsisht, por n\u00eb kushtet e reja t\u00eb krijuara pas mesit t\u00eb qershorit, un\u00eb koleg\u00ebt dhe qytetar\u00ebt kemi t\u00eb drejt\u00eb t\u00eb k\u00ebrkojm\u00eb transparenc\u00eb dhe t\u00eb pyesim:<\/p>\n<p>SA T\u00cb S\u00cbMUR\u00cb NGA COVID KEMI N\u00cb SPITALET TONA DHE SA T\u00cb VDEKUR NGA COVID KA N\u00cb SHQIP\u00cbRI?!<\/p>\n<p>A KA MBETUR N\u00cb K\u00cbT\u00cb VEND NJ\u00cb BURIM INFORMACIONI T\u00cb CILIT MUND T\u2019I BESOSH?!<\/p>\n<p>Gazeta Panorama<\/p>\n","protected":false},"excerpt":{"rendered":"<p>Eksperti i Sh\u00ebndetit Publik flet p\u00ebr vdekjet nga Covid-19, Dasho: &#8211; Nuk raportohen k\u00ebto humbje jete, vet\u00ebm dje m\u00ebsova 5 emra q\u00eb\u2026 25 gusht \u00a02020 Eksperti i Sh\u00ebndetit Publik, Erion Dasho, ngre dyshime p\u00ebr besueshm\u00ebrin\u00eb n\u00eb raportimin e shifrave t\u00eb viktimave nga Covid-19 n\u00eb Shqip\u00ebri. Ai flet p\u00ebr mungese transparence t\u00eb viktimave jasht\u00eb spitalit, q\u00eb [&hellip;]<\/p>\n","protected":false},"author":9,"featured_media":37668,"comment_status":"open","ping_status":"open","sticky":false,"template":"","format":"standard","meta":{"jetpack_post_was_ever_published":false,"_jetpack_newsletter_access":"","_jetpack_dont_email_post_to_subs":false,"_jetpack_newsletter_tier_id":0,"_jetpack_memberships_contains_paywalled_content":false,"_jetpack_memberships_contains_paid_content":false,"footnotes":"","jetpack_publicize_message":"","jetpack_publicize_feature_enabled":true,"jetpack_social_post_already_shared":true,"jetpack_social_options":{"image_generator_settings":{"template":"highway","default_image_id":0,"font":"","enabled":false},"version":2}},"categories":[27,2,35],"tags":[],"class_list":["post-37667","post","type-post","status-publish","format-standard","has-post-thumbnail","hentry","category-blogu-i-udhetarit","category-politika","category-shoqerore"],"jetpack_publicize_connections":[],"jetpack_featured_media_url":"https:\/\/i0.wp.com\/www.shqiperia.com\/blog\/wp-content\/uploads\/2020\/08\/dashoooo-1.jpg?fit=973%2C723&ssl=1","jetpack_sharing_enabled":true,"jetpack_shortlink":"https:\/\/wp.me\/p5Z6wp-9Nx","jetpack-related-posts":[{"id":40317,"url":"https:\/\/www.shqiperia.com\/blog\/covid-19-ka-dale-jashte-kontrollit-eksperti-thirrje-te-forte-qeverise-eshte-kriminale-qe\/","url_meta":{"origin":37667,"position":0},"title":"\u201cCovid-19 ka dal\u00eb jasht\u00eb kontrollit\u201d\/ Eksperti thirrje t\u00eb fort\u00eb qeveris\u00eb: \u00cbsht\u00eb kriminale q\u00eb&#8230;","author":"Kurt Farka","date":"October 31, 2020","format":false,"excerpt":"\u201cCovid-19 ka dal\u00eb jasht\u00eb kontrollit\u201d\/ Eksperti thirrje t\u00eb fort\u00eb qeveris\u00eb: \u00cbsht\u00eb kriminale q\u00eb... 31 TETOR 2020 Eksperti i Sh\u00ebndetit Publik, Erion Dasho thekson se situata ka dal\u00eb jasht\u00eb kontrollit. N\u00ebp\u00ebrmjet nj\u00eb postimi n\u00eb Facebook, Dasho apelon q\u00eb qeveria t\u00eb ofroj\u00eb teste t\u00eb shpejta t\u00eb Covid-19 p\u00ebr qytetar\u00ebt, pasi po vihet\u2026","rel":"","context":"In &quot;Blogu i Udh\u00ebtarit&quot;","block_context":{"text":"Blogu i Udh\u00ebtarit","link":"https:\/\/www.shqiperia.com\/blog\/category\/blogu-i-udhetarit\/"},"img":{"alt_text":"","src":"https:\/\/i0.wp.com\/www.shqiperia.com\/blog\/wp-content\/uploads\/2020\/10\/640-0-5f9d239311ec6.jpg?fit=640%2C356&ssl=1&resize=350%2C200","width":350,"height":200,"srcset":"https:\/\/i0.wp.com\/www.shqiperia.com\/blog\/wp-content\/uploads\/2020\/10\/640-0-5f9d239311ec6.jpg?fit=640%2C356&ssl=1&resize=350%2C200 1x, https:\/\/i0.wp.com\/www.shqiperia.com\/blog\/wp-content\/uploads\/2020\/10\/640-0-5f9d239311ec6.jpg?fit=640%2C356&ssl=1&resize=525%2C300 1.5x"},"classes":[]},{"id":37821,"url":"https:\/\/www.shqiperia.com\/blog\/kjo-eshte-nder-gafat-me-te-renda-mjeku-erion-dasho-ben-deklaraten-e-forte-ndaj-komitetit-te-eksperteve-anti-covid-po-fshehin-nga-njeri-tjetri\/","url_meta":{"origin":37667,"position":1},"title":"\u201cKjo \u00ebsht\u00eb nd\u00ebr gafat m\u00eb t\u00eb r\u00ebnda\u201d, mjeku Erion Dasho b\u00ebn deklarat\u00ebn e fort\u00eb ndaj komitetit t\u00eb ekspert\u00ebve anti-COVID: Po fshehin nga nj\u00ebri-tjetri&#8230;","author":"Kurt Farka","date":"August 30, 2020","format":false,"excerpt":"\u201cKjo \u00ebsht\u00eb nd\u00ebr gafat m\u00eb t\u00eb r\u00ebnda\u201d, mjeku Erion Dasho b\u00ebn deklarat\u00ebn e fort\u00eb ndaj komitetit t\u00eb ekspert\u00ebve anti-COVID: Po fshehin nga nj\u00ebri-tjetri... 30 GUSHT 2020 Mjeku Erion Dasho ka vijuar me kritikat e tij ndaj ekspert\u00ebve anti-COVID p\u00ebr m\u00ebnyr\u00ebn se si po menaxhohet situata e pandemis\u00eb n\u00eb Shqip\u00ebri. Postimi\u2026","rel":"","context":"In &quot;Blogu i Udh\u00ebtarit&quot;","block_context":{"text":"Blogu i Udh\u00ebtarit","link":"https:\/\/www.shqiperia.com\/blog\/category\/blogu-i-udhetarit\/"},"img":{"alt_text":"","src":"https:\/\/i0.wp.com\/www.shqiperia.com\/blog\/wp-content\/uploads\/2020\/08\/800-0-5f4b8fd54a632.png?fit=800%2C480&ssl=1&resize=350%2C200","width":350,"height":200,"srcset":"https:\/\/i0.wp.com\/www.shqiperia.com\/blog\/wp-content\/uploads\/2020\/08\/800-0-5f4b8fd54a632.png?fit=800%2C480&ssl=1&resize=350%2C200 1x, https:\/\/i0.wp.com\/www.shqiperia.com\/blog\/wp-content\/uploads\/2020\/08\/800-0-5f4b8fd54a632.png?fit=800%2C480&ssl=1&resize=525%2C300 1.5x, https:\/\/i0.wp.com\/www.shqiperia.com\/blog\/wp-content\/uploads\/2020\/08\/800-0-5f4b8fd54a632.png?fit=800%2C480&ssl=1&resize=700%2C400 2x"},"classes":[]},{"id":38401,"url":"https:\/\/www.shqiperia.com\/blog\/deri-tani-1-milion-euro-per-nje-sherbim-qe-duhet-ta-kishin-marre-falas-nga-shteti\/","url_meta":{"origin":37667,"position":2},"title":"Deri tani 1 milion EURO p\u00ebr nj\u00eb sh\u00ebrbim q\u00eb duhet ta kishin marr\u00eb falas nga shteti.","author":"Kurt Farka","date":"September 14, 2020","format":false,"excerpt":"\u201cKriminale\u201d, eksperti i Sh\u00ebndetit nxjerr prapaskenat se \u00e7far\u00eb po ndodh me COVID-19 n\u00eb Shqip\u00ebri dhe hedh akuzat e forta: - \u00c7eqet nj\u00eb milion.... Eksperti i Sh\u00ebndetit Publik, Erion Dasho ka reaguar s\u00ebrish p\u00ebr situat\u00ebn e pandemis\u00eb s\u00eb koronavirusit n\u00eb vend. Sipas tij po abuzohet me qytetar\u00ebt, teksa sh\u00ebrbimin p\u00ebr testimin\u2026","rel":"","context":"In &quot;Blogu i Udh\u00ebtarit&quot;","block_context":{"text":"Blogu i Udh\u00ebtarit","link":"https:\/\/www.shqiperia.com\/blog\/category\/blogu-i-udhetarit\/"},"img":{"alt_text":"","src":"https:\/\/i0.wp.com\/www.shqiperia.com\/blog\/wp-content\/uploads\/2020\/09\/800-0-5f5f09a52c670.jpg?fit=800%2C480&ssl=1&resize=350%2C200","width":350,"height":200,"srcset":"https:\/\/i0.wp.com\/www.shqiperia.com\/blog\/wp-content\/uploads\/2020\/09\/800-0-5f5f09a52c670.jpg?fit=800%2C480&ssl=1&resize=350%2C200 1x, https:\/\/i0.wp.com\/www.shqiperia.com\/blog\/wp-content\/uploads\/2020\/09\/800-0-5f5f09a52c670.jpg?fit=800%2C480&ssl=1&resize=525%2C300 1.5x, https:\/\/i0.wp.com\/www.shqiperia.com\/blog\/wp-content\/uploads\/2020\/09\/800-0-5f5f09a52c670.jpg?fit=800%2C480&ssl=1&resize=700%2C400 2x"},"classes":[]},{"id":40731,"url":"https:\/\/www.shqiperia.com\/blog\/situata-e-covid-19-shton-tensionet-mes-mjekeve-erion-dasho-perplaset-me-piperon-dhe-zbulon-skandalin-e-rende\/","url_meta":{"origin":37667,"position":3},"title":"Situata e Covid-19 shton tensionet mes mjek\u00ebve, Erion Dasho p\u00ebrplaset me Piperon dhe zbulon skandalin e r\u00ebnd\u00eb.","author":"Kurt Farka","date":"November 10, 2020","format":false,"excerpt":"Situata e Covid-19 shton tensionet mes mjek\u00ebve, Erion Dasho p\u00ebrplaset me Piperon dhe zbulon skandalin e r\u00ebnd\u00eb. 9 N\u00cbNTOR 2020 Nj\u00eb debat ka shp\u00ebrthyer mes mjekut t\u00eb Erion Dashos dhe P\u00ebllumb Piperos p\u00ebr sa i p\u00ebrket p\u00ebrgjigjes ndaj pandemis\u00eb q\u00eb ka dh\u00ebn\u00eb qeveria. Pipero u shpreh n\u00eb nj\u00eb intervist\u00eb se\u2026","rel":"","context":"In &quot;Blogu i Udh\u00ebtarit&quot;","block_context":{"text":"Blogu i Udh\u00ebtarit","link":"https:\/\/www.shqiperia.com\/blog\/category\/blogu-i-udhetarit\/"},"img":{"alt_text":"","src":"https:\/\/i0.wp.com\/www.shqiperia.com\/blog\/wp-content\/uploads\/2020\/11\/800-0-5fa9b78336ef0.jpg?fit=800%2C362&ssl=1&resize=350%2C200","width":350,"height":200,"srcset":"https:\/\/i0.wp.com\/www.shqiperia.com\/blog\/wp-content\/uploads\/2020\/11\/800-0-5fa9b78336ef0.jpg?fit=800%2C362&ssl=1&resize=350%2C200 1x, https:\/\/i0.wp.com\/www.shqiperia.com\/blog\/wp-content\/uploads\/2020\/11\/800-0-5fa9b78336ef0.jpg?fit=800%2C362&ssl=1&resize=525%2C300 1.5x, https:\/\/i0.wp.com\/www.shqiperia.com\/blog\/wp-content\/uploads\/2020\/11\/800-0-5fa9b78336ef0.jpg?fit=800%2C362&ssl=1&resize=700%2C400 2x"},"classes":[]},{"id":44717,"url":"https:\/\/www.shqiperia.com\/blog\/analiza-a-ka-nevoje-per-lockdown-erion-dasho-pse-promovuesit-e-kesaj-ideje-sduhet-ta-lene-ne-doren-e-qeverise-shqiptaret-do-mbeten-edhe-kete-pranve\/","url_meta":{"origin":37667,"position":4},"title":"ANALIZA: &#8211; \u201cA ka nevoj\u00eb p\u00ebr \u2018lockdown\u2019?!\u201d- Erion Dasho: Pse promovuesit e k\u00ebsaj ideje s\u2019duhet ta l\u00ebn\u00eb n\u00eb dor\u00ebn e Qeveris\u00eb! Shqiptar\u00ebt do mbeten edhe k\u00ebt\u00eb pranver\u00eb n\u00eb burg prej\u2026","author":"Kurt Farka","date":"February 27, 2021","format":false,"excerpt":"ANALIZA: - \u201cA ka nevoj\u00eb p\u00ebr \u2018lockdown\u2019?!\u201d- Erion Dasho: Pse promovuesit e k\u00ebsaj ideje s\u2019duhet ta l\u00ebn\u00eb n\u00eb dor\u00ebn e Qeveris\u00eb! Shqiptar\u00ebt do mbeten edhe k\u00ebt\u00eb pranver\u00eb n\u00eb burg prej\u2026 27 shkurt\u00a0 2021 NGA ERION DASHO Me katastrof\u00ebn sh\u00ebndet\u00ebsore q\u00eb ka nisur n\u00eb n\u00ebntor dhe ka arritur kulmin n\u00eb shkurt,\u2026","rel":"","context":"In &quot;Blogu i Udh\u00ebtarit&quot;","block_context":{"text":"Blogu i Udh\u00ebtarit","link":"https:\/\/www.shqiperia.com\/blog\/category\/blogu-i-udhetarit\/"},"img":{"alt_text":"","src":"https:\/\/i0.wp.com\/www.shqiperia.com\/blog\/wp-content\/uploads\/2021\/02\/Tirane-Tanket-ne-rruge-mbyllja-anticovid.jpg?resize=350%2C200&ssl=1","width":350,"height":200,"srcset":"https:\/\/i0.wp.com\/www.shqiperia.com\/blog\/wp-content\/uploads\/2021\/02\/Tirane-Tanket-ne-rruge-mbyllja-anticovid.jpg?resize=350%2C200&ssl=1 1x, https:\/\/i0.wp.com\/www.shqiperia.com\/blog\/wp-content\/uploads\/2021\/02\/Tirane-Tanket-ne-rruge-mbyllja-anticovid.jpg?resize=525%2C300&ssl=1 1.5x"},"classes":[]},{"id":40490,"url":"https:\/\/www.shqiperia.com\/blog\/eshte-krim-dhe-paturpesi-cuditet-erion-dasho-po-shiten-100-euro-teste-qe-kushtojne-6-euro\/","url_meta":{"origin":37667,"position":5},"title":"&#8220;\u00cbsht\u00eb krim dhe paturp\u00ebsi&#8221;, \u00e7uditet Erion Dasho: Po shiten 100 euro, teste q\u00eb kushtojn\u00eb 6 euro","author":"Kurt Farka","date":"November 3, 2020","format":false,"excerpt":"\"\u00cbsht\u00eb krim dhe paturp\u00ebsi\", \u00e7uditet Erion Dasho: Po shiten 100 euro, teste q\u00eb kushtojn\u00eb 6 euro 3 N\u00cbNTOR 2020 Mjeku Erion Dasho u shpreh se ka persona q\u00eb ankohen p\u00ebr vones\u00ebn e tamponit dhe t\u2019u thuash k\u00ebtu personave nga ekrani se testohet n\u00eb rregull, \u00ebsht\u00eb nj\u00eb paturp\u00ebsi. \u201cM\u00eb \u00e7udit paturp\u00ebsia\u2026","rel":"","context":"In &quot;Blogu i Udh\u00ebtarit&quot;","block_context":{"text":"Blogu i Udh\u00ebtarit","link":"https:\/\/www.shqiperia.com\/blog\/category\/blogu-i-udhetarit\/"},"img":{"alt_text":"","src":"https:\/\/i0.wp.com\/www.shqiperia.com\/blog\/wp-content\/uploads\/2020\/11\/tampone-1-770x420-1.jpg?fit=1024%2C558&ssl=1&resize=350%2C200","width":350,"height":200,"srcset":"https:\/\/i0.wp.com\/www.shqiperia.com\/blog\/wp-content\/uploads\/2020\/11\/tampone-1-770x420-1.jpg?fit=1024%2C558&ssl=1&resize=350%2C200 1x, https:\/\/i0.wp.com\/www.shqiperia.com\/blog\/wp-content\/uploads\/2020\/11\/tampone-1-770x420-1.jpg?fit=1024%2C558&ssl=1&resize=525%2C300 1.5x, https:\/\/i0.wp.com\/www.shqiperia.com\/blog\/wp-content\/uploads\/2020\/11\/tampone-1-770x420-1.jpg?fit=1024%2C558&ssl=1&resize=700%2C400 2x"},"classes":[]}],"_links":{"self":[{"href":"https:\/\/www.shqiperia.com\/blog\/wp-json\/wp\/v2\/posts\/37667","targetHints":{"allow":["GET"]}}],"collection":[{"href":"https:\/\/www.shqiperia.com\/blog\/wp-json\/wp\/v2\/posts"}],"about":[{"href":"https:\/\/www.shqiperia.com\/blog\/wp-json\/wp\/v2\/types\/post"}],"author":[{"embeddable":true,"href":"https:\/\/www.shqiperia.com\/blog\/wp-json\/wp\/v2\/users\/9"}],"replies":[{"embeddable":true,"href":"https:\/\/www.shqiperia.com\/blog\/wp-json\/wp\/v2\/comments?post=37667"}],"version-history":[{"count":1,"href":"https:\/\/www.shqiperia.com\/blog\/wp-json\/wp\/v2\/posts\/37667\/revisions"}],"predecessor-version":[{"id":37669,"href":"https:\/\/www.shqiperia.com\/blog\/wp-json\/wp\/v2\/posts\/37667\/revisions\/37669"}],"wp:featuredmedia":[{"embeddable":true,"href":"https:\/\/www.shqiperia.com\/blog\/wp-json\/wp\/v2\/media\/37668"}],"wp:attachment":[{"href":"https:\/\/www.shqiperia.com\/blog\/wp-json\/wp\/v2\/media?parent=37667"}],"wp:term":[{"taxonomy":"category","embeddable":true,"href":"https:\/\/www.shqiperia.com\/blog\/wp-json\/wp\/v2\/categories?post=37667"},{"taxonomy":"post_tag","embeddable":true,"href":"https:\/\/www.shqiperia.com\/blog\/wp-json\/wp\/v2\/tags?post=37667"}],"curies":[{"name":"wp","href":"https:\/\/api.w.org\/{rel}","templated":true}]}}