{"id":37657,"date":"2020-08-25T08:10:35","date_gmt":"2020-08-25T08:10:35","guid":{"rendered":"https:\/\/www.shqiperia.com\/blog\/?p=37657"},"modified":"2020-08-25T08:10:35","modified_gmt":"2020-08-25T08:10:35","slug":"historia-e-rralle-familja-qe-jeton-ne-shtepine-900-vjecare-prej-29-gjeneratash-fotot","status":"publish","type":"post","link":"https:\/\/www.shqiperia.com\/blog\/historia-e-rralle-familja-qe-jeton-ne-shtepine-900-vjecare-prej-29-gjeneratash-fotot\/","title":{"rendered":"Historia e rrall\u00eb! Familja q\u00eb jeton n\u00eb sht\u00ebpin\u00eb 900 vje\u00e7are prej 29 gjeneratash (FOTOT)"},"content":{"rendered":"<p><img data-recalc-dims=\"1\" loading=\"lazy\" decoding=\"async\" data-attachment-id=\"37658\" data-permalink=\"https:\/\/www.shqiperia.com\/blog\/historia-e-rralle-familja-qe-jeton-ne-shtepine-900-vjecare-prej-29-gjeneratash-fotot\/640-0-5f422b2db2112\/\" data-orig-file=\"https:\/\/i0.wp.com\/www.shqiperia.com\/blog\/wp-content\/uploads\/2020\/08\/640-0-5f422b2db2112.jpg?fit=640%2C410&amp;ssl=1\" data-orig-size=\"640,410\" data-comments-opened=\"1\" data-image-meta=\"{&quot;aperture&quot;:&quot;0&quot;,&quot;credit&quot;:&quot;&quot;,&quot;camera&quot;:&quot;&quot;,&quot;caption&quot;:&quot;&quot;,&quot;created_timestamp&quot;:&quot;0&quot;,&quot;copyright&quot;:&quot;&quot;,&quot;focal_length&quot;:&quot;0&quot;,&quot;iso&quot;:&quot;0&quot;,&quot;shutter_speed&quot;:&quot;0&quot;,&quot;title&quot;:&quot;&quot;,&quot;orientation&quot;:&quot;0&quot;}\" data-image-title=\"-640-0-5f422b2db2112\" data-image-description=\"\" data-image-caption=\"\" data-medium-file=\"https:\/\/i0.wp.com\/www.shqiperia.com\/blog\/wp-content\/uploads\/2020\/08\/640-0-5f422b2db2112.jpg?fit=300%2C192&amp;ssl=1\" data-large-file=\"https:\/\/i0.wp.com\/www.shqiperia.com\/blog\/wp-content\/uploads\/2020\/08\/640-0-5f422b2db2112.jpg?fit=640%2C410&amp;ssl=1\" class=\"alignnone  wp-image-37658\" alt=\"\" src=\"https:\/\/i0.wp.com\/www.shqiperia.com\/blog\/wp-content\/uploads\/2020\/08\/640-0-5f422b2db2112.jpg?resize=489%2C313&#038;ssl=1\" width=\"489\" height=\"313\" srcset=\"https:\/\/i0.wp.com\/www.shqiperia.com\/blog\/wp-content\/uploads\/2020\/08\/640-0-5f422b2db2112.jpg?resize=300%2C192&amp;ssl=1 300w, https:\/\/i0.wp.com\/www.shqiperia.com\/blog\/wp-content\/uploads\/2020\/08\/640-0-5f422b2db2112.jpg?resize=450%2C288&amp;ssl=1 450w, https:\/\/i0.wp.com\/www.shqiperia.com\/blog\/wp-content\/uploads\/2020\/08\/640-0-5f422b2db2112.jpg?resize=600%2C384&amp;ssl=1 600w, https:\/\/i0.wp.com\/www.shqiperia.com\/blog\/wp-content\/uploads\/2020\/08\/640-0-5f422b2db2112.jpg?resize=400%2C256&amp;ssl=1 400w, https:\/\/i0.wp.com\/www.shqiperia.com\/blog\/wp-content\/uploads\/2020\/08\/640-0-5f422b2db2112.jpg?w=640&amp;ssl=1 640w\" sizes=\"auto, (max-width: 489px) 100vw, 489px\" \/><\/p>\n<p><strong>Historia e rrall\u00eb! Familja q\u00eb jeton n\u00eb sht\u00ebpin\u00eb 900 vje\u00e7are prej 29 gjeneratash (FOTOT)<\/strong><\/p>\n<p><strong>\u00a0GUSHT 2020\u00a0\u00a0\u00a0\u00a0\u00a0\u00a0\u00a0 <\/strong><\/p>\n<p>\u201cMadresfield Court\u201d \u00ebsht\u00eb nj\u00eb sht\u00ebpi q\u00eb nuk i ngjan aspak banes\u00ebs s\u00eb nj\u00eb familje t\u00eb zakonshme.<\/p>\n<p>Prona, e vendosur n\u00eb fshatin Worcestershire, ka qen\u00eb e familjes s\u00eb pronarit t\u00eb saj aktual, Lucy Chenevix-Trench, prej 900 vjet\u00ebsh. E megjithat\u00eb Lucy dhe burri i saj Jonathan e kan\u00eb shnd\u00ebrruar nd\u00ebrtes\u00ebn e vjet\u00ebr dhe hijer\u00ebnd\u00eb n\u00eb nj\u00eb vend t\u00ebrheq\u00ebs dhe mikprit\u00ebse p\u00ebr kat\u00ebr f\u00ebmij\u00ebt e tyre: May, Jack, Evie dhe Max.<\/p>\n<p><img data-recalc-dims=\"1\" loading=\"lazy\" decoding=\"async\" data-attachment-id=\"37659\" data-permalink=\"https:\/\/www.shqiperia.com\/blog\/historia-e-rralle-familja-qe-jeton-ne-shtepine-900-vjecare-prej-29-gjeneratash-fotot\/640-0-5f422b2c9a12a\/\" data-orig-file=\"https:\/\/i0.wp.com\/www.shqiperia.com\/blog\/wp-content\/uploads\/2020\/08\/640-0-5f422b2c9a12a.jpg?fit=640%2C959&amp;ssl=1\" data-orig-size=\"640,959\" data-comments-opened=\"1\" data-image-meta=\"{&quot;aperture&quot;:&quot;0&quot;,&quot;credit&quot;:&quot;&quot;,&quot;camera&quot;:&quot;&quot;,&quot;caption&quot;:&quot;&quot;,&quot;created_timestamp&quot;:&quot;0&quot;,&quot;copyright&quot;:&quot;&quot;,&quot;focal_length&quot;:&quot;0&quot;,&quot;iso&quot;:&quot;0&quot;,&quot;shutter_speed&quot;:&quot;0&quot;,&quot;title&quot;:&quot;&quot;,&quot;orientation&quot;:&quot;0&quot;}\" data-image-title=\"-640-0-5f422b2c9a12a\" data-image-description=\"\" data-image-caption=\"\" data-medium-file=\"https:\/\/i0.wp.com\/www.shqiperia.com\/blog\/wp-content\/uploads\/2020\/08\/640-0-5f422b2c9a12a.jpg?fit=200%2C300&amp;ssl=1\" data-large-file=\"https:\/\/i0.wp.com\/www.shqiperia.com\/blog\/wp-content\/uploads\/2020\/08\/640-0-5f422b2c9a12a.jpg?fit=640%2C959&amp;ssl=1\" class=\"alignnone  wp-image-37659\" alt=\"\" src=\"https:\/\/i0.wp.com\/www.shqiperia.com\/blog\/wp-content\/uploads\/2020\/08\/640-0-5f422b2c9a12a.jpg?resize=349%2C524&#038;ssl=1\" width=\"349\" height=\"524\" srcset=\"https:\/\/i0.wp.com\/www.shqiperia.com\/blog\/wp-content\/uploads\/2020\/08\/640-0-5f422b2c9a12a.jpg?resize=200%2C300&amp;ssl=1 200w, https:\/\/i0.wp.com\/www.shqiperia.com\/blog\/wp-content\/uploads\/2020\/08\/640-0-5f422b2c9a12a.jpg?resize=450%2C674&amp;ssl=1 450w, https:\/\/i0.wp.com\/www.shqiperia.com\/blog\/wp-content\/uploads\/2020\/08\/640-0-5f422b2c9a12a.jpg?resize=600%2C899&amp;ssl=1 600w, https:\/\/i0.wp.com\/www.shqiperia.com\/blog\/wp-content\/uploads\/2020\/08\/640-0-5f422b2c9a12a.jpg?resize=400%2C599&amp;ssl=1 400w, https:\/\/i0.wp.com\/www.shqiperia.com\/blog\/wp-content\/uploads\/2020\/08\/640-0-5f422b2c9a12a.jpg?w=640&amp;ssl=1 640w\" sizes=\"auto, (max-width: 349px) 100vw, 349px\" \/> <img data-recalc-dims=\"1\" loading=\"lazy\" decoding=\"async\" data-attachment-id=\"37660\" data-permalink=\"https:\/\/www.shqiperia.com\/blog\/historia-e-rralle-familja-qe-jeton-ne-shtepine-900-vjecare-prej-29-gjeneratash-fotot\/640-0-5f422b2cc34f5\/\" data-orig-file=\"https:\/\/i0.wp.com\/www.shqiperia.com\/blog\/wp-content\/uploads\/2020\/08\/640-0-5f422b2cc34f5.jpg?fit=640%2C959&amp;ssl=1\" data-orig-size=\"640,959\" data-comments-opened=\"1\" data-image-meta=\"{&quot;aperture&quot;:&quot;0&quot;,&quot;credit&quot;:&quot;&quot;,&quot;camera&quot;:&quot;&quot;,&quot;caption&quot;:&quot;&quot;,&quot;created_timestamp&quot;:&quot;0&quot;,&quot;copyright&quot;:&quot;&quot;,&quot;focal_length&quot;:&quot;0&quot;,&quot;iso&quot;:&quot;0&quot;,&quot;shutter_speed&quot;:&quot;0&quot;,&quot;title&quot;:&quot;&quot;,&quot;orientation&quot;:&quot;0&quot;}\" data-image-title=\"-640-0-5f422b2cc34f5\" data-image-description=\"\" data-image-caption=\"\" data-medium-file=\"https:\/\/i0.wp.com\/www.shqiperia.com\/blog\/wp-content\/uploads\/2020\/08\/640-0-5f422b2cc34f5.jpg?fit=200%2C300&amp;ssl=1\" data-large-file=\"https:\/\/i0.wp.com\/www.shqiperia.com\/blog\/wp-content\/uploads\/2020\/08\/640-0-5f422b2cc34f5.jpg?fit=640%2C959&amp;ssl=1\" class=\"alignnone  wp-image-37660\" alt=\"\" src=\"https:\/\/i0.wp.com\/www.shqiperia.com\/blog\/wp-content\/uploads\/2020\/08\/640-0-5f422b2cc34f5.jpg?resize=349%2C524&#038;ssl=1\" width=\"349\" height=\"524\" srcset=\"https:\/\/i0.wp.com\/www.shqiperia.com\/blog\/wp-content\/uploads\/2020\/08\/640-0-5f422b2cc34f5.jpg?resize=200%2C300&amp;ssl=1 200w, https:\/\/i0.wp.com\/www.shqiperia.com\/blog\/wp-content\/uploads\/2020\/08\/640-0-5f422b2cc34f5.jpg?resize=450%2C674&amp;ssl=1 450w, https:\/\/i0.wp.com\/www.shqiperia.com\/blog\/wp-content\/uploads\/2020\/08\/640-0-5f422b2cc34f5.jpg?resize=600%2C899&amp;ssl=1 600w, https:\/\/i0.wp.com\/www.shqiperia.com\/blog\/wp-content\/uploads\/2020\/08\/640-0-5f422b2cc34f5.jpg?resize=400%2C599&amp;ssl=1 400w, https:\/\/i0.wp.com\/www.shqiperia.com\/blog\/wp-content\/uploads\/2020\/08\/640-0-5f422b2cc34f5.jpg?w=640&amp;ssl=1 640w\" sizes=\"auto, (max-width: 349px) 100vw, 349px\" \/> <img data-recalc-dims=\"1\" loading=\"lazy\" decoding=\"async\" data-attachment-id=\"37661\" data-permalink=\"https:\/\/www.shqiperia.com\/blog\/historia-e-rralle-familja-qe-jeton-ne-shtepine-900-vjecare-prej-29-gjeneratash-fotot\/640-0-5f422b2ce4d71\/\" data-orig-file=\"https:\/\/i0.wp.com\/www.shqiperia.com\/blog\/wp-content\/uploads\/2020\/08\/640-0-5f422b2ce4d71.jpg?fit=640%2C426&amp;ssl=1\" data-orig-size=\"640,426\" data-comments-opened=\"1\" data-image-meta=\"{&quot;aperture&quot;:&quot;0&quot;,&quot;credit&quot;:&quot;&quot;,&quot;camera&quot;:&quot;&quot;,&quot;caption&quot;:&quot;&quot;,&quot;created_timestamp&quot;:&quot;0&quot;,&quot;copyright&quot;:&quot;&quot;,&quot;focal_length&quot;:&quot;0&quot;,&quot;iso&quot;:&quot;0&quot;,&quot;shutter_speed&quot;:&quot;0&quot;,&quot;title&quot;:&quot;&quot;,&quot;orientation&quot;:&quot;0&quot;}\" data-image-title=\"-640-0-5f422b2ce4d71\" data-image-description=\"\" data-image-caption=\"\" data-medium-file=\"https:\/\/i0.wp.com\/www.shqiperia.com\/blog\/wp-content\/uploads\/2020\/08\/640-0-5f422b2ce4d71.jpg?fit=300%2C200&amp;ssl=1\" data-large-file=\"https:\/\/i0.wp.com\/www.shqiperia.com\/blog\/wp-content\/uploads\/2020\/08\/640-0-5f422b2ce4d71.jpg?fit=640%2C426&amp;ssl=1\" class=\"alignnone  wp-image-37661\" alt=\"\" src=\"https:\/\/i0.wp.com\/www.shqiperia.com\/blog\/wp-content\/uploads\/2020\/08\/640-0-5f422b2ce4d71.jpg?resize=693%2C462&#038;ssl=1\" width=\"693\" height=\"462\" srcset=\"https:\/\/i0.wp.com\/www.shqiperia.com\/blog\/wp-content\/uploads\/2020\/08\/640-0-5f422b2ce4d71.jpg?resize=300%2C200&amp;ssl=1 300w, https:\/\/i0.wp.com\/www.shqiperia.com\/blog\/wp-content\/uploads\/2020\/08\/640-0-5f422b2ce4d71.jpg?resize=600%2C399&amp;ssl=1 600w, https:\/\/i0.wp.com\/www.shqiperia.com\/blog\/wp-content\/uploads\/2020\/08\/640-0-5f422b2ce4d71.jpg?resize=450%2C300&amp;ssl=1 450w, https:\/\/i0.wp.com\/www.shqiperia.com\/blog\/wp-content\/uploads\/2020\/08\/640-0-5f422b2ce4d71.jpg?resize=400%2C266&amp;ssl=1 400w, https:\/\/i0.wp.com\/www.shqiperia.com\/blog\/wp-content\/uploads\/2020\/08\/640-0-5f422b2ce4d71.jpg?w=640&amp;ssl=1 640w\" sizes=\"auto, (max-width: 693px) 100vw, 693px\" \/><\/p>\n<p>Historia e tyre \u00ebsht\u00eb nj\u00eb nga 12 t\u00eb rr\u00ebfyerat n\u00eb librin \u201cOld Homes, Ne\u00eb Life\u201d, shkruar nga Clive Aslet dhe fotografuar nga Dylan Thomas, e cila tregon p\u00ebr disa nga nd\u00ebrtesat m\u00eb madh\u00ebshtore t\u00eb vendit q\u00eb mbeten ende n\u00eb pron\u00ebsi private.<\/p>\n<p><img data-recalc-dims=\"1\" loading=\"lazy\" decoding=\"async\" data-attachment-id=\"37662\" data-permalink=\"https:\/\/www.shqiperia.com\/blog\/historia-e-rralle-familja-qe-jeton-ne-shtepine-900-vjecare-prej-29-gjeneratash-fotot\/640-0-5f422b2d138df\/\" data-orig-file=\"https:\/\/i0.wp.com\/www.shqiperia.com\/blog\/wp-content\/uploads\/2020\/08\/640-0-5f422b2d138df.jpg?fit=640%2C959&amp;ssl=1\" data-orig-size=\"640,959\" data-comments-opened=\"1\" data-image-meta=\"{&quot;aperture&quot;:&quot;0&quot;,&quot;credit&quot;:&quot;&quot;,&quot;camera&quot;:&quot;&quot;,&quot;caption&quot;:&quot;&quot;,&quot;created_timestamp&quot;:&quot;0&quot;,&quot;copyright&quot;:&quot;&quot;,&quot;focal_length&quot;:&quot;0&quot;,&quot;iso&quot;:&quot;0&quot;,&quot;shutter_speed&quot;:&quot;0&quot;,&quot;title&quot;:&quot;&quot;,&quot;orientation&quot;:&quot;0&quot;}\" data-image-title=\"-640-0-5f422b2d138df\" data-image-description=\"\" data-image-caption=\"\" data-medium-file=\"https:\/\/i0.wp.com\/www.shqiperia.com\/blog\/wp-content\/uploads\/2020\/08\/640-0-5f422b2d138df.jpg?fit=200%2C300&amp;ssl=1\" data-large-file=\"https:\/\/i0.wp.com\/www.shqiperia.com\/blog\/wp-content\/uploads\/2020\/08\/640-0-5f422b2d138df.jpg?fit=640%2C959&amp;ssl=1\" class=\"alignnone  wp-image-37662\" alt=\"\" src=\"https:\/\/i0.wp.com\/www.shqiperia.com\/blog\/wp-content\/uploads\/2020\/08\/640-0-5f422b2d138df.jpg?resize=344%2C516&#038;ssl=1\" width=\"344\" height=\"516\" srcset=\"https:\/\/i0.wp.com\/www.shqiperia.com\/blog\/wp-content\/uploads\/2020\/08\/640-0-5f422b2d138df.jpg?resize=200%2C300&amp;ssl=1 200w, https:\/\/i0.wp.com\/www.shqiperia.com\/blog\/wp-content\/uploads\/2020\/08\/640-0-5f422b2d138df.jpg?resize=450%2C674&amp;ssl=1 450w, https:\/\/i0.wp.com\/www.shqiperia.com\/blog\/wp-content\/uploads\/2020\/08\/640-0-5f422b2d138df.jpg?resize=600%2C899&amp;ssl=1 600w, https:\/\/i0.wp.com\/www.shqiperia.com\/blog\/wp-content\/uploads\/2020\/08\/640-0-5f422b2d138df.jpg?resize=400%2C599&amp;ssl=1 400w, https:\/\/i0.wp.com\/www.shqiperia.com\/blog\/wp-content\/uploads\/2020\/08\/640-0-5f422b2d138df.jpg?w=640&amp;ssl=1 640w\" sizes=\"auto, (max-width: 344px) 100vw, 344px\" \/> <img data-recalc-dims=\"1\" loading=\"lazy\" decoding=\"async\" data-attachment-id=\"37663\" data-permalink=\"https:\/\/www.shqiperia.com\/blog\/historia-e-rralle-familja-qe-jeton-ne-shtepine-900-vjecare-prej-29-gjeneratash-fotot\/640-0-5f422b2d401c6\/\" data-orig-file=\"https:\/\/i0.wp.com\/www.shqiperia.com\/blog\/wp-content\/uploads\/2020\/08\/640-0-5f422b2d401c6.jpg?fit=640%2C960&amp;ssl=1\" data-orig-size=\"640,960\" data-comments-opened=\"1\" data-image-meta=\"{&quot;aperture&quot;:&quot;0&quot;,&quot;credit&quot;:&quot;&quot;,&quot;camera&quot;:&quot;&quot;,&quot;caption&quot;:&quot;&quot;,&quot;created_timestamp&quot;:&quot;0&quot;,&quot;copyright&quot;:&quot;&quot;,&quot;focal_length&quot;:&quot;0&quot;,&quot;iso&quot;:&quot;0&quot;,&quot;shutter_speed&quot;:&quot;0&quot;,&quot;title&quot;:&quot;&quot;,&quot;orientation&quot;:&quot;0&quot;}\" data-image-title=\"-640-0-5f422b2d401c6\" data-image-description=\"\" data-image-caption=\"\" data-medium-file=\"https:\/\/i0.wp.com\/www.shqiperia.com\/blog\/wp-content\/uploads\/2020\/08\/640-0-5f422b2d401c6.jpg?fit=200%2C300&amp;ssl=1\" data-large-file=\"https:\/\/i0.wp.com\/www.shqiperia.com\/blog\/wp-content\/uploads\/2020\/08\/640-0-5f422b2d401c6.jpg?fit=640%2C960&amp;ssl=1\" class=\"alignnone  wp-image-37663\" alt=\"\" src=\"https:\/\/i0.wp.com\/www.shqiperia.com\/blog\/wp-content\/uploads\/2020\/08\/640-0-5f422b2d401c6.jpg?resize=342%2C513&#038;ssl=1\" width=\"342\" height=\"513\" srcset=\"https:\/\/i0.wp.com\/www.shqiperia.com\/blog\/wp-content\/uploads\/2020\/08\/640-0-5f422b2d401c6.jpg?resize=200%2C300&amp;ssl=1 200w, https:\/\/i0.wp.com\/www.shqiperia.com\/blog\/wp-content\/uploads\/2020\/08\/640-0-5f422b2d401c6.jpg?resize=450%2C675&amp;ssl=1 450w, https:\/\/i0.wp.com\/www.shqiperia.com\/blog\/wp-content\/uploads\/2020\/08\/640-0-5f422b2d401c6.jpg?resize=600%2C900&amp;ssl=1 600w, https:\/\/i0.wp.com\/www.shqiperia.com\/blog\/wp-content\/uploads\/2020\/08\/640-0-5f422b2d401c6.jpg?resize=400%2C600&amp;ssl=1 400w, https:\/\/i0.wp.com\/www.shqiperia.com\/blog\/wp-content\/uploads\/2020\/08\/640-0-5f422b2d401c6.jpg?w=640&amp;ssl=1 640w\" sizes=\"auto, (max-width: 342px) 100vw, 342px\" \/> <img data-recalc-dims=\"1\" loading=\"lazy\" decoding=\"async\" data-attachment-id=\"37664\" data-permalink=\"https:\/\/www.shqiperia.com\/blog\/historia-e-rralle-familja-qe-jeton-ne-shtepine-900-vjecare-prej-29-gjeneratash-fotot\/640-0-5f422b2db2112-copy\/\" data-orig-file=\"https:\/\/i0.wp.com\/www.shqiperia.com\/blog\/wp-content\/uploads\/2020\/08\/640-0-5f422b2db2112-Copy.jpg?fit=640%2C960&amp;ssl=1\" data-orig-size=\"640,960\" data-comments-opened=\"1\" data-image-meta=\"{&quot;aperture&quot;:&quot;0&quot;,&quot;credit&quot;:&quot;&quot;,&quot;camera&quot;:&quot;&quot;,&quot;caption&quot;:&quot;&quot;,&quot;created_timestamp&quot;:&quot;0&quot;,&quot;copyright&quot;:&quot;&quot;,&quot;focal_length&quot;:&quot;0&quot;,&quot;iso&quot;:&quot;0&quot;,&quot;shutter_speed&quot;:&quot;0&quot;,&quot;title&quot;:&quot;&quot;,&quot;orientation&quot;:&quot;0&quot;}\" data-image-title=\"-640-0-5f422b2db2112 &#8211; Copy\" data-image-description=\"\" data-image-caption=\"\" data-medium-file=\"https:\/\/i0.wp.com\/www.shqiperia.com\/blog\/wp-content\/uploads\/2020\/08\/640-0-5f422b2db2112-Copy.jpg?fit=200%2C300&amp;ssl=1\" data-large-file=\"https:\/\/i0.wp.com\/www.shqiperia.com\/blog\/wp-content\/uploads\/2020\/08\/640-0-5f422b2db2112-Copy.jpg?fit=640%2C960&amp;ssl=1\" class=\"alignnone  wp-image-37664\" alt=\"\" src=\"https:\/\/i0.wp.com\/www.shqiperia.com\/blog\/wp-content\/uploads\/2020\/08\/640-0-5f422b2db2112-Copy.jpg?resize=339%2C509&#038;ssl=1\" width=\"339\" height=\"509\" srcset=\"https:\/\/i0.wp.com\/www.shqiperia.com\/blog\/wp-content\/uploads\/2020\/08\/640-0-5f422b2db2112-Copy.jpg?resize=200%2C300&amp;ssl=1 200w, https:\/\/i0.wp.com\/www.shqiperia.com\/blog\/wp-content\/uploads\/2020\/08\/640-0-5f422b2db2112-Copy.jpg?resize=450%2C675&amp;ssl=1 450w, https:\/\/i0.wp.com\/www.shqiperia.com\/blog\/wp-content\/uploads\/2020\/08\/640-0-5f422b2db2112-Copy.jpg?resize=600%2C900&amp;ssl=1 600w, https:\/\/i0.wp.com\/www.shqiperia.com\/blog\/wp-content\/uploads\/2020\/08\/640-0-5f422b2db2112-Copy.jpg?resize=400%2C600&amp;ssl=1 400w, https:\/\/i0.wp.com\/www.shqiperia.com\/blog\/wp-content\/uploads\/2020\/08\/640-0-5f422b2db2112-Copy.jpg?w=640&amp;ssl=1 640w\" sizes=\"auto, (max-width: 339px) 100vw, 339px\" \/> <img data-recalc-dims=\"1\" loading=\"lazy\" decoding=\"async\" data-attachment-id=\"37665\" data-permalink=\"https:\/\/www.shqiperia.com\/blog\/historia-e-rralle-familja-qe-jeton-ne-shtepine-900-vjecare-prej-29-gjeneratash-fotot\/640-0-5f422b2de2293\/\" data-orig-file=\"https:\/\/i0.wp.com\/www.shqiperia.com\/blog\/wp-content\/uploads\/2020\/08\/640-0-5f422b2de2293.jpg?fit=640%2C960&amp;ssl=1\" data-orig-size=\"640,960\" data-comments-opened=\"1\" data-image-meta=\"{&quot;aperture&quot;:&quot;0&quot;,&quot;credit&quot;:&quot;&quot;,&quot;camera&quot;:&quot;&quot;,&quot;caption&quot;:&quot;&quot;,&quot;created_timestamp&quot;:&quot;0&quot;,&quot;copyright&quot;:&quot;&quot;,&quot;focal_length&quot;:&quot;0&quot;,&quot;iso&quot;:&quot;0&quot;,&quot;shutter_speed&quot;:&quot;0&quot;,&quot;title&quot;:&quot;&quot;,&quot;orientation&quot;:&quot;0&quot;}\" data-image-title=\"-640-0-5f422b2de2293\" data-image-description=\"\" data-image-caption=\"\" data-medium-file=\"https:\/\/i0.wp.com\/www.shqiperia.com\/blog\/wp-content\/uploads\/2020\/08\/640-0-5f422b2de2293.jpg?fit=200%2C300&amp;ssl=1\" data-large-file=\"https:\/\/i0.wp.com\/www.shqiperia.com\/blog\/wp-content\/uploads\/2020\/08\/640-0-5f422b2de2293.jpg?fit=640%2C960&amp;ssl=1\" class=\"alignnone  wp-image-37665\" alt=\"\" src=\"https:\/\/i0.wp.com\/www.shqiperia.com\/blog\/wp-content\/uploads\/2020\/08\/640-0-5f422b2de2293.jpg?resize=337%2C506&#038;ssl=1\" width=\"337\" height=\"506\" srcset=\"https:\/\/i0.wp.com\/www.shqiperia.com\/blog\/wp-content\/uploads\/2020\/08\/640-0-5f422b2de2293.jpg?resize=200%2C300&amp;ssl=1 200w, https:\/\/i0.wp.com\/www.shqiperia.com\/blog\/wp-content\/uploads\/2020\/08\/640-0-5f422b2de2293.jpg?resize=450%2C675&amp;ssl=1 450w, https:\/\/i0.wp.com\/www.shqiperia.com\/blog\/wp-content\/uploads\/2020\/08\/640-0-5f422b2de2293.jpg?resize=600%2C900&amp;ssl=1 600w, https:\/\/i0.wp.com\/www.shqiperia.com\/blog\/wp-content\/uploads\/2020\/08\/640-0-5f422b2de2293.jpg?resize=400%2C600&amp;ssl=1 400w, https:\/\/i0.wp.com\/www.shqiperia.com\/blog\/wp-content\/uploads\/2020\/08\/640-0-5f422b2de2293.jpg?w=640&amp;ssl=1 640w\" sizes=\"auto, (max-width: 337px) 100vw, 337px\" \/><\/p>\n<p>Lucy ishte 23 vje\u00e7 kur mamaja e saj, Lady Morrison shkoi p\u00ebr t\u00eb jetuar n\u00eb Madresfield pasi e kishte trash\u00ebguar at\u00eb nga xhaxhai i saj. Ajo u mundua shum\u00eb p\u00ebr t\u00eb mir\u00ebmbajtur sht\u00ebpin\u00eb, por kur mb\u00ebrriti Lucy dhe Jonathan n\u00eb 2012 n\u00eb nd\u00ebrtes\u00eb kishte ende shum\u00eb pun\u00eb p\u00ebr t\u00eb b\u00ebr\u00eb, pasi aty prej m\u00eb shum\u00eb se 100 vitesh nuk kishin jetuar f\u00ebmij\u00eb t\u00eb vegj\u00ebl.<\/p>\n<p><strong>GAZETA SHQIP<\/strong><\/p>\n","protected":false},"excerpt":{"rendered":"<p>Historia e rrall\u00eb! Familja q\u00eb jeton n\u00eb sht\u00ebpin\u00eb 900 vje\u00e7are prej 29 gjeneratash (FOTOT) \u00a0GUSHT 2020\u00a0\u00a0\u00a0\u00a0\u00a0\u00a0\u00a0 \u201cMadresfield Court\u201d \u00ebsht\u00eb nj\u00eb sht\u00ebpi q\u00eb nuk i ngjan aspak banes\u00ebs s\u00eb nj\u00eb familje t\u00eb zakonshme. Prona, e vendosur n\u00eb fshatin Worcestershire, ka qen\u00eb e familjes s\u00eb pronarit t\u00eb saj aktual, Lucy Chenevix-Trench, prej 900 vjet\u00ebsh. E megjithat\u00eb Lucy [&hellip;]<\/p>\n","protected":false},"author":9,"featured_media":37658,"comment_status":"open","ping_status":"open","sticky":false,"template":"","format":"standard","meta":{"jetpack_post_was_ever_published":false,"_jetpack_newsletter_access":"","_jetpack_dont_email_post_to_subs":false,"_jetpack_newsletter_tier_id":0,"_jetpack_memberships_contains_paywalled_content":false,"_jetpack_memberships_contains_paid_content":false,"footnotes":"","jetpack_publicize_message":"","jetpack_publicize_feature_enabled":true,"jetpack_social_post_already_shared":true,"jetpack_social_options":{"image_generator_settings":{"template":"highway","default_image_id":0,"font":"","enabled":false},"version":2}},"categories":[85,10,86],"tags":[],"class_list":["post-37657","post","type-post","status-publish","format-standard","has-post-thumbnail","hentry","category-histori","category-kultura","category-trashegimi-kulturore"],"jetpack_publicize_connections":[],"jetpack_featured_media_url":"https:\/\/i0.wp.com\/www.shqiperia.com\/blog\/wp-content\/uploads\/2020\/08\/640-0-5f422b2db2112.jpg?fit=640%2C410&ssl=1","jetpack_sharing_enabled":true,"jetpack_shortlink":"https:\/\/wp.me\/p5Z6wp-9Nn","jetpack-related-posts":[{"id":52413,"url":"https:\/\/www.shqiperia.com\/blog\/kuriozitet-i-rralle-fjeti-per-9-vite-me-radhe-historia-e-pazakonte-e-elen-sadler-dhe-e-semundjes-se-saj-te-panjohur-qe-tronditi-boten\/","url_meta":{"origin":37657,"position":0},"title":"Kuriozitet i Rralle: &#8211; Fjeti p\u00ebr 9 vite me radh\u00eb, historia e pazakont\u00eb e Elen Sadler, dhe e s\u00ebmundjes s\u00eb saj t\u00eb panjohur q\u00eb tronditi bot\u00ebn","author":"Kurt Farka","date":"December 16, 2021","format":false,"excerpt":"Kuriozitet i Rralle: - Fjeti p\u00ebr 9 vite me radh\u00eb, historia e pazakont\u00eb e Elen Sadler, dhe e s\u00ebmundjes s\u00eb saj t\u00eb panjohur q\u00eb tronditi bot\u00ebn Shekulli XIX-t\u00eb ishte nj\u00eb epok\u00eb magjeps\u00ebse, pasi p\u00ebrkonte me fillimin e revolucionit industrial, modernizimit t\u00eb mjek\u00ebsis\u00eb, dhe me nj\u00eb ndryshim social q\u00eb do t\u00eb\u2026","rel":"","context":"In &quot;Blogu i Udh\u00ebtarit&quot;","block_context":{"text":"Blogu i Udh\u00ebtarit","link":"https:\/\/www.shqiperia.com\/blog\/category\/blogu-i-udhetarit\/"},"img":{"alt_text":"","src":"https:\/\/i0.wp.com\/www.shqiperia.com\/blog\/wp-content\/uploads\/2021\/12\/Elen-Sadler-514x450-1.png?fit=514%2C374&ssl=1&resize=350%2C200","width":350,"height":200},"classes":[]},{"id":19144,"url":"https:\/\/www.shqiperia.com\/blog\/rrefimi-i-rralle-i-murgeshes-shqiptare-familja-me-gjeti-burre-mendonin-se-isha-cmendur-por\/","url_meta":{"origin":37657,"position":1},"title":"Rr\u00ebfimi i rrall\u00eb i murgesh\u00ebs shqiptare: &#8211; Familja m\u00eb gjeti burr\u00eb, mendonin se isha \u00e7mendur, por\u2026","author":"Kurt Farka","date":"April 3, 2019","format":false,"excerpt":"Rr\u00ebfimi i rrall\u00eb i murgesh\u00ebs shqiptare: - Familja m\u00eb gjeti burr\u00eb, mendonin se isha \u00e7mendur, por\u2026 N\u00eb programin online \u201cFol me psikologen\u201d, p\u00ebrball\u00eb psikologes Ervisa Lula ka q\u00ebn\u00eb k\u00ebt\u00eb her\u00eb nj\u00eb murgesh\u00eb. Mot\u00ebr Mira Koleci prej m\u00eb shum\u00eb se 20 vitesh i sh\u00ebrben Zotit. N\u00eb nj\u00eb rr\u00ebfim t\u00eb pazakont\u00eb ajo\u2026","rel":"","context":"In &quot;Blogu i Udh\u00ebtarit&quot;","block_context":{"text":"Blogu i Udh\u00ebtarit","link":"https:\/\/www.shqiperia.com\/blog\/category\/blogu-i-udhetarit\/"},"img":{"alt_text":"","src":"https:\/\/i0.wp.com\/www.shqiperia.com\/blog\/wp-content\/uploads\/2019\/04\/EMISIONI.00_14_52_03.Still004.jpg?fit=1200%2C675&ssl=1&resize=350%2C200","width":350,"height":200,"srcset":"https:\/\/i0.wp.com\/www.shqiperia.com\/blog\/wp-content\/uploads\/2019\/04\/EMISIONI.00_14_52_03.Still004.jpg?fit=1200%2C675&ssl=1&resize=350%2C200 1x, https:\/\/i0.wp.com\/www.shqiperia.com\/blog\/wp-content\/uploads\/2019\/04\/EMISIONI.00_14_52_03.Still004.jpg?fit=1200%2C675&ssl=1&resize=525%2C300 1.5x, https:\/\/i0.wp.com\/www.shqiperia.com\/blog\/wp-content\/uploads\/2019\/04\/EMISIONI.00_14_52_03.Still004.jpg?fit=1200%2C675&ssl=1&resize=700%2C400 2x, https:\/\/i0.wp.com\/www.shqiperia.com\/blog\/wp-content\/uploads\/2019\/04\/EMISIONI.00_14_52_03.Still004.jpg?fit=1200%2C675&ssl=1&resize=1050%2C600 3x"},"classes":[]},{"id":80280,"url":"https:\/\/www.shqiperia.com\/blog\/dubai-po-rimekembet-nga-permbytjet-banoret-po-nisin-te-vleresojne-demet-ne-shtepi-dhe-biznese\/","url_meta":{"origin":37657,"position":2},"title":"Dubai po rim\u00ebk\u00ebmbet nga p\u00ebrmbytjet, banor\u00ebt po nisin t\u00eb vler\u00ebsojn\u00eb d\u00ebmet n\u00eb sht\u00ebpi dhe biznese","author":"Kurt Farka","date":"April 18, 2024","format":false,"excerpt":"18 Prill 2024 Dubai po rim\u00ebk\u00ebmb\u00ebt ngadal\u00eb nga p\u00ebrmbytjet e m\u00ebdha pas reshjeve t\u00eb nj\u00eb niveli rekord t\u00eb s\u00eb mart\u00ebs. P\u00ebrmbytjet bllokuan banor\u00ebt n\u00eb rrug\u00eb dhe sht\u00ebpi. Nj\u00eb banore, Rinku Makhecha, e cila jeton me an\u00ebtar\u00ebt e tjer\u00eb t\u00eb familjes, u zhvendos n\u00eb sht\u00ebpin\u00eb e saj t\u00eb sapomobiluar dy jav\u00eb\u2026","rel":"","context":"In &quot;Blogu i Udh\u00ebtarit&quot;","block_context":{"text":"Blogu i Udh\u00ebtarit","link":"https:\/\/www.shqiperia.com\/blog\/category\/blogu-i-udhetarit\/"},"img":{"alt_text":"","src":"https:\/\/i0.wp.com\/www.shqiperia.com\/blog\/wp-content\/uploads\/2024\/04\/permbytjet-dubai-1024x576-1.jpg?fit=1024%2C576&ssl=1&resize=350%2C200","width":350,"height":200,"srcset":"https:\/\/i0.wp.com\/www.shqiperia.com\/blog\/wp-content\/uploads\/2024\/04\/permbytjet-dubai-1024x576-1.jpg?fit=1024%2C576&ssl=1&resize=350%2C200 1x, https:\/\/i0.wp.com\/www.shqiperia.com\/blog\/wp-content\/uploads\/2024\/04\/permbytjet-dubai-1024x576-1.jpg?fit=1024%2C576&ssl=1&resize=525%2C300 1.5x, https:\/\/i0.wp.com\/www.shqiperia.com\/blog\/wp-content\/uploads\/2024\/04\/permbytjet-dubai-1024x576-1.jpg?fit=1024%2C576&ssl=1&resize=700%2C400 2x"},"classes":[]},{"id":45902,"url":"https:\/\/www.shqiperia.com\/blog\/ne-vilen-e-piktorit-sali-shijaku-historia-e-rralle-e-dashurise-me-anamarian-muzen-e-cdo-pikture-te-artistit\/","url_meta":{"origin":37657,"position":3},"title":"N\u00eb vil\u00ebn e piktorit Sali Shijaku; historia e rrall\u00eb e dashuris\u00eb me Anamarian, muz\u00ebn e \u00e7do pikture t\u00eb artistit","author":"Kurt Farka","date":"March 30, 2021","format":false,"excerpt":"N\u00eb vil\u00ebn e piktorit Sali Shijaku; historia e rrall\u00eb e dashuris\u00eb me Anamarian, muz\u00ebn e \u00e7do pikture t\u00eb artistit P\u00ebrgatiti Ani Jaupaj P\u00ebr her\u00eb t\u00eb par\u00eb, n\u00eb vil\u00ebn e piktorit Sali Shijaku, m\u00eb ka ftuar regjisori Muharrem Fejzo. P\u00ebrpara se t\u00eb m\u00eb tregonte p\u00ebr veten e p\u00ebr \u00e7\u2019ishim takuar, m\u00eb\u2026","rel":"","context":"In &quot;Kultura&quot;","block_context":{"text":"Kultura","link":"https:\/\/www.shqiperia.com\/blog\/category\/kultura\/"},"img":{"alt_text":"","src":"https:\/\/i0.wp.com\/www.shqiperia.com\/blog\/wp-content\/uploads\/2021\/03\/Ne-vilen-e-piktorit-Sali-Shijaku-3.jpg?fit=640%2C427&ssl=1&resize=350%2C200","width":350,"height":200,"srcset":"https:\/\/i0.wp.com\/www.shqiperia.com\/blog\/wp-content\/uploads\/2021\/03\/Ne-vilen-e-piktorit-Sali-Shijaku-3.jpg?fit=640%2C427&ssl=1&resize=350%2C200 1x, https:\/\/i0.wp.com\/www.shqiperia.com\/blog\/wp-content\/uploads\/2021\/03\/Ne-vilen-e-piktorit-Sali-Shijaku-3.jpg?fit=640%2C427&ssl=1&resize=525%2C300 1.5x"},"classes":[]},{"id":63610,"url":"https:\/\/www.shqiperia.com\/blog\/misteri-mbi-unazen-prej-ari-400-vjecare-qe-u-zbulua-ne-ish-shtepine-e-paul-hollywood\/","url_meta":{"origin":37657,"position":4},"title":"Misteri mbi unaz\u00ebn prej ari 400-vje\u00e7are q\u00eb u zbulua n\u00eb ish-sht\u00ebpin\u00eb e Paul Hollywood","author":"Kurt Farka","date":"October 25, 2022","format":false,"excerpt":"25 Tetor 2022 Nj\u00eb unaz\u00eb ari 400-vje\u00e7are me vler\u00eb deri n\u00eb 30,000 \u00a3 \u00ebsht\u00eb zbuluar nga nj\u00eb detektor metali n\u00eb mjediset e sht\u00ebpis\u00eb s\u00eb dikurshme t\u00eb Paul Hollywood, kuzhinier i famsh\u00ebm anglez dhe prezantues televiziv. Mark Presland, 60 vje\u00e7, e gjeti unaz\u00ebn n\u00eb at\u00eb q\u00eb tani \u00ebsht\u00eb rezidenca e ish-gruas\u2026","rel":"","context":"In &quot;Histori&quot;","block_context":{"text":"Histori","link":"https:\/\/www.shqiperia.com\/blog\/category\/histori\/"},"img":{"alt_text":"","src":"https:\/\/i0.wp.com\/www.shqiperia.com\/blog\/wp-content\/uploads\/2022\/10\/Unaza-450-vjecare.jpg?fit=640%2C360&ssl=1&resize=350%2C200","width":350,"height":200,"srcset":"https:\/\/i0.wp.com\/www.shqiperia.com\/blog\/wp-content\/uploads\/2022\/10\/Unaza-450-vjecare.jpg?fit=640%2C360&ssl=1&resize=350%2C200 1x, https:\/\/i0.wp.com\/www.shqiperia.com\/blog\/wp-content\/uploads\/2022\/10\/Unaza-450-vjecare.jpg?fit=640%2C360&ssl=1&resize=525%2C300 1.5x"},"classes":[]},{"id":922,"url":"https:\/\/www.shqiperia.com\/blog\/shtepia-e-abatit-prenk-doci-ne-shkoder-shpallet-monument-mbrojtur-nga-shteti\/","url_meta":{"origin":37657,"position":5},"title":"Sht\u00ebpia e Abatit Prenk Do\u00e7i n\u00eb Shkod\u00ebr shpallet monument i mbrojtur nga shteti","author":"Kurt Farka","date":"January 9, 2018","format":false,"excerpt":"Nga: Fatmira Nikolli Sht\u00ebpia e Abatit Prenk Do\u00e7i n\u00eb Shkod\u00ebr \u00ebsht\u00eb shpallur monument i mbrojtur nga shteti prej Ministris\u00eb s\u00eb Kultur\u00ebs. Vendimi n\u00eb fjal\u00eb merr r\u00ebnd\u00ebsi, n\u00eb nj\u00eb koh\u00eb q\u00eb nj\u00eb plan i ri ubanistik mund t\u00eb kanoste ekzistenc\u00ebn e saj t\u00eb m\u00ebtejshme. Ka qen\u00eb ministrja Mirela Kumbaro, q\u00eb e\u2026","rel":"","context":"In &quot;Trashegimi Kulturore&quot;","block_context":{"text":"Trashegimi Kulturore","link":"https:\/\/www.shqiperia.com\/blog\/category\/trashegimi-kulturore\/"},"img":{"alt_text":"","src":"https:\/\/i0.wp.com\/www.shqiperia.com\/blog\/wp-content\/uploads\/2018\/01\/Sht%C3%ABpia-e-Abatit-Doci.jpg?fit=770%2C433&ssl=1&resize=350%2C200","width":350,"height":200,"srcset":"https:\/\/i0.wp.com\/www.shqiperia.com\/blog\/wp-content\/uploads\/2018\/01\/Sht%C3%ABpia-e-Abatit-Doci.jpg?fit=770%2C433&ssl=1&resize=350%2C200 1x, https:\/\/i0.wp.com\/www.shqiperia.com\/blog\/wp-content\/uploads\/2018\/01\/Sht%C3%ABpia-e-Abatit-Doci.jpg?fit=770%2C433&ssl=1&resize=525%2C300 1.5x, https:\/\/i0.wp.com\/www.shqiperia.com\/blog\/wp-content\/uploads\/2018\/01\/Sht%C3%ABpia-e-Abatit-Doci.jpg?fit=770%2C433&ssl=1&resize=700%2C400 2x"},"classes":[]}],"_links":{"self":[{"href":"https:\/\/www.shqiperia.com\/blog\/wp-json\/wp\/v2\/posts\/37657","targetHints":{"allow":["GET"]}}],"collection":[{"href":"https:\/\/www.shqiperia.com\/blog\/wp-json\/wp\/v2\/posts"}],"about":[{"href":"https:\/\/www.shqiperia.com\/blog\/wp-json\/wp\/v2\/types\/post"}],"author":[{"embeddable":true,"href":"https:\/\/www.shqiperia.com\/blog\/wp-json\/wp\/v2\/users\/9"}],"replies":[{"embeddable":true,"href":"https:\/\/www.shqiperia.com\/blog\/wp-json\/wp\/v2\/comments?post=37657"}],"version-history":[{"count":1,"href":"https:\/\/www.shqiperia.com\/blog\/wp-json\/wp\/v2\/posts\/37657\/revisions"}],"predecessor-version":[{"id":37666,"href":"https:\/\/www.shqiperia.com\/blog\/wp-json\/wp\/v2\/posts\/37657\/revisions\/37666"}],"wp:featuredmedia":[{"embeddable":true,"href":"https:\/\/www.shqiperia.com\/blog\/wp-json\/wp\/v2\/media\/37658"}],"wp:attachment":[{"href":"https:\/\/www.shqiperia.com\/blog\/wp-json\/wp\/v2\/media?parent=37657"}],"wp:term":[{"taxonomy":"category","embeddable":true,"href":"https:\/\/www.shqiperia.com\/blog\/wp-json\/wp\/v2\/categories?post=37657"},{"taxonomy":"post_tag","embeddable":true,"href":"https:\/\/www.shqiperia.com\/blog\/wp-json\/wp\/v2\/tags?post=37657"}],"curies":[{"name":"wp","href":"https:\/\/api.w.org\/{rel}","templated":true}]}}