{"id":37649,"date":"2020-08-25T00:06:44","date_gmt":"2020-08-25T00:06:44","guid":{"rendered":"https:\/\/www.shqiperia.com\/blog\/?p=37649"},"modified":"2020-08-25T00:06:44","modified_gmt":"2020-08-25T00:06:44","slug":"njerezit-mund-te-transmetojne-koronavirusin-te-macet-dhe-qente","status":"publish","type":"post","link":"https:\/\/www.shqiperia.com\/blog\/njerezit-mund-te-transmetojne-koronavirusin-te-macet-dhe-qente\/","title":{"rendered":"Njer\u00ebzit mund t\u00eb transmetojn\u00eb koronavirusin te macet dhe qent\u00eb"},"content":{"rendered":"<p><img data-recalc-dims=\"1\" loading=\"lazy\" decoding=\"async\" data-attachment-id=\"37650\" data-permalink=\"https:\/\/www.shqiperia.com\/blog\/njerezit-mund-te-transmetojne-koronavirusin-te-macet-dhe-qente\/uinhyion-905x450\/\" data-orig-file=\"https:\/\/i0.wp.com\/www.shqiperia.com\/blog\/wp-content\/uploads\/2020\/08\/uinhyion-905x450-1.jpg?fit=905%2C450&amp;ssl=1\" data-orig-size=\"905,450\" data-comments-opened=\"1\" data-image-meta=\"{&quot;aperture&quot;:&quot;0&quot;,&quot;credit&quot;:&quot;&quot;,&quot;camera&quot;:&quot;&quot;,&quot;caption&quot;:&quot;&quot;,&quot;created_timestamp&quot;:&quot;0&quot;,&quot;copyright&quot;:&quot;&quot;,&quot;focal_length&quot;:&quot;0&quot;,&quot;iso&quot;:&quot;0&quot;,&quot;shutter_speed&quot;:&quot;0&quot;,&quot;title&quot;:&quot;&quot;,&quot;orientation&quot;:&quot;0&quot;}\" data-image-title=\"uinhyion-905&#215;450\" data-image-description=\"\" data-image-caption=\"\" data-medium-file=\"https:\/\/i0.wp.com\/www.shqiperia.com\/blog\/wp-content\/uploads\/2020\/08\/uinhyion-905x450-1.jpg?fit=300%2C149&amp;ssl=1\" data-large-file=\"https:\/\/i0.wp.com\/www.shqiperia.com\/blog\/wp-content\/uploads\/2020\/08\/uinhyion-905x450-1.jpg?fit=905%2C450&amp;ssl=1\" class=\"alignnone  wp-image-37650\" alt=\"\" src=\"https:\/\/i0.wp.com\/www.shqiperia.com\/blog\/wp-content\/uploads\/2020\/08\/uinhyion-905x450-1.jpg?resize=580%2C288&#038;ssl=1\" width=\"580\" height=\"288\" srcset=\"https:\/\/i0.wp.com\/www.shqiperia.com\/blog\/wp-content\/uploads\/2020\/08\/uinhyion-905x450-1.jpg?resize=300%2C149&amp;ssl=1 300w, https:\/\/i0.wp.com\/www.shqiperia.com\/blog\/wp-content\/uploads\/2020\/08\/uinhyion-905x450-1.jpg?resize=768%2C382&amp;ssl=1 768w, https:\/\/i0.wp.com\/www.shqiperia.com\/blog\/wp-content\/uploads\/2020\/08\/uinhyion-905x450-1.jpg?resize=450%2C224&amp;ssl=1 450w, https:\/\/i0.wp.com\/www.shqiperia.com\/blog\/wp-content\/uploads\/2020\/08\/uinhyion-905x450-1.jpg?resize=600%2C298&amp;ssl=1 600w, https:\/\/i0.wp.com\/www.shqiperia.com\/blog\/wp-content\/uploads\/2020\/08\/uinhyion-905x450-1.jpg?resize=400%2C199&amp;ssl=1 400w, https:\/\/i0.wp.com\/www.shqiperia.com\/blog\/wp-content\/uploads\/2020\/08\/uinhyion-905x450-1.jpg?w=905&amp;ssl=1 905w\" sizes=\"auto, (max-width: 580px) 100vw, 580px\" \/><\/p>\n<p><strong>Njer\u00ebzit mund t\u00eb transmetojn\u00eb koronavirusin te macet dhe qent\u00eb<\/strong><\/p>\n<p>Gusht 2020<\/p>\n<p>Nj\u00eb studim i shkenc\u00ebtar\u00ebve italian\u00eb ka treguar q\u00eb njer\u00ebzit mund t\u00eb transmetojn\u00eb COVID-19 te macet dhe qent\u00eb.<\/p>\n<p>Studimi ekzaminoi 540 qen\u00eb dhe 277 mace q\u00eb jetojn\u00eb n\u00eb familje n\u00eb veri t\u00eb Italis\u00eb, ve\u00e7an\u00ebrisht n\u00eb Lombardi, rajoni i goditur m\u00eb r\u00ebnd\u00eb nga pandemia.<\/p>\n<p>Studiuesit gjet\u00ebn antitrupa koronavirusi n\u00eb 3.4 p\u00ebr qind t\u00eb qenve dhe 3.9 p\u00ebr qind t\u00eb maceve, duke treguar q\u00eb ata ishin t\u00eb infektuar me virus.<\/p>\n<p>Testimi u krye nga marsi deri n\u00eb maj t\u00eb k\u00ebtij viti. Thomas Mettenleiter, drejtor i Institutit Shtet\u00ebror gjerman p\u00ebr K\u00ebrkime t\u00eb Sh\u00ebndetit t\u00eb Kafsh\u00ebve (FLI), tha se rezultatet tregojn\u00eb se transmetimi midis njer\u00ebzve dhe kafsh\u00ebve \u00ebsht\u00eb i mundur.<\/p>\n<p>\u201cK\u00ebto rezultate konfirmojn\u00eb at\u00eb q\u00eb dim\u00eb m\u00eb par\u00eb,\u201d tha Mettenleiter.<\/p>\n<p>Ai shpjegoi se shumica e kafsh\u00ebve t\u00eb testuara vijn\u00eb nga familjet e prekura nga koronavirusi, q\u00eb do t\u00eb thot\u00eb se infeksioni n\u00eb p\u00ebrgjith\u00ebsi transmetohet nga njer\u00ebzit te kafsh\u00ebt.<\/p>\n<p>Por qent\u00eb dhe macet nuk luajn\u00eb nj\u00eb rol t\u00eb r\u00ebnd\u00ebsish\u00ebm n\u00eb p\u00ebrhapjen e virusit, dhe njer\u00ebzit e sh\u00ebndetsh\u00ebm nuk duhet t\u00eb kufizojn\u00eb kontaktin me kafsh\u00ebt e tyre, tha Mettenleiter.<\/p>\n<p>Njer\u00ebzit e infektuar me koronavirus duhet t\u00eb b\u00ebjn\u00eb t\u00eb kund\u00ebrt\u00ebn, p\u00ebrkat\u00ebsisht, t\u00eb p\u00ebrmbahen nga kontakti me kafsh\u00ebt sht\u00ebpiake, megjith\u00ebse deri m\u00eb tani nuk ka indikacione se kafsh\u00ebt mund t\u00eb ngordhin nga virusi, theksoi ai.<\/p>\n<p>l.h\/ dita<\/p>\n","protected":false},"excerpt":{"rendered":"<p>Njer\u00ebzit mund t\u00eb transmetojn\u00eb koronavirusin te macet dhe qent\u00eb Gusht 2020 Nj\u00eb studim i shkenc\u00ebtar\u00ebve italian\u00eb ka treguar q\u00eb njer\u00ebzit mund t\u00eb transmetojn\u00eb COVID-19 te macet dhe qent\u00eb. Studimi ekzaminoi 540 qen\u00eb dhe 277 mace q\u00eb jetojn\u00eb n\u00eb familje n\u00eb veri t\u00eb Italis\u00eb, ve\u00e7an\u00ebrisht n\u00eb Lombardi, rajoni i goditur m\u00eb r\u00ebnd\u00eb nga pandemia. Studiuesit gjet\u00ebn [&hellip;]<\/p>\n","protected":false},"author":9,"featured_media":37650,"comment_status":"open","ping_status":"open","sticky":false,"template":"","format":"standard","meta":{"jetpack_post_was_ever_published":false,"_jetpack_newsletter_access":"","_jetpack_dont_email_post_to_subs":false,"_jetpack_newsletter_tier_id":0,"_jetpack_memberships_contains_paywalled_content":false,"_jetpack_memberships_contains_paid_content":false,"footnotes":"","jetpack_publicize_message":"","jetpack_publicize_feature_enabled":true,"jetpack_social_post_already_shared":true,"jetpack_social_options":{"image_generator_settings":{"template":"highway","default_image_id":0,"font":"","enabled":false},"version":2}},"categories":[27,35],"tags":[],"class_list":["post-37649","post","type-post","status-publish","format-standard","has-post-thumbnail","hentry","category-blogu-i-udhetarit","category-shoqerore"],"jetpack_publicize_connections":[],"jetpack_featured_media_url":"https:\/\/i0.wp.com\/www.shqiperia.com\/blog\/wp-content\/uploads\/2020\/08\/uinhyion-905x450-1.jpg?fit=905%2C450&ssl=1","jetpack_sharing_enabled":true,"jetpack_shortlink":"https:\/\/wp.me\/p5Z6wp-9Nf","jetpack-related-posts":[{"id":49105,"url":"https:\/\/www.shqiperia.com\/blog\/rreziku-per-ju-qe-mbani-ne-shtepi-qen-e-mace-si-duhet-te-veproni-nese-semureni-me-covid\/","url_meta":{"origin":37649,"position":0},"title":"Rreziku per Ju qe mbani ne shtepi qen e mace: &#8211; Si duhet t\u00eb veproni n\u00ebse s\u00ebmureni me Covid.","author":"Kurt Farka","date":"August 12, 2021","format":false,"excerpt":"Rreziku per Ju qe mbani ne shtepi qen e mace: - Si duhet t\u00eb veproni n\u00ebse s\u00ebmureni me Covid. - 12.08.2021 \u201cRreziku i mundsh\u00ebm eshte q\u00eb kafsh\u00ebt sht\u00ebpiake mund t\u00eb veprojn\u00eb si nj\u00eb rezervuar i virusit dhe ta transmetojn\u00eb te njer\u00ebzit.\u201d Nj\u00eb grup shkenc\u00ebtar\u00ebsh n\u00eb Holland\u00eb kan\u00eb zbuluar se koronavirusi\u2026","rel":"","context":"In &quot;Blogu i Udh\u00ebtarit&quot;","block_context":{"text":"Blogu i Udh\u00ebtarit","link":"https:\/\/www.shqiperia.com\/blog\/category\/blogu-i-udhetarit\/"},"img":{"alt_text":"","src":"https:\/\/i0.wp.com\/www.shqiperia.com\/blog\/wp-content\/uploads\/2021\/08\/785-0-60ddb958d58cf-770x433-1.jpg?fit=770%2C393&ssl=1&resize=350%2C200","width":350,"height":200,"srcset":"https:\/\/i0.wp.com\/www.shqiperia.com\/blog\/wp-content\/uploads\/2021\/08\/785-0-60ddb958d58cf-770x433-1.jpg?fit=770%2C393&ssl=1&resize=350%2C200 1x, https:\/\/i0.wp.com\/www.shqiperia.com\/blog\/wp-content\/uploads\/2021\/08\/785-0-60ddb958d58cf-770x433-1.jpg?fit=770%2C393&ssl=1&resize=525%2C300 1.5x, https:\/\/i0.wp.com\/www.shqiperia.com\/blog\/wp-content\/uploads\/2021\/08\/785-0-60ddb958d58cf-770x433-1.jpg?fit=770%2C393&ssl=1&resize=700%2C400 2x"},"classes":[]},{"id":33719,"url":"https:\/\/www.shqiperia.com\/blog\/e-tmerrshme-gatuajne-macet-e-zeza-dhe-pastaj-i-shesin-si-ilac-ndaj-koronavirusit\/","url_meta":{"origin":37649,"position":1},"title":"E tmerrshme\/Gatuajn\u00eb macet e zeza dhe pastaj i shesin si ila\u00e7 ndaj koronavirusit","author":"Kurt Farka","date":"April 24, 2020","format":false,"excerpt":"E tmerrshme\/Gatuajn\u00eb macet e zeza dhe pastaj i shesin si ila\u00e7 ndaj koronavirusit 23\/04\/2020 Aktivist\u00ebt e t\u00eb drejtave t\u00eb kafsh\u00ebve thon\u00eb se macet e zeza jan\u00eb duke u gatuar dhe po shnd\u00ebrrohen n\u00eb l\u00ebng q\u00eb shitet si ila\u00e7 kund\u00ebr koronavirusit. Kjo po ndodh n\u00eb Hanoi, n\u00eb kryeqytetin e Vietnamit, nd\u00ebrsa\u2026","rel":"","context":"In &quot;Blogu i Udh\u00ebtarit&quot;","block_context":{"text":"Blogu i Udh\u00ebtarit","link":"https:\/\/www.shqiperia.com\/blog\/category\/blogu-i-udhetarit\/"},"img":{"alt_text":"","src":"https:\/\/i0.wp.com\/www.shqiperia.com\/blog\/wp-content\/uploads\/2020\/04\/PRI_149925557-1.jpg?fit=578%2C402&ssl=1&resize=350%2C200","width":350,"height":200,"srcset":"https:\/\/i0.wp.com\/www.shqiperia.com\/blog\/wp-content\/uploads\/2020\/04\/PRI_149925557-1.jpg?fit=578%2C402&ssl=1&resize=350%2C200 1x, https:\/\/i0.wp.com\/www.shqiperia.com\/blog\/wp-content\/uploads\/2020\/04\/PRI_149925557-1.jpg?fit=578%2C402&ssl=1&resize=525%2C300 1.5x"},"classes":[]},{"id":57037,"url":"https:\/\/www.shqiperia.com\/blog\/i-ka-krahet-e-ngrohta-deri-ne-2029-edmond-tupja-zbulon-marreveshjen-e-rames-me-shba-do-na-behen-me-pasaporte-amerikane-dhe-qente-e-macet\/","url_meta":{"origin":37649,"position":2},"title":"&#8220;I ka krah\u00ebt e ngrohta deri n\u00eb 2029&#8221;, Edmond Tupja zbulon marr\u00ebveshjen e Ram\u00ebs me SHBA: &#8211; Do na b\u00ebhen me pasaport\u00eb amerikane dhe qent\u00eb e macet","author":"Kurt Farka","date":"April 21, 2022","format":false,"excerpt":"\"I ka krah\u00ebt e ngrohta deri n\u00eb 2029\", Edmond Tupja zbulon marr\u00ebveshjen e Ram\u00ebs me SHBA: - Do na b\u00ebhen me pasaport\u00eb amerikane dhe qent\u00eb e macet 21 Prill 2022 Nga OraNews Publicisti Edmond Tupja parashikon se kryeministri Edi Rama do ta mbyll\u00eb karrier\u00ebne\u00a0 tij si President i Republik\u00ebs pas\u2026","rel":"","context":"In &quot;Blogu i Udh\u00ebtarit&quot;","block_context":{"text":"Blogu i Udh\u00ebtarit","link":"https:\/\/www.shqiperia.com\/blog\/category\/blogu-i-udhetarit\/"},"img":{"alt_text":"","src":"https:\/\/i0.wp.com\/www.shqiperia.com\/blog\/wp-content\/uploads\/2022\/04\/Edmond-Tupja-Edi-Rama.jpg?fit=600%2C334&ssl=1&resize=350%2C200","width":350,"height":200,"srcset":"https:\/\/i0.wp.com\/www.shqiperia.com\/blog\/wp-content\/uploads\/2022\/04\/Edmond-Tupja-Edi-Rama.jpg?fit=600%2C334&ssl=1&resize=350%2C200 1x, https:\/\/i0.wp.com\/www.shqiperia.com\/blog\/wp-content\/uploads\/2022\/04\/Edmond-Tupja-Edi-Rama.jpg?fit=600%2C334&ssl=1&resize=525%2C300 1.5x"},"classes":[]},{"id":98768,"url":"https:\/\/www.shqiperia.com\/blog\/zbulohet-se-qente-u-bene-miqte-me-te-mire-te-njeriut-shume-me-heret-sesa-mendohej\/","url_meta":{"origin":37649,"position":3},"title":"Zbulohet se qent\u00eb u b\u00ebn\u00eb miqt\u00eb m\u00eb t\u00eb mir\u00eb t\u00eb njeriut shum\u00eb m\u00eb her\u00ebt sesa mendohej","author":"Kurt Farka","date":"March 28, 2026","format":false,"excerpt":"28 Mars 2026 Zbulimi i nj\u00eb kocke t\u00eb nofull\u00ebs s\u00eb nj\u00eb qeni u gjet n\u00eb shpell\u00eb Qent\u00eb konsiderohen miqt\u00eb m\u00eb t\u00eb mir\u00eb t\u00eb njeriut p\u00ebr shkak t\u00eb besnik\u00ebris\u00eb s\u00eb tyre t\u00eb pakusht\u00ebzuar, aft\u00ebsis\u00eb p\u00ebr t\u00eb krijuar lidhje emocionale t\u00eb forta dhe gatishm\u00ebris\u00eb p\u00ebr t\u00eb q\u00ebndruar pran\u00eb njeriut n\u00eb \u00e7do moment,\u2026","rel":"","context":"In &quot;Blogu i Udh\u00ebtarit&quot;","block_context":{"text":"Blogu i Udh\u00ebtarit","link":"https:\/\/www.shqiperia.com\/blog\/category\/blogu-i-udhetarit\/"},"img":{"alt_text":"","src":"https:\/\/i0.wp.com\/www.shqiperia.com\/blog\/wp-content\/uploads\/2026\/03\/qeni.webp?fit=572%2C312&ssl=1&resize=350%2C200","width":350,"height":200,"srcset":"https:\/\/i0.wp.com\/www.shqiperia.com\/blog\/wp-content\/uploads\/2026\/03\/qeni.webp?fit=572%2C312&ssl=1&resize=350%2C200 1x, https:\/\/i0.wp.com\/www.shqiperia.com\/blog\/wp-content\/uploads\/2026\/03\/qeni.webp?fit=572%2C312&ssl=1&resize=525%2C300 1.5x"},"classes":[]},{"id":8833,"url":"https:\/\/www.shqiperia.com\/blog\/rreziku-qe-ju-kanoset-nese-mbani-breshke-si-kafshe-shtepiake-bakterie-qe-shkaktojne-vdekjen-tek-femijet\/","url_meta":{"origin":37649,"position":4},"title":"Rreziku q\u00eb ju kanoset n\u00ebse mbani breshk\u00eb si kafsh\u00eb sht\u00ebpiake. Bakterie qe shkaktojne vdekjen tek femijet. &#8211;","author":"Kurt Farka","date":"June 19, 2018","format":false,"excerpt":"Rreziku q\u00eb ju kanoset n\u00ebse mbani breshk\u00eb si kafsh\u00eb sht\u00ebpiake. Bakterie qe shkaktojne vdekjen tek femijet. - Macet e qent\u00eb jan\u00eb konsideruar gjithnj\u00eb si kafsh\u00eb sht\u00ebpiake, por vitet e fundit njer\u00ebzit po e zgjerojn\u00eb rrethin e kafsh\u00ebve t\u00eb ashtuquajtura sht\u00ebpiake. Breshka, kavje, papagaj ekzotike etj, por s\u00eb fundmi duket se\u2026","rel":"","context":"In &quot;Njoftime Shtypi&quot;","block_context":{"text":"Njoftime Shtypi","link":"https:\/\/www.shqiperia.com\/blog\/category\/njoftime-shtypi\/"},"img":{"alt_text":"","src":"https:\/\/i0.wp.com\/www.shqiperia.com\/blog\/wp-content\/uploads\/2018\/06\/Breshka.jpg?resize=350%2C200","width":350,"height":200},"classes":[]},{"id":41670,"url":"https:\/\/www.shqiperia.com\/blog\/misteri-qe-vazhdon-nga-e-ka-saktesisht-origjinen-sars-cov-2-studimi-i-ri-permend-per-here-te-pare-se\/","url_meta":{"origin":37649,"position":5},"title":"Misteri q\u00eb vazhdon, nga e ka sakt\u00ebsisht origjin\u00ebn SARS-CoV-2? Studimi i ri p\u00ebrmend p\u00ebr her\u00eb t\u00eb par\u00eb se\u2026","author":"Kurt Farka","date":"December 8, 2020","format":false,"excerpt":"Misteri q\u00eb vazhdon, nga e ka sakt\u00ebsisht origjin\u00ebn SARS-CoV-2? Studimi i ri p\u00ebrmend p\u00ebr her\u00eb t\u00eb par\u00eb se\u2026 8 dhjetor 2020 Kan\u00eb kaluar 11 muaj q\u00eb kur autoritetet sh\u00ebndet\u00ebsore n\u00eb\u00a0Vuhan\u00a0t\u00eb Kin\u00ebs, pretenduan se identifikuan tregun e peshkut dhe kafsh\u00ebve t\u00eb gjalla n\u00eb qytet, si vendin e origjin\u00ebs s\u00eb pandemis\u00eb s\u00eb\u00a0CoviD-19.\u2026","rel":"","context":"In &quot;Blogu i Udh\u00ebtarit&quot;","block_context":{"text":"Blogu i Udh\u00ebtarit","link":"https:\/\/www.shqiperia.com\/blog\/category\/blogu-i-udhetarit\/"},"img":{"alt_text":"","src":"https:\/\/i0.wp.com\/www.shqiperia.com\/blog\/wp-content\/uploads\/2020\/12\/lakuriqi-780x439-1.jpg?fit=780%2C439&ssl=1&resize=350%2C200","width":350,"height":200,"srcset":"https:\/\/i0.wp.com\/www.shqiperia.com\/blog\/wp-content\/uploads\/2020\/12\/lakuriqi-780x439-1.jpg?fit=780%2C439&ssl=1&resize=350%2C200 1x, https:\/\/i0.wp.com\/www.shqiperia.com\/blog\/wp-content\/uploads\/2020\/12\/lakuriqi-780x439-1.jpg?fit=780%2C439&ssl=1&resize=525%2C300 1.5x, https:\/\/i0.wp.com\/www.shqiperia.com\/blog\/wp-content\/uploads\/2020\/12\/lakuriqi-780x439-1.jpg?fit=780%2C439&ssl=1&resize=700%2C400 2x"},"classes":[]}],"_links":{"self":[{"href":"https:\/\/www.shqiperia.com\/blog\/wp-json\/wp\/v2\/posts\/37649","targetHints":{"allow":["GET"]}}],"collection":[{"href":"https:\/\/www.shqiperia.com\/blog\/wp-json\/wp\/v2\/posts"}],"about":[{"href":"https:\/\/www.shqiperia.com\/blog\/wp-json\/wp\/v2\/types\/post"}],"author":[{"embeddable":true,"href":"https:\/\/www.shqiperia.com\/blog\/wp-json\/wp\/v2\/users\/9"}],"replies":[{"embeddable":true,"href":"https:\/\/www.shqiperia.com\/blog\/wp-json\/wp\/v2\/comments?post=37649"}],"version-history":[{"count":1,"href":"https:\/\/www.shqiperia.com\/blog\/wp-json\/wp\/v2\/posts\/37649\/revisions"}],"predecessor-version":[{"id":37651,"href":"https:\/\/www.shqiperia.com\/blog\/wp-json\/wp\/v2\/posts\/37649\/revisions\/37651"}],"wp:featuredmedia":[{"embeddable":true,"href":"https:\/\/www.shqiperia.com\/blog\/wp-json\/wp\/v2\/media\/37650"}],"wp:attachment":[{"href":"https:\/\/www.shqiperia.com\/blog\/wp-json\/wp\/v2\/media?parent=37649"}],"wp:term":[{"taxonomy":"category","embeddable":true,"href":"https:\/\/www.shqiperia.com\/blog\/wp-json\/wp\/v2\/categories?post=37649"},{"taxonomy":"post_tag","embeddable":true,"href":"https:\/\/www.shqiperia.com\/blog\/wp-json\/wp\/v2\/tags?post=37649"}],"curies":[{"name":"wp","href":"https:\/\/api.w.org\/{rel}","templated":true}]}}