{"id":37623,"date":"2020-08-24T20:19:33","date_gmt":"2020-08-24T20:19:33","guid":{"rendered":"https:\/\/www.shqiperia.com\/blog\/?p=37623"},"modified":"2020-08-24T20:21:09","modified_gmt":"2020-08-24T20:21:09","slug":"dy-suvenire-nga-tregu-i-antikuarit-tirane","status":"publish","type":"post","link":"https:\/\/www.shqiperia.com\/blog\/dy-suvenire-nga-tregu-i-antikuarit-tirane\/","title":{"rendered":"Dy suvenire nga Tregu i \u201dantikuarit\u201d, Tiran\u00eb"},"content":{"rendered":"<p><img data-recalc-dims=\"1\" loading=\"lazy\" decoding=\"async\" data-attachment-id=\"37625\" data-permalink=\"https:\/\/www.shqiperia.com\/blog\/dy-suvenire-nga-tregu-i-antikuarit-tirane\/11880462_1713874372169192_489492044320002715_n\/\" data-orig-file=\"https:\/\/i0.wp.com\/www.shqiperia.com\/blog\/wp-content\/uploads\/2020\/08\/11880462_1713874372169192_489492044320002715_n.jpg?fit=487%2C511&amp;ssl=1\" data-orig-size=\"487,511\" data-comments-opened=\"1\" data-image-meta=\"{&quot;aperture&quot;:&quot;0&quot;,&quot;credit&quot;:&quot;&quot;,&quot;camera&quot;:&quot;&quot;,&quot;caption&quot;:&quot;&quot;,&quot;created_timestamp&quot;:&quot;0&quot;,&quot;copyright&quot;:&quot;&quot;,&quot;focal_length&quot;:&quot;0&quot;,&quot;iso&quot;:&quot;0&quot;,&quot;shutter_speed&quot;:&quot;0&quot;,&quot;title&quot;:&quot;&quot;,&quot;orientation&quot;:&quot;0&quot;}\" data-image-title=\"11880462_1713874372169192_489492044320002715_n\" data-image-description=\"\" data-image-caption=\"\" data-medium-file=\"https:\/\/i0.wp.com\/www.shqiperia.com\/blog\/wp-content\/uploads\/2020\/08\/11880462_1713874372169192_489492044320002715_n.jpg?fit=286%2C300&amp;ssl=1\" data-large-file=\"https:\/\/i0.wp.com\/www.shqiperia.com\/blog\/wp-content\/uploads\/2020\/08\/11880462_1713874372169192_489492044320002715_n.jpg?fit=487%2C511&amp;ssl=1\" class=\"alignnone size-medium wp-image-37625\" alt=\"\" src=\"https:\/\/i0.wp.com\/www.shqiperia.com\/blog\/wp-content\/uploads\/2020\/08\/11880462_1713874372169192_489492044320002715_n.jpg?resize=286%2C300&#038;ssl=1\" width=\"286\" height=\"300\" srcset=\"https:\/\/i0.wp.com\/www.shqiperia.com\/blog\/wp-content\/uploads\/2020\/08\/11880462_1713874372169192_489492044320002715_n.jpg?resize=286%2C300&amp;ssl=1 286w, https:\/\/i0.wp.com\/www.shqiperia.com\/blog\/wp-content\/uploads\/2020\/08\/11880462_1713874372169192_489492044320002715_n.jpg?resize=450%2C472&amp;ssl=1 450w, https:\/\/i0.wp.com\/www.shqiperia.com\/blog\/wp-content\/uploads\/2020\/08\/11880462_1713874372169192_489492044320002715_n.jpg?resize=400%2C420&amp;ssl=1 400w, https:\/\/i0.wp.com\/www.shqiperia.com\/blog\/wp-content\/uploads\/2020\/08\/11880462_1713874372169192_489492044320002715_n.jpg?w=487&amp;ssl=1 487w\" sizes=\"auto, (max-width: 286px) 100vw, 286px\" \/><\/p>\n<p>Dy suvenire nga Tregu i \u201dantikuarit\u201d, Tiran\u00eb. Njera me tematik\u00eb nga lasht\u00ebsia e etnokultur\u00ebs shqiptare, tjetra nga kultura e pushtuesit Otoman. Nj\u00eb kontrast q\u00eb ka ekzistuar ne lufte p\u00ebr shekuj.<\/p>\n<p><img data-recalc-dims=\"1\" loading=\"lazy\" decoding=\"async\" data-attachment-id=\"37625\" data-permalink=\"https:\/\/www.shqiperia.com\/blog\/dy-suvenire-nga-tregu-i-antikuarit-tirane\/11880462_1713874372169192_489492044320002715_n\/\" data-orig-file=\"https:\/\/i0.wp.com\/www.shqiperia.com\/blog\/wp-content\/uploads\/2020\/08\/11880462_1713874372169192_489492044320002715_n.jpg?fit=487%2C511&amp;ssl=1\" data-orig-size=\"487,511\" data-comments-opened=\"1\" data-image-meta=\"{&quot;aperture&quot;:&quot;0&quot;,&quot;credit&quot;:&quot;&quot;,&quot;camera&quot;:&quot;&quot;,&quot;caption&quot;:&quot;&quot;,&quot;created_timestamp&quot;:&quot;0&quot;,&quot;copyright&quot;:&quot;&quot;,&quot;focal_length&quot;:&quot;0&quot;,&quot;iso&quot;:&quot;0&quot;,&quot;shutter_speed&quot;:&quot;0&quot;,&quot;title&quot;:&quot;&quot;,&quot;orientation&quot;:&quot;0&quot;}\" data-image-title=\"11880462_1713874372169192_489492044320002715_n\" data-image-description=\"\" data-image-caption=\"\" data-medium-file=\"https:\/\/i0.wp.com\/www.shqiperia.com\/blog\/wp-content\/uploads\/2020\/08\/11880462_1713874372169192_489492044320002715_n.jpg?fit=286%2C300&amp;ssl=1\" data-large-file=\"https:\/\/i0.wp.com\/www.shqiperia.com\/blog\/wp-content\/uploads\/2020\/08\/11880462_1713874372169192_489492044320002715_n.jpg?fit=487%2C511&amp;ssl=1\" class=\"alignnone wp-image-37625\" alt=\"\" src=\"https:\/\/i0.wp.com\/www.shqiperia.com\/blog\/wp-content\/uploads\/2020\/08\/11880462_1713874372169192_489492044320002715_n.jpg?resize=390%2C409&#038;ssl=1\" width=\"390\" height=\"409\" srcset=\"https:\/\/i0.wp.com\/www.shqiperia.com\/blog\/wp-content\/uploads\/2020\/08\/11880462_1713874372169192_489492044320002715_n.jpg?resize=286%2C300&amp;ssl=1 286w, https:\/\/i0.wp.com\/www.shqiperia.com\/blog\/wp-content\/uploads\/2020\/08\/11880462_1713874372169192_489492044320002715_n.jpg?resize=450%2C472&amp;ssl=1 450w, https:\/\/i0.wp.com\/www.shqiperia.com\/blog\/wp-content\/uploads\/2020\/08\/11880462_1713874372169192_489492044320002715_n.jpg?resize=400%2C420&amp;ssl=1 400w, https:\/\/i0.wp.com\/www.shqiperia.com\/blog\/wp-content\/uploads\/2020\/08\/11880462_1713874372169192_489492044320002715_n.jpg?w=487&amp;ssl=1 487w\" sizes=\"auto, (max-width: 390px) 100vw, 390px\" \/><img data-recalc-dims=\"1\" loading=\"lazy\" decoding=\"async\" data-attachment-id=\"37626\" data-permalink=\"https:\/\/www.shqiperia.com\/blog\/dy-suvenire-nga-tregu-i-antikuarit-tirane\/11870867_1713874375502525_1125039006329277918_n-2\/\" data-orig-file=\"https:\/\/i0.wp.com\/www.shqiperia.com\/blog\/wp-content\/uploads\/2020\/08\/11870867_1713874375502525_1125039006329277918_n-1.jpg?fit=330%2C331&amp;ssl=1\" data-orig-size=\"330,331\" data-comments-opened=\"1\" data-image-meta=\"{&quot;aperture&quot;:&quot;0&quot;,&quot;credit&quot;:&quot;&quot;,&quot;camera&quot;:&quot;&quot;,&quot;caption&quot;:&quot;&quot;,&quot;created_timestamp&quot;:&quot;0&quot;,&quot;copyright&quot;:&quot;&quot;,&quot;focal_length&quot;:&quot;0&quot;,&quot;iso&quot;:&quot;0&quot;,&quot;shutter_speed&quot;:&quot;0&quot;,&quot;title&quot;:&quot;&quot;,&quot;orientation&quot;:&quot;0&quot;}\" data-image-title=\"11870867_1713874375502525_1125039006329277918_n\" data-image-description=\"\" data-image-caption=\"\" data-medium-file=\"https:\/\/i0.wp.com\/www.shqiperia.com\/blog\/wp-content\/uploads\/2020\/08\/11870867_1713874375502525_1125039006329277918_n-1.jpg?fit=300%2C300&amp;ssl=1\" data-large-file=\"https:\/\/i0.wp.com\/www.shqiperia.com\/blog\/wp-content\/uploads\/2020\/08\/11870867_1713874375502525_1125039006329277918_n-1.jpg?fit=330%2C331&amp;ssl=1\" class=\"alignnone wp-image-37626\" alt=\"\" src=\"https:\/\/i0.wp.com\/www.shqiperia.com\/blog\/wp-content\/uploads\/2020\/08\/11870867_1713874375502525_1125039006329277918_n-1.jpg?resize=410%2C410&#038;ssl=1\" width=\"410\" height=\"410\" srcset=\"https:\/\/i0.wp.com\/www.shqiperia.com\/blog\/wp-content\/uploads\/2020\/08\/11870867_1713874375502525_1125039006329277918_n-1.jpg?resize=300%2C300&amp;ssl=1 300w, https:\/\/i0.wp.com\/www.shqiperia.com\/blog\/wp-content\/uploads\/2020\/08\/11870867_1713874375502525_1125039006329277918_n-1.jpg?resize=150%2C150&amp;ssl=1 150w, https:\/\/i0.wp.com\/www.shqiperia.com\/blog\/wp-content\/uploads\/2020\/08\/11870867_1713874375502525_1125039006329277918_n-1.jpg?resize=65%2C65&amp;ssl=1 65w, https:\/\/i0.wp.com\/www.shqiperia.com\/blog\/wp-content\/uploads\/2020\/08\/11870867_1713874375502525_1125039006329277918_n-1.jpg?resize=50%2C50&amp;ssl=1 50w, https:\/\/i0.wp.com\/www.shqiperia.com\/blog\/wp-content\/uploads\/2020\/08\/11870867_1713874375502525_1125039006329277918_n-1.jpg?w=330&amp;ssl=1 330w\" sizes=\"auto, (max-width: 410px) 100vw, 410px\" \/><\/p>\n","protected":false},"excerpt":{"rendered":"<p>Dy suvenire nga Tregu i \u201dantikuarit\u201d, Tiran\u00eb. Njera me tematik\u00eb nga lasht\u00ebsia e etnokultur\u00ebs shqiptare, tjetra nga kultura e pushtuesit Otoman. Nj\u00eb kontrast q\u00eb ka ekzistuar ne lufte p\u00ebr shekuj.<\/p>\n","protected":false},"author":9,"featured_media":37624,"comment_status":"open","ping_status":"open","sticky":false,"template":"","format":"standard","meta":{"jetpack_post_was_ever_published":false,"_jetpack_newsletter_access":"","_jetpack_dont_email_post_to_subs":false,"_jetpack_newsletter_tier_id":0,"_jetpack_memberships_contains_paywalled_content":false,"_jetpack_memberships_contains_paid_content":false,"footnotes":"","jetpack_publicize_message":"","jetpack_publicize_feature_enabled":true,"jetpack_social_post_already_shared":true,"jetpack_social_options":{"image_generator_settings":{"template":"highway","default_image_id":0,"font":"","enabled":false},"version":2}},"categories":[14],"tags":[],"class_list":["post-37623","post","type-post","status-publish","format-standard","has-post-thumbnail","hentry","category-press-releases"],"jetpack_publicize_connections":[],"jetpack_featured_media_url":"https:\/\/i0.wp.com\/www.shqiperia.com\/blog\/wp-content\/uploads\/2020\/08\/11870867_1713874375502525_1125039006329277918_n.jpg?fit=330%2C331&ssl=1","jetpack_sharing_enabled":true,"jetpack_shortlink":"https:\/\/wp.me\/p5Z6wp-9MP","jetpack-related-posts":[{"id":9080,"url":"https:\/\/www.shqiperia.com\/blog\/suvenire-me-permbajtje-te-trashegimise-tone-kombetare-nga-pjeter-perkeqi-album\/","url_meta":{"origin":37623,"position":0},"title":"Suvenire me permbajtje te Trashegimise Tone Kombetare nga Mjeshteri Pjeter Perkeqi. (album). &#8211;","author":"Kurt Farka","date":"June 24, 2018","format":false,"excerpt":"Suvenire me permbajtje te Trashegimise Tone Kombetare nga Pjeter Perkeqi. - Ekspozite ne Budapest me mozaik ne minjature fragmente te mozaikut Pakzimores Butrint (Vizita e ekspozites nga Ambasadorja e jone atje ne Maij 2010) Babtistieri i Butrintit nga ku e kane burimin motivet e punimeve artistike te Mjeshterit Pjeter Perkeqi.\u2026","rel":"","context":"In &quot;Arte&quot;","block_context":{"text":"Arte","link":"https:\/\/www.shqiperia.com\/blog\/category\/arte\/"},"img":{"alt_text":"","src":"https:\/\/i0.wp.com\/www.shqiperia.com\/blog\/wp-content\/uploads\/2018\/06\/Krijime-suvenire-Pjeter-Perkeqi-2.jpg?fit=480%2C360&ssl=1&resize=350%2C200","width":350,"height":200},"classes":[]},{"id":61548,"url":"https:\/\/www.shqiperia.com\/blog\/hetohet-bashkia-tirane-nderton-tregun-ne-farke-pa-shpronesuar-pronarin\/","url_meta":{"origin":37623,"position":1},"title":"Hetohet bashkia Tiran\u00eb, nd\u00ebrton tregun n\u00eb Fark\u00eb pa shpron\u00ebsuar pronarin","author":"Kurt Farka","date":"August 28, 2022","format":false,"excerpt":"- Nga Elton Qyno - 27 Gusht 2022 Prokuroria e Tiran\u00ebs ka nisur hetimet p\u00ebr tjet\u00ebrsim t\u00eb pron\u00ebs ndaj institucionit t\u00eb drejtuar nga Erion Veliaj. Dosja penale \u00ebsht\u00eb regjistruar pas denoncimit t\u00eb pronarit t\u00eb truallit ku po nd\u00ebrtohet Tregu Ushqimor p\u00ebr shitje me shumic\u00eb dhe pakic\u00eb n\u00eb Fark\u00eb, i cili\u2026","rel":"","context":"In &quot;Politika&quot;","block_context":{"text":"Politika","link":"https:\/\/www.shqiperia.com\/blog\/category\/politika\/"},"img":{"alt_text":"","src":"https:\/\/i0.wp.com\/www.shqiperia.com\/blog\/wp-content\/uploads\/2022\/08\/1200-630-3378b0cb180db161ccec41645c6e3ccd.jpg?fit=1200%2C630&ssl=1&resize=350%2C200","width":350,"height":200,"srcset":"https:\/\/i0.wp.com\/www.shqiperia.com\/blog\/wp-content\/uploads\/2022\/08\/1200-630-3378b0cb180db161ccec41645c6e3ccd.jpg?fit=1200%2C630&ssl=1&resize=350%2C200 1x, https:\/\/i0.wp.com\/www.shqiperia.com\/blog\/wp-content\/uploads\/2022\/08\/1200-630-3378b0cb180db161ccec41645c6e3ccd.jpg?fit=1200%2C630&ssl=1&resize=525%2C300 1.5x, https:\/\/i0.wp.com\/www.shqiperia.com\/blog\/wp-content\/uploads\/2022\/08\/1200-630-3378b0cb180db161ccec41645c6e3ccd.jpg?fit=1200%2C630&ssl=1&resize=700%2C400 2x, https:\/\/i0.wp.com\/www.shqiperia.com\/blog\/wp-content\/uploads\/2022\/08\/1200-630-3378b0cb180db161ccec41645c6e3ccd.jpg?fit=1200%2C630&ssl=1&resize=1050%2C600 3x"},"classes":[]},{"id":50408,"url":"https:\/\/www.shqiperia.com\/blog\/mijera-kg-ushqime-te-skaduara-klsh-zbulon-skandalin-aku-ishte-ne-dijeni-nuk-i-largoi-nga-tregu\/","url_meta":{"origin":37623,"position":2},"title":"Mij\u00ebra kg ushqime t\u00eb skaduara\/ KLSH zbulon skandalin: AKU ishte n\u00eb dijeni, nuk i largoi nga tregu","author":"Kurt Farka","date":"October 10, 2021","format":false,"excerpt":"Mij\u00ebra kg ushqime t\u00eb skaduara\/ KLSH zbulon skandalin: AKU ishte n\u00eb dijeni, nuk i largoi nga tregu Nga OraNews 10 Tetor 2021 N\u00eb tregjet shqiptare jan\u00eb shitur ushqime jasht\u00eb standardit, p\u00ebr t\u00eb cilat dhe Autoriteti Komb\u00ebtar i Ushqimit ka pasur dijeni por nuk ka vepruar. Skandali \u00ebsht\u00eb zbuluar nga Kontrolli\u2026","rel":"","context":"In &quot;Njoftime Shtypi&quot;","block_context":{"text":"Njoftime Shtypi","link":"https:\/\/www.shqiperia.com\/blog\/category\/njoftime-shtypi\/"},"img":{"alt_text":"","src":"https:\/\/i0.wp.com\/www.shqiperia.com\/blog\/wp-content\/uploads\/2021\/10\/640-0-b46fa06685d4faf77fa144ccf9e8ba20.jpg?fit=640%2C362&ssl=1&resize=350%2C200","width":350,"height":200,"srcset":"https:\/\/i0.wp.com\/www.shqiperia.com\/blog\/wp-content\/uploads\/2021\/10\/640-0-b46fa06685d4faf77fa144ccf9e8ba20.jpg?fit=640%2C362&ssl=1&resize=350%2C200 1x, https:\/\/i0.wp.com\/www.shqiperia.com\/blog\/wp-content\/uploads\/2021\/10\/640-0-b46fa06685d4faf77fa144ccf9e8ba20.jpg?fit=640%2C362&ssl=1&resize=525%2C300 1.5x"},"classes":[]},{"id":63704,"url":"https:\/\/www.shqiperia.com\/blog\/kujdes-hiqen-me-urgjence-nga-tregu-ilacet-e-tensionit-te-larte-permbanin-kimikate-qe-shkaktojne-kancer\/","url_meta":{"origin":37623,"position":3},"title":"KUJDES! &#8211; Hiqen me urgjenc\u00eb nga tregu ila\u00e7et e tensionit t\u00eb lart\u00eb, p\u00ebrmbanin kimikate q\u00eb shkaktojn\u00eb kancer","author":"Kurt Farka","date":"October 28, 2022","format":false,"excerpt":"28 Tetor 2022 Dy ila\u00e7et Quinapril dhe Hidroklorotiazide jan\u00eb t\u00ebrhequr nga tregu p\u00ebr shkak t\u00eb pranis\u00eb s\u00eb nitrosamin\u00ebs, sipas nj\u00eb njoftimi t\u00eb postuar n\u00eb faqen e internetit t\u00eb Administrat\u00ebs s\u00eb Ushqimit dhe Barnave. Administrata Amerikane e Ushqimit dhe Barnave njoftoi se Aurobindo Pharma po t\u00ebrheq nga tregu numrat QE2021005-A dhe\u2026","rel":"","context":"In &quot;Blogu i Udh\u00ebtarit&quot;","block_context":{"text":"Blogu i Udh\u00ebtarit","link":"https:\/\/www.shqiperia.com\/blog\/category\/blogu-i-udhetarit\/"},"img":{"alt_text":"","src":"https:\/\/i0.wp.com\/www.shqiperia.com\/blog\/wp-content\/uploads\/2022\/10\/640-0-635ba4545ca6c.png?fit=640%2C385&ssl=1&resize=350%2C200","width":350,"height":200,"srcset":"https:\/\/i0.wp.com\/www.shqiperia.com\/blog\/wp-content\/uploads\/2022\/10\/640-0-635ba4545ca6c.png?fit=640%2C385&ssl=1&resize=350%2C200 1x, https:\/\/i0.wp.com\/www.shqiperia.com\/blog\/wp-content\/uploads\/2022\/10\/640-0-635ba4545ca6c.png?fit=640%2C385&ssl=1&resize=525%2C300 1.5x"},"classes":[]},{"id":79699,"url":"https:\/\/www.shqiperia.com\/blog\/tregu-i-mbushur-me-importe-fermeret-e-serrave-te-deshperuar-nga-cmimet-e-uleta-hedhin-prodhimin-ne-kanal\/","url_meta":{"origin":37623,"position":4},"title":"Tregu i mbushur me importe, fermer\u00ebt e serrave t\u00eb d\u00ebshp\u00ebruar nga \u00e7mimet e ul\u00ebta, hedhin prodhimin n\u00eb kanal","author":"Kurt Farka","date":"March 28, 2024","format":false,"excerpt":"28 Mars 2024 Teksa n\u00eb Tiran\u00eb, \u00e7mimet e zarzavateve dhe perimeve n\u00eb shkurt ishin m\u00eb t\u00eb larta se vitin e kaluar dhe tezgat jan\u00eb plot me prodhime importi, fermer\u00ebt e serrave n\u00eb Lushnj\u00eb-Fier dhe Berat po hedhin prodhimet n\u00eb kanalet e vaditjes. Fotoja e m\u00ebposhtme \u00ebsht\u00eb nj\u00eb kanal n\u00eb zon\u00ebn\u2026","rel":"","context":"In &quot;Blogu i Udh\u00ebtarit&quot;","block_context":{"text":"Blogu i Udh\u00ebtarit","link":"https:\/\/www.shqiperia.com\/blog\/category\/blogu-i-udhetarit\/"},"img":{"alt_text":"","src":"https:\/\/i0.wp.com\/www.shqiperia.com\/blog\/wp-content\/uploads\/2024\/03\/kastraveca-kanal.jpg?fit=790%2C587&ssl=1&resize=350%2C200","width":350,"height":200,"srcset":"https:\/\/i0.wp.com\/www.shqiperia.com\/blog\/wp-content\/uploads\/2024\/03\/kastraveca-kanal.jpg?fit=790%2C587&ssl=1&resize=350%2C200 1x, https:\/\/i0.wp.com\/www.shqiperia.com\/blog\/wp-content\/uploads\/2024\/03\/kastraveca-kanal.jpg?fit=790%2C587&ssl=1&resize=525%2C300 1.5x, https:\/\/i0.wp.com\/www.shqiperia.com\/blog\/wp-content\/uploads\/2024\/03\/kastraveca-kanal.jpg?fit=790%2C587&ssl=1&resize=700%2C400 2x"},"classes":[]},{"id":24295,"url":"https:\/\/www.shqiperia.com\/blog\/artizanet-vlonjate-ekspozojne-punimet-e-tyre-per-here-te-pare-ne-lungomare\/","url_meta":{"origin":37623,"position":5},"title":"Artizan\u00ebt vlonjat\u00eb ekspozojn\u00eb punimet e tyre p\u00ebr her\u00eb t\u00eb par\u00eb n\u00eb Lungomare","author":"Kurt Farka","date":"August 4, 2019","format":false,"excerpt":"Artizan\u00ebt vlonjat\u00eb ekspozojn\u00eb punimet e tyre p\u00ebr her\u00eb t\u00eb par\u00eb n\u00eb Lungomare , 4 gusht 2019. \/ATSH\/ - Artizan\u00ebt dhe mjeshtrat e Vlor\u00ebs p\u00ebr her\u00eb t\u00eb par\u00eb po ekspozojn\u00eb punimet e tyre n\u00eb nj\u00eb nga mjediset e Lungomares dhe pik\u00ebrisht n\u00eb rrugic\u00ebn midis Palmash, p\u00ebrpara ish shkoll\u00ebs s\u00eb Marin\u00ebs. Ky\u2026","rel":"","context":"In &quot;Histori&quot;","block_context":{"text":"Histori","link":"https:\/\/www.shqiperia.com\/blog\/category\/histori\/"},"img":{"alt_text":"","src":"https:\/\/i0.wp.com\/www.shqiperia.com\/blog\/wp-content\/uploads\/2019\/08\/ARTIZAN11-560x420.jpg?fit=560%2C303&ssl=1&resize=350%2C200","width":350,"height":200,"srcset":"https:\/\/i0.wp.com\/www.shqiperia.com\/blog\/wp-content\/uploads\/2019\/08\/ARTIZAN11-560x420.jpg?fit=560%2C303&ssl=1&resize=350%2C200 1x, https:\/\/i0.wp.com\/www.shqiperia.com\/blog\/wp-content\/uploads\/2019\/08\/ARTIZAN11-560x420.jpg?fit=560%2C303&ssl=1&resize=525%2C300 1.5x"},"classes":[]}],"_links":{"self":[{"href":"https:\/\/www.shqiperia.com\/blog\/wp-json\/wp\/v2\/posts\/37623","targetHints":{"allow":["GET"]}}],"collection":[{"href":"https:\/\/www.shqiperia.com\/blog\/wp-json\/wp\/v2\/posts"}],"about":[{"href":"https:\/\/www.shqiperia.com\/blog\/wp-json\/wp\/v2\/types\/post"}],"author":[{"embeddable":true,"href":"https:\/\/www.shqiperia.com\/blog\/wp-json\/wp\/v2\/users\/9"}],"replies":[{"embeddable":true,"href":"https:\/\/www.shqiperia.com\/blog\/wp-json\/wp\/v2\/comments?post=37623"}],"version-history":[{"count":2,"href":"https:\/\/www.shqiperia.com\/blog\/wp-json\/wp\/v2\/posts\/37623\/revisions"}],"predecessor-version":[{"id":37628,"href":"https:\/\/www.shqiperia.com\/blog\/wp-json\/wp\/v2\/posts\/37623\/revisions\/37628"}],"wp:featuredmedia":[{"embeddable":true,"href":"https:\/\/www.shqiperia.com\/blog\/wp-json\/wp\/v2\/media\/37624"}],"wp:attachment":[{"href":"https:\/\/www.shqiperia.com\/blog\/wp-json\/wp\/v2\/media?parent=37623"}],"wp:term":[{"taxonomy":"category","embeddable":true,"href":"https:\/\/www.shqiperia.com\/blog\/wp-json\/wp\/v2\/categories?post=37623"},{"taxonomy":"post_tag","embeddable":true,"href":"https:\/\/www.shqiperia.com\/blog\/wp-json\/wp\/v2\/tags?post=37623"}],"curies":[{"name":"wp","href":"https:\/\/api.w.org\/{rel}","templated":true}]}}