{"id":37608,"date":"2020-08-24T18:00:21","date_gmt":"2020-08-24T18:00:21","guid":{"rendered":"https:\/\/www.shqiperia.com\/blog\/?p=37608"},"modified":"2020-08-24T18:00:41","modified_gmt":"2020-08-24T18:00:41","slug":"uzurpimi-i-malit-tomorr-nga-abrahamizmi-the-abrahamic-usurpation-of-mount-tomorr","status":"publish","type":"post","link":"https:\/\/www.shqiperia.com\/blog\/uzurpimi-i-malit-tomorr-nga-abrahamizmi-the-abrahamic-usurpation-of-mount-tomorr\/","title":{"rendered":"Uzurpimi i malit Tomorr nga abrahamizmi \u2013 (The Abrahamic Usurpation of Mount Tomorr)"},"content":{"rendered":"<h1><img data-recalc-dims=\"1\" loading=\"lazy\" decoding=\"async\" data-attachment-id=\"37609\" data-permalink=\"https:\/\/www.shqiperia.com\/blog\/uzurpimi-i-malit-tomorr-nga-abrahamizmi-the-abrahamic-usurpation-of-mount-tomorr\/118347702_164358768566431_5956305810136254127_o\/\" data-orig-file=\"https:\/\/i0.wp.com\/www.shqiperia.com\/blog\/wp-content\/uploads\/2020\/08\/118347702_164358768566431_5956305810136254127_o.jpg?fit=956%2C540&amp;ssl=1\" data-orig-size=\"956,540\" data-comments-opened=\"1\" data-image-meta=\"{&quot;aperture&quot;:&quot;0&quot;,&quot;credit&quot;:&quot;&quot;,&quot;camera&quot;:&quot;&quot;,&quot;caption&quot;:&quot;&quot;,&quot;created_timestamp&quot;:&quot;0&quot;,&quot;copyright&quot;:&quot;&quot;,&quot;focal_length&quot;:&quot;0&quot;,&quot;iso&quot;:&quot;0&quot;,&quot;shutter_speed&quot;:&quot;0&quot;,&quot;title&quot;:&quot;&quot;,&quot;orientation&quot;:&quot;0&quot;}\" data-image-title=\"118347702_164358768566431_5956305810136254127_o\" data-image-description=\"\" data-image-caption=\"\" data-medium-file=\"https:\/\/i0.wp.com\/www.shqiperia.com\/blog\/wp-content\/uploads\/2020\/08\/118347702_164358768566431_5956305810136254127_o.jpg?fit=300%2C169&amp;ssl=1\" data-large-file=\"https:\/\/i0.wp.com\/www.shqiperia.com\/blog\/wp-content\/uploads\/2020\/08\/118347702_164358768566431_5956305810136254127_o.jpg?fit=956%2C540&amp;ssl=1\" class=\"alignnone wp-image-37609\" alt=\"\" src=\"https:\/\/i0.wp.com\/www.shqiperia.com\/blog\/wp-content\/uploads\/2020\/08\/118347702_164358768566431_5956305810136254127_o.jpg?resize=531%2C299&#038;ssl=1\" width=\"531\" height=\"299\" srcset=\"https:\/\/i0.wp.com\/www.shqiperia.com\/blog\/wp-content\/uploads\/2020\/08\/118347702_164358768566431_5956305810136254127_o.jpg?resize=300%2C169&amp;ssl=1 300w, https:\/\/i0.wp.com\/www.shqiperia.com\/blog\/wp-content\/uploads\/2020\/08\/118347702_164358768566431_5956305810136254127_o.jpg?resize=768%2C434&amp;ssl=1 768w, https:\/\/i0.wp.com\/www.shqiperia.com\/blog\/wp-content\/uploads\/2020\/08\/118347702_164358768566431_5956305810136254127_o.jpg?resize=450%2C254&amp;ssl=1 450w, https:\/\/i0.wp.com\/www.shqiperia.com\/blog\/wp-content\/uploads\/2020\/08\/118347702_164358768566431_5956305810136254127_o.jpg?resize=600%2C339&amp;ssl=1 600w, https:\/\/i0.wp.com\/www.shqiperia.com\/blog\/wp-content\/uploads\/2020\/08\/118347702_164358768566431_5956305810136254127_o.jpg?resize=400%2C226&amp;ssl=1 400w, https:\/\/i0.wp.com\/www.shqiperia.com\/blog\/wp-content\/uploads\/2020\/08\/118347702_164358768566431_5956305810136254127_o.jpg?w=956&amp;ssl=1 956w\" sizes=\"auto, (max-width: 531px) 100vw, 531px\" \/><\/h1>\n<h1>Uzurpimi i malit Tomorr nga abrahamizmi \u2013 (The Abrahamic Usurpation of Mount Tomorr)<\/h1>\n<p>[Uzurpimi i malit Tomorr nga abrahamizmi &#8211; The Abrahamic Usurpation of Mount Tomorr]<\/p>\n<p>Si Krishterimi ashtu edhe Islami kane shkaterruar shume elemente nga doket tona te lashta dhe botekuptimi yne origjinal. Por nuk mund ta shtypnin dhe c&#8217;rrenjosnin totalisht besimin tone te lashte, dhe cka nuk mund ta c&#8217;rrenjosnin, e paraqiten si dicka te tyren. Komunizmi perdor te njejtat metoda.<\/p>\n<p>Kontrolli i Islamit mbi pelegrinazhin e malit Tomorr eshte me shume nje uzurpim i nje vendi te shenjte dedikuar ndaj perendise Indo-Evropiane te qiellit se sa nje rast sinkretizmi. Adhurimi i Zeusit nga Trojanet ne majen e malit Ida ne Iliade ka shume ngjashmeri me pelegrinazhin e shqiptareve ne malin Tomorr, edhe me shume kur mendon per fisin ilir te dardaneve me paraardhesin mitik te Trojes, Dardanusin.<\/p>\n<p>Islami ka nje histori uzurpimi pelegrinazhesh pagane, duke filluar qe nga Meka, per te mos thene zakonet shkaterrimtare. Ka demtuar shume vende ne Atdheun tone, si varrin e Skenderbeut, dhe ka vene xhami kudo, si shenja triumfi mbi nje toke te pushtuar. Por imamet islamike nuk mund te ndalonin shqiptaret se beri pelegrinazh ne malin Tomorr, ku nderuar zotin e qiellit te quajtur Zot, Zojz, Zis apo edhe Baba Tomorr (nje eufemizem, per te parandaluar persekutimet abrahamike) me sakrifica kafshesh.<\/p>\n<p>Sot e kesaj dite, pelegrinazhi i malit Tomorr lidhet me Bektashizmin, qe eshte prapeseprape nje dege e Islamit. Autori Mentor Mustafa thekson se &#8220;[&#8230;] shenjtesia e vendit perforcohet nga prania e muslimaneve sunite, ashtu edhe bektashinj, qe edhe pse nuk bien dakort ne gjera te tjera, bien dakort qe ky vend eshte i shenjte ne Islam&#8221;. Pra, mali shihet si nje vend i mirefillte islamik, dhe gati gati zevendeson edhe pelegrinazhin ne Meke (nje nga 5 shtyllat e Islamit) nese behet 3 here. Per me teper, universalizmi i Islamit hap dyert per kedo qe vjen ne malin Tomorr edhe pse nuk kane lidhje me vendin ne te cilin ndodhet ai mal.<\/p>\n<p>Kemi permendur Bektashizmin: duke qene nje rend Sufist i lidhur me eliten jenicere te ushtrise osmane (shumica prej te cileve evropiane te konvertuar), Bektashizmi ka ruajtur nen petkun islamik elemente ezoterike nga Ballkani i lashte dhe nga feja pagane shqiptare. Prandaj nje pelegrinazh pagan ne malin Tomorr eshte bere praktike bektashiane. Kleri bektashi ama e lidh pelegrinazhin me legjenden e Abbas Aliut: ai ishte flamurmbajtesi ne Betejen e Karbalas, dhe nje pasardhes i profetit Muhamet. Kur ra martir, shpirti i tij mendohet te kete vajtur tek maja e malit shqiptar, ku gjenden varri dhe faltorja e tij. Shtojne edhe qe nje baba bektashian, qe vajti ne Karbala (sot ne Irak) dhe solli me vete nje grusht toke qe e derdhi mbi majen e malit. Pavaresisht ketyre legjendave, pelegrinazhi shqiptar ne malin Tomorr eshte me shume pagan se sa islamik. Per paraardhesit pagane shqiptare, nuk kishte nevoje per shtimin e dheut te huaj ne dheun tone per ta shenjteruar.<\/p>\n<p>Sidoqofte, shumica e shqiptareve i sfidojne historite pafund te klerit bektashian per shenjtesine e faltores muslimane aty, qe tregon aftesine e tyre per te pare pertej uzurpimit islamik te malit Tomorr dhe per tu rilidhur me tendencen e natyrshme pagane. Shumica e pelegrineve thone qe &#8220;shkojne aty dhe ndezin nje qiri, dhe nuk bejne asgje me shume&#8221;. Edhe pse qiriu tregon nje lloj sinkretizmi me uzurpimin e meparshem te krishtere te malit Tomorr, forma origjinale mund te kete qene pishtari i ndezur pagan. Nje mbetje tjeter nga doket tona me te lashta eshte sakrifica e deles, e bere gati njesoj si ne antikitet. Per me teper, detyra e Babait ndaj mikpritjes ne teqene e tij ka te beje me konceptin e mikpritjes se zotave, gjendur ne te gjitha traditat Indo Evropiane dhe e trupezuar tek Zeusi Xenius apo Odini i maskuar si nje udhetar, dhe ne detyren e shenjte shqiptare te mikpritjes, e cila ka rrenje pagane (sipas studimeve nga akademiku japonez Kazuhiko Yamamoto) me shume se sa rrenje islamike.<\/p>\n<p>Per te kuptuar me mire devotshmerine shqiptare ndaj malit Tomorr, duhet te shikojme tek Iliada. Zeusi ka nje simpati te thelle per Trojanet dhe perpiqet t&#8217;i mbroje. Kjo shpjegohet nga celebrimet e trojaneve ne malin Ida, ku bejne shume sakrifica per te nderuar Zusin. Per me teper, Zeusi ka nje familjaritet me Dardanusin dhe popullin e tij qe e tejkalone simpatine qe mund te kete per mbreterit e tjere greke, sipas akademikut Michel Wronoff. Mali Ida eshte mali me i shenjte i Zeusit, dhe Michel Woronoff shton qe kulti i tij atje as nuk kishte nevoje per ndonje statuje apo perfaqesues tjeter te hyjnise.Gjith keto elemente kan ngjashmeri me kultin shqiptar ne malin Tomorr, dhe lidhja behet edhe ma e fort kur dihet ngjasmerija etnike mes Dardanve te Iliades dhe fisit ilir te Dardanve, dhe po ashtu mibsoterimin dhe popullariteti i Zeusit ne Epir.Per me teper, lidhja etimilogjike mes malit Tomorr dhe malit Tomarosafer Dodones tregon qe ka patur nje vazhdimesi pagane ketu qe eshte gjalle edhe sot.<\/p>\n<p>Uzurpimi me i fundit i malit Tomorr ka ndodhur ne kohen e komunizmit. Komunistet e riquajten majen me te larte veriore te malit &#8220;Cuka Partizan&#8221; per te lene shenjen e tyre atje. Ky akt nenvizon edhe njehere lidhjen mes kulteve abrahamike dhe komunizmit: nuk kane tolerance per shprehjet e identitetit vetjak dhe ndryshojne imazhin e asaj cka nuk mund te shtypin.<\/p>\n<p>Si perfundim, poshte siperfaqes te uzurpimit islamik te malit Tomorr, eshte ende vendi me i shenjte i shqiperise dhe kete gje shqiptaret e ndjejne ne menyre instinktive. Uzurpimi ketu konsiston ne mbajtjen e dokrrave islamike rreth saj dhe duke i dhene &#8216;shenjtesi&#8217; nepermjes perzierjes me dheun e pavlere te Lindjes se Mesme. Pas piktures se Abas Aliut fshihet Ati Qiellor i lashte dhe indo-evropian te cilin e celebrojme edhe sot ne maje te malit ashtu si paraardhesit tone ne Antikitet.<\/p>\n<p>Nga Erion Kastrati<\/p>\n","protected":false},"excerpt":{"rendered":"<p>Uzurpimi i malit Tomorr nga abrahamizmi \u2013 (The Abrahamic Usurpation of Mount Tomorr) [Uzurpimi i malit Tomorr nga abrahamizmi &#8211; The Abrahamic Usurpation of Mount Tomorr] Si Krishterimi ashtu edhe Islami kane shkaterruar shume elemente nga doket tona te lashta dhe botekuptimi yne origjinal. Por nuk mund ta shtypnin dhe c&#8217;rrenjosnin totalisht besimin tone te [&hellip;]<\/p>\n","protected":false},"author":9,"featured_media":37609,"comment_status":"open","ping_status":"open","sticky":false,"template":"","format":"standard","meta":{"jetpack_post_was_ever_published":false,"_jetpack_newsletter_access":"","_jetpack_dont_email_post_to_subs":false,"_jetpack_newsletter_tier_id":0,"_jetpack_memberships_contains_paywalled_content":false,"_jetpack_memberships_contains_paid_content":false,"footnotes":"","jetpack_publicize_message":"","jetpack_publicize_feature_enabled":true,"jetpack_social_post_already_shared":true,"jetpack_social_options":{"image_generator_settings":{"template":"highway","default_image_id":0,"font":"","enabled":false},"version":2}},"categories":[85,10,86],"tags":[],"class_list":["post-37608","post","type-post","status-publish","format-standard","has-post-thumbnail","hentry","category-histori","category-kultura","category-trashegimi-kulturore"],"jetpack_publicize_connections":[],"jetpack_featured_media_url":"https:\/\/i0.wp.com\/www.shqiperia.com\/blog\/wp-content\/uploads\/2020\/08\/118347702_164358768566431_5956305810136254127_o.jpg?fit=956%2C540&ssl=1","jetpack_sharing_enabled":true,"jetpack_shortlink":"https:\/\/wp.me\/p5Z6wp-9MA","jetpack-related-posts":[{"id":39951,"url":"https:\/\/www.shqiperia.com\/blog\/cudia-ne-elbasan-rruges-i-hiqet-emri-i-heroit-te-popullit-i-vihet-emri-i-vellait-te-ish-kryebashkiakut\/","url_meta":{"origin":37608,"position":0},"title":"\u00c7udia n\u00eb Elbasan\/ Rrug\u00ebs i hiqet emri i heroit t\u00eb Popullit, i vihet emri i v\u00ebllait t\u00eb ish kryebashkiakut","author":"Kurt Farka","date":"October 21, 2020","format":false,"excerpt":"\u00c7udia n\u00eb Elbasan\/ Rrug\u00ebs i hiqet emri i heroit t\u00eb Popullit, i vihet emri i v\u00ebllait t\u00eb ish kryebashkiakut 21 TETOR 2020 N\u00eb qytetin e Elbasanit ekziston nj\u00eb rrug\u00eb q\u00eb prej vitesh mban dy emra, at\u00eb t\u00eb Heroit t\u00eb Popullit Kozma Naska dhe t\u00eb nj\u00eb ish pedagogu dhe studiuesi t\u00eb\u2026","rel":"","context":"In &quot;Blogu i Udh\u00ebtarit&quot;","block_context":{"text":"Blogu i Udh\u00ebtarit","link":"https:\/\/www.shqiperia.com\/blog\/category\/blogu-i-udhetarit\/"},"img":{"alt_text":"","src":"https:\/\/i0.wp.com\/www.shqiperia.com\/blog\/wp-content\/uploads\/2020\/10\/640-0-5f9083b67d7fd-Copy.jpg?fit=531%2C254&ssl=1&resize=350%2C200","width":350,"height":200,"srcset":"https:\/\/i0.wp.com\/www.shqiperia.com\/blog\/wp-content\/uploads\/2020\/10\/640-0-5f9083b67d7fd-Copy.jpg?fit=531%2C254&ssl=1&resize=350%2C200 1x, https:\/\/i0.wp.com\/www.shqiperia.com\/blog\/wp-content\/uploads\/2020\/10\/640-0-5f9083b67d7fd-Copy.jpg?fit=531%2C254&ssl=1&resize=525%2C300 1.5x"},"classes":[]},{"id":75783,"url":"https:\/\/www.shqiperia.com\/blog\/tomorr-alizoti-cfare-ndodhi-ne-lampeduza-u-shkaterrua-ai-vend-nuk-shkoi-me-turist-ne-ate-vend-kjo-gje-mund-te-ndodhe-edhe-me-lezhen\/","url_meta":{"origin":37608,"position":1},"title":"Tomorr Alizoti: &#8211; \u00c7far\u00eb ndodhi n\u00eb Lampeduza, u shkat\u00ebrrua ai vend. Nuk shkoi m\u00eb turist n\u00eb at\u00eb vend. &#8211; Kjo gj\u00eb mund t\u00eb ndodh\u00eb edhe me Lezh\u00ebn.","author":"Kurt Farka","date":"November 25, 2023","format":false,"excerpt":"25 Nentor 2023 Deputeti i PD, Tomorr Alizoti, n\u00eb mbledhjen me dyer t\u00eb mbyllura t\u00eb grupit parlamentar t\u00eb PD, ka deklaruar se opozita duhet t\u00eb protestoj\u00eb dhe t\u00eb ngrej\u00eb z\u00ebrin fuqish\u00ebm p\u00ebr t\u00eb kund\u00ebrshtuar marr\u00ebveshjen e Shqip\u00ebris\u00eb me Italin\u00eb, p\u00ebr emigrant\u00ebt. N\u00eb diskutime te zbardhura nga gazetari Osman Stafa, Alizoti\u2026","rel":"","context":"In &quot;Blogu i Udh\u00ebtarit&quot;","block_context":{"text":"Blogu i Udh\u00ebtarit","link":"https:\/\/www.shqiperia.com\/blog\/category\/blogu-i-udhetarit\/"},"img":{"alt_text":"","src":"https:\/\/i0.wp.com\/www.shqiperia.com\/blog\/wp-content\/uploads\/2023\/11\/403700102_3735163046706971_1564030098679933452_n.jpg?fit=800%2C490&ssl=1&resize=350%2C200","width":350,"height":200,"srcset":"https:\/\/i0.wp.com\/www.shqiperia.com\/blog\/wp-content\/uploads\/2023\/11\/403700102_3735163046706971_1564030098679933452_n.jpg?fit=800%2C490&ssl=1&resize=350%2C200 1x, https:\/\/i0.wp.com\/www.shqiperia.com\/blog\/wp-content\/uploads\/2023\/11\/403700102_3735163046706971_1564030098679933452_n.jpg?fit=800%2C490&ssl=1&resize=525%2C300 1.5x, https:\/\/i0.wp.com\/www.shqiperia.com\/blog\/wp-content\/uploads\/2023\/11\/403700102_3735163046706971_1564030098679933452_n.jpg?fit=800%2C490&ssl=1&resize=700%2C400 2x"},"classes":[]},{"id":13985,"url":"https:\/\/www.shqiperia.com\/blog\/blendi-klosi-shet-gjelin-e-eger-te-siberise-si-specien-e-shpetuar-ne-tomorr-por-del-zbuluar-dhe-fshin-postimin\/","url_meta":{"origin":37608,"position":2},"title":"Blendi Klosi \u2018shet\u2019 gjelin e eg\u00ebr t\u00eb Siberis\u00eb si specien e shp\u00ebtuar n\u00eb Tomorr, por del zbuluar dhe fshin postimin. &#8211;","author":"Kurt Farka","date":"November 22, 2018","format":false,"excerpt":"Blendi Klosi \u2018shet\u2019 gjelin e eg\u00ebr t\u00eb Siberis\u00eb si specien e shp\u00ebtuar n\u00eb Tomorr, por del zbuluar dhe fshin postimin. - Ish-banori i \u201cBig Brother\u201d, Algen Nikolla ka nxjerr zbuluar Ministrin e Turizmit dhe Mjedisit, Blendi Klosi, i cili n\u00eb nj\u00eb postim n\u00eb faqen e Facebook ka prezantuar fotografit\u00eb e\u2026","rel":"","context":"In &quot;Blogu i Udh\u00ebtarit&quot;","block_context":{"text":"Blogu i Udh\u00ebtarit","link":"https:\/\/www.shqiperia.com\/blog\/category\/blogu-i-udhetarit\/"},"img":{"alt_text":"","src":"https:\/\/i0.wp.com\/www.shqiperia.com\/blog\/wp-content\/uploads\/2018\/11\/KLosi-faqja-facebook-e1542730584306.jpg?fit=713%2C465&ssl=1&resize=350%2C200","width":350,"height":200,"srcset":"https:\/\/i0.wp.com\/www.shqiperia.com\/blog\/wp-content\/uploads\/2018\/11\/KLosi-faqja-facebook-e1542730584306.jpg?fit=713%2C465&ssl=1&resize=350%2C200 1x, https:\/\/i0.wp.com\/www.shqiperia.com\/blog\/wp-content\/uploads\/2018\/11\/KLosi-faqja-facebook-e1542730584306.jpg?fit=713%2C465&ssl=1&resize=525%2C300 1.5x, https:\/\/i0.wp.com\/www.shqiperia.com\/blog\/wp-content\/uploads\/2018\/11\/KLosi-faqja-facebook-e1542730584306.jpg?fit=713%2C465&ssl=1&resize=700%2C400 2x"},"classes":[]},{"id":18924,"url":"https:\/\/www.shqiperia.com\/blog\/miti-i-plakave-gojedhena-e-bukur-e-malit-pse-moti-terbohet-kaq-keq\/","url_meta":{"origin":37608,"position":3},"title":"\u201cMiti i Plakave\u201d, goj\u00ebdh\u00ebna e bukur e malit pse moti t\u00ebrbohet kaq keq. &#8211;","author":"Kurt Farka","date":"March 30, 2019","format":false,"excerpt":"\u201cMiti i Plakave\u201d, goj\u00ebdh\u00ebna e bukur e malit pse moti t\u00ebrbohet kaq keq. - Sipas rr\u00ebfimeve nga brezi n\u00eb brez, ndryshimet e motit n\u00eb fillim apo n\u00eb fund t\u00eb muajit mars lidhen me \u201cmitin e plakave\u201d. N\u00eb disa krahina t\u00eb vendit ky mit kujtohet n\u00eb fillim t\u00eb muajit kur marsi\u2026","rel":"","context":"In &quot;Blogu i Udh\u00ebtarit&quot;","block_context":{"text":"Blogu i Udh\u00ebtarit","link":"https:\/\/www.shqiperia.com\/blog\/category\/blogu-i-udhetarit\/"},"img":{"alt_text":"","src":"https:\/\/i0.wp.com\/www.shqiperia.com\/blog\/wp-content\/uploads\/2019\/03\/plakat-e-marsit-696x487-640x448.jpg?fit=640%2C448&ssl=1&resize=350%2C200","width":350,"height":200,"srcset":"https:\/\/i0.wp.com\/www.shqiperia.com\/blog\/wp-content\/uploads\/2019\/03\/plakat-e-marsit-696x487-640x448.jpg?fit=640%2C448&ssl=1&resize=350%2C200 1x, https:\/\/i0.wp.com\/www.shqiperia.com\/blog\/wp-content\/uploads\/2019\/03\/plakat-e-marsit-696x487-640x448.jpg?fit=640%2C448&ssl=1&resize=525%2C300 1.5x"},"classes":[]},{"id":52340,"url":"https:\/\/www.shqiperia.com\/blog\/ekstradimi-i-te-burgosurve-nga-anglia-shqiperia-nuk-ka-kapacitet-presim-vetem-105-te-burgosur\/","url_meta":{"origin":37608,"position":4},"title":"Ekstradimi i t\u00eb burgosurve nga Anglia, Shqip\u00ebria nuk ka kapacitet, presim vet\u00ebm 105 t\u00eb burgosur","author":"Kurt Farka","date":"December 13, 2021","format":false,"excerpt":"Ekstradimi i t\u00eb burgosurve nga Anglia, Shqip\u00ebria nuk ka kapacitet, presim vet\u00ebm 105 t\u00eb burgosur 13 Dhjetor 2021 1500 shqiptar\u00eb q\u00eb vuajn\u00eb d\u00ebnimin me burgjet britanike sipas marr\u00ebveshjes dypal\u00ebshe, jan\u00eb subjekt transferimi,\u00a0 por vet\u00ebm 105 \u00ebsht\u00eb kapaciteti i vendeve t\u00eb lira n\u00eb Shqip\u00ebri p\u00ebr individ\u00ebt e burgosur. N\u00eb k\u00ebt\u00eb aspekt\u2026","rel":"","context":"In &quot;Blogu i Udh\u00ebtarit&quot;","block_context":{"text":"Blogu i Udh\u00ebtarit","link":"https:\/\/www.shqiperia.com\/blog\/category\/blogu-i-udhetarit\/"},"img":{"alt_text":"","src":"https:\/\/i0.wp.com\/www.shqiperia.com\/blog\/wp-content\/uploads\/2021\/12\/1200-630-capturejpg-1639409407.jpg?fit=1200%2C630&ssl=1&resize=350%2C200","width":350,"height":200,"srcset":"https:\/\/i0.wp.com\/www.shqiperia.com\/blog\/wp-content\/uploads\/2021\/12\/1200-630-capturejpg-1639409407.jpg?fit=1200%2C630&ssl=1&resize=350%2C200 1x, https:\/\/i0.wp.com\/www.shqiperia.com\/blog\/wp-content\/uploads\/2021\/12\/1200-630-capturejpg-1639409407.jpg?fit=1200%2C630&ssl=1&resize=525%2C300 1.5x, https:\/\/i0.wp.com\/www.shqiperia.com\/blog\/wp-content\/uploads\/2021\/12\/1200-630-capturejpg-1639409407.jpg?fit=1200%2C630&ssl=1&resize=700%2C400 2x, https:\/\/i0.wp.com\/www.shqiperia.com\/blog\/wp-content\/uploads\/2021\/12\/1200-630-capturejpg-1639409407.jpg?fit=1200%2C630&ssl=1&resize=1050%2C600 3x"},"classes":[]},{"id":80488,"url":"https:\/\/www.shqiperia.com\/blog\/edhe-afrikanet-kane-frike-te-vijne-ne-shqiperi-alizoti-nuk-permbahet-rama-na-felliqi-para-botes\/","url_meta":{"origin":37608,"position":5},"title":"&#8220;Edhe afrikan\u00ebt kan\u00eb frik\u00eb t\u00eb vijn\u00eb n\u00eb Shqip\u00ebri&#8221;. &#8211;  Alizoti nuk p\u00ebrmbahet: &#8211; Rama na f\u00eblliqi para bot\u00ebs","author":"Kurt Farka","date":"April 27, 2024","format":false,"excerpt":"27 Prill 2024 Sekretari i P\u00ebrgjithsh\u00ebm i PD, Flamur Noka, dhe deputet\u00ebt Tomorr Alizoti dhe Sorina Koti kan\u00eb zhvilluar sot n\u00eb mesdit\u00eb nj\u00eb takim me demokrat\u00ebt e Kolonj\u00ebs. N\u00eb fjal\u00ebn e tij, Alizoti u shpreh se kryeministri Rama e ka f\u00eblliqur k\u00ebt\u00eb vend, duke u njohur n\u00eb t\u00eb gjith\u00eb bot\u00ebn\u2026","rel":"","context":"In &quot;Blogu i Udh\u00ebtarit&quot;","block_context":{"text":"Blogu i Udh\u00ebtarit","link":"https:\/\/www.shqiperia.com\/blog\/category\/blogu-i-udhetarit\/"},"img":{"alt_text":"","src":"https:\/\/i0.wp.com\/www.shqiperia.com\/blog\/wp-content\/uploads\/2024\/04\/800-0-c6369bf659cf94f5eb3d144770c65641.jpg?fit=545%2C356&ssl=1&resize=350%2C200","width":350,"height":200,"srcset":"https:\/\/i0.wp.com\/www.shqiperia.com\/blog\/wp-content\/uploads\/2024\/04\/800-0-c6369bf659cf94f5eb3d144770c65641.jpg?fit=545%2C356&ssl=1&resize=350%2C200 1x, https:\/\/i0.wp.com\/www.shqiperia.com\/blog\/wp-content\/uploads\/2024\/04\/800-0-c6369bf659cf94f5eb3d144770c65641.jpg?fit=545%2C356&ssl=1&resize=525%2C300 1.5x"},"classes":[]}],"_links":{"self":[{"href":"https:\/\/www.shqiperia.com\/blog\/wp-json\/wp\/v2\/posts\/37608","targetHints":{"allow":["GET"]}}],"collection":[{"href":"https:\/\/www.shqiperia.com\/blog\/wp-json\/wp\/v2\/posts"}],"about":[{"href":"https:\/\/www.shqiperia.com\/blog\/wp-json\/wp\/v2\/types\/post"}],"author":[{"embeddable":true,"href":"https:\/\/www.shqiperia.com\/blog\/wp-json\/wp\/v2\/users\/9"}],"replies":[{"embeddable":true,"href":"https:\/\/www.shqiperia.com\/blog\/wp-json\/wp\/v2\/comments?post=37608"}],"version-history":[{"count":2,"href":"https:\/\/www.shqiperia.com\/blog\/wp-json\/wp\/v2\/posts\/37608\/revisions"}],"predecessor-version":[{"id":37611,"href":"https:\/\/www.shqiperia.com\/blog\/wp-json\/wp\/v2\/posts\/37608\/revisions\/37611"}],"wp:featuredmedia":[{"embeddable":true,"href":"https:\/\/www.shqiperia.com\/blog\/wp-json\/wp\/v2\/media\/37609"}],"wp:attachment":[{"href":"https:\/\/www.shqiperia.com\/blog\/wp-json\/wp\/v2\/media?parent=37608"}],"wp:term":[{"taxonomy":"category","embeddable":true,"href":"https:\/\/www.shqiperia.com\/blog\/wp-json\/wp\/v2\/categories?post=37608"},{"taxonomy":"post_tag","embeddable":true,"href":"https:\/\/www.shqiperia.com\/blog\/wp-json\/wp\/v2\/tags?post=37608"}],"curies":[{"name":"wp","href":"https:\/\/api.w.org\/{rel}","templated":true}]}}