{"id":37604,"date":"2020-08-24T16:32:21","date_gmt":"2020-08-24T16:32:21","guid":{"rendered":"https:\/\/www.shqiperia.com\/blog\/?p=37604"},"modified":"2020-08-24T16:32:21","modified_gmt":"2020-08-24T16:32:21","slug":"spitali-i-berlinit-ja-me-cfare-u-helmua-lideri-i-opozites-ruse","status":"publish","type":"post","link":"https:\/\/www.shqiperia.com\/blog\/spitali-i-berlinit-ja-me-cfare-u-helmua-lideri-i-opozites-ruse\/","title":{"rendered":"Spitali i Berlinit: -Ja me \u00e7far\u00eb u helmua lideri i opozit\u00ebs ruse!"},"content":{"rendered":"<p><img data-recalc-dims=\"1\" loading=\"lazy\" decoding=\"async\" data-attachment-id=\"37605\" data-permalink=\"https:\/\/www.shqiperia.com\/blog\/spitali-i-berlinit-ja-me-cfare-u-helmua-lideri-i-opozites-ruse\/640-0-5f43e2602158a\/\" data-orig-file=\"https:\/\/i0.wp.com\/www.shqiperia.com\/blog\/wp-content\/uploads\/2020\/08\/640-0-5f43e2602158a.jpg?fit=640%2C359&amp;ssl=1\" data-orig-size=\"640,359\" data-comments-opened=\"1\" data-image-meta=\"{&quot;aperture&quot;:&quot;0&quot;,&quot;credit&quot;:&quot;&quot;,&quot;camera&quot;:&quot;&quot;,&quot;caption&quot;:&quot;&quot;,&quot;created_timestamp&quot;:&quot;0&quot;,&quot;copyright&quot;:&quot;&quot;,&quot;focal_length&quot;:&quot;0&quot;,&quot;iso&quot;:&quot;0&quot;,&quot;shutter_speed&quot;:&quot;0&quot;,&quot;title&quot;:&quot;&quot;,&quot;orientation&quot;:&quot;0&quot;}\" data-image-title=\"-640-0-5f43e2602158a\" data-image-description=\"\" data-image-caption=\"\" data-medium-file=\"https:\/\/i0.wp.com\/www.shqiperia.com\/blog\/wp-content\/uploads\/2020\/08\/640-0-5f43e2602158a.jpg?fit=300%2C168&amp;ssl=1\" data-large-file=\"https:\/\/i0.wp.com\/www.shqiperia.com\/blog\/wp-content\/uploads\/2020\/08\/640-0-5f43e2602158a.jpg?fit=640%2C359&amp;ssl=1\" class=\"alignnone  wp-image-37605\" alt=\"\" src=\"https:\/\/i0.wp.com\/www.shqiperia.com\/blog\/wp-content\/uploads\/2020\/08\/640-0-5f43e2602158a.jpg?resize=564%2C316&#038;ssl=1\" width=\"564\" height=\"316\" srcset=\"https:\/\/i0.wp.com\/www.shqiperia.com\/blog\/wp-content\/uploads\/2020\/08\/640-0-5f43e2602158a.jpg?resize=300%2C168&amp;ssl=1 300w, https:\/\/i0.wp.com\/www.shqiperia.com\/blog\/wp-content\/uploads\/2020\/08\/640-0-5f43e2602158a.jpg?resize=450%2C252&amp;ssl=1 450w, https:\/\/i0.wp.com\/www.shqiperia.com\/blog\/wp-content\/uploads\/2020\/08\/640-0-5f43e2602158a.jpg?resize=600%2C337&amp;ssl=1 600w, https:\/\/i0.wp.com\/www.shqiperia.com\/blog\/wp-content\/uploads\/2020\/08\/640-0-5f43e2602158a.jpg?resize=400%2C224&amp;ssl=1 400w, https:\/\/i0.wp.com\/www.shqiperia.com\/blog\/wp-content\/uploads\/2020\/08\/640-0-5f43e2602158a.jpg?w=640&amp;ssl=1 640w\" sizes=\"auto, (max-width: 564px) 100vw, 564px\" \/><\/p>\n<p>Spitali i Berlinit: -Ja me \u00e7far\u00eb u helmua lideri i opozit\u00ebs ruse!<\/p>\n<p>24 GUSHT 2020<\/p>\n<p>Spitali Charite i Berlinit vuri n\u00eb dukje se kritiku i Kremlinit \u00ebsht\u00eb helmuar nga nj\u00eb l\u00ebnd\u00eb q\u00eb b\u00ebn pjes\u00eb n\u00eb grupin e substancave aktive t\u00eb quajtura frenues t\u00eb kolinesteraz\u00ebs.<\/p>\n<p>Spitali shtoi se Navalny, i cili u transferua n\u00eb kryeqytetin gjerman nga qyteti siberian Omsk t\u00eb shtun\u00ebn n\u00eb m\u00ebngjes, \u00ebsht\u00eb n\u00eb nj\u00eb gjendje kome artificiale.\u00a0<em>&#8220;Gjendja sh\u00ebndet\u00ebsore \u00ebsht\u00eb serioze, por aktualisht nuk ka rrezik akut p\u00ebr jet\u00ebn e tij.<\/em>&#8220;, tha spitali sot.<\/p>\n<p>Substanca specifike e p\u00ebrdorur p\u00ebr t\u00eb helmuar Navalny ende nuk \u00ebsht\u00eb identifikuar. M\u00eb par\u00eb, qeveria gjermane tha se me shum\u00eb gjas\u00eb Navalny ishte helmuar dhe p\u00ebr k\u00ebt\u00eb arsye do t\u00eb ket\u00eb nevoj\u00eb p\u00ebr mbrojtje t\u00eb ve\u00e7ant\u00eb.<\/p>\n<p><img data-recalc-dims=\"1\" loading=\"lazy\" decoding=\"async\" data-attachment-id=\"37606\" data-permalink=\"https:\/\/www.shqiperia.com\/blog\/spitali-i-berlinit-ja-me-cfare-u-helmua-lideri-i-opozites-ruse\/640-0-5f43e26050b5f\/\" data-orig-file=\"https:\/\/i0.wp.com\/www.shqiperia.com\/blog\/wp-content\/uploads\/2020\/08\/640-0-5f43e26050b5f.jpg?fit=640%2C360&amp;ssl=1\" data-orig-size=\"640,360\" data-comments-opened=\"1\" data-image-meta=\"{&quot;aperture&quot;:&quot;0&quot;,&quot;credit&quot;:&quot;&quot;,&quot;camera&quot;:&quot;&quot;,&quot;caption&quot;:&quot;&quot;,&quot;created_timestamp&quot;:&quot;0&quot;,&quot;copyright&quot;:&quot;&quot;,&quot;focal_length&quot;:&quot;0&quot;,&quot;iso&quot;:&quot;0&quot;,&quot;shutter_speed&quot;:&quot;0&quot;,&quot;title&quot;:&quot;&quot;,&quot;orientation&quot;:&quot;0&quot;}\" data-image-title=\"-640-0-5f43e26050b5f\" data-image-description=\"\" data-image-caption=\"\" data-medium-file=\"https:\/\/i0.wp.com\/www.shqiperia.com\/blog\/wp-content\/uploads\/2020\/08\/640-0-5f43e26050b5f.jpg?fit=300%2C169&amp;ssl=1\" data-large-file=\"https:\/\/i0.wp.com\/www.shqiperia.com\/blog\/wp-content\/uploads\/2020\/08\/640-0-5f43e26050b5f.jpg?fit=640%2C360&amp;ssl=1\" class=\"alignnone  wp-image-37606\" alt=\"\" src=\"https:\/\/i0.wp.com\/www.shqiperia.com\/blog\/wp-content\/uploads\/2020\/08\/640-0-5f43e26050b5f.jpg?resize=644%2C363&#038;ssl=1\" width=\"644\" height=\"363\" srcset=\"https:\/\/i0.wp.com\/www.shqiperia.com\/blog\/wp-content\/uploads\/2020\/08\/640-0-5f43e26050b5f.jpg?resize=300%2C169&amp;ssl=1 300w, https:\/\/i0.wp.com\/www.shqiperia.com\/blog\/wp-content\/uploads\/2020\/08\/640-0-5f43e26050b5f.jpg?resize=450%2C253&amp;ssl=1 450w, https:\/\/i0.wp.com\/www.shqiperia.com\/blog\/wp-content\/uploads\/2020\/08\/640-0-5f43e26050b5f.jpg?resize=600%2C338&amp;ssl=1 600w, https:\/\/i0.wp.com\/www.shqiperia.com\/blog\/wp-content\/uploads\/2020\/08\/640-0-5f43e26050b5f.jpg?resize=400%2C225&amp;ssl=1 400w, https:\/\/i0.wp.com\/www.shqiperia.com\/blog\/wp-content\/uploads\/2020\/08\/640-0-5f43e26050b5f.jpg?w=640&amp;ssl=1 640w\" sizes=\"auto, (max-width: 644px) 100vw, 644px\" \/><\/p>\n<p>Dritare Net<\/p>\n","protected":false},"excerpt":{"rendered":"<p>Spitali i Berlinit: -Ja me \u00e7far\u00eb u helmua lideri i opozit\u00ebs ruse! 24 GUSHT 2020 Spitali Charite i Berlinit vuri n\u00eb dukje se kritiku i Kremlinit \u00ebsht\u00eb helmuar nga nj\u00eb l\u00ebnd\u00eb q\u00eb b\u00ebn pjes\u00eb n\u00eb grupin e substancave aktive t\u00eb quajtura frenues t\u00eb kolinesteraz\u00ebs. Spitali shtoi se Navalny, i cili u transferua n\u00eb kryeqytetin gjerman [&hellip;]<\/p>\n","protected":false},"author":9,"featured_media":37605,"comment_status":"open","ping_status":"open","sticky":false,"template":"","format":"standard","meta":{"jetpack_post_was_ever_published":false,"_jetpack_newsletter_access":"","_jetpack_dont_email_post_to_subs":false,"_jetpack_newsletter_tier_id":0,"_jetpack_memberships_contains_paywalled_content":false,"_jetpack_memberships_contains_paid_content":false,"footnotes":"","jetpack_publicize_message":"","jetpack_publicize_feature_enabled":true,"jetpack_social_post_already_shared":true,"jetpack_social_options":{"image_generator_settings":{"template":"highway","default_image_id":0,"font":"","enabled":false},"version":2}},"categories":[27],"tags":[],"class_list":["post-37604","post","type-post","status-publish","format-standard","has-post-thumbnail","hentry","category-blogu-i-udhetarit"],"jetpack_publicize_connections":[],"jetpack_featured_media_url":"https:\/\/i0.wp.com\/www.shqiperia.com\/blog\/wp-content\/uploads\/2020\/08\/640-0-5f43e2602158a.jpg?fit=640%2C359&ssl=1","jetpack_sharing_enabled":true,"jetpack_shortlink":"https:\/\/wp.me\/p5Z6wp-9Mw","jetpack-related-posts":[{"id":97746,"url":"https:\/\/www.shqiperia.com\/blog\/cfare-eshte-toksina-e-bretkoses-se-shigjetes-qe-lidhet-me-vdekjen-e-alexey-navalny\/","url_meta":{"origin":37604,"position":0},"title":"\u00c7far\u00eb \u00ebsht\u00eb toksina e \u201cbretkos\u00ebs s\u00eb shigjet\u00ebs\u201d q\u00eb lidhet me vdekjen e Alexey Navalny?","author":"Kurt Farka","date":"February 15, 2026","format":false,"excerpt":"15 Shkurt 2026 Pes\u00eb vende evropiane, Mbret\u00ebria e Bashkuar, Franca, Gjermania, Suedia dhe Holanda kan\u00eb akuzuar Rusin\u00eb se ka p\u00ebrdorur nj\u00eb toksin\u00eb t\u00eb nxjerr\u00eb nga bretkosat helmuese t\u00eb shigjet\u00ebs p\u00ebr t\u00eb vrar\u00eb kritikun e Kremlinit, Alexey Navalny. Aleat\u00ebt evropian\u00eb deklaruan t\u00eb shtun\u00ebn se Navalny ishte helmuar gjat\u00eb koh\u00ebs q\u00eb mbahej\u2026","rel":"","context":"In &quot;Njoftime Shtypi&quot;","block_context":{"text":"Njoftime Shtypi","link":"https:\/\/www.shqiperia.com\/blog\/category\/njoftime-shtypi\/"},"img":{"alt_text":"","src":"https:\/\/i0.wp.com\/www.shqiperia.com\/blog\/wp-content\/uploads\/2026\/02\/9098e5bf3d22ab13ed50d6e0eb24afb1-1-1024x683-1.webp?fit=1024%2C683&ssl=1&resize=350%2C200","width":350,"height":200,"srcset":"https:\/\/i0.wp.com\/www.shqiperia.com\/blog\/wp-content\/uploads\/2026\/02\/9098e5bf3d22ab13ed50d6e0eb24afb1-1-1024x683-1.webp?fit=1024%2C683&ssl=1&resize=350%2C200 1x, https:\/\/i0.wp.com\/www.shqiperia.com\/blog\/wp-content\/uploads\/2026\/02\/9098e5bf3d22ab13ed50d6e0eb24afb1-1-1024x683-1.webp?fit=1024%2C683&ssl=1&resize=525%2C300 1.5x, https:\/\/i0.wp.com\/www.shqiperia.com\/blog\/wp-content\/uploads\/2026\/02\/9098e5bf3d22ab13ed50d6e0eb24afb1-1-1024x683-1.webp?fit=1024%2C683&ssl=1&resize=700%2C400 2x"},"classes":[]},{"id":40724,"url":"https:\/\/www.shqiperia.com\/blog\/denoncimi-i-forte-ne-opinion-koco-devole-u-nxorr-nga-spitali-se-skishte-vende-per-te-tjeret\/","url_meta":{"origin":37604,"position":1},"title":"Denoncimi i fort\u00eb n\u00eb Opinion: Ko\u00e7o Devole u nxorr nga spitali se s\u2019kishte vende p\u00ebr t\u00eb tjer\u00ebt?","author":"Kurt Farka","date":"November 10, 2020","format":false,"excerpt":"Denoncimi i fort\u00eb n\u00eb Opinion: Ko\u00e7o Devole u nxorr nga spitali se s\u2019kishte vende p\u00ebr t\u00eb tjer\u00ebt? - 09\/11\/20 Gazetari Blendi Fevziu ka th\u00ebn\u00eb sot n\u00eb emisionin e tij se aktori i ndjer\u00eb Ko\u00e7o Devole u nxorr nga spitali pasi nuk kishte vende p\u00ebr t\u00eb s\u00ebmur\u00ebt e tjer\u00eb q\u00eb ishin\u2026","rel":"","context":"In &quot;Blogu i Udh\u00ebtarit&quot;","block_context":{"text":"Blogu i Udh\u00ebtarit","link":"https:\/\/www.shqiperia.com\/blog\/category\/blogu-i-udhetarit\/"},"img":{"alt_text":"","src":"https:\/\/i0.wp.com\/www.shqiperia.com\/blog\/wp-content\/uploads\/2020\/11\/ballina-01-01-01-01-01-7-1536x864-1.jpg?fit=1200%2C675&ssl=1&resize=350%2C200","width":350,"height":200,"srcset":"https:\/\/i0.wp.com\/www.shqiperia.com\/blog\/wp-content\/uploads\/2020\/11\/ballina-01-01-01-01-01-7-1536x864-1.jpg?fit=1200%2C675&ssl=1&resize=350%2C200 1x, https:\/\/i0.wp.com\/www.shqiperia.com\/blog\/wp-content\/uploads\/2020\/11\/ballina-01-01-01-01-01-7-1536x864-1.jpg?fit=1200%2C675&ssl=1&resize=525%2C300 1.5x, https:\/\/i0.wp.com\/www.shqiperia.com\/blog\/wp-content\/uploads\/2020\/11\/ballina-01-01-01-01-01-7-1536x864-1.jpg?fit=1200%2C675&ssl=1&resize=700%2C400 2x, https:\/\/i0.wp.com\/www.shqiperia.com\/blog\/wp-content\/uploads\/2020\/11\/ballina-01-01-01-01-01-7-1536x864-1.jpg?fit=1200%2C675&ssl=1&resize=1050%2C600 3x"},"classes":[]},{"id":49728,"url":"https:\/\/www.shqiperia.com\/blog\/pamje-rrenqethese-nga-spitali-i-tetoves-nuk-duhej-te-ishte-vene-ne-pune-tragjedia-u-paralajmerua\/","url_meta":{"origin":37604,"position":2},"title":"Pamje rr\u00ebnqeth\u00ebse nga spitali i Tetov\u00ebs. &#8211; Nuk duhej t\u00eb ishte v\u00ebn\u00eb n\u00eb pun\u00eb, tragjedia u paralajm\u00ebrua","author":"Kurt Farka","date":"September 9, 2021","format":false,"excerpt":"Pamje rr\u00ebnqeth\u00ebse nga spitali i Tetov\u00ebs. - Nuk duhej t\u00eb ishte v\u00ebn\u00eb n\u00eb pun\u00eb, tragjedia u paralajm\u00ebrua 8 shtator 2021 pamje rr\u00ebnqeth\u00ebse nga spitali i Tetov\u00ebs. Nuk duhej t\u00eb ishte v\u00ebn\u00eb n\u00eb pun\u00eb, tragjedia u paralajm\u00ebrua 40 minuta kan\u00eb mjaftuar p\u00ebr t\u00eb shkaktuar dhjetra viktima n\u00eb spitalin COVID t\u00eb Tetov\u00ebs.\u2026","rel":"","context":"In &quot;Blogu i Udh\u00ebtarit&quot;","block_context":{"text":"Blogu i Udh\u00ebtarit","link":"https:\/\/www.shqiperia.com\/blog\/category\/blogu-i-udhetarit\/"},"img":{"alt_text":"","src":"https:\/\/i0.wp.com\/www.shqiperia.com\/blog\/wp-content\/uploads\/2021\/09\/241648561_1579597232376492_5924509341636748630_n-1-640x288-1-905x450-1.jpg?fit=798%2C450&ssl=1&resize=350%2C200","width":350,"height":200,"srcset":"https:\/\/i0.wp.com\/www.shqiperia.com\/blog\/wp-content\/uploads\/2021\/09\/241648561_1579597232376492_5924509341636748630_n-1-640x288-1-905x450-1.jpg?fit=798%2C450&ssl=1&resize=350%2C200 1x, https:\/\/i0.wp.com\/www.shqiperia.com\/blog\/wp-content\/uploads\/2021\/09\/241648561_1579597232376492_5924509341636748630_n-1-640x288-1-905x450-1.jpg?fit=798%2C450&ssl=1&resize=525%2C300 1.5x, https:\/\/i0.wp.com\/www.shqiperia.com\/blog\/wp-content\/uploads\/2021\/09\/241648561_1579597232376492_5924509341636748630_n-1-640x288-1-905x450-1.jpg?fit=798%2C450&ssl=1&resize=700%2C400 2x"},"classes":[]},{"id":37972,"url":"https:\/\/www.shqiperia.com\/blog\/u-hodh-nga-spitali-shefqet-ndroqi-zbardhet-biseda-telefonike-e-viktimes-me-fqinjin-po-ta-dija-se-cfare-behet-ketu-nuk-do-te\/","url_meta":{"origin":37604,"position":3},"title":"U hodh nga spitali \u201cShefqet Ndroqi\u201d\/ Zbardhet biseda telefonike e viktim\u00ebs me fqinjin: Po ta dija se \u00e7far\u00eb b\u00ebhet k\u00ebtu, nuk do t\u00eb\u2026","author":"Kurt Farka","date":"September 3, 2020","format":false,"excerpt":"U hodh nga spitali \u201cShefqet Ndroqi\u201d\/ Zbardhet biseda telefonike e viktim\u00ebs me fqinjin: Po ta dija se \u00e7far\u00eb b\u00ebhet k\u00ebtu, nuk do t\u00eb\u2026 \u00a02 shtator \u00a02020 Zbardhet d\u00ebshmia trondit\u00ebse q\u00eb tregon p\u00ebr gjendjen e r\u00ebnduar psikologjike t\u00eb pacientit 65-vje\u00e7ar, i cili i dha fund jet\u00ebs duke u vet\u00ebhedhur nga dritarja\u2026","rel":"","context":"In &quot;Blogu i Udh\u00ebtarit&quot;","block_context":{"text":"Blogu i Udh\u00ebtarit","link":"https:\/\/www.shqiperia.com\/blog\/category\/blogu-i-udhetarit\/"},"img":{"alt_text":"","src":"https:\/\/i0.wp.com\/www.shqiperia.com\/blog\/wp-content\/uploads\/2020\/09\/download-300x150.jpg?resize=350%2C200&ssl=1","width":350,"height":200},"classes":[]},{"id":54511,"url":"https:\/\/www.shqiperia.com\/blog\/putin-e-mbylli-pas-hekurave-reagon-per-here-te-pare-udheheqesi-i-opozites-ruse\/","url_meta":{"origin":37604,"position":4},"title":"Putin e mbylli pas hekurave, reagon p\u00ebr her\u00eb t\u00eb par\u00eb udh\u00ebheq\u00ebsi i opozit\u00ebs ruse","author":"Kurt Farka","date":"February 25, 2022","format":false,"excerpt":"Putin e mbylli pas hekurave, reagon p\u00ebr her\u00eb t\u00eb par\u00eb udh\u00ebheq\u00ebsi i opozit\u00ebs ruse 24 SHKURT 2022 Udh\u00ebheq\u00ebsi i opozit\u00ebs ruse, Alexei Navalny ka b\u00ebr\u00eb reagimin e par\u00eb p\u00ebr luft\u00ebn q\u00eb Rusia ka nisur n\u00eb Ukrain\u00eb. I ndodhur pa hekurave ku duhet t\u00eb vuaj\u00eb d\u00ebnimin me 2.5 vite burg q\u00eb\u2026","rel":"","context":"In &quot;Blogu i Udh\u00ebtarit&quot;","block_context":{"text":"Blogu i Udh\u00ebtarit","link":"https:\/\/www.shqiperia.com\/blog\/category\/blogu-i-udhetarit\/"},"img":{"alt_text":"","src":"https:\/\/i0.wp.com\/www.shqiperia.com\/blog\/wp-content\/uploads\/2022\/02\/800-0-6217f9ef9e8cd.jpg?fit=800%2C449&ssl=1&resize=350%2C200","width":350,"height":200,"srcset":"https:\/\/i0.wp.com\/www.shqiperia.com\/blog\/wp-content\/uploads\/2022\/02\/800-0-6217f9ef9e8cd.jpg?fit=800%2C449&ssl=1&resize=350%2C200 1x, https:\/\/i0.wp.com\/www.shqiperia.com\/blog\/wp-content\/uploads\/2022\/02\/800-0-6217f9ef9e8cd.jpg?fit=800%2C449&ssl=1&resize=525%2C300 1.5x, https:\/\/i0.wp.com\/www.shqiperia.com\/blog\/wp-content\/uploads\/2022\/02\/800-0-6217f9ef9e8cd.jpg?fit=800%2C449&ssl=1&resize=700%2C400 2x"},"classes":[]},{"id":58855,"url":"https:\/\/www.shqiperia.com\/blog\/eshte-perhapur-kolera-uji-i-helmuar-nga-kufomat-qe-treten-alarm-ne-qytetin-ukrainas\/","url_meta":{"origin":37604,"position":5},"title":"\u00cbsht\u00eb p\u00ebrhapur kolera, uji i helmuar nga kufomat q\u00eb treten&#8230;- Alarm n\u00eb qytetin ukrainas","author":"Kurt Farka","date":"June 10, 2022","format":false,"excerpt":"10 Qershor 2022 Kryetari i bashkis\u00eb s\u00eb Mariupolit, Vadym Boychenko ka ngritur alarmin se kolera dhe s\u00ebmundje t\u00eb tjera vdekjeprur\u00ebse mund t\u00eb vrasin mij\u00ebra njer\u00ebz n\u00eb qytetin e pushtuar nga Rusia n\u00eb jug t\u00eb Ukrain\u00ebs. Sipas tij, kufomat po dekompozohen me rritjen e temperaturave, nd\u00ebrsa nuk jan\u00eb varrosur si duhet.\u2026","rel":"","context":"In &quot;Blogu i Udh\u00ebtarit&quot;","block_context":{"text":"Blogu i Udh\u00ebtarit","link":"https:\/\/www.shqiperia.com\/blog\/category\/blogu-i-udhetarit\/"},"img":{"alt_text":"","src":"https:\/\/i0.wp.com\/www.shqiperia.com\/blog\/wp-content\/uploads\/2022\/06\/800-0-71ad2aca6bb5504c527bcec9f89a1a0d.jpeg?fit=800%2C420&ssl=1&resize=350%2C200","width":350,"height":200,"srcset":"https:\/\/i0.wp.com\/www.shqiperia.com\/blog\/wp-content\/uploads\/2022\/06\/800-0-71ad2aca6bb5504c527bcec9f89a1a0d.jpeg?fit=800%2C420&ssl=1&resize=350%2C200 1x, https:\/\/i0.wp.com\/www.shqiperia.com\/blog\/wp-content\/uploads\/2022\/06\/800-0-71ad2aca6bb5504c527bcec9f89a1a0d.jpeg?fit=800%2C420&ssl=1&resize=525%2C300 1.5x, https:\/\/i0.wp.com\/www.shqiperia.com\/blog\/wp-content\/uploads\/2022\/06\/800-0-71ad2aca6bb5504c527bcec9f89a1a0d.jpeg?fit=800%2C420&ssl=1&resize=700%2C400 2x"},"classes":[]}],"_links":{"self":[{"href":"https:\/\/www.shqiperia.com\/blog\/wp-json\/wp\/v2\/posts\/37604","targetHints":{"allow":["GET"]}}],"collection":[{"href":"https:\/\/www.shqiperia.com\/blog\/wp-json\/wp\/v2\/posts"}],"about":[{"href":"https:\/\/www.shqiperia.com\/blog\/wp-json\/wp\/v2\/types\/post"}],"author":[{"embeddable":true,"href":"https:\/\/www.shqiperia.com\/blog\/wp-json\/wp\/v2\/users\/9"}],"replies":[{"embeddable":true,"href":"https:\/\/www.shqiperia.com\/blog\/wp-json\/wp\/v2\/comments?post=37604"}],"version-history":[{"count":1,"href":"https:\/\/www.shqiperia.com\/blog\/wp-json\/wp\/v2\/posts\/37604\/revisions"}],"predecessor-version":[{"id":37607,"href":"https:\/\/www.shqiperia.com\/blog\/wp-json\/wp\/v2\/posts\/37604\/revisions\/37607"}],"wp:featuredmedia":[{"embeddable":true,"href":"https:\/\/www.shqiperia.com\/blog\/wp-json\/wp\/v2\/media\/37605"}],"wp:attachment":[{"href":"https:\/\/www.shqiperia.com\/blog\/wp-json\/wp\/v2\/media?parent=37604"}],"wp:term":[{"taxonomy":"category","embeddable":true,"href":"https:\/\/www.shqiperia.com\/blog\/wp-json\/wp\/v2\/categories?post=37604"},{"taxonomy":"post_tag","embeddable":true,"href":"https:\/\/www.shqiperia.com\/blog\/wp-json\/wp\/v2\/tags?post=37604"}],"curies":[{"name":"wp","href":"https:\/\/api.w.org\/{rel}","templated":true}]}}