{"id":37595,"date":"2020-08-24T15:42:20","date_gmt":"2020-08-24T15:42:20","guid":{"rendered":"https:\/\/www.shqiperia.com\/blog\/?p=37595"},"modified":"2024-06-09T20:27:22","modified_gmt":"2024-06-09T20:27:22","slug":"i-pari-qe-shkroi-per-luften-e-vlores-dhe-per-hyrjen-triumfale-te-clirimtareve-me-3-shtator-1920-ne-vlore-ishte-shtjefen-gjecov-kryeziu","status":"publish","type":"post","link":"https:\/\/www.shqiperia.com\/blog\/i-pari-qe-shkroi-per-luften-e-vlores-dhe-per-hyrjen-triumfale-te-clirimtareve-me-3-shtator-1920-ne-vlore-ishte-shtjefen-gjecov-kryeziu\/","title":{"rendered":"I pari qe shkroi per Luften e Vlores dhe per hyrjen triumfale te Clirimtareve me 3 shtator 1920 ne Vlore ishte Shtjefen Gjecov Kryeziu.\u00a0"},"content":{"rendered":"<p><img data-recalc-dims=\"1\" loading=\"lazy\" decoding=\"async\" data-attachment-id=\"37596\" data-permalink=\"https:\/\/www.shqiperia.com\/blog\/i-pari-qe-shkroi-per-luften-e-vlores-dhe-per-hyrjen-triumfale-te-clirimtareve-me-3-shtator-1920-ne-vlore-ishte-shtjefen-gjecov-kryeziu\/118384585_2816825078540777_6885542131888790599_n\/\" data-orig-file=\"https:\/\/i0.wp.com\/www.shqiperia.com\/blog\/wp-content\/uploads\/2020\/08\/118384585_2816825078540777_6885542131888790599_n.jpg?fit=720%2C386&amp;ssl=1\" data-orig-size=\"720,386\" data-comments-opened=\"1\" data-image-meta=\"{&quot;aperture&quot;:&quot;0&quot;,&quot;credit&quot;:&quot;&quot;,&quot;camera&quot;:&quot;&quot;,&quot;caption&quot;:&quot;&quot;,&quot;created_timestamp&quot;:&quot;0&quot;,&quot;copyright&quot;:&quot;&quot;,&quot;focal_length&quot;:&quot;0&quot;,&quot;iso&quot;:&quot;0&quot;,&quot;shutter_speed&quot;:&quot;0&quot;,&quot;title&quot;:&quot;&quot;,&quot;orientation&quot;:&quot;1&quot;}\" data-image-title=\"118384585_2816825078540777_6885542131888790599_n\" data-image-description=\"\" data-image-caption=\"\" data-medium-file=\"https:\/\/i0.wp.com\/www.shqiperia.com\/blog\/wp-content\/uploads\/2020\/08\/118384585_2816825078540777_6885542131888790599_n.jpg?fit=300%2C161&amp;ssl=1\" data-large-file=\"https:\/\/i0.wp.com\/www.shqiperia.com\/blog\/wp-content\/uploads\/2020\/08\/118384585_2816825078540777_6885542131888790599_n.jpg?fit=720%2C386&amp;ssl=1\" class=\"alignnone wp-image-37596\" alt=\"\" src=\"https:\/\/i0.wp.com\/www.shqiperia.com\/blog\/wp-content\/uploads\/2020\/08\/118384585_2816825078540777_6885542131888790599_n.jpg?resize=483%2C259&#038;ssl=1\" width=\"483\" height=\"259\" srcset=\"https:\/\/i0.wp.com\/www.shqiperia.com\/blog\/wp-content\/uploads\/2020\/08\/118384585_2816825078540777_6885542131888790599_n.jpg?resize=300%2C161&amp;ssl=1 300w, https:\/\/i0.wp.com\/www.shqiperia.com\/blog\/wp-content\/uploads\/2020\/08\/118384585_2816825078540777_6885542131888790599_n.jpg?resize=450%2C241&amp;ssl=1 450w, https:\/\/i0.wp.com\/www.shqiperia.com\/blog\/wp-content\/uploads\/2020\/08\/118384585_2816825078540777_6885542131888790599_n.jpg?resize=600%2C322&amp;ssl=1 600w, https:\/\/i0.wp.com\/www.shqiperia.com\/blog\/wp-content\/uploads\/2020\/08\/118384585_2816825078540777_6885542131888790599_n.jpg?resize=400%2C214&amp;ssl=1 400w, https:\/\/i0.wp.com\/www.shqiperia.com\/blog\/wp-content\/uploads\/2020\/08\/118384585_2816825078540777_6885542131888790599_n.jpg?w=720&amp;ssl=1 720w\" sizes=\"auto, (max-width: 483px) 100vw, 483px\" \/><\/p>\n<p>Ne Jubileun e 100 vjetorit te Luftes se Vlores, 1920. (2 foto)<\/p>\n<p>I pari qe shkroi per Luften e Vlores dhe per hyrjen triumfale te Clirimtareve me 3 shtator 1920 ne Vlore ishte Shtjefen Gjecov Kryeziu.<\/p>\n<p>Bije ne sy, se ne shkrim ai disa here thote: &#8220;Ne&#8221;. Ky eshte nje percaktim i sakte, sepse Gjecovi ishte bashkeluftetar me\u00a0 kontribut per Luften e Vlores, kete e thone te tjeret. Shkrimi qe publikohet\u00a0 fragment i ngre Hymn Nanave e Bijve te Laberise, jo se vetem Cliruan Vloren me krahina, por kjo Lufte sipas Gjecovit po forcon rrenjet e\u00a0 Bashkimin e Kombit Shqiptar.<\/p>\n<p><img data-recalc-dims=\"1\" loading=\"lazy\" decoding=\"async\" data-attachment-id=\"37602\" data-permalink=\"https:\/\/www.shqiperia.com\/blog\/i-pari-qe-shkroi-per-luften-e-vlores-dhe-per-hyrjen-triumfale-te-clirimtareve-me-3-shtator-1920-ne-vlore-ishte-shtjefen-gjecov-kryeziu\/118524175_2816825145207437_2138611314371051609_n-2\/\" data-orig-file=\"https:\/\/i0.wp.com\/www.shqiperia.com\/blog\/wp-content\/uploads\/2020\/08\/118524175_2816825145207437_2138611314371051609_n-1.jpg?fit=720%2C739&amp;ssl=1\" data-orig-size=\"720,739\" data-comments-opened=\"1\" data-image-meta=\"{&quot;aperture&quot;:&quot;0&quot;,&quot;credit&quot;:&quot;&quot;,&quot;camera&quot;:&quot;&quot;,&quot;caption&quot;:&quot;&quot;,&quot;created_timestamp&quot;:&quot;0&quot;,&quot;copyright&quot;:&quot;&quot;,&quot;focal_length&quot;:&quot;0&quot;,&quot;iso&quot;:&quot;0&quot;,&quot;shutter_speed&quot;:&quot;0&quot;,&quot;title&quot;:&quot;&quot;,&quot;orientation&quot;:&quot;0&quot;}\" data-image-title=\"118524175_2816825145207437_2138611314371051609_n\" data-image-description=\"\" data-image-caption=\"\" data-medium-file=\"https:\/\/i0.wp.com\/www.shqiperia.com\/blog\/wp-content\/uploads\/2020\/08\/118524175_2816825145207437_2138611314371051609_n-1.jpg?fit=292%2C300&amp;ssl=1\" data-large-file=\"https:\/\/i0.wp.com\/www.shqiperia.com\/blog\/wp-content\/uploads\/2020\/08\/118524175_2816825145207437_2138611314371051609_n-1.jpg?fit=720%2C739&amp;ssl=1\" class=\"alignnone wp-image-37602\" alt=\"\" src=\"https:\/\/i0.wp.com\/www.shqiperia.com\/blog\/wp-content\/uploads\/2020\/08\/118524175_2816825145207437_2138611314371051609_n-1.jpg?resize=441%2C453&#038;ssl=1\" width=\"441\" height=\"453\" srcset=\"https:\/\/i0.wp.com\/www.shqiperia.com\/blog\/wp-content\/uploads\/2020\/08\/118524175_2816825145207437_2138611314371051609_n-1.jpg?resize=292%2C300&amp;ssl=1 292w, https:\/\/i0.wp.com\/www.shqiperia.com\/blog\/wp-content\/uploads\/2020\/08\/118524175_2816825145207437_2138611314371051609_n-1.jpg?resize=450%2C462&amp;ssl=1 450w, https:\/\/i0.wp.com\/www.shqiperia.com\/blog\/wp-content\/uploads\/2020\/08\/118524175_2816825145207437_2138611314371051609_n-1.jpg?resize=600%2C616&amp;ssl=1 600w, https:\/\/i0.wp.com\/www.shqiperia.com\/blog\/wp-content\/uploads\/2020\/08\/118524175_2816825145207437_2138611314371051609_n-1.jpg?resize=50%2C50&amp;ssl=1 50w, https:\/\/i0.wp.com\/www.shqiperia.com\/blog\/wp-content\/uploads\/2020\/08\/118524175_2816825145207437_2138611314371051609_n-1.jpg?resize=400%2C411&amp;ssl=1 400w, https:\/\/i0.wp.com\/www.shqiperia.com\/blog\/wp-content\/uploads\/2020\/08\/118524175_2816825145207437_2138611314371051609_n-1.jpg?w=720&amp;ssl=1 720w\" sizes=\"auto, (max-width: 441px) 100vw, 441px\" \/><\/p>\n<p><img data-recalc-dims=\"1\" loading=\"lazy\" decoding=\"async\" data-attachment-id=\"37598\" data-permalink=\"https:\/\/www.shqiperia.com\/blog\/i-pari-qe-shkroi-per-luften-e-vlores-dhe-per-hyrjen-triumfale-te-clirimtareve-me-3-shtator-1920-ne-vlore-ishte-shtjefen-gjecov-kryeziu\/118384585_2816825078540777_6885542131888790599_n-2\/\" data-orig-file=\"https:\/\/i0.wp.com\/www.shqiperia.com\/blog\/wp-content\/uploads\/2020\/08\/118384585_2816825078540777_6885542131888790599_n-1.jpg?fit=720%2C386&amp;ssl=1\" data-orig-size=\"720,386\" data-comments-opened=\"1\" data-image-meta=\"{&quot;aperture&quot;:&quot;0&quot;,&quot;credit&quot;:&quot;&quot;,&quot;camera&quot;:&quot;&quot;,&quot;caption&quot;:&quot;&quot;,&quot;created_timestamp&quot;:&quot;0&quot;,&quot;copyright&quot;:&quot;&quot;,&quot;focal_length&quot;:&quot;0&quot;,&quot;iso&quot;:&quot;0&quot;,&quot;shutter_speed&quot;:&quot;0&quot;,&quot;title&quot;:&quot;&quot;,&quot;orientation&quot;:&quot;1&quot;}\" data-image-title=\"118384585_2816825078540777_6885542131888790599_n\" data-image-description=\"\" data-image-caption=\"\" data-medium-file=\"https:\/\/i0.wp.com\/www.shqiperia.com\/blog\/wp-content\/uploads\/2020\/08\/118384585_2816825078540777_6885542131888790599_n-1.jpg?fit=300%2C161&amp;ssl=1\" data-large-file=\"https:\/\/i0.wp.com\/www.shqiperia.com\/blog\/wp-content\/uploads\/2020\/08\/118384585_2816825078540777_6885542131888790599_n-1.jpg?fit=720%2C386&amp;ssl=1\" class=\"alignnone wp-image-37598\" alt=\"\" src=\"https:\/\/i0.wp.com\/www.shqiperia.com\/blog\/wp-content\/uploads\/2020\/08\/118384585_2816825078540777_6885542131888790599_n-1.jpg?resize=438%2C235&#038;ssl=1\" width=\"438\" height=\"235\" srcset=\"https:\/\/i0.wp.com\/www.shqiperia.com\/blog\/wp-content\/uploads\/2020\/08\/118384585_2816825078540777_6885542131888790599_n-1.jpg?resize=300%2C161&amp;ssl=1 300w, https:\/\/i0.wp.com\/www.shqiperia.com\/blog\/wp-content\/uploads\/2020\/08\/118384585_2816825078540777_6885542131888790599_n-1.jpg?resize=450%2C241&amp;ssl=1 450w, https:\/\/i0.wp.com\/www.shqiperia.com\/blog\/wp-content\/uploads\/2020\/08\/118384585_2816825078540777_6885542131888790599_n-1.jpg?resize=600%2C322&amp;ssl=1 600w, https:\/\/i0.wp.com\/www.shqiperia.com\/blog\/wp-content\/uploads\/2020\/08\/118384585_2816825078540777_6885542131888790599_n-1.jpg?resize=400%2C214&amp;ssl=1 400w, https:\/\/i0.wp.com\/www.shqiperia.com\/blog\/wp-content\/uploads\/2020\/08\/118384585_2816825078540777_6885542131888790599_n-1.jpg?w=720&amp;ssl=1 720w\" sizes=\"auto, (max-width: 438px) 100vw, 438px\" \/><\/p>\n<p>P\u00ebrgatiti: J. Brahaj.<\/p>\n","protected":false},"excerpt":{"rendered":"<p>Ne Jubileun e 100 vjetorit te Luftes se Vlores, 1920. (2 foto) I pari qe shkroi per Luften e Vlores dhe per hyrjen triumfale te Clirimtareve me 3 shtator 1920 ne Vlore ishte Shtjefen Gjecov Kryeziu. Bije ne sy, se ne shkrim ai disa here thote: &#8220;Ne&#8221;. Ky eshte nje percaktim i sakte, sepse Gjecovi [&hellip;]<\/p>\n","protected":false},"author":9,"featured_media":37596,"comment_status":"open","ping_status":"open","sticky":false,"template":"","format":"standard","meta":{"jetpack_post_was_ever_published":false,"_jetpack_newsletter_access":"","_jetpack_dont_email_post_to_subs":false,"_jetpack_newsletter_tier_id":0,"_jetpack_memberships_contains_paywalled_content":false,"_jetpack_memberships_contains_paid_content":false,"footnotes":"","jetpack_publicize_message":"","jetpack_publicize_feature_enabled":true,"jetpack_social_post_already_shared":true,"jetpack_social_options":{"image_generator_settings":{"template":"highway","default_image_id":0,"font":"","enabled":false},"version":2}},"categories":[85,86],"tags":[],"class_list":["post-37595","post","type-post","status-publish","format-standard","has-post-thumbnail","hentry","category-histori","category-trashegimi-kulturore"],"jetpack_publicize_connections":[],"jetpack_featured_media_url":"https:\/\/i0.wp.com\/www.shqiperia.com\/blog\/wp-content\/uploads\/2020\/08\/118384585_2816825078540777_6885542131888790599_n.jpg?fit=720%2C386&ssl=1","jetpack_sharing_enabled":true,"jetpack_shortlink":"https:\/\/wp.me\/p5Z6wp-9Mn","jetpack-related-posts":[{"id":37489,"url":"https:\/\/www.shqiperia.com\/blog\/jaho-brahaj-at-shtjefen-gjecov-kryeziu-ne-luften-e-vlores-1920-dhe-nje-foto-e-rralle\/","url_meta":{"origin":37595,"position":0},"title":"Jaho Brahaj: &#8211; At Shtjef\u00ebn Gje\u00e7ov Kryeziu, n\u00eb Luft\u00ebn e Vlor\u00ebs 1920 dhe nj\u00eb foto e rrall\u00eb.","author":"Kurt Farka","date":"August 21, 2020","format":false,"excerpt":"At Shtjef\u00ebn Gje\u00e7ov Kryeziu, n\u00eb Luft\u00ebn e Vlor\u00ebs 1920 dhe nj\u00eb foto e rrall\u00eb. N\u00eb vitin 1920 Gje\u00e7ovi transferohet n\u00eb Vlor\u00ebn e pushtuar nga italian\u00ebt. Vlora pothuajse nuk ka fare popullsi katolike latine, por n\u00eb k\u00ebt\u00eb qytet ruhej nj\u00eb kish\u00eb katolike m\u00eb shum\u00eb p\u00ebr nevojat shpirt\u00ebrore t\u00eb t\u00eb huajve, konsuj,\u2026","rel":"","context":"In &quot;Histori&quot;","block_context":{"text":"Histori","link":"https:\/\/www.shqiperia.com\/blog\/category\/histori\/"},"img":{"alt_text":"","src":"https:\/\/i0.wp.com\/www.shqiperia.com\/blog\/wp-content\/uploads\/2020\/08\/At-Shtjef%C3%ABn-Gje%C3%A7ov-Kryeziu-n%C3%AB-Luft%C3%ABn-e-Vlor%C3%ABs-1920-dhe-nj%C3%AB-foto-e-rrall%C3%AB..jpg?fit=720%2C422&ssl=1&resize=350%2C200","width":350,"height":200,"srcset":"https:\/\/i0.wp.com\/www.shqiperia.com\/blog\/wp-content\/uploads\/2020\/08\/At-Shtjef%C3%ABn-Gje%C3%A7ov-Kryeziu-n%C3%AB-Luft%C3%ABn-e-Vlor%C3%ABs-1920-dhe-nj%C3%AB-foto-e-rrall%C3%AB..jpg?fit=720%2C422&ssl=1&resize=350%2C200 1x, https:\/\/i0.wp.com\/www.shqiperia.com\/blog\/wp-content\/uploads\/2020\/08\/At-Shtjef%C3%ABn-Gje%C3%A7ov-Kryeziu-n%C3%AB-Luft%C3%ABn-e-Vlor%C3%ABs-1920-dhe-nj%C3%AB-foto-e-rrall%C3%AB..jpg?fit=720%2C422&ssl=1&resize=525%2C300 1.5x, https:\/\/i0.wp.com\/www.shqiperia.com\/blog\/wp-content\/uploads\/2020\/08\/At-Shtjef%C3%ABn-Gje%C3%A7ov-Kryeziu-n%C3%AB-Luft%C3%ABn-e-Vlor%C3%ABs-1920-dhe-nj%C3%AB-foto-e-rrall%C3%AB..jpg?fit=720%2C422&ssl=1&resize=700%2C400 2x"},"classes":[]},{"id":37810,"url":"https:\/\/www.shqiperia.com\/blog\/at-shtjefen-gjecov-kryeziu-ne-luften-e-vlores-1920-dhe-nje-foto-e-rralle-2\/","url_meta":{"origin":37595,"position":1},"title":"At Shtjef\u00ebn Gje\u00e7ov Kryeziu, n\u00eb Luft\u00ebn e Vlor\u00ebs 1920 dhe nj\u00eb foto e rrall\u00eb.","author":"Kurt Farka","date":"August 30, 2020","format":false,"excerpt":"Nje foto e rralle nga Kremtimi i fitores se Luftes se Vlores. - Nga: Jaho Brahaj - N\u00eb vitin 1920 Gje\u00e7ovi transferohet n\u00eb Vlor\u00ebn e pushtuar nga italian\u00ebt. Vlora pothuajse nuk ka fare popullsi katolike latine, por n\u00eb k\u00ebt\u00eb qytet ruhej nj\u00eb kish\u00eb katolike m\u00eb shum\u00eb p\u00ebr nevojat shpirt\u00ebrore t\u00eb\u2026","rel":"","context":"In &quot;Histori&quot;","block_context":{"text":"Histori","link":"https:\/\/www.shqiperia.com\/blog\/category\/histori\/"},"img":{"alt_text":"","src":"https:\/\/i0.wp.com\/www.shqiperia.com\/blog\/wp-content\/uploads\/2020\/08\/Shtjefen-Gjecovi-Tol-Arapi-Ahmet-Lepenica-dhe-Dom-Mark-Vaso-ne-Kanine-tek-Varri-i-Ismail-Qemalit-me-3-shtator-1920.-1.jpg?fit=902%2C594&ssl=1&resize=350%2C200","width":350,"height":200,"srcset":"https:\/\/i0.wp.com\/www.shqiperia.com\/blog\/wp-content\/uploads\/2020\/08\/Shtjefen-Gjecovi-Tol-Arapi-Ahmet-Lepenica-dhe-Dom-Mark-Vaso-ne-Kanine-tek-Varri-i-Ismail-Qemalit-me-3-shtator-1920.-1.jpg?fit=902%2C594&ssl=1&resize=350%2C200 1x, https:\/\/i0.wp.com\/www.shqiperia.com\/blog\/wp-content\/uploads\/2020\/08\/Shtjefen-Gjecovi-Tol-Arapi-Ahmet-Lepenica-dhe-Dom-Mark-Vaso-ne-Kanine-tek-Varri-i-Ismail-Qemalit-me-3-shtator-1920.-1.jpg?fit=902%2C594&ssl=1&resize=525%2C300 1.5x, https:\/\/i0.wp.com\/www.shqiperia.com\/blog\/wp-content\/uploads\/2020\/08\/Shtjefen-Gjecovi-Tol-Arapi-Ahmet-Lepenica-dhe-Dom-Mark-Vaso-ne-Kanine-tek-Varri-i-Ismail-Qemalit-me-3-shtator-1920.-1.jpg?fit=902%2C594&ssl=1&resize=700%2C400 2x"},"classes":[]},{"id":37824,"url":"https:\/\/www.shqiperia.com\/blog\/100-vjetori-i-luftes-se-vlores-arte-figurative\/","url_meta":{"origin":37595,"position":2},"title":"100 vjetori i Luftes se Vlores &#8211; Arte figurative.\u00a0(dy foto).","author":"Kurt Farka","date":"August 30, 2020","format":false,"excerpt":"100 vjetori i Luftes se Vlores - Arte figurative. I frymezuar nga nje foto teper e rralle ku shikohen patriotet dhe luftetaret e Luftes se Vlores ne nje ceremoni nderim-perkujtimi. Foto paraqet nje delegacion nga Vlora per te ja lartesuar Flamurin Kombetar Babait te Kombit Ismail Qemalit tek varri i\u2026","rel":"","context":"In &quot;Arte&quot;","block_context":{"text":"Arte","link":"https:\/\/www.shqiperia.com\/blog\/category\/arte\/"},"img":{"alt_text":"","src":"https:\/\/i0.wp.com\/www.shqiperia.com\/blog\/wp-content\/uploads\/2020\/08\/Ardi-Pepa-Copy.jpg?fit=1200%2C780&ssl=1&resize=350%2C200","width":350,"height":200,"srcset":"https:\/\/i0.wp.com\/www.shqiperia.com\/blog\/wp-content\/uploads\/2020\/08\/Ardi-Pepa-Copy.jpg?fit=1200%2C780&ssl=1&resize=350%2C200 1x, https:\/\/i0.wp.com\/www.shqiperia.com\/blog\/wp-content\/uploads\/2020\/08\/Ardi-Pepa-Copy.jpg?fit=1200%2C780&ssl=1&resize=525%2C300 1.5x, https:\/\/i0.wp.com\/www.shqiperia.com\/blog\/wp-content\/uploads\/2020\/08\/Ardi-Pepa-Copy.jpg?fit=1200%2C780&ssl=1&resize=700%2C400 2x, https:\/\/i0.wp.com\/www.shqiperia.com\/blog\/wp-content\/uploads\/2020\/08\/Ardi-Pepa-Copy.jpg?fit=1200%2C780&ssl=1&resize=1050%2C600 3x"},"classes":[]},{"id":61768,"url":"https:\/\/www.shqiperia.com\/blog\/102-vjet-nga-lufta-epope-e-vlores\/","url_meta":{"origin":37595,"position":3},"title":"102- vjet nga Lufta-epope e Vlor\u00ebs","author":"Kurt Farka","date":"September 3, 2022","format":false,"excerpt":"Nga Bujar Leskaj K\u00ebt\u00eb vit , m\u00eb 3 shtator 2022,p\u00ebrkujtojm\u00eb 102 vjetorin e Luft\u00ebs s\u00eb Vlor\u00ebs, e cila \u00ebsht\u00eb skalitur si nj\u00eb ngjarje historike me r\u00ebnd\u00ebsi t\u00eb jasht\u00ebzakonshme komb\u00ebtare dhe vendimtare p\u00ebr ekzistenc\u00ebn e shtetit shqiptar dhe mbrojtjen e identitetit ton\u00eb. Kat\u00ebr jan\u00eb kulmet e historis\u00eb s\u00eb shtetit shqiptar, t\u00eb\u2026","rel":"","context":"In &quot;Blogu i Udh\u00ebtarit&quot;","block_context":{"text":"Blogu i Udh\u00ebtarit","link":"https:\/\/www.shqiperia.com\/blog\/category\/blogu-i-udhetarit\/"},"img":{"alt_text":"","src":"https:\/\/i0.wp.com\/www.shqiperia.com\/blog\/wp-content\/uploads\/2022\/09\/302480869_508248521301908_4402047050527282337_n.jpg?fit=960%2C497&ssl=1&resize=350%2C200","width":350,"height":200,"srcset":"https:\/\/i0.wp.com\/www.shqiperia.com\/blog\/wp-content\/uploads\/2022\/09\/302480869_508248521301908_4402047050527282337_n.jpg?fit=960%2C497&ssl=1&resize=350%2C200 1x, https:\/\/i0.wp.com\/www.shqiperia.com\/blog\/wp-content\/uploads\/2022\/09\/302480869_508248521301908_4402047050527282337_n.jpg?fit=960%2C497&ssl=1&resize=525%2C300 1.5x, https:\/\/i0.wp.com\/www.shqiperia.com\/blog\/wp-content\/uploads\/2022\/09\/302480869_508248521301908_4402047050527282337_n.jpg?fit=960%2C497&ssl=1&resize=700%2C400 2x"},"classes":[]},{"id":14137,"url":"https:\/\/www.shqiperia.com\/blog\/riza-kryeziu-gjakova-ne-panteonin-e-lirise-dhe-ceshtjes-kombetare\/","url_meta":{"origin":37595,"position":4},"title":"Riza Kryeziu- Gjakova ne Panteonin e Lirise dhe Ceshtjes Kombetare.","author":"Kurt Farka","date":"November 26, 2018","format":false,"excerpt":"Riza Kryeziu-Gjakova Delegat\u00a0 i Kuvendit Kombetar te Vlores, Nentor 1912. Riza Kryeziu - Gjakova (Gjakove 1847 \u2013Shkoder 1917). I njohur nga bashk\u00ebkoh\u00ebsit si Riza Kryeziu, ishte pinjoll i Deres famemadhe te Kryezinjeve te Gjakoves. prij\u00ebs dhe idolog popullor , Prijes dhe luftetar i Lidhjes Shqiptare te Prizrenit, pjes\u00ebmarr\u00ebs n\u00eb l\u00ebvizjet\u2026","rel":"","context":"In &quot;Blogu i Udh\u00ebtarit&quot;","block_context":{"text":"Blogu i Udh\u00ebtarit","link":"https:\/\/www.shqiperia.com\/blog\/category\/blogu-i-udhetarit\/"},"img":{"alt_text":"","src":"https:\/\/i0.wp.com\/www.shqiperia.com\/blog\/wp-content\/uploads\/2018\/11\/besa-Copy.jpg?fit=1200%2C683&ssl=1&resize=350%2C200","width":350,"height":200,"srcset":"https:\/\/i0.wp.com\/www.shqiperia.com\/blog\/wp-content\/uploads\/2018\/11\/besa-Copy.jpg?fit=1200%2C683&ssl=1&resize=350%2C200 1x, https:\/\/i0.wp.com\/www.shqiperia.com\/blog\/wp-content\/uploads\/2018\/11\/besa-Copy.jpg?fit=1200%2C683&ssl=1&resize=525%2C300 1.5x, https:\/\/i0.wp.com\/www.shqiperia.com\/blog\/wp-content\/uploads\/2018\/11\/besa-Copy.jpg?fit=1200%2C683&ssl=1&resize=700%2C400 2x, https:\/\/i0.wp.com\/www.shqiperia.com\/blog\/wp-content\/uploads\/2018\/11\/besa-Copy.jpg?fit=1200%2C683&ssl=1&resize=1050%2C600 3x"},"classes":[]},{"id":4402,"url":"https:\/\/www.shqiperia.com\/blog\/shtjefen-gjecov-kryeziu-hapi-dhe-drejtoj-shkalla-ne-gjuhen-shqipe\/","url_meta":{"origin":37595,"position":5},"title":"Shtjefen Gjecov Kryeziu-Hapi dhe drejtoj shkolla ne gjuhen shqipe.","author":"Kurt Farka","date":"March 7, 2018","format":false,"excerpt":"Dita e Mesuesit. Sot duhet perkujtuar me respekt dhe perulje para Shtjefen Gjecov Kryeziut. Shtjefni hapi dhe drejtoi vete si mesues i gjuhes shqipe disa shkolla para Dates se Pavarsise Kombetare ne trojet shqiptare. Per kete veprimtari dhe per punen e tij ne mbrojtje te lirise dhe identitetit tone kombetar\u2026","rel":"","context":"In &quot;Blogu i Udh\u00ebtarit&quot;","block_context":{"text":"Blogu i Udh\u00ebtarit","link":"https:\/\/www.shqiperia.com\/blog\/category\/blogu-i-udhetarit\/"},"img":{"alt_text":"","src":"https:\/\/i0.wp.com\/www.shqiperia.com\/blog\/wp-content\/uploads\/2018\/03\/scan0097.jpg?fit=921%2C609&ssl=1&resize=350%2C200","width":350,"height":200,"srcset":"https:\/\/i0.wp.com\/www.shqiperia.com\/blog\/wp-content\/uploads\/2018\/03\/scan0097.jpg?fit=921%2C609&ssl=1&resize=350%2C200 1x, https:\/\/i0.wp.com\/www.shqiperia.com\/blog\/wp-content\/uploads\/2018\/03\/scan0097.jpg?fit=921%2C609&ssl=1&resize=525%2C300 1.5x, https:\/\/i0.wp.com\/www.shqiperia.com\/blog\/wp-content\/uploads\/2018\/03\/scan0097.jpg?fit=921%2C609&ssl=1&resize=700%2C400 2x"},"classes":[]}],"_links":{"self":[{"href":"https:\/\/www.shqiperia.com\/blog\/wp-json\/wp\/v2\/posts\/37595","targetHints":{"allow":["GET"]}}],"collection":[{"href":"https:\/\/www.shqiperia.com\/blog\/wp-json\/wp\/v2\/posts"}],"about":[{"href":"https:\/\/www.shqiperia.com\/blog\/wp-json\/wp\/v2\/types\/post"}],"author":[{"embeddable":true,"href":"https:\/\/www.shqiperia.com\/blog\/wp-json\/wp\/v2\/users\/9"}],"replies":[{"embeddable":true,"href":"https:\/\/www.shqiperia.com\/blog\/wp-json\/wp\/v2\/comments?post=37595"}],"version-history":[{"count":5,"href":"https:\/\/www.shqiperia.com\/blog\/wp-json\/wp\/v2\/posts\/37595\/revisions"}],"predecessor-version":[{"id":81719,"href":"https:\/\/www.shqiperia.com\/blog\/wp-json\/wp\/v2\/posts\/37595\/revisions\/81719"}],"wp:featuredmedia":[{"embeddable":true,"href":"https:\/\/www.shqiperia.com\/blog\/wp-json\/wp\/v2\/media\/37596"}],"wp:attachment":[{"href":"https:\/\/www.shqiperia.com\/blog\/wp-json\/wp\/v2\/media?parent=37595"}],"wp:term":[{"taxonomy":"category","embeddable":true,"href":"https:\/\/www.shqiperia.com\/blog\/wp-json\/wp\/v2\/categories?post=37595"},{"taxonomy":"post_tag","embeddable":true,"href":"https:\/\/www.shqiperia.com\/blog\/wp-json\/wp\/v2\/tags?post=37595"}],"curies":[{"name":"wp","href":"https:\/\/api.w.org\/{rel}","templated":true}]}}