{"id":37591,"date":"2020-08-24T14:14:38","date_gmt":"2020-08-24T14:14:38","guid":{"rendered":"https:\/\/www.shqiperia.com\/blog\/?p=37591"},"modified":"2020-08-24T14:14:38","modified_gmt":"2020-08-24T14:14:38","slug":"miliona-njerez-refuzojne-te-lajne-duart-arsyet-dhe-disa-deklarata-te-pazakonta","status":"publish","type":"post","link":"https:\/\/www.shqiperia.com\/blog\/miliona-njerez-refuzojne-te-lajne-duart-arsyet-dhe-disa-deklarata-te-pazakonta\/","title":{"rendered":"Miliona njer\u00ebz refuzojn\u00eb t\u00eb lajn\u00eb duart, arsyet dhe disa deklarata t\u00eb pazakonta"},"content":{"rendered":"<p><img data-recalc-dims=\"1\" loading=\"lazy\" decoding=\"async\" data-attachment-id=\"37593\" data-permalink=\"https:\/\/www.shqiperia.com\/blog\/miliona-njerez-refuzojne-te-lajne-duart-arsyet-dhe-disa-deklarata-te-pazakonta\/laj-duart-1-905x450\/\" data-orig-file=\"https:\/\/i0.wp.com\/www.shqiperia.com\/blog\/wp-content\/uploads\/2020\/08\/laj-duart-1-905x450-1.jpg?fit=905%2C450&amp;ssl=1\" data-orig-size=\"905,450\" data-comments-opened=\"1\" data-image-meta=\"{&quot;aperture&quot;:&quot;0&quot;,&quot;credit&quot;:&quot;&quot;,&quot;camera&quot;:&quot;&quot;,&quot;caption&quot;:&quot;&quot;,&quot;created_timestamp&quot;:&quot;0&quot;,&quot;copyright&quot;:&quot;&quot;,&quot;focal_length&quot;:&quot;0&quot;,&quot;iso&quot;:&quot;0&quot;,&quot;shutter_speed&quot;:&quot;0&quot;,&quot;title&quot;:&quot;&quot;,&quot;orientation&quot;:&quot;0&quot;}\" data-image-title=\"laj-duart-1-905&#215;450\" data-image-description=\"\" data-image-caption=\"\" data-medium-file=\"https:\/\/i0.wp.com\/www.shqiperia.com\/blog\/wp-content\/uploads\/2020\/08\/laj-duart-1-905x450-1.jpg?fit=300%2C149&amp;ssl=1\" data-large-file=\"https:\/\/i0.wp.com\/www.shqiperia.com\/blog\/wp-content\/uploads\/2020\/08\/laj-duart-1-905x450-1.jpg?fit=905%2C450&amp;ssl=1\" class=\"alignnone  wp-image-37593\" alt=\"\" src=\"https:\/\/i0.wp.com\/www.shqiperia.com\/blog\/wp-content\/uploads\/2020\/08\/laj-duart-1-905x450-1.jpg?resize=604%2C300&#038;ssl=1\" width=\"604\" height=\"300\" srcset=\"https:\/\/i0.wp.com\/www.shqiperia.com\/blog\/wp-content\/uploads\/2020\/08\/laj-duart-1-905x450-1.jpg?resize=300%2C149&amp;ssl=1 300w, https:\/\/i0.wp.com\/www.shqiperia.com\/blog\/wp-content\/uploads\/2020\/08\/laj-duart-1-905x450-1.jpg?resize=768%2C382&amp;ssl=1 768w, https:\/\/i0.wp.com\/www.shqiperia.com\/blog\/wp-content\/uploads\/2020\/08\/laj-duart-1-905x450-1.jpg?resize=450%2C224&amp;ssl=1 450w, https:\/\/i0.wp.com\/www.shqiperia.com\/blog\/wp-content\/uploads\/2020\/08\/laj-duart-1-905x450-1.jpg?resize=600%2C298&amp;ssl=1 600w, https:\/\/i0.wp.com\/www.shqiperia.com\/blog\/wp-content\/uploads\/2020\/08\/laj-duart-1-905x450-1.jpg?resize=400%2C199&amp;ssl=1 400w, https:\/\/i0.wp.com\/www.shqiperia.com\/blog\/wp-content\/uploads\/2020\/08\/laj-duart-1-905x450-1.jpg?w=905&amp;ssl=1 905w\" sizes=\"auto, (max-width: 604px) 100vw, 604px\" \/><\/p>\n<p><strong>Miliona njer\u00ebz refuzojn\u00eb t\u00eb lajn\u00eb duart, arsyet dhe disa deklarata t\u00eb pazakonta<\/strong><\/p>\n<p>22 gusht \u00a02020<\/p>\n<p>Ka miliona njer\u00ebz q\u00eb refuzojn\u00eb t\u00eb lajn\u00eb duart. Pse nuk do ta p\u00ebrvet\u00ebsojn\u00eb k\u00ebt\u00eb zakon t\u00eb thjesht\u00eb higjienik dhe si mund t\u2019i ndryshojm\u00eb mendimet e tyre?<\/p>\n<p>\u201cKam marr\u00eb zotim p\u00ebr 2019 q\u00eb t\u00eb them n\u00eb ekran gj\u00ebrat q\u00eb un\u00eb them jasht\u00eb ekranit\u2026 \u201d \u2013 fjal\u00ebt e famshme t\u00eb fundit t\u00eb Pete Hegseth vitin e kaluar, pak para se ai t\u00eb zbulonte nj\u00eb sekret q\u00eb ndezi internetin. N\u00eb at\u00eb koh\u00eb, Hegseth njihej m\u00eb s\u00eb miri si prezantues i \u201cFox News\u201d, me nj\u00eb qasje t\u00eb pik\u00ebpamjeve t\u00eb diskutueshme. Pastaj tha: \u201cNuk mendoj se kam lar\u00eb duart p\u00ebr 10 vjet.\u201d<\/p>\n<p>\u00c7udit\u00ebrisht, Hegseth ka shum\u00eb \u201cshok\u00eb\u201d t\u00eb ngjash\u00ebm. N\u00eb vitin 2015 aktorja Jennifer Lawrence tregoi se pothuajse kurr\u00eb nuk i lan duart pasi shkon n\u00eb banj\u00eb. (T\u00eb dy m\u00eb von\u00eb than\u00eb se kishin b\u00ebr\u00eb shaka).<\/p>\n<p>N\u00eb t\u00eb nj\u00ebjtin vit, senatori republikan p\u00ebr Karolin\u00ebn e Veriut tregoi q\u00eb k\u00ebrkesa e punonj\u00ebsve t\u00eb restoranteve q\u00eb klient\u00ebt t\u00eb lanin duart, ishte nj\u00eb shembull klasik i \u201crregullimit t\u00eb tepruar\u201d. Nj\u00eb studim vler\u00ebsoi se n\u00eb vitin 2015, vet\u00ebm 26.2% e vizitave globale t\u00eb banjove me \u201ckontakt t\u00eb mundsh\u00ebm fekal\u201d u pasuan nga larja e duarve me sapun.<\/p>\n<p>\u201cDuket si nj\u00eb sjellje kaq e thjesht\u00eb,\u201d thot\u00eb Robert Aunger, nj\u00eb ekspert n\u00eb sh\u00ebndetin\u00a0publik n\u00eb Shkoll\u00ebn e Higjien\u00ebs dhe Mjek\u00ebsis\u00eb Tropikale n\u00eb Lond\u00ebr.<\/p>\n<p>\u201cPor, ju e dini, ne kemi punuar fort p\u00ebr t\u2019i b\u00ebr\u00eb njer\u00ebzit m\u00eb t\u00eb nd\u00ebrgjegjsh\u00ebm t\u00eb lajn\u00eb duart m\u00eb shum\u00eb\u201d, shprehet ai.<br \/>\nSigurisht, kjo mund t\u00eb shpjegohet pjes\u00ebrisht nga mungesa e mjediseve t\u00eb p\u00ebrshtatshme dhe sapunit n\u00eb pjes\u00eb m\u00eb t\u00eb varfra t\u00eb bot\u00ebs. N\u00eb vendet m\u00eb pak t\u00eb zhvilluara, vet\u00ebm 27% e popullsis\u00eb ka qasje n\u00eb k\u00ebto gj\u00ebra (Organizata Bot\u00ebrore e Sh\u00ebndetit dhe UNICEF vler\u00ebsojn\u00eb se rreth tre miliard\u00eb njer\u00ebz nuk kan\u00eb as n\u00eb sht\u00ebpi). Por, edhe n\u00eb shum\u00eb shtete me t\u00eb ardhura t\u00eb larta, ku t\u00eb dyja jan\u00eb me boll\u00ebk, vet\u00ebm 50% e njer\u00ebzve i p\u00ebrdorin ato pasi shkojn\u00eb n\u00eb tualet. K\u00ebto statistika jan\u00eb ve\u00e7an\u00ebrisht t\u00eb v\u00ebshtira p\u00ebr t\u2019u kap\u00ebrdir\u00eb, kur konsideroni se larja e duarve mendohet t\u00eb jet\u00eb nj\u00eb nga shpikjet m\u00eb t\u00eb m\u00ebdha p\u00ebr t\u00eb shp\u00ebtuar jet\u00ebn n\u00eb historin\u00eb e njer\u00ebzimit, duke kontribuar n\u00eb nj\u00eb shtimin e jet\u00ebgjat\u00ebsis\u00eb mesatare.<\/p>\n<p>Moszbatimi i k\u00ebtij zakoni t\u00eb thjesht\u00eb higjienik garanton gjithashtu mund\u00ebsin\u00eb zhvillimin e pandemive. Nj\u00eb p\u00ebrmbledhje e vitit 2006 zbuloi se larja e rregullt e duarve mund t\u00eb zvog\u00ebloj\u00eb rrezikun e infeksioneve t\u00eb frym\u00ebmarrjes nga 6 deri n\u00eb 44%. Q\u00eb nga shfaqja e pandemis\u00eb Covid-19, shkenc\u00ebtar\u00ebt kan\u00eb zbuluar se kultura e larjes s\u00eb duarve t\u00eb nj\u00eb vendi \u00ebsht\u00eb nj\u00eb parashikues \u201cshum\u00eb i mir\u00eb\u201d i shkall\u00ebs s\u00eb p\u00ebrhapjes s\u00eb tij. (Virusi kryesisht mendohet se infekton njer\u00ebzit p\u00ebrmes grimcave n\u00eb aj\u00ebr, por gjithashtu mund t\u00eb hyj\u00eb n\u00eb trup pasi nj\u00eb person prek objektet e kontaminuara dhe m\u00eb pas fytyr\u00ebn).<\/p>\n<p>At\u00ebher\u00eb, pse disa prej nesh jan\u00eb t\u00eb fiksuar me higjien\u00ebn sa mund t\u00eb paguajn\u00eb edhe 360 euro p\u00ebr nj\u00eb dezifektant, nd\u00ebrkoh\u00eb q\u00eb t\u00eb tjer\u00eb nuk lajn\u00eb as duart?<\/p>\n<p>Moslarja e duarve nuk rezulton t\u00eb jet\u00eb vet\u00ebm p\u00ebrtaci.<\/p>\n<p>Nga stili i t\u00eb menduarit deri te optimizmi zhg\u00ebnjyes, nevoja p\u00ebr t\u2019u ndier \u201cnormal\u201d dhe fuqia e neveritjes; ka nj\u00eb num\u00ebr faktor\u00ebsh psikologjik\u00eb q\u00eb iinkurajojn\u00eb njer\u00ebzit p\u00ebr t\u00eb mos lar\u00eb duart. Duke kuptuar k\u00ebto paragjykime t\u00eb fshehura, ekspert\u00ebt n\u00eb t\u00eb gjith\u00eb bot\u00ebn shpresojn\u00eb se mund t\u00eb na joshin p\u00ebr t\u2019u b\u00ebr\u00eb m\u00eb higjenik\u00eb.<br \/>\n\u201cNj\u00eb problem me larjen e duarve \u00ebsht\u00eb se, ve\u00e7an\u00ebrisht n\u00eb vendet e zhvilluara, ju mund t\u00eb shmangni larjen e duarve shum\u00eb dhe shum\u00eb her\u00eb dhe nuk do t\u00eb s\u00ebmuresh. Kur kjo ju s\u00ebmur, shpesh e harroni q\u00eb nuk i keni lar\u00eb duar,\u201d thot\u00eb Aunger.<\/p>\n<p><strong>Kujdes nga optimizmi<\/strong><\/p>\n<p>Nj\u00eb faktor q\u00eb mendohet t\u00eb ket\u00eb ndikim \u00ebsht\u00eb optimizmi.<\/p>\n<p>\u201cParagjykimi i optimizmit\u201d p\u00ebrfshin besimin se gj\u00ebrat e k\u00ebqija kan\u00eb m\u00eb pak t\u00eb ngjar\u00eb t\u00eb ndodhin me veten sesa p\u00ebr njer\u00ebzit e tjer\u00eb. Kjo pik\u00ebpamje joracionale pozitive \u00ebsht\u00eb universale\u00a0 q\u00eb gjendet n\u00eb kultura t\u00eb larmishme njer\u00ebzore dhe n\u00ebp\u00ebr demografi t\u00eb tilla si gjinia dhe mosha, madje edhe n\u00eb disa kafsh\u00eb, si\u00e7 jan\u00eb minjt\u00eb. Ajo na \u00e7on t\u00eb llogarisim gabimisht shanset tona p\u00ebr nj\u00eb s\u00ebr\u00eb ngjarjesh t\u00eb pak\u00ebndshme, nga zhvillimi i kancerit deri tek divorci.<br \/>\nNj\u00eb studim, i cili u krye n\u00eb nj\u00eb Universitetin e New York, n\u00eb mes t\u00eb pandemis\u00eb s\u00eb gripit t\u00eb derrit t\u00eb vitit 2009 (H1N1), zbuloi se student\u00ebt q\u00eb kishin nivele m\u00eb t\u00eb larta t\u00eb optimizmit jorealist kishin m\u00eb pak t\u00eb ngjar\u00eb t\u00eb kishin nd\u00ebrmend t\u00eb lanin duart. Nd\u00ebrkoh\u00eb, ata q\u00eb kishin nj\u00eb besim m\u00eb t\u00eb madh n\u00eb aft\u00ebsin\u00eb e tyre p\u00ebr t\u00eb kontrolluar jet\u00ebn e tyre ishin e kund\u00ebrta.<\/p>\n<p>Paragjykimi i optimizmit \u00ebsht\u00eb gjetur edhe tek infermier\u00ebt studentor\u00eb, t\u00eb cil\u00ebt priren t\u00eb mbivler\u00ebsojn\u00eb njohurit\u00eb e tyre p\u00ebr praktikat e mira t\u00eb higjen\u00ebs s\u00eb duarve, dhe njer\u00ebzit q\u00eb merren me ushqimin p\u00ebr pun\u00ebt e tyre, t\u00eb cil\u00ebt vazhdimisht e n\u00ebnvler\u00ebsojn\u00eb rrezikun e tyre p\u00ebr t\u00eb shkaktuar helmim ushqimor tek t\u00eb tjer\u00ebt.<\/p>\n<p><strong>Normat shoq\u00ebrore kan\u00eb r\u00ebnd\u00ebsi<br \/>\n<\/strong><br \/>\nNj\u00eb \u00e7el\u00ebs i madh p\u00ebr r\u00ebnd\u00ebsin\u00eb e psikologjis\u00eb n\u00eb larjen e duarve q\u00ebndron n\u00eb gam\u00ebn e jasht\u00ebzakonshme t\u00eb praktikave t\u00eb higjen\u00ebs s\u00eb duarve n\u00eb kultura t\u00eb ndryshme n\u00ebp\u00ebr bot\u00eb. P\u00ebr nj\u00eb studim francez, 64,002 njer\u00ebz n\u00eb 63 vende u pyet\u00ebn n\u00ebse ata ishin dakord me deklarat\u00ebn \u201clarja e duarve tuaja me sapun pasi t\u00eb p\u00ebrdorni tualet \u00ebsht\u00eb di\u00e7ka q\u00eb ju b\u00ebni automatikisht\u201d. M\u00eb pak se gjysma e t\u00eb anketuarve nga Kina, Japonia, Koreja e Jugut dhe Hollanda ishin dakord. Nd\u00ebrkoh\u00eb, vendi me\u00a0 normat m\u00eb t\u00eb mira ishte Arabia Saudite, ku 97% e njer\u00ebzve thoshin se zakonisht i lanin duart me sapun.<\/p>\n<p>Edhe brenda vendeve, ne nuk jemi t\u00eb gjith\u00eb nj\u00ebsoj fajtor\u00eb p\u00ebr \u201ckrimet\u201dkund\u00ebr higjen\u00ebs. P\u00ebr shembull, studimet kan\u00eb treguar vazhdimisht se grat\u00eb jan\u00eb duksh\u00ebm m\u00eb t\u00eb zellshme n\u00eb larjen e duarve sesa burrat. N\u00eb nj\u00eb nga studimet e veta, Aunger zbuloi se grat\u00eb kishin dy her\u00eb m\u00eb shum\u00eb t\u00eb ngjar\u00eb t\u00eb lanin duart n\u00eb tualetet e stacionit t\u00eb sh\u00ebrbimit t\u00eb autostrad\u00ebs n\u00eb Mbret\u00ebrin\u00eb e Bashkuar. Tendenca madje \u00ebsht\u00eb zhvilluar edhe m\u00eb shum\u00eb n\u00eb pandemin\u00eb Covid-19. N\u00eb\u00a0 nj\u00eb sondazh t\u00eb koh\u00ebve t\u00eb fundit q\u00eb zbulon se 65% e grave dhe 52% e burrave thon\u00eb se ata jan\u00eb duke lar\u00eb duart rregullisht.<\/p>\n<p>Aunger shpjegon se ndryshimi i larjes s\u00eb duarve \u00ebsht\u00eb ndoshta n\u00ebn normat shoq\u00ebrore, nj\u00eb grup i fuqish\u00ebm i rregullave joformale q\u00eb rregullojn\u00eb sjelljen ton\u00eb kur jemi n\u00eb nj\u00eb grup.<\/p>\n<p>\u201cAto jan\u00eb sisteme komplekse psikologjike, t\u00eb cilat varen nga t\u00eb shohin se \u00e7far\u00eb b\u00ebjn\u00eb njer\u00ebzit e tjer\u00eb, duke menduar at\u00eb q\u00eb njer\u00ebzit e tjer\u00eb presin q\u00eb ju,\u201d thot\u00eb ai.<\/p>\n<p>N\u00eb vitin 2007, shkenc\u00ebtar\u00ebt zbuluan se 10% e kirurg\u00ebve n\u00eb nj\u00eb spital Australian lan\u00eb duart para kontaktit me pacient\u00ebt. Hulumtimet m\u00eb t\u00eb fundit n\u00eb spitale t\u00eb tjera kan\u00eb zbuluar gjetje t\u00eb ngjashme alarmante.<\/p>\n<p><strong>At\u00ebher\u00eb, \u00e7far\u00eb mund t\u00eb b\u00ebhet p\u00ebr t\u00eb kap\u00ebrcyer k\u00ebto paragjykime?<br \/>\n<\/strong><br \/>\nN\u00eb jav\u00ebt e kaluara, organet e sh\u00ebndetit publik, organizatat joqeveritare, politikan\u00ebt dhe figura publike jan\u00eb b\u00ebr\u00eb bashk\u00eb p\u00ebr t\u00eb filluar me sa duket fushat\u00ebn m\u00eb entuziaste p\u00ebr larjen e duarve.<\/p>\n<p>N\u00eb nj\u00eb studim t\u00eb fundit, ekspert\u00ebt treguan q\u00eb kjo mund t\u00eb funksionoj\u00eb edhe n\u00eb bot\u00ebn reale. Duke monitoruar me fsheht\u00ebsi larjen e duarve t\u00eb njer\u00ebzve n\u00eb disa banjo, ata zbuluan se njer\u00ebzit ishin duksh\u00ebm m\u00eb t\u00eb motivuar p\u00ebr ta b\u00ebr\u00eb k\u00ebt\u00eb kur u shikonin postera q\u00eb tregonin fe\u00e7et si nj\u00eb cop\u00eb buk\u00eb, p\u00ebr t\u00eb treguar si p\u00ebrhapen mikrobet. \u201cTani kemi nj\u00eb kontekst shum\u00eb t\u00eb ve\u00e7ant\u00eb, ku shum\u00eb njer\u00ebz jan\u00eb t\u00eb interesuar t\u00eb lajn\u00eb me dor\u00eb p\u00ebr shkak t\u00eb koronavirusit,\u201d thot\u00eb Aunger.<\/p>\n<p>Por pyetja \u00ebsht\u00eb, a mund ta arrijm\u00eb n\u00eb nivele me t\u00eb v\u00ebrtet\u00eb t\u00eb larta t\u00eb higjien\u00ebs dhe ta b\u00ebjm\u00eb k\u00ebt\u00eb procedur\u00eb edukat\u00eb?<\/p>\n<p>Eksperti thot\u00eb se vet\u00ebm koha do t\u00eb tregoj\u00eb, por sipas tij tashm\u00eb t\u00eb pakt\u00ebn nuk do d\u00ebgjojm m\u00eb p\u00ebr\u00a0 persona t\u00eb famsh\u00ebm q\u00eb mburren p\u00ebr m\u00ebnyr\u00ebn se si nuk i lajn\u00eb duart.\/ (BBC, gazeta \u201cSi\u201d)<\/p>\n<p>Nga: Gazeta Dita<\/p>\n","protected":false},"excerpt":{"rendered":"<p>Miliona njer\u00ebz refuzojn\u00eb t\u00eb lajn\u00eb duart, arsyet dhe disa deklarata t\u00eb pazakonta 22 gusht \u00a02020 Ka miliona njer\u00ebz q\u00eb refuzojn\u00eb t\u00eb lajn\u00eb duart. Pse nuk do ta p\u00ebrvet\u00ebsojn\u00eb k\u00ebt\u00eb zakon t\u00eb thjesht\u00eb higjienik dhe si mund t\u2019i ndryshojm\u00eb mendimet e tyre? \u201cKam marr\u00eb zotim p\u00ebr 2019 q\u00eb t\u00eb them n\u00eb ekran gj\u00ebrat q\u00eb un\u00eb them [&hellip;]<\/p>\n","protected":false},"author":9,"featured_media":37593,"comment_status":"open","ping_status":"open","sticky":false,"template":"","format":"standard","meta":{"jetpack_post_was_ever_published":false,"_jetpack_newsletter_access":"","_jetpack_dont_email_post_to_subs":false,"_jetpack_newsletter_tier_id":0,"_jetpack_memberships_contains_paywalled_content":false,"_jetpack_memberships_contains_paid_content":false,"footnotes":"","jetpack_publicize_message":"","jetpack_publicize_feature_enabled":true,"jetpack_social_post_already_shared":true,"jetpack_social_options":{"image_generator_settings":{"template":"highway","default_image_id":0,"font":"","enabled":false},"version":2}},"categories":[27,10,35],"tags":[],"class_list":["post-37591","post","type-post","status-publish","format-standard","has-post-thumbnail","hentry","category-blogu-i-udhetarit","category-kultura","category-shoqerore"],"jetpack_publicize_connections":[],"jetpack_featured_media_url":"https:\/\/i0.wp.com\/www.shqiperia.com\/blog\/wp-content\/uploads\/2020\/08\/laj-duart-1-905x450-1.jpg?fit=905%2C450&ssl=1","jetpack_sharing_enabled":true,"jetpack_shortlink":"https:\/\/wp.me\/p5Z6wp-9Mj","jetpack-related-posts":[{"id":89227,"url":"https:\/\/www.shqiperia.com\/blog\/sot-kemi-nje-gjyqesor-qe-nuk-eshte-ne-duart-e-politikes-rama-njerez-nga-partia-jone-po-japin-llogari-para-drejtesise\/","url_meta":{"origin":37591,"position":0},"title":"\u201cSot kemi nj\u00eb gjyq\u00ebsor q\u00eb nuk \u00ebsht\u00eb n\u00eb duart e politik\u00ebs\u201d, Rama: &#8211; Njer\u00ebz nga partia jon\u00eb po japin llogari para drejt\u00ebsis\u00eb","author":"Kurt Farka","date":"February 8, 2025","format":false,"excerpt":"8 Shkurt 2025 Kryeminstri Edi Rama nga Madridi ku n\u00ebnshkroi marr\u00ebveshjen p\u00ebr organizimin e \u201cWorld Law Congress Albania 2027\u201d, Kongresit Bot\u00ebror t\u00eb Ligjit n\u00eb vitin 2027 n\u00eb Shqip\u00ebri, vler\u00ebsoi reform\u00ebn n\u00eb drejt\u00ebsi. Kreu i qeveris\u00eb tha se kjo reform\u00eb solli pastrimin e sistemit t\u00eb drejt\u00ebsis\u00eb nga gjyqtar\u00ebt dhe prokuror\u00ebt e\u2026","rel":"","context":"In &quot;Blogu i Udh\u00ebtarit&quot;","block_context":{"text":"Blogu i Udh\u00ebtarit","link":"https:\/\/www.shqiperia.com\/blog\/category\/blogu-i-udhetarit\/"},"img":{"alt_text":"","src":"https:\/\/i0.wp.com\/www.shqiperia.com\/blog\/wp-content\/uploads\/2025\/02\/Edi-Rama-Karikature-nga-B.-Kapexhiu-1.webp?fit=530%2C281&ssl=1&resize=350%2C200","width":350,"height":200,"srcset":"https:\/\/i0.wp.com\/www.shqiperia.com\/blog\/wp-content\/uploads\/2025\/02\/Edi-Rama-Karikature-nga-B.-Kapexhiu-1.webp?fit=530%2C281&ssl=1&resize=350%2C200 1x, https:\/\/i0.wp.com\/www.shqiperia.com\/blog\/wp-content\/uploads\/2025\/02\/Edi-Rama-Karikature-nga-B.-Kapexhiu-1.webp?fit=530%2C281&ssl=1&resize=525%2C300 1.5x"},"classes":[]},{"id":56232,"url":"https:\/\/www.shqiperia.com\/blog\/skandali-i-pronave-ne-durres-lame-kane-nisur-hetimet-2000-faqe-te-demtuara-jane-futur-duart-prej-30-vitesh\/","url_meta":{"origin":37591,"position":1},"title":"Skandali i pronave n\u00eb Durr\u00ebs, Lame: Kan\u00eb nisur hetimet, 2000 faqe t\u00eb d\u00ebmtuara, jan\u00eb futur duart prej 30 vitesh","author":"Kurt Farka","date":"April 2, 2022","format":false,"excerpt":"Skandali i pronave n\u00eb Durr\u00ebs, Lame: Kan\u00eb nisur hetimet, 2000 faqe t\u00eb d\u00ebmtuara, jan\u00eb futur duart prej 30 vitesh 1 Prill 2022 Prokuroria e Durr\u00ebsit ka nisur hetimet p\u00ebr skandalin e pronave n\u00eb bregdet pas denoncimit t\u00eb Drejtorit t\u00eb P\u00ebrgjithsh\u00ebm t\u00eb Kadastr\u00ebs Artan Lame p\u00ebr nd\u00ebrhyrje n\u00eb regjist\u00ebr. Pas nj\u00eb\u2026","rel":"","context":"In &quot;Blogu i Udh\u00ebtarit&quot;","block_context":{"text":"Blogu i Udh\u00ebtarit","link":"https:\/\/www.shqiperia.com\/blog\/category\/blogu-i-udhetarit\/"},"img":{"alt_text":"","src":"https:\/\/i0.wp.com\/www.shqiperia.com\/blog\/wp-content\/uploads\/2022\/04\/lame.jpg?fit=770%2C430&ssl=1&resize=350%2C200","width":350,"height":200,"srcset":"https:\/\/i0.wp.com\/www.shqiperia.com\/blog\/wp-content\/uploads\/2022\/04\/lame.jpg?fit=770%2C430&ssl=1&resize=350%2C200 1x, https:\/\/i0.wp.com\/www.shqiperia.com\/blog\/wp-content\/uploads\/2022\/04\/lame.jpg?fit=770%2C430&ssl=1&resize=525%2C300 1.5x, https:\/\/i0.wp.com\/www.shqiperia.com\/blog\/wp-content\/uploads\/2022\/04\/lame.jpg?fit=770%2C430&ssl=1&resize=700%2C400 2x"},"classes":[]},{"id":23333,"url":"https:\/\/www.shqiperia.com\/blog\/cfare-lidhje-ka-gjatesia-e-duarve-me-personalitetitn-zbulojeni\/","url_meta":{"origin":37591,"position":2},"title":"\u00c7far\u00eb lidhje ka gjat\u00ebsia e duarve me personalitetitn? Zbulojeni","author":"Kurt Farka","date":"July 20, 2019","format":false,"excerpt":"\u00c7far\u00eb lidhje ka gjat\u00ebsia e duarve me personalitetitn? Zbulojeni Duart tona jan\u00eb pjes\u00eb mjaft e shkath\u00ebt dhe nj\u00ebkoh\u00ebsisht mjaft unike e trupit ton\u00eb. Dora e njeriut p\u00ebrmban 29 nyje, 27 kocka dhe m\u00eb shum\u00eb se qindra ligamente, q\u00eb funksionojn\u00eb s\u00eb bashku p\u00ebr t\u00eb formuar gjestet, l\u00ebvizjet dhe funksionet e tjera,\u2026","rel":"","context":"In &quot;Blogu i Udh\u00ebtarit&quot;","block_context":{"text":"Blogu i Udh\u00ebtarit","link":"https:\/\/www.shqiperia.com\/blog\/category\/blogu-i-udhetarit\/"},"img":{"alt_text":"","src":"https:\/\/i0.wp.com\/www.shqiperia.com\/blog\/wp-content\/uploads\/2019\/07\/Gatesia-e-Duarve-Copy.jpg?fit=600%2C332&ssl=1&resize=350%2C200","width":350,"height":200,"srcset":"https:\/\/i0.wp.com\/www.shqiperia.com\/blog\/wp-content\/uploads\/2019\/07\/Gatesia-e-Duarve-Copy.jpg?fit=600%2C332&ssl=1&resize=350%2C200 1x, https:\/\/i0.wp.com\/www.shqiperia.com\/blog\/wp-content\/uploads\/2019\/07\/Gatesia-e-Duarve-Copy.jpg?fit=600%2C332&ssl=1&resize=525%2C300 1.5x"},"classes":[]},{"id":80670,"url":"https:\/\/www.shqiperia.com\/blog\/ekspertet-paralajmerim-te-frikshem-per-gripin-e-shpendeve-eshte-nje-tjeter-virus-kinez-nese-na-rreshket-nga-duart\/","url_meta":{"origin":37591,"position":3},"title":"Ekspert\u00ebt paralajm\u00ebrim t\u00eb friksh\u00ebm p\u00ebr gripin e shpend\u00ebve: &#8211; \u00cbsht\u00eb nj\u00eb tjet\u00ebr virus kinez, n\u00ebse na rr\u00ebshket nga duart&#8230;","author":"Kurt Farka","date":"May 5, 2024","format":false,"excerpt":"5 Maji 2024 Gripi i shpend\u00ebve ka prekur kafsh\u00ebt e egra rreth e rrotull bot\u00ebs dhe tani \u00ebsht\u00eb duke u p\u00ebrhapur edhe te lop\u00ebt. N\u00eb rastet e pakta te njer\u00ebzit, ka qen\u00eb jasht\u00ebzakonisht vdekjeprur\u00ebs. \u201cN\u00ebse nuk e studiojm\u00eb nivelin e p\u00ebrhapjes s\u00eb tij, at\u00ebher\u00eb ne nuk mund t\u2019u tregojm\u00eb njer\u00ebzve\u2026","rel":"","context":"In &quot;Blogu i Udh\u00ebtarit&quot;","block_context":{"text":"Blogu i Udh\u00ebtarit","link":"https:\/\/www.shqiperia.com\/blog\/category\/blogu-i-udhetarit\/"},"img":{"alt_text":"","src":"https:\/\/i0.wp.com\/www.shqiperia.com\/blog\/wp-content\/uploads\/2024\/05\/800-0-663775dbd1695.jpg?fit=800%2C427&ssl=1&resize=350%2C200","width":350,"height":200,"srcset":"https:\/\/i0.wp.com\/www.shqiperia.com\/blog\/wp-content\/uploads\/2024\/05\/800-0-663775dbd1695.jpg?fit=800%2C427&ssl=1&resize=350%2C200 1x, https:\/\/i0.wp.com\/www.shqiperia.com\/blog\/wp-content\/uploads\/2024\/05\/800-0-663775dbd1695.jpg?fit=800%2C427&ssl=1&resize=525%2C300 1.5x, https:\/\/i0.wp.com\/www.shqiperia.com\/blog\/wp-content\/uploads\/2024\/05\/800-0-663775dbd1695.jpg?fit=800%2C427&ssl=1&resize=700%2C400 2x"},"classes":[]},{"id":77099,"url":"https:\/\/www.shqiperia.com\/blog\/ina-zhupa-udhe-te-mbare-elva-margariti-te-perdoren-si-vrasese-te-kultures\/","url_meta":{"origin":37591,"position":4},"title":"Ina Zhupa \u2013 Udh\u00eb t\u00eb mbar\u00eb Elva Margariti, t\u00eb p\u00ebrdor\u00ebn si vras\u00ebse t\u00eb Kultur\u00ebs","author":"Kurt Farka","date":"January 8, 2024","format":false,"excerpt":"8 Janar 2024 Deputetja e Partis\u00eb Demokratike, Ina Zhupa ka reaguar pas vendimit t\u00eb kryeministrit Rama p\u00ebr t\u00eb shkrir\u00eb dy ministri, Ekonomin\u00eb dhe Kultur\u00ebn p\u00ebr t\u00eb krijuar dikasterin e Ekonomis\u00eb, Kultur\u00ebs dhe Inovacionit, n\u00eb krye t\u00eb s\u00eb cil\u00ebs ka propozuar Blendi Gonxhen. P\u00ebr Zhup\u00ebn \u201cbashkimi i kultur\u00ebs me ekonomin\u00eb tregon\u2026","rel":"","context":"In &quot;Blogu i Udh\u00ebtarit&quot;","block_context":{"text":"Blogu i Udh\u00ebtarit","link":"https:\/\/www.shqiperia.com\/blog\/category\/blogu-i-udhetarit\/"},"img":{"alt_text":"","src":"https:\/\/i0.wp.com\/www.shqiperia.com\/blog\/wp-content\/uploads\/2024\/01\/800-0-3339e9f8f0fdabcc08c68c89e824bc96-1.jpg?fit=800%2C539&ssl=1&resize=350%2C200","width":350,"height":200,"srcset":"https:\/\/i0.wp.com\/www.shqiperia.com\/blog\/wp-content\/uploads\/2024\/01\/800-0-3339e9f8f0fdabcc08c68c89e824bc96-1.jpg?fit=800%2C539&ssl=1&resize=350%2C200 1x, https:\/\/i0.wp.com\/www.shqiperia.com\/blog\/wp-content\/uploads\/2024\/01\/800-0-3339e9f8f0fdabcc08c68c89e824bc96-1.jpg?fit=800%2C539&ssl=1&resize=525%2C300 1.5x, https:\/\/i0.wp.com\/www.shqiperia.com\/blog\/wp-content\/uploads\/2024\/01\/800-0-3339e9f8f0fdabcc08c68c89e824bc96-1.jpg?fit=800%2C539&ssl=1&resize=700%2C400 2x"},"classes":[]},{"id":90246,"url":"https:\/\/www.shqiperia.com\/blog\/pronat-e-shqiptareve-ne-duart-e-dy-kunatave-ja-si-drejtoresha-e-saspac-kreu-i-kadastres-dhe-drejtuesja-e\/","url_meta":{"origin":37591,"position":5},"title":"Pronat e shqiptar\u00ebve n\u00eb duart e dy kunatave, ja si drejtoresha e SASPAC, kreu i Kadastr\u00ebs dhe drejtuesja e\u2026","author":"Kurt Farka","date":"March 10, 2025","format":false,"excerpt":"10 Mars 2025 Pronat e shqiptar\u00ebve duket se po p\u00ebrfundojn\u00eb n\u00eb duart e klanit Rama. Gazeta \u201cSOT\u201d m\u00eb m\u00ebnyr\u00eb sistematike ka denoncuar me forc\u00eb abuzimet dhe korrupsion, nd\u00ebrkoh\u00eb q\u00eb s\u00eb fundmi nj\u00eb skem\u00eb e sofistikuar kapjeje e shtetit po shpaloset para syve t\u00eb shqiptar\u00ebve, ku prona publike po p\u00ebrfundon n\u00eb\u2026","rel":"","context":"In &quot;Blogu i Udh\u00ebtarit&quot;","block_context":{"text":"Blogu i Udh\u00ebtarit","link":"https:\/\/www.shqiperia.com\/blog\/category\/blogu-i-udhetarit\/"},"img":{"alt_text":"","src":"https:\/\/i0.wp.com\/www.shqiperia.com\/blog\/wp-content\/uploads\/2025\/03\/IMG-20250310-WA0014-885x570-1.jpg?fit=885%2C570&ssl=1&resize=350%2C200","width":350,"height":200,"srcset":"https:\/\/i0.wp.com\/www.shqiperia.com\/blog\/wp-content\/uploads\/2025\/03\/IMG-20250310-WA0014-885x570-1.jpg?fit=885%2C570&ssl=1&resize=350%2C200 1x, https:\/\/i0.wp.com\/www.shqiperia.com\/blog\/wp-content\/uploads\/2025\/03\/IMG-20250310-WA0014-885x570-1.jpg?fit=885%2C570&ssl=1&resize=525%2C300 1.5x, https:\/\/i0.wp.com\/www.shqiperia.com\/blog\/wp-content\/uploads\/2025\/03\/IMG-20250310-WA0014-885x570-1.jpg?fit=885%2C570&ssl=1&resize=700%2C400 2x"},"classes":[]}],"_links":{"self":[{"href":"https:\/\/www.shqiperia.com\/blog\/wp-json\/wp\/v2\/posts\/37591","targetHints":{"allow":["GET"]}}],"collection":[{"href":"https:\/\/www.shqiperia.com\/blog\/wp-json\/wp\/v2\/posts"}],"about":[{"href":"https:\/\/www.shqiperia.com\/blog\/wp-json\/wp\/v2\/types\/post"}],"author":[{"embeddable":true,"href":"https:\/\/www.shqiperia.com\/blog\/wp-json\/wp\/v2\/users\/9"}],"replies":[{"embeddable":true,"href":"https:\/\/www.shqiperia.com\/blog\/wp-json\/wp\/v2\/comments?post=37591"}],"version-history":[{"count":1,"href":"https:\/\/www.shqiperia.com\/blog\/wp-json\/wp\/v2\/posts\/37591\/revisions"}],"predecessor-version":[{"id":37594,"href":"https:\/\/www.shqiperia.com\/blog\/wp-json\/wp\/v2\/posts\/37591\/revisions\/37594"}],"wp:featuredmedia":[{"embeddable":true,"href":"https:\/\/www.shqiperia.com\/blog\/wp-json\/wp\/v2\/media\/37593"}],"wp:attachment":[{"href":"https:\/\/www.shqiperia.com\/blog\/wp-json\/wp\/v2\/media?parent=37591"}],"wp:term":[{"taxonomy":"category","embeddable":true,"href":"https:\/\/www.shqiperia.com\/blog\/wp-json\/wp\/v2\/categories?post=37591"},{"taxonomy":"post_tag","embeddable":true,"href":"https:\/\/www.shqiperia.com\/blog\/wp-json\/wp\/v2\/tags?post=37591"}],"curies":[{"name":"wp","href":"https:\/\/api.w.org\/{rel}","templated":true}]}}