{"id":37588,"date":"2020-08-24T14:03:35","date_gmt":"2020-08-24T14:03:35","guid":{"rendered":"https:\/\/www.shqiperia.com\/blog\/?p=37588"},"modified":"2020-08-24T14:03:35","modified_gmt":"2020-08-24T14:03:35","slug":"paralajmerimi-i-shkencetarit-britanik-virusi-do-jete-pergjithmone-i-pranishem","status":"publish","type":"post","link":"https:\/\/www.shqiperia.com\/blog\/paralajmerimi-i-shkencetarit-britanik-virusi-do-jete-pergjithmone-i-pranishem\/","title":{"rendered":"Paralajm\u00ebrimi i shkenc\u00ebtarit britanik: Virusi do jet\u00eb p\u00ebrgjithmon\u00eb i pranish\u00ebm!"},"content":{"rendered":"<p><img data-recalc-dims=\"1\" loading=\"lazy\" decoding=\"async\" data-attachment-id=\"37589\" data-permalink=\"https:\/\/www.shqiperia.com\/blog\/paralajmerimi-i-shkencetarit-britanik-virusi-do-jete-pergjithmone-i-pranishem\/wissen-was-das-koronavirus-ist-das-auf-der-ganzen-welt-panik-ausgeloest-hat-sind-diese-massnahmen-zu-retten-600x360-1\/\" data-orig-file=\"https:\/\/i0.wp.com\/www.shqiperia.com\/blog\/wp-content\/uploads\/2020\/08\/wissen-was-das-koronavirus-ist-das-auf-der-ganzen-welt-panik-ausgeloest-hat-sind-diese-massnahmen-zu-retten-600x360-1.jpg?fit=600%2C360&amp;ssl=1\" data-orig-size=\"600,360\" data-comments-opened=\"1\" data-image-meta=\"{&quot;aperture&quot;:&quot;0&quot;,&quot;credit&quot;:&quot;&quot;,&quot;camera&quot;:&quot;&quot;,&quot;caption&quot;:&quot;&quot;,&quot;created_timestamp&quot;:&quot;0&quot;,&quot;copyright&quot;:&quot;&quot;,&quot;focal_length&quot;:&quot;0&quot;,&quot;iso&quot;:&quot;0&quot;,&quot;shutter_speed&quot;:&quot;0&quot;,&quot;title&quot;:&quot;&quot;,&quot;orientation&quot;:&quot;0&quot;}\" data-image-title=\"wissen-was-das-koronavirus-ist-das-auf-der-ganzen-welt-panik-ausgeloest-hat-sind-diese-massnahmen-zu-retten-600&#215;360-1\" data-image-description=\"\" data-image-caption=\"\" data-medium-file=\"https:\/\/i0.wp.com\/www.shqiperia.com\/blog\/wp-content\/uploads\/2020\/08\/wissen-was-das-koronavirus-ist-das-auf-der-ganzen-welt-panik-ausgeloest-hat-sind-diese-massnahmen-zu-retten-600x360-1.jpg?fit=300%2C180&amp;ssl=1\" data-large-file=\"https:\/\/i0.wp.com\/www.shqiperia.com\/blog\/wp-content\/uploads\/2020\/08\/wissen-was-das-koronavirus-ist-das-auf-der-ganzen-welt-panik-ausgeloest-hat-sind-diese-massnahmen-zu-retten-600x360-1.jpg?fit=600%2C360&amp;ssl=1\" class=\"alignnone  wp-image-37589\" alt=\"\" src=\"https:\/\/i0.wp.com\/www.shqiperia.com\/blog\/wp-content\/uploads\/2020\/08\/wissen-was-das-koronavirus-ist-das-auf-der-ganzen-welt-panik-ausgeloest-hat-sind-diese-massnahmen-zu-retten-600x360-1.jpg?resize=563%2C338&#038;ssl=1\" width=\"563\" height=\"338\" srcset=\"https:\/\/i0.wp.com\/www.shqiperia.com\/blog\/wp-content\/uploads\/2020\/08\/wissen-was-das-koronavirus-ist-das-auf-der-ganzen-welt-panik-ausgeloest-hat-sind-diese-massnahmen-zu-retten-600x360-1.jpg?resize=300%2C180&amp;ssl=1 300w, https:\/\/i0.wp.com\/www.shqiperia.com\/blog\/wp-content\/uploads\/2020\/08\/wissen-was-das-koronavirus-ist-das-auf-der-ganzen-welt-panik-ausgeloest-hat-sind-diese-massnahmen-zu-retten-600x360-1.jpg?resize=450%2C270&amp;ssl=1 450w, https:\/\/i0.wp.com\/www.shqiperia.com\/blog\/wp-content\/uploads\/2020\/08\/wissen-was-das-koronavirus-ist-das-auf-der-ganzen-welt-panik-ausgeloest-hat-sind-diese-massnahmen-zu-retten-600x360-1.jpg?resize=400%2C240&amp;ssl=1 400w, https:\/\/i0.wp.com\/www.shqiperia.com\/blog\/wp-content\/uploads\/2020\/08\/wissen-was-das-koronavirus-ist-das-auf-der-ganzen-welt-panik-ausgeloest-hat-sind-diese-massnahmen-zu-retten-600x360-1.jpg?w=600&amp;ssl=1 600w\" sizes=\"auto, (max-width: 563px) 100vw, 563px\" \/><\/p>\n<p><strong>Paralajm\u00ebrimi i shkenc\u00ebtarit britanik: Virusi do jet\u00eb p\u00ebrgjithmon\u00eb i pranish\u00ebm!<\/strong><\/p>\n<p>23.08.20<\/p>\n<p>Para disa dit\u00ebsh, Organizata Bot\u00ebrore e Sh\u00ebndet\u00ebsis\u00eb deklaroi se pandemia e koronavirusit mund t\u00eb p\u00ebrfundoj\u00eb pas dy vitesh.<\/p>\n<p>P\u00ebr k\u00ebt\u00eb \u00e7\u00ebshtje ka folur edhe Mark Walport, shkenc\u00ebtari britanik p\u00ebr mjek\u00ebsin\u00eb.<\/p>\n<p>Ish-kryek\u00ebshilltari shkencor i qeveris\u00eb britanike p\u00ebr periudh\u00ebn 2013-2017 k\u00ebshillon q\u00eb nuk \u00ebsht\u00eb zgjidhje b\u00ebrja e vaksin\u00ebs vet\u00ebm nj\u00ebher\u00eb.<\/p>\n<p>Sipas tij, koronavirusi do t\u00eb ekzistoj\u00eb gjithmon\u00eb rreth nesh dhe se zgjidhja e vetme \u00ebsht\u00eb vaksinimi i popullsis\u00eb bot\u00ebrore n\u00eb intervale t\u00eb ndryshme kohore.<\/p>\n<p><a href=\"http:\/\/gazetashqiptare.al\/2020\/08\/23\/paralajmerimi-shkencetarit-britanik-virusi-jete-pergjithmone-pranishem\/\">Gazeta Shqiptare<\/a><\/p>\n","protected":false},"excerpt":{"rendered":"<p>Paralajm\u00ebrimi i shkenc\u00ebtarit britanik: Virusi do jet\u00eb p\u00ebrgjithmon\u00eb i pranish\u00ebm! 23.08.20 Para disa dit\u00ebsh, Organizata Bot\u00ebrore e Sh\u00ebndet\u00ebsis\u00eb deklaroi se pandemia e koronavirusit mund t\u00eb p\u00ebrfundoj\u00eb pas dy vitesh. P\u00ebr k\u00ebt\u00eb \u00e7\u00ebshtje ka folur edhe Mark Walport, shkenc\u00ebtari britanik p\u00ebr mjek\u00ebsin\u00eb. Ish-kryek\u00ebshilltari shkencor i qeveris\u00eb britanike p\u00ebr periudh\u00ebn 2013-2017 k\u00ebshillon q\u00eb nuk \u00ebsht\u00eb zgjidhje b\u00ebrja [&hellip;]<\/p>\n","protected":false},"author":9,"featured_media":37589,"comment_status":"open","ping_status":"open","sticky":false,"template":"","format":"standard","meta":{"jetpack_post_was_ever_published":false,"_jetpack_newsletter_access":"","_jetpack_dont_email_post_to_subs":false,"_jetpack_newsletter_tier_id":0,"_jetpack_memberships_contains_paywalled_content":false,"_jetpack_memberships_contains_paid_content":false,"footnotes":"","jetpack_publicize_message":"","jetpack_publicize_feature_enabled":true,"jetpack_social_post_already_shared":true,"jetpack_social_options":{"image_generator_settings":{"template":"highway","default_image_id":0,"font":"","enabled":false},"version":2}},"categories":[27,1,35],"tags":[],"class_list":["post-37588","post","type-post","status-publish","format-standard","has-post-thumbnail","hentry","category-blogu-i-udhetarit","category-njoftime-shtypi","category-shoqerore"],"jetpack_publicize_connections":[],"jetpack_featured_media_url":"https:\/\/i0.wp.com\/www.shqiperia.com\/blog\/wp-content\/uploads\/2020\/08\/wissen-was-das-koronavirus-ist-das-auf-der-ganzen-welt-panik-ausgeloest-hat-sind-diese-massnahmen-zu-retten-600x360-1.jpg?fit=600%2C360&ssl=1","jetpack_sharing_enabled":true,"jetpack_shortlink":"https:\/\/wp.me\/p5Z6wp-9Mg","jetpack-related-posts":[{"id":40138,"url":"https:\/\/www.shqiperia.com\/blog\/eksperti-britanik-koronavirusi-mund-te-jetoje-me-ne-pergjithmone-ja-cfare-do-te-thote-kjo\/","url_meta":{"origin":37588,"position":0},"title":"Eksperti britanik: &#8211; Koronavirusi mund t\u00eb jetoj\u00eb me ne p\u00ebrgjithmon\u00eb. Ja \u00e7far\u00eb do t\u00eb thot\u00eb kjo.","author":"Kurt Farka","date":"October 26, 2020","format":false,"excerpt":"\"Koronavirusi do t\u00eb jet\u00eb i pranish\u00ebm p\u00ebrgjithmon\u00eb me ne, n\u00eb nj\u00eb form\u00eb ose n\u00eb nj\u00eb tjet\u00ebr\", ka th\u00ebn\u00eb nj\u00eb an\u00ebtar i Grupit t\u00eb K\u00ebshillimit Shkencor p\u00ebr qeverin\u00eb britanike. Mark Walport tha se njer\u00ebzit do t\u00eb duhet t\u00eb vaksinohen n\u00eb intervale t\u00eb rregullta. Komentet e tij vijn\u00eb pasi kreu i Organizat\u00ebs\u2026","rel":"","context":"In &quot;Blogu i Udh\u00ebtarit&quot;","block_context":{"text":"Blogu i Udh\u00ebtarit","link":"https:\/\/www.shqiperia.com\/blog\/category\/blogu-i-udhetarit\/"},"img":{"alt_text":"","src":"https:\/\/i0.wp.com\/www.shqiperia.com\/blog\/wp-content\/uploads\/2020\/10\/640-0-5f413d4e0e4ad.jpg?fit=640%2C360&ssl=1&resize=350%2C200","width":350,"height":200,"srcset":"https:\/\/i0.wp.com\/www.shqiperia.com\/blog\/wp-content\/uploads\/2020\/10\/640-0-5f413d4e0e4ad.jpg?fit=640%2C360&ssl=1&resize=350%2C200 1x, https:\/\/i0.wp.com\/www.shqiperia.com\/blog\/wp-content\/uploads\/2020\/10\/640-0-5f413d4e0e4ad.jpg?fit=640%2C360&ssl=1&resize=525%2C300 1.5x"},"classes":[]},{"id":93316,"url":"https:\/\/www.shqiperia.com\/blog\/takimi-per-gazen-ne-shtepine-e-bardhe-i-pranishem-do-te-jete-edhe-ish-kryeministri-britanik-tony-blair\/","url_meta":{"origin":37588,"position":1},"title":"Takimi p\u00ebr Gaz\u00ebn n\u00eb Sht\u00ebpin\u00eb e Bardh\u00eb\/ I pranish\u00ebm do t\u00eb jet\u00eb edhe ish-kryeministri britanik, Tony Blair","author":"Kurt Farka","date":"August 28, 2025","format":false,"excerpt":"28 Gusht 2025 Ish-kryeministri britanik Tony Blair do t\u00eb marr\u00eb pjes\u00eb n\u00eb nj\u00eb takim t\u00eb nivelit t\u00eb lart\u00eb n\u00eb Uashington, t\u00eb kryesuar nga ish-presidenti amerikan Donald Trump, p\u00ebr t\u00eb diskutuar planet p\u00ebr Gaz\u00ebn pas p\u00ebrfundimit t\u00eb konfliktit. Lajmi \u00ebsht\u00eb konfirmuar nga BBC. Nd\u00ebrkoh\u00eb, sipas faqes s\u00eb lajmeve Axios, n\u00eb takim\u2026","rel":"","context":"In &quot;Blogu i Udh\u00ebtarit&quot;","block_context":{"text":"Blogu i Udh\u00ebtarit","link":"https:\/\/www.shqiperia.com\/blog\/category\/blogu-i-udhetarit\/"},"img":{"alt_text":"","src":"https:\/\/i0.wp.com\/www.shqiperia.com\/blog\/wp-content\/uploads\/2025\/08\/0-2025-08-27T211623.403.jpg?fit=1200%2C675&ssl=1&resize=350%2C200","width":350,"height":200,"srcset":"https:\/\/i0.wp.com\/www.shqiperia.com\/blog\/wp-content\/uploads\/2025\/08\/0-2025-08-27T211623.403.jpg?fit=1200%2C675&ssl=1&resize=350%2C200 1x, https:\/\/i0.wp.com\/www.shqiperia.com\/blog\/wp-content\/uploads\/2025\/08\/0-2025-08-27T211623.403.jpg?fit=1200%2C675&ssl=1&resize=525%2C300 1.5x, https:\/\/i0.wp.com\/www.shqiperia.com\/blog\/wp-content\/uploads\/2025\/08\/0-2025-08-27T211623.403.jpg?fit=1200%2C675&ssl=1&resize=700%2C400 2x, https:\/\/i0.wp.com\/www.shqiperia.com\/blog\/wp-content\/uploads\/2025\/08\/0-2025-08-27T211623.403.jpg?fit=1200%2C675&ssl=1&resize=1050%2C600 3x"},"classes":[]},{"id":43755,"url":"https:\/\/www.shqiperia.com\/blog\/variantet-e-reja-te-covid-gjermania-demaskon-tiranen-shqiptarja-me-virusin-britanik-erdhi-nga-rinas\/","url_meta":{"origin":37588,"position":2},"title":"Variantet e reja t\u00eb Covid\/ Gjermania demaskon Tiran\u00ebn: Shqiptarja me virusin britanik erdhi nga Rinasi","author":"Kurt Farka","date":"February 4, 2021","format":false,"excerpt":"Variantet e reja t\u00eb Covid\/ Gjermania demaskon Tiran\u00ebn: Shqiptarja me virusin britanik erdhi nga Rinasi 4 shkurt 2021 Ekspert\u00ebt shqiptar vazhdojn\u00eb t\u00eb mos e pranojn\u00eb hapur q\u00eb virusi i ri qarkullon n\u00eb vendin ton\u00eb Nuk b\u00ebhet fjal\u00eb p\u00ebr nj\u00eb vendas, por shqiptar. M\u00eb konkretisht, nj\u00eb 22- vje\u00e7are q\u00eb sipas t\u00eb\u2026","rel":"","context":"In &quot;Blogu i Udh\u00ebtarit&quot;","block_context":{"text":"Blogu i Udh\u00ebtarit","link":"https:\/\/www.shqiperia.com\/blog\/category\/blogu-i-udhetarit\/"},"img":{"alt_text":"","src":"https:\/\/i0.wp.com\/www.shqiperia.com\/blog\/wp-content\/uploads\/2021\/02\/virusi-covid.jpg?fit=600%2C320&ssl=1&resize=350%2C200","width":350,"height":200,"srcset":"https:\/\/i0.wp.com\/www.shqiperia.com\/blog\/wp-content\/uploads\/2021\/02\/virusi-covid.jpg?fit=600%2C320&ssl=1&resize=350%2C200 1x, https:\/\/i0.wp.com\/www.shqiperia.com\/blog\/wp-content\/uploads\/2021\/02\/virusi-covid.jpg?fit=600%2C320&ssl=1&resize=525%2C300 1.5x"},"classes":[]},{"id":34583,"url":"https:\/\/www.shqiperia.com\/blog\/paralajmerimi-i-frikshem-i-ish-ministrit-te-shendetesise-solis-ne-tetor-forca-goditese-e-virusit-do-te-jete-me-e-madhe\/","url_meta":{"origin":37588,"position":3},"title":"Paralajm\u00ebrimi i friksh\u00ebm i ish-ministrit t\u00eb Sh\u00ebndet\u00ebsis\u00eb, Solis: N\u00eb tetor forca godit\u00ebse e virusit do t\u00eb jet\u00eb m\u00eb e madhe","author":"Kurt Farka","date":"May 13, 2020","format":false,"excerpt":"Paralajm\u00ebrimi i friksh\u00ebm i ish-ministrit t\u00eb Sh\u00ebndet\u00ebsis\u00eb, Solis: N\u00eb tetor forca godit\u00ebse e virusit do t\u00eb jet\u00eb m\u00eb e madhe 12 maji 2020 Ish-ministri i Sh\u00ebndet\u00ebsis\u00eb Leonard Solis\u00a0thot\u00eb\u00a0se Shqip\u00ebria e ka fituar nj\u00eb betej\u00eb e pandemin\u00eb e koronavirusit dhe se kjo situat\u00eb sipas tij thuajse kaloi pa u ndjer\u00eb. Por,\u2026","rel":"","context":"In &quot;Blogu i Udh\u00ebtarit&quot;","block_context":{"text":"Blogu i Udh\u00ebtarit","link":"https:\/\/www.shqiperia.com\/blog\/category\/blogu-i-udhetarit\/"},"img":{"alt_text":"","src":"https:\/\/i0.wp.com\/www.shqiperia.com\/blog\/wp-content\/uploads\/2020\/05\/Covid-QSUT-536x400-433x300-1.jpg?fit=433%2C300&ssl=1&resize=350%2C200","width":350,"height":200},"classes":[]},{"id":65150,"url":"https:\/\/www.shqiperia.com\/blog\/perhapja-e-covid-zbulimi-i-shkencetarit-kam-punuar-ne-laboratorin-e-wuhan-e-di-cfare-ka-ndodhur\/","url_meta":{"origin":37588,"position":4},"title":"P\u00ebrhapja e COVID, zbulimi i shkenc\u00ebtarit: &#8211; Kam punuar n\u00eb laboratorin e Wuhan, e di \u00e7far\u00eb ka ndodhur","author":"Kurt Farka","date":"December 4, 2022","format":false,"excerpt":"4 Dhjetor 2022 Nj\u00eb shkenc\u00ebtar q\u00eb ka punuar n\u00eb laboratorin e Wuhan ka pohuar se Covid kishte rrjedhur nga laboratori dhe nuk ka kaluar nga kafsh\u00ebt te njer\u00ebzit, shkruan\u00a0The Sun. Andrew Huff, ish-z\u00ebvend\u00ebspresident i Aleanc\u00ebs EcoHealth, tha se kjo \u00ebsht\u00eb nj\u00eb nga fshehjet m\u00eb t\u00eb m\u00ebdha n\u00eb histori dhe d\u00ebshtimi\u2026","rel":"","context":"In &quot;Blogu i Udh\u00ebtarit&quot;","block_context":{"text":"Blogu i Udh\u00ebtarit","link":"https:\/\/www.shqiperia.com\/blog\/category\/blogu-i-udhetarit\/"},"img":{"alt_text":"","src":"https:\/\/i0.wp.com\/www.shqiperia.com\/blog\/wp-content\/uploads\/2022\/12\/images.jpg?resize=350%2C200&ssl=1","width":350,"height":200,"srcset":"https:\/\/i0.wp.com\/www.shqiperia.com\/blog\/wp-content\/uploads\/2022\/12\/images.jpg?resize=350%2C200&ssl=1 1x, https:\/\/i0.wp.com\/www.shqiperia.com\/blog\/wp-content\/uploads\/2022\/12\/images.jpg?resize=525%2C300&ssl=1 1.5x"},"classes":[]},{"id":57490,"url":"https:\/\/www.shqiperia.com\/blog\/paralajmerimi-i-frikshem-gjendemi-vetem-1-hap-larg-shperthimit-te-virusit-zika\/","url_meta":{"origin":37588,"position":5},"title":"Paralajm\u00ebrimi i friksh\u00ebm: &#8211; Gjendemi vet\u00ebm 1 hap larg shp\u00ebrthimit t\u00eb virusit Zika","author":"Kurt Farka","date":"May 2, 2022","format":false,"excerpt":"Paralajm\u00ebrimi i friksh\u00ebm: - Gjendemi vet\u00ebm 1 hap larg shp\u00ebrthimit t\u00eb virusit Zika Studiuesit paralajm\u00ebrojn\u00eb se bota mund t\u00eb jet\u00eb n\u00eb prag t\u00eb nj\u00eb shp\u00ebrthimi t\u00eb ri t\u00eb virusit Zika. Virusi shkaktoi nj\u00eb emergjenc\u00eb mjek\u00ebsore globale n\u00eb vitin 2016, me mij\u00ebra foshnje t\u00eb lindura me tru t\u00eb d\u00ebmtuar pasi n\u00ebnat\u2026","rel":"","context":"In &quot;Blogu i Udh\u00ebtarit&quot;","block_context":{"text":"Blogu i Udh\u00ebtarit","link":"https:\/\/www.shqiperia.com\/blog\/category\/blogu-i-udhetarit\/"},"img":{"alt_text":"","src":"https:\/\/i0.wp.com\/www.shqiperia.com\/blog\/wp-content\/uploads\/2022\/05\/640-0-625837420b3e9.png?fit=640%2C364&ssl=1&resize=350%2C200","width":350,"height":200,"srcset":"https:\/\/i0.wp.com\/www.shqiperia.com\/blog\/wp-content\/uploads\/2022\/05\/640-0-625837420b3e9.png?fit=640%2C364&ssl=1&resize=350%2C200 1x, https:\/\/i0.wp.com\/www.shqiperia.com\/blog\/wp-content\/uploads\/2022\/05\/640-0-625837420b3e9.png?fit=640%2C364&ssl=1&resize=525%2C300 1.5x"},"classes":[]}],"_links":{"self":[{"href":"https:\/\/www.shqiperia.com\/blog\/wp-json\/wp\/v2\/posts\/37588","targetHints":{"allow":["GET"]}}],"collection":[{"href":"https:\/\/www.shqiperia.com\/blog\/wp-json\/wp\/v2\/posts"}],"about":[{"href":"https:\/\/www.shqiperia.com\/blog\/wp-json\/wp\/v2\/types\/post"}],"author":[{"embeddable":true,"href":"https:\/\/www.shqiperia.com\/blog\/wp-json\/wp\/v2\/users\/9"}],"replies":[{"embeddable":true,"href":"https:\/\/www.shqiperia.com\/blog\/wp-json\/wp\/v2\/comments?post=37588"}],"version-history":[{"count":1,"href":"https:\/\/www.shqiperia.com\/blog\/wp-json\/wp\/v2\/posts\/37588\/revisions"}],"predecessor-version":[{"id":37590,"href":"https:\/\/www.shqiperia.com\/blog\/wp-json\/wp\/v2\/posts\/37588\/revisions\/37590"}],"wp:featuredmedia":[{"embeddable":true,"href":"https:\/\/www.shqiperia.com\/blog\/wp-json\/wp\/v2\/media\/37589"}],"wp:attachment":[{"href":"https:\/\/www.shqiperia.com\/blog\/wp-json\/wp\/v2\/media?parent=37588"}],"wp:term":[{"taxonomy":"category","embeddable":true,"href":"https:\/\/www.shqiperia.com\/blog\/wp-json\/wp\/v2\/categories?post=37588"},{"taxonomy":"post_tag","embeddable":true,"href":"https:\/\/www.shqiperia.com\/blog\/wp-json\/wp\/v2\/tags?post=37588"}],"curies":[{"name":"wp","href":"https:\/\/api.w.org\/{rel}","templated":true}]}}