{"id":37585,"date":"2020-08-23T21:31:24","date_gmt":"2020-08-23T21:31:24","guid":{"rendered":"https:\/\/www.shqiperia.com\/blog\/?p=37585"},"modified":"2020-08-23T21:31:24","modified_gmt":"2020-08-23T21:31:24","slug":"tensionet-ne-bjellorusi-lukashenko-vesh-jelek-anti-plumb-dhe-i-bashkohet-policeve-me-automatik-ne-dore","status":"publish","type":"post","link":"https:\/\/www.shqiperia.com\/blog\/tensionet-ne-bjellorusi-lukashenko-vesh-jelek-anti-plumb-dhe-i-bashkohet-policeve-me-automatik-ne-dore\/","title":{"rendered":"Tensionet n\u00eb Bjellorusi\/ Lukashenko vesh jelek anti-plumb dhe i bashkohet polic\u00ebve me automatik n\u00eb dor\u00eb"},"content":{"rendered":"<p><img data-recalc-dims=\"1\" loading=\"lazy\" decoding=\"async\" data-attachment-id=\"37586\" data-permalink=\"https:\/\/www.shqiperia.com\/blog\/tensionet-ne-bjellorusi-lukashenko-vesh-jelek-anti-plumb-dhe-i-bashkohet-policeve-me-automatik-ne-dore\/640-0-5f42d3f1a12c2\/\" data-orig-file=\"https:\/\/i0.wp.com\/www.shqiperia.com\/blog\/wp-content\/uploads\/2020\/08\/640-0-5f42d3f1a12c2.jpg?fit=640%2C314&amp;ssl=1\" data-orig-size=\"640,314\" data-comments-opened=\"1\" data-image-meta=\"{&quot;aperture&quot;:&quot;0&quot;,&quot;credit&quot;:&quot;&quot;,&quot;camera&quot;:&quot;&quot;,&quot;caption&quot;:&quot;&quot;,&quot;created_timestamp&quot;:&quot;0&quot;,&quot;copyright&quot;:&quot;&quot;,&quot;focal_length&quot;:&quot;0&quot;,&quot;iso&quot;:&quot;0&quot;,&quot;shutter_speed&quot;:&quot;0&quot;,&quot;title&quot;:&quot;&quot;,&quot;orientation&quot;:&quot;0&quot;}\" data-image-title=\"-640-0-5f42d3f1a12c2\" data-image-description=\"\" data-image-caption=\"\" data-medium-file=\"https:\/\/i0.wp.com\/www.shqiperia.com\/blog\/wp-content\/uploads\/2020\/08\/640-0-5f42d3f1a12c2.jpg?fit=300%2C147&amp;ssl=1\" data-large-file=\"https:\/\/i0.wp.com\/www.shqiperia.com\/blog\/wp-content\/uploads\/2020\/08\/640-0-5f42d3f1a12c2.jpg?fit=640%2C314&amp;ssl=1\" class=\"alignnone  wp-image-37586\" alt=\"\" src=\"https:\/\/i0.wp.com\/www.shqiperia.com\/blog\/wp-content\/uploads\/2020\/08\/640-0-5f42d3f1a12c2.jpg?resize=537%2C263&#038;ssl=1\" width=\"537\" height=\"263\" srcset=\"https:\/\/i0.wp.com\/www.shqiperia.com\/blog\/wp-content\/uploads\/2020\/08\/640-0-5f42d3f1a12c2.jpg?resize=300%2C147&amp;ssl=1 300w, https:\/\/i0.wp.com\/www.shqiperia.com\/blog\/wp-content\/uploads\/2020\/08\/640-0-5f42d3f1a12c2.jpg?resize=450%2C221&amp;ssl=1 450w, https:\/\/i0.wp.com\/www.shqiperia.com\/blog\/wp-content\/uploads\/2020\/08\/640-0-5f42d3f1a12c2.jpg?resize=600%2C294&amp;ssl=1 600w, https:\/\/i0.wp.com\/www.shqiperia.com\/blog\/wp-content\/uploads\/2020\/08\/640-0-5f42d3f1a12c2.jpg?resize=400%2C196&amp;ssl=1 400w, https:\/\/i0.wp.com\/www.shqiperia.com\/blog\/wp-content\/uploads\/2020\/08\/640-0-5f42d3f1a12c2.jpg?w=640&amp;ssl=1 640w\" sizes=\"auto, (max-width: 537px) 100vw, 537px\" \/><\/p>\n<p>Tensionet n\u00eb Bjellorusi\/ Lukashenko vesh jelek anti-plumb dhe i bashkohet polic\u00ebve me automatik n\u00eb dor\u00eb<\/p>\n<p>23 GUSHT 2020<\/p>\n<p>Presidenti i Bjellorusis\u00eb, Alyaksandr Lukashenko ka urdh\u00ebruar Ministrin\u00eb e Mbrojtjes dhe forcat ushtarake q\u00eb t\u00eb nd\u00ebrmarrin \u201cmasa m\u00eb t\u00eb rrepta\u201d p\u00ebr t\u00eb mbrojtur kufijt\u00eb e vendit, p\u00ebrball\u00eb, asaj q\u00eb ai e quajti plan t\u00eb mb\u00ebshtetur nga jasht\u00eb p\u00ebr nj\u00eb \u201crevolucion\u201d n\u00eb vendin e ish-Bashkimit Sovjetik.<\/p>\n<p>Ai \u00ebsht\u00eb paraqitur sot, n\u00eb nj\u00eb terren ushtarak n\u00eb af\u00ebrsi t\u00eb Hrodno, e m\u00eb pas \u00ebsht\u00eb par\u00eb t\u00eb shkoj\u00eb n\u00eb pallatin e tij n\u00eb Minsk i armatosur me nj\u00eb AK74, gj\u00eb e cila tregon se \u00ebsht\u00eb indikacioni i fundit se presidenti bjellorus d\u00ebshiron t\u00eb mbaj\u00eb pushtetin, pavar\u00ebsisht protestave masive, ku po b\u00ebhet thirrje q\u00eb ai t\u00eb largohet nga pushteti, dy jav\u00eb pasi shpalli fitoren n\u00eb zgjedhjet presidenciale.<\/p>\n<p>Si\u00e7 shihet n\u00eb video, Lukashenko i shoq\u00ebruar nga rojet e tij, mban n\u00eb dor\u00eb arm\u00ebn nd\u00ebrsa mediat vendase e komentojn\u00eb k\u00ebt\u00eb akt si nj\u00eb mosbesim q\u00eb Lukashenko ka edhe p\u00ebr vet\u00eb truprojat e tij.<\/p>\n<p>Gazeta Sot<\/p>\n","protected":false},"excerpt":{"rendered":"<p>Tensionet n\u00eb Bjellorusi\/ Lukashenko vesh jelek anti-plumb dhe i bashkohet polic\u00ebve me automatik n\u00eb dor\u00eb 23 GUSHT 2020 Presidenti i Bjellorusis\u00eb, Alyaksandr Lukashenko ka urdh\u00ebruar Ministrin\u00eb e Mbrojtjes dhe forcat ushtarake q\u00eb t\u00eb nd\u00ebrmarrin \u201cmasa m\u00eb t\u00eb rrepta\u201d p\u00ebr t\u00eb mbrojtur kufijt\u00eb e vendit, p\u00ebrball\u00eb, asaj q\u00eb ai e quajti plan t\u00eb mb\u00ebshtetur nga jasht\u00eb [&hellip;]<\/p>\n","protected":false},"author":9,"featured_media":37586,"comment_status":"open","ping_status":"open","sticky":false,"template":"","format":"standard","meta":{"jetpack_post_was_ever_published":false,"_jetpack_newsletter_access":"","_jetpack_dont_email_post_to_subs":false,"_jetpack_newsletter_tier_id":0,"_jetpack_memberships_contains_paywalled_content":false,"_jetpack_memberships_contains_paid_content":false,"footnotes":"","jetpack_publicize_message":"","jetpack_publicize_feature_enabled":true,"jetpack_social_post_already_shared":true,"jetpack_social_options":{"image_generator_settings":{"template":"highway","default_image_id":0,"font":"","enabled":false},"version":2}},"categories":[27,1,35],"tags":[],"class_list":["post-37585","post","type-post","status-publish","format-standard","has-post-thumbnail","hentry","category-blogu-i-udhetarit","category-njoftime-shtypi","category-shoqerore"],"jetpack_publicize_connections":[],"jetpack_featured_media_url":"https:\/\/i0.wp.com\/www.shqiperia.com\/blog\/wp-content\/uploads\/2020\/08\/640-0-5f42d3f1a12c2.jpg?fit=640%2C314&ssl=1","jetpack_sharing_enabled":true,"jetpack_shortlink":"https:\/\/wp.me\/p5Z6wp-9Md","jetpack-related-posts":[{"id":54715,"url":"https:\/\/www.shqiperia.com\/blog\/alarmi-i-sherbimeve-amerikane-te-zbulimit-per-oret-e-ardhshme-lukashenko-do-hedhe-ushtrine-e-tij-me-48-mije-trupa-ne-ukraine\/","url_meta":{"origin":37585,"position":0},"title":"Alarmi i sh\u00ebrbimeve amerikane t\u00eb zbulimit p\u00ebr or\u00ebt e ardhshme: &#8211; Lukashenko do \u2018hedh\u00eb\u2019 ushtrin\u00eb e tij me 48 mij\u00eb trupa n\u00eb Ukrain\u00eb","author":"Kurt Farka","date":"February 28, 2022","format":false,"excerpt":"Alarmi i sh\u00ebrbimeve amerikane t\u00eb zbulimit p\u00ebr or\u00ebt e ardhshme: - Lukashenko do \u2018hedh\u00eb\u2019 ushtrin\u00eb e tij me 48 mij\u00eb trupa n\u00eb Ukrain\u00eb 28 Shkurt 2022 Sh\u00ebrbimet amerikane t\u00eb zbulimit, presin q\u00eb q\u00eb udh\u00ebheq\u00ebsi bjellorus, Alexander Lukashenko, t\u00eb hedh\u00eb ushtrin\u00eb e tij prej 48,000 trupash n\u00eb Ukrain\u00eb, n\u00eb or\u00ebt ose\u2026","rel":"","context":"In &quot;Blogu i Udh\u00ebtarit&quot;","block_context":{"text":"Blogu i Udh\u00ebtarit","link":"https:\/\/www.shqiperia.com\/blog\/category\/blogu-i-udhetarit\/"},"img":{"alt_text":"","src":"https:\/\/i0.wp.com\/www.shqiperia.com\/blog\/wp-content\/uploads\/2022\/02\/Trupat-bjellorusi-ukraine-lufte.jpg?fit=1017%2C570&ssl=1&resize=350%2C200","width":350,"height":200,"srcset":"https:\/\/i0.wp.com\/www.shqiperia.com\/blog\/wp-content\/uploads\/2022\/02\/Trupat-bjellorusi-ukraine-lufte.jpg?fit=1017%2C570&ssl=1&resize=350%2C200 1x, https:\/\/i0.wp.com\/www.shqiperia.com\/blog\/wp-content\/uploads\/2022\/02\/Trupat-bjellorusi-ukraine-lufte.jpg?fit=1017%2C570&ssl=1&resize=525%2C300 1.5x, https:\/\/i0.wp.com\/www.shqiperia.com\/blog\/wp-content\/uploads\/2022\/02\/Trupat-bjellorusi-ukraine-lufte.jpg?fit=1017%2C570&ssl=1&resize=700%2C400 2x"},"classes":[]},{"id":54675,"url":"https:\/\/www.shqiperia.com\/blog\/degradon-situata-lukashenko-del-me-paralajmerimin-trondites-bjellorusia-do-te-prese-arme-berthamore-nga-rusia-nese-shba\/","url_meta":{"origin":37585,"position":1},"title":"Degradon situata\/ Lukashenko del me paralajm\u00ebrimin trondit\u00ebs: Bjellorusia do t\u00eb pres\u00eb arm\u00eb b\u00ebrthamore nga Rusia, n\u00ebse SHBA&#8230;","author":"Kurt Farka","date":"February 27, 2022","format":false,"excerpt":"Degradon situata\/ Lukashenko del me paralajm\u00ebrimin trondit\u00ebs: Bjellorusia do t\u00eb pres\u00eb arm\u00eb b\u00ebrthamore nga Rusia, n\u00ebse SHBA... 27 SHKURT 2022 ... Sanksionet kund\u00ebr Rusis\u00eb jan\u00eb m\u00eb t\u00eb k\u00ebqija se nj\u00eb luft\u00eb dhe se situata mund t\u00eb shkoj\u00eb drejt Luft\u00ebs s\u00eb Tret\u00eb Bot\u00ebrore. Degradon situata\/ Lukashenko del me paralajm\u00ebrimin trondit\u00ebs: Presidenti\u2026","rel":"","context":"In &quot;Blogu i Udh\u00ebtarit&quot;","block_context":{"text":"Blogu i Udh\u00ebtarit","link":"https:\/\/www.shqiperia.com\/blog\/category\/blogu-i-udhetarit\/"},"img":{"alt_text":"","src":"https:\/\/i0.wp.com\/www.shqiperia.com\/blog\/wp-content\/uploads\/2022\/02\/800-480-621b71d57e691.jpg?fit=800%2C480&ssl=1&resize=350%2C200","width":350,"height":200,"srcset":"https:\/\/i0.wp.com\/www.shqiperia.com\/blog\/wp-content\/uploads\/2022\/02\/800-480-621b71d57e691.jpg?fit=800%2C480&ssl=1&resize=350%2C200 1x, https:\/\/i0.wp.com\/www.shqiperia.com\/blog\/wp-content\/uploads\/2022\/02\/800-480-621b71d57e691.jpg?fit=800%2C480&ssl=1&resize=525%2C300 1.5x, https:\/\/i0.wp.com\/www.shqiperia.com\/blog\/wp-content\/uploads\/2022\/02\/800-480-621b71d57e691.jpg?fit=800%2C480&ssl=1&resize=700%2C400 2x"},"classes":[]},{"id":54679,"url":"https:\/\/www.shqiperia.com\/blog\/shteti-i-dyte-qe-i-shpall-lufte-ukraines-zelensky-i-telefonon-lukashenkos\/","url_meta":{"origin":37585,"position":2},"title":"Shteti i dyt\u00eb q\u00eb i shpall luft\u00eb Ukrain\u00ebs? Zelensky i telefonon Lukashenkos","author":"Kurt Farka","date":"February 27, 2022","format":false,"excerpt":"Shteti i dyt\u00eb q\u00eb i shpall luft\u00eb Ukrain\u00ebs? Zelensky i telefonon Lukashenkos 27 SHKURT 2022 \u2026\u00a0 Ukraina dhe Bjellorusia nuk kan\u00eb qen\u00eb kurr\u00eb n\u00eb luft\u00eb me nj\u00ebra-tjetr\u00ebn n\u00eb historin\u00eb e tyre qindravje\u00e7are. Mediet e huaja raportojn\u00eb Bjellorusia do ti bashkohet Rusin\u00eb s\u00eb sulmin ndaj Ukrain\u00ebs. Burime t\u00eb besueshme n\u00eb Bjellorusi\u2026","rel":"","context":"In &quot;Blogu i Udh\u00ebtarit&quot;","block_context":{"text":"Blogu i Udh\u00ebtarit","link":"https:\/\/www.shqiperia.com\/blog\/category\/blogu-i-udhetarit\/"},"img":{"alt_text":"","src":"https:\/\/i0.wp.com\/www.shqiperia.com\/blog\/wp-content\/uploads\/2022\/02\/640-0-621b71e999d8c.jpg?fit=640%2C347&ssl=1&resize=350%2C200","width":350,"height":200,"srcset":"https:\/\/i0.wp.com\/www.shqiperia.com\/blog\/wp-content\/uploads\/2022\/02\/640-0-621b71e999d8c.jpg?fit=640%2C347&ssl=1&resize=350%2C200 1x, https:\/\/i0.wp.com\/www.shqiperia.com\/blog\/wp-content\/uploads\/2022\/02\/640-0-621b71e999d8c.jpg?fit=640%2C347&ssl=1&resize=525%2C300 1.5x"},"classes":[]},{"id":96717,"url":"https:\/\/www.shqiperia.com\/blog\/jo-vetem-shqiperia-por-kremlini-putini-eshte-ftuar-te-bashkohet-me-bordin-e-paqes-per-gazen-edhe-lukashenko\/","url_meta":{"origin":37585,"position":3},"title":"Jo vetem Shqiperia por &#8230; Kremlini: Putini \u00ebsht\u00eb ftuar t\u00eb bashkohet me &#8216;Bordin e Paqes&#8217; p\u00ebr Gaz\u00ebn! &#8211; Edhe Lukashenko &#8230;","author":"Kurt Farka","date":"January 19, 2026","format":false,"excerpt":"19 Janar 2026 Kremlini ka njoftuar se Presidenti Vladimir Putin ka marr\u00eb nj\u00eb ftes\u00eb p\u00ebrmes kanaleve diplomatike, p\u00ebr t\u00eb qen\u00eb pjes\u00eb e Bordit t\u00eb Paqes q\u00eb do t\u00eb mbikqyr\u00eb procesin e rind\u00ebrtimit n\u00eb Gaza. Presidenti rus Vladimir Putin Kremlini ka njoftuar se Presidenti rus\u00a0Vladimir Putin\u00a0ka marr\u00eb nj\u00eb ftes\u00eb p\u00ebr t'u\u2026","rel":"","context":"In &quot;Blogu i Udh\u00ebtarit&quot;","block_context":{"text":"Blogu i Udh\u00ebtarit","link":"https:\/\/www.shqiperia.com\/blog\/category\/blogu-i-udhetarit\/"},"img":{"alt_text":"","src":"https:\/\/i0.wp.com\/www.shqiperia.com\/blog\/wp-content\/uploads\/2026\/01\/615804215_1336955228470113_3291936159788439035_n.jpg?fit=1080%2C684&ssl=1&resize=350%2C200","width":350,"height":200,"srcset":"https:\/\/i0.wp.com\/www.shqiperia.com\/blog\/wp-content\/uploads\/2026\/01\/615804215_1336955228470113_3291936159788439035_n.jpg?fit=1080%2C684&ssl=1&resize=350%2C200 1x, https:\/\/i0.wp.com\/www.shqiperia.com\/blog\/wp-content\/uploads\/2026\/01\/615804215_1336955228470113_3291936159788439035_n.jpg?fit=1080%2C684&ssl=1&resize=525%2C300 1.5x, https:\/\/i0.wp.com\/www.shqiperia.com\/blog\/wp-content\/uploads\/2026\/01\/615804215_1336955228470113_3291936159788439035_n.jpg?fit=1080%2C684&ssl=1&resize=700%2C400 2x, https:\/\/i0.wp.com\/www.shqiperia.com\/blog\/wp-content\/uploads\/2026\/01\/615804215_1336955228470113_3291936159788439035_n.jpg?fit=1080%2C684&ssl=1&resize=1050%2C600 3x"},"classes":[]},{"id":37268,"url":"https:\/\/www.shqiperia.com\/blog\/ushtria-serbe-i-shkon-ne-ndihme-regjimit-te-lukashenko-gazetari-nxjerr-pamjet-po-prishin-protestat\/","url_meta":{"origin":37585,"position":4},"title":"Ushtria serbe i shkon n\u00eb ndihm\u00eb regjimit t\u00eb Lukashenko, gazetari nxjerr pamjet: Po prishin protestat","author":"Kurt Farka","date":"August 16, 2020","format":false,"excerpt":"Ushtria serbe i shkon n\u00eb ndihm\u00eb regjimit t\u00eb Lukashenko, gazetari nxjerr pamjet: Po prishin protestat E DIEL 16 Gusht 2020 Nga: GAZETA SHQIP P\u00ebr disa dit\u00eb me radh\u00eb, pak\u00ebnaq\u00ebsia ka shp\u00ebrthyer midis qytetar\u00ebve t\u00eb Bjellorusis\u00eb, t\u00eb cil\u00ebt kan\u00eb ngritur z\u00ebrin e tyre kund\u00ebr regjimit t\u00eb presidentit Aleksand\u00ebr Lukashenko. Regjimi i\u2026","rel":"","context":"In &quot;Blogu i Udh\u00ebtarit&quot;","block_context":{"text":"Blogu i Udh\u00ebtarit","link":"https:\/\/www.shqiperia.com\/blog\/category\/blogu-i-udhetarit\/"},"img":{"alt_text":"","src":"https:\/\/i0.wp.com\/www.shqiperia.com\/blog\/wp-content\/uploads\/2020\/08\/640-0-5f39533718183.jpg?fit=640%2C393&ssl=1&resize=350%2C200","width":350,"height":200,"srcset":"https:\/\/i0.wp.com\/www.shqiperia.com\/blog\/wp-content\/uploads\/2020\/08\/640-0-5f39533718183.jpg?fit=640%2C393&ssl=1&resize=350%2C200 1x, https:\/\/i0.wp.com\/www.shqiperia.com\/blog\/wp-content\/uploads\/2020\/08\/640-0-5f39533718183.jpg?fit=640%2C393&ssl=1&resize=525%2C300 1.5x"},"classes":[]},{"id":72031,"url":"https:\/\/www.shqiperia.com\/blog\/putin-cakton-8-korrikun-si-daten-e-vendosjes-se-armeve-berthamore-ne-bjellorusi\/","url_meta":{"origin":37585,"position":5},"title":"Putin cakton 8 korrikun, si dat\u00ebn e vendosjes s\u00eb arm\u00ebve b\u00ebrthamore n\u00eb Bjellorusi","author":"Kurt Farka","date":"June 10, 2023","format":false,"excerpt":"10 Qershor 2023 Presidenti rus Vladimir Putin njoftoi sot vendosjen e arm\u00ebve b\u00ebrthamore taktike n\u00eb territorin e Bjellorusis\u00eb fqinje, duke filluar nga 8 korriku. Nj\u00eb vendim q\u00eb mund t\u00eb jet\u00eb vendimtar n\u00eb zhvillimin e k\u00ebtij konflikti t\u00eb nisur m\u00eb shum\u00eb se nj\u00eb vit m\u00eb par\u00eb. \u201cSi\u00e7 e dini, n\u00eb datat\u2026","rel":"","context":"In &quot;Blogu i Udh\u00ebtarit&quot;","block_context":{"text":"Blogu i Udh\u00ebtarit","link":"https:\/\/www.shqiperia.com\/blog\/category\/blogu-i-udhetarit\/"},"img":{"alt_text":"","src":"https:\/\/i0.wp.com\/www.shqiperia.com\/blog\/wp-content\/uploads\/2023\/06\/putinaqi.jpg?fit=972%2C547&ssl=1&resize=350%2C200","width":350,"height":200,"srcset":"https:\/\/i0.wp.com\/www.shqiperia.com\/blog\/wp-content\/uploads\/2023\/06\/putinaqi.jpg?fit=972%2C547&ssl=1&resize=350%2C200 1x, https:\/\/i0.wp.com\/www.shqiperia.com\/blog\/wp-content\/uploads\/2023\/06\/putinaqi.jpg?fit=972%2C547&ssl=1&resize=525%2C300 1.5x, https:\/\/i0.wp.com\/www.shqiperia.com\/blog\/wp-content\/uploads\/2023\/06\/putinaqi.jpg?fit=972%2C547&ssl=1&resize=700%2C400 2x"},"classes":[]}],"_links":{"self":[{"href":"https:\/\/www.shqiperia.com\/blog\/wp-json\/wp\/v2\/posts\/37585","targetHints":{"allow":["GET"]}}],"collection":[{"href":"https:\/\/www.shqiperia.com\/blog\/wp-json\/wp\/v2\/posts"}],"about":[{"href":"https:\/\/www.shqiperia.com\/blog\/wp-json\/wp\/v2\/types\/post"}],"author":[{"embeddable":true,"href":"https:\/\/www.shqiperia.com\/blog\/wp-json\/wp\/v2\/users\/9"}],"replies":[{"embeddable":true,"href":"https:\/\/www.shqiperia.com\/blog\/wp-json\/wp\/v2\/comments?post=37585"}],"version-history":[{"count":1,"href":"https:\/\/www.shqiperia.com\/blog\/wp-json\/wp\/v2\/posts\/37585\/revisions"}],"predecessor-version":[{"id":37587,"href":"https:\/\/www.shqiperia.com\/blog\/wp-json\/wp\/v2\/posts\/37585\/revisions\/37587"}],"wp:featuredmedia":[{"embeddable":true,"href":"https:\/\/www.shqiperia.com\/blog\/wp-json\/wp\/v2\/media\/37586"}],"wp:attachment":[{"href":"https:\/\/www.shqiperia.com\/blog\/wp-json\/wp\/v2\/media?parent=37585"}],"wp:term":[{"taxonomy":"category","embeddable":true,"href":"https:\/\/www.shqiperia.com\/blog\/wp-json\/wp\/v2\/categories?post=37585"},{"taxonomy":"post_tag","embeddable":true,"href":"https:\/\/www.shqiperia.com\/blog\/wp-json\/wp\/v2\/tags?post=37585"}],"curies":[{"name":"wp","href":"https:\/\/api.w.org\/{rel}","templated":true}]}}