{"id":37577,"date":"2020-08-23T14:00:55","date_gmt":"2020-08-23T14:00:55","guid":{"rendered":"https:\/\/www.shqiperia.com\/blog\/?p=37577"},"modified":"2020-08-23T14:00:55","modified_gmt":"2020-08-23T14:00:55","slug":"shkencetaret-flasin-per-asimptomatiket-ne-te-kaluaren-jane-perballur-me-dicka-qe-i-ngjan-covid-19","status":"publish","type":"post","link":"https:\/\/www.shqiperia.com\/blog\/shkencetaret-flasin-per-asimptomatiket-ne-te-kaluaren-jane-perballur-me-dicka-qe-i-ngjan-covid-19\/","title":{"rendered":"Shkenc\u00ebtar\u00ebt flasin p\u00ebr asimptomatik\u00ebt: N\u00eb t\u00eb kaluar\u00ebn jan\u00eb p\u00ebrballur me di\u00e7ka q\u00eb i ngjan Covid-19!"},"content":{"rendered":"<p><img data-recalc-dims=\"1\" loading=\"lazy\" decoding=\"async\" data-attachment-id=\"37578\" data-permalink=\"https:\/\/www.shqiperia.com\/blog\/shkencetaret-flasin-per-asimptomatiket-ne-te-kaluaren-jane-perballur-me-dicka-qe-i-ngjan-covid-19\/640-0-5f42517b81f5d\/\" data-orig-file=\"https:\/\/i0.wp.com\/www.shqiperia.com\/blog\/wp-content\/uploads\/2020\/08\/640-0-5f42517b81f5d.jpg?fit=640%2C350&amp;ssl=1\" data-orig-size=\"640,350\" data-comments-opened=\"1\" data-image-meta=\"{&quot;aperture&quot;:&quot;0&quot;,&quot;credit&quot;:&quot;&quot;,&quot;camera&quot;:&quot;&quot;,&quot;caption&quot;:&quot;&quot;,&quot;created_timestamp&quot;:&quot;0&quot;,&quot;copyright&quot;:&quot;&quot;,&quot;focal_length&quot;:&quot;0&quot;,&quot;iso&quot;:&quot;0&quot;,&quot;shutter_speed&quot;:&quot;0&quot;,&quot;title&quot;:&quot;&quot;,&quot;orientation&quot;:&quot;0&quot;}\" data-image-title=\"-640-0-5f42517b81f5d\" data-image-description=\"\" data-image-caption=\"\" data-medium-file=\"https:\/\/i0.wp.com\/www.shqiperia.com\/blog\/wp-content\/uploads\/2020\/08\/640-0-5f42517b81f5d.jpg?fit=300%2C164&amp;ssl=1\" data-large-file=\"https:\/\/i0.wp.com\/www.shqiperia.com\/blog\/wp-content\/uploads\/2020\/08\/640-0-5f42517b81f5d.jpg?fit=640%2C350&amp;ssl=1\" class=\"alignnone  wp-image-37578\" alt=\"\" src=\"https:\/\/i0.wp.com\/www.shqiperia.com\/blog\/wp-content\/uploads\/2020\/08\/640-0-5f42517b81f5d.jpg?resize=604%2C330&#038;ssl=1\" width=\"604\" height=\"330\" srcset=\"https:\/\/i0.wp.com\/www.shqiperia.com\/blog\/wp-content\/uploads\/2020\/08\/640-0-5f42517b81f5d.jpg?resize=300%2C164&amp;ssl=1 300w, https:\/\/i0.wp.com\/www.shqiperia.com\/blog\/wp-content\/uploads\/2020\/08\/640-0-5f42517b81f5d.jpg?resize=450%2C246&amp;ssl=1 450w, https:\/\/i0.wp.com\/www.shqiperia.com\/blog\/wp-content\/uploads\/2020\/08\/640-0-5f42517b81f5d.jpg?resize=600%2C328&amp;ssl=1 600w, https:\/\/i0.wp.com\/www.shqiperia.com\/blog\/wp-content\/uploads\/2020\/08\/640-0-5f42517b81f5d.jpg?resize=400%2C219&amp;ssl=1 400w, https:\/\/i0.wp.com\/www.shqiperia.com\/blog\/wp-content\/uploads\/2020\/08\/640-0-5f42517b81f5d.jpg?w=640&amp;ssl=1 640w\" sizes=\"auto, (max-width: 604px) 100vw, 604px\" \/><\/p>\n<p><strong>Shkenc\u00ebtar\u00ebt flasin p\u00ebr asimptomatik\u00ebt: N\u00eb t\u00eb kaluar\u00ebn jan\u00eb p\u00ebrballur me di\u00e7ka q\u00eb i ngjan Covid-19!<\/strong><\/p>\n<p>23 GUSHT 2020<\/p>\n<p><strong>Nga Corriere della Sera<\/strong><\/p>\n<p>\u00cbsht\u00eb folur shum\u00eb p\u00ebr Covid-19 dhe njer\u00ebzit vazhdojn\u00eb t\u00eb flasin p\u00ebr asimptomatik\u00ebt, madje edhe t\u00eb shqet\u00ebsuar, sepse duket sikur ata po e p\u00ebrhapin s\u00ebmundjen, pa e ditur. Po sikur ata t\u00eb jen\u00eb duke na ndihmuar p\u00ebr t&#8217;ia dal\u00eb mban\u00eb me pandemin\u00eb Sars-CoV-2?<\/p>\n<p>Shum\u00eb nis\u00ebn t\u00eb b\u00ebhen kurioz\u00eb dhe n\u00eb m\u00ebnyr\u00eb paradoksale ideja vjen nga nj\u00eb burg, ose m\u00eb sakt\u00eb nga ajo q\u00eb po ndodh n\u00eb disa burgje n\u00eb Shtetet e Bashkuara. Sipas Washington Post, n\u00eb Arkansas, Karolin\u00ebn e Veriut, Ohio dhe Virxhinia, ka m\u00eb shum\u00eb se tre mij\u00eb persona t\u00eb infektuar mes t\u00eb burgosurve. Dhe, 96% e tyre nuk kan\u00eb simptoma. \u00cbsht\u00eb nj\u00eb nga misteret e k\u00ebtij virusi q\u00eb ne kemi filluar ta njohim pak, por jo plot\u00ebsisht. P\u00ebr shembull, pse ka njer\u00ebz q\u00eb jetojn\u00eb ose punojn\u00eb me dik\u00eb q\u00eb \u00ebsht\u00eb i s\u00ebmur\u00eb, infektohen, por nuk kan\u00eb simptoma dhe nuk s\u00ebmuren? N\u00ebse do t\u00eb mund t\u00eb kuptonim se \u00e7far\u00eb \u00ebsht\u00eb ajo q\u00eb i mbron ata, sigurisht q\u00eb mund t\u00eb kishim nj\u00eb arm\u00eb shtes\u00eb kund\u00ebr k\u00ebtij virusi.<\/p>\n<p>Monica Gandhi, nj\u00eb eksperte e s\u00ebmundjeve infektive n\u00eb Universitetin e San Francisko n\u00eb Kaliforni, menj\u00ebher\u00eb pyeti veten pse kishte kaq shum\u00eb infeksione asimptomatike. Ky \u00ebsht\u00eb p\u00ebrfundimi i saj: &#8220;<em>Nuk \u00ebsht\u00eb domosdoshm\u00ebrish gjithmon\u00eb nj\u00eb problem, mund t\u00eb jet\u00eb mir\u00eb p\u00ebr individin dhe p\u00ebr shoq\u00ebrin\u00eb.&#8221;<\/em><\/p>\n<p><img data-recalc-dims=\"1\" loading=\"lazy\" decoding=\"async\" data-attachment-id=\"37579\" data-permalink=\"https:\/\/www.shqiperia.com\/blog\/shkencetaret-flasin-per-asimptomatiket-ne-te-kaluaren-jane-perballur-me-dicka-qe-i-ngjan-covid-19\/640-0-5f4252deb935e\/\" data-orig-file=\"https:\/\/i0.wp.com\/www.shqiperia.com\/blog\/wp-content\/uploads\/2020\/08\/640-0-5f4252deb935e.jpg?fit=640%2C361&amp;ssl=1\" data-orig-size=\"640,361\" data-comments-opened=\"1\" data-image-meta=\"{&quot;aperture&quot;:&quot;0&quot;,&quot;credit&quot;:&quot;&quot;,&quot;camera&quot;:&quot;&quot;,&quot;caption&quot;:&quot;&quot;,&quot;created_timestamp&quot;:&quot;0&quot;,&quot;copyright&quot;:&quot;&quot;,&quot;focal_length&quot;:&quot;0&quot;,&quot;iso&quot;:&quot;0&quot;,&quot;shutter_speed&quot;:&quot;0&quot;,&quot;title&quot;:&quot;&quot;,&quot;orientation&quot;:&quot;0&quot;}\" data-image-title=\"-640-0-5f4252deb935e\" data-image-description=\"\" data-image-caption=\"\" data-medium-file=\"https:\/\/i0.wp.com\/www.shqiperia.com\/blog\/wp-content\/uploads\/2020\/08\/640-0-5f4252deb935e.jpg?fit=300%2C169&amp;ssl=1\" data-large-file=\"https:\/\/i0.wp.com\/www.shqiperia.com\/blog\/wp-content\/uploads\/2020\/08\/640-0-5f4252deb935e.jpg?fit=640%2C361&amp;ssl=1\" class=\"alignnone  wp-image-37579\" alt=\"\" src=\"https:\/\/i0.wp.com\/www.shqiperia.com\/blog\/wp-content\/uploads\/2020\/08\/640-0-5f4252deb935e.jpg?resize=614%2C346&#038;ssl=1\" width=\"614\" height=\"346\" srcset=\"https:\/\/i0.wp.com\/www.shqiperia.com\/blog\/wp-content\/uploads\/2020\/08\/640-0-5f4252deb935e.jpg?resize=300%2C169&amp;ssl=1 300w, https:\/\/i0.wp.com\/www.shqiperia.com\/blog\/wp-content\/uploads\/2020\/08\/640-0-5f4252deb935e.jpg?resize=450%2C254&amp;ssl=1 450w, https:\/\/i0.wp.com\/www.shqiperia.com\/blog\/wp-content\/uploads\/2020\/08\/640-0-5f4252deb935e.jpg?resize=600%2C338&amp;ssl=1 600w, https:\/\/i0.wp.com\/www.shqiperia.com\/blog\/wp-content\/uploads\/2020\/08\/640-0-5f4252deb935e.jpg?resize=400%2C226&amp;ssl=1 400w, https:\/\/i0.wp.com\/www.shqiperia.com\/blog\/wp-content\/uploads\/2020\/08\/640-0-5f4252deb935e.jpg?w=640&amp;ssl=1 640w\" sizes=\"auto, (max-width: 614px) 100vw, 614px\" \/><\/p>\n<p>Me t\u00eb v\u00ebrtet\u00eb?<\/p>\n<p>Ndoshta po. P\u00ebr ta v\u00ebrtetuar k\u00ebt\u00eb, mjek\u00ebt kan\u00eb mbledhur t\u00eb gjitha informacionet e mundshme mbi pacient\u00ebt asimptomatik\u00eb, duke filluar nga t\u00eb dh\u00ebnat nga Qendrat p\u00ebr Kontrollin dhe Parandalimin e S\u00ebmundjeve n\u00eb Atlanta. Ata vun\u00eb re se tashm\u00eb q\u00eb 40% e t\u00eb infektuarve nuk kan\u00eb simptoma, ndoshta p\u00ebr shkak t\u00eb maskave. Por mund t\u00eb ket\u00eb arsye t\u00eb tjera: struktura e receptor\u00ebve q\u00eb p\u00ebrdor virusi p\u00ebr t\u00eb hyr\u00eb n\u00eb qeliza, ose nj\u00eb p\u00ebrb\u00ebrje gjenetike e favorshme. Ose mbase ekspert\u00ebt gabohen me deklarat\u00ebn: &#8220;Sars-CoV-2 \u00ebsht\u00eb nj\u00eb virus plot\u00ebsisht i ri dhe sistemi yn\u00eb imunitar \u00ebsht\u00eb z\u00ebn\u00eb n\u00eb befasi, nuk kemi arm\u00eb t\u00eb mbrohemi.&#8221;<\/p>\n<p>Por kjo mund t\u00eb mos jet\u00eb e v\u00ebrtet\u00eb. Shum\u00eb prova t\u00eb koh\u00ebve t\u00eb fundit hedhin hipotez\u00ebn se nj\u00eb pjes\u00eb e konsiderueshme e popullsis\u00eb \u00ebsht\u00eb ekspozuar n\u00eb t\u00eb kaluar\u00ebn me di\u00e7ka q\u00eb ngjante me Sars-CoV-2 edhe para se t\u00eb zbulohej virusi. N\u00ebse do t\u00eb ndodhte k\u00ebshtu, do t\u00eb n\u00ebnkuptonte q\u00eb mes nesh ka njer\u00ebz q\u00eb pa u s\u00ebmur\u00eb ose vaksinuar, tashm\u00eb kan\u00eb krijuar imunitet.<\/p>\n<p>Duhet th\u00ebn\u00eb se sistemi yn\u00eb imunitar \u00ebsht\u00eb nj\u00eb aparat memorie i friksh\u00ebm, ai mund t\u00eb njoh\u00eb gjith\u00e7ka q\u00eb ka par\u00eb n\u00eb t\u00eb kaluar\u00ebn; jo vet\u00ebm kaq, por me \u00e7do takim t\u00eb ri kujtesa e tij forcohet dhe zgjerohet. Dhe e gjith\u00eb kjo fal\u00eb qelizave T t\u00eb kujtes\u00ebs q\u00eb udh\u00ebtojn\u00eb pa pushim n\u00eb qarkullimin e gjakut p\u00ebr t\u00eb na mbrojtur nga &#8220;armiqt\u00eb&#8221;. N\u00eb k\u00ebt\u00eb rast specifik ato mund t\u00eb kujtojn\u00eb se kan\u00eb par\u00eb di\u00e7ka shum\u00eb t\u00eb ngjashme me Sars n\u00eb t\u00eb kaluar\u00ebn. CoV-2. P\u00ebr shembull, koronaviruset e ftohta, t\u00eb cilat shp\u00ebrndajn\u00eb proteina t\u00eb caktuara q\u00eb nuk jan\u00eb identike, por shum\u00eb t\u00eb ngjashme me virusin Covid-19, si\u00e7 d\u00ebshmohet nga nj\u00eb studim i bukur i botuar pik\u00ebrisht te &#8220;Science&#8221;.<\/p>\n<p><img data-recalc-dims=\"1\" loading=\"lazy\" decoding=\"async\" data-attachment-id=\"37580\" data-permalink=\"https:\/\/www.shqiperia.com\/blog\/shkencetaret-flasin-per-asimptomatiket-ne-te-kaluaren-jane-perballur-me-dicka-qe-i-ngjan-covid-19\/640-0-5f4252dee14f0\/\" data-orig-file=\"https:\/\/i0.wp.com\/www.shqiperia.com\/blog\/wp-content\/uploads\/2020\/08\/640-0-5f4252dee14f0.jpg?fit=640%2C640&amp;ssl=1\" data-orig-size=\"640,640\" data-comments-opened=\"1\" data-image-meta=\"{&quot;aperture&quot;:&quot;0&quot;,&quot;credit&quot;:&quot;&quot;,&quot;camera&quot;:&quot;&quot;,&quot;caption&quot;:&quot;&quot;,&quot;created_timestamp&quot;:&quot;0&quot;,&quot;copyright&quot;:&quot;&quot;,&quot;focal_length&quot;:&quot;0&quot;,&quot;iso&quot;:&quot;0&quot;,&quot;shutter_speed&quot;:&quot;0&quot;,&quot;title&quot;:&quot;&quot;,&quot;orientation&quot;:&quot;0&quot;}\" data-image-title=\"-640-0-5f4252dee14f0\" data-image-description=\"\" data-image-caption=\"\" data-medium-file=\"https:\/\/i0.wp.com\/www.shqiperia.com\/blog\/wp-content\/uploads\/2020\/08\/640-0-5f4252dee14f0.jpg?fit=300%2C300&amp;ssl=1\" data-large-file=\"https:\/\/i0.wp.com\/www.shqiperia.com\/blog\/wp-content\/uploads\/2020\/08\/640-0-5f4252dee14f0.jpg?fit=640%2C640&amp;ssl=1\" class=\"alignnone  wp-image-37580\" alt=\"\" src=\"https:\/\/i0.wp.com\/www.shqiperia.com\/blog\/wp-content\/uploads\/2020\/08\/640-0-5f4252dee14f0.jpg?resize=444%2C444&#038;ssl=1\" width=\"444\" height=\"444\" srcset=\"https:\/\/i0.wp.com\/www.shqiperia.com\/blog\/wp-content\/uploads\/2020\/08\/640-0-5f4252dee14f0.jpg?resize=300%2C300&amp;ssl=1 300w, https:\/\/i0.wp.com\/www.shqiperia.com\/blog\/wp-content\/uploads\/2020\/08\/640-0-5f4252dee14f0.jpg?resize=150%2C150&amp;ssl=1 150w, https:\/\/i0.wp.com\/www.shqiperia.com\/blog\/wp-content\/uploads\/2020\/08\/640-0-5f4252dee14f0.jpg?resize=450%2C450&amp;ssl=1 450w, https:\/\/i0.wp.com\/www.shqiperia.com\/blog\/wp-content\/uploads\/2020\/08\/640-0-5f4252dee14f0.jpg?resize=600%2C600&amp;ssl=1 600w, https:\/\/i0.wp.com\/www.shqiperia.com\/blog\/wp-content\/uploads\/2020\/08\/640-0-5f4252dee14f0.jpg?resize=65%2C65&amp;ssl=1 65w, https:\/\/i0.wp.com\/www.shqiperia.com\/blog\/wp-content\/uploads\/2020\/08\/640-0-5f4252dee14f0.jpg?resize=50%2C50&amp;ssl=1 50w, https:\/\/i0.wp.com\/www.shqiperia.com\/blog\/wp-content\/uploads\/2020\/08\/640-0-5f4252dee14f0.jpg?resize=400%2C400&amp;ssl=1 400w, https:\/\/i0.wp.com\/www.shqiperia.com\/blog\/wp-content\/uploads\/2020\/08\/640-0-5f4252dee14f0.jpg?w=640&amp;ssl=1 640w\" sizes=\"auto, (max-width: 444px) 100vw, 444px\" \/><\/p>\n<p>Por nuk mund t\u00eb p\u00ebrjashtohet fakti q\u00eb jan\u00eb proteinat q\u00eb lidhen me vaksinimet n\u00eb f\u00ebmij\u00ebri q\u00eb shkaktojn\u00eb formimin e qelizave T, t\u00eb cilat m\u00eb pas e perceptojn\u00eb Sars-CoV-2 si di\u00e7ka t\u00eb njohur.<\/p>\n<p>Francis Collins, drejtori i Institutit Komb\u00ebtar t\u00eb Sh\u00ebndet\u00ebsis\u00eb, \u00ebsht\u00eb i bindur p\u00ebr k\u00ebt\u00eb, aq shum\u00eb sa ai ka publikuar nj\u00eb postim dit\u00ebt e fundit p\u00ebr t\u00eb mb\u00ebshtetur rolin e limfociteve T t\u00eb kujtes\u00ebs p\u00ebr t\u00eb mbrojtur shum\u00eb persona q\u00eb jan\u00eb infektuar nga virusi, nga t\u00eb s\u00ebmurit r\u00ebnd\u00eb.<\/p>\n<p>N\u00eb fund t\u00eb fundit, si do ta shpjegonit faktin se n\u00eb Suedi, e cila nuk u izolua, numri i njer\u00ebzve t\u00eb s\u00ebmur\u00eb po zvog\u00eblohet? Ajo domosdoshm\u00ebrish duhet t\u00eb lidhet me nj\u00eb imunitet paraekzistues. Dhe kjo po ndodh edhe n\u00eb vende t\u00eb tjera t\u00eb bot\u00ebs, madje edhe n\u00eb ato q\u00eb jan\u00eb shum\u00eb t\u00eb varfra, ku karantina nuk mund t\u00eb zbatohej. Testet serologjike q\u00eb matin antitrupat kund\u00ebr Sars-CoV-2 na tregojn\u00eb se ata q\u00eb e kan\u00eb hasur virusin jan\u00eb shum\u00eb m\u00eb tep\u00ebr nga sa kemi menduar. Por ndoshta jan\u00eb m\u00eb shum\u00eb ata q\u00eb kan\u00eb qen\u00eb imunitare fal\u00eb qelizave t\u00eb kujtes\u00ebs.<\/p>\n<p>Shkurt, hapet nj\u00eb sfer\u00eb plot\u00ebsisht e pashpjeguar, por mbase m\u00eb e r\u00ebnd\u00ebsishme se ajo n\u00eb t\u00eb cil\u00ebn jemi p\u00ebrqendruar deri m\u00eb tani.<\/p>\n<p><img data-recalc-dims=\"1\" loading=\"lazy\" decoding=\"async\" data-attachment-id=\"37581\" data-permalink=\"https:\/\/www.shqiperia.com\/blog\/shkencetaret-flasin-per-asimptomatiket-ne-te-kaluaren-jane-perballur-me-dicka-qe-i-ngjan-covid-19\/640-0-5f4252df37111\/\" data-orig-file=\"https:\/\/i0.wp.com\/www.shqiperia.com\/blog\/wp-content\/uploads\/2020\/08\/640-0-5f4252df37111.jpg?fit=640%2C415&amp;ssl=1\" data-orig-size=\"640,415\" data-comments-opened=\"1\" data-image-meta=\"{&quot;aperture&quot;:&quot;0&quot;,&quot;credit&quot;:&quot;&quot;,&quot;camera&quot;:&quot;&quot;,&quot;caption&quot;:&quot;&quot;,&quot;created_timestamp&quot;:&quot;0&quot;,&quot;copyright&quot;:&quot;&quot;,&quot;focal_length&quot;:&quot;0&quot;,&quot;iso&quot;:&quot;0&quot;,&quot;shutter_speed&quot;:&quot;0&quot;,&quot;title&quot;:&quot;&quot;,&quot;orientation&quot;:&quot;0&quot;}\" data-image-title=\"-640-0-5f4252df37111\" data-image-description=\"\" data-image-caption=\"\" data-medium-file=\"https:\/\/i0.wp.com\/www.shqiperia.com\/blog\/wp-content\/uploads\/2020\/08\/640-0-5f4252df37111.jpg?fit=300%2C195&amp;ssl=1\" data-large-file=\"https:\/\/i0.wp.com\/www.shqiperia.com\/blog\/wp-content\/uploads\/2020\/08\/640-0-5f4252df37111.jpg?fit=640%2C415&amp;ssl=1\" class=\"alignnone  wp-image-37581\" alt=\"\" src=\"https:\/\/i0.wp.com\/www.shqiperia.com\/blog\/wp-content\/uploads\/2020\/08\/640-0-5f4252df37111.jpg?resize=586%2C381&#038;ssl=1\" width=\"586\" height=\"381\" srcset=\"https:\/\/i0.wp.com\/www.shqiperia.com\/blog\/wp-content\/uploads\/2020\/08\/640-0-5f4252df37111.jpg?resize=300%2C195&amp;ssl=1 300w, https:\/\/i0.wp.com\/www.shqiperia.com\/blog\/wp-content\/uploads\/2020\/08\/640-0-5f4252df37111.jpg?resize=450%2C292&amp;ssl=1 450w, https:\/\/i0.wp.com\/www.shqiperia.com\/blog\/wp-content\/uploads\/2020\/08\/640-0-5f4252df37111.jpg?resize=600%2C389&amp;ssl=1 600w, https:\/\/i0.wp.com\/www.shqiperia.com\/blog\/wp-content\/uploads\/2020\/08\/640-0-5f4252df37111.jpg?resize=400%2C259&amp;ssl=1 400w, https:\/\/i0.wp.com\/www.shqiperia.com\/blog\/wp-content\/uploads\/2020\/08\/640-0-5f4252df37111.jpg?w=640&amp;ssl=1 640w\" sizes=\"auto, (max-width: 586px) 100vw, 586px\" \/><\/p>\n<p><em>&#8220;Ne presim konfirmim,<\/em>&#8221; thot\u00eb imunologu amerikan Anthony Fauci,\u00a0<em>&#8220;por \u00ebsht\u00eb e mundur q\u00eb ky \u00ebsht\u00eb rasti dhe do t\u00eb ishte v\u00ebrtet nj\u00eb lajm i mir\u00eb&#8221;<\/em>. Fauci mendon m\u00eb shum\u00eb p\u00ebr rolin e ngarkes\u00ebs virale n\u00eb shpjegimin pse dikush s\u00ebmuret r\u00ebnd\u00eb, nd\u00ebrsa t\u00eb tjer\u00ebt, pavar\u00ebsisht se frekuentojn\u00eb t\u00eb nj\u00ebjtat ambiente, s\u00ebmuren pak, ose aspak.<\/p>\n<p>Gjithashtu duhet marr\u00eb n\u00eb konsiderat\u00eb q\u00eb antitrupat largohen shpejt, nd\u00ebrsa imuniteti qelizor reziston m\u00eb gjat\u00eb edhe pse \u00ebsht\u00eb m\u00eb i v\u00ebshtir\u00eb p\u00ebr t\u2019u studiuar. Studiuesit nga San Diego, Kaliforni e b\u00ebn\u00eb k\u00ebt\u00eb te mostrat e vjetra t\u00eb gjakut nga donator\u00ebt dhe zbuluan se 40-60% e k\u00ebtyre mostrave kishin qeliza T t\u00eb afta p\u00ebr t\u00eb njohur Sars-CoV-2. Virusi nuk kishte dal\u00eb ende, prandaj duhet domosdoshm\u00ebrish t\u00eb mendojm\u00eb p\u00ebr nj\u00eb lloj imuniteti paraekzistues. Konfirmimi vjen nga studime t\u00eb ngjashme t\u00eb b\u00ebra n\u00eb Holand\u00eb, Gjermani dhe Singapor me rezultate absolutisht t\u00eb nj\u00ebjta.<\/p>\n<p>Ekziston nj\u00eb aspekt tjet\u00ebr i Covid-19 q\u00eb meriton v\u00ebmendje t\u00eb madhe: ai te f\u00ebmij\u00ebt. Ata kan\u00eb m\u00eb shum\u00eb viruse n\u00eb hund\u00eb dhe fyt n\u00eb krahasim me t\u00eb rriturit, por rrall\u00eb s\u00ebmuren dhe nuk dihet ende n\u00ebse mund t\u00eb infektojn\u00eb.<\/p>\n<p><img data-recalc-dims=\"1\" loading=\"lazy\" decoding=\"async\" data-attachment-id=\"37582\" data-permalink=\"https:\/\/www.shqiperia.com\/blog\/shkencetaret-flasin-per-asimptomatiket-ne-te-kaluaren-jane-perballur-me-dicka-qe-i-ngjan-covid-19\/640-0-5f425336bb7b8\/\" data-orig-file=\"https:\/\/i0.wp.com\/www.shqiperia.com\/blog\/wp-content\/uploads\/2020\/08\/640-0-5f425336bb7b8.jpg?fit=640%2C360&amp;ssl=1\" data-orig-size=\"640,360\" data-comments-opened=\"1\" data-image-meta=\"{&quot;aperture&quot;:&quot;0&quot;,&quot;credit&quot;:&quot;&quot;,&quot;camera&quot;:&quot;&quot;,&quot;caption&quot;:&quot;&quot;,&quot;created_timestamp&quot;:&quot;0&quot;,&quot;copyright&quot;:&quot;&quot;,&quot;focal_length&quot;:&quot;0&quot;,&quot;iso&quot;:&quot;0&quot;,&quot;shutter_speed&quot;:&quot;0&quot;,&quot;title&quot;:&quot;&quot;,&quot;orientation&quot;:&quot;0&quot;}\" data-image-title=\"-640-0-5f425336bb7b8\" data-image-description=\"\" data-image-caption=\"\" data-medium-file=\"https:\/\/i0.wp.com\/www.shqiperia.com\/blog\/wp-content\/uploads\/2020\/08\/640-0-5f425336bb7b8.jpg?fit=300%2C169&amp;ssl=1\" data-large-file=\"https:\/\/i0.wp.com\/www.shqiperia.com\/blog\/wp-content\/uploads\/2020\/08\/640-0-5f425336bb7b8.jpg?fit=640%2C360&amp;ssl=1\" class=\"alignnone  wp-image-37582\" alt=\"\" src=\"https:\/\/i0.wp.com\/www.shqiperia.com\/blog\/wp-content\/uploads\/2020\/08\/640-0-5f425336bb7b8.jpg?resize=637%2C359&#038;ssl=1\" width=\"637\" height=\"359\" srcset=\"https:\/\/i0.wp.com\/www.shqiperia.com\/blog\/wp-content\/uploads\/2020\/08\/640-0-5f425336bb7b8.jpg?resize=300%2C169&amp;ssl=1 300w, https:\/\/i0.wp.com\/www.shqiperia.com\/blog\/wp-content\/uploads\/2020\/08\/640-0-5f425336bb7b8.jpg?resize=450%2C253&amp;ssl=1 450w, https:\/\/i0.wp.com\/www.shqiperia.com\/blog\/wp-content\/uploads\/2020\/08\/640-0-5f425336bb7b8.jpg?resize=600%2C338&amp;ssl=1 600w, https:\/\/i0.wp.com\/www.shqiperia.com\/blog\/wp-content\/uploads\/2020\/08\/640-0-5f425336bb7b8.jpg?resize=400%2C225&amp;ssl=1 400w, https:\/\/i0.wp.com\/www.shqiperia.com\/blog\/wp-content\/uploads\/2020\/08\/640-0-5f425336bb7b8.jpg?w=640&amp;ssl=1 640w\" sizes=\"auto, (max-width: 637px) 100vw, 637px\" \/><\/p>\n<p><strong>Si mund t\u00eb shpjegohet kjo?<\/strong><\/p>\n<p>Edhe ata mund t\u00eb ken\u00eb qeliza kujtese nga vaksinimet e fundit. P\u00ebr k\u00ebt\u00eb arsye, Andrew Badley dhe koleg\u00ebt e tij n\u00eb Klinik\u00ebn Mayo po e ndjekin k\u00ebt\u00eb \u00e7\u00ebshtje n\u00eb m\u00ebnyr\u00eb sistematike p\u00ebr t\u00eb zbuluar se, n\u00ebse jeni vaksinuar 5 vjet\u00ebt e fundit, keni edhe nj\u00eb form\u00eb imuniteti ndaj Sars-CoV-2 dhe kjo vlen p\u00ebr t\u00eb pakt\u00ebn shtat\u00eb vaksina, por ve\u00e7an\u00ebrisht p\u00ebr ato kund\u00ebr pneumokokut (q\u00eb zvog\u00eblon rrezikun e marrjes s\u00eb Covid-19 me 28 p\u00ebr qind) dhe kund\u00ebr poliomielitit (q\u00eb e zvog\u00eblon me 43 p\u00ebr qind).<\/p>\n<p><img data-recalc-dims=\"1\" loading=\"lazy\" decoding=\"async\" data-attachment-id=\"37583\" data-permalink=\"https:\/\/www.shqiperia.com\/blog\/shkencetaret-flasin-per-asimptomatiket-ne-te-kaluaren-jane-perballur-me-dicka-qe-i-ngjan-covid-19\/640-0-5f425303ea83b\/\" data-orig-file=\"https:\/\/i0.wp.com\/www.shqiperia.com\/blog\/wp-content\/uploads\/2020\/08\/640-0-5f425303ea83b.jpg?fit=640%2C360&amp;ssl=1\" data-orig-size=\"640,360\" data-comments-opened=\"1\" data-image-meta=\"{&quot;aperture&quot;:&quot;0&quot;,&quot;credit&quot;:&quot;&quot;,&quot;camera&quot;:&quot;&quot;,&quot;caption&quot;:&quot;&quot;,&quot;created_timestamp&quot;:&quot;0&quot;,&quot;copyright&quot;:&quot;&quot;,&quot;focal_length&quot;:&quot;0&quot;,&quot;iso&quot;:&quot;0&quot;,&quot;shutter_speed&quot;:&quot;0&quot;,&quot;title&quot;:&quot;&quot;,&quot;orientation&quot;:&quot;0&quot;}\" data-image-title=\"-640-0-5f425303ea83b\" data-image-description=\"\" data-image-caption=\"\" data-medium-file=\"https:\/\/i0.wp.com\/www.shqiperia.com\/blog\/wp-content\/uploads\/2020\/08\/640-0-5f425303ea83b.jpg?fit=300%2C169&amp;ssl=1\" data-large-file=\"https:\/\/i0.wp.com\/www.shqiperia.com\/blog\/wp-content\/uploads\/2020\/08\/640-0-5f425303ea83b.jpg?fit=640%2C360&amp;ssl=1\" class=\"alignnone  wp-image-37583\" alt=\"\" src=\"https:\/\/i0.wp.com\/www.shqiperia.com\/blog\/wp-content\/uploads\/2020\/08\/640-0-5f425303ea83b.jpg?resize=591%2C333&#038;ssl=1\" width=\"591\" height=\"333\" srcset=\"https:\/\/i0.wp.com\/www.shqiperia.com\/blog\/wp-content\/uploads\/2020\/08\/640-0-5f425303ea83b.jpg?resize=300%2C169&amp;ssl=1 300w, https:\/\/i0.wp.com\/www.shqiperia.com\/blog\/wp-content\/uploads\/2020\/08\/640-0-5f425303ea83b.jpg?resize=450%2C253&amp;ssl=1 450w, https:\/\/i0.wp.com\/www.shqiperia.com\/blog\/wp-content\/uploads\/2020\/08\/640-0-5f425303ea83b.jpg?resize=600%2C338&amp;ssl=1 600w, https:\/\/i0.wp.com\/www.shqiperia.com\/blog\/wp-content\/uploads\/2020\/08\/640-0-5f425303ea83b.jpg?resize=400%2C225&amp;ssl=1 400w, https:\/\/i0.wp.com\/www.shqiperia.com\/blog\/wp-content\/uploads\/2020\/08\/640-0-5f425303ea83b.jpg?w=640&amp;ssl=1 640w\" sizes=\"auto, (max-width: 591px) 100vw, 591px\" \/><\/p>\n<p>Shkurt, paradigma ndryshon. Tani e tutje, n\u00eb vend q\u00eb t&#8217;i shikojm\u00eb asimptomatik\u00ebt si njer\u00ebz q\u00eb p\u00ebrhapin s\u00ebmundjen, t&#8217;i shohim me mir\u00ebnjohje. Kushedi, nj\u00eb dit\u00eb ata mund t\u00eb na shp\u00ebtojn\u00eb nga Covid-19 p\u00ebrmes imunitetit t\u00eb tuf\u00ebs t\u00eb b\u00ebr\u00eb nga ata q\u00eb kan\u00eb antitrupa, por ndoshta edhe m\u00eb shum\u00eb nga ata q\u00eb kan\u00eb qeliza t\u00eb ve\u00e7anta t\u00eb kujtes\u00ebs.\/ P\u00ebrshtati: Kadrije \u00c7ako\/<\/p>\n<p>dritare.net<\/p>\n","protected":false},"excerpt":{"rendered":"<p>Shkenc\u00ebtar\u00ebt flasin p\u00ebr asimptomatik\u00ebt: N\u00eb t\u00eb kaluar\u00ebn jan\u00eb p\u00ebrballur me di\u00e7ka q\u00eb i ngjan Covid-19! 23 GUSHT 2020 Nga Corriere della Sera \u00cbsht\u00eb folur shum\u00eb p\u00ebr Covid-19 dhe njer\u00ebzit vazhdojn\u00eb t\u00eb flasin p\u00ebr asimptomatik\u00ebt, madje edhe t\u00eb shqet\u00ebsuar, sepse duket sikur ata po e p\u00ebrhapin s\u00ebmundjen, pa e ditur. Po sikur ata t\u00eb jen\u00eb duke [&hellip;]<\/p>\n","protected":false},"author":9,"featured_media":37578,"comment_status":"open","ping_status":"open","sticky":false,"template":"","format":"standard","meta":{"jetpack_post_was_ever_published":false,"_jetpack_newsletter_access":"","_jetpack_dont_email_post_to_subs":false,"_jetpack_newsletter_tier_id":0,"_jetpack_memberships_contains_paywalled_content":false,"_jetpack_memberships_contains_paid_content":false,"footnotes":"","jetpack_publicize_message":"","jetpack_publicize_feature_enabled":true,"jetpack_social_post_already_shared":true,"jetpack_social_options":{"image_generator_settings":{"template":"highway","default_image_id":0,"font":"","enabled":false},"version":2}},"categories":[27,14,35],"tags":[],"class_list":["post-37577","post","type-post","status-publish","format-standard","has-post-thumbnail","hentry","category-blogu-i-udhetarit","category-press-releases","category-shoqerore"],"jetpack_publicize_connections":[],"jetpack_featured_media_url":"https:\/\/i0.wp.com\/www.shqiperia.com\/blog\/wp-content\/uploads\/2020\/08\/640-0-5f42517b81f5d.jpg?fit=640%2C350&ssl=1","jetpack_sharing_enabled":true,"jetpack_shortlink":"https:\/\/wp.me\/p5Z6wp-9M5","jetpack-related-posts":[{"id":45581,"url":"https:\/\/www.shqiperia.com\/blog\/shkencetaret-paralajmerojne-nje-pandemi-te-re-zeri-i-amerikes-ja-pergatitjet-qe-po-behen\/","url_meta":{"origin":37577,"position":0},"title":"Shkenc\u00ebtar\u00ebt paralajm\u00ebrojn\u00eb nj\u00eb pandemi t\u00eb re, Z\u00ebri i Amerik\u00ebs: Ja p\u00ebrgatitjet q\u00eb po b\u00ebhen","author":"Kurt Farka","date":"March 22, 2021","format":false,"excerpt":"Shkenc\u00ebtar\u00ebt paralajm\u00ebrojn\u00eb nj\u00eb pandemi t\u00eb re, Z\u00ebri i Amerik\u00ebs: Ja p\u00ebrgatitjet q\u00eb po b\u00ebhen 21 MARS 2021 Shkenc\u00ebtar\u00ebt thon\u00eb se nuk ka dyshime q\u00eb bota do t\u00eb goditet nga nj\u00eb pandemi e re dhe se kjo \u00ebsht\u00eb thjesht\u00eb \u00e7\u00ebshtje kohe. Ndaj ata u b\u00ebjn\u00eb thirrje vendeve n\u00eb t\u00eb gjith\u00eb bot\u00ebn\u2026","rel":"","context":"In &quot;Blogu i Udh\u00ebtarit&quot;","block_context":{"text":"Blogu i Udh\u00ebtarit","link":"https:\/\/www.shqiperia.com\/blog\/category\/blogu-i-udhetarit\/"},"img":{"alt_text":"","src":"https:\/\/i0.wp.com\/www.shqiperia.com\/blog\/wp-content\/uploads\/2021\/03\/800-0-06d8ff61050a77c04a3b1994739d086a.jpg?fit=800%2C450&ssl=1&resize=350%2C200","width":350,"height":200,"srcset":"https:\/\/i0.wp.com\/www.shqiperia.com\/blog\/wp-content\/uploads\/2021\/03\/800-0-06d8ff61050a77c04a3b1994739d086a.jpg?fit=800%2C450&ssl=1&resize=350%2C200 1x, https:\/\/i0.wp.com\/www.shqiperia.com\/blog\/wp-content\/uploads\/2021\/03\/800-0-06d8ff61050a77c04a3b1994739d086a.jpg?fit=800%2C450&ssl=1&resize=525%2C300 1.5x, https:\/\/i0.wp.com\/www.shqiperia.com\/blog\/wp-content\/uploads\/2021\/03\/800-0-06d8ff61050a77c04a3b1994739d086a.jpg?fit=800%2C450&ssl=1&resize=700%2C400 2x"},"classes":[]},{"id":27764,"url":"https:\/\/www.shqiperia.com\/blog\/shkencetaret-jane-te-shqetesuar-dicka-po-ndodh-me-universin\/","url_meta":{"origin":37577,"position":1},"title":"Shkenc\u00ebtar\u00ebt jan\u00eb t\u00eb shqet\u00ebsuar: Di\u00e7ka po ndodh me universin. &#8211;","author":"Kurt Farka","date":"November 4, 2019","format":false,"excerpt":"Shkenc\u00ebtar\u00ebt jan\u00eb t\u00eb shqet\u00ebsuar: Di\u00e7ka po ndodh me universin Universi nuk \u00ebsht\u00eb si duhet. Papritmas ai nuk duket normal. Ky mesazh i \u00e7uditsh\u00ebm, vjen nga astronom\u00ebt dhe fizikant\u00ebt, t\u00eb cil\u00ebt mendojn\u00eb se duhet rishikuar historia kozmike. Universi \u00ebsht\u00eb i paimagjinuesh\u00ebm dhe vazhdon t\u00eb b\u00ebhet gjithnj\u00eb e m\u00eb i madh. Por,\u2026","rel":"","context":"In &quot;Blogu i Udh\u00ebtarit&quot;","block_context":{"text":"Blogu i Udh\u00ebtarit","link":"https:\/\/www.shqiperia.com\/blog\/category\/blogu-i-udhetarit\/"},"img":{"alt_text":"","src":"https:\/\/i0.wp.com\/www.shqiperia.com\/blog\/wp-content\/uploads\/2019\/11\/Di%C3%A7ka-po-ndodh-me-universin.jpg?fit=905%2C450&ssl=1&resize=350%2C200","width":350,"height":200,"srcset":"https:\/\/i0.wp.com\/www.shqiperia.com\/blog\/wp-content\/uploads\/2019\/11\/Di%C3%A7ka-po-ndodh-me-universin.jpg?fit=905%2C450&ssl=1&resize=350%2C200 1x, https:\/\/i0.wp.com\/www.shqiperia.com\/blog\/wp-content\/uploads\/2019\/11\/Di%C3%A7ka-po-ndodh-me-universin.jpg?fit=905%2C450&ssl=1&resize=525%2C300 1.5x, https:\/\/i0.wp.com\/www.shqiperia.com\/blog\/wp-content\/uploads\/2019\/11\/Di%C3%A7ka-po-ndodh-me-universin.jpg?fit=905%2C450&ssl=1&resize=700%2C400 2x"},"classes":[]},{"id":40052,"url":"https:\/\/www.shqiperia.com\/blog\/gjenet-e-trasheguara-nga-neandertalet-para-60000-vjeteve-po-shtojne-numrin-e-vdekjeve-nga-covid-19\/","url_meta":{"origin":37577,"position":2},"title":"Gjenet e trash\u00ebguara nga Neandertal\u00ebt para 60,000 vjet\u00ebve, po shtojn\u00eb numrin e vdekjeve nga Covid-19","author":"Kurt Farka","date":"October 23, 2020","format":false,"excerpt":"Gjenet e trash\u00ebguara nga Neandertal\u00ebt para 60,000 vjet\u00ebve, po shtojn\u00eb numrin e vdekjeve nga Covid-19 Njer\u00ebzit mund t\u00eb ken\u00eb nj\u00eb rrezik m\u00eb t\u00eb madh vdekje nga koronavirusi n\u00ebse kan\u00eb nj\u00eb grup t\u00eb caktuar gjenesh t\u00eb trash\u00ebguara nga Neandertal\u00ebt, pretendojn\u00eb shkenc\u00ebtar\u00ebt. Neanderthals (homo neanderthalensis ose homo sapiens neanderthalensis ) \u00ebsht\u00eb nj\u00eb\u2026","rel":"","context":"In &quot;Blogu i Udh\u00ebtarit&quot;","block_context":{"text":"Blogu i Udh\u00ebtarit","link":"https:\/\/www.shqiperia.com\/blog\/category\/blogu-i-udhetarit\/"},"img":{"alt_text":"","src":"https:\/\/i0.wp.com\/www.shqiperia.com\/blog\/wp-content\/uploads\/2020\/10\/1-271.jpg?fit=600%2C360&ssl=1&resize=350%2C200","width":350,"height":200,"srcset":"https:\/\/i0.wp.com\/www.shqiperia.com\/blog\/wp-content\/uploads\/2020\/10\/1-271.jpg?fit=600%2C360&ssl=1&resize=350%2C200 1x, https:\/\/i0.wp.com\/www.shqiperia.com\/blog\/wp-content\/uploads\/2020\/10\/1-271.jpg?fit=600%2C360&ssl=1&resize=525%2C300 1.5x"},"classes":[]},{"id":79390,"url":"https:\/\/www.shqiperia.com\/blog\/misteri-me-mumiet-qe-kane-tre-gishta-fotot-publikohen-nga-dy-regjisore\/","url_meta":{"origin":37577,"position":3},"title":"Misteri me \u201cmumiet\u201d q\u00eb kan\u00eb tre gishta, fotot publikohen nga dy regjisor\u00eb","author":"Kurt Farka","date":"March 19, 2024","format":false,"excerpt":"19 Mars 2024 Fotot e \u2018mumjeve\u2019 t\u00eb \u00e7uditshme q\u00eb kan\u00eb tre gishta jan\u00eb publikuar nga shkenc\u00ebtar\u00ebt q\u00eb po hetojn\u00eb n\u00ebse jan\u00eb false apo aliene. Regjisor\u00ebt Serena DC dhe Michael Mazzola thon\u00eb se do t\u00eb tregojn\u00eb se figurat p\u00ebrmbajn\u00eb nj\u00eb form\u00eb t\u00eb re t\u00eb ADN-s\u00eb dhe nuk jan\u00eb vet\u00ebm kukulla t\u00eb\u2026","rel":"","context":"In &quot;Blogu i Udh\u00ebtarit&quot;","block_context":{"text":"Blogu i Udh\u00ebtarit","link":"https:\/\/www.shqiperia.com\/blog\/category\/blogu-i-udhetarit\/"},"img":{"alt_text":"","src":"https:\/\/i0.wp.com\/www.shqiperia.com\/blog\/wp-content\/uploads\/2024\/03\/Moumia-1.jpg?fit=1131%2C656&ssl=1&resize=350%2C200","width":350,"height":200,"srcset":"https:\/\/i0.wp.com\/www.shqiperia.com\/blog\/wp-content\/uploads\/2024\/03\/Moumia-1.jpg?fit=1131%2C656&ssl=1&resize=350%2C200 1x, https:\/\/i0.wp.com\/www.shqiperia.com\/blog\/wp-content\/uploads\/2024\/03\/Moumia-1.jpg?fit=1131%2C656&ssl=1&resize=525%2C300 1.5x, https:\/\/i0.wp.com\/www.shqiperia.com\/blog\/wp-content\/uploads\/2024\/03\/Moumia-1.jpg?fit=1131%2C656&ssl=1&resize=700%2C400 2x, https:\/\/i0.wp.com\/www.shqiperia.com\/blog\/wp-content\/uploads\/2024\/03\/Moumia-1.jpg?fit=1131%2C656&ssl=1&resize=1050%2C600 3x"},"classes":[]},{"id":72021,"url":"https:\/\/www.shqiperia.com\/blog\/shkencetaret-ne-alarm-nje-person-misterioz-ne-ohio-po-shperndan-gjithandej-variantin-e-ri-te-covid\/","url_meta":{"origin":37577,"position":4},"title":"Shkenc\u00ebtar\u00ebt n\u00eb alarm, nj\u00eb person misterioz n\u00eb Ohio po shp\u00ebrndan gjithandej variantin e ri t\u00eb COVID!!","author":"Kurt Farka","date":"June 9, 2023","format":false,"excerpt":"9 Qershor 2023 Nj\u00eb studiues thot\u00eb se nj\u00eb person n\u00eb Ohio po derdh sasi masive t\u00eb nj\u00eb lloji t\u00eb ri t\u00eb COVID. N\u00eb fillim t\u00eb k\u00ebtij viti, Marc Johnson, nj\u00eb profesor i mikrobiologjis\u00eb molekulare dhe imunologjis\u00eb n\u00eb Shkoll\u00ebn e Mjek\u00ebsis\u00eb t\u00eb Universitetit t\u00eb Misurit, shkroi n\u00eb Twitter me nj\u00eb apel:\u2026","rel":"","context":"In &quot;Blogu i Udh\u00ebtarit&quot;","block_context":{"text":"Blogu i Udh\u00ebtarit","link":"https:\/\/www.shqiperia.com\/blog\/category\/blogu-i-udhetarit\/"},"img":{"alt_text":"","src":"https:\/\/i0.wp.com\/www.shqiperia.com\/blog\/wp-content\/uploads\/2023\/06\/Virus_Buehne_Text_460x337.jpg?fit=460%2C336&ssl=1&resize=350%2C200","width":350,"height":200},"classes":[]},{"id":73548,"url":"https:\/\/www.shqiperia.com\/blog\/gjendet-kafka-e-lashte-ndryshe-nga-cdo-fosil-tjeter-i-njeriut\/","url_meta":{"origin":37577,"position":5},"title":"Gjendet kafka e lasht\u00eb ndryshe nga \u00e7do fosil tjet\u00ebr i njeriut","author":"Kurt Farka","date":"August 15, 2023","format":false,"excerpt":"15 Gusht 2023 Nj\u00eb kafk\u00eb e lasht\u00eb 300,000-vje\u00e7are, ndryshe nga \u00e7do fosil tjet\u00ebr i njeriut, \u00ebsht\u00eb gjetur n\u00eb Kin\u00eb dhe mund t\u00eb hap\u00eb rrug\u00ebn drejt nj\u00eb k\u00ebrkimi t\u00eb panjohur deri m\u00eb tani n\u00eb historin\u00eb njer\u00ebzore. Nj\u00eb ekip studiuesish nga Kina, Spanja dhe Britania e Madhe b\u00ebn\u00eb g\u00ebrmimet dhe gjet\u00ebn eshtrat,\u2026","rel":"","context":"In &quot;Blogu i Udh\u00ebtarit&quot;","block_context":{"text":"Blogu i Udh\u00ebtarit","link":"https:\/\/www.shqiperia.com\/blog\/category\/blogu-i-udhetarit\/"},"img":{"alt_text":"","src":"https:\/\/i0.wp.com\/www.shqiperia.com\/blog\/wp-content\/uploads\/2023\/08\/640-0-64db73044d841.png?fit=640%2C339&ssl=1&resize=350%2C200","width":350,"height":200,"srcset":"https:\/\/i0.wp.com\/www.shqiperia.com\/blog\/wp-content\/uploads\/2023\/08\/640-0-64db73044d841.png?fit=640%2C339&ssl=1&resize=350%2C200 1x, https:\/\/i0.wp.com\/www.shqiperia.com\/blog\/wp-content\/uploads\/2023\/08\/640-0-64db73044d841.png?fit=640%2C339&ssl=1&resize=525%2C300 1.5x"},"classes":[]}],"_links":{"self":[{"href":"https:\/\/www.shqiperia.com\/blog\/wp-json\/wp\/v2\/posts\/37577","targetHints":{"allow":["GET"]}}],"collection":[{"href":"https:\/\/www.shqiperia.com\/blog\/wp-json\/wp\/v2\/posts"}],"about":[{"href":"https:\/\/www.shqiperia.com\/blog\/wp-json\/wp\/v2\/types\/post"}],"author":[{"embeddable":true,"href":"https:\/\/www.shqiperia.com\/blog\/wp-json\/wp\/v2\/users\/9"}],"replies":[{"embeddable":true,"href":"https:\/\/www.shqiperia.com\/blog\/wp-json\/wp\/v2\/comments?post=37577"}],"version-history":[{"count":1,"href":"https:\/\/www.shqiperia.com\/blog\/wp-json\/wp\/v2\/posts\/37577\/revisions"}],"predecessor-version":[{"id":37584,"href":"https:\/\/www.shqiperia.com\/blog\/wp-json\/wp\/v2\/posts\/37577\/revisions\/37584"}],"wp:featuredmedia":[{"embeddable":true,"href":"https:\/\/www.shqiperia.com\/blog\/wp-json\/wp\/v2\/media\/37578"}],"wp:attachment":[{"href":"https:\/\/www.shqiperia.com\/blog\/wp-json\/wp\/v2\/media?parent=37577"}],"wp:term":[{"taxonomy":"category","embeddable":true,"href":"https:\/\/www.shqiperia.com\/blog\/wp-json\/wp\/v2\/categories?post=37577"},{"taxonomy":"post_tag","embeddable":true,"href":"https:\/\/www.shqiperia.com\/blog\/wp-json\/wp\/v2\/tags?post=37577"}],"curies":[{"name":"wp","href":"https:\/\/api.w.org\/{rel}","templated":true}]}}