{"id":37574,"date":"2020-08-23T09:51:25","date_gmt":"2020-08-23T09:51:25","guid":{"rendered":"https:\/\/www.shqiperia.com\/blog\/?p=37574"},"modified":"2020-08-23T09:51:25","modified_gmt":"2020-08-23T09:51:25","slug":"rudina-hajdari-zbulon-projektin-ne-shtator-gati-partia-e-re-me-ajken-e","status":"publish","type":"post","link":"https:\/\/www.shqiperia.com\/blog\/rudina-hajdari-zbulon-projektin-ne-shtator-gati-partia-e-re-me-ajken-e\/","title":{"rendered":"Rudina Hajdari zbulon projektin: N\u00eb shtator gati partia e re me ajk\u00ebn e"},"content":{"rendered":"<p><img data-recalc-dims=\"1\" loading=\"lazy\" decoding=\"async\" data-attachment-id=\"37575\" data-permalink=\"https:\/\/www.shqiperia.com\/blog\/rudina-hajdari-zbulon-projektin-ne-shtator-gati-partia-e-re-me-ajken-e\/640-0-5f4228a99d347\/\" data-orig-file=\"https:\/\/i0.wp.com\/www.shqiperia.com\/blog\/wp-content\/uploads\/2020\/08\/640-0-5f4228a99d347.jpg?fit=640%2C391&amp;ssl=1\" data-orig-size=\"640,391\" data-comments-opened=\"1\" data-image-meta=\"{&quot;aperture&quot;:&quot;0&quot;,&quot;credit&quot;:&quot;&quot;,&quot;camera&quot;:&quot;&quot;,&quot;caption&quot;:&quot;&quot;,&quot;created_timestamp&quot;:&quot;0&quot;,&quot;copyright&quot;:&quot;&quot;,&quot;focal_length&quot;:&quot;0&quot;,&quot;iso&quot;:&quot;0&quot;,&quot;shutter_speed&quot;:&quot;0&quot;,&quot;title&quot;:&quot;&quot;,&quot;orientation&quot;:&quot;0&quot;}\" data-image-title=\"-640-0-5f4228a99d347\" data-image-description=\"\" data-image-caption=\"\" data-medium-file=\"https:\/\/i0.wp.com\/www.shqiperia.com\/blog\/wp-content\/uploads\/2020\/08\/640-0-5f4228a99d347.jpg?fit=300%2C183&amp;ssl=1\" data-large-file=\"https:\/\/i0.wp.com\/www.shqiperia.com\/blog\/wp-content\/uploads\/2020\/08\/640-0-5f4228a99d347.jpg?fit=640%2C391&amp;ssl=1\" class=\"alignnone  wp-image-37575\" alt=\"\" src=\"https:\/\/i0.wp.com\/www.shqiperia.com\/blog\/wp-content\/uploads\/2020\/08\/640-0-5f4228a99d347.jpg?resize=544%2C332&#038;ssl=1\" width=\"544\" height=\"332\" srcset=\"https:\/\/i0.wp.com\/www.shqiperia.com\/blog\/wp-content\/uploads\/2020\/08\/640-0-5f4228a99d347.jpg?resize=300%2C183&amp;ssl=1 300w, https:\/\/i0.wp.com\/www.shqiperia.com\/blog\/wp-content\/uploads\/2020\/08\/640-0-5f4228a99d347.jpg?resize=450%2C275&amp;ssl=1 450w, https:\/\/i0.wp.com\/www.shqiperia.com\/blog\/wp-content\/uploads\/2020\/08\/640-0-5f4228a99d347.jpg?resize=600%2C367&amp;ssl=1 600w, https:\/\/i0.wp.com\/www.shqiperia.com\/blog\/wp-content\/uploads\/2020\/08\/640-0-5f4228a99d347.jpg?resize=400%2C244&amp;ssl=1 400w, https:\/\/i0.wp.com\/www.shqiperia.com\/blog\/wp-content\/uploads\/2020\/08\/640-0-5f4228a99d347.jpg?w=640&amp;ssl=1 640w\" sizes=\"auto, (max-width: 544px) 100vw, 544px\" \/><\/p>\n<p><strong>Rudina Hajdari zbulon projektin: N\u00eb shtator gati partia e re me ajk\u00ebn e <\/strong><\/p>\n<p><strong>23 GUSHT 2020<\/strong><\/p>\n<p>-Shtatori do t\u00eb ket\u00eb shum\u00eb zhvillime politike. E paralajm\u00ebruar prej disa muajsh, n\u00eb vjesht\u00eb pritet q\u00eb Rudina Hajdari t\u00eb zyrtarizoj\u00eb l\u00ebvizjen e re politike p\u00ebr t\u00eb garuar n\u00eb zgjedhjet e ardhshme parlamentare t\u00eb 2021.<\/p>\n<p>N\u00eb nj\u00eb postim n\u00eb rrjetet sociale, vajza e Azem Hajdarit rr\u00ebfen se projektin e ri politik po e p\u00ebrgatit me ajk\u00ebn e shoq\u00ebris\u00eb, nd\u00ebrsa objektiv \u00ebsht\u00eb rinia, me t\u00eb cil\u00ebn shpreson q\u00eb b\u00ebj\u00eb ndryshimin.<\/p>\n<p><em>&#8220;Beteja p\u00ebr hapjen e listave u fitua fal\u00eb mb\u00ebshtetjes s\u00eb shumic\u00ebs absolute t\u00eb shqiptar\u00ebve. Jam e bindur se do i hapim 100%. Uroj q\u00eb t\u00eb nj\u00ebjt\u00ebn mb\u00ebshtetje ta ket\u00eb edhe p\u00ebr projektin e ri politik, i cili do t\u00eb synoj\u00eb bashkimin e tyre, q\u00eb duan pun\u00ebn e ndershme dhe e shohin t\u00eb ardhmen n\u00eb k\u00ebt\u00eb vend, kund\u00ebr atyre pak t\u00eb pangopurve q\u00eb kan\u00eb 30 vite q\u00eb majmen n\u00eb kurriz t\u00eb djers\u00ebs s\u00eb shqiptarit t\u00eb ndersh\u00ebm. Jam e bindur se projekti i ri politik q\u00eb po p\u00ebrgatisim me ajk\u00ebn e qytetaris\u00eb do t\u00eb bashkoj\u00eb s\u00eb pari rinin\u00eb studentore e cila ka qen\u00eb gjithnj\u00eb n\u00eb krye t\u00eb ndryshimit&#8221;<\/em>\u00a0tha Hajdari.<\/p>\n<p>Deklarat\u00ebn ish-kryetarja e grupit demokrat, deputete n\u00eb Kuvendin e Shqip\u00ebris\u00eb e p\u00ebrjashtuar nga Partia Demokratike pas dezertimit, q\u00eb b\u00ebri duke mos djegur mandatin,\u00a0e ka b\u00ebr\u00eb gjat\u00eb nj\u00eb bashk\u00ebbisedimi me ndjek\u00ebsit e saj n\u00eb rrjetet sociale, t\u00eb cil\u00ebt i ka pyetur se cfar\u00eb i sugjerojn\u00eb p\u00ebr aksionin politik n\u00eb nisje t\u00eb sesionit t\u00eb ri parlamentar n\u00eb muajin shtator.<\/p>\n<p>Hajdari thot\u00eb se jan\u00eb pik\u00ebrisht qytetar\u00ebt ata q\u00eb i k\u00ebrkojn\u00eb krijimin e nj\u00eb partie t\u00eb re politike me fokus primar student\u00ebt edhe pse projekti\u00a0ka koh\u00eb\u00a0q\u00eb \u00ebsht\u00eb\u00a0paralajm\u00ebruar.<\/p>\n<p>Gazeta Shqip<\/p>\n","protected":false},"excerpt":{"rendered":"<p>Rudina Hajdari zbulon projektin: N\u00eb shtator gati partia e re me ajk\u00ebn e 23 GUSHT 2020 -Shtatori do t\u00eb ket\u00eb shum\u00eb zhvillime politike. E paralajm\u00ebruar prej disa muajsh, n\u00eb vjesht\u00eb pritet q\u00eb Rudina Hajdari t\u00eb zyrtarizoj\u00eb l\u00ebvizjen e re politike p\u00ebr t\u00eb garuar n\u00eb zgjedhjet e ardhshme parlamentare t\u00eb 2021. N\u00eb nj\u00eb postim n\u00eb rrjetet [&hellip;]<\/p>\n","protected":false},"author":9,"featured_media":37575,"comment_status":"open","ping_status":"open","sticky":false,"template":"","format":"standard","meta":{"jetpack_post_was_ever_published":false,"_jetpack_newsletter_access":"","_jetpack_dont_email_post_to_subs":false,"_jetpack_newsletter_tier_id":0,"_jetpack_memberships_contains_paywalled_content":false,"_jetpack_memberships_contains_paid_content":false,"footnotes":"","jetpack_publicize_message":"","jetpack_publicize_feature_enabled":true,"jetpack_social_post_already_shared":true,"jetpack_social_options":{"image_generator_settings":{"template":"highway","default_image_id":0,"font":"","enabled":false},"version":2}},"categories":[27,2],"tags":[],"class_list":["post-37574","post","type-post","status-publish","format-standard","has-post-thumbnail","hentry","category-blogu-i-udhetarit","category-politika"],"jetpack_publicize_connections":[],"jetpack_featured_media_url":"https:\/\/i0.wp.com\/www.shqiperia.com\/blog\/wp-content\/uploads\/2020\/08\/640-0-5f4228a99d347.jpg?fit=640%2C391&ssl=1","jetpack_sharing_enabled":true,"jetpack_shortlink":"https:\/\/wp.me\/p5Z6wp-9M2","jetpack-related-posts":[{"id":14713,"url":"https:\/\/www.shqiperia.com\/blog\/rudina-hajdari-deputete-ju-them-se-jeni-kryehajdute-qe-nuk-e-doni-kete-vend\/","url_meta":{"origin":37574,"position":0},"title":"Rudina Hajdari : -Deputete, ju them se jeni kryehajdut\u00eb q\u00eb nuk e doni k\u00ebt\u00eb vend&#8230; &#8211;","author":"Kurt Farka","date":"December 13, 2018","format":false,"excerpt":"Rudina Hajdari : -Deputete, ju them se jeni kryehajdut\u00eb q\u00eb nuk e doni k\u00ebt\u00eb vend... - 13 Dhjetor, 2018 Deputetja e Partis\u00eb Demokratike Rudina Hajdari ka thyer sot bojkotin e opozit\u00ebs duke marr\u00eb pjes\u00eb n\u00eb sall\u00ebn e kuvendit. Vajza e liderit t\u00eb student\u00ebve t\u00eb dhjetorit 90, Azem Hajdari ka qen\u00eb\u2026","rel":"","context":"In &quot;Blogu i Udh\u00ebtarit&quot;","block_context":{"text":"Blogu i Udh\u00ebtarit","link":"https:\/\/www.shqiperia.com\/blog\/category\/blogu-i-udhetarit\/"},"img":{"alt_text":"","src":"https:\/\/i0.wp.com\/www.shqiperia.com\/blog\/wp-content\/uploads\/2018\/12\/rudina-hajdari-1-1.jpg?fit=707%2C435&ssl=1&resize=350%2C200","width":350,"height":200,"srcset":"https:\/\/i0.wp.com\/www.shqiperia.com\/blog\/wp-content\/uploads\/2018\/12\/rudina-hajdari-1-1.jpg?fit=707%2C435&ssl=1&resize=350%2C200 1x, https:\/\/i0.wp.com\/www.shqiperia.com\/blog\/wp-content\/uploads\/2018\/12\/rudina-hajdari-1-1.jpg?fit=707%2C435&ssl=1&resize=525%2C300 1.5x, https:\/\/i0.wp.com\/www.shqiperia.com\/blog\/wp-content\/uploads\/2018\/12\/rudina-hajdari-1-1.jpg?fit=707%2C435&ssl=1&resize=700%2C400 2x"},"classes":[]},{"id":38783,"url":"https:\/\/www.shqiperia.com\/blog\/duan-te-shesin-sapunin-per-djathe-hajdari-shperthen-me-tone-te-forta-zbulon-prapaskenat-e-keshillit-politik\/","url_meta":{"origin":37574,"position":1},"title":"\u201cDuan t\u00eb shesin sapunin p\u00ebr djath\u00eb\u201d\/ Hajdari shp\u00ebrthen me tone t\u00eb forta, zbulon prapaskenat e K\u00ebshillit Politik","author":"Kurt Farka","date":"September 22, 2020","format":false,"excerpt":"\u201cDuan t\u00eb shesin sapunin p\u00ebr djath\u00eb\u201d\/ Hajdari shp\u00ebrthen me tone t\u00eb forta, zbulon prapaskenat e K\u00ebshillit Politik 22 SHTATOR 2020 Mbledhja e K\u00ebshilli Politik sapo ka p\u00ebrfunduar, deputetja Rudina Hajdari ka reaguar p\u00ebr mediat, ku p\u00ebrs\u00ebriti edhe nj\u00eb her\u00eb apelin per t\u00eb pasur lista t\u00eb hapura. Deputetja Hajdari tha se\u2026","rel":"","context":"In &quot;Blogu i Udh\u00ebtarit&quot;","block_context":{"text":"Blogu i Udh\u00ebtarit","link":"https:\/\/www.shqiperia.com\/blog\/category\/blogu-i-udhetarit\/"},"img":{"alt_text":"","src":"https:\/\/i0.wp.com\/www.shqiperia.com\/blog\/wp-content\/uploads\/2020\/09\/hajdari-rudina-nxehur-1100x620-1.jpg?fit=1100%2C620&ssl=1&resize=350%2C200","width":350,"height":200,"srcset":"https:\/\/i0.wp.com\/www.shqiperia.com\/blog\/wp-content\/uploads\/2020\/09\/hajdari-rudina-nxehur-1100x620-1.jpg?fit=1100%2C620&ssl=1&resize=350%2C200 1x, https:\/\/i0.wp.com\/www.shqiperia.com\/blog\/wp-content\/uploads\/2020\/09\/hajdari-rudina-nxehur-1100x620-1.jpg?fit=1100%2C620&ssl=1&resize=525%2C300 1.5x, https:\/\/i0.wp.com\/www.shqiperia.com\/blog\/wp-content\/uploads\/2020\/09\/hajdari-rudina-nxehur-1100x620-1.jpg?fit=1100%2C620&ssl=1&resize=700%2C400 2x, https:\/\/i0.wp.com\/www.shqiperia.com\/blog\/wp-content\/uploads\/2020\/09\/hajdari-rudina-nxehur-1100x620-1.jpg?fit=1100%2C620&ssl=1&resize=1050%2C600 3x"},"classes":[]},{"id":40122,"url":"https:\/\/www.shqiperia.com\/blog\/pas-rikthimit-ne-kuvend-te-kodit-zgjedhor-nga-ana-e-presidentit-te-republikes-ilir-meta-rudina-hajdari-kerkon-ribledhjen-e-keshillit-politik\/","url_meta":{"origin":37574,"position":2},"title":"Pas rikthimit n\u00eb Kuvend t\u00eb Kodit Zgjedhor nga ana e Presidentit t\u00eb Republik\u00ebs, Ilir Meta, &#8211; \u00a0Rudina Hajdari k\u00ebrkon ribledhjen e K\u00ebshillit Politik.","author":"Kurt Farka","date":"October 25, 2020","format":false,"excerpt":"Pas rikthimit n\u00eb Kuvend t\u00eb Kodit Zgjedhor nga ana e Presidentit t\u00eb Republik\u00ebs, Ilir Meta, - \u00a0Rudina Hajdari k\u00ebrkon ribledhjen e K\u00ebshillit Politik. Me an\u00eb t\u00eb nj\u00eb letre, zonja Hajdari thot\u00eb se rikthimi nga ana e Presidentit \u00ebsht\u00eb nj\u00eb mund\u00ebsi e mir\u00eb p\u00ebr t\u00eb ri mbledhur tryez\u00ebn e K\u00ebshillit Politik.\u2026","rel":"","context":"In &quot;Blogu i Udh\u00ebtarit&quot;","block_context":{"text":"Blogu i Udh\u00ebtarit","link":"https:\/\/www.shqiperia.com\/blog\/category\/blogu-i-udhetarit\/"},"img":{"alt_text":"","src":"https:\/\/i0.wp.com\/www.shqiperia.com\/blog\/wp-content\/uploads\/2020\/10\/rudina-hajdari-komisioni-i-integrimit-europian.jpg?fit=1163%2C685&ssl=1&resize=350%2C200","width":350,"height":200,"srcset":"https:\/\/i0.wp.com\/www.shqiperia.com\/blog\/wp-content\/uploads\/2020\/10\/rudina-hajdari-komisioni-i-integrimit-europian.jpg?fit=1163%2C685&ssl=1&resize=350%2C200 1x, https:\/\/i0.wp.com\/www.shqiperia.com\/blog\/wp-content\/uploads\/2020\/10\/rudina-hajdari-komisioni-i-integrimit-europian.jpg?fit=1163%2C685&ssl=1&resize=525%2C300 1.5x, https:\/\/i0.wp.com\/www.shqiperia.com\/blog\/wp-content\/uploads\/2020\/10\/rudina-hajdari-komisioni-i-integrimit-europian.jpg?fit=1163%2C685&ssl=1&resize=700%2C400 2x, https:\/\/i0.wp.com\/www.shqiperia.com\/blog\/wp-content\/uploads\/2020\/10\/rudina-hajdari-komisioni-i-integrimit-europian.jpg?fit=1163%2C685&ssl=1&resize=1050%2C600 3x"},"classes":[]},{"id":57389,"url":"https:\/\/www.shqiperia.com\/blog\/kandidate-per-keshillin-kombetar-te-pd-rudina-hajdari-zbulon-se-per-ke-do-te-votoje\/","url_meta":{"origin":37574,"position":3},"title":"Kandidate p\u00ebr K\u00ebshillin Komb\u00ebtar t\u00eb PD, Rudina Hajdari zbulon se p\u00ebr k\u00eb do t\u00eb votoj\u00eb","author":"Kurt Farka","date":"April 30, 2022","format":false,"excerpt":"Kandidate p\u00ebr K\u00ebshillin Komb\u00ebtar t\u00eb PD, Rudina Hajdari zbulon se p\u00ebr k\u00eb do t\u00eb votoj\u00eb 29 PRILL 2022 Rudina Hajdari \u00ebsht\u00eb rikthyer n\u00eb Partin\u00eb Demokratike dhe dit\u00ebn e nes\u00ebrme do t\u00eb marr\u00eb pjes\u00eb n\u00eb Kuvendin Komb\u00ebtar. Ndon\u00ebse \u00ebsht\u00eb kandidate p\u00ebr K\u00ebshillin Komb\u00ebtar t\u00eb PD, ajo zbuloi n\u00eb \u201cZon\u00eb e Lir\u00eb\u201d\u2026","rel":"","context":"In &quot;Blogu i Udh\u00ebtarit&quot;","block_context":{"text":"Blogu i Udh\u00ebtarit","link":"https:\/\/www.shqiperia.com\/blog\/category\/blogu-i-udhetarit\/"},"img":{"alt_text":"","src":"https:\/\/i0.wp.com\/www.shqiperia.com\/blog\/wp-content\/uploads\/2022\/04\/Rudina-Hajdari-1.png?fit=800%2C431&ssl=1&resize=350%2C200","width":350,"height":200,"srcset":"https:\/\/i0.wp.com\/www.shqiperia.com\/blog\/wp-content\/uploads\/2022\/04\/Rudina-Hajdari-1.png?fit=800%2C431&ssl=1&resize=350%2C200 1x, https:\/\/i0.wp.com\/www.shqiperia.com\/blog\/wp-content\/uploads\/2022\/04\/Rudina-Hajdari-1.png?fit=800%2C431&ssl=1&resize=525%2C300 1.5x, https:\/\/i0.wp.com\/www.shqiperia.com\/blog\/wp-content\/uploads\/2022\/04\/Rudina-Hajdari-1.png?fit=800%2C431&ssl=1&resize=700%2C400 2x"},"classes":[]},{"id":35268,"url":"https:\/\/www.shqiperia.com\/blog\/sot-deshtoi-politika-e-vjeter-i-mbylli-deren-shqiptareve-e-shba-reagon-rudina-hajdari-me-tone-te-forta-nuk-dorezohemi\/","url_meta":{"origin":37574,"position":4},"title":"\u201cSot d\u00ebshtoi politika e vjet\u00ebr, i mbylli der\u00ebn shqiptar\u00ebve e SHBA\u201d, reagon Rudina Hajdari me tone t\u00eb forta: Nuk dor\u00ebzohemi!","author":"Kurt Farka","date":"May 31, 2020","format":false,"excerpt":"\u201cSot d\u00ebshtoi politika e vjet\u00ebr, i mbylli der\u00ebn shqiptar\u00ebve e SHBA\u201d, reagon Rudina Hajdari me tone t\u00eb forta: Nuk dor\u00ebzohemi! 31 MAJ 2020 N\u00eb p\u00ebrfundim t\u00eb mbledhjes s\u00eb K\u00ebshillit politik, i cili mbylli edhe sot punimet 4 or\u00ebshe pa nj\u00eb marr\u00ebveshje p\u00ebr reform\u00ebn zgjedhore, deputetja e opozit\u00ebs n\u00eb parlament, Rudina\u2026","rel":"","context":"In &quot;Blogu i Udh\u00ebtarit&quot;","block_context":{"text":"Blogu i Udh\u00ebtarit","link":"https:\/\/www.shqiperia.com\/blog\/category\/blogu-i-udhetarit\/"},"img":{"alt_text":"","src":"https:\/\/i0.wp.com\/www.shqiperia.com\/blog\/wp-content\/uploads\/2020\/05\/800-0-061655be66583cd05fdd9348eda27718.png?fit=800%2C342&ssl=1&resize=350%2C200","width":350,"height":200,"srcset":"https:\/\/i0.wp.com\/www.shqiperia.com\/blog\/wp-content\/uploads\/2020\/05\/800-0-061655be66583cd05fdd9348eda27718.png?fit=800%2C342&ssl=1&resize=350%2C200 1x, https:\/\/i0.wp.com\/www.shqiperia.com\/blog\/wp-content\/uploads\/2020\/05\/800-0-061655be66583cd05fdd9348eda27718.png?fit=800%2C342&ssl=1&resize=525%2C300 1.5x, https:\/\/i0.wp.com\/www.shqiperia.com\/blog\/wp-content\/uploads\/2020\/05\/800-0-061655be66583cd05fdd9348eda27718.png?fit=800%2C342&ssl=1&resize=700%2C400 2x"},"classes":[]},{"id":19924,"url":"https:\/\/www.shqiperia.com\/blog\/19924-2\/","url_meta":{"origin":37574,"position":5},"title":"Reagon Rudina Hajdari: Lajmi p\u00ebr krijimin e partis\u00eb \u00ebsht\u00eb i rrem\u00eb","author":"Kurt Farka","date":"April 21, 2019","format":false,"excerpt":"Reagon Rudina Hajdari: Lajmi p\u00ebr krijimin e partis\u00eb \u00ebsht\u00eb i rrem\u00eb 21\/04\/19 Redaksia e portalit\u00a0opozita.com\u00a0sapo ka kontaktuar me lideren demokrate Rudina Hajdari. N\u00eb nj\u00eb bised\u00eb telefonike deputetja Hajdari p\u00ebrg\u00ebnjeshtron krijimin e partis\u00eb s\u00eb re \u201cBindja Demikratike\u201d. Sipas Rudina Hadjarit ky \u00ebsht\u00eb trillim i mediave qeveritare p\u00ebr t\u00eb ulur vlerat e\u2026","rel":"","context":"In &quot;Blogu i Udh\u00ebtarit&quot;","block_context":{"text":"Blogu i Udh\u00ebtarit","link":"https:\/\/www.shqiperia.com\/blog\/category\/blogu-i-udhetarit\/"},"img":{"alt_text":"","src":"https:\/\/i0.wp.com\/www.shqiperia.com\/blog\/wp-content\/uploads\/2019\/04\/rudina-q.jpg?fit=427%2C249&ssl=1&resize=350%2C200","width":350,"height":200},"classes":[]}],"_links":{"self":[{"href":"https:\/\/www.shqiperia.com\/blog\/wp-json\/wp\/v2\/posts\/37574","targetHints":{"allow":["GET"]}}],"collection":[{"href":"https:\/\/www.shqiperia.com\/blog\/wp-json\/wp\/v2\/posts"}],"about":[{"href":"https:\/\/www.shqiperia.com\/blog\/wp-json\/wp\/v2\/types\/post"}],"author":[{"embeddable":true,"href":"https:\/\/www.shqiperia.com\/blog\/wp-json\/wp\/v2\/users\/9"}],"replies":[{"embeddable":true,"href":"https:\/\/www.shqiperia.com\/blog\/wp-json\/wp\/v2\/comments?post=37574"}],"version-history":[{"count":1,"href":"https:\/\/www.shqiperia.com\/blog\/wp-json\/wp\/v2\/posts\/37574\/revisions"}],"predecessor-version":[{"id":37576,"href":"https:\/\/www.shqiperia.com\/blog\/wp-json\/wp\/v2\/posts\/37574\/revisions\/37576"}],"wp:featuredmedia":[{"embeddable":true,"href":"https:\/\/www.shqiperia.com\/blog\/wp-json\/wp\/v2\/media\/37575"}],"wp:attachment":[{"href":"https:\/\/www.shqiperia.com\/blog\/wp-json\/wp\/v2\/media?parent=37574"}],"wp:term":[{"taxonomy":"category","embeddable":true,"href":"https:\/\/www.shqiperia.com\/blog\/wp-json\/wp\/v2\/categories?post=37574"},{"taxonomy":"post_tag","embeddable":true,"href":"https:\/\/www.shqiperia.com\/blog\/wp-json\/wp\/v2\/tags?post=37574"}],"curies":[{"name":"wp","href":"https:\/\/api.w.org\/{rel}","templated":true}]}}