{"id":37571,"date":"2020-08-23T06:48:34","date_gmt":"2020-08-23T06:48:34","guid":{"rendered":"https:\/\/www.shqiperia.com\/blog\/?p=37571"},"modified":"2020-08-23T06:48:34","modified_gmt":"2020-08-23T06:48:34","slug":"per-vite-me-rradhe-ka-hutuar-shkencetaret-zbardhet-enigma-e-perbindeshit-te-detit-krijesa-e-cudishme-me-20-kembe","status":"publish","type":"post","link":"https:\/\/www.shqiperia.com\/blog\/per-vite-me-rradhe-ka-hutuar-shkencetaret-zbardhet-enigma-e-perbindeshit-te-detit-krijesa-e-cudishme-me-20-kembe\/","title":{"rendered":"P\u00ebr vite me rradh\u00eb ka hutuar shkenc\u00ebtar\u00ebt, zbardhet enigma e &#8220;p\u00ebrbind\u00ebshit t\u00eb detit&#8221;, krijesa e \u00e7udishme me 20 k\u00ebmb\u00eb"},"content":{"rendered":"<p><img data-recalc-dims=\"1\" loading=\"lazy\" decoding=\"async\" data-attachment-id=\"37572\" data-permalink=\"https:\/\/www.shqiperia.com\/blog\/per-vite-me-rradhe-ka-hutuar-shkencetaret-zbardhet-enigma-e-perbindeshit-te-detit-krijesa-e-cudishme-me-20-kembe\/800-0-4939ed4215d11f5712995266ccb6c083\/\" data-orig-file=\"https:\/\/i0.wp.com\/www.shqiperia.com\/blog\/wp-content\/uploads\/2020\/08\/800-0-4939ed4215d11f5712995266ccb6c083.jpg?fit=800%2C442&amp;ssl=1\" data-orig-size=\"800,442\" data-comments-opened=\"1\" data-image-meta=\"{&quot;aperture&quot;:&quot;0&quot;,&quot;credit&quot;:&quot;&quot;,&quot;camera&quot;:&quot;&quot;,&quot;caption&quot;:&quot;&quot;,&quot;created_timestamp&quot;:&quot;0&quot;,&quot;copyright&quot;:&quot;&quot;,&quot;focal_length&quot;:&quot;0&quot;,&quot;iso&quot;:&quot;0&quot;,&quot;shutter_speed&quot;:&quot;0&quot;,&quot;title&quot;:&quot;&quot;,&quot;orientation&quot;:&quot;0&quot;}\" data-image-title=\"-800-0-4939ed4215d11f5712995266ccb6c083\" data-image-description=\"\" data-image-caption=\"\" data-medium-file=\"https:\/\/i0.wp.com\/www.shqiperia.com\/blog\/wp-content\/uploads\/2020\/08\/800-0-4939ed4215d11f5712995266ccb6c083.jpg?fit=300%2C166&amp;ssl=1\" data-large-file=\"https:\/\/i0.wp.com\/www.shqiperia.com\/blog\/wp-content\/uploads\/2020\/08\/800-0-4939ed4215d11f5712995266ccb6c083.jpg?fit=800%2C442&amp;ssl=1\" class=\"alignnone  wp-image-37572\" alt=\"\" src=\"https:\/\/i0.wp.com\/www.shqiperia.com\/blog\/wp-content\/uploads\/2020\/08\/800-0-4939ed4215d11f5712995266ccb6c083.jpg?resize=591%2C327&#038;ssl=1\" width=\"591\" height=\"327\" srcset=\"https:\/\/i0.wp.com\/www.shqiperia.com\/blog\/wp-content\/uploads\/2020\/08\/800-0-4939ed4215d11f5712995266ccb6c083.jpg?resize=300%2C166&amp;ssl=1 300w, https:\/\/i0.wp.com\/www.shqiperia.com\/blog\/wp-content\/uploads\/2020\/08\/800-0-4939ed4215d11f5712995266ccb6c083.jpg?resize=768%2C424&amp;ssl=1 768w, https:\/\/i0.wp.com\/www.shqiperia.com\/blog\/wp-content\/uploads\/2020\/08\/800-0-4939ed4215d11f5712995266ccb6c083.jpg?resize=450%2C249&amp;ssl=1 450w, https:\/\/i0.wp.com\/www.shqiperia.com\/blog\/wp-content\/uploads\/2020\/08\/800-0-4939ed4215d11f5712995266ccb6c083.jpg?resize=600%2C332&amp;ssl=1 600w, https:\/\/i0.wp.com\/www.shqiperia.com\/blog\/wp-content\/uploads\/2020\/08\/800-0-4939ed4215d11f5712995266ccb6c083.jpg?resize=400%2C221&amp;ssl=1 400w, https:\/\/i0.wp.com\/www.shqiperia.com\/blog\/wp-content\/uploads\/2020\/08\/800-0-4939ed4215d11f5712995266ccb6c083.jpg?w=800&amp;ssl=1 800w\" sizes=\"auto, (max-width: 591px) 100vw, 591px\" \/><\/p>\n<p>P\u00ebr vite me rradh\u00eb ka hutuar shkenc\u00ebtar\u00ebt, zbardhet enigma e &#8220;p\u00ebrbind\u00ebshit t\u00eb detit&#8221;, krijesa e \u00e7udishme me 20 k\u00ebmb\u00eb<\/p>\n<p>Gusht 2020<\/p>\n<p>Ky q\u00eb po shikoni n\u00eb foto i ngjan nj\u00eb zvarraniku t\u00eb \u00e7uditsh\u00ebm parahistorik t\u00eb kryq\u00ebzuar me nj\u00eb gjiraf\u00eb. P\u00ebr m\u00eb shum\u00eb se nj\u00ebqind vjet, fosili i Tanystropheus \u00a0ka hutuar shkenc\u00ebtar\u00ebt.<\/p>\n<p>Paleontolog\u00ebt e kan\u00eb ditur prej koh\u00ebsh se dikur k\u00ebto specie jetonin n\u00eb pellgun Monte San Giorgio t\u00eb Zvicr\u00ebs gjat\u00eb periudh\u00ebs s\u00eb Triasikut t\u00eb Mes\u00ebm (rreth 242 milion vjet m\u00eb par\u00eb). Gjithashtu ata e dinin se krijesa e \u00e7uditshme me 20 k\u00ebmb\u00eb kishte nj\u00eb qaf\u00eb jasht\u00ebzakonisht t\u00eb gjat\u00eb. Shum\u00eb detaje rreth Tanystrofes mbet\u00ebn t\u00eb paqarta dhe prej shum\u00eb vitesh jan\u00eb diskutuar nga ekspert\u00eb t\u00eb ndrysh\u00ebm.<\/p>\n<p>A kishin jetuar k\u00ebto kafsh\u00eb n\u00eb tok\u00eb apo n\u00eb uj\u00eb? Si bashk\u00ebvepronin me speciet e tjera n\u00eb mjedisin ku jetonin? \u00a0Dhe si dukeshin t\u00eb vegj\u00eblit e tyre? K\u00ebto pyetje kan\u00eb ngritur debate p\u00ebr vite me rradh\u00eb dhe askush nuk kishte nj\u00eb p\u00ebrgjigje deri tani.<\/p>\n<p>Shkenc\u00ebtar\u00ebt p\u00ebrdor\u00ebn teknologjin\u00eb e skanimit t\u00eb tomografis\u00eb p\u00ebr llogaritjen dixhitale t\u00eb kafkave t\u00eb grimcuara t\u00eb fosileve, n\u00ebp\u00ebrmjet t\u00eb cilave zbuluan prova se k\u00ebto zvarranik\u00eb ishin uj\u00ebmbajt\u00ebs.<\/p>\n<p><em>\u201cP\u00ebr ata njer\u00ebz q\u00eb jan\u00eb t\u00eb interesuar p\u00ebr zvarranik\u00ebt Triasik, gjithmon\u00eb ka qen\u00eb jo vet\u00ebm nj\u00eb fosil ikonik, por edhe \u00e7\u00ebshtje mosmarr\u00ebveshjeje dhe diskutimi.\u201d<\/em>\u2013 tha Oliver Rieppel, nj\u00eb paleontolog n\u00eb Muzeun Fushor n\u00eb Chicikago dhe nj\u00eb nd\u00ebr autor\u00ebt e studimit.<\/p>\n<p><img data-recalc-dims=\"1\" loading=\"lazy\" decoding=\"async\" data-attachment-id=\"37572\" data-permalink=\"https:\/\/www.shqiperia.com\/blog\/per-vite-me-rradhe-ka-hutuar-shkencetaret-zbardhet-enigma-e-perbindeshit-te-detit-krijesa-e-cudishme-me-20-kembe\/800-0-4939ed4215d11f5712995266ccb6c083\/\" data-orig-file=\"https:\/\/i0.wp.com\/www.shqiperia.com\/blog\/wp-content\/uploads\/2020\/08\/800-0-4939ed4215d11f5712995266ccb6c083.jpg?fit=800%2C442&amp;ssl=1\" data-orig-size=\"800,442\" data-comments-opened=\"1\" data-image-meta=\"{&quot;aperture&quot;:&quot;0&quot;,&quot;credit&quot;:&quot;&quot;,&quot;camera&quot;:&quot;&quot;,&quot;caption&quot;:&quot;&quot;,&quot;created_timestamp&quot;:&quot;0&quot;,&quot;copyright&quot;:&quot;&quot;,&quot;focal_length&quot;:&quot;0&quot;,&quot;iso&quot;:&quot;0&quot;,&quot;shutter_speed&quot;:&quot;0&quot;,&quot;title&quot;:&quot;&quot;,&quot;orientation&quot;:&quot;0&quot;}\" data-image-title=\"-800-0-4939ed4215d11f5712995266ccb6c083\" data-image-description=\"\" data-image-caption=\"\" data-medium-file=\"https:\/\/i0.wp.com\/www.shqiperia.com\/blog\/wp-content\/uploads\/2020\/08\/800-0-4939ed4215d11f5712995266ccb6c083.jpg?fit=300%2C166&amp;ssl=1\" data-large-file=\"https:\/\/i0.wp.com\/www.shqiperia.com\/blog\/wp-content\/uploads\/2020\/08\/800-0-4939ed4215d11f5712995266ccb6c083.jpg?fit=800%2C442&amp;ssl=1\" class=\"alignnone  wp-image-37572\" alt=\"\" src=\"https:\/\/i0.wp.com\/www.shqiperia.com\/blog\/wp-content\/uploads\/2020\/08\/800-0-4939ed4215d11f5712995266ccb6c083.jpg?resize=696%2C385&#038;ssl=1\" width=\"696\" height=\"385\" srcset=\"https:\/\/i0.wp.com\/www.shqiperia.com\/blog\/wp-content\/uploads\/2020\/08\/800-0-4939ed4215d11f5712995266ccb6c083.jpg?resize=300%2C166&amp;ssl=1 300w, https:\/\/i0.wp.com\/www.shqiperia.com\/blog\/wp-content\/uploads\/2020\/08\/800-0-4939ed4215d11f5712995266ccb6c083.jpg?resize=768%2C424&amp;ssl=1 768w, https:\/\/i0.wp.com\/www.shqiperia.com\/blog\/wp-content\/uploads\/2020\/08\/800-0-4939ed4215d11f5712995266ccb6c083.jpg?resize=450%2C249&amp;ssl=1 450w, https:\/\/i0.wp.com\/www.shqiperia.com\/blog\/wp-content\/uploads\/2020\/08\/800-0-4939ed4215d11f5712995266ccb6c083.jpg?resize=600%2C332&amp;ssl=1 600w, https:\/\/i0.wp.com\/www.shqiperia.com\/blog\/wp-content\/uploads\/2020\/08\/800-0-4939ed4215d11f5712995266ccb6c083.jpg?resize=400%2C221&amp;ssl=1 400w, https:\/\/i0.wp.com\/www.shqiperia.com\/blog\/wp-content\/uploads\/2020\/08\/800-0-4939ed4215d11f5712995266ccb6c083.jpg?w=800&amp;ssl=1 800w\" sizes=\"auto, (max-width: 696px) 100vw, 696px\" \/><\/p>\n<p>Fosilet e rind\u00ebrtuara dixhitale tregojn\u00eb se anatomia e kafk\u00ebs Tanystrofheus dhe vendosja e hundes kishin karakteristikat e nj\u00eb kafshe ujore. Gjithashtu studiuesit gjet\u00ebn prova q\u00eb Tanystropheus ishte nj\u00eb \u201cgrabitqar\u201d ujor q\u00eb ka t\u00eb ngjar\u00eb t\u00eb p\u00ebrdor\u00eb qaf\u00ebn e tij t\u00eb gjat\u00eb dhe t\u00eb holl\u00eb p\u00ebr t\u00eb kapur pren\u00eb.<\/p>\n<p>Gazeta Sot.<\/p>\n","protected":false},"excerpt":{"rendered":"<p>P\u00ebr vite me rradh\u00eb ka hutuar shkenc\u00ebtar\u00ebt, zbardhet enigma e &#8220;p\u00ebrbind\u00ebshit t\u00eb detit&#8221;, krijesa e \u00e7udishme me 20 k\u00ebmb\u00eb Gusht 2020 Ky q\u00eb po shikoni n\u00eb foto i ngjan nj\u00eb zvarraniku t\u00eb \u00e7uditsh\u00ebm parahistorik t\u00eb kryq\u00ebzuar me nj\u00eb gjiraf\u00eb. P\u00ebr m\u00eb shum\u00eb se nj\u00ebqind vjet, fosili i Tanystropheus \u00a0ka hutuar shkenc\u00ebtar\u00ebt. Paleontolog\u00ebt e kan\u00eb ditur [&hellip;]<\/p>\n","protected":false},"author":9,"featured_media":37572,"comment_status":"open","ping_status":"open","sticky":false,"template":"","format":"standard","meta":{"jetpack_post_was_ever_published":false,"_jetpack_newsletter_access":"","_jetpack_dont_email_post_to_subs":false,"_jetpack_newsletter_tier_id":0,"_jetpack_memberships_contains_paywalled_content":false,"_jetpack_memberships_contains_paid_content":false,"footnotes":"","jetpack_publicize_message":"","jetpack_publicize_feature_enabled":true,"jetpack_social_post_already_shared":true,"jetpack_social_options":{"image_generator_settings":{"template":"highway","default_image_id":0,"font":"","enabled":false},"version":2}},"categories":[27,14],"tags":[],"class_list":["post-37571","post","type-post","status-publish","format-standard","has-post-thumbnail","hentry","category-blogu-i-udhetarit","category-press-releases"],"jetpack_publicize_connections":[],"jetpack_featured_media_url":"https:\/\/i0.wp.com\/www.shqiperia.com\/blog\/wp-content\/uploads\/2020\/08\/800-0-4939ed4215d11f5712995266ccb6c083.jpg?fit=800%2C442&ssl=1","jetpack_sharing_enabled":true,"jetpack_shortlink":"https:\/\/wp.me\/p5Z6wp-9LZ","jetpack-related-posts":[{"id":44340,"url":"https:\/\/www.shqiperia.com\/blog\/shkencetaret-habiten-nga-zbulimet-e-bera-ne-vendin-me-te-panjohur-te-tokes\/","url_meta":{"origin":37571,"position":0},"title":"Shkenc\u00ebtar\u00ebt habiten nga zbulimet e b\u00ebra n\u00eb vendin m\u00eb t\u00eb panjohur t\u00eb tok\u00ebs","author":"Kurt Farka","date":"February 17, 2021","format":false,"excerpt":"Shkenc\u00ebtar\u00ebt habiten nga zbulimet e b\u00ebra n\u00eb vendin m\u00eb t\u00eb panjohur t\u00eb tok\u00ebs 15 shkurt \u00a02021 Zbulimi aksidental i formave t\u00eb \u00e7uditshme t\u00eb jet\u00ebs n\u00eb nj\u00eb gur posht\u00eb shtresave t\u00eb akullit t\u00eb Antarktikut ka hutuar shkenc\u00ebtar\u00ebt. Studiuesit po shponin 900 metra akull n\u00eb Shelfin e Akullit Filchner-Ronne, i vendosur n\u00eb\u2026","rel":"","context":"In &quot;Blogu i Udh\u00ebtarit&quot;","block_context":{"text":"Blogu i Udh\u00ebtarit","link":"https:\/\/www.shqiperia.com\/blog\/category\/blogu-i-udhetarit\/"},"img":{"alt_text":"","src":"https:\/\/i0.wp.com\/www.shqiperia.com\/blog\/wp-content\/uploads\/2021\/02\/210215101939-02-creatures-found-under-ice-shelf-exlarge-169.jpg?fit=780%2C438&ssl=1&resize=350%2C200","width":350,"height":200,"srcset":"https:\/\/i0.wp.com\/www.shqiperia.com\/blog\/wp-content\/uploads\/2021\/02\/210215101939-02-creatures-found-under-ice-shelf-exlarge-169.jpg?fit=780%2C438&ssl=1&resize=350%2C200 1x, https:\/\/i0.wp.com\/www.shqiperia.com\/blog\/wp-content\/uploads\/2021\/02\/210215101939-02-creatures-found-under-ice-shelf-exlarge-169.jpg?fit=780%2C438&ssl=1&resize=525%2C300 1.5x, https:\/\/i0.wp.com\/www.shqiperia.com\/blog\/wp-content\/uploads\/2021\/02\/210215101939-02-creatures-found-under-ice-shelf-exlarge-169.jpg?fit=780%2C438&ssl=1&resize=700%2C400 2x"},"classes":[]},{"id":61276,"url":"https:\/\/www.shqiperia.com\/blog\/gjenden-fosilet-e-perbindeshit-te-detit-mendohet-se-ka-jetuar-205-milion-vjet-me-pare\/","url_meta":{"origin":37571,"position":1},"title":"Gjenden fosilet e &#8220;p\u00ebrbind\u00ebshit t\u00eb detit&#8221; Mendohet se ka jetuar 205 milion vjet m\u00eb par\u00eb","author":"Kurt Farka","date":"August 17, 2022","format":false,"excerpt":"17 Gusht 2022 Nj\u00eb grup arkeolog\u00ebsh ka gjetur mbetjet e nj\u00eb gjigandi deti, q\u00eb ka jetuar 205 milion m\u00eb par\u00eb. Mbetjet jan\u00eb gjetur n\u00eb 2743 m lart\u00ebsi mbi nivelin e detit, n\u00eb Alpet e Zvicr\u00ebs. Krijesa e quajtur Ichthyosaur me gjat\u00ebsi 20 met\u00ebr dhe pesh\u00eb 80 ton, u identifikua nga\u2026","rel":"","context":"In &quot;Blogu i Udh\u00ebtarit&quot;","block_context":{"text":"Blogu i Udh\u00ebtarit","link":"https:\/\/www.shqiperia.com\/blog\/category\/blogu-i-udhetarit\/"},"img":{"alt_text":"","src":"https:\/\/i0.wp.com\/www.shqiperia.com\/blog\/wp-content\/uploads\/2022\/08\/Gjenden-fosilet-e-perbindeshit-te-detit-Ka-jetuar-205-milion-vjet-me-pare.jpg?fit=640%2C366&ssl=1&resize=350%2C200","width":350,"height":200,"srcset":"https:\/\/i0.wp.com\/www.shqiperia.com\/blog\/wp-content\/uploads\/2022\/08\/Gjenden-fosilet-e-perbindeshit-te-detit-Ka-jetuar-205-milion-vjet-me-pare.jpg?fit=640%2C366&ssl=1&resize=350%2C200 1x, https:\/\/i0.wp.com\/www.shqiperia.com\/blog\/wp-content\/uploads\/2022\/08\/Gjenden-fosilet-e-perbindeshit-te-detit-Ka-jetuar-205-milion-vjet-me-pare.jpg?fit=640%2C366&ssl=1&resize=525%2C300 1.5x"},"classes":[]},{"id":91587,"url":"https:\/\/www.shqiperia.com\/blog\/zbulohen-krijesa-te-cuditshme-ne-fundin-e-oqeanit-te-antarktides-derra-deti-merimanga-detare-dhe-nje-flutur-qe-leshon-veze\/","url_meta":{"origin":37571,"position":2},"title":"Zbulohen krijesa t\u00eb \u00e7uditshme n\u00eb fundin e oqeanit t\u00eb Antarktid\u00ebs: &#8216;derra deti&#8217;, merimanga detare dhe nj\u00eb &#8216;flutur&#8217; q\u00eb l\u00ebshon vez\u00eb","author":"Kurt Farka","date":"April 18, 2025","format":false,"excerpt":"18 Prill 2025 Shkenc\u00ebtar\u00ebt n\u00eb bordin e anijes akullthyese australiane RSV Nuyina kan\u00eb zbuluar krijesa t\u00eb \u00e7uditshme t\u00eb thell\u00ebsive detare gjat\u00eb nj\u00eb udh\u00ebtimi k\u00ebrkimor 60-ditor drejt Akullnaj\u00ebs Denman n\u00eb Antarktid\u00eb. Misioni synon t\u00eb studioj\u00eb ndikimin e ngrohjes s\u00eb temperaturave detare mbi k\u00ebt\u00eb akullnaj\u00eb q\u00eb po shkrihet me shpejt\u00ebsi dhe q\u00eb\u2026","rel":"","context":"In &quot;Blogu i Udh\u00ebtarit&quot;","block_context":{"text":"Blogu i Udh\u00ebtarit","link":"https:\/\/www.shqiperia.com\/blog\/category\/blogu-i-udhetarit\/"},"img":{"alt_text":"","src":"https:\/\/i0.wp.com\/www.shqiperia.com\/blog\/wp-content\/uploads\/2025\/04\/auto_RR-16-04-creepy-sealife_COMP_901f2b1744822938.webp?fit=620%2C413&ssl=1&resize=350%2C200","width":350,"height":200,"srcset":"https:\/\/i0.wp.com\/www.shqiperia.com\/blog\/wp-content\/uploads\/2025\/04\/auto_RR-16-04-creepy-sealife_COMP_901f2b1744822938.webp?fit=620%2C413&ssl=1&resize=350%2C200 1x, https:\/\/i0.wp.com\/www.shqiperia.com\/blog\/wp-content\/uploads\/2025\/04\/auto_RR-16-04-creepy-sealife_COMP_901f2b1744822938.webp?fit=620%2C413&ssl=1&resize=525%2C300 1.5x"},"classes":[]},{"id":68324,"url":"https:\/\/www.shqiperia.com\/blog\/mundoi-per-300-vjet-shkencetaret-zgjidhet-me-ne-fund-misteri-i-sirenes-se-mumifikuar\/","url_meta":{"origin":37571,"position":3},"title":"\u201cMundoi\u201d p\u00ebr 300 vjet shkenc\u00ebtar\u00ebt, zgjidhet me n\u00eb fund misteri i \u201csiren\u00ebs\u201d s\u00eb mumifikuar","author":"Kurt Farka","date":"February 19, 2023","format":false,"excerpt":"19 Shkurt 2023 Nj\u00eb zbulim i pabesuesh\u00ebm \u00ebsht\u00eb b\u00ebr\u00eb nga nj\u00eb grup studiuesish n\u00eb lidhje me \u201csiren\u00ebn\u201d 300 vje\u00e7are t\u00eb mumifikuar. Krijesa 30 cm thuhet se u kap n\u00eb Oqeanin Paq\u00ebsor pran\u00eb ishullit japonez t\u00eb\u00a0Shikoku\u00a0midis viteve 1736 dhe 1741 . Ajo \u00ebsht\u00eb mbajtur n\u00eb nj\u00eb tempull n\u00eb qytetin japonez t\u00eb\u2026","rel":"","context":"In &quot;Blogu i Udh\u00ebtarit&quot;","block_context":{"text":"Blogu i Udh\u00ebtarit","link":"https:\/\/www.shqiperia.com\/blog\/category\/blogu-i-udhetarit\/"},"img":{"alt_text":"","src":"https:\/\/i0.wp.com\/www.shqiperia.com\/blog\/wp-content\/uploads\/2023\/02\/mumje-770x418-1.jpg?fit=770%2C418&ssl=1&resize=350%2C200","width":350,"height":200,"srcset":"https:\/\/i0.wp.com\/www.shqiperia.com\/blog\/wp-content\/uploads\/2023\/02\/mumje-770x418-1.jpg?fit=770%2C418&ssl=1&resize=350%2C200 1x, https:\/\/i0.wp.com\/www.shqiperia.com\/blog\/wp-content\/uploads\/2023\/02\/mumje-770x418-1.jpg?fit=770%2C418&ssl=1&resize=525%2C300 1.5x, https:\/\/i0.wp.com\/www.shqiperia.com\/blog\/wp-content\/uploads\/2023\/02\/mumje-770x418-1.jpg?fit=770%2C418&ssl=1&resize=700%2C400 2x"},"classes":[]},{"id":76633,"url":"https:\/\/www.shqiperia.com\/blog\/gjerat-me-te-vjetra-ne-toke-qe-jetojne-ende\/","url_meta":{"origin":37571,"position":4},"title":"Gj\u00ebrat m\u00eb t\u00eb vjetra n\u00eb Tok\u00eb q\u00eb jetojn\u00eb ende","author":"Kurt Farka","date":"December 25, 2023","format":false,"excerpt":"25 Dhjetor 2023 Kur mendojm\u00eb p\u00ebr jet\u00ebgjat\u00ebsin\u00eb n\u00eb Tok\u00eb, ne priremi t\u00eb kemi njer\u00ebzit si referenc\u00eb. Por e v\u00ebrteta \u00ebsht\u00eb se ne nuk jemi krijesa jet\u00ebgjat\u00eb . N\u00eb fakt, edhe gjitar\u00ebt e tjer\u00eb na tejkalojn\u00eb me qindra vjet. Breshkat gjigante -\u00a0Breshkat gjigante jan\u00eb nj\u00eb nga kafsh\u00ebt m\u00eb t\u00eb vjetra t\u00eb\u2026","rel":"","context":"In &quot;Blogu i Udh\u00ebtarit&quot;","block_context":{"text":"Blogu i Udh\u00ebtarit","link":"https:\/\/www.shqiperia.com\/blog\/category\/blogu-i-udhetarit\/"},"img":{"alt_text":"","src":"https:\/\/i0.wp.com\/www.shqiperia.com\/blog\/wp-content\/uploads\/2023\/12\/640-0-gg-987.jpg?fit=640%2C426&ssl=1&resize=350%2C200","width":350,"height":200,"srcset":"https:\/\/i0.wp.com\/www.shqiperia.com\/blog\/wp-content\/uploads\/2023\/12\/640-0-gg-987.jpg?fit=640%2C426&ssl=1&resize=350%2C200 1x, https:\/\/i0.wp.com\/www.shqiperia.com\/blog\/wp-content\/uploads\/2023\/12\/640-0-gg-987.jpg?fit=640%2C426&ssl=1&resize=525%2C300 1.5x"},"classes":[]},{"id":49372,"url":"https:\/\/www.shqiperia.com\/blog\/nje-balene-me-kembe-po-ka-jetuar-ne-toke-e-uje-43-milione-vite-me-pare\/","url_meta":{"origin":37571,"position":5},"title":"Nj\u00eb balen\u00eb me k\u00ebmb\u00eb? &#8211; Po! Ka jetuar n\u00eb tok\u00eb e uj\u00eb 43 milion\u00eb vite m\u00eb par\u00eb.","author":"Kurt Farka","date":"August 26, 2021","format":false,"excerpt":"Nj\u00eb balen\u00eb me k\u00ebmb\u00eb? - Po! Ka jetuar n\u00eb tok\u00eb e uj\u00eb 43 milion\u00eb vite m\u00eb par\u00eb. 26 GUSHT 2021 Shkenc\u00ebtar\u00ebt n\u00eb Egjipt kan\u00eb identifikuar nj\u00eb specie t\u00eb re balene, q\u00eb ka habitur jo pak. Ajo kishte kat\u00ebr k\u00ebmb\u00eb dhe jetonte n\u00eb oqeane rreth 43 milion\u00eb vjet m\u00eb par\u00eb. Fosili\u2026","rel":"","context":"In &quot;Blogu i Udh\u00ebtarit&quot;","block_context":{"text":"Blogu i Udh\u00ebtarit","link":"https:\/\/www.shqiperia.com\/blog\/category\/blogu-i-udhetarit\/"},"img":{"alt_text":"","src":"https:\/\/i0.wp.com\/www.shqiperia.com\/blog\/wp-content\/uploads\/2021\/08\/Balena-me-kater-kembe.jpg?fit=492%2C270&ssl=1&resize=350%2C200","width":350,"height":200},"classes":[]}],"_links":{"self":[{"href":"https:\/\/www.shqiperia.com\/blog\/wp-json\/wp\/v2\/posts\/37571","targetHints":{"allow":["GET"]}}],"collection":[{"href":"https:\/\/www.shqiperia.com\/blog\/wp-json\/wp\/v2\/posts"}],"about":[{"href":"https:\/\/www.shqiperia.com\/blog\/wp-json\/wp\/v2\/types\/post"}],"author":[{"embeddable":true,"href":"https:\/\/www.shqiperia.com\/blog\/wp-json\/wp\/v2\/users\/9"}],"replies":[{"embeddable":true,"href":"https:\/\/www.shqiperia.com\/blog\/wp-json\/wp\/v2\/comments?post=37571"}],"version-history":[{"count":1,"href":"https:\/\/www.shqiperia.com\/blog\/wp-json\/wp\/v2\/posts\/37571\/revisions"}],"predecessor-version":[{"id":37573,"href":"https:\/\/www.shqiperia.com\/blog\/wp-json\/wp\/v2\/posts\/37571\/revisions\/37573"}],"wp:featuredmedia":[{"embeddable":true,"href":"https:\/\/www.shqiperia.com\/blog\/wp-json\/wp\/v2\/media\/37572"}],"wp:attachment":[{"href":"https:\/\/www.shqiperia.com\/blog\/wp-json\/wp\/v2\/media?parent=37571"}],"wp:term":[{"taxonomy":"category","embeddable":true,"href":"https:\/\/www.shqiperia.com\/blog\/wp-json\/wp\/v2\/categories?post=37571"},{"taxonomy":"post_tag","embeddable":true,"href":"https:\/\/www.shqiperia.com\/blog\/wp-json\/wp\/v2\/tags?post=37571"}],"curies":[{"name":"wp","href":"https:\/\/api.w.org\/{rel}","templated":true}]}}