{"id":37568,"date":"2020-08-23T06:22:31","date_gmt":"2020-08-23T06:22:31","guid":{"rendered":"https:\/\/www.shqiperia.com\/blog\/?p=37568"},"modified":"2020-08-23T06:22:31","modified_gmt":"2020-08-23T06:22:31","slug":"per-4-muaj-ne-karantine-artisti-krijon-pikturen-me-te-madhe-ne-bote","status":"publish","type":"post","link":"https:\/\/www.shqiperia.com\/blog\/per-4-muaj-ne-karantine-artisti-krijon-pikturen-me-te-madhe-ne-bote\/","title":{"rendered":"P\u00ebr 4 muaj n\u00eb karantin\u00eb, artisti krijon piktur\u00ebn m\u00eb t\u00eb madhe n\u00eb bot\u00eb"},"content":{"rendered":"<p><img data-recalc-dims=\"1\" loading=\"lazy\" decoding=\"async\" data-attachment-id=\"37569\" data-permalink=\"https:\/\/www.shqiperia.com\/blog\/per-4-muaj-ne-karantine-artisti-krijon-pikturen-me-te-madhe-ne-bote\/ar-200708450-750x375\/\" data-orig-file=\"https:\/\/i0.wp.com\/www.shqiperia.com\/blog\/wp-content\/uploads\/2020\/08\/AR-200708450-750x375-1.jpg?fit=750%2C375&amp;ssl=1\" data-orig-size=\"750,375\" data-comments-opened=\"1\" data-image-meta=\"{&quot;aperture&quot;:&quot;0&quot;,&quot;credit&quot;:&quot;&quot;,&quot;camera&quot;:&quot;&quot;,&quot;caption&quot;:&quot;&quot;,&quot;created_timestamp&quot;:&quot;0&quot;,&quot;copyright&quot;:&quot;&quot;,&quot;focal_length&quot;:&quot;0&quot;,&quot;iso&quot;:&quot;0&quot;,&quot;shutter_speed&quot;:&quot;0&quot;,&quot;title&quot;:&quot;&quot;,&quot;orientation&quot;:&quot;0&quot;}\" data-image-title=\"AR-200708450-750&#215;375\" data-image-description=\"\" data-image-caption=\"\" data-medium-file=\"https:\/\/i0.wp.com\/www.shqiperia.com\/blog\/wp-content\/uploads\/2020\/08\/AR-200708450-750x375-1.jpg?fit=300%2C150&amp;ssl=1\" data-large-file=\"https:\/\/i0.wp.com\/www.shqiperia.com\/blog\/wp-content\/uploads\/2020\/08\/AR-200708450-750x375-1.jpg?fit=750%2C375&amp;ssl=1\" class=\"alignnone  wp-image-37569\" alt=\"\" src=\"https:\/\/i0.wp.com\/www.shqiperia.com\/blog\/wp-content\/uploads\/2020\/08\/AR-200708450-750x375-1.jpg?resize=516%2C258&#038;ssl=1\" width=\"516\" height=\"258\" srcset=\"https:\/\/i0.wp.com\/www.shqiperia.com\/blog\/wp-content\/uploads\/2020\/08\/AR-200708450-750x375-1.jpg?resize=300%2C150&amp;ssl=1 300w, https:\/\/i0.wp.com\/www.shqiperia.com\/blog\/wp-content\/uploads\/2020\/08\/AR-200708450-750x375-1.jpg?resize=450%2C225&amp;ssl=1 450w, https:\/\/i0.wp.com\/www.shqiperia.com\/blog\/wp-content\/uploads\/2020\/08\/AR-200708450-750x375-1.jpg?resize=600%2C300&amp;ssl=1 600w, https:\/\/i0.wp.com\/www.shqiperia.com\/blog\/wp-content\/uploads\/2020\/08\/AR-200708450-750x375-1.jpg?resize=400%2C200&amp;ssl=1 400w, https:\/\/i0.wp.com\/www.shqiperia.com\/blog\/wp-content\/uploads\/2020\/08\/AR-200708450-750x375-1.jpg?w=750&amp;ssl=1 750w\" sizes=\"auto, (max-width: 516px) 100vw, 516px\" \/><\/p>\n<p>P\u00ebr 4 muaj n\u00eb karantin\u00eb, artisti krijon piktur\u00ebn m\u00eb t\u00eb madhe n\u00eb bot\u00eb<\/p>\n<p><a href=\"https:\/\/kohajone.com\/per-4-muaj-ne-karantine-artisti-krijon-pikturen-me-te-madhe-ne-bote\/\">21\/08\/2020 <\/a><\/p>\n<p><strong>Artisti britanik Sacha Jafri vendosi q\u00eb n\u00eb bashk\u00ebpunim me autoritetet e Dubait t\u00eb merrte \u2018peng\u2019 sall\u00ebn e ballos t\u00eb hotelit ku po q\u00ebndronte i karantinuar p\u00ebr 4 muaj, Atlantis The Palm, duke e krijuar nj\u00eb vep\u00ebr komplekse q\u00eb n\u00eb p\u00ebrfundim do t\u00eb shtrihet n\u00eb nj\u00eb sip\u00ebrfaqe prej rreth 2 mij\u00eb metrash katror\u00eb, sa 4 fusha basketbolli.<\/strong><\/p>\n<p>I njohur p\u00ebr stilin e realizmit magjik t\u00eb veprave, 43-vje\u00e7ari q\u00eb ka studiuar n\u00eb disa prej shkollave m\u00eb prestigjioze britanike, si ajo e Eton Jafri, e ka quajtur vepr\u00ebn \u201cRrug\u00ebtimi i Njer\u00ebzimit\u201d dhe \u00ebsht\u00eb e kompozuar pjes\u00ebrisht me qindra vepra q\u00eb f\u00ebmij\u00eb nga e gjith\u00eb bota ia kan\u00eb d\u00ebrguar online.<\/p>\n<p>\u201cI k\u00ebrkova f\u00ebmij\u00ebve t\u00eb d\u00ebrgonin vepra q\u00eb tregonin sesi ndiheshin n\u00eb k\u00ebto momente karantine dhe pandemie. P\u00ebr t\u00eb rriturit \u00ebsht\u00eb mjaftuesh\u00ebm e v\u00ebshtir\u00eb, mendoni p\u00ebr nj\u00eb f\u00ebmij\u00eb 4-vje\u00e7ar\u201d, thot\u00eb Jafri, i cili mendon ta p\u00ebrfundoj\u00eb vepr\u00ebn n\u00eb rreth 6 muaj, ku 4 kan\u00eb kaluar tashm\u00eb.<\/p>\n<p>N\u00eb p\u00ebrfundim, vepra do t\u00eb ngrihet v\u00ebrtikalisht dhe do t\u00eb projektohet n\u00eb qiellg\u00ebrvisht\u00ebsin m\u00eb t\u00eb lart\u00eb n\u00eb bot\u00eb, Burj Khalifa dhe m\u00eb pas do t\u00eb ndahet n\u00eb 60 panele m\u00eb t\u00eb vogla p\u00ebr t\u2019u shitur n\u00eb ankand.<\/p>\n<p>\u201cMendoj se do t\u00eb ket\u00eb koleksionist\u00eb t\u00eb m\u00ebdhenj q\u00eb mund t\u00eb paguajn\u00eb edhe 4 milion\u00eb dollar\u00eb p\u00ebr \u00e7do panel\u201d, thot\u00eb artisti, q\u00eb mendon t\u00eb mbledh\u00eb rreth 30 milion\u00eb dollar\u00eb nga e gjith\u00eb vepra.<\/p>\n<p><img data-recalc-dims=\"1\" loading=\"lazy\" decoding=\"async\" data-attachment-id=\"37569\" data-permalink=\"https:\/\/www.shqiperia.com\/blog\/per-4-muaj-ne-karantine-artisti-krijon-pikturen-me-te-madhe-ne-bote\/ar-200708450-750x375\/\" data-orig-file=\"https:\/\/i0.wp.com\/www.shqiperia.com\/blog\/wp-content\/uploads\/2020\/08\/AR-200708450-750x375-1.jpg?fit=750%2C375&amp;ssl=1\" data-orig-size=\"750,375\" data-comments-opened=\"1\" data-image-meta=\"{&quot;aperture&quot;:&quot;0&quot;,&quot;credit&quot;:&quot;&quot;,&quot;camera&quot;:&quot;&quot;,&quot;caption&quot;:&quot;&quot;,&quot;created_timestamp&quot;:&quot;0&quot;,&quot;copyright&quot;:&quot;&quot;,&quot;focal_length&quot;:&quot;0&quot;,&quot;iso&quot;:&quot;0&quot;,&quot;shutter_speed&quot;:&quot;0&quot;,&quot;title&quot;:&quot;&quot;,&quot;orientation&quot;:&quot;0&quot;}\" data-image-title=\"AR-200708450-750&#215;375\" data-image-description=\"\" data-image-caption=\"\" data-medium-file=\"https:\/\/i0.wp.com\/www.shqiperia.com\/blog\/wp-content\/uploads\/2020\/08\/AR-200708450-750x375-1.jpg?fit=300%2C150&amp;ssl=1\" data-large-file=\"https:\/\/i0.wp.com\/www.shqiperia.com\/blog\/wp-content\/uploads\/2020\/08\/AR-200708450-750x375-1.jpg?fit=750%2C375&amp;ssl=1\" class=\"alignnone  wp-image-37569\" alt=\"\" src=\"https:\/\/i0.wp.com\/www.shqiperia.com\/blog\/wp-content\/uploads\/2020\/08\/AR-200708450-750x375-1.jpg?resize=640%2C320&#038;ssl=1\" width=\"640\" height=\"320\" srcset=\"https:\/\/i0.wp.com\/www.shqiperia.com\/blog\/wp-content\/uploads\/2020\/08\/AR-200708450-750x375-1.jpg?resize=300%2C150&amp;ssl=1 300w, https:\/\/i0.wp.com\/www.shqiperia.com\/blog\/wp-content\/uploads\/2020\/08\/AR-200708450-750x375-1.jpg?resize=450%2C225&amp;ssl=1 450w, https:\/\/i0.wp.com\/www.shqiperia.com\/blog\/wp-content\/uploads\/2020\/08\/AR-200708450-750x375-1.jpg?resize=600%2C300&amp;ssl=1 600w, https:\/\/i0.wp.com\/www.shqiperia.com\/blog\/wp-content\/uploads\/2020\/08\/AR-200708450-750x375-1.jpg?resize=400%2C200&amp;ssl=1 400w, https:\/\/i0.wp.com\/www.shqiperia.com\/blog\/wp-content\/uploads\/2020\/08\/AR-200708450-750x375-1.jpg?w=750&amp;ssl=1 750w\" sizes=\"auto, (max-width: 640px) 100vw, 640px\" \/><\/p>\n<p>T\u00eb gjith\u00eb parat\u00eb do t\u00eb shkojn\u00eb n\u00eb bamir\u00ebsi, pik\u00ebrisht p\u00ebr f\u00ebmij\u00ebt n\u00eb nevoj\u00eb, nj\u00eb projekt ky i mb\u00ebshtetur nga UNESCO dhe yje t\u00eb showbizit si Rita Ora dhe Eva Longoria.<\/p>\n","protected":false},"excerpt":{"rendered":"<p>P\u00ebr 4 muaj n\u00eb karantin\u00eb, artisti krijon piktur\u00ebn m\u00eb t\u00eb madhe n\u00eb bot\u00eb 21\/08\/2020 Artisti britanik Sacha Jafri vendosi q\u00eb n\u00eb bashk\u00ebpunim me autoritetet e Dubait t\u00eb merrte \u2018peng\u2019 sall\u00ebn e ballos t\u00eb hotelit ku po q\u00ebndronte i karantinuar p\u00ebr 4 muaj, Atlantis The Palm, duke e krijuar nj\u00eb vep\u00ebr komplekse q\u00eb n\u00eb p\u00ebrfundim do [&hellip;]<\/p>\n","protected":false},"author":9,"featured_media":37569,"comment_status":"open","ping_status":"open","sticky":false,"template":"","format":"standard","meta":{"jetpack_post_was_ever_published":false,"_jetpack_newsletter_access":"","_jetpack_dont_email_post_to_subs":false,"_jetpack_newsletter_tier_id":0,"_jetpack_memberships_contains_paywalled_content":false,"_jetpack_memberships_contains_paid_content":false,"footnotes":"","jetpack_publicize_message":"","jetpack_publicize_feature_enabled":true,"jetpack_social_post_already_shared":true,"jetpack_social_options":{"image_generator_settings":{"template":"highway","default_image_id":0,"font":"","enabled":false},"version":2}},"categories":[87,10,14],"tags":[],"class_list":["post-37568","post","type-post","status-publish","format-standard","has-post-thumbnail","hentry","category-arte","category-kultura","category-press-releases"],"jetpack_publicize_connections":[],"jetpack_featured_media_url":"https:\/\/i0.wp.com\/www.shqiperia.com\/blog\/wp-content\/uploads\/2020\/08\/AR-200708450-750x375-1.jpg?fit=750%2C375&ssl=1","jetpack_sharing_enabled":true,"jetpack_shortlink":"https:\/\/wp.me\/p5Z6wp-9LW","jetpack-related-posts":[{"id":45689,"url":"https:\/\/www.shqiperia.com\/blog\/piktura-me-e-madhe-ne-bote-shitet-per-62-milione-dollare\/","url_meta":{"origin":37568,"position":0},"title":"Piktura m\u00eb e madhe n\u00eb bot\u00eb shitet p\u00ebr 62 milion\u00eb dollar\u00eb","author":"Kurt Farka","date":"March 24, 2021","format":false,"excerpt":"Piktura m\u00eb e madhe n\u00eb bot\u00eb shitet p\u00ebr 62 milion\u00eb dollar\u00eb 24 mars 2021 E konfirmuar nga Rekordet Bot\u00ebrore Guinness si piktura m\u00eb e madhe n\u00eb bot\u00eb, \u201cThe Journey of Humanity\u201d , u shit p\u00ebr 62 milion\u00eb dollar\u00eb, duke e vendosur at\u00eb n\u00eb mesin e veprave m\u00eb t\u00eb shtrenjta artistike\u2026","rel":"","context":"In &quot;Arte&quot;","block_context":{"text":"Arte","link":"https:\/\/www.shqiperia.com\/blog\/category\/arte\/"},"img":{"alt_text":"","src":"https:\/\/i0.wp.com\/www.shqiperia.com\/blog\/wp-content\/uploads\/2021\/03\/auto_1-461616580253.jpg?fit=900%2C474&ssl=1&resize=350%2C200","width":350,"height":200,"srcset":"https:\/\/i0.wp.com\/www.shqiperia.com\/blog\/wp-content\/uploads\/2021\/03\/auto_1-461616580253.jpg?fit=900%2C474&ssl=1&resize=350%2C200 1x, https:\/\/i0.wp.com\/www.shqiperia.com\/blog\/wp-content\/uploads\/2021\/03\/auto_1-461616580253.jpg?fit=900%2C474&ssl=1&resize=525%2C300 1.5x, https:\/\/i0.wp.com\/www.shqiperia.com\/blog\/wp-content\/uploads\/2021\/03\/auto_1-461616580253.jpg?fit=900%2C474&ssl=1&resize=700%2C400 2x"},"classes":[]},{"id":18109,"url":"https:\/\/www.shqiperia.com\/blog\/hulumtimi-permes-artit-nga-artisti-bashkohor-ilir-bala\/","url_meta":{"origin":37568,"position":1},"title":"HULUMTIMI PERMES ARTIT NGA ARTISTI BASHKOHOR ILIR BALA. &#8211;","author":"Kurt Farka","date":"March 8, 2019","format":false,"excerpt":"HULUMTIMI PERMES ARTIT NGA ARTISTI BASHKOHOR ILIR BALA. - Artisti i artit figurativ Ilir Bala, kreu shkollen e mesme n\u00eb Liceun Artistik \u201d Prek Jakova\u201d, n\u00eb vitin 1995. Nj\u00eb vit me von\u00eb filloi studimet e larta n\u00eb deg\u00ebn piktur\u00ebs n\u00eb Universitetin e Arteve n\u00eb Tiran\u00eb, ku dhe dipllomohet me sukses\u2026","rel":"","context":"In &quot;Arte&quot;","block_context":{"text":"Arte","link":"https:\/\/www.shqiperia.com\/blog\/category\/arte\/"},"img":{"alt_text":"","src":"https:\/\/i0.wp.com\/www.shqiperia.com\/blog\/wp-content\/uploads\/2019\/03\/53513143_271022190494744_7851110649840009216_n-1170x789.jpg?fit=1170%2C789&ssl=1&resize=350%2C200","width":350,"height":200,"srcset":"https:\/\/i0.wp.com\/www.shqiperia.com\/blog\/wp-content\/uploads\/2019\/03\/53513143_271022190494744_7851110649840009216_n-1170x789.jpg?fit=1170%2C789&ssl=1&resize=350%2C200 1x, https:\/\/i0.wp.com\/www.shqiperia.com\/blog\/wp-content\/uploads\/2019\/03\/53513143_271022190494744_7851110649840009216_n-1170x789.jpg?fit=1170%2C789&ssl=1&resize=525%2C300 1.5x, https:\/\/i0.wp.com\/www.shqiperia.com\/blog\/wp-content\/uploads\/2019\/03\/53513143_271022190494744_7851110649840009216_n-1170x789.jpg?fit=1170%2C789&ssl=1&resize=700%2C400 2x, https:\/\/i0.wp.com\/www.shqiperia.com\/blog\/wp-content\/uploads\/2019\/03\/53513143_271022190494744_7851110649840009216_n-1170x789.jpg?fit=1170%2C789&ssl=1&resize=1050%2C600 3x"},"classes":[]},{"id":11875,"url":"https:\/\/www.shqiperia.com\/blog\/revista-prestigjioze-wild-walls-perzgjedh-muralen-ne-uren-vajgurore-si-1-nga-10-me-te-mirat-ne-bote\/","url_meta":{"origin":37568,"position":2},"title":"Revista prestigjioze \u201cWild Walls\u201d p\u00ebrzgjedh muralen n\u00eb Ur\u00ebn Vajgurore si 1 nga 10 m\u00eb t\u00eb mirat n\u00eb bot\u00eb. &#8211;","author":"Kurt Farka","date":"September 23, 2018","format":false,"excerpt":"Revista prestigjioze \u201cWild Walls\u201d p\u00ebrzgjedh muralen n\u00eb Ur\u00ebn Vajgurore si 1 nga 10 m\u00eb t\u00eb mirat n\u00eb bot\u00eb. - Revista prestigjioze zvicerane \u201cWild Walls\u201d ka p\u00ebrzgjedhur muralen e pikturuar n\u00eb qytetin e Ur\u00ebs Vajgurore si nj\u00eb nga 10 m\u00eb t\u00eb mirat n\u00eb bot\u00eb. P\u00ebrzgjedhja \u00ebsht\u00eb njoftuar nga kryeredaktorja e revist\u00ebs,\u2026","rel":"","context":"In &quot;Arte&quot;","block_context":{"text":"Arte","link":"https:\/\/www.shqiperia.com\/blog\/category\/arte\/"},"img":{"alt_text":"","src":"https:\/\/i0.wp.com\/www.shqiperia.com\/blog\/wp-content\/uploads\/2018\/09\/WhatsApp-Image-2018-09-19-at-13.25.15.jpeg?fit=682%2C371&ssl=1&resize=350%2C200","width":350,"height":200,"srcset":"https:\/\/i0.wp.com\/www.shqiperia.com\/blog\/wp-content\/uploads\/2018\/09\/WhatsApp-Image-2018-09-19-at-13.25.15.jpeg?fit=682%2C371&ssl=1&resize=350%2C200 1x, https:\/\/i0.wp.com\/www.shqiperia.com\/blog\/wp-content\/uploads\/2018\/09\/WhatsApp-Image-2018-09-19-at-13.25.15.jpeg?fit=682%2C371&ssl=1&resize=525%2C300 1.5x"},"classes":[]},{"id":40222,"url":"https:\/\/www.shqiperia.com\/blog\/arte-figurative-10-milione-dollare-per-banksy-n\/","url_meta":{"origin":37568,"position":3},"title":"Arte Figurative: &#8211; 10 milion\u00eb dollar\u00eb p\u00ebr Banksy-n","author":"Kurt Farka","date":"October 29, 2020","format":false,"excerpt":"Arte Figurative: - 10 milion\u00eb dollar\u00eb p\u00ebr Banksy-n Nga:\u00a0Besmira Pelushaj 22\/10\/2020 Nj\u00eb piktur\u00eb n\u00eb vaj e artistit britanik Banksy \u00ebsht\u00eb shitur n\u00eb ankand n\u00eb vler\u00ebn rekord t\u00eb 10 mln dollar\u00ebve. Vepra q\u00eb \u00ebsht\u00eb nj\u00eb parodi e Monet tejkaloi \u00e7do parashikim t\u00eb vler\u00ebsuesve t\u00eb saj. Nj\u00eb piktur\u00eb e artistit britanik, Banksy\u2026","rel":"","context":"In &quot;Arte&quot;","block_context":{"text":"Arte","link":"https:\/\/www.shqiperia.com\/blog\/category\/arte\/"},"img":{"alt_text":"","src":"https:\/\/i0.wp.com\/www.shqiperia.com\/blog\/wp-content\/uploads\/2020\/10\/banksy.jpg?fit=1200%2C579&ssl=1&resize=350%2C200","width":350,"height":200,"srcset":"https:\/\/i0.wp.com\/www.shqiperia.com\/blog\/wp-content\/uploads\/2020\/10\/banksy.jpg?fit=1200%2C579&ssl=1&resize=350%2C200 1x, https:\/\/i0.wp.com\/www.shqiperia.com\/blog\/wp-content\/uploads\/2020\/10\/banksy.jpg?fit=1200%2C579&ssl=1&resize=525%2C300 1.5x, https:\/\/i0.wp.com\/www.shqiperia.com\/blog\/wp-content\/uploads\/2020\/10\/banksy.jpg?fit=1200%2C579&ssl=1&resize=700%2C400 2x, https:\/\/i0.wp.com\/www.shqiperia.com\/blog\/wp-content\/uploads\/2020\/10\/banksy.jpg?fit=1200%2C579&ssl=1&resize=1050%2C600 3x"},"classes":[]},{"id":10900,"url":"https:\/\/www.shqiperia.com\/blog\/dasma-e-lin-delise-nga-italia-ne-shkoder-artisti-genti-tavanxhiu-vepra-ka-vlera-te-vecanta\/","url_meta":{"origin":37568,"position":4},"title":"\u201cDasma\u201d e Lin Delis\u00eb nga Italia n\u00eb Shkod\u00ebr, artisti Genti Tavanxhiu: Vepra ka vlera t\u00eb ve\u00e7anta. &#8211;","author":"Kurt Farka","date":"August 22, 2018","format":false,"excerpt":"\u201cDasma\u201d e Lin Delis\u00eb nga Italia n\u00eb Shkod\u00ebr, artisti Genti Tavanxhiu: Vepra ka vlera t\u00eb ve\u00e7anta. - \u201cDasma\u201d vep\u00ebr e autorit Lin Delija pritet t\u00eb ekspozohet p\u00ebr her\u00eb t\u00eb par\u00eb n\u00eb qytetin e Shkodr\u00ebs. Artisti dhe kuratori Genti Tavanxhiu pohon se p\u00ebr t\u00eb sjell vepr\u00ebn e artistit Lin Delija kishte\u2026","rel":"","context":"In &quot;Arte&quot;","block_context":{"text":"Arte","link":"https:\/\/www.shqiperia.com\/blog\/category\/arte\/"},"img":{"alt_text":"","src":"https:\/\/i0.wp.com\/www.shqiperia.com\/blog\/wp-content\/uploads\/2018\/08\/dasma-autor-Lin-Delija-Copy.jpg?fit=766%2C459&ssl=1&resize=350%2C200","width":350,"height":200,"srcset":"https:\/\/i0.wp.com\/www.shqiperia.com\/blog\/wp-content\/uploads\/2018\/08\/dasma-autor-Lin-Delija-Copy.jpg?fit=766%2C459&ssl=1&resize=350%2C200 1x, https:\/\/i0.wp.com\/www.shqiperia.com\/blog\/wp-content\/uploads\/2018\/08\/dasma-autor-Lin-Delija-Copy.jpg?fit=766%2C459&ssl=1&resize=525%2C300 1.5x, https:\/\/i0.wp.com\/www.shqiperia.com\/blog\/wp-content\/uploads\/2018\/08\/dasma-autor-Lin-Delija-Copy.jpg?fit=766%2C459&ssl=1&resize=700%2C400 2x"},"classes":[]},{"id":12383,"url":"https:\/\/www.shqiperia.com\/blog\/dasma-e-lin-delise-nga-italia-ne-shkoder-artisti-genti-tavanxhiu-vepra-ka-vlera-te-vecanta-2\/","url_meta":{"origin":37568,"position":5},"title":"\u201cDasma\u201d e Lin Delis\u00eb nga Italia n\u00eb Shkod\u00ebr, artisti Genti Tavanxhiu: Vepra ka vlera t\u00eb ve\u00e7anta. &#8211;","author":"Kurt Farka","date":"October 7, 2018","format":false,"excerpt":"\u201cDasma\u201d e Lin Delis\u00eb nga Italia n\u00eb Shkod\u00ebr, artisti Genti Tavanxhiu: Vepra ka vlera t\u00eb ve\u00e7anta. - \u201cDasma\u201d vep\u00ebr e autorit Lin Delija pritet t\u00eb ekspozohet p\u00ebr her\u00eb t\u00eb par\u00eb n\u00eb qytetin e Shkodr\u00ebs. Artisti dhe kuratori Genti Tavanxhiu pohon se p\u00ebr t\u00eb sjell vepr\u00ebn e artistit Lin Delija kishte\u2026","rel":"","context":"In &quot;Arte&quot;","block_context":{"text":"Arte","link":"https:\/\/www.shqiperia.com\/blog\/category\/arte\/"},"img":{"alt_text":"","src":"https:\/\/i0.wp.com\/www.shqiperia.com\/blog\/wp-content\/uploads\/2018\/10\/Lin-Delija-3-Copy.jpg?fit=431%2C221&ssl=1&resize=350%2C200","width":350,"height":200},"classes":[]}],"_links":{"self":[{"href":"https:\/\/www.shqiperia.com\/blog\/wp-json\/wp\/v2\/posts\/37568","targetHints":{"allow":["GET"]}}],"collection":[{"href":"https:\/\/www.shqiperia.com\/blog\/wp-json\/wp\/v2\/posts"}],"about":[{"href":"https:\/\/www.shqiperia.com\/blog\/wp-json\/wp\/v2\/types\/post"}],"author":[{"embeddable":true,"href":"https:\/\/www.shqiperia.com\/blog\/wp-json\/wp\/v2\/users\/9"}],"replies":[{"embeddable":true,"href":"https:\/\/www.shqiperia.com\/blog\/wp-json\/wp\/v2\/comments?post=37568"}],"version-history":[{"count":1,"href":"https:\/\/www.shqiperia.com\/blog\/wp-json\/wp\/v2\/posts\/37568\/revisions"}],"predecessor-version":[{"id":37570,"href":"https:\/\/www.shqiperia.com\/blog\/wp-json\/wp\/v2\/posts\/37568\/revisions\/37570"}],"wp:featuredmedia":[{"embeddable":true,"href":"https:\/\/www.shqiperia.com\/blog\/wp-json\/wp\/v2\/media\/37569"}],"wp:attachment":[{"href":"https:\/\/www.shqiperia.com\/blog\/wp-json\/wp\/v2\/media?parent=37568"}],"wp:term":[{"taxonomy":"category","embeddable":true,"href":"https:\/\/www.shqiperia.com\/blog\/wp-json\/wp\/v2\/categories?post=37568"},{"taxonomy":"post_tag","embeddable":true,"href":"https:\/\/www.shqiperia.com\/blog\/wp-json\/wp\/v2\/tags?post=37568"}],"curies":[{"name":"wp","href":"https:\/\/api.w.org\/{rel}","templated":true}]}}