{"id":37562,"date":"2020-08-23T06:04:51","date_gmt":"2020-08-23T06:04:51","guid":{"rendered":"https:\/\/www.shqiperia.com\/blog\/?p=37562"},"modified":"2020-08-23T06:04:51","modified_gmt":"2020-08-23T06:04:51","slug":"kulla-200-vjecare-me-vlera-te-vecanta-arkitektonike-ne-vlore-eshte-kthyer-tashme-haur-bagetish","status":"publish","type":"post","link":"https:\/\/www.shqiperia.com\/blog\/kulla-200-vjecare-me-vlera-te-vecanta-arkitektonike-ne-vlore-eshte-kthyer-tashme-haur-bagetish\/","title":{"rendered":"Kulla 200 vje\u00e7are me vlera te vecanta arkitektonike n\u00eb Vlor\u00eb eshte kthyer tashm\u00eb haur bagetish.\u00a0"},"content":{"rendered":"<p><img data-recalc-dims=\"1\" loading=\"lazy\" decoding=\"async\" data-attachment-id=\"37563\" data-permalink=\"https:\/\/www.shqiperia.com\/blog\/kulla-200-vjecare-me-vlera-te-vecanta-arkitektonike-ne-vlore-eshte-kthyer-tashme-haur-bagetish\/kulla-e-dervish-aliut-780x439\/\" data-orig-file=\"https:\/\/i0.wp.com\/www.shqiperia.com\/blog\/wp-content\/uploads\/2020\/08\/Kulla-e-Dervish-Aliut-780x439-1.jpeg?fit=780%2C439&amp;ssl=1\" data-orig-size=\"780,439\" data-comments-opened=\"1\" data-image-meta=\"{&quot;aperture&quot;:&quot;0&quot;,&quot;credit&quot;:&quot;&quot;,&quot;camera&quot;:&quot;&quot;,&quot;caption&quot;:&quot;&quot;,&quot;created_timestamp&quot;:&quot;0&quot;,&quot;copyright&quot;:&quot;&quot;,&quot;focal_length&quot;:&quot;0&quot;,&quot;iso&quot;:&quot;0&quot;,&quot;shutter_speed&quot;:&quot;0&quot;,&quot;title&quot;:&quot;&quot;,&quot;orientation&quot;:&quot;0&quot;}\" data-image-title=\"Kulla-e-Dervish-Aliut-780&#215;439\" data-image-description=\"\" data-image-caption=\"\" data-medium-file=\"https:\/\/i0.wp.com\/www.shqiperia.com\/blog\/wp-content\/uploads\/2020\/08\/Kulla-e-Dervish-Aliut-780x439-1.jpeg?fit=300%2C169&amp;ssl=1\" data-large-file=\"https:\/\/i0.wp.com\/www.shqiperia.com\/blog\/wp-content\/uploads\/2020\/08\/Kulla-e-Dervish-Aliut-780x439-1.jpeg?fit=780%2C439&amp;ssl=1\" class=\"alignnone  wp-image-37563\" alt=\"\" src=\"https:\/\/i0.wp.com\/www.shqiperia.com\/blog\/wp-content\/uploads\/2020\/08\/Kulla-e-Dervish-Aliut-780x439-1.jpeg?resize=659%2C371&#038;ssl=1\" width=\"659\" height=\"371\" srcset=\"https:\/\/i0.wp.com\/www.shqiperia.com\/blog\/wp-content\/uploads\/2020\/08\/Kulla-e-Dervish-Aliut-780x439-1.jpeg?resize=300%2C169&amp;ssl=1 300w, https:\/\/i0.wp.com\/www.shqiperia.com\/blog\/wp-content\/uploads\/2020\/08\/Kulla-e-Dervish-Aliut-780x439-1.jpeg?resize=768%2C432&amp;ssl=1 768w, https:\/\/i0.wp.com\/www.shqiperia.com\/blog\/wp-content\/uploads\/2020\/08\/Kulla-e-Dervish-Aliut-780x439-1.jpeg?resize=450%2C253&amp;ssl=1 450w, https:\/\/i0.wp.com\/www.shqiperia.com\/blog\/wp-content\/uploads\/2020\/08\/Kulla-e-Dervish-Aliut-780x439-1.jpeg?resize=600%2C338&amp;ssl=1 600w, https:\/\/i0.wp.com\/www.shqiperia.com\/blog\/wp-content\/uploads\/2020\/08\/Kulla-e-Dervish-Aliut-780x439-1.jpeg?resize=400%2C225&amp;ssl=1 400w, https:\/\/i0.wp.com\/www.shqiperia.com\/blog\/wp-content\/uploads\/2020\/08\/Kulla-e-Dervish-Aliut-780x439-1.jpeg?w=780&amp;ssl=1 780w\" sizes=\"auto, (max-width: 659px) 100vw, 659px\" \/><\/p>\n<p style=\"margin-bottom: 4.8pt;line-height: normal;background: white;vertical-align: baseline\" class=\"MsoNormal\"><span style=\"font-size: 31.5pt;font-family: 'Roboto','serif';color: #212121;letter-spacing: -.5pt\">Kulla 200 vje\u00e7are me vlera te vecanta arkitektonike n\u00eb Vlor\u00eb eshte kthyer tashm\u00eb haur bagetish.\u00a0<\/span><\/p>\n<p style=\"margin-bottom: .0001pt;line-height: normal;background: white;vertical-align: baseline\" class=\"MsoNormal\"><span style=\"font-size: 10.0pt;font-family: 'inherit','serif';color: #a0a0a0\"><a href=\"https:\/\/kohajone.com\/kulla-200-vjecare-ne-vlore-tashme-i-perket-bagetive\/\"><span style=\"color: blue;border: none windowtext 1.0pt;padding: 0in;text-decoration: none\">14\/08\/2020 <\/span><\/a><\/span><\/p>\n<p style=\"margin-bottom: .0001pt;line-height: normal;background: white;vertical-align: baseline\" class=\"MsoNormal\"><span style=\"font-size: 10.0pt;font-family: 'inherit','serif';color: #a0a0a0\">\u00a0<\/span><\/p>\n<p style=\"margin-bottom: 15.0pt;line-height: 19.5pt;background: white;vertical-align: baseline\" class=\"MsoNormal\"><span style=\"font-size: 12.0pt;font-family: 'Roboto','serif';color: #333333\">Kulla e Dervish Aliut n\u00eb Dukat t\u00eb Vlor\u00ebs e shpallur monument kulture n\u00eb vitin 1987 tashm\u00eb i takon bag\u00ebtive.<\/span><\/p>\n<p style=\"margin-bottom: 15.0pt;line-height: 19.5pt;background: white;vertical-align: baseline\" class=\"MsoNormal\"><span style=\"font-size: 12.0pt;font-family: 'Roboto','serif';color: #333333\">Mure t\u00eb rr\u00ebzuara, nj\u00eb der\u00eb e r\u00ebn\u00eb p\u00ebrtok\u00eb q\u00eb t\u00eb uron mir\u00ebseardhjen apo edhe tavani q\u00eb mund t\u00eb bjeri nga momenti n\u00eb moment t\u00eb l\u00ebn\u00eb nj\u00eb shije t\u00eb hidhur.<\/span><\/p>\n<p><img data-recalc-dims=\"1\" loading=\"lazy\" decoding=\"async\" data-attachment-id=\"37564\" data-permalink=\"https:\/\/www.shqiperia.com\/blog\/kulla-200-vjecare-me-vlera-te-vecanta-arkitektonike-ne-vlore-eshte-kthyer-tashme-haur-bagetish\/kulla-750x375\/\" data-orig-file=\"https:\/\/i0.wp.com\/www.shqiperia.com\/blog\/wp-content\/uploads\/2020\/08\/kulla-750x375-1.jpg?fit=750%2C375&amp;ssl=1\" data-orig-size=\"750,375\" data-comments-opened=\"1\" data-image-meta=\"{&quot;aperture&quot;:&quot;0&quot;,&quot;credit&quot;:&quot;&quot;,&quot;camera&quot;:&quot;&quot;,&quot;caption&quot;:&quot;&quot;,&quot;created_timestamp&quot;:&quot;0&quot;,&quot;copyright&quot;:&quot;&quot;,&quot;focal_length&quot;:&quot;0&quot;,&quot;iso&quot;:&quot;0&quot;,&quot;shutter_speed&quot;:&quot;0&quot;,&quot;title&quot;:&quot;&quot;,&quot;orientation&quot;:&quot;0&quot;}\" data-image-title=\"kulla-750&#215;375\" data-image-description=\"\" data-image-caption=\"\" data-medium-file=\"https:\/\/i0.wp.com\/www.shqiperia.com\/blog\/wp-content\/uploads\/2020\/08\/kulla-750x375-1.jpg?fit=300%2C150&amp;ssl=1\" data-large-file=\"https:\/\/i0.wp.com\/www.shqiperia.com\/blog\/wp-content\/uploads\/2020\/08\/kulla-750x375-1.jpg?fit=750%2C375&amp;ssl=1\" class=\"alignnone  wp-image-37564\" alt=\"\" src=\"https:\/\/i0.wp.com\/www.shqiperia.com\/blog\/wp-content\/uploads\/2020\/08\/kulla-750x375-1.jpg?resize=726%2C363&#038;ssl=1\" width=\"726\" height=\"363\" srcset=\"https:\/\/i0.wp.com\/www.shqiperia.com\/blog\/wp-content\/uploads\/2020\/08\/kulla-750x375-1.jpg?resize=300%2C150&amp;ssl=1 300w, https:\/\/i0.wp.com\/www.shqiperia.com\/blog\/wp-content\/uploads\/2020\/08\/kulla-750x375-1.jpg?resize=450%2C225&amp;ssl=1 450w, https:\/\/i0.wp.com\/www.shqiperia.com\/blog\/wp-content\/uploads\/2020\/08\/kulla-750x375-1.jpg?resize=600%2C300&amp;ssl=1 600w, https:\/\/i0.wp.com\/www.shqiperia.com\/blog\/wp-content\/uploads\/2020\/08\/kulla-750x375-1.jpg?resize=400%2C200&amp;ssl=1 400w, https:\/\/i0.wp.com\/www.shqiperia.com\/blog\/wp-content\/uploads\/2020\/08\/kulla-750x375-1.jpg?w=750&amp;ssl=1 750w\" sizes=\"auto, (max-width: 726px) 100vw, 726px\" \/><\/p>\n<p style=\"margin-bottom: 15.0pt;line-height: 19.5pt;background: white;vertical-align: baseline\" class=\"MsoNormal\"><span style=\"font-size: 12.0pt;font-family: 'Roboto','serif';color: #333333\">Jo vet\u00ebm monumenti i kultur\u00ebs, por edhe rruga q\u00eb t\u00eb \u00e7on n\u00eb k\u00ebt\u00eb monument kulture \u00ebsht\u00eb t\u00ebr\u00ebsisht e paakesueshme me automjete.<\/span><\/p>\n<p style=\"margin-bottom: 15.0pt;line-height: 19.5pt;background: white;vertical-align: baseline\" class=\"MsoNormal\"><span style=\"font-size: 12.0pt;font-family: 'Roboto','serif';color: #333333\">P\u00ebr rreth nj\u00eb km duhet t\u00eb kalosh n\u00eb nj\u00eb shteg bag\u00ebtish, i cili ia v\u00ebshtir\u00ebson pun\u00ebn jo vet\u00ebm turist\u00ebve, por edhe pushuesve t\u00eb huaj.<\/span><\/p>\n<p style=\"margin-bottom: 15.0pt;line-height: 19.5pt;background: white;vertical-align: baseline\" class=\"MsoNormal\"><span style=\"font-size: 12.0pt;font-family: 'Roboto','serif';color: #333333\">Njoh\u00ebsit e mir\u00eb t\u00eb historis\u00eb s\u00eb trevave shqiptare tregojn\u00eb p\u00ebr r\u00ebnd\u00ebsin\u00eb historike q\u00eb ka ky monument 200 vje\u00e7ar.<\/span><\/p>\n<p style=\"margin-bottom: 15.0pt;line-height: 19.5pt;background: white;vertical-align: baseline\" class=\"MsoNormal\"><span style=\"font-size: 12.0pt;font-family: 'Roboto','serif';color: #333333\">P\u00ebr historian\u00ebt harresa \u00ebsht\u00eb ajo q\u00eb d\u00ebmton edhe m\u00eb shum\u00eb.<\/span><\/p>\n<p><img data-recalc-dims=\"1\" loading=\"lazy\" decoding=\"async\" data-attachment-id=\"37565\" data-permalink=\"https:\/\/www.shqiperia.com\/blog\/kulla-200-vjecare-me-vlera-te-vecanta-arkitektonike-ne-vlore-eshte-kthyer-tashme-haur-bagetish\/kulladervishaliut\/\" data-orig-file=\"https:\/\/i0.wp.com\/www.shqiperia.com\/blog\/wp-content\/uploads\/2020\/08\/KullaDervishAliut.jpg?fit=320%2C184&amp;ssl=1\" data-orig-size=\"320,184\" data-comments-opened=\"1\" data-image-meta=\"{&quot;aperture&quot;:&quot;0&quot;,&quot;credit&quot;:&quot;&quot;,&quot;camera&quot;:&quot;&quot;,&quot;caption&quot;:&quot;&quot;,&quot;created_timestamp&quot;:&quot;0&quot;,&quot;copyright&quot;:&quot;&quot;,&quot;focal_length&quot;:&quot;0&quot;,&quot;iso&quot;:&quot;0&quot;,&quot;shutter_speed&quot;:&quot;0&quot;,&quot;title&quot;:&quot;&quot;,&quot;orientation&quot;:&quot;0&quot;}\" data-image-title=\"KullaDervishAliut\" data-image-description=\"\" data-image-caption=\"\" data-medium-file=\"https:\/\/i0.wp.com\/www.shqiperia.com\/blog\/wp-content\/uploads\/2020\/08\/KullaDervishAliut.jpg?fit=300%2C173&amp;ssl=1\" data-large-file=\"https:\/\/i0.wp.com\/www.shqiperia.com\/blog\/wp-content\/uploads\/2020\/08\/KullaDervishAliut.jpg?fit=320%2C184&amp;ssl=1\" class=\"alignnone  wp-image-37565\" alt=\"\" src=\"https:\/\/i0.wp.com\/www.shqiperia.com\/blog\/wp-content\/uploads\/2020\/08\/KullaDervishAliut.jpg?resize=609%2C351&#038;ssl=1\" width=\"609\" height=\"351\" srcset=\"https:\/\/i0.wp.com\/www.shqiperia.com\/blog\/wp-content\/uploads\/2020\/08\/KullaDervishAliut.jpg?resize=300%2C173&amp;ssl=1 300w, https:\/\/i0.wp.com\/www.shqiperia.com\/blog\/wp-content\/uploads\/2020\/08\/KullaDervishAliut.jpg?w=320&amp;ssl=1 320w\" sizes=\"auto, (max-width: 609px) 100vw, 609px\" \/><\/p>\n<p style=\"margin-bottom: .0001pt;line-height: 19.5pt;background: white;vertical-align: baseline\" class=\"MsoNormal\"><i><span style=\"font-size: 12.0pt;font-family: 'inherit','serif';color: #333333;border: none windowtext 1.0pt;padding: 0in\">\u201cT\u00eb lihet kaq shum\u00eb n\u00eb harres\u00eb un\u00eb do ta quaja nj\u00eb munges\u00eb t\u00eb madhe t\u00eb kultur\u00ebs, t\u00eb gjith\u00eb Lab\u00ebris\u00eb, t\u00eb Vlor\u00ebs dhe Dukatit\u201d<\/span><\/i><span style=\"font-size: 12.0pt;font-family: 'Roboto','serif';color: #333333\"><\/span><\/p>\n<p style=\"margin-bottom: 15.0pt;line-height: 19.5pt;background: white;vertical-align: baseline\" class=\"MsoNormal\"><span style=\"font-size: 12.0pt;font-family: 'Roboto','serif';color: #333333\">Ironia \u00ebsht\u00eb se n\u00eb rrjetet sociale kjo kull\u00eb dhe t\u00eb tjera t\u00eb l\u00ebna n\u00eb kushte mjerimi, paraqiten si nj\u00eb atraksion turistik.<\/span><\/p>\n<p style=\"margin-bottom: .0001pt;line-height: 19.5pt;background: white;vertical-align: baseline\" class=\"MsoNormal\"><i><span style=\"font-size: 12.0pt;font-family: 'inherit','serif';color: #333333;border: none windowtext 1.0pt;padding: 0in\">\u201cMua m\u00eb kan\u00eb th\u00ebn\u00eb shum\u00eb studiues t\u00eb huaj, austriak\u00eb dhe gjerman\u00eb q\u00eb kan\u00eb vajtur dhe e kan\u00eb par\u00eb dhe jan\u00eb shprehur tep\u00ebr t\u00eb zhg\u00ebnjyer se si ka mundwsi q\u00eb po humbet nj\u00eb objekt i till\u00eb i kultur\u00ebs komb\u00ebtare shqiptare\u201d<\/span><\/i><span style=\"font-size: 12.0pt;font-family: 'Roboto','serif';color: #333333\"><\/span><\/p>\n<p style=\"margin-bottom: 15.0pt;line-height: 19.5pt;background: white;vertical-align: baseline\" class=\"MsoNormal\"><span style=\"font-size: 12.0pt;font-family: 'Roboto','serif';color: #333333\">Drejtoria Rajonale e Kultur\u00ebs Komb\u00ebtare n\u00eb Vlor\u00eb n\u00eb fillim t\u00eb vitit 2020 deklaronte se projekti p\u00eb restaurimin e tij ishte gati.<\/span><\/p>\n<p style=\"line-height: 19.5pt;background: white;vertical-align: baseline\" class=\"MsoNormal\"><span style=\"font-size: 12.0pt;font-family: 'Roboto','serif';color: #333333\">T\u00eb pyetur n\u00eb lidhje me k\u00ebt\u00eb \u00e7\u00ebshtje drejtues t\u00eb saj shprehen se nuk kan\u00eb nj\u00eb fond t\u00eb posac\u00ebm, por efekt ka dh\u00ebn\u00eb dhe pandemia p\u00ebr shkak t\u00eb s\u00eb cil\u00ebs jan\u00eb bllokuar projektet.<\/span><\/p>\n<p><img data-recalc-dims=\"1\" loading=\"lazy\" decoding=\"async\" data-attachment-id=\"37566\" data-permalink=\"https:\/\/www.shqiperia.com\/blog\/kulla-200-vjecare-me-vlera-te-vecanta-arkitektonike-ne-vlore-eshte-kthyer-tashme-haur-bagetish\/kulla-e-dervish-aliut-dukat-2-5-2\/\" data-orig-file=\"https:\/\/i0.wp.com\/www.shqiperia.com\/blog\/wp-content\/uploads\/2020\/08\/kulla-e-dervish-aliut-dukat-2-5.jpg?fit=960%2C643&amp;ssl=1\" data-orig-size=\"960,643\" data-comments-opened=\"1\" data-image-meta=\"{&quot;aperture&quot;:&quot;0&quot;,&quot;credit&quot;:&quot;&quot;,&quot;camera&quot;:&quot;&quot;,&quot;caption&quot;:&quot;&quot;,&quot;created_timestamp&quot;:&quot;0&quot;,&quot;copyright&quot;:&quot;&quot;,&quot;focal_length&quot;:&quot;0&quot;,&quot;iso&quot;:&quot;0&quot;,&quot;shutter_speed&quot;:&quot;0&quot;,&quot;title&quot;:&quot;&quot;,&quot;orientation&quot;:&quot;0&quot;}\" data-image-title=\"kulla-e-dervish-aliut-dukat-2-5\" data-image-description=\"\" data-image-caption=\"\" data-medium-file=\"https:\/\/i0.wp.com\/www.shqiperia.com\/blog\/wp-content\/uploads\/2020\/08\/kulla-e-dervish-aliut-dukat-2-5.jpg?fit=300%2C201&amp;ssl=1\" data-large-file=\"https:\/\/i0.wp.com\/www.shqiperia.com\/blog\/wp-content\/uploads\/2020\/08\/kulla-e-dervish-aliut-dukat-2-5.jpg?fit=960%2C643&amp;ssl=1\" class=\"alignnone  wp-image-37566\" alt=\"\" src=\"https:\/\/i0.wp.com\/www.shqiperia.com\/blog\/wp-content\/uploads\/2020\/08\/kulla-e-dervish-aliut-dukat-2-5.jpg?resize=709%2C475&#038;ssl=1\" width=\"709\" height=\"475\" srcset=\"https:\/\/i0.wp.com\/www.shqiperia.com\/blog\/wp-content\/uploads\/2020\/08\/kulla-e-dervish-aliut-dukat-2-5.jpg?resize=300%2C201&amp;ssl=1 300w, https:\/\/i0.wp.com\/www.shqiperia.com\/blog\/wp-content\/uploads\/2020\/08\/kulla-e-dervish-aliut-dukat-2-5.jpg?resize=768%2C514&amp;ssl=1 768w, https:\/\/i0.wp.com\/www.shqiperia.com\/blog\/wp-content\/uploads\/2020\/08\/kulla-e-dervish-aliut-dukat-2-5.jpg?resize=450%2C301&amp;ssl=1 450w, https:\/\/i0.wp.com\/www.shqiperia.com\/blog\/wp-content\/uploads\/2020\/08\/kulla-e-dervish-aliut-dukat-2-5.jpg?resize=600%2C402&amp;ssl=1 600w, https:\/\/i0.wp.com\/www.shqiperia.com\/blog\/wp-content\/uploads\/2020\/08\/kulla-e-dervish-aliut-dukat-2-5.jpg?resize=400%2C268&amp;ssl=1 400w, https:\/\/i0.wp.com\/www.shqiperia.com\/blog\/wp-content\/uploads\/2020\/08\/kulla-e-dervish-aliut-dukat-2-5.jpg?w=960&amp;ssl=1 960w\" sizes=\"auto, (max-width: 709px) 100vw, 709px\" \/><\/p>\n<p style=\"line-height: 19.5pt;background: white;vertical-align: baseline\" class=\"MsoNormal\"><span style=\"font-size: 12.0pt;font-family: 'Roboto','serif';color: #333333\">Gazeta Koha e Jone<\/span><\/p>\n","protected":false},"excerpt":{"rendered":"<p>Kulla 200 vje\u00e7are me vlera te vecanta arkitektonike n\u00eb Vlor\u00eb eshte kthyer tashm\u00eb haur bagetish.\u00a0 14\/08\/2020 \u00a0 Kulla e Dervish Aliut n\u00eb Dukat t\u00eb Vlor\u00ebs e shpallur monument kulture n\u00eb vitin 1987 tashm\u00eb i takon bag\u00ebtive. Mure t\u00eb rr\u00ebzuara, nj\u00eb der\u00eb e r\u00ebn\u00eb p\u00ebrtok\u00eb q\u00eb t\u00eb uron mir\u00ebseardhjen apo edhe tavani q\u00eb mund t\u00eb bjeri [&hellip;]<\/p>\n","protected":false},"author":9,"featured_media":37563,"comment_status":"open","ping_status":"open","sticky":false,"template":"","format":"standard","meta":{"jetpack_post_was_ever_published":false,"_jetpack_newsletter_access":"","_jetpack_dont_email_post_to_subs":false,"_jetpack_newsletter_tier_id":0,"_jetpack_memberships_contains_paywalled_content":false,"_jetpack_memberships_contains_paid_content":false,"footnotes":"","jetpack_publicize_message":"","jetpack_publicize_feature_enabled":true,"jetpack_social_post_already_shared":true,"jetpack_social_options":{"image_generator_settings":{"template":"highway","default_image_id":0,"font":"","enabled":false},"version":2}},"categories":[27,2,86],"tags":[],"class_list":["post-37562","post","type-post","status-publish","format-standard","has-post-thumbnail","hentry","category-blogu-i-udhetarit","category-politika","category-trashegimi-kulturore"],"jetpack_publicize_connections":[],"jetpack_featured_media_url":"https:\/\/i0.wp.com\/www.shqiperia.com\/blog\/wp-content\/uploads\/2020\/08\/Kulla-e-Dervish-Aliut-780x439-1.jpeg?fit=780%2C439&ssl=1","jetpack_sharing_enabled":true,"jetpack_shortlink":"https:\/\/wp.me\/p5Z6wp-9LQ","jetpack-related-posts":[{"id":48082,"url":"https:\/\/www.shqiperia.com\/blog\/amantia-zbulohet-struktura-arkitektonike-e-varrit-monumental\/","url_meta":{"origin":37562,"position":0},"title":"Amantia, zbulohet struktura arkitektonike e varrit monumental","author":"Kurt Farka","date":"June 23, 2021","format":false,"excerpt":"Amantia, zbulohet struktura arkitektonike e varrit monumental 23 QERSHOR 2021 G\u00ebrmimet arkeologjike t\u00eb shp\u00ebtimit n\u00eb varrez\u00ebn antike t\u00eb parkut arkeologjik t\u00eb Amantias p\u00ebrfunduan pas dy muajve. N\u00eb p\u00ebrfundim t\u00eb tyre, Drejtoria Rajonale e Trash\u00ebgimis\u00eb Kulturore Vlor\u00eb shprehet se Amantia surprizon p\u00ebrs\u00ebri. \u201cSi rezultat i g\u00ebrmimit arkeologjik t\u00eb kryer n\u00eb harkun\u2026","rel":"","context":"In &quot;Histori&quot;","block_context":{"text":"Histori","link":"https:\/\/www.shqiperia.com\/blog\/category\/histori\/"},"img":{"alt_text":"","src":"https:\/\/i0.wp.com\/www.shqiperia.com\/blog\/wp-content\/uploads\/2021\/06\/800-0-60d2cbdfef9a7.jpg?fit=800%2C536&ssl=1&resize=350%2C200","width":350,"height":200,"srcset":"https:\/\/i0.wp.com\/www.shqiperia.com\/blog\/wp-content\/uploads\/2021\/06\/800-0-60d2cbdfef9a7.jpg?fit=800%2C536&ssl=1&resize=350%2C200 1x, https:\/\/i0.wp.com\/www.shqiperia.com\/blog\/wp-content\/uploads\/2021\/06\/800-0-60d2cbdfef9a7.jpg?fit=800%2C536&ssl=1&resize=525%2C300 1.5x, https:\/\/i0.wp.com\/www.shqiperia.com\/blog\/wp-content\/uploads\/2021\/06\/800-0-60d2cbdfef9a7.jpg?fit=800%2C536&ssl=1&resize=700%2C400 2x"},"classes":[]},{"id":53455,"url":"https:\/\/www.shqiperia.com\/blog\/kulla-kullat-e-dervish-aliut-eshte-nje-kulle-ne-dukat-vlore-mori-statusin-monument-kulture-ne-vitin-1979\/","url_meta":{"origin":37562,"position":1},"title":"Kulla (Kullat) e\u00a0Dervish Aliut\u00a0\u00ebsht\u00eb nj\u00eb kull\u00eb n\u00eb\u00a0Dukat,\u00a0Vlor\u00eb, \u00a0Mori statusin\u00a0monument kulture\u00a0n\u00eb vitin 1979.","author":"Kurt Farka","date":"January 24, 2022","format":false,"excerpt":"Kulla (Kullat) e\u00a0Dervish Aliut\u00a0\u00ebsht\u00eb nj\u00eb kull\u00eb n\u00eb\u00a0Dukat,\u00a0Vlor\u00eb, \u00a0Mori statusin\u00a0monument kulture\u00a0n\u00eb vitin 1979. Kullat e Dervish Aliut Ne afersi te fshatit Dukat ndodhet nj\u00eb kompleks ndertimor me vlera historike. I nd\u00ebrtuar ne fillim te shek. XIX ky ansamb\u00ebl kullash t\u00eb Dervish Aliut, personazh i njohur si organizator i revoltave fshtare kunder\u2026","rel":"","context":"In &quot;Histori&quot;","block_context":{"text":"Histori","link":"https:\/\/www.shqiperia.com\/blog\/category\/histori\/"},"img":{"alt_text":"","src":"https:\/\/i0.wp.com\/www.shqiperia.com\/blog\/wp-content\/uploads\/2022\/01\/Kullat-e-Devish-Aliut-Dukat-Vlore-2.jpg?fit=960%2C489&ssl=1&resize=350%2C200","width":350,"height":200,"srcset":"https:\/\/i0.wp.com\/www.shqiperia.com\/blog\/wp-content\/uploads\/2022\/01\/Kullat-e-Devish-Aliut-Dukat-Vlore-2.jpg?fit=960%2C489&ssl=1&resize=350%2C200 1x, https:\/\/i0.wp.com\/www.shqiperia.com\/blog\/wp-content\/uploads\/2022\/01\/Kullat-e-Devish-Aliut-Dukat-Vlore-2.jpg?fit=960%2C489&ssl=1&resize=525%2C300 1.5x, https:\/\/i0.wp.com\/www.shqiperia.com\/blog\/wp-content\/uploads\/2022\/01\/Kullat-e-Devish-Aliut-Dukat-Vlore-2.jpg?fit=960%2C489&ssl=1&resize=700%2C400 2x"},"classes":[]},{"id":36729,"url":"https:\/\/www.shqiperia.com\/blog\/nga-arkitektura-e-nje-banese-te-fortifikuar-ne-malesine-e-pukes\/","url_meta":{"origin":37562,"position":2},"title":"Nga Arkitektura e nje banese te fortifikuar ne Malesine e Pukes.","author":"Kurt Farka","date":"July 31, 2020","format":false,"excerpt":"Nga Arkitektura e nje banese te fortifikuar ne Malesine e Pukes. Shenim nga Jaho Brahaj. Ne malesite e Veriut si rezultat qe ne shekuj mungonte forca e nje qeverie te organuzuar nga nje shtet, sepse perandorine pushtuese asnjehere nuk e njohen, vete banreve ju binte detyra dhe barra per tu\u2026","rel":"","context":"In &quot;Histori&quot;","block_context":{"text":"Histori","link":"https:\/\/www.shqiperia.com\/blog\/category\/histori\/"},"img":{"alt_text":"","src":"https:\/\/i0.wp.com\/www.shqiperia.com\/blog\/wp-content\/uploads\/2020\/07\/Banese-e-Fortifikuar-Dardhe-Puke-2.jpg?fit=960%2C531&ssl=1&resize=350%2C200","width":350,"height":200,"srcset":"https:\/\/i0.wp.com\/www.shqiperia.com\/blog\/wp-content\/uploads\/2020\/07\/Banese-e-Fortifikuar-Dardhe-Puke-2.jpg?fit=960%2C531&ssl=1&resize=350%2C200 1x, https:\/\/i0.wp.com\/www.shqiperia.com\/blog\/wp-content\/uploads\/2020\/07\/Banese-e-Fortifikuar-Dardhe-Puke-2.jpg?fit=960%2C531&ssl=1&resize=525%2C300 1.5x, https:\/\/i0.wp.com\/www.shqiperia.com\/blog\/wp-content\/uploads\/2020\/07\/Banese-e-Fortifikuar-Dardhe-Puke-2.jpg?fit=960%2C531&ssl=1&resize=700%2C400 2x"},"classes":[]},{"id":7166,"url":"https:\/\/www.shqiperia.com\/blog\/monument-kulla-e-hysni-koshit-gjakove\/","url_meta":{"origin":37562,"position":3},"title":"Monument &#8211; Kulla e Hysni Koshit (Gjakov\u00eb). &#8211;","author":"Kurt Farka","date":"May 7, 2018","format":false,"excerpt":"Kulla e Hysni Koshit (Gjakov\u00eb). - -Kulla\u00a0 gjendet n\u00eb kompleksin e \u00c7arshis\u00eb s\u00eb Madhe, af\u00ebr k\u00ebtyre monumenteve: Teqeja e Sheh Ruzhdis\u00eb, Lapidari i Lidhjes s\u00eb Prizrenit, Kulla e Sylejman Vokshit, Kulla e Avdullah Pash\u00eb Drenit. Objekti \u00ebsht\u00eb nd\u00ebrtuar nga fundi i shek. XIX viti 1870, si vep\u00ebr e arkitektur\u00ebs popullore,\u2026","rel":"","context":"In &quot;Kultura&quot;","block_context":{"text":"Kultura","link":"https:\/\/www.shqiperia.com\/blog\/category\/kultura\/"},"img":{"alt_text":"","src":"https:\/\/i0.wp.com\/www.shqiperia.com\/blog\/wp-content\/uploads\/2018\/05\/Kulla-e-Hysni-Koshit-Gjakov%C3%AB.jpg?fit=635%2C339&ssl=1&resize=350%2C200","width":350,"height":200,"srcset":"https:\/\/i0.wp.com\/www.shqiperia.com\/blog\/wp-content\/uploads\/2018\/05\/Kulla-e-Hysni-Koshit-Gjakov%C3%AB.jpg?fit=635%2C339&ssl=1&resize=350%2C200 1x, https:\/\/i0.wp.com\/www.shqiperia.com\/blog\/wp-content\/uploads\/2018\/05\/Kulla-e-Hysni-Koshit-Gjakov%C3%AB.jpg?fit=635%2C339&ssl=1&resize=525%2C300 1.5x"},"classes":[]},{"id":24355,"url":"https:\/\/www.shqiperia.com\/blog\/monumente-kulla-e-hysni-koshit-gjakove\/","url_meta":{"origin":37562,"position":4},"title":"Monumente &#8211; Kulla e Hysni Koshit (Gjakov\u00eb). &#8211;","author":"Kurt Farka","date":"August 6, 2019","format":false,"excerpt":"Monumente - Kulla e Hysni Koshit (Gjakov\u00eb). \u00a0 Kulla e Hysni Koshit gjendet n\u00eb kompleksin e \u00c7arshis\u00eb s\u00eb Madhe, af\u00ebr k\u00ebtyre monumenteve: Teqeja e Sheh Ruzhdis\u00eb, Lapidari i Lidhjes s\u00eb Prizrenit, Kulla e Sylejman Vokshit, Kulla e Avdullah Pash\u00eb Drenit. Objekti \u00ebsht\u00eb nd\u00ebrtuar nga fundi i shek. XIX viti 1870,\u2026","rel":"","context":"In &quot;Histori&quot;","block_context":{"text":"Histori","link":"https:\/\/www.shqiperia.com\/blog\/category\/histori\/"},"img":{"alt_text":"","src":"https:\/\/i0.wp.com\/www.shqiperia.com\/blog\/wp-content\/uploads\/2019\/08\/h-6.jpg?fit=1024%2C511&ssl=1&resize=350%2C200","width":350,"height":200,"srcset":"https:\/\/i0.wp.com\/www.shqiperia.com\/blog\/wp-content\/uploads\/2019\/08\/h-6.jpg?fit=1024%2C511&ssl=1&resize=350%2C200 1x, https:\/\/i0.wp.com\/www.shqiperia.com\/blog\/wp-content\/uploads\/2019\/08\/h-6.jpg?fit=1024%2C511&ssl=1&resize=525%2C300 1.5x, https:\/\/i0.wp.com\/www.shqiperia.com\/blog\/wp-content\/uploads\/2019\/08\/h-6.jpg?fit=1024%2C511&ssl=1&resize=700%2C400 2x"},"classes":[]},{"id":28372,"url":"https:\/\/www.shqiperia.com\/blog\/kullat-e-dervish-aliut-ne-dukat-te-vlores-drejt-shkaterrimit-total\/","url_meta":{"origin":37562,"position":5},"title":"Kullat e Dervish Aliut n\u00eb Dukat t\u00eb Vlor\u00ebs drejt shkat\u00ebrrimit total. &#8211;","author":"Kurt Farka","date":"November 21, 2019","format":false,"excerpt":"Kullat e Dervish Aliut n\u00eb Dukat t\u00eb Vlor\u00ebs drejt shkat\u00ebrrimit total Nj\u00eb monument kulture dhe m\u00eb nj\u00eb vler\u00eb t\u00eb ve\u00e7ant\u00eb jan\u00eb kullat e Dervish Aliut n\u00eb fshatin Dukat t\u00eb rrethit t\u00eb Vlor\u00ebs q\u00eb jan\u00eb duke u rrenuar Nj\u00eb monument kulture dhe m\u00eb nj\u00eb vler\u00eb t\u00eb ve\u00e7ant\u00eb jan\u00eb kullat e Dervish\u2026","rel":"","context":"In &quot;Histori&quot;","block_context":{"text":"Histori","link":"https:\/\/www.shqiperia.com\/blog\/category\/histori\/"},"img":{"alt_text":"","src":"https:\/\/i0.wp.com\/www.shqiperia.com\/blog\/wp-content\/uploads\/2019\/11\/Kulla-e-Dervish-Aliut-ne-Dukat-Vlore.jpeg?fit=780%2C405&ssl=1&resize=350%2C200","width":350,"height":200,"srcset":"https:\/\/i0.wp.com\/www.shqiperia.com\/blog\/wp-content\/uploads\/2019\/11\/Kulla-e-Dervish-Aliut-ne-Dukat-Vlore.jpeg?fit=780%2C405&ssl=1&resize=350%2C200 1x, https:\/\/i0.wp.com\/www.shqiperia.com\/blog\/wp-content\/uploads\/2019\/11\/Kulla-e-Dervish-Aliut-ne-Dukat-Vlore.jpeg?fit=780%2C405&ssl=1&resize=525%2C300 1.5x, https:\/\/i0.wp.com\/www.shqiperia.com\/blog\/wp-content\/uploads\/2019\/11\/Kulla-e-Dervish-Aliut-ne-Dukat-Vlore.jpeg?fit=780%2C405&ssl=1&resize=700%2C400 2x"},"classes":[]}],"_links":{"self":[{"href":"https:\/\/www.shqiperia.com\/blog\/wp-json\/wp\/v2\/posts\/37562","targetHints":{"allow":["GET"]}}],"collection":[{"href":"https:\/\/www.shqiperia.com\/blog\/wp-json\/wp\/v2\/posts"}],"about":[{"href":"https:\/\/www.shqiperia.com\/blog\/wp-json\/wp\/v2\/types\/post"}],"author":[{"embeddable":true,"href":"https:\/\/www.shqiperia.com\/blog\/wp-json\/wp\/v2\/users\/9"}],"replies":[{"embeddable":true,"href":"https:\/\/www.shqiperia.com\/blog\/wp-json\/wp\/v2\/comments?post=37562"}],"version-history":[{"count":1,"href":"https:\/\/www.shqiperia.com\/blog\/wp-json\/wp\/v2\/posts\/37562\/revisions"}],"predecessor-version":[{"id":37567,"href":"https:\/\/www.shqiperia.com\/blog\/wp-json\/wp\/v2\/posts\/37562\/revisions\/37567"}],"wp:featuredmedia":[{"embeddable":true,"href":"https:\/\/www.shqiperia.com\/blog\/wp-json\/wp\/v2\/media\/37563"}],"wp:attachment":[{"href":"https:\/\/www.shqiperia.com\/blog\/wp-json\/wp\/v2\/media?parent=37562"}],"wp:term":[{"taxonomy":"category","embeddable":true,"href":"https:\/\/www.shqiperia.com\/blog\/wp-json\/wp\/v2\/categories?post=37562"},{"taxonomy":"post_tag","embeddable":true,"href":"https:\/\/www.shqiperia.com\/blog\/wp-json\/wp\/v2\/tags?post=37562"}],"curies":[{"name":"wp","href":"https:\/\/api.w.org\/{rel}","templated":true}]}}