{"id":37557,"date":"2020-08-23T05:44:30","date_gmt":"2020-08-23T05:44:30","guid":{"rendered":"https:\/\/www.shqiperia.com\/blog\/?p=37557"},"modified":"2020-08-23T05:46:04","modified_gmt":"2020-08-23T05:46:04","slug":"shikoni-fytyren-e-shqiperise-se-ardhme-me-edvinin","status":"publish","type":"post","link":"https:\/\/www.shqiperia.com\/blog\/shikoni-fytyren-e-shqiperise-se-ardhme-me-edvinin\/","title":{"rendered":"Shikoni fytyren e&#8230; Shqiperise se ardhme&#8230; me Edvinin"},"content":{"rendered":"<p><img data-recalc-dims=\"1\" loading=\"lazy\" decoding=\"async\" data-attachment-id=\"37558\" data-permalink=\"https:\/\/www.shqiperia.com\/blog\/shikoni-fytyren-e-shqiperise-se-ardhme-me-edvinin\/fshatra-te-braktisura-780x439\/\" data-orig-file=\"https:\/\/i0.wp.com\/www.shqiperia.com\/blog\/wp-content\/uploads\/2020\/08\/fshatra-t%C3%AB-braktisura-780x439-1.jpg?fit=780%2C439&amp;ssl=1\" data-orig-size=\"780,439\" data-comments-opened=\"1\" data-image-meta=\"{&quot;aperture&quot;:&quot;0&quot;,&quot;credit&quot;:&quot;&quot;,&quot;camera&quot;:&quot;&quot;,&quot;caption&quot;:&quot;&quot;,&quot;created_timestamp&quot;:&quot;0&quot;,&quot;copyright&quot;:&quot;&quot;,&quot;focal_length&quot;:&quot;0&quot;,&quot;iso&quot;:&quot;0&quot;,&quot;shutter_speed&quot;:&quot;0&quot;,&quot;title&quot;:&quot;&quot;,&quot;orientation&quot;:&quot;0&quot;}\" data-image-title=\"fshatra-t\u00eb-braktisura-780&#215;439\" data-image-description=\"\" data-image-caption=\"\" data-medium-file=\"https:\/\/i0.wp.com\/www.shqiperia.com\/blog\/wp-content\/uploads\/2020\/08\/fshatra-t%C3%AB-braktisura-780x439-1.jpg?fit=300%2C169&amp;ssl=1\" data-large-file=\"https:\/\/i0.wp.com\/www.shqiperia.com\/blog\/wp-content\/uploads\/2020\/08\/fshatra-t%C3%AB-braktisura-780x439-1.jpg?fit=780%2C439&amp;ssl=1\" class=\"alignnone wp-image-37558\" alt=\"\" src=\"https:\/\/i0.wp.com\/www.shqiperia.com\/blog\/wp-content\/uploads\/2020\/08\/fshatra-t%C3%AB-braktisura-780x439-1.jpg?resize=623%2C351&#038;ssl=1\" width=\"623\" height=\"351\" srcset=\"https:\/\/i0.wp.com\/www.shqiperia.com\/blog\/wp-content\/uploads\/2020\/08\/fshatra-t%C3%AB-braktisura-780x439-1.jpg?resize=300%2C169&amp;ssl=1 300w, https:\/\/i0.wp.com\/www.shqiperia.com\/blog\/wp-content\/uploads\/2020\/08\/fshatra-t%C3%AB-braktisura-780x439-1.jpg?resize=768%2C432&amp;ssl=1 768w, https:\/\/i0.wp.com\/www.shqiperia.com\/blog\/wp-content\/uploads\/2020\/08\/fshatra-t%C3%AB-braktisura-780x439-1.jpg?resize=450%2C253&amp;ssl=1 450w, https:\/\/i0.wp.com\/www.shqiperia.com\/blog\/wp-content\/uploads\/2020\/08\/fshatra-t%C3%AB-braktisura-780x439-1.jpg?resize=600%2C338&amp;ssl=1 600w, https:\/\/i0.wp.com\/www.shqiperia.com\/blog\/wp-content\/uploads\/2020\/08\/fshatra-t%C3%AB-braktisura-780x439-1.jpg?resize=400%2C225&amp;ssl=1 400w, https:\/\/i0.wp.com\/www.shqiperia.com\/blog\/wp-content\/uploads\/2020\/08\/fshatra-t%C3%AB-braktisura-780x439-1.jpg?w=780&amp;ssl=1 780w\" sizes=\"auto, (max-width: 623px) 100vw, 623px\" \/><\/p>\n<p class=\"MsoNormal\"><span style=\"font-size: 11.5pt;line-height: 115%;font-family: 'Segoe UI','sans-serif';color: #050505;background: white\">Shikoni fytyren e&#8230; Shqiperise se ardhme&#8230; me Edvinin<\/span><\/p>\n<h4 style=\"margin-top: 0in;background: white\"><span style=\"font-size: 11.5pt;line-height: 115%;font-family: 'Segoe UI','sans-serif';color: #050505;background: white\">Nga: <\/span><a href=\"https:\/\/www.facebook.com\/shenasi.rama?__cft__%5b0%5d=AZXutSSoJzanVPHFmjz4iaLVKJlA0PHZRl_ZTqXKOQsB6hj8nrJXJvXQQUv_weFvljsT-V3OheAO3JmgVc9LHAj4Jk2dVqLzH97pirWo7lTx5J5zC40rBTwhjaBhPpky9oEsDfr8a0oN_-ZWmLKYRAKx&amp;__tn__=-UC%2CP-R\"><span style=\"font-size: 11.5pt;line-height: 115%;font-family: 'inherit','serif';color: blue;border: none windowtext 1.0pt;padding: 0in;font-style: normal\">Shenasi Rama<\/span><\/a><span style=\"font-size: 11.5pt;line-height: 115%;font-family: 'inherit','serif';color: #65676b;font-style: normal\"><\/span><\/h4>\n<p class=\"MsoNormal\">22 gusht 2020<\/p>\n<p class=\"MsoNormal\"><span style=\"font-size: 11.5pt;line-height: 115%;font-family: 'Segoe UI','sans-serif';color: #050505;background: white\">INSTAT thote se vjet kane hyre 6570 vete qe kerkuan Azil ne Shqiperi nga Afghanistani, Siria, Jemeni dhe Afrika. Sivjet ishte dyfishi&#8230; shumezojeni kete shifer me dhjete (per dhjete vite) dhe me pas per dy (martesa se sjellin grate) dhe me pas per tre (se bejne nga pese gjashte femije)&#8230;. sa veta behen per dhjete vite??? 6570x10x2x3= 394 220 vete&#8230; ja e teprova une: po themi nje e treta: 131 407 per dhjete vite&#8230; dhe pastaj mendoni se cdo vit ikin mbi 22 000 shqiptare qe nuk e kthejne as koken mbas. dhe do te shihni fytyren e sklleverve te zevendesueshem &#8230; dhe te Shqiperise se ardhme.<\/span><\/p>\n<p class=\"MsoNormal\"><span style=\"font-size: 11.5pt;line-height: 115%;font-family: 'Segoe UI','sans-serif';color: #050505;background: white\">Huazuar nga FB SH. Rama.<\/span><\/p>\n","protected":false},"excerpt":{"rendered":"<p>Shikoni fytyren e&#8230; Shqiperise se ardhme&#8230; me Edvinin Nga: Shenasi Rama 22 gusht 2020 INSTAT thote se vjet kane hyre 6570 vete qe kerkuan Azil ne Shqiperi nga Afghanistani, Siria, Jemeni dhe Afrika. Sivjet ishte dyfishi&#8230; shumezojeni kete shifer me dhjete (per dhjete vite) dhe me pas per dy (martesa se sjellin grate) dhe me [&hellip;]<\/p>\n","protected":false},"author":9,"featured_media":37558,"comment_status":"open","ping_status":"open","sticky":false,"template":"","format":"standard","meta":{"jetpack_post_was_ever_published":false,"_jetpack_newsletter_access":"","_jetpack_dont_email_post_to_subs":false,"_jetpack_newsletter_tier_id":0,"_jetpack_memberships_contains_paywalled_content":false,"_jetpack_memberships_contains_paid_content":false,"footnotes":"","jetpack_publicize_message":"","jetpack_publicize_feature_enabled":true,"jetpack_social_post_already_shared":true,"jetpack_social_options":{"image_generator_settings":{"template":"highway","default_image_id":0,"font":"","enabled":false},"version":2}},"categories":[27,2,35],"tags":[],"class_list":["post-37557","post","type-post","status-publish","format-standard","has-post-thumbnail","hentry","category-blogu-i-udhetarit","category-politika","category-shoqerore"],"jetpack_publicize_connections":[],"jetpack_featured_media_url":"https:\/\/i0.wp.com\/www.shqiperia.com\/blog\/wp-content\/uploads\/2020\/08\/fshatra-t%C3%AB-braktisura-780x439-1.jpg?fit=780%2C439&ssl=1","jetpack_sharing_enabled":true,"jetpack_shortlink":"https:\/\/wp.me\/p5Z6wp-9LL","jetpack-related-posts":[{"id":81659,"url":"https:\/\/www.shqiperia.com\/blog\/noka-bene-gjithcka-per-tia-fshehur-fytyren-eskobarit-te-surrelit-por-3-media-ia-zbuluan-gjithe-botes\/","url_meta":{"origin":37557,"position":0},"title":"Noka: &#8211; B\u00ebn\u00eb gjith\u00e7ka p\u00ebr t&#8217;ia fshehur fytyr\u00ebn Eskobarit t\u00eb Surrelit, por 3 media ia zbuluan gjith\u00eb bot\u00ebs!","author":"Kurt Farka","date":"June 6, 2024","format":false,"excerpt":"7 Qershor 2024 Fjala e deputetit t\u00eb PD, Flamur Noka, p\u00ebrpara protestuesve tek Kuvendi i Shqip\u00ebris\u00eb Noka:\u00a0100 hapa larg nga ju po shikoni se si po zhvillohet nj\u00eb seanc\u00eb narko-parlamenti. Parlamenti i turpit, parlamenti i drog\u00ebs! Atje keni p\u00ebrfaq\u00ebsuesit tuaj, por pjesa tjet\u00ebr jan\u00eb p\u00ebrfaq\u00ebsuesit e Ben Ndok\u00ebs, jan\u00eb p\u00ebrfaq\u00ebsuesit\u2026","rel":"","context":"In &quot;Blogu i Udh\u00ebtarit&quot;","block_context":{"text":"Blogu i Udh\u00ebtarit","link":"https:\/\/www.shqiperia.com\/blog\/category\/blogu-i-udhetarit\/"},"img":{"alt_text":"","src":"https:\/\/i0.wp.com\/www.shqiperia.com\/blog\/wp-content\/uploads\/2024\/06\/640-0-102210e4f3674f26df08f4f2798c5cdf.jpg?fit=640%2C427&ssl=1&resize=350%2C200","width":350,"height":200,"srcset":"https:\/\/i0.wp.com\/www.shqiperia.com\/blog\/wp-content\/uploads\/2024\/06\/640-0-102210e4f3674f26df08f4f2798c5cdf.jpg?fit=640%2C427&ssl=1&resize=350%2C200 1x, https:\/\/i0.wp.com\/www.shqiperia.com\/blog\/wp-content\/uploads\/2024\/06\/640-0-102210e4f3674f26df08f4f2798c5cdf.jpg?fit=640%2C427&ssl=1&resize=525%2C300 1.5x"},"classes":[]},{"id":32687,"url":"https:\/\/www.shqiperia.com\/blog\/lufte-per-nje-thes-miell-shikoni-se-cfare-ndodhi-sot-ne-kete-qytet-te-shqiperise\/","url_meta":{"origin":37557,"position":1},"title":"\u201cLuft\u00eb\u201d p\u00ebr nj\u00eb thes miell, shikoni se \u00e7far\u00eb ndodhi sot n\u00eb k\u00ebt\u00eb qytet t\u00eb Shqip\u00ebris\u00eb","author":"Kurt Farka","date":"March 23, 2020","format":false,"excerpt":"\u201cLuft\u00eb\u201d p\u00ebr nj\u00eb thes miell, shikoni se \u00e7far\u00eb ndodhi sot n\u00eb k\u00ebt\u00eb qytet t\u00eb Shqip\u00ebris\u00eb 23 MARS 2020 Or\u00ebt e kufizuara t\u00eb daljes n\u00eb kuad\u00ebr t\u00eb masave t\u00eb nd\u00ebrmarra p\u00ebr parandalimin e koronavirusit, duket se kan\u00eb sjell\u00eb dyndje t\u00eb qytetar\u00ebve n\u00ebp\u00ebr dyqane. Duke shfryt\u00ebzuar or\u00ebt e daljeve qytetar\u00ebt n\u00eb Kuk\u00ebs\u2026","rel":"","context":"In &quot;Blogu i Udh\u00ebtarit&quot;","block_context":{"text":"Blogu i Udh\u00ebtarit","link":"https:\/\/www.shqiperia.com\/blog\/category\/blogu-i-udhetarit\/"},"img":{"alt_text":"","src":"https:\/\/i0.wp.com\/www.shqiperia.com\/blog\/wp-content\/uploads\/2020\/03\/800-0-5e78a248b56a9.png?fit=686%2C340&ssl=1&resize=350%2C200","width":350,"height":200,"srcset":"https:\/\/i0.wp.com\/www.shqiperia.com\/blog\/wp-content\/uploads\/2020\/03\/800-0-5e78a248b56a9.png?fit=686%2C340&ssl=1&resize=350%2C200 1x, https:\/\/i0.wp.com\/www.shqiperia.com\/blog\/wp-content\/uploads\/2020\/03\/800-0-5e78a248b56a9.png?fit=686%2C340&ssl=1&resize=525%2C300 1.5x"},"classes":[]},{"id":55080,"url":"https:\/\/www.shqiperia.com\/blog\/shikoni-radhet-e-makina-ne-tirane-protestuesit-rrembejne-bulevardin-deshmoret-e-kombit\/","url_meta":{"origin":37557,"position":2},"title":"Shikoni radh\u00ebt e makina n\u00eb Tiran\u00eb. Protestuesit \u201crr\u00ebmbejn\u00eb\u201d bulevardin \u201cD\u00ebshmor\u00ebt e Kombit\u201d","author":"Kurt Farka","date":"March 9, 2022","format":false,"excerpt":"Shikoni radh\u00ebt e makina n\u00eb Tiran\u00eb. Protestuesit \u201crr\u00ebmbejn\u00eb\u201d bulevardin \u201cD\u00ebshmor\u00ebt e Kombit\u201d 9 Mars 2022 Duket se qytetar\u00ebve t\u00eb Shqip\u00ebris\u00eb u ka ardhur n\u00eb maj\u00eb t\u00eb hund\u00ebs rritja e madhe e naft\u00ebs dit\u00ebt e fundit, \u00e7ka ka detyruar q\u00eb t\u00eb dalin sot n\u00eb protest\u00eb. Ata u tubuan fillimisht me pankarta,\u2026","rel":"","context":"In &quot;Blogu i Udh\u00ebtarit&quot;","block_context":{"text":"Blogu i Udh\u00ebtarit","link":"https:\/\/www.shqiperia.com\/blog\/category\/blogu-i-udhetarit\/"},"img":{"alt_text":"","src":"https:\/\/i0.wp.com\/www.shqiperia.com\/blog\/wp-content\/uploads\/2022\/03\/protestuesit-rrembejne-bulevardin-Deshmoret-e-Kombit-2.jpg?fit=640%2C348&ssl=1&resize=350%2C200","width":350,"height":200,"srcset":"https:\/\/i0.wp.com\/www.shqiperia.com\/blog\/wp-content\/uploads\/2022\/03\/protestuesit-rrembejne-bulevardin-Deshmoret-e-Kombit-2.jpg?fit=640%2C348&ssl=1&resize=350%2C200 1x, https:\/\/i0.wp.com\/www.shqiperia.com\/blog\/wp-content\/uploads\/2022\/03\/protestuesit-rrembejne-bulevardin-Deshmoret-e-Kombit-2.jpg?fit=640%2C348&ssl=1&resize=525%2C300 1.5x"},"classes":[]},{"id":46606,"url":"https:\/\/www.shqiperia.com\/blog\/mijera-fierake-sfidojne-shiun-e-pushtojne-sheshin-me-monika-kryemadhin-dhe-lsi\/","url_meta":{"origin":37557,"position":3},"title":"Mij\u00ebra fierak\u00eb sfidojn\u00eb shiun e pushtojn\u00eb sheshin me Monika Kryemadhin dhe LSI","author":"Kurt Farka","date":"April 18, 2021","format":false,"excerpt":"Mij\u00ebra fierak\u00eb sfidojn\u00eb shiun e pushtojn\u00eb sheshin me Monika Kryemadhin dhe LSI 17\/04\/2021 Pas nj\u00eb mitingu entuziast n\u00eb Vlor\u00eb e ku 3 deputet\u00eb jan\u00eb t\u00eb sigurt\u00eb, por luftohet p\u00ebr mandatin e kat\u00ebrt n\u00eb k\u00ebt\u00eb qark, L\u00ebvizja Socialiste p\u00ebr Integrim ka zhvilluar mitingun e saj p\u00ebrmbyll\u00ebs n\u00eb qarkun e Fierit. Megjith\u00ebse\u2026","rel":"","context":"In &quot;Politika&quot;","block_context":{"text":"Politika","link":"https:\/\/www.shqiperia.com\/blog\/category\/politika\/"},"img":{"alt_text":"","src":"https:\/\/i0.wp.com\/www.shqiperia.com\/blog\/wp-content\/uploads\/2021\/04\/w2-4-750x375-1.jpg?fit=750%2C375&ssl=1&resize=350%2C200","width":350,"height":200,"srcset":"https:\/\/i0.wp.com\/www.shqiperia.com\/blog\/wp-content\/uploads\/2021\/04\/w2-4-750x375-1.jpg?fit=750%2C375&ssl=1&resize=350%2C200 1x, https:\/\/i0.wp.com\/www.shqiperia.com\/blog\/wp-content\/uploads\/2021\/04\/w2-4-750x375-1.jpg?fit=750%2C375&ssl=1&resize=525%2C300 1.5x, https:\/\/i0.wp.com\/www.shqiperia.com\/blog\/wp-content\/uploads\/2021\/04\/w2-4-750x375-1.jpg?fit=750%2C375&ssl=1&resize=700%2C400 2x"},"classes":[]},{"id":15124,"url":"https:\/\/www.shqiperia.com\/blog\/vasili-rama-eshte-argat-i-oligarkeve-dhe-mashtrues-kunder-popullit\/","url_meta":{"origin":37557,"position":4},"title":"Vasili: Rama \u00ebsht\u00eb argat i oligark\u00ebve dhe mashtrues kund\u00ebr popullit. &#8211;","author":"Kurt Farka","date":"December 22, 2018","format":false,"excerpt":"Vasili: Rama \u00ebsht\u00eb argat i oligark\u00ebve dhe mashtrues kund\u00ebr popullit. - 22\/12\/2018, Kryetari i Grupit t\u00eb LSI-s\u00eb, Petrit Vasili me tone t\u00eb ashpra ka sulmuar kryeministrin Edi Rama, t\u00eb cilin e ka quajtur si \u201cargat t\u00eb oligark\u00ebve dhe mashtrues\u201d, p\u00ebr votimin\u00a0 n\u00eb parlament. Sipas Vasilit, rr\u00ebzimi i dekretit t\u00eb Presidentit\u2026","rel":"","context":"In &quot;Blogu i Udh\u00ebtarit&quot;","block_context":{"text":"Blogu i Udh\u00ebtarit","link":"https:\/\/www.shqiperia.com\/blog\/category\/blogu-i-udhetarit\/"},"img":{"alt_text":"","src":"https:\/\/i0.wp.com\/www.shqiperia.com\/blog\/wp-content\/uploads\/2018\/12\/Petrit-Vasili.jpg?fit=983%2C490&ssl=1&resize=350%2C200","width":350,"height":200,"srcset":"https:\/\/i0.wp.com\/www.shqiperia.com\/blog\/wp-content\/uploads\/2018\/12\/Petrit-Vasili.jpg?fit=983%2C490&ssl=1&resize=350%2C200 1x, https:\/\/i0.wp.com\/www.shqiperia.com\/blog\/wp-content\/uploads\/2018\/12\/Petrit-Vasili.jpg?fit=983%2C490&ssl=1&resize=525%2C300 1.5x, https:\/\/i0.wp.com\/www.shqiperia.com\/blog\/wp-content\/uploads\/2018\/12\/Petrit-Vasili.jpg?fit=983%2C490&ssl=1&resize=700%2C400 2x"},"classes":[]},{"id":98638,"url":"https:\/\/www.shqiperia.com\/blog\/rama-dergon-kriminele-per-te-shpuar-shishet-e-ujit-te-ilir-metes\/","url_meta":{"origin":37557,"position":5},"title":"\u201cRama d\u00ebrgon kriminel\u00eb p\u00ebr t\u00eb shpuar shishet e ujit t\u00eb Ilir Met\u00ebs\u201d.","author":"Kurt Farka","date":"March 24, 2026","format":false,"excerpt":"24 Mars 2026 N\u00eb konferenc\u00ebn e sotme me gazetar\u00ebt, kreu i PD-s\u00eb Sali Berisha i b\u00ebri nj\u00eb urim p\u00ebr dit\u00eblindje presidentit t\u00eb PL-s\u00eb Ilir Meta q\u00eb ndodhet n\u00eb paraburgimin 313 n\u00eb Tiran\u00eb. Berisha pretendon se kryeministri Rama d\u00ebrgon kriminel\u00eb n\u00eb qelin\u00eb e Met\u00ebs p\u00ebr t\u2019i shpuar shishet e uji q\u00eb\u2026","rel":"","context":"In &quot;Kultura&quot;","block_context":{"text":"Kultura","link":"https:\/\/www.shqiperia.com\/blog\/category\/kultura\/"},"img":{"alt_text":"","src":"https:\/\/i0.wp.com\/www.shqiperia.com\/blog\/wp-content\/uploads\/2026\/03\/Edi-Rama-3-1.jpg?fit=640%2C480&ssl=1&resize=350%2C200","width":350,"height":200,"srcset":"https:\/\/i0.wp.com\/www.shqiperia.com\/blog\/wp-content\/uploads\/2026\/03\/Edi-Rama-3-1.jpg?fit=640%2C480&ssl=1&resize=350%2C200 1x, https:\/\/i0.wp.com\/www.shqiperia.com\/blog\/wp-content\/uploads\/2026\/03\/Edi-Rama-3-1.jpg?fit=640%2C480&ssl=1&resize=525%2C300 1.5x"},"classes":[]}],"_links":{"self":[{"href":"https:\/\/www.shqiperia.com\/blog\/wp-json\/wp\/v2\/posts\/37557","targetHints":{"allow":["GET"]}}],"collection":[{"href":"https:\/\/www.shqiperia.com\/blog\/wp-json\/wp\/v2\/posts"}],"about":[{"href":"https:\/\/www.shqiperia.com\/blog\/wp-json\/wp\/v2\/types\/post"}],"author":[{"embeddable":true,"href":"https:\/\/www.shqiperia.com\/blog\/wp-json\/wp\/v2\/users\/9"}],"replies":[{"embeddable":true,"href":"https:\/\/www.shqiperia.com\/blog\/wp-json\/wp\/v2\/comments?post=37557"}],"version-history":[{"count":3,"href":"https:\/\/www.shqiperia.com\/blog\/wp-json\/wp\/v2\/posts\/37557\/revisions"}],"predecessor-version":[{"id":37561,"href":"https:\/\/www.shqiperia.com\/blog\/wp-json\/wp\/v2\/posts\/37557\/revisions\/37561"}],"wp:featuredmedia":[{"embeddable":true,"href":"https:\/\/www.shqiperia.com\/blog\/wp-json\/wp\/v2\/media\/37558"}],"wp:attachment":[{"href":"https:\/\/www.shqiperia.com\/blog\/wp-json\/wp\/v2\/media?parent=37557"}],"wp:term":[{"taxonomy":"category","embeddable":true,"href":"https:\/\/www.shqiperia.com\/blog\/wp-json\/wp\/v2\/categories?post=37557"},{"taxonomy":"post_tag","embeddable":true,"href":"https:\/\/www.shqiperia.com\/blog\/wp-json\/wp\/v2\/tags?post=37557"}],"curies":[{"name":"wp","href":"https:\/\/api.w.org\/{rel}","templated":true}]}}