{"id":37554,"date":"2020-08-23T05:33:00","date_gmt":"2020-08-23T05:33:00","guid":{"rendered":"https:\/\/www.shqiperia.com\/blog\/?p=37554"},"modified":"2020-08-23T05:33:00","modified_gmt":"2020-08-23T05:33:00","slug":"berisha-sfidon-hapur-kryeministrin-rama","status":"publish","type":"post","link":"https:\/\/www.shqiperia.com\/blog\/berisha-sfidon-hapur-kryeministrin-rama\/","title":{"rendered":"Berisha \u2018sfidon\u2019 hapur kryeministrin Rama"},"content":{"rendered":"<p><img data-recalc-dims=\"1\" loading=\"lazy\" decoding=\"async\" data-attachment-id=\"37555\" data-permalink=\"https:\/\/www.shqiperia.com\/blog\/berisha-sfidon-hapur-kryeministrin-rama\/640-0-5f31b58350026\/\" data-orig-file=\"https:\/\/i0.wp.com\/www.shqiperia.com\/blog\/wp-content\/uploads\/2020\/08\/640-0-5f31b58350026.jpg?fit=640%2C337&amp;ssl=1\" data-orig-size=\"640,337\" data-comments-opened=\"1\" data-image-meta=\"{&quot;aperture&quot;:&quot;0&quot;,&quot;credit&quot;:&quot;&quot;,&quot;camera&quot;:&quot;&quot;,&quot;caption&quot;:&quot;&quot;,&quot;created_timestamp&quot;:&quot;0&quot;,&quot;copyright&quot;:&quot;&quot;,&quot;focal_length&quot;:&quot;0&quot;,&quot;iso&quot;:&quot;0&quot;,&quot;shutter_speed&quot;:&quot;0&quot;,&quot;title&quot;:&quot;&quot;,&quot;orientation&quot;:&quot;0&quot;}\" data-image-title=\"-640-0-5f31b58350026\" data-image-description=\"\" data-image-caption=\"\" data-medium-file=\"https:\/\/i0.wp.com\/www.shqiperia.com\/blog\/wp-content\/uploads\/2020\/08\/640-0-5f31b58350026.jpg?fit=300%2C158&amp;ssl=1\" data-large-file=\"https:\/\/i0.wp.com\/www.shqiperia.com\/blog\/wp-content\/uploads\/2020\/08\/640-0-5f31b58350026.jpg?fit=640%2C337&amp;ssl=1\" class=\"alignnone  wp-image-37555\" alt=\"\" src=\"https:\/\/i0.wp.com\/www.shqiperia.com\/blog\/wp-content\/uploads\/2020\/08\/640-0-5f31b58350026.jpg?resize=560%2C295&#038;ssl=1\" width=\"560\" height=\"295\" srcset=\"https:\/\/i0.wp.com\/www.shqiperia.com\/blog\/wp-content\/uploads\/2020\/08\/640-0-5f31b58350026.jpg?resize=300%2C158&amp;ssl=1 300w, https:\/\/i0.wp.com\/www.shqiperia.com\/blog\/wp-content\/uploads\/2020\/08\/640-0-5f31b58350026.jpg?resize=450%2C237&amp;ssl=1 450w, https:\/\/i0.wp.com\/www.shqiperia.com\/blog\/wp-content\/uploads\/2020\/08\/640-0-5f31b58350026.jpg?resize=600%2C316&amp;ssl=1 600w, https:\/\/i0.wp.com\/www.shqiperia.com\/blog\/wp-content\/uploads\/2020\/08\/640-0-5f31b58350026.jpg?resize=400%2C211&amp;ssl=1 400w, https:\/\/i0.wp.com\/www.shqiperia.com\/blog\/wp-content\/uploads\/2020\/08\/640-0-5f31b58350026.jpg?w=640&amp;ssl=1 640w\" sizes=\"auto, (max-width: 560px) 100vw, 560px\" \/><\/p>\n<p>Berisha \u2018sfidon\u2019 hapur kryeministrin Rama<\/p>\n<p>10 GUSHT 2020<\/p>\n<p>Ish-kryeministri Sali Berisha thot\u00eb se aksi Kardhiq-Delvin\u00eb duhet t\u00eb kishte p\u00ebrfunduar n\u00eb vitin 2014, pasi punimet dhe loti i par\u00eb p\u00ebrfundoi gjat\u00eb qeverisjes s\u00eb tij.<br \/>\nBerisha thot\u00eb se lotin e par\u00eb t\u00eb k\u00ebtij aksi e ka b\u00ebr\u00eb p\u00ebr 7 muaj dhe me nj\u00eb vler\u00eb prej 5,1 milion euro ndryshe nga Rama q\u00eb p\u00ebr lotin e dyt\u00eb jan\u00eb paguar 22 milion euro dhe do t\u00eb nd\u00ebrtohet p\u00ebr 22 muaj.<\/p>\n<p>Ish-kryeministri ka postuar edhe nj\u00eb foto t\u00eb vjet\u00ebr nga inagurimi i fillimit t\u00eb punimeve ku shfaqet krah ish ministrit t\u00eb ndjer\u00eb Sokol Olldashi.<\/p>\n<p>Postimi i plot\u00eb:<\/p>\n<p>Rruga Karrdhiq &#8211; Delvine, histori tjeter vjedhje dhe mashtrimi e Edvin Hajdutit!<\/p>\n<p>Miq, sot Edvin Kristaq Hajduti inspektoi nje segment te rruges Kardhiq &#8211; Delvine, e cila duhej te perfundonte ne vitin 2014 por qe u shnderrua ne histori vjedhje dhe mashtrimi dhe sot 6 vite pas afatit te perfundimit nuk eshte ndertuar as gjysma e saj.<\/p>\n<p>Kjo sepse\u00a0 Edvin Hajduti e braktisi ate deri ne vitin 2018 dhe ju rikthye me nje skeme vjedhjesh te hatashme.<\/p>\n<p>Keshtu, ne rast se loti i pare prej 7 km perfundoi brenda 7 muajve ne vitin 2012 me 5,1 milion euro dhe perve\u00e7 kesaj u hap traseja dhe ne 8 km te tjera, Edvin Kristaq Hajduti tenderoi ne vitin 2018 lotin e dyte prej 7 km por ne nje akt vjedhje te paster me cmim te katerfishte, 22 milione euro dhe afat kohor per tu ndertuar jo per 7 por per 24 muaj.<\/p>\n<p>Ketu me poshte keni statusin e denoncimit nga une te vjedhjes se madhe qe po behet me rrugen Kardhiq &#8211; Delvine! sb<\/p>\n<p>http:\/\/arkiva.km.gov.al\/?fq=brenda&#038;m=news&#038;lid=6952<\/p>\n<p>Kallam Deshtaku katerfishon \u00e7mimin e ndertimit te rruges Kardhiq \u2013 Delvine!<\/p>\n<p>Te dashur miq, dje Kallam Deshtaku ishte per te dyten here ne tre vjet ne rrugen Kardhiq \u2013 Delvine. Heren e pare ne maj te vitit 2015 shkoi dhe u betua se brenda vitit do te fillonin punimet per ndertimin e lotit te dyte te rruges, por si zakonisht mashtroi sepse gjer sot punimet nuk filluan.<\/p>\n<p>Dje Kallam Deshtaku inauguroi fillimin e punimeve te lotit te dyte prej 7 km ne kete rruge. Por ai po dje njoftoi vjedhen e madhe te rradhes.<\/p>\n<p>Loti i pare prej 7 km ne kete rruge u ndertua brenda 7 muajve me nje shume prej 5,1 milion euro. Kurse dje,<\/p>\n<p>Kallam Deshtaku njoftoi se 7 km e lotit te dyte (qe jane nje teren identik me lotin e pare) do ndertohen per 24 muaj dhe me nje \u00e7mim prej 22 milion Euro, pra kater here me te larte. Kjo eshte vetem mashtrimi dhe vjedhja e radhes! Sb<\/p>\n<p>Gazeta Sot<\/p>\n","protected":false},"excerpt":{"rendered":"<p>Berisha \u2018sfidon\u2019 hapur kryeministrin Rama 10 GUSHT 2020 Ish-kryeministri Sali Berisha thot\u00eb se aksi Kardhiq-Delvin\u00eb duhet t\u00eb kishte p\u00ebrfunduar n\u00eb vitin 2014, pasi punimet dhe loti i par\u00eb p\u00ebrfundoi gjat\u00eb qeverisjes s\u00eb tij. Berisha thot\u00eb se lotin e par\u00eb t\u00eb k\u00ebtij aksi e ka b\u00ebr\u00eb p\u00ebr 7 muaj dhe me nj\u00eb vler\u00eb prej 5,1 milion [&hellip;]<\/p>\n","protected":false},"author":9,"featured_media":37555,"comment_status":"open","ping_status":"open","sticky":false,"template":"","format":"standard","meta":{"jetpack_post_was_ever_published":false,"_jetpack_newsletter_access":"","_jetpack_dont_email_post_to_subs":false,"_jetpack_newsletter_tier_id":0,"_jetpack_memberships_contains_paywalled_content":false,"_jetpack_memberships_contains_paid_content":false,"footnotes":"","jetpack_publicize_message":"","jetpack_publicize_feature_enabled":true,"jetpack_social_post_already_shared":true,"jetpack_social_options":{"image_generator_settings":{"template":"highway","default_image_id":0,"font":"","enabled":false},"version":2}},"categories":[27,2],"tags":[],"class_list":["post-37554","post","type-post","status-publish","format-standard","has-post-thumbnail","hentry","category-blogu-i-udhetarit","category-politika"],"jetpack_publicize_connections":[],"jetpack_featured_media_url":"https:\/\/i0.wp.com\/www.shqiperia.com\/blog\/wp-content\/uploads\/2020\/08\/640-0-5f31b58350026.jpg?fit=640%2C337&ssl=1","jetpack_sharing_enabled":true,"jetpack_shortlink":"https:\/\/wp.me\/p5Z6wp-9LI","jetpack-related-posts":[{"id":59487,"url":"https:\/\/www.shqiperia.com\/blog\/skandali-me-rrugen-kardhiq-delvine-tenderat-i-marrin-gjoka-dhe-albstar-oligarket-e-preferuar\/","url_meta":{"origin":37554,"position":0},"title":"Skandali me rrug\u00ebn Kardhiq-Delvin\u00eb\/ \u201cTenderat i marrin \u2018Gjoka\u2019 dhe \u2018AlbStar\u2019, oligark\u00ebt e preferuar\u201d","author":"Kurt Farka","date":"June 28, 2022","format":false,"excerpt":"\u00a0- 28.06.22 Partia Demokratike ka publikuar sot disa nga shifrat q\u00eb jan\u00eb dh\u00ebn\u00eb p\u00ebr nd\u00ebrtimin e rrug\u00ebs Kardhiq-Delvin\u00eb. An\u00ebtari i Kryesis\u00eb s\u00eb PD-s\u00eb Enno Bozdo publikoi edhe emrat e kompanive \u2018Gjoka\u2019 dhe \u2018AlbStar\u2019 q\u00eb sipas selis\u00eb blu jan\u00eb oligark\u00ebt e preferuar t\u00eb kryeministrit Rama. \u201cN\u00eb serialin \u201cNuk keni par\u00eb gj\u00eb\u2026","rel":"","context":"In &quot;Blogu i Udh\u00ebtarit&quot;","block_context":{"text":"Blogu i Udh\u00ebtarit","link":"https:\/\/www.shqiperia.com\/blog\/category\/blogu-i-udhetarit\/"},"img":{"alt_text":"","src":"https:\/\/i0.wp.com\/www.shqiperia.com\/blog\/wp-content\/uploads\/2022\/06\/Skandali-me-rrugen-Kardhiq-Delvine.jpg?fit=770%2C433&ssl=1&resize=350%2C200","width":350,"height":200,"srcset":"https:\/\/i0.wp.com\/www.shqiperia.com\/blog\/wp-content\/uploads\/2022\/06\/Skandali-me-rrugen-Kardhiq-Delvine.jpg?fit=770%2C433&ssl=1&resize=350%2C200 1x, https:\/\/i0.wp.com\/www.shqiperia.com\/blog\/wp-content\/uploads\/2022\/06\/Skandali-me-rrugen-Kardhiq-Delvine.jpg?fit=770%2C433&ssl=1&resize=525%2C300 1.5x, https:\/\/i0.wp.com\/www.shqiperia.com\/blog\/wp-content\/uploads\/2022\/06\/Skandali-me-rrugen-Kardhiq-Delvine.jpg?fit=770%2C433&ssl=1&resize=700%2C400 2x"},"classes":[]},{"id":59408,"url":"https:\/\/www.shqiperia.com\/blog\/si-u-fry-fatura-nga-50-milione-ne-108-milione-euro-per-33-km-skema-e-dyshimte-me-9-tendera-fluturojne-kostot-e-rruges-kardhiq-delvine\/","url_meta":{"origin":37554,"position":1},"title":"Si u fry fatura nga 50 milion\u00eb n\u00eb 108 milion\u00eb euro p\u00ebr 33 km. Skema e dyshimt\u00eb me 9 tendera. &#8211; Fluturojn\u00eb kostot e rrug\u00ebs Kardhiq-Delvin\u00eb.","author":"Kurt Farka","date":"June 26, 2022","format":false,"excerpt":"Kostot e rrug\u00ebs Kardhiq-Delvin\u00eb kan\u00eb kapur shifra te frikshme. 33 kilometrat e k\u00ebtij aksi interurban t\u00eb kategoris\u00eb C2, kan\u00eb kushtuar gati 13 miliard\u00eb lek\u00eb afro 108 milion euro, nd\u00ebrkoh\u00eb q\u00eb n\u00eb fillim i gjith\u00eb projekti ishte parashikuar me nj\u00eb kosto totale mes 50-60 milion\u00eb euro. Nd\u00ebrtimi ka filluar q\u00eb n\u00eb\u2026","rel":"","context":"In &quot;Blogu i Udh\u00ebtarit&quot;","block_context":{"text":"Blogu i Udh\u00ebtarit","link":"https:\/\/www.shqiperia.com\/blog\/category\/blogu-i-udhetarit\/"},"img":{"alt_text":"","src":"https:\/\/i0.wp.com\/www.shqiperia.com\/blog\/wp-content\/uploads\/2022\/06\/Rama-Balluku-Skarfice-770x399-1.png?fit=770%2C399&ssl=1&resize=350%2C200","width":350,"height":200,"srcset":"https:\/\/i0.wp.com\/www.shqiperia.com\/blog\/wp-content\/uploads\/2022\/06\/Rama-Balluku-Skarfice-770x399-1.png?fit=770%2C399&ssl=1&resize=350%2C200 1x, https:\/\/i0.wp.com\/www.shqiperia.com\/blog\/wp-content\/uploads\/2022\/06\/Rama-Balluku-Skarfice-770x399-1.png?fit=770%2C399&ssl=1&resize=525%2C300 1.5x, https:\/\/i0.wp.com\/www.shqiperia.com\/blog\/wp-content\/uploads\/2022\/06\/Rama-Balluku-Skarfice-770x399-1.png?fit=770%2C399&ssl=1&resize=700%2C400 2x"},"classes":[]},{"id":52515,"url":"https:\/\/www.shqiperia.com\/blog\/sali-berisha-publikon-foto-montazhin-me-gardistet-e-2019-thirrje-rames-edvin-larg-duart-nga-selia-e-pd\/","url_meta":{"origin":37554,"position":2},"title":"Sali Berisha publikon foto-montazhin me gardist\u00ebt e 2019, thirrje Ram\u00ebs: &#8211; Edvin larg duart nga selia e PD!","author":"Kurt Farka","date":"December 19, 2021","format":false,"excerpt":"Sali Berisha publikon foto-montazhin me gardist\u00ebt e 2019, thirrje Ram\u00ebs: - Edvin larg duart nga selia e PD! 19 Dhjetor 2021 Nj\u00eb dit\u00eb pasi shkoi n\u00eb selin\u00eb e PD-s\u00eb nga ku deklari shkarkimin e Lulzim Bash\u00ebs, Ish-kryeministri Berisha ka postuar n\u00eb rrjetet sociale nj\u00eb fotomontazh, me nj\u00eb mesazh drejtuar kryeministrit\u2026","rel":"","context":"In &quot;Blogu i Udh\u00ebtarit&quot;","block_context":{"text":"Blogu i Udh\u00ebtarit","link":"https:\/\/www.shqiperia.com\/blog\/category\/blogu-i-udhetarit\/"},"img":{"alt_text":"","src":"https:\/\/i0.wp.com\/www.shqiperia.com\/blog\/wp-content\/uploads\/2021\/12\/Blindohet-kryeministria.jpg?fit=1025%2C508&ssl=1&resize=350%2C200","width":350,"height":200,"srcset":"https:\/\/i0.wp.com\/www.shqiperia.com\/blog\/wp-content\/uploads\/2021\/12\/Blindohet-kryeministria.jpg?fit=1025%2C508&ssl=1&resize=350%2C200 1x, https:\/\/i0.wp.com\/www.shqiperia.com\/blog\/wp-content\/uploads\/2021\/12\/Blindohet-kryeministria.jpg?fit=1025%2C508&ssl=1&resize=525%2C300 1.5x, https:\/\/i0.wp.com\/www.shqiperia.com\/blog\/wp-content\/uploads\/2021\/12\/Blindohet-kryeministria.jpg?fit=1025%2C508&ssl=1&resize=700%2C400 2x"},"classes":[]},{"id":59424,"url":"https:\/\/www.shqiperia.com\/blog\/9-tendera-per-rrugen-kardhiq-delvine-petrit-vasili-fakte-te-renda-grabitja-mafioze-eshte-para-syve-te-spak\/","url_meta":{"origin":37554,"position":3},"title":"9 tendera p\u00ebr rrug\u00ebn Kardhiq-Delvin\u00eb. Petrit Vasili: &#8211; Fakte t\u00eb r\u00ebnda! Grabitja mafioze \u00ebsht\u00eb para syve t\u00eb SPAK","author":"Kurt Farka","date":"June 27, 2022","format":false,"excerpt":"26 Qershor 2022 N\u00ebnkryetari i L\u00ebvizjes Socialiste p\u00ebr Integrim Petrit Vasili ka reaguar n\u00eb lidhje me\u00a0investigimin\u00a0e News 24 p\u00ebr rrug\u00ebn Kardhiq-Delvin\u00eb. Ai thekson se grabitja mafioze e shtetit \u00ebsht\u00eb b\u00ebr\u00eb p\u00ebrpara syve nd\u00ebrsa ngre pyetjen se ky \u00ebsht\u00eb SPAK. Vasili shton se SPAK merret pa u lodhur me \u2018autokombanj\u00ebn e\u2026","rel":"","context":"In &quot;Blogu i Udh\u00ebtarit&quot;","block_context":{"text":"Blogu i Udh\u00ebtarit","link":"https:\/\/www.shqiperia.com\/blog\/category\/blogu-i-udhetarit\/"},"img":{"alt_text":"","src":"https:\/\/i0.wp.com\/www.shqiperia.com\/blog\/wp-content\/uploads\/2022\/06\/9-tendera-per-rrugen-Kardhiq-Delvine.-Petrit-Vasili-Fakte-te-renda-Grabitja-mafioze.jpg?fit=600%2C340&ssl=1&resize=350%2C200","width":350,"height":200,"srcset":"https:\/\/i0.wp.com\/www.shqiperia.com\/blog\/wp-content\/uploads\/2022\/06\/9-tendera-per-rrugen-Kardhiq-Delvine.-Petrit-Vasili-Fakte-te-renda-Grabitja-mafioze.jpg?fit=600%2C340&ssl=1&resize=350%2C200 1x, https:\/\/i0.wp.com\/www.shqiperia.com\/blog\/wp-content\/uploads\/2022\/06\/9-tendera-per-rrugen-Kardhiq-Delvine.-Petrit-Vasili-Fakte-te-renda-Grabitja-mafioze.jpg?fit=600%2C340&ssl=1&resize=525%2C300 1.5x"},"classes":[]},{"id":11983,"url":"https:\/\/www.shqiperia.com\/blog\/3-7-mln-euro-per-1-km-rruge-kardhiq-delvine\/","url_meta":{"origin":37554,"position":4},"title":"3.7 mln euro p\u00ebr 1 km rrug\u00eb\/ Kardhiq-Delvin\u00eb &#8211;","author":"Kurt Farka","date":"September 25, 2018","format":false,"excerpt":"Nga Gjergj Erebara\/ BIRN T\u00eb tre tender\u00ebt e marra s\u00ebbashku do t\u00eb kushtojn\u00eb rreth 51 milion\u00eb euro sipas rezultateve t\u00eb tender\u00ebve. Kjo do t\u00eb thot\u00eb se \u00e7do kilomet\u00ebr rrug\u00eb do t\u00eb kushtoj\u00eb afro 3.7 milion\u00eb euro dhe \u00e7do met\u00ebr linear do t\u00eb kushtoj\u00eb 3700 euro. P\u00ebr \u00e7do met\u00ebr katror rrug\u00eb,\u2026","rel":"","context":"In &quot;Blogu i Udh\u00ebtarit&quot;","block_context":{"text":"Blogu i Udh\u00ebtarit","link":"https:\/\/www.shqiperia.com\/blog\/category\/blogu-i-udhetarit\/"},"img":{"alt_text":"","src":"https:\/\/i0.wp.com\/www.shqiperia.com\/blog\/wp-content\/uploads\/2018\/09\/15036451-1139285072833513-3590268501774040647-n_1478787262-5802029-Copy-1.jpg?fit=489%2C312&ssl=1&resize=350%2C200","width":350,"height":200},"classes":[]},{"id":42328,"url":"https:\/\/www.shqiperia.com\/blog\/ish-kryeministri-sali-berisha-eshte-shprehur-se-shitja-e-detit-ishte-dhurata-e-vitit-te-ri-nga-kryeministri-rama-te-cilit-i-referohet-si-zografi-bis-per-palen-greke\/","url_meta":{"origin":37554,"position":5},"title":"Ish-kryeministri Sali Berisha \u00ebsht\u00eb shprehur se shitja e detit ishte dhurata e Vitit t\u00eb ri nga kryeministri Rama, t\u00eb cilit i referohet si \u201cZografi bis\u201d, p\u00ebr pal\u00ebn greke.","author":"Kurt Farka","date":"December 26, 2020","format":false,"excerpt":"Ish-kryeministri Sali Berisha \u00ebsht\u00eb shprehur se shitja e detit ishte dhurata e Vitit t\u00eb ri nga kryeministri Rama, t\u00eb cilit i referohet si \u201cZografi bis\u201d, p\u00ebr pal\u00ebn greke. 26 DHJETOR 2020 \u201cN\u00eb baz\u00eb t\u00eb k\u00ebsaj marr\u00ebveshje n\u00eb ujdi t\u00eb plot\u00eb me Zogradin Bis, qeveria e Greqis\u00eb u d\u00ebrgoi qytetar\u00ebve t\u00eb\u2026","rel":"","context":"In &quot;Blogu i Udh\u00ebtarit&quot;","block_context":{"text":"Blogu i Udh\u00ebtarit","link":"https:\/\/www.shqiperia.com\/blog\/category\/blogu-i-udhetarit\/"},"img":{"alt_text":"","src":"https:\/\/i0.wp.com\/www.shqiperia.com\/blog\/wp-content\/uploads\/2020\/12\/640x480-berisha-profile.jpg?fit=640%2C392&ssl=1&resize=350%2C200","width":350,"height":200,"srcset":"https:\/\/i0.wp.com\/www.shqiperia.com\/blog\/wp-content\/uploads\/2020\/12\/640x480-berisha-profile.jpg?fit=640%2C392&ssl=1&resize=350%2C200 1x, https:\/\/i0.wp.com\/www.shqiperia.com\/blog\/wp-content\/uploads\/2020\/12\/640x480-berisha-profile.jpg?fit=640%2C392&ssl=1&resize=525%2C300 1.5x"},"classes":[]}],"_links":{"self":[{"href":"https:\/\/www.shqiperia.com\/blog\/wp-json\/wp\/v2\/posts\/37554","targetHints":{"allow":["GET"]}}],"collection":[{"href":"https:\/\/www.shqiperia.com\/blog\/wp-json\/wp\/v2\/posts"}],"about":[{"href":"https:\/\/www.shqiperia.com\/blog\/wp-json\/wp\/v2\/types\/post"}],"author":[{"embeddable":true,"href":"https:\/\/www.shqiperia.com\/blog\/wp-json\/wp\/v2\/users\/9"}],"replies":[{"embeddable":true,"href":"https:\/\/www.shqiperia.com\/blog\/wp-json\/wp\/v2\/comments?post=37554"}],"version-history":[{"count":1,"href":"https:\/\/www.shqiperia.com\/blog\/wp-json\/wp\/v2\/posts\/37554\/revisions"}],"predecessor-version":[{"id":37556,"href":"https:\/\/www.shqiperia.com\/blog\/wp-json\/wp\/v2\/posts\/37554\/revisions\/37556"}],"wp:featuredmedia":[{"embeddable":true,"href":"https:\/\/www.shqiperia.com\/blog\/wp-json\/wp\/v2\/media\/37555"}],"wp:attachment":[{"href":"https:\/\/www.shqiperia.com\/blog\/wp-json\/wp\/v2\/media?parent=37554"}],"wp:term":[{"taxonomy":"category","embeddable":true,"href":"https:\/\/www.shqiperia.com\/blog\/wp-json\/wp\/v2\/categories?post=37554"},{"taxonomy":"post_tag","embeddable":true,"href":"https:\/\/www.shqiperia.com\/blog\/wp-json\/wp\/v2\/tags?post=37554"}],"curies":[{"name":"wp","href":"https:\/\/api.w.org\/{rel}","templated":true}]}}