{"id":37537,"date":"2020-08-22T09:41:21","date_gmt":"2020-08-22T09:41:21","guid":{"rendered":"https:\/\/www.shqiperia.com\/blog\/?p=37537"},"modified":"2020-08-22T09:42:13","modified_gmt":"2020-08-22T09:42:13","slug":"rilindja-21-mije-rrogetare-per-te-bere-share-dhe-like-ne-fb","status":"publish","type":"post","link":"https:\/\/www.shqiperia.com\/blog\/rilindja-21-mije-rrogetare-per-te-bere-share-dhe-like-ne-fb\/","title":{"rendered":"Rilindja, 21 mij\u00eb rrog\u00ebtar\u00eb p\u00ebr t\u00eb b\u00ebr\u00eb share dhe like n\u00eb FB"},"content":{"rendered":"<p><img data-recalc-dims=\"1\" loading=\"lazy\" decoding=\"async\" data-attachment-id=\"37539\" data-permalink=\"https:\/\/www.shqiperia.com\/blog\/rilindja-21-mije-rrogetare-per-te-bere-share-dhe-like-ne-fb\/karikatura-5-3\/\" data-orig-file=\"https:\/\/i0.wp.com\/www.shqiperia.com\/blog\/wp-content\/uploads\/2020\/08\/karikatura-5-1.jpg?fit=1280%2C687&amp;ssl=1\" data-orig-size=\"1280,687\" data-comments-opened=\"1\" data-image-meta=\"{&quot;aperture&quot;:&quot;0&quot;,&quot;credit&quot;:&quot;&quot;,&quot;camera&quot;:&quot;&quot;,&quot;caption&quot;:&quot;&quot;,&quot;created_timestamp&quot;:&quot;0&quot;,&quot;copyright&quot;:&quot;&quot;,&quot;focal_length&quot;:&quot;0&quot;,&quot;iso&quot;:&quot;0&quot;,&quot;shutter_speed&quot;:&quot;0&quot;,&quot;title&quot;:&quot;&quot;,&quot;orientation&quot;:&quot;0&quot;}\" data-image-title=\"karikatura-5\" data-image-description=\"\" data-image-caption=\"\" data-medium-file=\"https:\/\/i0.wp.com\/www.shqiperia.com\/blog\/wp-content\/uploads\/2020\/08\/karikatura-5-1.jpg?fit=300%2C161&amp;ssl=1\" data-large-file=\"https:\/\/i0.wp.com\/www.shqiperia.com\/blog\/wp-content\/uploads\/2020\/08\/karikatura-5-1.jpg?fit=1024%2C550&amp;ssl=1\" class=\"alignnone wp-image-37539\" alt=\"\" src=\"https:\/\/i0.wp.com\/www.shqiperia.com\/blog\/wp-content\/uploads\/2020\/08\/karikatura-5-1.jpg?resize=585%2C314&#038;ssl=1\" width=\"585\" height=\"314\" srcset=\"https:\/\/i0.wp.com\/www.shqiperia.com\/blog\/wp-content\/uploads\/2020\/08\/karikatura-5-1.jpg?resize=300%2C161&amp;ssl=1 300w, https:\/\/i0.wp.com\/www.shqiperia.com\/blog\/wp-content\/uploads\/2020\/08\/karikatura-5-1.jpg?resize=1024%2C550&amp;ssl=1 1024w, https:\/\/i0.wp.com\/www.shqiperia.com\/blog\/wp-content\/uploads\/2020\/08\/karikatura-5-1.jpg?resize=768%2C412&amp;ssl=1 768w, https:\/\/i0.wp.com\/www.shqiperia.com\/blog\/wp-content\/uploads\/2020\/08\/karikatura-5-1.jpg?resize=450%2C242&amp;ssl=1 450w, https:\/\/i0.wp.com\/www.shqiperia.com\/blog\/wp-content\/uploads\/2020\/08\/karikatura-5-1.jpg?resize=600%2C322&amp;ssl=1 600w, https:\/\/i0.wp.com\/www.shqiperia.com\/blog\/wp-content\/uploads\/2020\/08\/karikatura-5-1.jpg?resize=400%2C215&amp;ssl=1 400w, https:\/\/i0.wp.com\/www.shqiperia.com\/blog\/wp-content\/uploads\/2020\/08\/karikatura-5-1.jpg?w=1280&amp;ssl=1 1280w\" sizes=\"auto, (max-width: 585px) 100vw, 585px\" \/><\/p>\n<p><strong>Rilindja, 21 mij\u00eb rrog\u00ebtar\u00eb p\u00ebr t\u00eb b\u00ebr\u00eb share dhe like n\u00eb FB<\/strong><\/p>\n<p>&#8211; 22\/08\/20<\/p>\n<p>Nga: <a href=\"https:\/\/gazetamapo.al\/rilindja-21-mije-rrogetare-per-te-bere-share-dhe-like-ne-fb\/\"><strong>Armand Maho<\/strong><\/a><\/p>\n<p><strong>Nga nj\u00eb hulumtim i gazet\u00ebs MAPO rezulton se n\u00eb tri vite jan\u00eb 23 vendime p\u00ebr rekrutimin e 13 mij\u00eb personave me kontrata t\u00eb p\u00ebrkohshme n\u00eb administrat\u00ebn qendrore, dhe s\u00eb bashku me pun\u00ebsimet n\u00eb pushtetin vendor ky num\u00ebr shkon n\u00eb m\u00eb shum\u00eb se 21 mij\u00eb. Fatura financiare q\u00eb paguajn\u00eb shqiptar\u00ebt \u00ebsht\u00eb rreth 147 milion\u00eb euro. Sektor\u00ebt m\u00eb t\u00eb p\u00eblqyer mbeten tatimet dhe doganat, ku vet\u00ebm n\u00eb vitin 2017 drejtoria e Tatimeve ka pun\u00ebsuar n\u00eb sektorin e \u201cmir\u00ebmbajtjes\u201d 500 persona. ALUIZNI duket t\u00eb ket\u00eb qen\u00eb nj\u00eb tjet\u00ebr vend p\u00ebr pun\u00ebsime. Nga ana e tij kryeministri, ka 30-fishuar numrin e operator\u00ebve, t\u00eb cil\u00ebt nuk jan\u00eb gj\u00eb tjet\u00ebr vet\u00ebm se persona q\u00eb pun\u00ebsohen p\u00ebr shp\u00ebrndarjen e statuseve t\u00eb Facebook apo kronikave t\u00eb ERTV<\/strong><\/p>\n<div id=\"attachment_37540\" style=\"width: 756px\" class=\"wp-caption alignnone\"><img data-recalc-dims=\"1\" loading=\"lazy\" decoding=\"async\" aria-describedby=\"caption-attachment-37540\" data-attachment-id=\"37540\" data-permalink=\"https:\/\/www.shqiperia.com\/blog\/rilindja-21-mije-rrogetare-per-te-bere-share-dhe-like-ne-fb\/lista-e-te-punesuarve-per-fushate\/\" data-orig-file=\"https:\/\/i0.wp.com\/www.shqiperia.com\/blog\/wp-content\/uploads\/2020\/08\/Lista-e-te-punesuarve-per-Fushate.jpg?fit=1280%2C525&amp;ssl=1\" data-orig-size=\"1280,525\" data-comments-opened=\"1\" data-image-meta=\"{&quot;aperture&quot;:&quot;0&quot;,&quot;credit&quot;:&quot;&quot;,&quot;camera&quot;:&quot;&quot;,&quot;caption&quot;:&quot;&quot;,&quot;created_timestamp&quot;:&quot;0&quot;,&quot;copyright&quot;:&quot;&quot;,&quot;focal_length&quot;:&quot;0&quot;,&quot;iso&quot;:&quot;0&quot;,&quot;shutter_speed&quot;:&quot;0&quot;,&quot;title&quot;:&quot;&quot;,&quot;orientation&quot;:&quot;0&quot;}\" data-image-title=\"&#8230; Lista e te punesuarve per Fushate\" data-image-description=\"\" data-image-caption=\"&lt;p&gt;&#8230; Lista e te punesuarve per Fushate&lt;\/p&gt;\n\" data-medium-file=\"https:\/\/i0.wp.com\/www.shqiperia.com\/blog\/wp-content\/uploads\/2020\/08\/Lista-e-te-punesuarve-per-Fushate.jpg?fit=300%2C123&amp;ssl=1\" data-large-file=\"https:\/\/i0.wp.com\/www.shqiperia.com\/blog\/wp-content\/uploads\/2020\/08\/Lista-e-te-punesuarve-per-Fushate.jpg?fit=1024%2C420&amp;ssl=1\" class=\" wp-image-37540\" alt=\"\" src=\"https:\/\/i0.wp.com\/www.shqiperia.com\/blog\/wp-content\/uploads\/2020\/08\/Lista-e-te-punesuarve-per-Fushate.jpg?resize=746%2C306&#038;ssl=1\" width=\"746\" height=\"306\" srcset=\"https:\/\/i0.wp.com\/www.shqiperia.com\/blog\/wp-content\/uploads\/2020\/08\/Lista-e-te-punesuarve-per-Fushate.jpg?resize=300%2C123&amp;ssl=1 300w, https:\/\/i0.wp.com\/www.shqiperia.com\/blog\/wp-content\/uploads\/2020\/08\/Lista-e-te-punesuarve-per-Fushate.jpg?resize=1024%2C420&amp;ssl=1 1024w, https:\/\/i0.wp.com\/www.shqiperia.com\/blog\/wp-content\/uploads\/2020\/08\/Lista-e-te-punesuarve-per-Fushate.jpg?resize=768%2C315&amp;ssl=1 768w, https:\/\/i0.wp.com\/www.shqiperia.com\/blog\/wp-content\/uploads\/2020\/08\/Lista-e-te-punesuarve-per-Fushate.jpg?resize=450%2C185&amp;ssl=1 450w, https:\/\/i0.wp.com\/www.shqiperia.com\/blog\/wp-content\/uploads\/2020\/08\/Lista-e-te-punesuarve-per-Fushate.jpg?resize=600%2C246&amp;ssl=1 600w, https:\/\/i0.wp.com\/www.shqiperia.com\/blog\/wp-content\/uploads\/2020\/08\/Lista-e-te-punesuarve-per-Fushate.jpg?resize=400%2C164&amp;ssl=1 400w, https:\/\/i0.wp.com\/www.shqiperia.com\/blog\/wp-content\/uploads\/2020\/08\/Lista-e-te-punesuarve-per-Fushate.jpg?w=1280&amp;ssl=1 1280w\" sizes=\"auto, (max-width: 746px) 100vw, 746px\" \/><p id=\"caption-attachment-37540\" class=\"wp-caption-text\">&#8230; Lista e te punesuarve per Fushate<\/p><\/div>\n<p>Ishte viti 2013 kur Edi Rama n\u00eb \u00e7do takim elektoral, thuajse n\u00eb \u00e7do konferenc\u00eb p\u00ebr shtyp, bashk\u00ebbisedim n\u00eb rrjetet sociale etj., kishte nj\u00eb refren q\u00eb e p\u00ebrs\u00ebriste shpesh kur pyetej p\u00ebr pun\u00ebsimet n\u00eb administrat\u00eb \u201cS\u2019i ndaj t\u00eb papun\u00ebt sipas teser\u00ebs s\u00eb partis\u00eb!\u201d, thoshte shpesh duke l\u00ebn\u00eb t\u00eb kuptohet se parimi i pun\u00ebsimeve t\u00eb \u201cRilindjes\u201d do ishte meritokracia. Por, ndryshimi i Edi Ram\u00ebs, s\u00eb 2013 me Edi Ram\u00ebn e nj\u00eb viti m\u00eb von\u00eb ishte duksh\u00ebm shum\u00eb i thell\u00eb. N\u00eb mediat e asaj kohe u publikua nj\u00eb dokument q\u00eb tregohej se si rekrutoheshin militant\u00ebt e PS-s\u00eb n\u00eb Tatime e Dogana. Taulant Balla dhe Saimir Tahiri mbanin rekord pun\u00ebsimesh atje.<\/p>\n<p>******<\/p>\n<p><span>\u00a0<\/span><\/p>\n<p>N\u00eb prag t\u00eb zgjedhjeve lokale t\u00eb vitit 2015, n\u00eb medie del nj\u00eb email i d\u00ebrguar nga Taulant Balla, i cili u k\u00ebrkonte deputetit Tom Doshi, ministrave Mimi Kodheli, Saimir Tahiri, Arben Ahmetaj, zv.kryeministrit Peleshi, deputet\u00ebve Etjona Hoxha, Fidel Ylli, Ulsi Manja, Ben Blushi dhe nj\u00eb t\u00eb pun\u00ebsuare n\u00eb zyr\u00ebn elektorale t\u00eb deputetit Ko\u00e7o Kok\u00ebdhima pozicionet e lira q\u00eb Drejtoria e Administrat\u00ebs Publike ka shpallur sipas qarqeve dhe manualit p\u00ebr t\u00eb aplikuar online. Ai i k\u00ebshillon t\u00eb sip\u00ebrp\u00ebrmendurit q\u00eb t\u00eb vendosin n\u00eb zyrat elektorale persona q\u00eb t\u00eb administrojn\u00eb dhe instruktojn\u00eb njer\u00ebzit e PS q\u00eb t\u00eb aplikojn\u00eb p\u00ebr t\u2019u futur n\u00eb poste t\u00eb administrat\u00ebs publike, duke e shnd\u00ebrruar k\u00ebshtu n\u00eb fars\u00eb gar\u00ebn dhe meritokracin\u00eb. \u201cP\u00ebr k\u00ebt\u00eb q\u00ebllim nevojitet q\u00eb n\u00eb nivel qarku dhe rrethi n\u00eb zyrat qendrore elektorale t\u00eb vendosen persona p\u00ebrgjegj\u00ebs q\u00eb t\u00eb administrojn\u00eb dhe t\u00eb instruktojn\u00eb njer\u00ebzit tan\u00eb q\u00eb t\u00eb aplikojn\u00eb\u201d, thuhej n\u00eb email-in e Taulant Ball\u00ebs q\u00eb mban dat\u00ebn 11 shtator 2014. M\u00eb 30 dhjetor 2014 ministrja e Inovacionit aso kohe Milena Harito u drejtohet t\u00eb nj\u00ebjt\u00ebve persona me nj\u00eb tjet\u00ebr email. \u201cT\u00eb nderuar. N\u00eb vazhdim t\u00eb shk\u00ebmbimit me Taulant Ball\u00ebn si m\u00eb posht\u00eb, dhe p\u00ebr shkak t\u00eb numrit t\u00eb ul\u00ebt t\u00eb fituesve n\u00eb konkurset e DAP, lutem m\u00eb transmetoni emrat e 1-3 personave p\u00ebr qark t\u00eb cil\u00ebt do t\u00eb instruktohen p\u00ebr procedur\u00ebn e aplikimit, n\u00eb m\u00ebnyr\u00eb q\u00eb t\u00eb ken\u00eb mund\u00ebsi t\u00eb ndihmojn\u00eb k\u00ebdo q\u00eb k\u00ebrkon ndihm\u00eb pran\u00eb zyrave elektorale.\u201d N\u00eb t\u00eb nj\u00ebjt\u00ebn m\u00ebnyr\u00eb edhe ministrja Harito u sugjeron deputet\u00ebve q\u00eb t\u00eb ndihmohen t\u00eb gjith\u00eb militant\u00ebt socialist\u00eb q\u00eb t\u00eb k\u00ebrkojn\u00eb pun\u00eb pran\u00eb zyrave t\u00eb PS dhe jo n\u00eb zyrat e pun\u00ebs, si\u00e7 e k\u00ebrkon ligji.<\/p>\n<p>*****<\/p>\n<p>Kjo praktik\u00eb e pun\u00ebsimit t\u00eb militant\u00ebve duket se \u00ebsht\u00eb ndjekur dhe n\u00eb vitet n\u00eb vijim, dhe sa m\u00eb shum\u00eb afronin fushatat aq m\u00eb shum\u00eb thellohej fenomeni. Por me plot\u00ebsimin e vendeve t\u00eb pun\u00ebs s\u00eb p\u00ebrhershme, pas spastrimit q\u00eb iu b\u00eb administrat\u00ebs n\u00eb periudh\u00ebn 2014-2015, filloi t\u00eb aplikohej nj\u00eb metod\u00eb e re. Ajo e kontratave t\u00eb p\u00ebrkohshme, q\u00eb nuk ishte gj\u00eb tjet\u00ebr vet\u00ebm s\u00eb nj\u00eb m\u00ebnyr\u00eb p\u00ebr t\u00eb pun\u00ebsuar n\u00eb mas\u00eb militant\u00eb sidomos n\u00eb koh\u00eb zgjedhjesh. N\u00eb numrin e sot\u00ebm gazeta MAPO do mundohet t\u00eb jap\u00eb nj\u00eb pasqyr\u00eb t\u00eb asaj \u00e7far\u00eb ka ndodhur q\u00eb nga viti 2017 e k\u00ebtej, kur Rama deklaroi se \u201ctepsin\u00eb e pun\u00ebsimeve do e d\u00ebrgonte p\u00ebr skrap\u201d, por q\u00eb n\u00eb t\u00eb v\u00ebrtet\u00eb e ka thelluar dhe m\u00eb shum\u00eb fryrjen e panevojshme t\u00eb administrat\u00ebs, me inspektor\u00eb tatimor\u00eb dhe punonj\u00ebs doganash, praktikant\u00eb t\u00eb FRESSH q\u00eb pun\u00ebsohen n\u00eb institucione,operator\u00eb q\u00eb merren me Facebook etj. Nj\u00eb fenomen q\u00eb i ka kushtuar taksapaguesit rreth 147 milion\u00eb euro n\u00eb kat\u00ebr vjet, s\u00eb bashku me 8100 pun\u00ebsimet n\u00eb pushtetin lokal, nga ku 55 milion\u00eb euro jan\u00eb kostot p\u00ebr pun\u00ebsimet n\u00eb pushtetin qendror dhe 92 milion\u00eb euro kostot e pun\u00ebsimeve n\u00eb pushtetin lokal. P\u00ebrgjith\u00ebsisht jan\u00eb njer\u00ebz q\u00eb nuk b\u00ebjn\u00eb thuajse asnj\u00eb pun\u00eb, n\u00eb institucione nuk i ka par\u00eb askush, madje as dit\u00ebn e rrogave pasi tashm\u00eb t\u00ebrhiqen n\u00eb bank\u00eb apo q\u00ebndrojn\u00eb para kompjuterit p\u00ebr t\u00eb shp\u00ebrndar\u00eb propagand\u00eb n\u00eb rrjetet sociale, sepse administratat jan\u00eb plot\u00ebsuar me njer\u00ebz prej koh\u00ebsh, q\u00eb n\u00eb vitin e par\u00eb t\u00eb pushtetit. Fjala vjen, p\u00ebr \u00e7far\u00eb i duhen Ministris\u00eb s\u00eb Arsimit 48 sanitare me kontrata vjetore p\u00ebr t\u00eb ardhur vet\u00ebm 4 or\u00eb n\u00eb pun\u00eb. P\u00ebrse duhen 6 dit\u00eb para zgjedhjeve 420 inspektor\u00eb shtes\u00eb pyjesh, e k\u00ebshtu me radh\u00eb n\u00eb t\u00eb gjitha institucionet.<\/p>\n<p><strong>Viti 2017, tatimet rekrutojn\u00eb 500 pun\u00ebtor\u00eb mir\u00ebmbajtjeje<\/strong><\/p>\n<p>Dhurata \u00c7upi ish-deputete e PD-s\u00eb thot\u00eb p\u00ebr MAPO se n\u00eb rekrutime nuk ekziston asnj\u00eb lloj transparence. \u201cFillojn\u00eb me kontrat\u00eb p\u00ebrkohshme, por rinovohen \u00e7do vit dhe kthehen t\u00eb p\u00ebrhershme. Edi Rama e ka shnd\u00ebrruar administrat\u00ebn n\u00eb nj\u00eb deg\u00eb t\u00eb partis\u00eb n\u00eb pushtet\u201d thot\u00eb ajo. Sipas saj jan\u00eb rreth 23 vendime t\u00eb K\u00ebshillit t\u00eb Ministrave, q\u00eb nga viti 2017 q\u00eb flasin p\u00ebr rekrutime n\u00eb administrat\u00eb. Po ku jan\u00eb vendet m\u00eb t\u00eb preferuara p\u00ebr njer\u00ebzit q\u00eb synojn\u00eb administrat\u00ebn qoft\u00eb dhe me kontrat\u00eb t\u00eb p\u00ebrkohshme. N\u00eb nj\u00eb vendim t\u00eb vitit, vihet re se vendet e pun\u00ebs jan\u00eb shp\u00ebrndar\u00eb n\u00eb t\u00eb gjitha nivelet. Sanitar\u00eb, elektricist\u00eb, pun\u00ebtor\u00eb sht\u00ebpish pushimi t\u00eb Ministris\u00eb s\u00eb Brendshme, t\u00eb pun\u00ebsuar me orar t\u00eb reduktuar prej kat\u00ebr or\u00ebsh n\u00eb dit\u00eb, ose e th\u00ebn\u00eb m\u00eb shkoqur sa p\u00ebr t\u00eb marr\u00eb nj\u00eb rrog\u00eb. Por, sektori m\u00eb i lakmuar \u00ebsht\u00eb ai i Tatimeve dhe Doganave. K\u00ebshtu n\u00eb janarin e vitit 2017 jan\u00eb rekrutuar vet\u00ebm n\u00eb sektorin e tatimeve rreth 500 pun\u00ebtor\u00eb mir\u00ebmbajtjeje (n\u00eb rast se nuk \u00ebsht\u00eb nj\u00eb lapsus, por k\u00ebshtu e ka t\u00eb shkruar Fletorja Zyrtare num\u00ebr 5 e vitit 2017). N\u00eb relacionin bashk\u00ebshoq\u00ebrues nuk shpjegohet se p\u00ebrse i duhen Drejtoris\u00eb s\u00eb P\u00ebrgjithshme t\u00eb Tatimeve 500 pun\u00ebtor\u00eb n\u00eb k\u00ebt\u00eb sektor me nj\u00eb afat gjasht\u00ebmujor, pra deri n\u00eb qershor t\u00eb atij viti kur ishin dhe zgjedhjet. N\u00eb po at\u00eb vit, ALUIZNI rekruton 600 specialist\u00eb dhe 100 teknik\u00eb t\u00eb mes\u00ebm. Nd\u00ebrsa ministria e Arsimit ka pasur nevoj\u00eb t\u00eb ngutshme p\u00ebr sanitar\u00eb, dhe pun\u00ebson 44 persona me orar t\u00eb reduktuar prej kat\u00ebr or\u00ebsh.<\/p>\n<p>Gazeta Mapo<\/p>\n","protected":false},"excerpt":{"rendered":"<p>Rilindja, 21 mij\u00eb rrog\u00ebtar\u00eb p\u00ebr t\u00eb b\u00ebr\u00eb share dhe like n\u00eb FB &#8211; 22\/08\/20 Nga: Armand Maho Nga nj\u00eb hulumtim i gazet\u00ebs MAPO rezulton se n\u00eb tri vite jan\u00eb 23 vendime p\u00ebr rekrutimin e 13 mij\u00eb personave me kontrata t\u00eb p\u00ebrkohshme n\u00eb administrat\u00ebn qendrore, dhe s\u00eb bashku me pun\u00ebsimet n\u00eb pushtetin vendor ky num\u00ebr shkon [&hellip;]<\/p>\n","protected":false},"author":9,"featured_media":37538,"comment_status":"open","ping_status":"open","sticky":false,"template":"","format":"standard","meta":{"jetpack_post_was_ever_published":false,"_jetpack_newsletter_access":"","_jetpack_dont_email_post_to_subs":false,"_jetpack_newsletter_tier_id":0,"_jetpack_memberships_contains_paywalled_content":false,"_jetpack_memberships_contains_paid_content":false,"footnotes":"","jetpack_publicize_message":"","jetpack_publicize_feature_enabled":true,"jetpack_social_post_already_shared":true,"jetpack_social_options":{"image_generator_settings":{"template":"highway","default_image_id":0,"font":"","enabled":false},"version":2}},"categories":[27,1,2],"tags":[],"class_list":["post-37537","post","type-post","status-publish","format-standard","has-post-thumbnail","hentry","category-blogu-i-udhetarit","category-njoftime-shtypi","category-politika"],"jetpack_publicize_connections":[],"jetpack_featured_media_url":"https:\/\/i0.wp.com\/www.shqiperia.com\/blog\/wp-content\/uploads\/2020\/08\/karikatura-5.jpg?fit=1280%2C1024&ssl=1","jetpack_sharing_enabled":true,"jetpack_shortlink":"https:\/\/wp.me\/p5Z6wp-9Lr","jetpack-related-posts":[{"id":37716,"url":"https:\/\/www.shqiperia.com\/blog\/rilindja-perze-shqiptaret-por-merr-sirianet-dhe-afganet\/","url_meta":{"origin":37537,"position":0},"title":"Rilindja p\u00ebrz\u00eb shqiptar\u00ebt, por merr sirian\u00ebt dhe afgan\u00ebt","author":"Kurt Farka","date":"August 27, 2020","format":false,"excerpt":"Rilindja p\u00ebrz\u00eb shqiptar\u00ebt, por merr sirian\u00ebt dhe afgan\u00ebt 22\/08\/2020 Instituti i Statistikave publikoi dje t\u00eb dh\u00ebnat p\u00ebr personat q\u00eb kan\u00eb k\u00ebrkuar azil n\u00eb Shqip\u00ebri gjat\u00eb vitit 2019. Shifrat e institucioneve shtet\u00ebrore tregojn\u00eb se gjat\u00eb vitit q\u00eb lam\u00eb pas 6 567 qytetar\u00eb t\u00eb huaj kan\u00eb aplikuar n\u00eb Ministrin\u00eb e Brendshme p\u00ebr\u2026","rel":"","context":"In &quot;Blogu i Udh\u00ebtarit&quot;","block_context":{"text":"Blogu i Udh\u00ebtarit","link":"https:\/\/www.shqiperia.com\/blog\/category\/blogu-i-udhetarit\/"},"img":{"alt_text":"","src":"https:\/\/i0.wp.com\/www.shqiperia.com\/blog\/wp-content\/uploads\/2020\/08\/siriane-693x450-1-693x375-1.jpg?fit=693%2C375&ssl=1&resize=350%2C200","width":350,"height":200,"srcset":"https:\/\/i0.wp.com\/www.shqiperia.com\/blog\/wp-content\/uploads\/2020\/08\/siriane-693x450-1-693x375-1.jpg?fit=693%2C375&ssl=1&resize=350%2C200 1x, https:\/\/i0.wp.com\/www.shqiperia.com\/blog\/wp-content\/uploads\/2020\/08\/siriane-693x450-1-693x375-1.jpg?fit=693%2C375&ssl=1&resize=525%2C300 1.5x"},"classes":[]},{"id":41290,"url":"https:\/\/www.shqiperia.com\/blog\/1-vit-nga-termeti-12-mije-familje-jetojne-ne-cadra-kurse-rilindja-ne-charter\/","url_meta":{"origin":37537,"position":1},"title":"1 vit nga t\u00ebrmeti. 12 mij\u00eb familje jetojn\u00eb n\u00eb \u00e7adra, kurse Rilindja n\u00eb charter","author":"Kurt Farka","date":"November 27, 2020","format":false,"excerpt":"1 vit nga t\u00ebrmeti. 12 mij\u00eb familje jetojn\u00eb n\u00eb \u00e7adra, kurse Rilindja n\u00eb charter Nga: Ermir Gjinishi\u00a0 Dhimbje, lot, zhg\u00ebnjim. Ky \u00ebsht\u00eb trishtimi i k\u00ebsaj dite, nj\u00eb vit pas t\u00ebrmetit t\u00eb 26 n\u00ebntorit 2019. Banor\u00ebt e pastreh\u00eb po kalojn\u00eb dimrin e dyt\u00eb jasht\u00eb, bashk\u00eb me rrezikun e kovidit mbi shpin\u00ebn\u2026","rel":"","context":"In &quot;Blogu i Udh\u00ebtarit&quot;","block_context":{"text":"Blogu i Udh\u00ebtarit","link":"https:\/\/www.shqiperia.com\/blog\/category\/blogu-i-udhetarit\/"},"img":{"alt_text":"","src":"https:\/\/i0.wp.com\/www.shqiperia.com\/blog\/wp-content\/uploads\/2020\/11\/unnamed-2.jpg?fit=512%2C223&ssl=1&resize=350%2C200","width":350,"height":200},"classes":[]},{"id":75387,"url":"https:\/\/www.shqiperia.com\/blog\/prej-1-janarit-gazetari-i-njohur-zbulon-detaje-nga-marreveshja-rama-meloni-cilet-refugjate-do-te-vijne-ne-shqiperi\/","url_meta":{"origin":37537,"position":2},"title":"\u201cPrej 1 janarit&#8230;\u201d, gazetari i njohur zbulon detaje nga marr\u00ebveshja Rama-Meloni: &#8211; Cil\u00ebt refugjat\u00eb do t\u00eb vijn\u00eb n\u00eb Shqip\u00ebri","author":"Kurt Farka","date":"November 7, 2023","format":false,"excerpt":"7 Nentor 2023 Gazetari i Corriere della Sera, Leonard Berberi n\u00eb nj\u00eb intervist\u00eb televizive u shpreh se duhet t\u00eb ket\u00eb nj\u00eb qart\u00ebsim se cil\u00ebt emigrant\u00eb do t\u00eb vijn\u00eb n\u00eb Shqip\u00ebri, ata q\u00eb shp\u00ebtohen n\u00eb det nga ushtria italiane apo edhe ata q\u00eb shp\u00ebtohen nga anijet e organizatave joqeveritare, n\u00eb lidhje\u2026","rel":"","context":"In &quot;Blogu i Udh\u00ebtarit&quot;","block_context":{"text":"Blogu i Udh\u00ebtarit","link":"https:\/\/www.shqiperia.com\/blog\/category\/blogu-i-udhetarit\/"},"img":{"alt_text":"","src":"https:\/\/i0.wp.com\/www.shqiperia.com\/blog\/wp-content\/uploads\/2023\/11\/800-0-654a2aafb4504.jpg?fit=800%2C420&ssl=1&resize=350%2C200","width":350,"height":200,"srcset":"https:\/\/i0.wp.com\/www.shqiperia.com\/blog\/wp-content\/uploads\/2023\/11\/800-0-654a2aafb4504.jpg?fit=800%2C420&ssl=1&resize=350%2C200 1x, https:\/\/i0.wp.com\/www.shqiperia.com\/blog\/wp-content\/uploads\/2023\/11\/800-0-654a2aafb4504.jpg?fit=800%2C420&ssl=1&resize=525%2C300 1.5x, https:\/\/i0.wp.com\/www.shqiperia.com\/blog\/wp-content\/uploads\/2023\/11\/800-0-654a2aafb4504.jpg?fit=800%2C420&ssl=1&resize=700%2C400 2x"},"classes":[]},{"id":90954,"url":"https:\/\/www.shqiperia.com\/blog\/ikja-masive-e-shqiptareve-nuk-ka-te-ndalur-eurostat-gati-100-mije-shqiptare-emigruan-ne-vendet-e-be-se-vetem-ne-vitet-2022-2023-ja-destinacioni-i-tyre-kryesor\/","url_meta":{"origin":37537,"position":3},"title":"Ikja masive e shqiptar\u00ebve nuk ka te ndalur, Eurostat: &#8211; Gati 100 mij\u00eb shqiptar\u00eb emigruan n\u00eb vendet e BE-s\u00eb vet\u00ebm n\u00eb vitet 2022-2023! Ja destinacioni i tyre kryesor","author":"Kurt Farka","date":"April 1, 2025","format":false,"excerpt":"1 Prill 2025 Ritmet e emigracionit jan\u00eb p\u00ebrshpejtuar ndjesh\u00ebm vitet e fundit, duke tejkaluar dhe nivelin e vitit 2015, kur u konstatua nj\u00eb ikje masive. Teksa n\u00eb 2015-n e dh\u00ebna u reflektua direkt n\u00eb k\u00ebrkesat p\u00ebr azil n\u00eb Bashkimin Europian, treguesi real tashm\u00eb jepet nga e dh\u00ebna tjet\u00ebr p\u00ebr emigrant\u00ebt\u2026","rel":"","context":"In &quot;Blogu i Udh\u00ebtarit&quot;","block_context":{"text":"Blogu i Udh\u00ebtarit","link":"https:\/\/www.shqiperia.com\/blog\/category\/blogu-i-udhetarit\/"},"img":{"alt_text":"","src":"https:\/\/i0.wp.com\/www.shqiperia.com\/blog\/wp-content\/uploads\/2025\/04\/emigrantet-1-600x360-1.jpg?fit=600%2C360&ssl=1&resize=350%2C200","width":350,"height":200,"srcset":"https:\/\/i0.wp.com\/www.shqiperia.com\/blog\/wp-content\/uploads\/2025\/04\/emigrantet-1-600x360-1.jpg?fit=600%2C360&ssl=1&resize=350%2C200 1x, https:\/\/i0.wp.com\/www.shqiperia.com\/blog\/wp-content\/uploads\/2025\/04\/emigrantet-1-600x360-1.jpg?fit=600%2C360&ssl=1&resize=525%2C300 1.5x"},"classes":[]},{"id":21711,"url":"https:\/\/www.shqiperia.com\/blog\/specialistet-e-trashegimise-akuzojne-asha-eshte-shnderruar-ne-nje-agjenci-dekorative-qender-korrupsioni-dhe-paaftesie\/","url_meta":{"origin":37537,"position":4},"title":"Specialist\u00ebt e trash\u00ebgimis\u00eb akuzojn\u00eb ASHA: &#8211; \u00cbsht\u00eb shnd\u00ebrruar n\u00eb nj\u00eb agjenci dekorative, qend\u00ebr korrupsioni dhe paaft\u00ebsie","author":"Kurt Farka","date":"June 8, 2019","format":false,"excerpt":"Specialist\u00ebt e trash\u00ebgimis\u00eb akuzojn\u00eb ASHA: - \u00cbsht\u00eb shnd\u00ebrruar n\u00eb nj\u00eb agjenci dekorative, qend\u00ebr korrupsioni dhe paaft\u00ebsie 07\/06\/2019 Specialist\u00ebt e trash\u00ebgimis\u00eb shprehen se baza e arkeologjis\u00eb \u00ebsht\u00eb g\u00ebrmimi arkeologjik, por n\u00eb vendin ton\u00eb kjo \u00ebsht\u00eb shum\u00eb e pakt\u00eb krahasuar me vite m\u00eb par\u00eb. T\u00eb gjendur p\u00ebrball\u00eb k\u00ebsaj situate studiues dhe arkeolog\u00eb\u2026","rel":"","context":"In &quot;Histori&quot;","block_context":{"text":"Histori","link":"https:\/\/www.shqiperia.com\/blog\/category\/histori\/"},"img":{"alt_text":"","src":"https:\/\/i0.wp.com\/www.shqiperia.com\/blog\/wp-content\/uploads\/2019\/06\/arkelogjiaaaa_faqe_asha_faqe_18-1-300x199.jpg?resize=350%2C200","width":350,"height":200},"classes":[]},{"id":61353,"url":"https:\/\/www.shqiperia.com\/blog\/150-mije-euro-helikopteri-qe-fik-zjarret-ky-eshte-magjistari-i-radhes-tek-rilindja-helikoteri-nuk-ka-shkelur-asnjehere-ne-vend-fiu-fiu-fluturon-magjistar-hakiu\/","url_meta":{"origin":37537,"position":5},"title":"150 mij\u00eb euro helikopteri q\u00eb fik zjarret? -&#8220;Ky \u00ebsht\u00eb magjistari i radh\u00ebs tek Rilindja&#8221;: &#8211; Helikoteri Nuk ka shkelur asnj\u00ebher\u00eb n\u00eb vend, fiu fiu fluturon magjistar Hakiu\u2026","author":"Kurt Farka","date":"August 23, 2022","format":false,"excerpt":"23 Gusht 2022 \"... Albkontroll thot\u00eb se helikopteri, q\u00eb zoti \u00c7ako thot\u00eb se na fiku zjarret, nuk ka hyr\u00eb asnj\u00ebher\u00eb n\u00eb territorin e Shqip\u00ebris\u00eb. Voila magjistari i radh\u00ebs. Tani faktet\"... Gazetari Klodian Tomorri ka publikuar skandalin e radh\u00ebs q\u00eb ka t\u00eb b\u00ebj\u00eb me situat\u00ebn e zjarreve n\u00eb vend, ku rezulton\u2026","rel":"","context":"In &quot;Blogu i Udh\u00ebtarit&quot;","block_context":{"text":"Blogu i Udh\u00ebtarit","link":"https:\/\/www.shqiperia.com\/blog\/category\/blogu-i-udhetarit\/"},"img":{"alt_text":"","src":"https:\/\/i0.wp.com\/www.shqiperia.com\/blog\/wp-content\/uploads\/2022\/08\/640-0-1498891df0b215da017a814a03baf9dd.png?fit=640%2C319&ssl=1&resize=350%2C200","width":350,"height":200,"srcset":"https:\/\/i0.wp.com\/www.shqiperia.com\/blog\/wp-content\/uploads\/2022\/08\/640-0-1498891df0b215da017a814a03baf9dd.png?fit=640%2C319&ssl=1&resize=350%2C200 1x, https:\/\/i0.wp.com\/www.shqiperia.com\/blog\/wp-content\/uploads\/2022\/08\/640-0-1498891df0b215da017a814a03baf9dd.png?fit=640%2C319&ssl=1&resize=525%2C300 1.5x"},"classes":[]}],"_links":{"self":[{"href":"https:\/\/www.shqiperia.com\/blog\/wp-json\/wp\/v2\/posts\/37537","targetHints":{"allow":["GET"]}}],"collection":[{"href":"https:\/\/www.shqiperia.com\/blog\/wp-json\/wp\/v2\/posts"}],"about":[{"href":"https:\/\/www.shqiperia.com\/blog\/wp-json\/wp\/v2\/types\/post"}],"author":[{"embeddable":true,"href":"https:\/\/www.shqiperia.com\/blog\/wp-json\/wp\/v2\/users\/9"}],"replies":[{"embeddable":true,"href":"https:\/\/www.shqiperia.com\/blog\/wp-json\/wp\/v2\/comments?post=37537"}],"version-history":[{"count":1,"href":"https:\/\/www.shqiperia.com\/blog\/wp-json\/wp\/v2\/posts\/37537\/revisions"}],"predecessor-version":[{"id":37541,"href":"https:\/\/www.shqiperia.com\/blog\/wp-json\/wp\/v2\/posts\/37537\/revisions\/37541"}],"wp:featuredmedia":[{"embeddable":true,"href":"https:\/\/www.shqiperia.com\/blog\/wp-json\/wp\/v2\/media\/37538"}],"wp:attachment":[{"href":"https:\/\/www.shqiperia.com\/blog\/wp-json\/wp\/v2\/media?parent=37537"}],"wp:term":[{"taxonomy":"category","embeddable":true,"href":"https:\/\/www.shqiperia.com\/blog\/wp-json\/wp\/v2\/categories?post=37537"},{"taxonomy":"post_tag","embeddable":true,"href":"https:\/\/www.shqiperia.com\/blog\/wp-json\/wp\/v2\/tags?post=37537"}],"curies":[{"name":"wp","href":"https:\/\/api.w.org\/{rel}","templated":true}]}}