{"id":37033,"date":"2020-08-10T07:13:34","date_gmt":"2020-08-10T07:13:34","guid":{"rendered":"https:\/\/www.shqiperia.com\/blog\/?p=37033"},"modified":"2020-08-10T07:13:34","modified_gmt":"2020-08-10T07:13:34","slug":"veshtrimi-per-librin-shoqeria-kulturore-artistike-maja-e-karanfilit-plave-gusi-monografi-te-autores-se-re-rilinda-t-gjonbalaj","status":"publish","type":"post","link":"https:\/\/www.shqiperia.com\/blog\/veshtrimi-per-librin-shoqeria-kulturore-artistike-maja-e-karanfilit-plave-gusi-monografi-te-autores-se-re-rilinda-t-gjonbalaj\/","title":{"rendered":"V\u00ebshtrimi p\u00ebr librin \u201cShoq\u00ebria Kulturore Artistike \u201cMaja e Karanfilit\u201d Plav\u00eb \u2013 Gusi\u201d (Monografi) t\u00eb autor\u00ebs s\u00eb re Rilinda T. Gjonbalaj"},"content":{"rendered":"<p><img data-recalc-dims=\"1\" loading=\"lazy\" decoding=\"async\" data-attachment-id=\"37034\" data-permalink=\"https:\/\/www.shqiperia.com\/blog\/veshtrimi-per-librin-shoqeria-kulturore-artistike-maja-e-karanfilit-plave-gusi-monografi-te-autores-se-re-rilinda-t-gjonbalaj\/auto_kopertina_21595889545\/\" data-orig-file=\"https:\/\/i0.wp.com\/www.shqiperia.com\/blog\/wp-content\/uploads\/2020\/08\/auto_KOPERTINA_21595889545.jpg?fit=810%2C395&amp;ssl=1\" data-orig-size=\"810,395\" data-comments-opened=\"1\" data-image-meta=\"{&quot;aperture&quot;:&quot;0&quot;,&quot;credit&quot;:&quot;&quot;,&quot;camera&quot;:&quot;&quot;,&quot;caption&quot;:&quot;&quot;,&quot;created_timestamp&quot;:&quot;0&quot;,&quot;copyright&quot;:&quot;&quot;,&quot;focal_length&quot;:&quot;0&quot;,&quot;iso&quot;:&quot;0&quot;,&quot;shutter_speed&quot;:&quot;0&quot;,&quot;title&quot;:&quot;&quot;,&quot;orientation&quot;:&quot;0&quot;}\" data-image-title=\"auto_KOPERTINA_21595889545\" data-image-description=\"\" data-image-caption=\"\" data-medium-file=\"https:\/\/i0.wp.com\/www.shqiperia.com\/blog\/wp-content\/uploads\/2020\/08\/auto_KOPERTINA_21595889545.jpg?fit=300%2C146&amp;ssl=1\" data-large-file=\"https:\/\/i0.wp.com\/www.shqiperia.com\/blog\/wp-content\/uploads\/2020\/08\/auto_KOPERTINA_21595889545.jpg?fit=810%2C395&amp;ssl=1\" class=\"alignnone  wp-image-37034\" alt=\"\" src=\"https:\/\/i0.wp.com\/www.shqiperia.com\/blog\/wp-content\/uploads\/2020\/08\/auto_KOPERTINA_21595889545.jpg?resize=448%2C218&#038;ssl=1\" width=\"448\" height=\"218\" srcset=\"https:\/\/i0.wp.com\/www.shqiperia.com\/blog\/wp-content\/uploads\/2020\/08\/auto_KOPERTINA_21595889545.jpg?resize=300%2C146&amp;ssl=1 300w, https:\/\/i0.wp.com\/www.shqiperia.com\/blog\/wp-content\/uploads\/2020\/08\/auto_KOPERTINA_21595889545.jpg?resize=768%2C375&amp;ssl=1 768w, https:\/\/i0.wp.com\/www.shqiperia.com\/blog\/wp-content\/uploads\/2020\/08\/auto_KOPERTINA_21595889545.jpg?resize=450%2C219&amp;ssl=1 450w, https:\/\/i0.wp.com\/www.shqiperia.com\/blog\/wp-content\/uploads\/2020\/08\/auto_KOPERTINA_21595889545.jpg?resize=600%2C293&amp;ssl=1 600w, https:\/\/i0.wp.com\/www.shqiperia.com\/blog\/wp-content\/uploads\/2020\/08\/auto_KOPERTINA_21595889545.jpg?resize=400%2C195&amp;ssl=1 400w, https:\/\/i0.wp.com\/www.shqiperia.com\/blog\/wp-content\/uploads\/2020\/08\/auto_KOPERTINA_21595889545.jpg?w=810&amp;ssl=1 810w\" sizes=\"auto, (max-width: 448px) 100vw, 448px\" \/><\/p>\n<p style=\"margin-bottom: 13.5pt;line-height: 31.5pt;background: white;vertical-align: baseline\" class=\"MsoNormal\"><b><span style=\"font-size: 28.5pt;font-family: 'inherit','serif';color: #212121;letter-spacing: -.4pt\">V\u00ebshtrimi p\u00ebr librin \u201cShoq\u00ebria Kulturore Artistike \u201cMaja e Karanfilit\u201d Plav\u00eb \u2013 Gusi\u201d (Monografi) t\u00eb autor\u00ebs s\u00eb re Rilinda T. Gjonbalaj<\/span><\/b><\/p>\n<p style=\"margin-bottom: 7.5pt;line-height: normal;background: white;vertical-align: baseline\" class=\"MsoNormal\"><span style=\"font-size: 11.5pt;font-family: 'Arial','sans-serif';color: #323232;text-transform: uppercase;border: none windowtext 1.0pt;padding: 0in\">NGA\u00a0<\/span><b><span style=\"font-size: 11.5pt;font-family: 'Arial','sans-serif';color: #a00055;text-transform: uppercase;border: none windowtext 1.0pt;padding: 0in\">MA. SC. FATMIR HALIMI\u00a0<\/span><\/b><span style=\"font-size: 11.5pt;font-family: 'Arial','sans-serif';color: #323232;text-transform: uppercase;border: none windowtext 1.0pt;padding: 0in\"> <\/span><\/p>\n<p style=\"margin-bottom: 7.5pt;line-height: normal;background: white;vertical-align: baseline\" class=\"MsoNormal\"><span style=\"font-size: 11.5pt;font-family: 'Arial','sans-serif';color: #323232;text-transform: uppercase;border: none windowtext 1.0pt;padding: 0in\">KORRIK 2020<\/span><\/p>\n<p style=\"margin-bottom: 9.0pt;line-height: normal;background: white;vertical-align: baseline\" class=\"MsoNormal\"><span style=\"font-size: 12.0pt;font-family: 'Arial','sans-serif';color: #333333\">Botues: Sht\u00ebpia botuese ProkultPress, Prishtin\u00eb , 2020<\/span><\/p>\n<p style=\"margin-bottom: 15.0pt;line-height: 21.75pt;background: white;vertical-align: baseline\" class=\"MsoNormal\"><span style=\"font-size: 13.5pt;font-family: 'Arial','sans-serif';color: #212121\">P\u00ebr ne si botues nga Prishtina ishte k\u00ebnaq\u00ebsi e ve\u00e7ant\u00eb q\u00eb ta marrim p\u00ebr sip\u00ebr botimin e librit monografi t\u00eb autores Rilinda Gjonbalaj p\u00ebr disa arsye, sepse p\u00ebrmes k\u00ebtij libri p\u00ebr shqiptar\u00ebt e Kosov\u00ebs por edhe m\u00eb gjer\u00eb po hapet nj\u00ebdritare e re e njohjes, q\u00eb deri m\u00eb sot pak kush e ka njohur Mal\u00ebsin\u00eb e Plav\u00ebs dhe Gusis\u00eb.<\/span><\/p>\n<p style=\"margin-bottom: 15.0pt;line-height: 21.75pt;background: white;vertical-align: baseline\" class=\"MsoNormal\"><span style=\"font-size: 13.5pt;font-family: 'Arial','sans-serif';color: #212121\">E ve\u00e7anta tjet\u00ebr \u00ebsht\u00eb se ky lib\u00ebr p\u00ebrmes nj\u00ebShoq\u00ebrieKulturoreArtistike\u2018Maka e Karanfilit\u2019, e cila qenka themeluar n\u00eb vitin 1989, s\u00eb pari n\u00ebVuthaj, p\u00ebr ne n\u00eb Kosov\u00eb dhe m\u00eb gjer\u00eb do t\u00eb m\u00ebsojm\u00eb se si \u00ebsht\u00eb mbajtur jeta kulturore artistike e shpirt\u00ebrore e shqiptar\u00ebve n\u00eb k\u00ebto treva, p\u00ebr gjat\u00eb 30 viteve me radh\u00eb.<\/span><\/p>\n<p style=\"margin-bottom: 15.0pt;line-height: 21.75pt;background: white;vertical-align: baseline\" class=\"MsoNormal\"><span style=\"font-size: 13.5pt;font-family: 'Arial','sans-serif';color: #212121\">Rilinda duke qen\u00eb edhe pjes\u00ebp\u00ebrb\u00ebr\u00ebse e k\u00ebsaj shoq\u00ebrie, q\u00eb nga mosha 5 vje\u00e7are m\u00eb s\u00ebmiri a i ofron t\u00eb gjitha t\u00eb dh\u00ebnat p\u00ebr SHKA \u201cMaja eKaranfilit\u201d, p\u00ebr jet\u00ebn atje p\u00ebr v\u00ebshtir\u00ebsit\u00eb e themelimit dhe p\u00ebr mbajtjen gjall\u00eb t\u00eb k\u00ebsaj shoq\u00ebrie nd\u00ebr vite, pra ajo m\u00eb mir\u00eb se \u00e7do kush tjet\u00ebr arrin q\u00eb k\u00ebtij libri t\u2019i jep form\u00eb dhe t\u2019ia jep t\u00eb gjitha konditat e nj\u00eb libri monografi, i cili do t\u00ebjet\u00eb shum\u00ebir\u00ebnd\u00ebsish\u00ebm si p\u00ebr neve k\u00ebtu e po ashtu \u00ebsht\u00eb p\u00ebr shqiptar\u00ebt n\u00eb Mal t\u00eb Zi.<\/span><\/p>\n<p style=\"margin-bottom: 15.0pt;line-height: 21.75pt;background: white;vertical-align: baseline\" class=\"MsoNormal\"><span style=\"font-size: 13.5pt;font-family: 'Arial','sans-serif';color: #212121\">Libri\u201cShoq\u00ebria Kulturore Artistike \u201cMaja e Karanfilit\u201d Plav\u00eb \u2013 Gusi\u201d, n\u00eb vete p\u00ebrmbanthemelimin e shoq\u00ebris\u00eb, i cili \u00ebsht\u00eb themeluar n\u00eb vitet m\u00eb t\u00eb veshtira p\u00ebr shiqiptar\u00ebt edhe t\u00eb popujve t\u00eb tjer\u00eb n\u00eb Evrop\u00ebn lindore,pasi q\u00eb n\u00eb k\u00ebt\u00eb vit do t\u00eb ndodhin ndryshime t\u00eb m\u00ebdha n\u00eb sistemet shoq\u00ebrore. Mandej vazhdon me kryetar\u00ebt q\u00eb e kan\u00eb udh\u00ebhequr shoq\u00ebrin\u00eb dhe m\u00eb an\u00ebtar\u00ebt q\u00eb ka pasur p\u00ebrgjat\u00eb 30 viteve.<\/span><\/p>\n<p style=\"margin-bottom: 15.0pt;line-height: 21.75pt;background: white;vertical-align: baseline\" class=\"MsoNormal\"><span style=\"font-size: 13.5pt;font-family: 'Arial','sans-serif';color: #212121\">Nga Bota Sot.<\/span><\/p>\n","protected":false},"excerpt":{"rendered":"<p>V\u00ebshtrimi p\u00ebr librin \u201cShoq\u00ebria Kulturore Artistike \u201cMaja e Karanfilit\u201d Plav\u00eb \u2013 Gusi\u201d (Monografi) t\u00eb autor\u00ebs s\u00eb re Rilinda T. Gjonbalaj NGA\u00a0MA. SC. FATMIR HALIMI\u00a0 KORRIK 2020 Botues: Sht\u00ebpia botuese ProkultPress, Prishtin\u00eb , 2020 P\u00ebr ne si botues nga Prishtina ishte k\u00ebnaq\u00ebsi e ve\u00e7ant\u00eb q\u00eb ta marrim p\u00ebr sip\u00ebr botimin e librit monografi t\u00eb autores Rilinda [&hellip;]<\/p>\n","protected":false},"author":9,"featured_media":37034,"comment_status":"open","ping_status":"open","sticky":false,"template":"","format":"standard","meta":{"jetpack_post_was_ever_published":false,"_jetpack_newsletter_access":"","_jetpack_dont_email_post_to_subs":false,"_jetpack_newsletter_tier_id":0,"_jetpack_memberships_contains_paywalled_content":false,"_jetpack_memberships_contains_paid_content":false,"footnotes":"","jetpack_publicize_message":"","jetpack_publicize_feature_enabled":true,"jetpack_social_post_already_shared":true,"jetpack_social_options":{"image_generator_settings":{"template":"highway","default_image_id":0,"font":"","enabled":false},"version":2}},"categories":[27,10,35],"tags":[],"class_list":["post-37033","post","type-post","status-publish","format-standard","has-post-thumbnail","hentry","category-blogu-i-udhetarit","category-kultura","category-shoqerore"],"jetpack_publicize_connections":[],"jetpack_featured_media_url":"https:\/\/i0.wp.com\/www.shqiperia.com\/blog\/wp-content\/uploads\/2020\/08\/auto_KOPERTINA_21595889545.jpg?fit=810%2C395&ssl=1","jetpack_sharing_enabled":true,"jetpack_shortlink":"https:\/\/wp.me\/p5Z6wp-9Dj","jetpack-related-posts":[{"id":71696,"url":"https:\/\/www.shqiperia.com\/blog\/kaltrina-hoti-promovuese-e-artit-abstrakt-ne-plave-e-guci\/","url_meta":{"origin":37033,"position":0},"title":"Kaltrina Hoti, promovuese e artit abstrakt n\u00eb Plav\u00eb e Guci","author":"Kurt Farka","date":"May 24, 2023","format":false,"excerpt":"24 Maji 2024 Qendra e Kultur\u00ebs n\u00eb Guci prej 15 majit \u00ebsht\u00eb nikoqire e ekspozit\u00ebs personale t\u00eb piktores dhe poetes znj. Kaltrina Hoti nga Hoti i Kujit, me titull \u201cFillimi i fundit\u201d. Zonja Hoti, e lindur n\u00eb Plav\u00eb, shkoll\u00ebn e mesme e ka kryer n\u00eb Prishtin\u00eb e m\u00eb von\u00eb familja\u2026","rel":"","context":"In &quot;Arte&quot;","block_context":{"text":"Arte","link":"https:\/\/www.shqiperia.com\/blog\/category\/arte\/"},"img":{"alt_text":"","src":"https:\/\/i0.wp.com\/www.shqiperia.com\/blog\/wp-content\/uploads\/2023\/05\/346257497_823193939147243_1831125681762738070_n.jpg?fit=1200%2C827&ssl=1&resize=350%2C200","width":350,"height":200,"srcset":"https:\/\/i0.wp.com\/www.shqiperia.com\/blog\/wp-content\/uploads\/2023\/05\/346257497_823193939147243_1831125681762738070_n.jpg?fit=1200%2C827&ssl=1&resize=350%2C200 1x, https:\/\/i0.wp.com\/www.shqiperia.com\/blog\/wp-content\/uploads\/2023\/05\/346257497_823193939147243_1831125681762738070_n.jpg?fit=1200%2C827&ssl=1&resize=525%2C300 1.5x, https:\/\/i0.wp.com\/www.shqiperia.com\/blog\/wp-content\/uploads\/2023\/05\/346257497_823193939147243_1831125681762738070_n.jpg?fit=1200%2C827&ssl=1&resize=700%2C400 2x, https:\/\/i0.wp.com\/www.shqiperia.com\/blog\/wp-content\/uploads\/2023\/05\/346257497_823193939147243_1831125681762738070_n.jpg?fit=1200%2C827&ssl=1&resize=1050%2C600 3x"},"classes":[]},{"id":105871,"url":"https:\/\/www.shqiperia.com\/blog\/artistet-performues-70-e-pages-per-5-vjet-pas-nderprerjes-se-aktivitetit-skenik\/","url_meta":{"origin":37033,"position":1},"title":"Artist\u00ebt performues, 70% e pag\u00ebs p\u00ebr 5 vjet pas nd\u00ebrprerjes s\u00eb aktivitetit skenik","author":"Kurt Farka","date":"September 3, 2026","format":false,"excerpt":"3 Shtator 2026 Nj\u00eb projektligj i ri parashikon nj\u00eb skem\u00eb financiare p\u00ebr artist\u00ebt performues pas nd\u00ebrprerjes s\u00eb veprimtaris\u00eb s\u00eb tyre artistike skenike dhe deri n\u00eb momentin kur p\u00ebrfitojn\u00eb pensionin. Projektligji \u201cP\u00ebr trajtimin financiar t\u00eb artist\u00ebve performues pas nd\u00ebrprerjes s\u00eb veprimtaris\u00eb artistike skenike\u201d i hedhur p\u00ebr konsultim nga Ministria e Turizmit,\u2026","rel":"","context":"In &quot;Arte&quot;","block_context":{"text":"Arte","link":"https:\/\/www.shqiperia.com\/blog\/category\/arte\/"},"img":{"alt_text":"","src":"https:\/\/i0.wp.com\/www.shqiperia.com\/blog\/wp-content\/uploads\/2026\/09\/800-0-artistet-faqe-19-2-perfomues-6a9908f21d7d2.jpg?fit=800%2C534&ssl=1&resize=350%2C200","width":350,"height":200,"srcset":"https:\/\/i0.wp.com\/www.shqiperia.com\/blog\/wp-content\/uploads\/2026\/09\/800-0-artistet-faqe-19-2-perfomues-6a9908f21d7d2.jpg?fit=800%2C534&ssl=1&resize=350%2C200 1x, https:\/\/i0.wp.com\/www.shqiperia.com\/blog\/wp-content\/uploads\/2026\/09\/800-0-artistet-faqe-19-2-perfomues-6a9908f21d7d2.jpg?fit=800%2C534&ssl=1&resize=525%2C300 1.5x, https:\/\/i0.wp.com\/www.shqiperia.com\/blog\/wp-content\/uploads\/2026\/09\/800-0-artistet-faqe-19-2-perfomues-6a9908f21d7d2.jpg?fit=800%2C534&ssl=1&resize=700%2C400 2x"},"classes":[]},{"id":103326,"url":"https:\/\/www.shqiperia.com\/blog\/piktori-anastas-kostandini-vjen-me-ekspoziten-e-tij-qyteti-i-dehur-frymezohet-nga-copeza-jete-te-pogradecit\/","url_meta":{"origin":37033,"position":2},"title":"Piktori Anastas Kostandini vjen me ekspozit\u00ebn e tij \u201cQyteti i Dehur\u201d frym\u00ebzohet nga cop\u00ebza jete t\u00eb Pogradecit","author":"Kurt Farka","date":"July 28, 2026","format":false,"excerpt":"28 Korrik 2026 Piktori Anastas Kostandini \u00e7eli ekspozit\u00ebn e tij t\u00eb radh\u00ebs. \"Qyteti i Dehur\"p\u00ebrcjell rreth 50 punime n\u00eb pastel si nj\u00eb pasqyrim i qytetit t\u00eb Pogradecit, detaje t\u00eb qytetit t\u00eb dikursh\u00ebm dhe elemente t\u00eb trash\u00ebgimis\u00eb artistike e kulturore. N\u00eb Galerin\u00eb e Arteve n\u00eb\u00a0Pogradec\u00a0\u00ebsht\u00eb \u00e7elur mbr\u00ebmjen e s\u00eb premtes ekspozita\u2026","rel":"","context":"In &quot;Arte&quot;","block_context":{"text":"Arte","link":"https:\/\/www.shqiperia.com\/blog\/category\/arte\/"},"img":{"alt_text":"","src":"https:\/\/i0.wp.com\/www.shqiperia.com\/blog\/wp-content\/uploads\/2026\/07\/Anastas-Kostandini.jpg?fit=780%2C440&ssl=1&resize=350%2C200","width":350,"height":200,"srcset":"https:\/\/i0.wp.com\/www.shqiperia.com\/blog\/wp-content\/uploads\/2026\/07\/Anastas-Kostandini.jpg?fit=780%2C440&ssl=1&resize=350%2C200 1x, https:\/\/i0.wp.com\/www.shqiperia.com\/blog\/wp-content\/uploads\/2026\/07\/Anastas-Kostandini.jpg?fit=780%2C440&ssl=1&resize=525%2C300 1.5x, https:\/\/i0.wp.com\/www.shqiperia.com\/blog\/wp-content\/uploads\/2026\/07\/Anastas-Kostandini.jpg?fit=780%2C440&ssl=1&resize=700%2C400 2x"},"classes":[]},{"id":101854,"url":"https:\/\/www.shqiperia.com\/blog\/ndahet-nga-jeta-pal-dedgjonaj-mjeshter-i-folklorit-shqiptar\/","url_meta":{"origin":37033,"position":3},"title":"Ndahet nga jeta Pal Dedgjonaj, Mjeshter i Folklorit Shqiptar","author":"Kurt Farka","date":"June 26, 2026","format":false,"excerpt":"26 Qershor 2026 Bashkia Lezh\u00eb shpreh me pik\u00ebllim t\u00eb thell\u00eb lajmin p\u00ebr ndarjen nga jeta t\u00eb Mjeshtrit t\u00eb Madh t\u00eb artit dhe kultur\u00ebs lezhjane. Ai ishte nj\u00eb figur\u00eb e shquar e trash\u00ebgimis\u00eb son\u00eb kulturore, nj\u00eb mjesht\u00ebr i rrall\u00eb i instrumenteve folklorike frymore t\u00eb trev\u00ebs s\u00eb Lezh\u00ebs, t\u00eb cilat i punoi\u2026","rel":"","context":"In &quot;Arte&quot;","block_context":{"text":"Arte","link":"https:\/\/www.shqiperia.com\/blog\/category\/arte\/"},"img":{"alt_text":"","src":"https:\/\/i0.wp.com\/www.shqiperia.com\/blog\/wp-content\/uploads\/2026\/06\/Pal-Dedgjonaj.jpg?fit=483%2C368&ssl=1&resize=350%2C200","width":350,"height":200},"classes":[]},{"id":105450,"url":"https:\/\/www.shqiperia.com\/blog\/kryevepra-mesjetare-zbulon-historine-e-pushtetit-luftes-dhe-humorit\/","url_meta":{"origin":37033,"position":4},"title":"Kryevepra mesjetare zbulon historin\u00eb e pushtetit, luft\u00ebs dhe humorit","author":"Kurt Farka","date":"August 29, 2026","format":false,"excerpt":"29 Gusht 2026 Pas gati nj\u00eb mij\u00eb vitesh, nj\u00eb prej veprave m\u00eb t\u00eb njohura t\u00eb artit mesjetar do t\u00eb rikthehet n\u00eb Angli. Tapiceria e Bajos\u00eb, e njohur nd\u00ebrkomb\u00ebtarisht si Bayeux Tapestry, do t\u00eb ekspozohet nga shtatori n\u00eb Muzeun Britanik n\u00eb Lond\u00ebr. E q\u00ebndisur n\u00eb shekullin XI mbi nj\u00eb p\u00eblhur\u00eb liri\u2026","rel":"","context":"In &quot;Arte&quot;","block_context":{"text":"Arte","link":"https:\/\/www.shqiperia.com\/blog\/category\/arte\/"},"img":{"alt_text":"","src":"https:\/\/i0.wp.com\/www.shqiperia.com\/blog\/wp-content\/uploads\/2026\/08\/640-0-screenshot-2026-08-28-204149-1787942517.png?fit=640%2C358&ssl=1&resize=350%2C200","width":350,"height":200,"srcset":"https:\/\/i0.wp.com\/www.shqiperia.com\/blog\/wp-content\/uploads\/2026\/08\/640-0-screenshot-2026-08-28-204149-1787942517.png?fit=640%2C358&ssl=1&resize=350%2C200 1x, https:\/\/i0.wp.com\/www.shqiperia.com\/blog\/wp-content\/uploads\/2026\/08\/640-0-screenshot-2026-08-28-204149-1787942517.png?fit=640%2C358&ssl=1&resize=525%2C300 1.5x"},"classes":[]},{"id":95606,"url":"https:\/\/www.shqiperia.com\/blog\/botohet-monografi-per-piktorin-nexhmedin-zajmi\/","url_meta":{"origin":37033,"position":5},"title":"Botohet monografi per piktorin Nexhmedin Zajmi","author":"Kurt Farka","date":"December 16, 2025","format":false,"excerpt":"16 Dhjetor 2025 35 vite pas ndarjes nga jeta t\u00eb piktorit t\u00eb njohur, Nexhmedin Zajmi, i biri Uvil Zajmi ka mbledhur miqt\u00eb e artdash\u00ebsit, n\u00eb prezantimin e nj\u00eb monografie, q\u00eb sjell dhe dokumenton jet\u00ebn dhe vepr\u00ebn e piktorit. Nga f\u00ebmij\u00ebria t\u00eb pedagog\u00ebt q\u00eb i zbuluan talentin, si Odise Paskali, nga\u2026","rel":"","context":"In &quot;Arte&quot;","block_context":{"text":"Arte","link":"https:\/\/www.shqiperia.com\/blog\/category\/arte\/"},"img":{"alt_text":"","src":"https:\/\/i0.wp.com\/www.shqiperia.com\/blog\/wp-content\/uploads\/2025\/12\/Screenshot_4-13.jpg?fit=1200%2C576&ssl=1&resize=350%2C200","width":350,"height":200,"srcset":"https:\/\/i0.wp.com\/www.shqiperia.com\/blog\/wp-content\/uploads\/2025\/12\/Screenshot_4-13.jpg?fit=1200%2C576&ssl=1&resize=350%2C200 1x, https:\/\/i0.wp.com\/www.shqiperia.com\/blog\/wp-content\/uploads\/2025\/12\/Screenshot_4-13.jpg?fit=1200%2C576&ssl=1&resize=525%2C300 1.5x, https:\/\/i0.wp.com\/www.shqiperia.com\/blog\/wp-content\/uploads\/2025\/12\/Screenshot_4-13.jpg?fit=1200%2C576&ssl=1&resize=700%2C400 2x, https:\/\/i0.wp.com\/www.shqiperia.com\/blog\/wp-content\/uploads\/2025\/12\/Screenshot_4-13.jpg?fit=1200%2C576&ssl=1&resize=1050%2C600 3x"},"classes":[]}],"_links":{"self":[{"href":"https:\/\/www.shqiperia.com\/blog\/wp-json\/wp\/v2\/posts\/37033","targetHints":{"allow":["GET"]}}],"collection":[{"href":"https:\/\/www.shqiperia.com\/blog\/wp-json\/wp\/v2\/posts"}],"about":[{"href":"https:\/\/www.shqiperia.com\/blog\/wp-json\/wp\/v2\/types\/post"}],"author":[{"embeddable":true,"href":"https:\/\/www.shqiperia.com\/blog\/wp-json\/wp\/v2\/users\/9"}],"replies":[{"embeddable":true,"href":"https:\/\/www.shqiperia.com\/blog\/wp-json\/wp\/v2\/comments?post=37033"}],"version-history":[{"count":1,"href":"https:\/\/www.shqiperia.com\/blog\/wp-json\/wp\/v2\/posts\/37033\/revisions"}],"predecessor-version":[{"id":37035,"href":"https:\/\/www.shqiperia.com\/blog\/wp-json\/wp\/v2\/posts\/37033\/revisions\/37035"}],"wp:featuredmedia":[{"embeddable":true,"href":"https:\/\/www.shqiperia.com\/blog\/wp-json\/wp\/v2\/media\/37034"}],"wp:attachment":[{"href":"https:\/\/www.shqiperia.com\/blog\/wp-json\/wp\/v2\/media?parent=37033"}],"wp:term":[{"taxonomy":"category","embeddable":true,"href":"https:\/\/www.shqiperia.com\/blog\/wp-json\/wp\/v2\/categories?post=37033"},{"taxonomy":"post_tag","embeddable":true,"href":"https:\/\/www.shqiperia.com\/blog\/wp-json\/wp\/v2\/tags?post=37033"}],"curies":[{"name":"wp","href":"https:\/\/api.w.org\/{rel}","templated":true}]}}