{"id":36783,"date":"2020-08-02T13:11:43","date_gmt":"2020-08-02T13:11:43","guid":{"rendered":"https:\/\/www.shqiperia.com\/blog\/?p=36783"},"modified":"2020-08-02T13:14:07","modified_gmt":"2020-08-02T13:14:07","slug":"dokumentari-per-objektet-e-kultit-te-krishtere-ne-kosove-ngjall-reagime-te-shumta-ne-serbi-nuk-mungojne-kercenimet-ndaj-gazetarit-mema","status":"publish","type":"post","link":"https:\/\/www.shqiperia.com\/blog\/dokumentari-per-objektet-e-kultit-te-krishtere-ne-kosove-ngjall-reagime-te-shumta-ne-serbi-nuk-mungojne-kercenimet-ndaj-gazetarit-mema\/","title":{"rendered":"Dokumentari p\u00ebr objektet e kultit t\u00eb krishter\u00eb n\u00eb Kosov\u00eb ngjall reagime t\u00eb shumta n\u00eb Serbi, nuk mungojn\u00eb k\u00ebrc\u00ebnimet ndaj gazetarit Mema"},"content":{"rendered":"<p><img data-recalc-dims=\"1\" loading=\"lazy\" decoding=\"async\" data-attachment-id=\"36784\" data-permalink=\"https:\/\/www.shqiperia.com\/blog\/dokumentari-per-objektet-e-kultit-te-krishtere-ne-kosove-ngjall-reagime-te-shumta-ne-serbi-nuk-mungojne-kercenimet-ndaj-gazetarit-mema\/marini\/\" data-orig-file=\"https:\/\/i0.wp.com\/www.shqiperia.com\/blog\/wp-content\/uploads\/2020\/08\/marini.jpg?fit=800%2C450&amp;ssl=1\" data-orig-size=\"800,450\" data-comments-opened=\"1\" data-image-meta=\"{&quot;aperture&quot;:&quot;0&quot;,&quot;credit&quot;:&quot;&quot;,&quot;camera&quot;:&quot;&quot;,&quot;caption&quot;:&quot;&quot;,&quot;created_timestamp&quot;:&quot;0&quot;,&quot;copyright&quot;:&quot;&quot;,&quot;focal_length&quot;:&quot;0&quot;,&quot;iso&quot;:&quot;0&quot;,&quot;shutter_speed&quot;:&quot;0&quot;,&quot;title&quot;:&quot;&quot;,&quot;orientation&quot;:&quot;0&quot;}\" data-image-title=\"marini\" data-image-description=\"\" data-image-caption=\"\" data-medium-file=\"https:\/\/i0.wp.com\/www.shqiperia.com\/blog\/wp-content\/uploads\/2020\/08\/marini.jpg?fit=300%2C169&amp;ssl=1\" data-large-file=\"https:\/\/i0.wp.com\/www.shqiperia.com\/blog\/wp-content\/uploads\/2020\/08\/marini.jpg?fit=800%2C450&amp;ssl=1\" class=\"alignnone wp-image-36784\" alt=\"\" src=\"https:\/\/i0.wp.com\/www.shqiperia.com\/blog\/wp-content\/uploads\/2020\/08\/marini.jpg?resize=543%2C306&#038;ssl=1\" width=\"543\" height=\"306\" srcset=\"https:\/\/i0.wp.com\/www.shqiperia.com\/blog\/wp-content\/uploads\/2020\/08\/marini.jpg?resize=300%2C169&amp;ssl=1 300w, https:\/\/i0.wp.com\/www.shqiperia.com\/blog\/wp-content\/uploads\/2020\/08\/marini.jpg?resize=768%2C432&amp;ssl=1 768w, https:\/\/i0.wp.com\/www.shqiperia.com\/blog\/wp-content\/uploads\/2020\/08\/marini.jpg?resize=450%2C253&amp;ssl=1 450w, https:\/\/i0.wp.com\/www.shqiperia.com\/blog\/wp-content\/uploads\/2020\/08\/marini.jpg?resize=600%2C338&amp;ssl=1 600w, https:\/\/i0.wp.com\/www.shqiperia.com\/blog\/wp-content\/uploads\/2020\/08\/marini.jpg?resize=400%2C225&amp;ssl=1 400w, https:\/\/i0.wp.com\/www.shqiperia.com\/blog\/wp-content\/uploads\/2020\/08\/marini.jpg?w=800&amp;ssl=1 800w\" sizes=\"auto, (max-width: 543px) 100vw, 543px\" \/><\/p>\n<p><strong>Dokumentari p\u00ebr objektet e kultit t\u00eb krishter\u00eb n\u00eb Kosov\u00eb ngjall reagime t\u00eb shumta n\u00eb Serbi, nuk mungojn\u00eb k\u00ebrc\u00ebnimet ndaj gazetarit Mema.<\/strong><\/p>\n<p>Koriik 2020.<\/p>\n<p>Emisioni \u201cGjurm\u00eb Shqiptare\u201d, ka transmetuar 6 dit\u00eb m\u00eb par\u00eb dokumentarin e titulluar \u201cMashtrimi serb me objektet e kultit t\u00eb krishter\u00eb n\u00eb Kosov\u00eb\u201d.<\/p>\n<p>Ky dokumentar i realizuar nga gazetari Marin Mema dhe historiani Florent Hasani \u00ebsht\u00eb pasuar nga reagime t\u00eb shumta n\u00eb Serbi, ku jan\u00eb p\u00ebrfshir\u00eb politikan\u00eb, historian\u00eb dhe gazetar\u00eb t\u00eb ndrysh\u00ebm.<\/p>\n<p>Lidhur me domumentarin ka reaguar edhe shef i zyr\u00ebs p\u00ebr Kosov\u00ebn n\u00eb qeverin\u00eb e Serbis\u00eb, Marko Gjuri\u00e7.<\/p>\n<p><em>\u201cKuptohet q\u00eb Serbia kurr\u00eb dhe me asnj\u00eb kusht nuk mund t\u00eb heq\u00eb dor\u00eb nga shenjtor\u00ebt e saj n\u00eb Kosov\u00eb dhe Metohi. Ne besojm\u00eb se edhe populli shqiptar, i cili \u00ebsht\u00eb krenar p\u00ebr historin\u00eb dhe tradit\u00ebn e tij t\u00eb pasur, nuk ka nevoj\u00eb t\u00eb p\u00ebrvet\u00ebsoj\u00eb historin\u00eb dhe tradit\u00ebn e popujve t\u00eb tjer\u00eb\u201d \u2013\u00a0<\/em>tha Gjuri\u00e7<em>.<\/em><\/p>\n<p>Edhe n\u00eb disa reagime t\u00eb tjera thuhet se mesazhet e dh\u00ebna n\u00eb dokumentar jan\u00eb \u201cpropaganda e radh\u00ebs\u201d dhe se emisioni atakon historin\u00eb dhe besimin fetar t\u00eb popullit serb.<\/p>\n<p>Ministria e Kultur\u00ebs ka folur madje p\u00ebr \u201cprovokim\u201d duke shtuar se deformimi i historis\u00eb serbe nuk do mund t\u00eb arrihet asnj\u00ebher\u00eb.<\/p>\n<p>Reagime t\u00eb ngjashme kan\u00eb ardhur edhe nga opnionist\u00eb t\u00eb ndrysh\u00ebm, nd\u00ebrkoh\u00eb q\u00eb n\u00eb forume shihen edhe k\u00ebrc\u00ebnime ndaj gazetarit Mema.<\/p>\n<p>Lidhur me k\u00ebt\u00eb \u00e7\u00ebshtje nuk ka reagime n\u00eb Shqip\u00ebri.<\/p>\n<p>l.h\/ dita<\/p>\n","protected":false},"excerpt":{"rendered":"<p>Dokumentari p\u00ebr objektet e kultit t\u00eb krishter\u00eb n\u00eb Kosov\u00eb ngjall reagime t\u00eb shumta n\u00eb Serbi, nuk mungojn\u00eb k\u00ebrc\u00ebnimet ndaj gazetarit Mema. Koriik 2020. Emisioni \u201cGjurm\u00eb Shqiptare\u201d, ka transmetuar 6 dit\u00eb m\u00eb par\u00eb dokumentarin e titulluar \u201cMashtrimi serb me objektet e kultit t\u00eb krishter\u00eb n\u00eb Kosov\u00eb\u201d. Ky dokumentar i realizuar nga gazetari Marin Mema dhe historiani [&hellip;]<\/p>\n","protected":false},"author":9,"featured_media":36784,"comment_status":"open","ping_status":"open","sticky":false,"template":"","format":"standard","meta":{"jetpack_post_was_ever_published":false,"_jetpack_newsletter_access":"","_jetpack_dont_email_post_to_subs":false,"_jetpack_newsletter_tier_id":0,"_jetpack_memberships_contains_paywalled_content":false,"_jetpack_memberships_contains_paid_content":false,"footnotes":"","jetpack_publicize_message":"","jetpack_publicize_feature_enabled":true,"jetpack_social_post_already_shared":true,"jetpack_social_options":{"image_generator_settings":{"template":"highway","default_image_id":0,"font":"","enabled":false},"version":2}},"categories":[85,10,86],"tags":[],"class_list":["post-36783","post","type-post","status-publish","format-standard","has-post-thumbnail","hentry","category-histori","category-kultura","category-trashegimi-kulturore"],"jetpack_publicize_connections":[],"jetpack_featured_media_url":"https:\/\/i0.wp.com\/www.shqiperia.com\/blog\/wp-content\/uploads\/2020\/08\/marini.jpg?fit=800%2C450&ssl=1","jetpack_sharing_enabled":true,"jetpack_shortlink":"https:\/\/wp.me\/p5Z6wp-9zh","jetpack-related-posts":[{"id":74512,"url":"https:\/\/www.shqiperia.com\/blog\/sulmet-ne-veri-marin-mema-nje-pjese-e-politikes-se-kosoves-eshte-paguar-me-leket-e-kontrabandes-dhe-armeve-te-serbise\/","url_meta":{"origin":36783,"position":0},"title":"Sulmet n\u00eb veri, Marin Mema: &#8211; Nj\u00eb pjes\u00eb e politik\u00ebs s\u00eb Kosov\u00ebs \u00ebsht\u00eb paguar me lek\u00ebt e kontraband\u00ebs dhe arm\u00ebve t\u00eb Serbis\u00eb","author":"Kurt Farka","date":"September 28, 2023","format":false,"excerpt":"28 Shtator 2023 N\u00eb nj\u00eb studio televizive u diskutua \u00e7\u00ebshtja e sulmit n\u00eb Kosov\u00eb nga terrorist\u00ebt serb\u00eb dhe ekzistenca e frik\u00ebs s\u00eb nj\u00eb gjakderdhje tjet\u00ebr. Gazetari Marin Mema tha se zhvendosja e popullsis\u00eb atje ka nj\u00eb periudh\u00eb t\u00eb gjat\u00eb q\u00eb ka ndodhur. \u201cTashm\u00eb m\u00eb n\u00eb fund po tregohet ose po\u2026","rel":"","context":"In &quot;Blogu i Udh\u00ebtarit&quot;","block_context":{"text":"Blogu i Udh\u00ebtarit","link":"https:\/\/www.shqiperia.com\/blog\/category\/blogu-i-udhetarit\/"},"img":{"alt_text":"","src":"https:\/\/i0.wp.com\/www.shqiperia.com\/blog\/wp-content\/uploads\/2023\/09\/Download-3.jpg?resize=350%2C200&ssl=1","width":350,"height":200,"srcset":"https:\/\/i0.wp.com\/www.shqiperia.com\/blog\/wp-content\/uploads\/2023\/09\/Download-3.jpg?resize=350%2C200&ssl=1 1x, https:\/\/i0.wp.com\/www.shqiperia.com\/blog\/wp-content\/uploads\/2023\/09\/Download-3.jpg?resize=525%2C300&ssl=1 1.5x, https:\/\/i0.wp.com\/www.shqiperia.com\/blog\/wp-content\/uploads\/2023\/09\/Download-3.jpg?resize=700%2C400&ssl=1 2x"},"classes":[]},{"id":80225,"url":"https:\/\/www.shqiperia.com\/blog\/ende-nuk-dihet-per-shtetasit-kosovare-te-ndaluar-nga-policia-serbe-ne-vendkalimin-kufitar-serbi-hungari\/","url_meta":{"origin":36783,"position":1},"title":"Ende nuk dihet p\u00ebr shtetasit kosovar\u00eb t\u00eb ndaluar nga policia Serbe n\u00eb vendkalimin kufitar Serbi \u2013 Hungari.","author":"Kurt Farka","date":"April 17, 2024","format":false,"excerpt":"17 Prill 2024 N\u00eb vendkalimin kufitar Serbi \u2013 Hungari qytetar\u00ebt kosovar atje po mbahen me or\u00eb t\u00eb t\u00ebra nga autoritetet serbe. Tashm\u00eb jan\u00eb liruar kosovar\u00ebt q\u00eb jan\u00eb ndaluar nga autoritetet kufitare serbe n\u00eb vendkalimin Kroaci-Serbi. Ata u ndaluan pak or\u00eb pasi n\u00eb Asamblen\u00eb Parlamentare t\u00eb K\u00ebshillit t\u00eb Evrop\u00ebs u dha\u2026","rel":"","context":"In &quot;Blogu i Udh\u00ebtarit&quot;","block_context":{"text":"Blogu i Udh\u00ebtarit","link":"https:\/\/www.shqiperia.com\/blog\/category\/blogu-i-udhetarit\/"},"img":{"alt_text":"","src":"https:\/\/i0.wp.com\/www.shqiperia.com\/blog\/wp-content\/uploads\/2024\/04\/kosovare1.jpg?fit=644%2C413&ssl=1&resize=350%2C200","width":350,"height":200,"srcset":"https:\/\/i0.wp.com\/www.shqiperia.com\/blog\/wp-content\/uploads\/2024\/04\/kosovare1.jpg?fit=644%2C413&ssl=1&resize=350%2C200 1x, https:\/\/i0.wp.com\/www.shqiperia.com\/blog\/wp-content\/uploads\/2024\/04\/kosovare1.jpg?fit=644%2C413&ssl=1&resize=525%2C300 1.5x"},"classes":[]},{"id":75149,"url":"https:\/\/www.shqiperia.com\/blog\/vucic-shtyen-bisedimet-kosove-serbi-shpalli-zgjedhjet-parlamentare-me-17-dhjetor\/","url_meta":{"origin":36783,"position":2},"title":"Vu\u00e7i\u00e7 shtyen bisedimet Kosove-Serbi, shpalli zgjedhjet parlamentare m\u00eb 17 dhjetor.","author":"Kurt Farka","date":"November 1, 2023","format":false,"excerpt":"1 Nentor 2023 Presidenti i Serbis\u00eb Aleksandar Vu\u00e7i\u00e7, shpalli t\u00eb m\u00ebrkur\u00ebn edhe zyrtarisht mbajtjen e zgjedhjeve t\u00eb reja parlamentare me 17 dhjetor, t\u00eb tretat me radh\u00eb n\u00eb tre vjet e gjysm\u00eb n\u00eb Serbi. Duke n\u00ebnshkruar vendimin p\u00ebr shp\u00ebrndarjen e parlamentit dhe shpalljen e zgjedhjeve, presidenti serb tha se \u201cpo jetojm\u00eb\u2026","rel":"","context":"In &quot;Blogu i Udh\u00ebtarit&quot;","block_context":{"text":"Blogu i Udh\u00ebtarit","link":"https:\/\/www.shqiperia.com\/blog\/category\/blogu-i-udhetarit\/"},"img":{"alt_text":"","src":"https:\/\/i0.wp.com\/www.shqiperia.com\/blog\/wp-content\/uploads\/2023\/11\/1682613286-Tan2023-04-2415001327_9-750x500-1.jpg?fit=750%2C500&ssl=1&resize=350%2C200","width":350,"height":200,"srcset":"https:\/\/i0.wp.com\/www.shqiperia.com\/blog\/wp-content\/uploads\/2023\/11\/1682613286-Tan2023-04-2415001327_9-750x500-1.jpg?fit=750%2C500&ssl=1&resize=350%2C200 1x, https:\/\/i0.wp.com\/www.shqiperia.com\/blog\/wp-content\/uploads\/2023\/11\/1682613286-Tan2023-04-2415001327_9-750x500-1.jpg?fit=750%2C500&ssl=1&resize=525%2C300 1.5x, https:\/\/i0.wp.com\/www.shqiperia.com\/blog\/wp-content\/uploads\/2023\/11\/1682613286-Tan2023-04-2415001327_9-750x500-1.jpg?fit=750%2C500&ssl=1&resize=700%2C400 2x"},"classes":[]},{"id":78379,"url":"https:\/\/www.shqiperia.com\/blog\/dokumentari-i-bekim-fehmiut-do-te-shfaqet-ne-new-york\/","url_meta":{"origin":36783,"position":3},"title":"Dokumentari i \u201cBekim Fehmiut\u201d do t\u00eb shfaqet n\u00eb New York","author":"Kurt Farka","date":"February 18, 2024","format":false,"excerpt":"18 Shkurt 2027 Filmi dokumentar p\u00ebr Bekim Fehmiun pas premier\u00ebs n\u00eb Tiran\u00eb e Prishtin\u00eb do t\u00eb prezantohet edhe n\u00eb New York, shkruan KultPlus. Ky dokumentar i cili paraqet cop\u00ebza dhe histori nga jeta e autorit t\u00eb madh shqiptar, Bekim Fehmiut, \u00ebsht\u00eb realizuar me skenar t\u00eb Fahri Musliut dhe regji t\u00eb\u2026","rel":"","context":"In &quot;Arte&quot;","block_context":{"text":"Arte","link":"https:\/\/www.shqiperia.com\/blog\/category\/arte\/"},"img":{"alt_text":"","src":"https:\/\/i0.wp.com\/www.shqiperia.com\/blog\/wp-content\/uploads\/2024\/02\/bekim4-728x430-1.jpg?fit=728%2C430&ssl=1&resize=350%2C200","width":350,"height":200,"srcset":"https:\/\/i0.wp.com\/www.shqiperia.com\/blog\/wp-content\/uploads\/2024\/02\/bekim4-728x430-1.jpg?fit=728%2C430&ssl=1&resize=350%2C200 1x, https:\/\/i0.wp.com\/www.shqiperia.com\/blog\/wp-content\/uploads\/2024\/02\/bekim4-728x430-1.jpg?fit=728%2C430&ssl=1&resize=525%2C300 1.5x, https:\/\/i0.wp.com\/www.shqiperia.com\/blog\/wp-content\/uploads\/2024\/02\/bekim4-728x430-1.jpg?fit=728%2C430&ssl=1&resize=700%2C400 2x"},"classes":[]},{"id":88027,"url":"https:\/\/www.shqiperia.com\/blog\/nje-levizje-drejt-krishterimit-trazon-nje-toke-myslimane-nyt-reportazh-per-konvertimet-ne-kosove-synohet-te-ringjallet-e-kaluara-para-islamike\/","url_meta":{"origin":36783,"position":4},"title":"\u201cNj\u00eb l\u00ebvizje drejt krishterimit trazon nj\u00eb tok\u00eb myslimane\u201c \u2013 NYT reportazh p\u00ebr konvertimet n\u00eb Kosov\u00eb: &#8211; Synohet t\u00eb ringjallet e kaluara para-islamike","author":"Kurt Farka","date":"January 5, 2025","format":false,"excerpt":"5 Janar 2025 T\u00eb konvertuarit e krishter\u00eb n\u00eb Kosov\u00eb, ku shumica d\u00ebrrmuese e njer\u00ebzve jan\u00eb mysliman\u00eb, shpresojn\u00eb t\u00eb ringjallin t\u00eb kaluar\u00ebn para-islamike q\u00eb ata e shohin si \u00e7el\u00ebs p\u00ebr identitetin e tyre evropian. Gazeta amerikane \u201cNew York Times\u201d, ka publikuar nj\u00eb reportazh n\u00eb lidhje me konvertimet fetare q\u00eb po ndodhin\u2026","rel":"","context":"In &quot;Blogu i Udh\u00ebtarit&quot;","block_context":{"text":"Blogu i Udh\u00ebtarit","link":"https:\/\/www.shqiperia.com\/blog\/category\/blogu-i-udhetarit\/"},"img":{"alt_text":"","src":"https:\/\/i0.wp.com\/www.shqiperia.com\/blog\/wp-content\/uploads\/2025\/01\/IMG_6249.jpeg?fit=1164%2C774&ssl=1&resize=350%2C200","width":350,"height":200,"srcset":"https:\/\/i0.wp.com\/www.shqiperia.com\/blog\/wp-content\/uploads\/2025\/01\/IMG_6249.jpeg?fit=1164%2C774&ssl=1&resize=350%2C200 1x, https:\/\/i0.wp.com\/www.shqiperia.com\/blog\/wp-content\/uploads\/2025\/01\/IMG_6249.jpeg?fit=1164%2C774&ssl=1&resize=525%2C300 1.5x, https:\/\/i0.wp.com\/www.shqiperia.com\/blog\/wp-content\/uploads\/2025\/01\/IMG_6249.jpeg?fit=1164%2C774&ssl=1&resize=700%2C400 2x, https:\/\/i0.wp.com\/www.shqiperia.com\/blog\/wp-content\/uploads\/2025\/01\/IMG_6249.jpeg?fit=1164%2C774&ssl=1&resize=1050%2C600 3x"},"classes":[]},{"id":31256,"url":"https:\/\/www.shqiperia.com\/blog\/miroslav-lajcak-i-derguari-special-i-be-per-bisedimet-kosove-serbi\/","url_meta":{"origin":36783,"position":5},"title":"Miroslav Laj\u00e7ak, i d\u00ebrguari special i BE p\u00ebr bisedimet Kosov\u00eb \u2013 Serbi","author":"Kurt Farka","date":"February 8, 2020","format":false,"excerpt":"Miroslav Laj\u00e7ak, i d\u00ebrguari special i BE p\u00ebr bisedimet Kosov\u00eb \u2013 Serbi 07\/02\/2020 Miroslav Laj\u00e7ak pritet t\u00eb em\u00ebrohet i d\u00ebrguari special i Bashkimit Evropian p\u00ebr negociatat mes Beogradit dhe Prishtin\u00ebs p\u00ebr zgjidhje t\u00eb \u00e7\u00ebshtjes s\u00eb Kosov\u00ebs. Ministri n\u00eb largim i Pun\u00ebve t\u00eb Jashtme t\u00eb Sllovakis\u00eb, Miroslav Laj\u00e7ak do t\u00eb jet\u00eb\u2026","rel":"","context":"In &quot;Blogu i Udh\u00ebtarit&quot;","block_context":{"text":"Blogu i Udh\u00ebtarit","link":"https:\/\/www.shqiperia.com\/blog\/category\/blogu-i-udhetarit\/"},"img":{"alt_text":"","src":"https:\/\/i0.wp.com\/www.shqiperia.com\/blog\/wp-content\/uploads\/2020\/02\/laj%C3%A7ak-750x375-1.jpg?fit=750%2C375&ssl=1&resize=350%2C200","width":350,"height":200,"srcset":"https:\/\/i0.wp.com\/www.shqiperia.com\/blog\/wp-content\/uploads\/2020\/02\/laj%C3%A7ak-750x375-1.jpg?fit=750%2C375&ssl=1&resize=350%2C200 1x, https:\/\/i0.wp.com\/www.shqiperia.com\/blog\/wp-content\/uploads\/2020\/02\/laj%C3%A7ak-750x375-1.jpg?fit=750%2C375&ssl=1&resize=525%2C300 1.5x, https:\/\/i0.wp.com\/www.shqiperia.com\/blog\/wp-content\/uploads\/2020\/02\/laj%C3%A7ak-750x375-1.jpg?fit=750%2C375&ssl=1&resize=700%2C400 2x"},"classes":[]}],"_links":{"self":[{"href":"https:\/\/www.shqiperia.com\/blog\/wp-json\/wp\/v2\/posts\/36783","targetHints":{"allow":["GET"]}}],"collection":[{"href":"https:\/\/www.shqiperia.com\/blog\/wp-json\/wp\/v2\/posts"}],"about":[{"href":"https:\/\/www.shqiperia.com\/blog\/wp-json\/wp\/v2\/types\/post"}],"author":[{"embeddable":true,"href":"https:\/\/www.shqiperia.com\/blog\/wp-json\/wp\/v2\/users\/9"}],"replies":[{"embeddable":true,"href":"https:\/\/www.shqiperia.com\/blog\/wp-json\/wp\/v2\/comments?post=36783"}],"version-history":[{"count":2,"href":"https:\/\/www.shqiperia.com\/blog\/wp-json\/wp\/v2\/posts\/36783\/revisions"}],"predecessor-version":[{"id":36786,"href":"https:\/\/www.shqiperia.com\/blog\/wp-json\/wp\/v2\/posts\/36783\/revisions\/36786"}],"wp:featuredmedia":[{"embeddable":true,"href":"https:\/\/www.shqiperia.com\/blog\/wp-json\/wp\/v2\/media\/36784"}],"wp:attachment":[{"href":"https:\/\/www.shqiperia.com\/blog\/wp-json\/wp\/v2\/media?parent=36783"}],"wp:term":[{"taxonomy":"category","embeddable":true,"href":"https:\/\/www.shqiperia.com\/blog\/wp-json\/wp\/v2\/categories?post=36783"},{"taxonomy":"post_tag","embeddable":true,"href":"https:\/\/www.shqiperia.com\/blog\/wp-json\/wp\/v2\/tags?post=36783"}],"curies":[{"name":"wp","href":"https:\/\/api.w.org\/{rel}","templated":true}]}}