{"id":36779,"date":"2020-08-02T12:47:47","date_gmt":"2020-08-02T12:47:47","guid":{"rendered":"https:\/\/www.shqiperia.com\/blog\/?p=36779"},"modified":"2020-08-02T12:47:47","modified_gmt":"2020-08-02T12:47:47","slug":"ndryshimet-kushtetuese-vjen-reagimi-i-forte-i-zedhenesit-te-ppe-te-papranueshme-ndryshimet-arbitrare-te-kodit-elektoral-qeveria-rama","status":"publish","type":"post","link":"https:\/\/www.shqiperia.com\/blog\/ndryshimet-kushtetuese-vjen-reagimi-i-forte-i-zedhenesit-te-ppe-te-papranueshme-ndryshimet-arbitrare-te-kodit-elektoral-qeveria-rama\/","title":{"rendered":"Ndryshimet kushtetuese\/ Vjen reagimi i fort\u00eb i z\u00ebdh\u00ebn\u00ebsit t\u00eb PPE: T\u00eb papranueshme ndryshimet arbitrare t\u00eb Kodit Elektoral, qeveria Rama&#8230;"},"content":{"rendered":"<p><img data-recalc-dims=\"1\" loading=\"lazy\" decoding=\"async\" data-attachment-id=\"36780\" data-permalink=\"https:\/\/www.shqiperia.com\/blog\/ndryshimet-kushtetuese-vjen-reagimi-i-forte-i-zedhenesit-te-ppe-te-papranueshme-ndryshimet-arbitrare-te-kodit-elektoral-qeveria-rama\/800-0-355688c3360e585dfdbd0eb458044bd3\/\" data-orig-file=\"https:\/\/i0.wp.com\/www.shqiperia.com\/blog\/wp-content\/uploads\/2020\/08\/800-0-355688c3360e585dfdbd0eb458044bd3.jpg?fit=800%2C438&amp;ssl=1\" data-orig-size=\"800,438\" data-comments-opened=\"1\" data-image-meta=\"{&quot;aperture&quot;:&quot;0&quot;,&quot;credit&quot;:&quot;&quot;,&quot;camera&quot;:&quot;&quot;,&quot;caption&quot;:&quot;&quot;,&quot;created_timestamp&quot;:&quot;0&quot;,&quot;copyright&quot;:&quot;&quot;,&quot;focal_length&quot;:&quot;0&quot;,&quot;iso&quot;:&quot;0&quot;,&quot;shutter_speed&quot;:&quot;0&quot;,&quot;title&quot;:&quot;&quot;,&quot;orientation&quot;:&quot;0&quot;}\" data-image-title=\"-800-0-355688c3360e585dfdbd0eb458044bd3\" data-image-description=\"\" data-image-caption=\"\" data-medium-file=\"https:\/\/i0.wp.com\/www.shqiperia.com\/blog\/wp-content\/uploads\/2020\/08\/800-0-355688c3360e585dfdbd0eb458044bd3.jpg?fit=300%2C164&amp;ssl=1\" data-large-file=\"https:\/\/i0.wp.com\/www.shqiperia.com\/blog\/wp-content\/uploads\/2020\/08\/800-0-355688c3360e585dfdbd0eb458044bd3.jpg?fit=800%2C438&amp;ssl=1\" class=\"alignnone  wp-image-36780\" alt=\"\" src=\"https:\/\/i0.wp.com\/www.shqiperia.com\/blog\/wp-content\/uploads\/2020\/08\/800-0-355688c3360e585dfdbd0eb458044bd3.jpg?resize=485%2C265&#038;ssl=1\" width=\"485\" height=\"265\" srcset=\"https:\/\/i0.wp.com\/www.shqiperia.com\/blog\/wp-content\/uploads\/2020\/08\/800-0-355688c3360e585dfdbd0eb458044bd3.jpg?resize=300%2C164&amp;ssl=1 300w, https:\/\/i0.wp.com\/www.shqiperia.com\/blog\/wp-content\/uploads\/2020\/08\/800-0-355688c3360e585dfdbd0eb458044bd3.jpg?resize=768%2C420&amp;ssl=1 768w, https:\/\/i0.wp.com\/www.shqiperia.com\/blog\/wp-content\/uploads\/2020\/08\/800-0-355688c3360e585dfdbd0eb458044bd3.jpg?resize=450%2C246&amp;ssl=1 450w, https:\/\/i0.wp.com\/www.shqiperia.com\/blog\/wp-content\/uploads\/2020\/08\/800-0-355688c3360e585dfdbd0eb458044bd3.jpg?resize=600%2C329&amp;ssl=1 600w, https:\/\/i0.wp.com\/www.shqiperia.com\/blog\/wp-content\/uploads\/2020\/08\/800-0-355688c3360e585dfdbd0eb458044bd3.jpg?resize=400%2C219&amp;ssl=1 400w, https:\/\/i0.wp.com\/www.shqiperia.com\/blog\/wp-content\/uploads\/2020\/08\/800-0-355688c3360e585dfdbd0eb458044bd3.jpg?w=800&amp;ssl=1 800w\" sizes=\"auto, (max-width: 485px) 100vw, 485px\" \/><\/p>\n<p>Ndryshimet kushtetuese\/ Vjen reagimi i fort\u00eb i z\u00ebdh\u00ebn\u00ebsit t\u00eb PPE: T\u00eb papranueshme ndryshimet arbitrare t\u00eb Kodit Elektoral, qeveria Rama&#8230;<\/p>\n<p>31 KORRIK 2020<\/p>\n<p>Me an\u00eb t\u00eb nj\u00eb postimi n\u00eb rrjetin social ka reaguar politikani\u00a0gjerman, an\u00ebtar i Parlamentit Europian dhe z\u00ebdh\u00ebn\u00ebs p\u00ebr Pun\u00ebt e Jashtme i Partive Popullore Europiane, Michael Gahler. Ky i fundit shpreh shqet\u00ebsimin p\u00ebr kalimin e ndryshimeve kushtetuese n\u00eb m\u00ebnyr\u00eb t\u00eb nj\u00ebanshme.<\/p>\n<p>P\u00ebrmes nj\u00eb postimi n\u00eb facebook ai shkruan se nuk mund t\u00eb jet\u00eb e pranueshme p\u00ebr asnj\u00eb q\u00eb qeveria Rama, e cila d\u00ebshiron hapjen e negociatave me BE, t\u00eb ndryshoj\u00eb n\u00eb m\u00ebnyr\u00eb arbitrare kodin elektoral<strong>.<\/strong><\/p>\n<p>N\u00ebse kjo qeveri d\u00ebshiron v\u00ebrtet hapjen e negociatave me BE, si mund t\u00eb mos pranojn\u00eb k\u00ebshillat e Parlamentit Evropian, Komisionit Evropian dhe shteteve an\u00ebtare p\u00ebr nj\u00eb \u00e7\u00ebshtje kaq t\u00eb ndjeshme dhe themelore p\u00ebr demokracin\u00eb.<\/p>\n<p>Grupi i PPE do t\u00eb monitoroj\u00eb me kujdes veprimet e ardhshme lidhur me kodin zgjedhor dhe do t\u00eb nxis\u00eb me forc\u00eb q\u00eb t\u00eb arrihet konsensusi me opozit\u00ebn brenda K\u00ebshillit Politik.<\/p>\n<p>U takon partive dhe popullit shqiptar t\u00eb mbrojn\u00eb demokracin\u00eb dhe perspektiv\u00ebn e tyre evropiane.\u201c<\/p>\n<p>Gazeta Sot<\/p>\n","protected":false},"excerpt":{"rendered":"<p>Ndryshimet kushtetuese\/ Vjen reagimi i fort\u00eb i z\u00ebdh\u00ebn\u00ebsit t\u00eb PPE: T\u00eb papranueshme ndryshimet arbitrare t\u00eb Kodit Elektoral, qeveria Rama&#8230; 31 KORRIK 2020 Me an\u00eb t\u00eb nj\u00eb postimi n\u00eb rrjetin social ka reaguar politikani\u00a0gjerman, an\u00ebtar i Parlamentit Europian dhe z\u00ebdh\u00ebn\u00ebs p\u00ebr Pun\u00ebt e Jashtme i Partive Popullore Europiane, Michael Gahler. Ky i fundit shpreh shqet\u00ebsimin p\u00ebr [&hellip;]<\/p>\n","protected":false},"author":9,"featured_media":36780,"comment_status":"open","ping_status":"open","sticky":false,"template":"","format":"standard","meta":{"jetpack_post_was_ever_published":false,"_jetpack_newsletter_access":"","_jetpack_dont_email_post_to_subs":false,"_jetpack_newsletter_tier_id":0,"_jetpack_memberships_contains_paywalled_content":false,"_jetpack_memberships_contains_paid_content":false,"footnotes":"","jetpack_publicize_message":"","jetpack_publicize_feature_enabled":true,"jetpack_social_post_already_shared":true,"jetpack_social_options":{"image_generator_settings":{"template":"highway","default_image_id":0,"font":"","enabled":false},"version":2}},"categories":[27,2],"tags":[],"class_list":["post-36779","post","type-post","status-publish","format-standard","has-post-thumbnail","hentry","category-blogu-i-udhetarit","category-politika"],"jetpack_publicize_connections":[],"jetpack_featured_media_url":"https:\/\/i0.wp.com\/www.shqiperia.com\/blog\/wp-content\/uploads\/2020\/08\/800-0-355688c3360e585dfdbd0eb458044bd3.jpg?fit=800%2C438&ssl=1","jetpack_sharing_enabled":true,"jetpack_shortlink":"https:\/\/wp.me\/p5Z6wp-9zd","jetpack-related-posts":[{"id":97589,"url":"https:\/\/www.shqiperia.com\/blog\/top-channel-zbulon-ndryshimet-e-nenit-per-pezullimin-e-nje-ministri-e-paralajmeroi-edi-rama\/","url_meta":{"origin":36779,"position":0},"title":"Top Channel zbulon ndryshimet e nenit p\u00ebr pezullimin e nj\u00eb ministri, e paralajm\u00ebroi Edi Rama","author":"Kurt Farka","date":"February 11, 2026","format":false,"excerpt":"11 Shkurt 2026 N\u00eb kushtet kur Gjykata Kushtetuese u nda 4 me 4 duke mos e dh\u00ebn\u00eb nj\u00eb vendim p\u00ebr k\u00ebrkes\u00ebn e qeveris\u00eb n\u00ebse k\u00ebrkesa e SPAK p\u00ebr pezullimin e Belinda Ballukut ishte nd\u00ebrhyrje n\u00eb pun\u00ebt e ekzekutivit, kryeministri Edi Rama t\u00eb H\u00ebn\u00ebn paralajm\u00ebroi se \u201cgrupi parlamentar socialist do t\u00eb\u2026","rel":"","context":"In &quot;Kultura&quot;","block_context":{"text":"Kultura","link":"https:\/\/www.shqiperia.com\/blog\/category\/kultura\/"},"img":{"alt_text":"","src":"https:\/\/i0.wp.com\/www.shqiperia.com\/blog\/wp-content\/uploads\/2026\/02\/Besfort-Lamallari.jpg?fit=450%2C372&ssl=1&resize=350%2C200","width":350,"height":200},"classes":[]},{"id":39370,"url":"https:\/\/www.shqiperia.com\/blog\/vizita-e-komisionerit-brukseli-nuk-ka-negociata-me-ramen\/","url_meta":{"origin":36779,"position":1},"title":"Vizita e Komisionerit\/ Brukseli: &#8211; Nuk ka negociata me Ram\u00ebn","author":"Kurt Farka","date":"October 8, 2020","format":false,"excerpt":"Vizita e Komisionerit\/ Brukseli: - Nuk ka negociata me Ram\u00ebn - 08\/10\/20 Shtyrja vazhdimisht e negociatave dhe d\u00ebshtimi i Ram\u00ebs n\u00eb plot\u00ebsimin e kushtit p\u00ebr reform\u00ebn zgjedhore kan\u00eb v\u00ebn\u00eb n\u00eb rrezik integrimin. Brukseli po b\u00ebn t\u00eb ditur se s\u2019mund t\u00eb ket\u00eb negociata me k\u00ebt\u00eb qeverisje e k\u00ebt\u00eb kryeminist\u00ebr. Gjermania nga\u2026","rel":"","context":"In &quot;Blogu i Udh\u00ebtarit&quot;","block_context":{"text":"Blogu i Udh\u00ebtarit","link":"https:\/\/www.shqiperia.com\/blog\/category\/blogu-i-udhetarit\/"},"img":{"alt_text":"","src":"https:\/\/i0.wp.com\/www.shqiperia.com\/blog\/wp-content\/uploads\/2020\/10\/1600424986_varhelyioliverfotoAFPJOHNTHYS.jpg?fit=780%2C440&ssl=1&resize=350%2C200","width":350,"height":200,"srcset":"https:\/\/i0.wp.com\/www.shqiperia.com\/blog\/wp-content\/uploads\/2020\/10\/1600424986_varhelyioliverfotoAFPJOHNTHYS.jpg?fit=780%2C440&ssl=1&resize=350%2C200 1x, https:\/\/i0.wp.com\/www.shqiperia.com\/blog\/wp-content\/uploads\/2020\/10\/1600424986_varhelyioliverfotoAFPJOHNTHYS.jpg?fit=780%2C440&ssl=1&resize=525%2C300 1.5x, https:\/\/i0.wp.com\/www.shqiperia.com\/blog\/wp-content\/uploads\/2020\/10\/1600424986_varhelyioliverfotoAFPJOHNTHYS.jpg?fit=780%2C440&ssl=1&resize=700%2C400 2x"},"classes":[]},{"id":36534,"url":"https:\/\/www.shqiperia.com\/blog\/perplasja-per-ndryshimet-kushtetuese-dhe-listat-e-hapura-ambasadorja-e-shba-dhe-ai-i-be-se-i-shkojne-rames-ne-zyre\/","url_meta":{"origin":36779,"position":2},"title":"P\u00ebrplasja p\u00ebr ndryshimet kushtetuese dhe listat e hapura, ambasadorja e SHBA dhe ai i BE-s\u00eb i shkojn\u00eb Ram\u00ebs n\u00eb zyr\u00eb","author":"Kurt Farka","date":"July 27, 2020","format":false,"excerpt":"P\u00ebrplasja p\u00ebr ndryshimet kushtetuese dhe listat e hapura, ambasadorja e SHBA dhe ai i BE-s\u00eb i shkojn\u00eb Ram\u00ebs n\u00eb zyr\u00eb \u00a027 korrk 2020 Nd\u00ebrkoh\u00eb q\u00eb Kuvendi i Shqip\u00ebris\u00eb ka nisur sot seanc\u00ebn plenare, t\u00eb par\u00ebn e nj\u00eb serie maraton\u00eb q\u00eb do t\u00eb mbyllet me hapjen e listave n\u00eb 30 korrik\u2026","rel":"","context":"In &quot;Blogu i Udh\u00ebtarit&quot;","block_context":{"text":"Blogu i Udh\u00ebtarit","link":"https:\/\/www.shqiperia.com\/blog\/category\/blogu-i-udhetarit\/"},"img":{"alt_text":"","src":"https:\/\/i0.wp.com\/www.shqiperia.com\/blog\/wp-content\/uploads\/2020\/07\/800-480-5f1e937d7b671.jpg?fit=800%2C480&ssl=1&resize=350%2C200","width":350,"height":200,"srcset":"https:\/\/i0.wp.com\/www.shqiperia.com\/blog\/wp-content\/uploads\/2020\/07\/800-480-5f1e937d7b671.jpg?fit=800%2C480&ssl=1&resize=350%2C200 1x, https:\/\/i0.wp.com\/www.shqiperia.com\/blog\/wp-content\/uploads\/2020\/07\/800-480-5f1e937d7b671.jpg?fit=800%2C480&ssl=1&resize=525%2C300 1.5x, https:\/\/i0.wp.com\/www.shqiperia.com\/blog\/wp-content\/uploads\/2020\/07\/800-480-5f1e937d7b671.jpg?fit=800%2C480&ssl=1&resize=700%2C400 2x"},"classes":[]},{"id":39358,"url":"https:\/\/www.shqiperia.com\/blog\/meta-i-zbulon-komisionerit-te-be-nese-do-ti-ktheje-apo-jo-ndryshimet-ne-kodin-zgjedhor\/","url_meta":{"origin":36779,"position":3},"title":"Meta i zbulon komisionerit t\u00eb BE n\u00ebse do ti kthej\u00eb apo jo ndryshimet n\u00eb Kodin Zgjedhor","author":"Kurt Farka","date":"October 7, 2020","format":false,"excerpt":"Meta i zbulon komisionerit t\u00eb BE n\u00ebse do ti kthej\u00eb apo jo ndryshimet n\u00eb Kodin Zgjedhor 7 TETOR 2020 Pak ore me pare Komisioneri p\u00ebr Zgjerimin flet n\u00eb Kuvend: - \u201cMbani fokusin. Reforma Zgjedhore kusht p\u00ebr negociatat \u2026\u201d. Presidenti Ilir Meta ka konfirmon se do t\u00eb kthej\u00eb p\u00ebr rishqyrtim n\u00eb\u2026","rel":"","context":"In &quot;Blogu i Udh\u00ebtarit&quot;","block_context":{"text":"Blogu i Udh\u00ebtarit","link":"https:\/\/www.shqiperia.com\/blog\/category\/blogu-i-udhetarit\/"},"img":{"alt_text":"","src":"https:\/\/i0.wp.com\/www.shqiperia.com\/blog\/wp-content\/uploads\/2020\/10\/640-0-5f7e0e9c40d86.jpg?fit=425%2C217&ssl=1&resize=350%2C200","width":350,"height":200},"classes":[]},{"id":36618,"url":"https:\/\/www.shqiperia.com\/blog\/nje-dite-para-votimit-ne-parlament-te-ndryshimeve-kushtetuese-opozita-ben-levizjen-urgjente-zbardhet-e-mail-dhe-cpritet-ne-oren-1800\/","url_meta":{"origin":36779,"position":4},"title":"Nj\u00eb dit\u00eb para votimit n\u00eb parlament t\u00eb ndryshimeve kushtetuese, opozita b\u00ebn l\u00ebvizjen urgjente, zbardhet e-mail dhe \u00e7\u2019pritet n\u00eb or\u00ebn 18:00","author":"Kurt Farka","date":"July 29, 2020","format":false,"excerpt":"Nj\u00eb dit\u00eb para votimit n\u00eb parlament t\u00eb ndryshimeve kushtetuese, opozita b\u00ebn l\u00ebvizjen urgjente, zbardhet e-mail dhe \u00e7\u2019pritet n\u00eb or\u00ebn 18:00 29 Korrik 2020 Opozita e bashkuar ka k\u00ebrkuar q\u00eb dit\u00ebn e sotme n\u00eb or\u00ebn 18:00 t\u00eb mblidhet K\u00ebshilli Politik pasi \u00ebsht\u00eb pro\u00a0vijimit t\u00eb dialogut, p\u00ebr gjetjen e zgjidhjes nga t\u00eb\u2026","rel":"","context":"In &quot;Blogu i Udh\u00ebtarit&quot;","block_context":{"text":"Blogu i Udh\u00ebtarit","link":"https:\/\/www.shqiperia.com\/blog\/category\/blogu-i-udhetarit\/"},"img":{"alt_text":"","src":"https:\/\/i0.wp.com\/www.shqiperia.com\/blog\/wp-content\/uploads\/2020\/07\/800-0-39ca235056219cd167eda410ee7e39bb.jpeg?fit=800%2C451&ssl=1&resize=350%2C200","width":350,"height":200,"srcset":"https:\/\/i0.wp.com\/www.shqiperia.com\/blog\/wp-content\/uploads\/2020\/07\/800-0-39ca235056219cd167eda410ee7e39bb.jpeg?fit=800%2C451&ssl=1&resize=350%2C200 1x, https:\/\/i0.wp.com\/www.shqiperia.com\/blog\/wp-content\/uploads\/2020\/07\/800-0-39ca235056219cd167eda410ee7e39bb.jpeg?fit=800%2C451&ssl=1&resize=525%2C300 1.5x, https:\/\/i0.wp.com\/www.shqiperia.com\/blog\/wp-content\/uploads\/2020\/07\/800-0-39ca235056219cd167eda410ee7e39bb.jpeg?fit=800%2C451&ssl=1&resize=700%2C400 2x"},"classes":[]},{"id":36670,"url":"https:\/\/www.shqiperia.com\/blog\/per-te-ardhur-keq-amasada-e-shba-reagon-kunder-rames-per-ndryshimet-kushtetuese\/","url_meta":{"origin":36779,"position":5},"title":"\u201cP\u00ebr t\u00eb ardhur keq\u201d, Amasada e SHBA reagon kund\u00ebr Ram\u00ebs p\u00ebr ndryshimet Kushtetuese","author":"Kurt Farka","date":"July 30, 2020","format":false,"excerpt":"\u201cP\u00ebr t\u00eb ardhur keq\u201d, Amasada e SHBA reagon kund\u00ebr Ram\u00ebs p\u00ebr ndryshimet Kushtetuese 30 korrik 2020 Ambasada amerikane ne Tirane reagoi ne lidhje me ndryshimet kushtetuese duke theksuar se eshte per te ardhur keq qe ato u bene pa konsensus dhe pa frymen e bashkepunimit te marreveshjes se 5 qershorit.\u2026","rel":"","context":"In &quot;Kultura&quot;","block_context":{"text":"Kultura","link":"https:\/\/www.shqiperia.com\/blog\/category\/kultura\/"},"img":{"alt_text":"","src":"https:\/\/i0.wp.com\/www.shqiperia.com\/blog\/wp-content\/uploads\/2020\/07\/ambasada-shba.jpg?fit=570%2C299&ssl=1&resize=350%2C200","width":350,"height":200,"srcset":"https:\/\/i0.wp.com\/www.shqiperia.com\/blog\/wp-content\/uploads\/2020\/07\/ambasada-shba.jpg?fit=570%2C299&ssl=1&resize=350%2C200 1x, https:\/\/i0.wp.com\/www.shqiperia.com\/blog\/wp-content\/uploads\/2020\/07\/ambasada-shba.jpg?fit=570%2C299&ssl=1&resize=525%2C300 1.5x"},"classes":[]}],"_links":{"self":[{"href":"https:\/\/www.shqiperia.com\/blog\/wp-json\/wp\/v2\/posts\/36779","targetHints":{"allow":["GET"]}}],"collection":[{"href":"https:\/\/www.shqiperia.com\/blog\/wp-json\/wp\/v2\/posts"}],"about":[{"href":"https:\/\/www.shqiperia.com\/blog\/wp-json\/wp\/v2\/types\/post"}],"author":[{"embeddable":true,"href":"https:\/\/www.shqiperia.com\/blog\/wp-json\/wp\/v2\/users\/9"}],"replies":[{"embeddable":true,"href":"https:\/\/www.shqiperia.com\/blog\/wp-json\/wp\/v2\/comments?post=36779"}],"version-history":[{"count":1,"href":"https:\/\/www.shqiperia.com\/blog\/wp-json\/wp\/v2\/posts\/36779\/revisions"}],"predecessor-version":[{"id":36781,"href":"https:\/\/www.shqiperia.com\/blog\/wp-json\/wp\/v2\/posts\/36779\/revisions\/36781"}],"wp:featuredmedia":[{"embeddable":true,"href":"https:\/\/www.shqiperia.com\/blog\/wp-json\/wp\/v2\/media\/36780"}],"wp:attachment":[{"href":"https:\/\/www.shqiperia.com\/blog\/wp-json\/wp\/v2\/media?parent=36779"}],"wp:term":[{"taxonomy":"category","embeddable":true,"href":"https:\/\/www.shqiperia.com\/blog\/wp-json\/wp\/v2\/categories?post=36779"},{"taxonomy":"post_tag","embeddable":true,"href":"https:\/\/www.shqiperia.com\/blog\/wp-json\/wp\/v2\/tags?post=36779"}],"curies":[{"name":"wp","href":"https:\/\/api.w.org\/{rel}","templated":true}]}}