{"id":36647,"date":"2020-07-30T10:35:48","date_gmt":"2020-07-30T10:35:48","guid":{"rendered":"https:\/\/www.shqiperia.com\/blog\/?p=36647"},"modified":"2020-07-30T10:38:38","modified_gmt":"2020-07-30T10:38:38","slug":"do-kete-votim-te-lire-te-votoni-sa-here-te-doni-pranohen-deri-ne-5-vota","status":"publish","type":"post","link":"https:\/\/www.shqiperia.com\/blog\/do-kete-votim-te-lire-te-votoni-sa-here-te-doni-pranohen-deri-ne-5-vota\/","title":{"rendered":"Do kete votim te lire, te votoni sa here te doni, pranohen deri ne 5 vota."},"content":{"rendered":"<p><img data-recalc-dims=\"1\" loading=\"lazy\" decoding=\"async\" data-attachment-id=\"36648\" data-permalink=\"https:\/\/www.shqiperia.com\/blog\/do-kete-votim-te-lire-te-votoni-sa-here-te-doni-pranohen-deri-ne-5-vota\/images-65\/\" data-orig-file=\"https:\/\/i0.wp.com\/www.shqiperia.com\/blog\/wp-content\/uploads\/2020\/07\/images.jpg?fit=281%2C180&amp;ssl=1\" data-orig-size=\"281,180\" data-comments-opened=\"1\" data-image-meta=\"{&quot;aperture&quot;:&quot;0&quot;,&quot;credit&quot;:&quot;&quot;,&quot;camera&quot;:&quot;&quot;,&quot;caption&quot;:&quot;&quot;,&quot;created_timestamp&quot;:&quot;0&quot;,&quot;copyright&quot;:&quot;&quot;,&quot;focal_length&quot;:&quot;0&quot;,&quot;iso&quot;:&quot;0&quot;,&quot;shutter_speed&quot;:&quot;0&quot;,&quot;title&quot;:&quot;&quot;,&quot;orientation&quot;:&quot;0&quot;}\" data-image-title=\"images\" data-image-description=\"\" data-image-caption=\"\" data-medium-file=\"https:\/\/i0.wp.com\/www.shqiperia.com\/blog\/wp-content\/uploads\/2020\/07\/images.jpg?fit=281%2C180&amp;ssl=1\" data-large-file=\"https:\/\/i0.wp.com\/www.shqiperia.com\/blog\/wp-content\/uploads\/2020\/07\/images.jpg?fit=281%2C180&amp;ssl=1\" class=\"alignnone wp-image-36648\" alt=\"\" src=\"https:\/\/i0.wp.com\/www.shqiperia.com\/blog\/wp-content\/uploads\/2020\/07\/images.jpg?resize=481%2C308&#038;ssl=1\" width=\"481\" height=\"308\" \/><\/p>\n<p>Te gjithe shqiptaret te jene te sigurte: &#8211; Do kete votim te lire, te votoni sa here te doni, pranohen deri ne 5 vota. Edhe per ndryshimet kushtetuese deputetet jane te lire te votojne nga 5 here.<\/p>\n<p>Kete e Pranoj edhe Kryetari\u00a0 Kuvendit te Shqiperise Gramoz Ruci. Shiko lajmin: https:\/\/www.shqiperia.com\/&#8230;\/degjeneron-votimi-ne&#8230;\/<\/p>\n","protected":false},"excerpt":{"rendered":"<p>Te gjithe shqiptaret te jene te sigurte: &#8211; Do kete votim te lire, te votoni sa here te doni, pranohen deri ne 5 vota. Edhe per ndryshimet kushtetuese deputetet jane te lire te votojne nga 5 here. Kete e Pranoj edhe Kryetari\u00a0 Kuvendit te Shqiperise Gramoz Ruci. Shiko lajmin: https:\/\/www.shqiperia.com\/&#8230;\/degjeneron-votimi-ne&#8230;\/<\/p>\n","protected":false},"author":9,"featured_media":36648,"comment_status":"open","ping_status":"open","sticky":false,"template":"","format":"standard","meta":{"jetpack_post_was_ever_published":false,"_jetpack_newsletter_access":"","_jetpack_dont_email_post_to_subs":false,"_jetpack_newsletter_tier_id":0,"_jetpack_memberships_contains_paywalled_content":false,"_jetpack_memberships_contains_paid_content":false,"footnotes":"","jetpack_publicize_message":"","jetpack_publicize_feature_enabled":true,"jetpack_social_post_already_shared":true,"jetpack_social_options":{"image_generator_settings":{"template":"highway","default_image_id":0,"font":"","enabled":false},"version":2}},"categories":[1,2,14],"tags":[],"class_list":["post-36647","post","type-post","status-publish","format-standard","has-post-thumbnail","hentry","category-njoftime-shtypi","category-politika","category-press-releases"],"jetpack_publicize_connections":[],"jetpack_featured_media_url":"https:\/\/i0.wp.com\/www.shqiperia.com\/blog\/wp-content\/uploads\/2020\/07\/images.jpg?fit=281%2C180&ssl=1","jetpack_sharing_enabled":true,"jetpack_shortlink":"https:\/\/wp.me\/p5Z6wp-9x5","jetpack-related-posts":[{"id":46363,"url":"https:\/\/www.shqiperia.com\/blog\/nese-doni-ndryshim-votoni-per-ndryshimin-ambasadorja-kim-mesazh-te-forte-per-shqiptaret-ata-qe-blejne-vota-jane-kriminele-nese-dikush-iu-ka-vjedhur-per-4-vjet-atehere\/","url_meta":{"origin":36647,"position":0},"title":"\u201cN\u00ebse doni ndryshim votoni p\u00ebr ndryshimin\u201d. Ambasadorja Kim mesazh t\u00eb fort\u00eb p\u00ebr shqiptar\u00ebt: &#8211; Ata q\u00eb blejn\u00eb vota jan\u00eb kriminel\u00eb! N\u00ebse dikush iu ka vjedhur p\u00ebr 4 vjet, at\u00ebher\u00eb\u2026.","author":"Kurt Farka","date":"April 13, 2021","format":false,"excerpt":"\u201cN\u00ebse doni ndryshim votoni p\u00ebr ndryshimin\u201d. Ambasadorja Kim mesazh t\u00eb fort\u00eb p\u00ebr shqiptar\u00ebt: - Ata q\u00eb blejn\u00eb vota jan\u00eb kriminel\u00eb! N\u00ebse dikush iu ka vjedhur p\u00ebr 4 vjet, at\u00ebher\u00eb\u2026. 13 prill 2021 Ambasadorja amerikane n\u00eb Tiran\u00ebs, Yuri Kim i \u00ebsht\u00eb drejtuar me nj\u00eb mesazh t\u00eb fort\u00eb shqiptar\u00ebve p\u00ebr sa i\u2026","rel":"","context":"In &quot;Kultura&quot;","block_context":{"text":"Kultura","link":"https:\/\/www.shqiperia.com\/blog\/category\/kultura\/"},"img":{"alt_text":"","src":"https:\/\/i0.wp.com\/www.shqiperia.com\/blog\/wp-content\/uploads\/2021\/04\/kimm.png?fit=738%2C387&ssl=1&resize=350%2C200","width":350,"height":200,"srcset":"https:\/\/i0.wp.com\/www.shqiperia.com\/blog\/wp-content\/uploads\/2021\/04\/kimm.png?fit=738%2C387&ssl=1&resize=350%2C200 1x, https:\/\/i0.wp.com\/www.shqiperia.com\/blog\/wp-content\/uploads\/2021\/04\/kimm.png?fit=738%2C387&ssl=1&resize=525%2C300 1.5x, https:\/\/i0.wp.com\/www.shqiperia.com\/blog\/wp-content\/uploads\/2021\/04\/kimm.png?fit=738%2C387&ssl=1&resize=700%2C400 2x"},"classes":[]},{"id":97609,"url":"https:\/\/www.shqiperia.com\/blog\/ps-humb-maxhorancen-nuk-mbledh-dot-71-deputete-peleshi-tenton-te-anuloje-votimin-mblidhni-veten-balla-kerkon-pushim\/","url_meta":{"origin":36647,"position":1},"title":"PS humb maxhoranc\u00ebn, nuk mbledh dot 71 deputet\u00eb! Peleshi tenton t\u00eb anuloj\u00eb votimin: &#8211; Mblidhni veten! Balla k\u00ebrkon pushim","author":"Kurt Farka","date":"February 12, 2026","format":false,"excerpt":"12 Shkurt 2026 Partia Socialiste ka humbur mazhoranc\u00ebn n\u00eb seanc\u00ebn e sotme parlamentare, duke mos mbledhur dot 71 vota p\u00ebr t\u00eb miratuar projekt vendimet.\u00a0 Kryetari i Kuvendit, Niko Peleshi tentoi t\u00eb anuloj\u00eb votimin, me arsyetimin se ishte b\u00ebr\u00eb nj\u00eb gabim. Nd\u00ebrkoh\u00eb opozita tha se votimi u nd\u00ebrpre, pasi Partia Socialiste\u2026","rel":"","context":"In &quot;Blogu i Udh\u00ebtarit&quot;","block_context":{"text":"Blogu i Udh\u00ebtarit","link":"https:\/\/www.shqiperia.com\/blog\/category\/blogu-i-udhetarit\/"},"img":{"alt_text":"","src":"https:\/\/i0.wp.com\/www.shqiperia.com\/blog\/wp-content\/uploads\/2026\/02\/kuvendi.jpg?fit=1200%2C677&ssl=1&resize=350%2C200","width":350,"height":200,"srcset":"https:\/\/i0.wp.com\/www.shqiperia.com\/blog\/wp-content\/uploads\/2026\/02\/kuvendi.jpg?fit=1200%2C677&ssl=1&resize=350%2C200 1x, https:\/\/i0.wp.com\/www.shqiperia.com\/blog\/wp-content\/uploads\/2026\/02\/kuvendi.jpg?fit=1200%2C677&ssl=1&resize=525%2C300 1.5x, https:\/\/i0.wp.com\/www.shqiperia.com\/blog\/wp-content\/uploads\/2026\/02\/kuvendi.jpg?fit=1200%2C677&ssl=1&resize=700%2C400 2x, https:\/\/i0.wp.com\/www.shqiperia.com\/blog\/wp-content\/uploads\/2026\/02\/kuvendi.jpg?fit=1200%2C677&ssl=1&resize=1050%2C600 3x"},"classes":[]},{"id":24901,"url":"https:\/\/www.shqiperia.com\/blog\/senida-mesi-ky-eshte-nje-urdher-politik-te-tille-do-te-ndeshni-shpesh-edhe-kur-te-jeni-ne-keshill-bashkiak-shkoder\/","url_meta":{"origin":36647,"position":2},"title":"Senida Mesi: \u2026 ky \u00ebsht\u00eb nj\u00eb urdh\u00ebr politik. T\u00eb till\u00eb do t\u00eb ndeshni shpesh edhe kur t\u00eb jeni n\u00eb K\u00ebshill Bashkiak Shkoder.","author":"Kurt Farka","date":"August 20, 2019","format":false,"excerpt":"Senida Mesi: \u2026 ky \u00ebsht\u00eb nj\u00eb urdh\u00ebr politik. T\u00eb till\u00eb do t\u00eb ndeshni shpesh edhe kur t\u00eb jeni n\u00eb K\u00ebshill Bashkiak Shkoder. \u00a0 20 gusht \u00a02019 N\u00eb mbledhjen e zhvilluar n\u00eb selin\u00eb e PS-s\u00eb n\u00eb qytetin verior, me q\u00ebllim zgjedhjen e kryetarit t\u00eb k\u00ebshillit bashkiak, n\u00ebnkryetar\u00ebve dhe an\u00ebtar\u00ebve p\u00ebr k\u00ebshill\u2026","rel":"","context":"In &quot;Blogu i Udh\u00ebtarit&quot;","block_context":{"text":"Blogu i Udh\u00ebtarit","link":"https:\/\/www.shqiperia.com\/blog\/category\/blogu-i-udhetarit\/"},"img":{"alt_text":"","src":"https:\/\/i0.wp.com\/www.shqiperia.com\/blog\/wp-content\/uploads\/2019\/08\/ps-shkoder-905x450.jpg?fit=905%2C450&ssl=1&resize=350%2C200","width":350,"height":200,"srcset":"https:\/\/i0.wp.com\/www.shqiperia.com\/blog\/wp-content\/uploads\/2019\/08\/ps-shkoder-905x450.jpg?fit=905%2C450&ssl=1&resize=350%2C200 1x, https:\/\/i0.wp.com\/www.shqiperia.com\/blog\/wp-content\/uploads\/2019\/08\/ps-shkoder-905x450.jpg?fit=905%2C450&ssl=1&resize=525%2C300 1.5x, https:\/\/i0.wp.com\/www.shqiperia.com\/blog\/wp-content\/uploads\/2019\/08\/ps-shkoder-905x450.jpg?fit=905%2C450&ssl=1&resize=700%2C400 2x"},"classes":[]},{"id":90449,"url":"https:\/\/www.shqiperia.com\/blog\/rama-ne-flasim-votoni-masivisht-ps-do-te-jete-me-e-lehte-per-shqiptaret-te-punojne-dhe-te-studiojne-ne-vende-te-be-se\/","url_meta":{"origin":36647,"position":3},"title":"Rama n\u00eb \u201cFlasim\u201d: &#8211; Votoni masivisht PS. &#8211;  Do t\u00eb jet\u00eb m\u00eb e leht\u00eb p\u00ebr shqiptar\u00ebt t\u00eb punojn\u00eb dhe t\u00eb studiojn\u00eb n\u00eb vende t\u00eb BE-s\u00eb.","author":"Kurt Farka","date":"March 15, 2025","format":false,"excerpt":"15 Mars 2025 Kryeministri Edi Rama ka folur gjat\u00eb podcastit \u201cFlasim\u201d p\u00ebr r\u00ebnd\u00ebsin\u00eb e vot\u00ebs masive p\u00ebr Partin\u00eb Socialiste n\u00eb zgjedhjet e ardhshme, duke theksuar se ky veprim do t\u00eb \u00e7oj\u00eb n\u00eb mund\u00ebsin\u00eb e marrjes s\u00eb pasaport\u00ebs europiane p\u00ebr \u00e7do shqiptar deri n\u00eb vitin 2030. Ai ka shpjeguar se ky\u2026","rel":"","context":"In &quot;Blogu i Udh\u00ebtarit&quot;","block_context":{"text":"Blogu i Udh\u00ebtarit","link":"https:\/\/www.shqiperia.com\/blog\/category\/blogu-i-udhetarit\/"},"img":{"alt_text":"","src":"https:\/\/i0.wp.com\/www.shqiperia.com\/blog\/wp-content\/uploads\/2024\/12\/89775234_2669410646615555_5084026322410274816_n-300x245.jpg?resize=350%2C200&ssl=1","width":350,"height":200,"srcset":"https:\/\/i0.wp.com\/www.shqiperia.com\/blog\/wp-content\/uploads\/2024\/12\/89775234_2669410646615555_5084026322410274816_n-300x245.jpg?resize=350%2C200&ssl=1 1x, https:\/\/i0.wp.com\/www.shqiperia.com\/blog\/wp-content\/uploads\/2024\/12\/89775234_2669410646615555_5084026322410274816_n-300x245.jpg?resize=525%2C300&ssl=1 1.5x"},"classes":[]},{"id":58593,"url":"https:\/\/www.shqiperia.com\/blog\/bajram-begaj-president-me-78-vota-pro-e-voton-ps-dhe-psd-por-dhe-nje-deputet-i-opozites\/","url_meta":{"origin":36647,"position":4},"title":"Bajram Begaj President me 78 vota pro. &#8211; E voton PS dhe PSD, por dhe nj\u00eb deputet i opozit\u00ebs","author":"Kurt Farka","date":"June 4, 2022","format":false,"excerpt":"4 QERSHOR 2022 Bajram Begaj u zgjodh dit\u00ebn e sotme zyrtarisht nga Parlamenti si President i vendit. Nga 83 deputet\u00eb q\u00eb kan\u00eb marr\u00eb pjes\u00eb n\u00eb votim, 78 kan\u00eb votuar pro, kat\u00ebr kund\u00ebr dhe nj\u00eb abstenim. Duket se nga votimi, ka qen\u00eb dhe nj\u00eb deputet i opozit\u00ebs q\u00eb ka mb\u00ebshtetur Begajn,\u2026","rel":"","context":"In &quot;Blogu i Udh\u00ebtarit&quot;","block_context":{"text":"Blogu i Udh\u00ebtarit","link":"https:\/\/www.shqiperia.com\/blog\/category\/blogu-i-udhetarit\/"},"img":{"alt_text":"","src":"https:\/\/i0.wp.com\/www.shqiperia.com\/blog\/wp-content\/uploads\/2022\/06\/640-0-629b936670128.jpeg?fit=432%2C274&ssl=1&resize=350%2C200","width":350,"height":200},"classes":[]},{"id":34700,"url":"https:\/\/www.shqiperia.com\/blog\/keshilltari-bashkiak-denoncon-vota-per-prishjen-e-teatrit-ne-fshehtesi-pa-procedure-jashte-mbledhjes\/","url_meta":{"origin":36647,"position":5},"title":"K\u00ebshilltari Bashkiak denoncon: &#8211; Vota p\u00ebr prishjen e teatrit, n\u00eb fsheht\u00ebsi, pa procedur\u00eb, jasht\u00eb mbledhjes","author":"Kurt Farka","date":"May 16, 2020","format":false,"excerpt":"K\u00ebshilltari Bashkiak denoncon: Vota p\u00ebr prishjen e teatrit, n\u00eb fsheht\u00ebsi, pa procedur\u00eb, jasht\u00eb mbledhjes 15\/05\/2020 Vendimi p\u00ebr shembjen e Teatrit Komb\u00ebtar \u00ebsht\u00eb miratuar n\u00eb fsheht\u00ebsi dhe jasht\u00eb agjend\u00ebs s\u00eb mbledhjes s\u00eb K\u00ebshillit. Fabian Topollaj, an\u00ebtar i K\u00ebshillit Bashkiak, ka b\u00ebr\u00eb publike e-mailet zyrtare p\u00ebr organizimin e mbledhjes s\u00eb K\u00ebshillit, ku\u2026","rel":"","context":"In &quot;Blogu i Udh\u00ebtarit&quot;","block_context":{"text":"Blogu i Udh\u00ebtarit","link":"https:\/\/www.shqiperia.com\/blog\/category\/blogu-i-udhetarit\/"},"img":{"alt_text":"","src":"https:\/\/i0.wp.com\/www.shqiperia.com\/blog\/wp-content\/uploads\/2020\/05\/Erion-Veliaj.jpg?fit=728%2C375&ssl=1&resize=350%2C200","width":350,"height":200,"srcset":"https:\/\/i0.wp.com\/www.shqiperia.com\/blog\/wp-content\/uploads\/2020\/05\/Erion-Veliaj.jpg?fit=728%2C375&ssl=1&resize=350%2C200 1x, https:\/\/i0.wp.com\/www.shqiperia.com\/blog\/wp-content\/uploads\/2020\/05\/Erion-Veliaj.jpg?fit=728%2C375&ssl=1&resize=525%2C300 1.5x, https:\/\/i0.wp.com\/www.shqiperia.com\/blog\/wp-content\/uploads\/2020\/05\/Erion-Veliaj.jpg?fit=728%2C375&ssl=1&resize=700%2C400 2x"},"classes":[]}],"_links":{"self":[{"href":"https:\/\/www.shqiperia.com\/blog\/wp-json\/wp\/v2\/posts\/36647","targetHints":{"allow":["GET"]}}],"collection":[{"href":"https:\/\/www.shqiperia.com\/blog\/wp-json\/wp\/v2\/posts"}],"about":[{"href":"https:\/\/www.shqiperia.com\/blog\/wp-json\/wp\/v2\/types\/post"}],"author":[{"embeddable":true,"href":"https:\/\/www.shqiperia.com\/blog\/wp-json\/wp\/v2\/users\/9"}],"replies":[{"embeddable":true,"href":"https:\/\/www.shqiperia.com\/blog\/wp-json\/wp\/v2\/comments?post=36647"}],"version-history":[{"count":5,"href":"https:\/\/www.shqiperia.com\/blog\/wp-json\/wp\/v2\/posts\/36647\/revisions"}],"predecessor-version":[{"id":36653,"href":"https:\/\/www.shqiperia.com\/blog\/wp-json\/wp\/v2\/posts\/36647\/revisions\/36653"}],"wp:featuredmedia":[{"embeddable":true,"href":"https:\/\/www.shqiperia.com\/blog\/wp-json\/wp\/v2\/media\/36648"}],"wp:attachment":[{"href":"https:\/\/www.shqiperia.com\/blog\/wp-json\/wp\/v2\/media?parent=36647"}],"wp:term":[{"taxonomy":"category","embeddable":true,"href":"https:\/\/www.shqiperia.com\/blog\/wp-json\/wp\/v2\/categories?post=36647"},{"taxonomy":"post_tag","embeddable":true,"href":"https:\/\/www.shqiperia.com\/blog\/wp-json\/wp\/v2\/tags?post=36647"}],"curies":[{"name":"wp","href":"https:\/\/api.w.org\/{rel}","templated":true}]}}