{"id":36644,"date":"2020-07-30T10:19:01","date_gmt":"2020-07-30T10:19:01","guid":{"rendered":"https:\/\/www.shqiperia.com\/blog\/?p=36644"},"modified":"2020-07-30T10:19:01","modified_gmt":"2020-07-30T10:19:01","slug":"degjeneron-votimi-ne-kuvend-deputetja-voton-5-here-reagon-ruci-e-konstatova-edhe-une-te-verifikohet","status":"publish","type":"post","link":"https:\/\/www.shqiperia.com\/blog\/degjeneron-votimi-ne-kuvend-deputetja-voton-5-here-reagon-ruci-e-konstatova-edhe-une-te-verifikohet\/","title":{"rendered":"DEGJENERON votimi n\u00eb Kuvend, deputetja voton 5 her\u00eb\u2026 reagon Ru\u00e7i: E konstatova edhe un\u00eb, t\u00eb verifikohet"},"content":{"rendered":"<p><img data-recalc-dims=\"1\" loading=\"lazy\" decoding=\"async\" data-attachment-id=\"36645\" data-permalink=\"https:\/\/www.shqiperia.com\/blog\/degjeneron-votimi-ne-kuvend-deputetja-voton-5-here-reagon-ruci-e-konstatova-edhe-une-te-verifikohet\/800-0-9a27b6b95e1eb2ac1c9a5036a13a6579\/\" data-orig-file=\"https:\/\/i0.wp.com\/www.shqiperia.com\/blog\/wp-content\/uploads\/2020\/07\/800-0-9a27b6b95e1eb2ac1c9a5036a13a6579.jpg?fit=800%2C450&amp;ssl=1\" data-orig-size=\"800,450\" data-comments-opened=\"1\" data-image-meta=\"{&quot;aperture&quot;:&quot;0&quot;,&quot;credit&quot;:&quot;&quot;,&quot;camera&quot;:&quot;&quot;,&quot;caption&quot;:&quot;&quot;,&quot;created_timestamp&quot;:&quot;0&quot;,&quot;copyright&quot;:&quot;&quot;,&quot;focal_length&quot;:&quot;0&quot;,&quot;iso&quot;:&quot;0&quot;,&quot;shutter_speed&quot;:&quot;0&quot;,&quot;title&quot;:&quot;&quot;,&quot;orientation&quot;:&quot;0&quot;}\" data-image-title=\"-800-0-9a27b6b95e1eb2ac1c9a5036a13a6579\" data-image-description=\"\" data-image-caption=\"\" data-medium-file=\"https:\/\/i0.wp.com\/www.shqiperia.com\/blog\/wp-content\/uploads\/2020\/07\/800-0-9a27b6b95e1eb2ac1c9a5036a13a6579.jpg?fit=300%2C169&amp;ssl=1\" data-large-file=\"https:\/\/i0.wp.com\/www.shqiperia.com\/blog\/wp-content\/uploads\/2020\/07\/800-0-9a27b6b95e1eb2ac1c9a5036a13a6579.jpg?fit=800%2C450&amp;ssl=1\" class=\"alignnone  wp-image-36645\" alt=\"\" src=\"https:\/\/i0.wp.com\/www.shqiperia.com\/blog\/wp-content\/uploads\/2020\/07\/800-0-9a27b6b95e1eb2ac1c9a5036a13a6579.jpg?resize=447%2C252&#038;ssl=1\" width=\"447\" height=\"252\" srcset=\"https:\/\/i0.wp.com\/www.shqiperia.com\/blog\/wp-content\/uploads\/2020\/07\/800-0-9a27b6b95e1eb2ac1c9a5036a13a6579.jpg?resize=300%2C169&amp;ssl=1 300w, https:\/\/i0.wp.com\/www.shqiperia.com\/blog\/wp-content\/uploads\/2020\/07\/800-0-9a27b6b95e1eb2ac1c9a5036a13a6579.jpg?resize=768%2C432&amp;ssl=1 768w, https:\/\/i0.wp.com\/www.shqiperia.com\/blog\/wp-content\/uploads\/2020\/07\/800-0-9a27b6b95e1eb2ac1c9a5036a13a6579.jpg?resize=450%2C253&amp;ssl=1 450w, https:\/\/i0.wp.com\/www.shqiperia.com\/blog\/wp-content\/uploads\/2020\/07\/800-0-9a27b6b95e1eb2ac1c9a5036a13a6579.jpg?resize=600%2C338&amp;ssl=1 600w, https:\/\/i0.wp.com\/www.shqiperia.com\/blog\/wp-content\/uploads\/2020\/07\/800-0-9a27b6b95e1eb2ac1c9a5036a13a6579.jpg?resize=400%2C225&amp;ssl=1 400w, https:\/\/i0.wp.com\/www.shqiperia.com\/blog\/wp-content\/uploads\/2020\/07\/800-0-9a27b6b95e1eb2ac1c9a5036a13a6579.jpg?w=800&amp;ssl=1 800w\" sizes=\"auto, (max-width: 447px) 100vw, 447px\" \/><\/p>\n<p>DEGJENERON votimi n\u00eb Kuvend, deputetja voton 5 her\u00eb\u2026 reagon Ru\u00e7i: E konstatova edhe un\u00eb, t\u00eb verifikohet<\/p>\n<p>30 KORRIK 2020<\/p>\n<p>Gjat\u00eb seanc\u00ebs s\u00eb dit\u00ebs s\u00eb sotme deputeti Halit Valteri ka b\u00ebr\u00eb nj\u00eb denoncim ndaj koleges s\u00eb tij gjat\u00eb seanc\u00ebs plenare. Pasi ka marr\u00eb fjal\u00ebn nga vendi, Valteri ka \u201cdenoncuar\u201d kolegen e tij se ka votuar disa her\u00eb duke i k\u00ebrkuar kryeparlamentarit Gramoz Ru\u00e7i q\u00eb t\u00eb marr\u00eb masa.<\/p>\n<p>\u201cNj\u00eb deputete ka votuar 5 flet\u00eb votimi. Ju lutem merrni masa,\u201c-u shpreh Valteri. Nd\u00ebrsa denoncimi i tij \u00ebsht\u00eb p\u00ebrkrahur edhe nga Ru\u00e7i, i cili \u00ebsht\u00eb shprehur se e ka konstatuar edhe ai t\u00eb nj\u00ebjt\u00ebn gj\u00eb.<\/p>\n<p>Kryetari i Kuvendit e pranoi si t\u00eb drejt\u00eb konstatimin. &#8220;V\u00ebrejta \u00ebsht\u00eb e drejt\u00eb, e konstatova edhe un\u00eb. Deputetja ka shpjeguar se ka votuar vet\u00ebm nj\u00eb her\u00eb por ka p\u00ebrcjell\u00eb flet\u00ebt e votimit t\u00eb deputet\u00ebve t\u00eb tjer\u00eb n\u00eb kutin\u00eb e votimit. Ngelet p\u00ebr t\u00eb verifikuar nga komisioni p\u00ebrkat\u00ebs&#8221; tha Ru\u00e7i.<\/p>\n<p>Gazeta Sot.<\/p>\n","protected":false},"excerpt":{"rendered":"<p>DEGJENERON votimi n\u00eb Kuvend, deputetja voton 5 her\u00eb\u2026 reagon Ru\u00e7i: E konstatova edhe un\u00eb, t\u00eb verifikohet 30 KORRIK 2020 Gjat\u00eb seanc\u00ebs s\u00eb dit\u00ebs s\u00eb sotme deputeti Halit Valteri ka b\u00ebr\u00eb nj\u00eb denoncim ndaj koleges s\u00eb tij gjat\u00eb seanc\u00ebs plenare. Pasi ka marr\u00eb fjal\u00ebn nga vendi, Valteri ka \u201cdenoncuar\u201d kolegen e tij se ka votuar disa [&hellip;]<\/p>\n","protected":false},"author":9,"featured_media":36645,"comment_status":"open","ping_status":"open","sticky":false,"template":"","format":"standard","meta":{"jetpack_post_was_ever_published":false,"_jetpack_newsletter_access":"","_jetpack_dont_email_post_to_subs":false,"_jetpack_newsletter_tier_id":0,"_jetpack_memberships_contains_paywalled_content":false,"_jetpack_memberships_contains_paid_content":false,"footnotes":"","jetpack_publicize_message":"","jetpack_publicize_feature_enabled":true,"jetpack_social_post_already_shared":true,"jetpack_social_options":{"image_generator_settings":{"template":"highway","default_image_id":0,"font":"","enabled":false},"version":2}},"categories":[27,2,14],"tags":[],"class_list":["post-36644","post","type-post","status-publish","format-standard","has-post-thumbnail","hentry","category-blogu-i-udhetarit","category-politika","category-press-releases"],"jetpack_publicize_connections":[],"jetpack_featured_media_url":"https:\/\/i0.wp.com\/www.shqiperia.com\/blog\/wp-content\/uploads\/2020\/07\/800-0-9a27b6b95e1eb2ac1c9a5036a13a6579.jpg?fit=800%2C450&ssl=1","jetpack_sharing_enabled":true,"jetpack_shortlink":"https:\/\/wp.me\/p5Z6wp-9x2","jetpack-related-posts":[{"id":67190,"url":"https:\/\/www.shqiperia.com\/blog\/a-vjedhin-socialistet-vota-me-te-dyja-duart-deputeti-socialist-voton-edhe-per-kolegen\/","url_meta":{"origin":36644,"position":0},"title":"A Vjedhin Socialistet Vota?: &#8211; Me t\u00eb dyja duart! &#8211; Deputeti socialist voton edhe p\u00ebr kolegen","author":"Kurt Farka","date":"February 2, 2023","format":false,"excerpt":"2 Shkurt 2023 Deputeti Baftjar Zeqaj ne Parlament ka votuar me dy duar, per dy veta... Kaos ishte seanca e sotme n\u00eb Kuvend. Dhe nga kjo gjendje e krijuar deputeti i Partis\u00eb Socialiste, Baftjar Zeqaj ka votuar n\u00eb k\u00ebt\u00eb seanc\u00eb edhe p\u00ebr kolegen e tij. N\u00eb momentin kur \u00ebsht\u00eb hapur\u2026","rel":"","context":"In &quot;Blogu i Udh\u00ebtarit&quot;","block_context":{"text":"Blogu i Udh\u00ebtarit","link":"https:\/\/www.shqiperia.com\/blog\/category\/blogu-i-udhetarit\/"},"img":{"alt_text":"","src":"https:\/\/i0.wp.com\/www.shqiperia.com\/blog\/wp-content\/uploads\/2023\/02\/800-0-d79a884507ead68b55ad84e36661ffae.jpg?fit=737%2C369&ssl=1&resize=350%2C200","width":350,"height":200,"srcset":"https:\/\/i0.wp.com\/www.shqiperia.com\/blog\/wp-content\/uploads\/2023\/02\/800-0-d79a884507ead68b55ad84e36661ffae.jpg?fit=737%2C369&ssl=1&resize=350%2C200 1x, https:\/\/i0.wp.com\/www.shqiperia.com\/blog\/wp-content\/uploads\/2023\/02\/800-0-d79a884507ead68b55ad84e36661ffae.jpg?fit=737%2C369&ssl=1&resize=525%2C300 1.5x, https:\/\/i0.wp.com\/www.shqiperia.com\/blog\/wp-content\/uploads\/2023\/02\/800-0-d79a884507ead68b55ad84e36661ffae.jpg?fit=737%2C369&ssl=1&resize=700%2C400 2x"},"classes":[]},{"id":49670,"url":"https:\/\/www.shqiperia.com\/blog\/a-do-te-futet-sali-berisha-ne-kuvend-deputetja-luljeta-bozo-ben-deklaraten-e-papritur-shba-qe-ka-marre-kete-vendim\/","url_meta":{"origin":36644,"position":1},"title":"A do t\u00eb futet Sali Berisha n\u00eb Kuvend? Deputetja Luljeta Bozo b\u00ebn deklarat\u00ebn e papritur: SHBA q\u00eb ka marr\u00eb k\u00ebt\u00eb vendim&#8230;","author":"Kurt Farka","date":"September 6, 2021","format":false,"excerpt":"A do t\u00eb futet Sali Berisha n\u00eb Kuvend? Deputetja Luljeta Bozo b\u00ebn deklarat\u00ebn e papritur: SHBA q\u00eb ka marr\u00eb k\u00ebt\u00eb vendim... 6 SHTATOR 2021 Inxhinierja Luljeta Bozo do t\u00eb jet\u00eb k\u00ebt\u00eb sesion t\u00eb ri parlamentar deputetja m\u00eb e vjet\u00ebr n\u00eb Kuvend. E pyetur n\u00eb lidhje me diskutimet n\u00ebse do t\u00eb\u2026","rel":"","context":"In &quot;Blogu i Udh\u00ebtarit&quot;","block_context":{"text":"Blogu i Udh\u00ebtarit","link":"https:\/\/www.shqiperia.com\/blog\/category\/blogu-i-udhetarit\/"},"img":{"alt_text":"","src":"https:\/\/i0.wp.com\/www.shqiperia.com\/blog\/wp-content\/uploads\/2021\/09\/800-0-6135d1de2ea12-1.png?fit=800%2C526&ssl=1&resize=350%2C200","width":350,"height":200,"srcset":"https:\/\/i0.wp.com\/www.shqiperia.com\/blog\/wp-content\/uploads\/2021\/09\/800-0-6135d1de2ea12-1.png?fit=800%2C526&ssl=1&resize=350%2C200 1x, https:\/\/i0.wp.com\/www.shqiperia.com\/blog\/wp-content\/uploads\/2021\/09\/800-0-6135d1de2ea12-1.png?fit=800%2C526&ssl=1&resize=525%2C300 1.5x, https:\/\/i0.wp.com\/www.shqiperia.com\/blog\/wp-content\/uploads\/2021\/09\/800-0-6135d1de2ea12-1.png?fit=800%2C526&ssl=1&resize=700%2C400 2x"},"classes":[]},{"id":54940,"url":"https:\/\/www.shqiperia.com\/blog\/ish-pd-e-bashes-nuk-merr-asnje-vote-ne-nje-qender-votimi-as-vete-komisioneri-nuk-ka-votuar-partine-e-tij\/","url_meta":{"origin":36644,"position":2},"title":"Ish PD e Bashes nuk merr asnj\u00eb vot\u00eb n\u00eb nj\u00eb qend\u00ebr votimi. As vet\u00eb komisioneri nuk ka votuar partin\u00eb e tij","author":"Kurt Farka","date":"March 7, 2022","format":false,"excerpt":"Ish PD e Bashes nuk merr asnj\u00eb vot\u00eb n\u00eb nj\u00eb qend\u00ebr votimi. As vet\u00eb komisioneri nuk ka votuar partin\u00eb e tij 7 Mars 2022 N\u00eb 30 vite, ish Partia Demokratike e Bashes n\u00eb Shkod\u00ebr nuk merr qoft\u00eb edhe nj\u00eb vot\u00eb t\u00eb vetme n\u00eb nj\u00eb qend\u00ebr votimi. Fjala \u00ebsht\u00eb p\u00ebr qendr\u00ebn\u2026","rel":"","context":"In &quot;Blogu i Udh\u00ebtarit&quot;","block_context":{"text":"Blogu i Udh\u00ebtarit","link":"https:\/\/www.shqiperia.com\/blog\/category\/blogu-i-udhetarit\/"},"img":{"alt_text":"","src":"https:\/\/i0.wp.com\/www.shqiperia.com\/blog\/wp-content\/uploads\/2022\/03\/auto_7EC5FAB9-F45B-4793-BC13-ABE9F61A148B1646524284.jpeg?fit=900%2C481&ssl=1&resize=350%2C200","width":350,"height":200,"srcset":"https:\/\/i0.wp.com\/www.shqiperia.com\/blog\/wp-content\/uploads\/2022\/03\/auto_7EC5FAB9-F45B-4793-BC13-ABE9F61A148B1646524284.jpeg?fit=900%2C481&ssl=1&resize=350%2C200 1x, https:\/\/i0.wp.com\/www.shqiperia.com\/blog\/wp-content\/uploads\/2022\/03\/auto_7EC5FAB9-F45B-4793-BC13-ABE9F61A148B1646524284.jpeg?fit=900%2C481&ssl=1&resize=525%2C300 1.5x, https:\/\/i0.wp.com\/www.shqiperia.com\/blog\/wp-content\/uploads\/2022\/03\/auto_7EC5FAB9-F45B-4793-BC13-ABE9F61A148B1646524284.jpeg?fit=900%2C481&ssl=1&resize=700%2C400 2x"},"classes":[]},{"id":22590,"url":"https:\/\/www.shqiperia.com\/blog\/e-pazakonte-ne-kete-qender-votimi-ka-votuar-vetem-nje-person\/","url_meta":{"origin":36644,"position":3},"title":"E pazakont\u00eb! N\u00eb k\u00ebt\u00eb qend\u00ebr votimi ka votuar vet\u00ebm nj\u00eb person. &#8211;","author":"Kurt Farka","date":"June 30, 2019","format":false,"excerpt":"E pazakont\u00eb! N\u00eb k\u00ebt\u00eb qend\u00ebr votimi ka votuar vet\u00ebm nj\u00eb person. - 30 qershor 2019 Teksa deri me tani flitet per nje pjesemarrje te ulet ne votime, befasia vjen nga fshati Ngra\u00e7ie n\u00eb Mallkast\u00ebr. Deri ne mesdite ne kete qender votimi ka votuar vetem nje person. Komisioner\u00ebt kane pohuar se\u2026","rel":"","context":"In &quot;Njoftime Shtypi&quot;","block_context":{"text":"Njoftime Shtypi","link":"https:\/\/www.shqiperia.com\/blog\/category\/njoftime-shtypi\/"},"img":{"alt_text":"","src":"https:\/\/i0.wp.com\/www.shqiperia.com\/blog\/wp-content\/uploads\/2019\/06\/mallakaster.jpg?fit=800%2C450&ssl=1&resize=350%2C200","width":350,"height":200,"srcset":"https:\/\/i0.wp.com\/www.shqiperia.com\/blog\/wp-content\/uploads\/2019\/06\/mallakaster.jpg?fit=800%2C450&ssl=1&resize=350%2C200 1x, https:\/\/i0.wp.com\/www.shqiperia.com\/blog\/wp-content\/uploads\/2019\/06\/mallakaster.jpg?fit=800%2C450&ssl=1&resize=525%2C300 1.5x, https:\/\/i0.wp.com\/www.shqiperia.com\/blog\/wp-content\/uploads\/2019\/06\/mallakaster.jpg?fit=800%2C450&ssl=1&resize=700%2C400 2x"},"classes":[]},{"id":58593,"url":"https:\/\/www.shqiperia.com\/blog\/bajram-begaj-president-me-78-vota-pro-e-voton-ps-dhe-psd-por-dhe-nje-deputet-i-opozites\/","url_meta":{"origin":36644,"position":4},"title":"Bajram Begaj President me 78 vota pro. &#8211; E voton PS dhe PSD, por dhe nj\u00eb deputet i opozit\u00ebs","author":"Kurt Farka","date":"June 4, 2022","format":false,"excerpt":"4 QERSHOR 2022 Bajram Begaj u zgjodh dit\u00ebn e sotme zyrtarisht nga Parlamenti si President i vendit. Nga 83 deputet\u00eb q\u00eb kan\u00eb marr\u00eb pjes\u00eb n\u00eb votim, 78 kan\u00eb votuar pro, kat\u00ebr kund\u00ebr dhe nj\u00eb abstenim. Duket se nga votimi, ka qen\u00eb dhe nj\u00eb deputet i opozit\u00ebs q\u00eb ka mb\u00ebshtetur Begajn,\u2026","rel":"","context":"In &quot;Blogu i Udh\u00ebtarit&quot;","block_context":{"text":"Blogu i Udh\u00ebtarit","link":"https:\/\/www.shqiperia.com\/blog\/category\/blogu-i-udhetarit\/"},"img":{"alt_text":"","src":"https:\/\/i0.wp.com\/www.shqiperia.com\/blog\/wp-content\/uploads\/2022\/06\/640-0-629b936670128.jpeg?fit=432%2C274&ssl=1&resize=350%2C200","width":350,"height":200},"classes":[]},{"id":47923,"url":"https:\/\/www.shqiperia.com\/blog\/gramoz-ruci-perfaqeson-pjesen-me-te-erret-te-politikes-gazetari-perplaset-me-analistin-e-njohur-berisha-ka-qene-doktor-i\/","url_meta":{"origin":36644,"position":5},"title":"\u201cGramoz Ru\u00e7i p\u00ebrfaq\u00ebson pjes\u00ebn m\u00eb t\u00eb err\u00ebt t\u00eb politik\u00ebs\u201d, gazetari p\u00ebrplaset me analistin e njohur: Berisha ka qen\u00eb doktor i&#8230;","author":"Kurt Farka","date":"June 15, 2021","format":false,"excerpt":"\u201cGramoz Ru\u00e7i p\u00ebrfaq\u00ebson pjes\u00ebn m\u00eb t\u00eb err\u00ebt t\u00eb politik\u00ebs\u201d, gazetari p\u00ebrplaset me analistin e njohur: Berisha ka qen\u00eb doktor i... 15 QERSHOR 2021 \u00cbsht\u00eb shoq\u00ebruar me debate mes Vehap Kol\u00ebs dhe Aristir Lumezit analiza n\u00eb lidhje me largimin e Gramoz Ru\u00e7it nga politika. Shkak p\u00ebr k\u00ebt\u00eb u b\u00eb nj\u00eb etiketim\u2026","rel":"","context":"In &quot;Blogu i Udh\u00ebtarit&quot;","block_context":{"text":"Blogu i Udh\u00ebtarit","link":"https:\/\/www.shqiperia.com\/blog\/category\/blogu-i-udhetarit\/"},"img":{"alt_text":"","src":"https:\/\/i0.wp.com\/www.shqiperia.com\/blog\/wp-content\/uploads\/2021\/06\/800-0-60c876e356f7d.jpg?fit=800%2C451&ssl=1&resize=350%2C200","width":350,"height":200,"srcset":"https:\/\/i0.wp.com\/www.shqiperia.com\/blog\/wp-content\/uploads\/2021\/06\/800-0-60c876e356f7d.jpg?fit=800%2C451&ssl=1&resize=350%2C200 1x, https:\/\/i0.wp.com\/www.shqiperia.com\/blog\/wp-content\/uploads\/2021\/06\/800-0-60c876e356f7d.jpg?fit=800%2C451&ssl=1&resize=525%2C300 1.5x, https:\/\/i0.wp.com\/www.shqiperia.com\/blog\/wp-content\/uploads\/2021\/06\/800-0-60c876e356f7d.jpg?fit=800%2C451&ssl=1&resize=700%2C400 2x"},"classes":[]}],"_links":{"self":[{"href":"https:\/\/www.shqiperia.com\/blog\/wp-json\/wp\/v2\/posts\/36644","targetHints":{"allow":["GET"]}}],"collection":[{"href":"https:\/\/www.shqiperia.com\/blog\/wp-json\/wp\/v2\/posts"}],"about":[{"href":"https:\/\/www.shqiperia.com\/blog\/wp-json\/wp\/v2\/types\/post"}],"author":[{"embeddable":true,"href":"https:\/\/www.shqiperia.com\/blog\/wp-json\/wp\/v2\/users\/9"}],"replies":[{"embeddable":true,"href":"https:\/\/www.shqiperia.com\/blog\/wp-json\/wp\/v2\/comments?post=36644"}],"version-history":[{"count":1,"href":"https:\/\/www.shqiperia.com\/blog\/wp-json\/wp\/v2\/posts\/36644\/revisions"}],"predecessor-version":[{"id":36646,"href":"https:\/\/www.shqiperia.com\/blog\/wp-json\/wp\/v2\/posts\/36644\/revisions\/36646"}],"wp:featuredmedia":[{"embeddable":true,"href":"https:\/\/www.shqiperia.com\/blog\/wp-json\/wp\/v2\/media\/36645"}],"wp:attachment":[{"href":"https:\/\/www.shqiperia.com\/blog\/wp-json\/wp\/v2\/media?parent=36644"}],"wp:term":[{"taxonomy":"category","embeddable":true,"href":"https:\/\/www.shqiperia.com\/blog\/wp-json\/wp\/v2\/categories?post=36644"},{"taxonomy":"post_tag","embeddable":true,"href":"https:\/\/www.shqiperia.com\/blog\/wp-json\/wp\/v2\/tags?post=36644"}],"curies":[{"name":"wp","href":"https:\/\/api.w.org\/{rel}","templated":true}]}}