{"id":36641,"date":"2020-07-30T07:32:15","date_gmt":"2020-07-30T07:32:15","guid":{"rendered":"https:\/\/www.shqiperia.com\/blog\/?p=36641"},"modified":"2020-07-30T07:32:15","modified_gmt":"2020-07-30T07:32:15","slug":"vendet-me-te-mira-per-degustimin-e-veres-ne-ultesiren-e-trakeve","status":"publish","type":"post","link":"https:\/\/www.shqiperia.com\/blog\/vendet-me-te-mira-per-degustimin-e-veres-ne-ultesiren-e-trakeve\/","title":{"rendered":"Vendet m\u00eb t\u00eb mira p\u00ebr degustimin e ver\u00ebs n\u00eb Ult\u00ebsir\u00ebn e Trak\u00ebve"},"content":{"rendered":"<p><img data-recalc-dims=\"1\" loading=\"lazy\" decoding=\"async\" data-attachment-id=\"36642\" data-permalink=\"https:\/\/www.shqiperia.com\/blog\/vendet-me-te-mira-per-degustimin-e-veres-ne-ultesiren-e-trakeve\/ultesira-e-trakeve\/\" data-orig-file=\"https:\/\/i0.wp.com\/www.shqiperia.com\/blog\/wp-content\/uploads\/2020\/07\/Ultesira-e-Trakeve.jpg?fit=872%2C411&amp;ssl=1\" data-orig-size=\"872,411\" data-comments-opened=\"1\" data-image-meta=\"{&quot;aperture&quot;:&quot;0&quot;,&quot;credit&quot;:&quot;&quot;,&quot;camera&quot;:&quot;&quot;,&quot;caption&quot;:&quot;&quot;,&quot;created_timestamp&quot;:&quot;0&quot;,&quot;copyright&quot;:&quot;&quot;,&quot;focal_length&quot;:&quot;0&quot;,&quot;iso&quot;:&quot;0&quot;,&quot;shutter_speed&quot;:&quot;0&quot;,&quot;title&quot;:&quot;&quot;,&quot;orientation&quot;:&quot;0&quot;}\" data-image-title=\"Ultesira e Trakeve\" data-image-description=\"\" data-image-caption=\"\" data-medium-file=\"https:\/\/i0.wp.com\/www.shqiperia.com\/blog\/wp-content\/uploads\/2020\/07\/Ultesira-e-Trakeve.jpg?fit=300%2C141&amp;ssl=1\" data-large-file=\"https:\/\/i0.wp.com\/www.shqiperia.com\/blog\/wp-content\/uploads\/2020\/07\/Ultesira-e-Trakeve.jpg?fit=872%2C411&amp;ssl=1\" class=\"alignnone  wp-image-36642\" alt=\"\" src=\"https:\/\/i0.wp.com\/www.shqiperia.com\/blog\/wp-content\/uploads\/2020\/07\/Ultesira-e-Trakeve.jpg?resize=591%2C278&#038;ssl=1\" width=\"591\" height=\"278\" srcset=\"https:\/\/i0.wp.com\/www.shqiperia.com\/blog\/wp-content\/uploads\/2020\/07\/Ultesira-e-Trakeve.jpg?resize=300%2C141&amp;ssl=1 300w, https:\/\/i0.wp.com\/www.shqiperia.com\/blog\/wp-content\/uploads\/2020\/07\/Ultesira-e-Trakeve.jpg?resize=768%2C362&amp;ssl=1 768w, https:\/\/i0.wp.com\/www.shqiperia.com\/blog\/wp-content\/uploads\/2020\/07\/Ultesira-e-Trakeve.jpg?resize=450%2C212&amp;ssl=1 450w, https:\/\/i0.wp.com\/www.shqiperia.com\/blog\/wp-content\/uploads\/2020\/07\/Ultesira-e-Trakeve.jpg?resize=600%2C283&amp;ssl=1 600w, https:\/\/i0.wp.com\/www.shqiperia.com\/blog\/wp-content\/uploads\/2020\/07\/Ultesira-e-Trakeve.jpg?resize=400%2C189&amp;ssl=1 400w, https:\/\/i0.wp.com\/www.shqiperia.com\/blog\/wp-content\/uploads\/2020\/07\/Ultesira-e-Trakeve.jpg?w=872&amp;ssl=1 872w\" sizes=\"auto, (max-width: 591px) 100vw, 591px\" \/><\/p>\n<p>Vendet m\u00eb t\u00eb mira p\u00ebr degustimin e ver\u00ebs n\u00eb Ult\u00ebsir\u00ebn e Trak\u00ebve<\/p>\n<p>Nj\u00eb hart\u00eb interaktive tregon mund\u00ebsit\u00eb p\u00ebr turiz\u00ebm me degustimin e ver\u00ebs n\u00eb kantinat e hapura n\u00eb Ult\u00ebsir\u00ebn e Trak\u00ebve. Jan\u00eb p\u00ebrfshir\u00eb 50 kantina, t\u00eb cilat ndodhen n\u00eb 6 qarqe t\u00eb vendit \u2013 Plovdiv, Pazarxhik, Haskovo, Stara Zagora, Jamboll dhe Sliven. Ky lloj turizmi dhe trash\u00ebgimia kulturore dhe historike jan\u00eb emblema e rajonit t\u00eb Trakis\u00eb. Mund t\u00eb gjeni hart\u00ebn n\u00eb sajtin e Organizat\u00ebs p\u00ebr Administrimin e Rajonit Turistik t\u00eb Trakis\u00eb\u00a0<a href=\"https:\/\/trakiatour.com\/%D0%B2%D0%B8%D0%BD%D0%BE-%D0%B8-%D1%85%D1%80%D0%B0%D0%BD%D0%B0\">k\u00ebtu<\/a>, apo ta shikoni vet\u00eb, n\u00eb se vizitoni ngjarjen e organizuar m\u00eb 27 dhe 28 qershor n\u00eb Plovdivin e Vjet\u00ebr \u201cVera dhe Gourmet\u201d.<\/p>\n<p>V.O: shkrim i huazuar nga shtypi bullgar.<\/p>\n","protected":false},"excerpt":{"rendered":"<p>Vendet m\u00eb t\u00eb mira p\u00ebr degustimin e ver\u00ebs n\u00eb Ult\u00ebsir\u00ebn e Trak\u00ebve Nj\u00eb hart\u00eb interaktive tregon mund\u00ebsit\u00eb p\u00ebr turiz\u00ebm me degustimin e ver\u00ebs n\u00eb kantinat e hapura n\u00eb Ult\u00ebsir\u00ebn e Trak\u00ebve. Jan\u00eb p\u00ebrfshir\u00eb 50 kantina, t\u00eb cilat ndodhen n\u00eb 6 qarqe t\u00eb vendit \u2013 Plovdiv, Pazarxhik, Haskovo, Stara Zagora, Jamboll dhe Sliven. Ky lloj turizmi [&hellip;]<\/p>\n","protected":false},"author":9,"featured_media":36642,"comment_status":"open","ping_status":"open","sticky":false,"template":"","format":"standard","meta":{"jetpack_post_was_ever_published":false,"_jetpack_newsletter_access":"","_jetpack_dont_email_post_to_subs":false,"_jetpack_newsletter_tier_id":0,"_jetpack_memberships_contains_paywalled_content":false,"_jetpack_memberships_contains_paid_content":false,"footnotes":"","jetpack_publicize_message":"","jetpack_publicize_feature_enabled":true,"jetpack_social_post_already_shared":true,"jetpack_social_options":{"image_generator_settings":{"template":"highway","default_image_id":0,"font":"","enabled":false},"version":2}},"categories":[27,10,86],"tags":[],"class_list":["post-36641","post","type-post","status-publish","format-standard","has-post-thumbnail","hentry","category-blogu-i-udhetarit","category-kultura","category-trashegimi-kulturore"],"jetpack_publicize_connections":[],"jetpack_featured_media_url":"https:\/\/i0.wp.com\/www.shqiperia.com\/blog\/wp-content\/uploads\/2020\/07\/Ultesira-e-Trakeve.jpg?fit=872%2C411&ssl=1","jetpack_sharing_enabled":true,"jetpack_shortlink":"https:\/\/wp.me\/p5Z6wp-9wZ","jetpack-related-posts":[{"id":48892,"url":"https:\/\/www.shqiperia.com\/blog\/bullgari-provat-arkeologjike-gjithnje-e-me-shume-tregojne-se-kemi-gjene-te-perbashketa-me-traket\/","url_meta":{"origin":36641,"position":0},"title":"Bullgari: &#8211; Provat arkeologjike gjithnj\u00eb e m\u00eb shum\u00eb tregojn\u00eb se kemi gjene t\u00eb p\u00ebrbashk\u00ebta me trak\u00ebt.","author":"Kurt Farka","date":"August 6, 2021","format":false,"excerpt":"Bullgari: - Provat arkeologjike gjithnj\u00eb e m\u00eb shum\u00eb tregojn\u00eb se kemi gjene t\u00eb p\u00ebrbashk\u00ebta me trak\u00ebt. 21-06-25 P\u00ebr vitin e n\u00ebnt\u00eb me radh\u00eb Plovdiv (Bullgaria Jugore) p\u00ebrs\u00ebri \u00ebsht\u00eb mikprit\u00ebs i festivalit nd\u00ebrkomb\u00ebtar \"Dit\u00ebt e Kultur\u00ebs s\u00eb Trak\u00ebve\", i cili do t\u00eb zgjas\u00eb deri m\u00eb 29 qershor. Qyteti \u00ebsht\u00eb qendra gjeografike\u2026","rel":"","context":"In &quot;Histori&quot;","block_context":{"text":"Histori","link":"https:\/\/www.shqiperia.com\/blog\/category\/histori\/"},"img":{"alt_text":"","src":"https:\/\/i0.wp.com\/www.shqiperia.com\/blog\/wp-content\/uploads\/2021\/08\/3e17b9d6b87472260ad72221c2d3bab3.jpg?fit=925%2C520&ssl=1&resize=350%2C200","width":350,"height":200,"srcset":"https:\/\/i0.wp.com\/www.shqiperia.com\/blog\/wp-content\/uploads\/2021\/08\/3e17b9d6b87472260ad72221c2d3bab3.jpg?fit=925%2C520&ssl=1&resize=350%2C200 1x, https:\/\/i0.wp.com\/www.shqiperia.com\/blog\/wp-content\/uploads\/2021\/08\/3e17b9d6b87472260ad72221c2d3bab3.jpg?fit=925%2C520&ssl=1&resize=525%2C300 1.5x, https:\/\/i0.wp.com\/www.shqiperia.com\/blog\/wp-content\/uploads\/2021\/08\/3e17b9d6b87472260ad72221c2d3bab3.jpg?fit=925%2C520&ssl=1&resize=700%2C400 2x"},"classes":[]},{"id":83378,"url":"https:\/\/www.shqiperia.com\/blog\/bullgari-bota-e-trakeve-eshte-nje-park-per-adhuruesit-e-trashegimise-antike\/","url_meta":{"origin":36641,"position":1},"title":"Bullgari: &#8211; &#8220;Bota e Trak\u00ebve&#8221; \u00ebsht\u00eb nj\u00eb park p\u00ebr adhuruesit e trash\u00ebgimis\u00eb antike","author":"Kurt Farka","date":"August 8, 2024","format":false,"excerpt":"8 Gusht 2024 N\u00eb Lugin\u00ebn e Mbret\u00ebrve t\u00eb Trakis\u00eb, n\u00ebn fshatin Shipka, ku ndodhen varret m\u00eb t\u00eb r\u00ebnd\u00ebsishme t\u00eb sundimtar\u00ebve t\u00eb\u00a0shtetit t\u00eb odriseve, Bashkia Kazanll\u00ebk hapi parkun tematik \"Bota e Trak\u00ebve\". Qendra turistike u ofron adhuruesve t\u00eb historis\u00eb dhe arkeologjis\u00eb eksperienca t\u00eb reja. Nj\u00eb vend qendror z\u00eb nj\u00eb model tredimensional\u2026","rel":"","context":"In &quot;Blogu i Udh\u00ebtarit&quot;","block_context":{"text":"Blogu i Udh\u00ebtarit","link":"https:\/\/www.shqiperia.com\/blog\/category\/blogu-i-udhetarit\/"},"img":{"alt_text":"","src":"https:\/\/i0.wp.com\/www.shqiperia.com\/blog\/wp-content\/uploads\/2024\/08\/6e6fbf6c524d1fb91657e544a3d249f4.jpg?fit=1067%2C614&ssl=1&resize=350%2C200","width":350,"height":200,"srcset":"https:\/\/i0.wp.com\/www.shqiperia.com\/blog\/wp-content\/uploads\/2024\/08\/6e6fbf6c524d1fb91657e544a3d249f4.jpg?fit=1067%2C614&ssl=1&resize=350%2C200 1x, https:\/\/i0.wp.com\/www.shqiperia.com\/blog\/wp-content\/uploads\/2024\/08\/6e6fbf6c524d1fb91657e544a3d249f4.jpg?fit=1067%2C614&ssl=1&resize=525%2C300 1.5x, https:\/\/i0.wp.com\/www.shqiperia.com\/blog\/wp-content\/uploads\/2024\/08\/6e6fbf6c524d1fb91657e544a3d249f4.jpg?fit=1067%2C614&ssl=1&resize=700%2C400 2x, https:\/\/i0.wp.com\/www.shqiperia.com\/blog\/wp-content\/uploads\/2024\/08\/6e6fbf6c524d1fb91657e544a3d249f4.jpg?fit=1067%2C614&ssl=1&resize=1050%2C600 3x"},"classes":[]},{"id":36491,"url":"https:\/\/www.shqiperia.com\/blog\/kete-lajm-nuk-duhet-ta-lexoje-ministria-e-kultures-tirane-dite-te-kultures-trake-2020-ne-qytetin-pllovdiv-bullgari\/","url_meta":{"origin":36641,"position":2},"title":"Kete lajm nuk duhet ta lexoje Ministria e Kultures &#8211; Tirane.  Dit\u00eb t\u00eb Kultur\u00ebs Trake 2020 n\u00eb qytetin Pllovdiv, Bullgari","author":"Kurt Farka","date":"July 26, 2020","format":false,"excerpt":"Kete lajm nuk duhet ta lexoje Ministria e Kultures - Tirane. Dit\u00eb t\u00eb Kultur\u00ebs Trake 2020 n\u00eb qytetin Pllovdiv, Bullgari 26 korrik 2020 \u00a0 Festivali Nd\u00ebrkomb\u00ebtar \u201cDit\u00eb t\u00eb Kultur\u00ebs Trake\u201d u mbahjt n\u00eb qytetin Pllovdiv m\u00eb 30 qershor t\u00eb k\u00ebtij viti. N\u00eb program p\u00ebrfshihen koncerte, konferenc\u00eb shkencore, ekspozita kushtuara Trakis\u00eb\u2026","rel":"","context":"In &quot;Histori&quot;","block_context":{"text":"Histori","link":"https:\/\/www.shqiperia.com\/blog\/category\/histori\/"},"img":{"alt_text":"","src":"https:\/\/i0.wp.com\/www.shqiperia.com\/blog\/wp-content\/uploads\/2020\/07\/f70bcbdd111a2fe03074f57b57e0830a.jpg?fit=773%2C390&ssl=1&resize=350%2C200","width":350,"height":200,"srcset":"https:\/\/i0.wp.com\/www.shqiperia.com\/blog\/wp-content\/uploads\/2020\/07\/f70bcbdd111a2fe03074f57b57e0830a.jpg?fit=773%2C390&ssl=1&resize=350%2C200 1x, https:\/\/i0.wp.com\/www.shqiperia.com\/blog\/wp-content\/uploads\/2020\/07\/f70bcbdd111a2fe03074f57b57e0830a.jpg?fit=773%2C390&ssl=1&resize=525%2C300 1.5x, https:\/\/i0.wp.com\/www.shqiperia.com\/blog\/wp-content\/uploads\/2020\/07\/f70bcbdd111a2fe03074f57b57e0830a.jpg?fit=773%2C390&ssl=1&resize=700%2C400 2x"},"classes":[]},{"id":39381,"url":"https:\/\/www.shqiperia.com\/blog\/arkeologji-zbulohet-nje-disk-diellor-3-500-vjecar-i-perket-trakeve\/","url_meta":{"origin":36641,"position":3},"title":"Arkeologji: -Zbulohet nj\u00eb disk diellor 3 500-vje\u00e7ar. I perket Trakeve.","author":"Kurt Farka","date":"October 8, 2020","format":false,"excerpt":"Arkeologji: -Zbulohet nj\u00eb disk diellor 3 500-vje\u00e7ar. I perket Trakeve. 28 Shtator, 2020 Arkeolog\u00ebt kan\u00eb zbuluar nj\u00eb disk diellor n\u00eb Turqin\u00eb veriper\u00ebndimore, n\u00eb nj\u00eb altar shk\u00ebmbor n\u00eb vendbanimet antike trake, njoftuan burimet. \u201cAltari i zbuluar n\u00eb Edirne daton 3 500 vjet m\u00eb par\u00eb\u201d, tha Engin Beksac, kreu i Departamentit t\u00eb\u2026","rel":"","context":"In &quot;Kultura&quot;","block_context":{"text":"Kultura","link":"https:\/\/www.shqiperia.com\/blog\/category\/kultura\/"},"img":{"alt_text":"","src":"https:\/\/i0.wp.com\/www.shqiperia.com\/blog\/wp-content\/uploads\/2020\/10\/disk-696x392-1.jpg?fit=696%2C392&ssl=1&resize=350%2C200","width":350,"height":200,"srcset":"https:\/\/i0.wp.com\/www.shqiperia.com\/blog\/wp-content\/uploads\/2020\/10\/disk-696x392-1.jpg?fit=696%2C392&ssl=1&resize=350%2C200 1x, https:\/\/i0.wp.com\/www.shqiperia.com\/blog\/wp-content\/uploads\/2020\/10\/disk-696x392-1.jpg?fit=696%2C392&ssl=1&resize=525%2C300 1.5x"},"classes":[]},{"id":66366,"url":"https:\/\/www.shqiperia.com\/blog\/japonezet-po-xhirojne-nje-dokumentar-per-qyteterimin-trak\/","url_meta":{"origin":36641,"position":4},"title":"Japonez\u00ebt po xhirojn\u00eb nj\u00eb dokumentar p\u00ebr qytet\u00ebrimin trak","author":"Kurt Farka","date":"January 16, 2023","format":false,"excerpt":"16 Janar 2023 Nj\u00eb nga televizionet kryesore japoneze, TBS, po xhiron nj\u00eb film n\u00eb Bullgari p\u00ebr historin\u00eb e trak\u00ebve dhe ver\u00ebn e shenjt\u00eb. Ekipi punon n\u00eb Perperikon dhe n\u00eb Lugin\u00ebn e Mbret\u00ebrve Trak\u00eb pran\u00eb qytetit Kazanll\u00ebk. Filmi 50-minut\u00ebsh do t\u00eb transmetohet n\u00eb rubrik\u00ebn m\u00eb t\u00eb ndjekur p\u00ebr mrekullit\u00eb dhe misteret\u2026","rel":"","context":"In &quot;Blogu i Udh\u00ebtarit&quot;","block_context":{"text":"Blogu i Udh\u00ebtarit","link":"https:\/\/www.shqiperia.com\/blog\/category\/blogu-i-udhetarit\/"},"img":{"alt_text":"","src":"https:\/\/i0.wp.com\/www.shqiperia.com\/blog\/wp-content\/uploads\/2023\/01\/a630b7c05626a8ad744c1b0fa616486a.jpg?fit=850%2C478&ssl=1&resize=350%2C200","width":350,"height":200,"srcset":"https:\/\/i0.wp.com\/www.shqiperia.com\/blog\/wp-content\/uploads\/2023\/01\/a630b7c05626a8ad744c1b0fa616486a.jpg?fit=850%2C478&ssl=1&resize=350%2C200 1x, https:\/\/i0.wp.com\/www.shqiperia.com\/blog\/wp-content\/uploads\/2023\/01\/a630b7c05626a8ad744c1b0fa616486a.jpg?fit=850%2C478&ssl=1&resize=525%2C300 1.5x, https:\/\/i0.wp.com\/www.shqiperia.com\/blog\/wp-content\/uploads\/2023\/01\/a630b7c05626a8ad744c1b0fa616486a.jpg?fit=850%2C478&ssl=1&resize=700%2C400 2x"},"classes":[]},{"id":96047,"url":"https:\/\/www.shqiperia.com\/blog\/acari-pritet-te-pushtoje-vendin-sinoptikani-jep-lajmin-e-papritur-ja-cfare-do-ndodh-ditet-e-vitit-te-ri\/","url_meta":{"origin":36641,"position":5},"title":"\u201cAcari pritet t\u00eb pushtoj\u00eb vendin\u2026\u201d\/ Sinoptikani jep lajmin e papritur, ja \u00e7far\u00eb do ndodh dit\u00ebt e Vitit t\u00eb Ri","author":"Kurt Farka","date":"December 26, 2025","format":false,"excerpt":"26 Dhjetor 2025 Sinoptikani ka dh\u00ebn\u00eb lajmin e keq sa i p\u00ebrket nd\u00ebrrimit t\u00eb viteve, teksa tha se vendi yn\u00eb do t\u00eb \u201cpushtohet\u201d nga moti i acart\u00eb. P\u00ebr k\u00ebt\u00eb fundjav\u00eb, sinoptikani ka deklaruar se moti do t\u00eb jet\u00eb i kthjell\u00ebt por temperaturat, priten q\u00eb t\u00eb jen\u00eb t\u00eb ulta dhe vlerat\u2026","rel":"","context":"In &quot;Blogu i Udh\u00ebtarit&quot;","block_context":{"text":"Blogu i Udh\u00ebtarit","link":"https:\/\/www.shqiperia.com\/blog\/category\/blogu-i-udhetarit\/"},"img":{"alt_text":"","src":"https:\/\/i0.wp.com\/www.shqiperia.com\/blog\/wp-content\/uploads\/2025\/12\/image-225-4.webp?fit=659%2C389&ssl=1&resize=350%2C200","width":350,"height":200,"srcset":"https:\/\/i0.wp.com\/www.shqiperia.com\/blog\/wp-content\/uploads\/2025\/12\/image-225-4.webp?fit=659%2C389&ssl=1&resize=350%2C200 1x, https:\/\/i0.wp.com\/www.shqiperia.com\/blog\/wp-content\/uploads\/2025\/12\/image-225-4.webp?fit=659%2C389&ssl=1&resize=525%2C300 1.5x"},"classes":[]}],"_links":{"self":[{"href":"https:\/\/www.shqiperia.com\/blog\/wp-json\/wp\/v2\/posts\/36641","targetHints":{"allow":["GET"]}}],"collection":[{"href":"https:\/\/www.shqiperia.com\/blog\/wp-json\/wp\/v2\/posts"}],"about":[{"href":"https:\/\/www.shqiperia.com\/blog\/wp-json\/wp\/v2\/types\/post"}],"author":[{"embeddable":true,"href":"https:\/\/www.shqiperia.com\/blog\/wp-json\/wp\/v2\/users\/9"}],"replies":[{"embeddable":true,"href":"https:\/\/www.shqiperia.com\/blog\/wp-json\/wp\/v2\/comments?post=36641"}],"version-history":[{"count":1,"href":"https:\/\/www.shqiperia.com\/blog\/wp-json\/wp\/v2\/posts\/36641\/revisions"}],"predecessor-version":[{"id":36643,"href":"https:\/\/www.shqiperia.com\/blog\/wp-json\/wp\/v2\/posts\/36641\/revisions\/36643"}],"wp:featuredmedia":[{"embeddable":true,"href":"https:\/\/www.shqiperia.com\/blog\/wp-json\/wp\/v2\/media\/36642"}],"wp:attachment":[{"href":"https:\/\/www.shqiperia.com\/blog\/wp-json\/wp\/v2\/media?parent=36641"}],"wp:term":[{"taxonomy":"category","embeddable":true,"href":"https:\/\/www.shqiperia.com\/blog\/wp-json\/wp\/v2\/categories?post=36641"},{"taxonomy":"post_tag","embeddable":true,"href":"https:\/\/www.shqiperia.com\/blog\/wp-json\/wp\/v2\/tags?post=36641"}],"curies":[{"name":"wp","href":"https:\/\/api.w.org\/{rel}","templated":true}]}}