{"id":36638,"date":"2020-07-30T07:11:58","date_gmt":"2020-07-30T07:11:58","guid":{"rendered":"https:\/\/www.shqiperia.com\/blog\/?p=36638"},"modified":"2020-07-30T07:11:58","modified_gmt":"2020-07-30T07:11:58","slug":"opozita-e-bashkuar-thirrje-ps-se-respektoni-marreveshjen-e-5-qershorit","status":"publish","type":"post","link":"https:\/\/www.shqiperia.com\/blog\/opozita-e-bashkuar-thirrje-ps-se-respektoni-marreveshjen-e-5-qershorit\/","title":{"rendered":"Opozita e bashkuar thirrje PS-s\u00eb: Respektoni marr\u00ebveshjen e 5 qershorit"},"content":{"rendered":"<p><img data-recalc-dims=\"1\" loading=\"lazy\" decoding=\"async\" data-attachment-id=\"36639\" data-permalink=\"https:\/\/www.shqiperia.com\/blog\/opozita-e-bashkuar-thirrje-ps-se-respektoni-marreveshjen-e-5-qershorit\/640-0-5f22702acd5d9\/\" data-orig-file=\"https:\/\/i0.wp.com\/www.shqiperia.com\/blog\/wp-content\/uploads\/2020\/07\/640-0-5f22702acd5d9.jpg?fit=640%2C361&amp;ssl=1\" data-orig-size=\"640,361\" data-comments-opened=\"1\" data-image-meta=\"{&quot;aperture&quot;:&quot;0&quot;,&quot;credit&quot;:&quot;&quot;,&quot;camera&quot;:&quot;&quot;,&quot;caption&quot;:&quot;&quot;,&quot;created_timestamp&quot;:&quot;0&quot;,&quot;copyright&quot;:&quot;&quot;,&quot;focal_length&quot;:&quot;0&quot;,&quot;iso&quot;:&quot;0&quot;,&quot;shutter_speed&quot;:&quot;0&quot;,&quot;title&quot;:&quot;&quot;,&quot;orientation&quot;:&quot;0&quot;}\" data-image-title=\"-640-0-5f22702acd5d9\" data-image-description=\"\" data-image-caption=\"\" data-medium-file=\"https:\/\/i0.wp.com\/www.shqiperia.com\/blog\/wp-content\/uploads\/2020\/07\/640-0-5f22702acd5d9.jpg?fit=300%2C169&amp;ssl=1\" data-large-file=\"https:\/\/i0.wp.com\/www.shqiperia.com\/blog\/wp-content\/uploads\/2020\/07\/640-0-5f22702acd5d9.jpg?fit=640%2C361&amp;ssl=1\" class=\"alignnone  wp-image-36639\" alt=\"\" src=\"https:\/\/i0.wp.com\/www.shqiperia.com\/blog\/wp-content\/uploads\/2020\/07\/640-0-5f22702acd5d9.jpg?resize=501%2C282&#038;ssl=1\" width=\"501\" height=\"282\" srcset=\"https:\/\/i0.wp.com\/www.shqiperia.com\/blog\/wp-content\/uploads\/2020\/07\/640-0-5f22702acd5d9.jpg?resize=300%2C169&amp;ssl=1 300w, https:\/\/i0.wp.com\/www.shqiperia.com\/blog\/wp-content\/uploads\/2020\/07\/640-0-5f22702acd5d9.jpg?resize=450%2C254&amp;ssl=1 450w, https:\/\/i0.wp.com\/www.shqiperia.com\/blog\/wp-content\/uploads\/2020\/07\/640-0-5f22702acd5d9.jpg?resize=600%2C338&amp;ssl=1 600w, https:\/\/i0.wp.com\/www.shqiperia.com\/blog\/wp-content\/uploads\/2020\/07\/640-0-5f22702acd5d9.jpg?resize=400%2C226&amp;ssl=1 400w, https:\/\/i0.wp.com\/www.shqiperia.com\/blog\/wp-content\/uploads\/2020\/07\/640-0-5f22702acd5d9.jpg?w=640&amp;ssl=1 640w\" sizes=\"auto, (max-width: 501px) 100vw, 501px\" \/><\/p>\n<p><strong>Opozita e bashkuar thirrje PS-s\u00eb: Respektoni marr\u00ebveshjen e 5 qershorit<\/strong><\/p>\n<p>30 KORRIK 2020<\/p>\n<p>Opozita e Bashkuar i ka b\u00ebr\u00eb apel Partis\u00eb Socialiste q\u00eb t\u00eb heq\u00eb dor\u00eb nga ndryshimet e nj\u00ebanshme kushtetuese dhe e fton t\u00eb vijojn\u00eb dialogun n\u00eb K\u00ebshillin Politik.<\/p>\n<p>N\u00eb nj\u00eb deklarat\u00eb, Opozita e Bashkuar thekson se ndryshimet e nj\u00ebanshme kushtetuese nuk jan\u00eb te detyrueshme p\u00ebr t\u00eb prandaj PS duhet t\u2019i q\u00ebndroj\u00eb konsensusit dhe marr\u00ebveshjes s\u00eb p\u00ebrbashk\u00ebt t\u00eb 5 qershorit.<\/p>\n<p>Opozita e Bashkuar paralajm\u00ebron se nuk do\u00a0 t\u2019i njoh\u00eb ndryshimet kushtetuese q\u00eb sjellin lista t\u00eb hapura e ndalim t\u00eb koalicioneve. M\u00eb tej theksohet se me k\u00ebto ndryshime t\u00eb nj\u00ebanshme zhb\u00ebhet marr\u00ebveshja e 5 qershorit si dhe konsensusi.<\/p>\n<p><strong>DEKLARATA NGA OPOZITA E BASHKUAR<\/strong><\/p>\n<p>Opozita e Bashkuar d\u00ebnon braktisjen e dialogut n\u00eb K\u00ebshillin Politik nga Partia Socialiste gjat\u00eb mbledhjes s\u00eb djeshme. Pavar\u00ebsisht vullnetit ton\u00eb p\u00ebr t\u00eb vijuar rrug\u00ebn e dialogut dhe shqyrtimit n\u00eb mir\u00ebbesim t\u00eb propozimit ton\u00eb p\u00ebr konsensus, duke i q\u00ebndruar Marr\u00ebveshjeve t\u00eb 5 Qershorit dhe 14 Janarit, Partia Socialiste zgjodhi rrug\u00ebn e braktisjes s\u00eb dialogut dhe t\u00eb ecjes drejt akteve t\u00eb nj\u00ebanshme q\u00eb dhunojn\u00eb k\u00ebto marr\u00ebveshje politike t\u00eb n\u00ebnshkruara mes pal\u00ebve.<\/p>\n<p>Opozita edhe n\u00eb mbledhjen e djeshme tregoi p\u00ebrgjegjshm\u00ebri dhe seriozitet duke paraqitur propozimin konkret t\u00eb kompromisit, p\u00ebr hapjen 100 % t\u00eb listave t\u00eb kandidat\u00ebve. N\u00eb 5 or\u00eb mbledhje, Partia Socialiste nuk dha asnj\u00eb arsye p\u00ebr refuzimin e propozimit ton\u00eb, duke d\u00ebshmuar edhe nj\u00ebher\u00eb munges\u00eb vullneti p\u00ebr dialog.<\/p>\n<p>Ndryshimet e nj\u00ebanshme kushtetuese shkat\u00ebrrojn\u00eb konsensusin, thyejn\u00eb dhe zhb\u00ebjn\u00eb marr\u00ebveshjet e 5 Qershorit dhe t\u00eb 14 Janarit t\u00eb n\u00ebnshkruara nga vet\u00eb Partia Socialiste, dhe sjellin pasoja t\u00eb r\u00ebnda p\u00ebr stabilitetin, demokracin\u00eb dhe integrimin europian t\u00eb vendit.<\/p>\n<p>Nj\u00ebanshm\u00ebria nuk \u00ebsht\u00eb rruga demokratike p\u00ebr p\u00ebrcaktimin e rregullave t\u00eb zgjedhjeve n\u00eb nj\u00eb vend an\u00ebtar t\u00eb OSBE-s\u00eb. Nj\u00ebanshm\u00ebria \u00ebsht\u00eb rruga e autokrat\u00ebve q\u00eb i kan\u00eb braktisur qytetar\u00ebt dhe kan\u00eb frik\u00eb nga vullneti qytetar. Nj\u00ebanshm\u00ebria nuk \u00ebsht\u00eb n\u00eb interes t\u00eb Shqip\u00ebris\u00eb dhe t\u00eb shqiptar\u00ebve dhe as n\u00eb p\u00ebrputhje me aspirat\u00ebn e qytetar\u00ebve p\u00ebr Shqip\u00ebrin\u00eb n\u00eb Europ\u00eb.<\/p>\n<p>Opozita e Bashkuar \u00ebsht\u00eb e vendosur ti q\u00ebndroj\u00eb me besnik\u00ebri interesit t\u00eb Shqip\u00ebris\u00eb dhe shqiptar\u00ebve. Dialogu politik \u00ebsht\u00eb rruga e vetme p\u00ebr gjetjen e konsensusit. Asnj\u00eb akt i nj\u00ebansh\u00ebm nuk \u00ebsht\u00eb i detyruesh\u00ebm p\u00ebr Opozit\u00ebn dhe aq m\u00eb pak p\u00ebr qytetar\u00ebt.<\/p>\n<p>Opozita e Bashkuar rip\u00ebrs\u00ebrit apelin p\u00ebr Partin\u00eb Socialiste, q\u00eb t\u00eb gjej\u00eb forc\u00eb dhe ti q\u00ebndroj\u00eb Marr\u00ebveshjeve q\u00eb ka n\u00ebnshkruar, duke hequr dor\u00eb nga aktet e nj\u00ebanshme p\u00ebr ndryshimin e Kushtetut\u00ebs dhe duke vijuar dialogun.<\/p>\n<p>Prishja e konsensusit, thyerja dhe zhb\u00ebrja e marr\u00ebveshjeve q\u00eb vet\u00eb ka n\u00ebnshkruar, dhe tentativa p\u00ebr t\u00eb prishur normalitetin e zgjedhjeve t\u00eb ardhshme, jan\u00eb prov\u00eb e qart\u00eb e d\u00ebshp\u00ebrimit nga humbja e pushtetit q\u00eb ka kapur prej koh\u00ebsh lidershipin e Partis\u00eb Socialiste.<\/p>\n<p><strong>(BalkanWeb)<\/strong><\/p>\n","protected":false},"excerpt":{"rendered":"<p>Opozita e bashkuar thirrje PS-s\u00eb: Respektoni marr\u00ebveshjen e 5 qershorit 30 KORRIK 2020 Opozita e Bashkuar i ka b\u00ebr\u00eb apel Partis\u00eb Socialiste q\u00eb t\u00eb heq\u00eb dor\u00eb nga ndryshimet e nj\u00ebanshme kushtetuese dhe e fton t\u00eb vijojn\u00eb dialogun n\u00eb K\u00ebshillin Politik. N\u00eb nj\u00eb deklarat\u00eb, Opozita e Bashkuar thekson se ndryshimet e nj\u00ebanshme kushtetuese nuk jan\u00eb te [&hellip;]<\/p>\n","protected":false},"author":9,"featured_media":36639,"comment_status":"open","ping_status":"open","sticky":false,"template":"","format":"standard","meta":{"jetpack_post_was_ever_published":false,"_jetpack_newsletter_access":"","_jetpack_dont_email_post_to_subs":false,"_jetpack_newsletter_tier_id":0,"_jetpack_memberships_contains_paywalled_content":false,"_jetpack_memberships_contains_paid_content":false,"footnotes":"","jetpack_publicize_message":"","jetpack_publicize_feature_enabled":true,"jetpack_social_post_already_shared":true,"jetpack_social_options":{"image_generator_settings":{"template":"highway","default_image_id":0,"font":"","enabled":false},"version":2}},"categories":[27,1,2],"tags":[],"class_list":["post-36638","post","type-post","status-publish","format-standard","has-post-thumbnail","hentry","category-blogu-i-udhetarit","category-njoftime-shtypi","category-politika"],"jetpack_publicize_connections":[],"jetpack_featured_media_url":"https:\/\/i0.wp.com\/www.shqiperia.com\/blog\/wp-content\/uploads\/2020\/07\/640-0-5f22702acd5d9.jpg?fit=640%2C361&ssl=1","jetpack_sharing_enabled":true,"jetpack_shortlink":"https:\/\/wp.me\/p5Z6wp-9wW","jetpack-related-posts":[{"id":36618,"url":"https:\/\/www.shqiperia.com\/blog\/nje-dite-para-votimit-ne-parlament-te-ndryshimeve-kushtetuese-opozita-ben-levizjen-urgjente-zbardhet-e-mail-dhe-cpritet-ne-oren-1800\/","url_meta":{"origin":36638,"position":0},"title":"Nj\u00eb dit\u00eb para votimit n\u00eb parlament t\u00eb ndryshimeve kushtetuese, opozita b\u00ebn l\u00ebvizjen urgjente, zbardhet e-mail dhe \u00e7\u2019pritet n\u00eb or\u00ebn 18:00","author":"Kurt Farka","date":"July 29, 2020","format":false,"excerpt":"Nj\u00eb dit\u00eb para votimit n\u00eb parlament t\u00eb ndryshimeve kushtetuese, opozita b\u00ebn l\u00ebvizjen urgjente, zbardhet e-mail dhe \u00e7\u2019pritet n\u00eb or\u00ebn 18:00 29 Korrik 2020 Opozita e bashkuar ka k\u00ebrkuar q\u00eb dit\u00ebn e sotme n\u00eb or\u00ebn 18:00 t\u00eb mblidhet K\u00ebshilli Politik pasi \u00ebsht\u00eb pro\u00a0vijimit t\u00eb dialogut, p\u00ebr gjetjen e zgjidhjes nga t\u00eb\u2026","rel":"","context":"In &quot;Blogu i Udh\u00ebtarit&quot;","block_context":{"text":"Blogu i Udh\u00ebtarit","link":"https:\/\/www.shqiperia.com\/blog\/category\/blogu-i-udhetarit\/"},"img":{"alt_text":"","src":"https:\/\/i0.wp.com\/www.shqiperia.com\/blog\/wp-content\/uploads\/2020\/07\/800-0-39ca235056219cd167eda410ee7e39bb.jpeg?fit=800%2C451&ssl=1&resize=350%2C200","width":350,"height":200,"srcset":"https:\/\/i0.wp.com\/www.shqiperia.com\/blog\/wp-content\/uploads\/2020\/07\/800-0-39ca235056219cd167eda410ee7e39bb.jpeg?fit=800%2C451&ssl=1&resize=350%2C200 1x, https:\/\/i0.wp.com\/www.shqiperia.com\/blog\/wp-content\/uploads\/2020\/07\/800-0-39ca235056219cd167eda410ee7e39bb.jpeg?fit=800%2C451&ssl=1&resize=525%2C300 1.5x, https:\/\/i0.wp.com\/www.shqiperia.com\/blog\/wp-content\/uploads\/2020\/07\/800-0-39ca235056219cd167eda410ee7e39bb.jpeg?fit=800%2C451&ssl=1&resize=700%2C400 2x"},"classes":[]},{"id":36461,"url":"https:\/\/www.shqiperia.com\/blog\/i-pranishem-edhe-kryeministri-rama-zbardhen-5-ceshtjet-qe-do-diskutohen-sot-ne-tryezen-e-keshillit-politik\/","url_meta":{"origin":36638,"position":1},"title":"I pranish\u00ebm edhe kryeministri Rama, zbardhen 5 \u00e7\u00ebshtjet q\u00eb do diskutohen sot n\u00eb tryez\u00ebn e K\u00ebshillit Politik","author":"Kurt Farka","date":"July 20, 2020","format":false,"excerpt":"20 KORRIK 2020 K\u00ebshilli Politik do t\u00eb rimblidhet sot n\u00eb or\u00ebn 11:00 p\u00ebr t\u00eb diskutuar mbi ndryshimet kushtetuese q\u00eb iu mbivendos\u00ebn marr\u00ebveshjes s\u00eb 5 qershorit. P\u00ebr her\u00eb t\u00eb par\u00eb, ashtu sikurse \u00ebsht\u00eb njoftuar n\u00eb k\u00ebt\u00eb tryez\u00eb do jet\u00eb i pranish\u00ebm edhe kryeministri Edi Rama, cili do t\u00eb mbroj\u00eb p\u00ebrpara an\u00ebtar\u00ebve\u2026","rel":"","context":"In &quot;Blogu i Udh\u00ebtarit&quot;","block_context":{"text":"Blogu i Udh\u00ebtarit","link":"https:\/\/www.shqiperia.com\/blog\/category\/blogu-i-udhetarit\/"},"img":{"alt_text":"","src":"https:\/\/i0.wp.com\/www.shqiperia.com\/blog\/wp-content\/uploads\/2020\/07\/640-0-5f155bb779273.jpg?fit=640%2C335&ssl=1&resize=350%2C200","width":350,"height":200,"srcset":"https:\/\/i0.wp.com\/www.shqiperia.com\/blog\/wp-content\/uploads\/2020\/07\/640-0-5f155bb779273.jpg?fit=640%2C335&ssl=1&resize=350%2C200 1x, https:\/\/i0.wp.com\/www.shqiperia.com\/blog\/wp-content\/uploads\/2020\/07\/640-0-5f155bb779273.jpg?fit=640%2C335&ssl=1&resize=525%2C300 1.5x"},"classes":[]},{"id":36391,"url":"https:\/\/www.shqiperia.com\/blog\/opozita-pergjigjet-pakti-i-5-qershorit-nuk-ndryshon-te-hapur-per-bisedime-te-tjera\/","url_meta":{"origin":36638,"position":2},"title":"Opozita p\u00ebrgjigjet: Pakti i 5 Qershorit nuk ndryshon, t\u00eb hapur p\u00ebr bisedime t\u00eb tjera\u00a0\u00a0\u00a0\u00a0","author":"Kurt Farka","date":"July 17, 2020","format":false,"excerpt":"- 17\/07\/20 Opozita e bashkuar i \u00ebsht\u00eb p\u00ebrgjigjur ftes\u00ebs s\u00eb Damian Gjiknurit p\u00ebr tu takuar s\u00ebrish n\u00eb K\u00ebshillin Politik. Oerd Bylykbashi dhe Petrit Vasili shprehen n\u00eb letr\u00ebn d\u00ebrguar Gjiknurit, se jan\u00eb dakort q\u00eb t\u00eb takohen m\u00eb 20 ose 21 Korrik, por theksojn\u00eb se marr\u00ebveshja politike e 14 Janari dhe dakord\u00ebsia\u2026","rel":"","context":"In &quot;Njoftime Shtypi&quot;","block_context":{"text":"Njoftime Shtypi","link":"https:\/\/www.shqiperia.com\/blog\/category\/njoftime-shtypi\/"},"img":{"alt_text":"","src":"https:\/\/i0.wp.com\/www.shqiperia.com\/blog\/wp-content\/uploads\/2020\/07\/1200-630-5eda949a13e09.jpg?fit=1200%2C630&ssl=1&resize=350%2C200","width":350,"height":200,"srcset":"https:\/\/i0.wp.com\/www.shqiperia.com\/blog\/wp-content\/uploads\/2020\/07\/1200-630-5eda949a13e09.jpg?fit=1200%2C630&ssl=1&resize=350%2C200 1x, https:\/\/i0.wp.com\/www.shqiperia.com\/blog\/wp-content\/uploads\/2020\/07\/1200-630-5eda949a13e09.jpg?fit=1200%2C630&ssl=1&resize=525%2C300 1.5x, https:\/\/i0.wp.com\/www.shqiperia.com\/blog\/wp-content\/uploads\/2020\/07\/1200-630-5eda949a13e09.jpg?fit=1200%2C630&ssl=1&resize=700%2C400 2x, https:\/\/i0.wp.com\/www.shqiperia.com\/blog\/wp-content\/uploads\/2020\/07\/1200-630-5eda949a13e09.jpg?fit=1200%2C630&ssl=1&resize=1050%2C600 3x"},"classes":[]},{"id":39012,"url":"https:\/\/www.shqiperia.com\/blog\/komisioni-i-ligjeve-miraton-ndryshimet-ne-kodin-zgjedhor-meta-atentat-ndaj-rendit-kushtetues-mbeshtes-listat-e-hapura-100-rilindja-po-mashtro\/","url_meta":{"origin":36638,"position":3},"title":"Komisioni i Ligjeve miraton ndryshimet n\u00eb Kodin Zgjedhor, Meta: Atentat ndaj rendit kushtetues, mb\u00ebshtes listat e hapura 100%, Rilindja po mashtro","author":"Kurt Farka","date":"September 28, 2020","format":false,"excerpt":"Komisioni i Ligjeve ka miratuar n\u00eb parim ndryshimet n\u00eb Kodin Zgjedhor. 28 shtator \u00a02020 Kryetari i Komisionit t\u00eb Ligjeve Ulsi Manja propozoi q\u00eb dy nismat e deputet\u00ebve Murrizi dhe Gjoni dhe t\u00eb gjitha draft amendamentet e Gjiknurit dhe deputet\u00ebve t\u00eb tjer\u00eb t\u00eb bashkohen dhe t\u00eb shqyrtohen n\u00eb nj\u00eb tekst t\u00eb\u2026","rel":"","context":"In &quot;Blogu i Udh\u00ebtarit&quot;","block_context":{"text":"Blogu i Udh\u00ebtarit","link":"https:\/\/www.shqiperia.com\/blog\/category\/blogu-i-udhetarit\/"},"img":{"alt_text":"","src":"https:\/\/i0.wp.com\/www.shqiperia.com\/blog\/wp-content\/uploads\/2020\/09\/ilir-meta-konference3-675x450-1-e1600085711521-905x450-1.jpg?fit=905%2C450&ssl=1&resize=350%2C200","width":350,"height":200,"srcset":"https:\/\/i0.wp.com\/www.shqiperia.com\/blog\/wp-content\/uploads\/2020\/09\/ilir-meta-konference3-675x450-1-e1600085711521-905x450-1.jpg?fit=905%2C450&ssl=1&resize=350%2C200 1x, https:\/\/i0.wp.com\/www.shqiperia.com\/blog\/wp-content\/uploads\/2020\/09\/ilir-meta-konference3-675x450-1-e1600085711521-905x450-1.jpg?fit=905%2C450&ssl=1&resize=525%2C300 1.5x, https:\/\/i0.wp.com\/www.shqiperia.com\/blog\/wp-content\/uploads\/2020\/09\/ilir-meta-konference3-675x450-1-e1600085711521-905x450-1.jpg?fit=905%2C450&ssl=1&resize=700%2C400 2x"},"classes":[]},{"id":22677,"url":"https:\/\/www.shqiperia.com\/blog\/basha-flet-per-raportin-e-osbe-odihr-opozita-doli-me-e-forte-nga-30-qershori-demokratet-ia-deshtuan-rames\/","url_meta":{"origin":36638,"position":4},"title":"Basha flet p\u00ebr raportin e OSBE-ODIHR: Opozita doli m\u00eb e fort\u00eb nga 30 qershori. Demokrat\u00ebt ia d\u00ebshtuan Ram\u00ebs\u2026","author":"Kurt Farka","date":"July 1, 2019","format":false,"excerpt":"Basha flet p\u00ebr raportin e OSBE-ODIHR: Opozita doli m\u00eb e fort\u00eb nga 30 qershori. Demokrat\u00ebt ia d\u00ebshtuan Ram\u00ebs\u2026 \u00a01 korrik2019 Kreu i opozit\u00ebs, Lulzim Basha deklaroi se pas zgjedhjet t\u00eb 30 qershorit, opozita doli m\u00eb e fort\u00eb dhe m\u00eb e bashkuar. Basha tha se gjetjet e OSBE-ODIHR nxorr\u00ebn qart\u00eb se\u2026","rel":"","context":"In &quot;Blogu i Udh\u00ebtarit&quot;","block_context":{"text":"Blogu i Udh\u00ebtarit","link":"https:\/\/www.shqiperia.com\/blog\/category\/blogu-i-udhetarit\/"},"img":{"alt_text":"","src":"https:\/\/i0.wp.com\/www.shqiperia.com\/blog\/wp-content\/uploads\/2019\/07\/Bashakonferena-qendrimi-Lulzim.jpg?fit=964%2C485&ssl=1&resize=350%2C200","width":350,"height":200,"srcset":"https:\/\/i0.wp.com\/www.shqiperia.com\/blog\/wp-content\/uploads\/2019\/07\/Bashakonferena-qendrimi-Lulzim.jpg?fit=964%2C485&ssl=1&resize=350%2C200 1x, https:\/\/i0.wp.com\/www.shqiperia.com\/blog\/wp-content\/uploads\/2019\/07\/Bashakonferena-qendrimi-Lulzim.jpg?fit=964%2C485&ssl=1&resize=525%2C300 1.5x, https:\/\/i0.wp.com\/www.shqiperia.com\/blog\/wp-content\/uploads\/2019\/07\/Bashakonferena-qendrimi-Lulzim.jpg?fit=964%2C485&ssl=1&resize=700%2C400 2x"},"classes":[]},{"id":36670,"url":"https:\/\/www.shqiperia.com\/blog\/per-te-ardhur-keq-amasada-e-shba-reagon-kunder-rames-per-ndryshimet-kushtetuese\/","url_meta":{"origin":36638,"position":5},"title":"\u201cP\u00ebr t\u00eb ardhur keq\u201d, Amasada e SHBA reagon kund\u00ebr Ram\u00ebs p\u00ebr ndryshimet Kushtetuese","author":"Kurt Farka","date":"July 30, 2020","format":false,"excerpt":"\u201cP\u00ebr t\u00eb ardhur keq\u201d, Amasada e SHBA reagon kund\u00ebr Ram\u00ebs p\u00ebr ndryshimet Kushtetuese 30 korrik 2020 Ambasada amerikane ne Tirane reagoi ne lidhje me ndryshimet kushtetuese duke theksuar se eshte per te ardhur keq qe ato u bene pa konsensus dhe pa frymen e bashkepunimit te marreveshjes se 5 qershorit.\u2026","rel":"","context":"In &quot;Kultura&quot;","block_context":{"text":"Kultura","link":"https:\/\/www.shqiperia.com\/blog\/category\/kultura\/"},"img":{"alt_text":"","src":"https:\/\/i0.wp.com\/www.shqiperia.com\/blog\/wp-content\/uploads\/2020\/07\/ambasada-shba.jpg?fit=570%2C299&ssl=1&resize=350%2C200","width":350,"height":200,"srcset":"https:\/\/i0.wp.com\/www.shqiperia.com\/blog\/wp-content\/uploads\/2020\/07\/ambasada-shba.jpg?fit=570%2C299&ssl=1&resize=350%2C200 1x, https:\/\/i0.wp.com\/www.shqiperia.com\/blog\/wp-content\/uploads\/2020\/07\/ambasada-shba.jpg?fit=570%2C299&ssl=1&resize=525%2C300 1.5x"},"classes":[]}],"_links":{"self":[{"href":"https:\/\/www.shqiperia.com\/blog\/wp-json\/wp\/v2\/posts\/36638","targetHints":{"allow":["GET"]}}],"collection":[{"href":"https:\/\/www.shqiperia.com\/blog\/wp-json\/wp\/v2\/posts"}],"about":[{"href":"https:\/\/www.shqiperia.com\/blog\/wp-json\/wp\/v2\/types\/post"}],"author":[{"embeddable":true,"href":"https:\/\/www.shqiperia.com\/blog\/wp-json\/wp\/v2\/users\/9"}],"replies":[{"embeddable":true,"href":"https:\/\/www.shqiperia.com\/blog\/wp-json\/wp\/v2\/comments?post=36638"}],"version-history":[{"count":1,"href":"https:\/\/www.shqiperia.com\/blog\/wp-json\/wp\/v2\/posts\/36638\/revisions"}],"predecessor-version":[{"id":36640,"href":"https:\/\/www.shqiperia.com\/blog\/wp-json\/wp\/v2\/posts\/36638\/revisions\/36640"}],"wp:featuredmedia":[{"embeddable":true,"href":"https:\/\/www.shqiperia.com\/blog\/wp-json\/wp\/v2\/media\/36639"}],"wp:attachment":[{"href":"https:\/\/www.shqiperia.com\/blog\/wp-json\/wp\/v2\/media?parent=36638"}],"wp:term":[{"taxonomy":"category","embeddable":true,"href":"https:\/\/www.shqiperia.com\/blog\/wp-json\/wp\/v2\/categories?post=36638"},{"taxonomy":"post_tag","embeddable":true,"href":"https:\/\/www.shqiperia.com\/blog\/wp-json\/wp\/v2\/tags?post=36638"}],"curies":[{"name":"wp","href":"https:\/\/api.w.org\/{rel}","templated":true}]}}