{"id":36618,"date":"2020-07-29T10:49:28","date_gmt":"2020-07-29T10:49:28","guid":{"rendered":"https:\/\/www.shqiperia.com\/blog\/?p=36618"},"modified":"2020-07-29T10:49:28","modified_gmt":"2020-07-29T10:49:28","slug":"nje-dite-para-votimit-ne-parlament-te-ndryshimeve-kushtetuese-opozita-ben-levizjen-urgjente-zbardhet-e-mail-dhe-cpritet-ne-oren-1800","status":"publish","type":"post","link":"https:\/\/www.shqiperia.com\/blog\/nje-dite-para-votimit-ne-parlament-te-ndryshimeve-kushtetuese-opozita-ben-levizjen-urgjente-zbardhet-e-mail-dhe-cpritet-ne-oren-1800\/","title":{"rendered":"Nj\u00eb dit\u00eb para votimit n\u00eb parlament t\u00eb ndryshimeve kushtetuese, opozita b\u00ebn l\u00ebvizjen urgjente, zbardhet e-mail dhe \u00e7\u2019pritet n\u00eb or\u00ebn 18:00"},"content":{"rendered":"<p><img data-recalc-dims=\"1\" loading=\"lazy\" decoding=\"async\" data-attachment-id=\"36619\" data-permalink=\"https:\/\/www.shqiperia.com\/blog\/nje-dite-para-votimit-ne-parlament-te-ndryshimeve-kushtetuese-opozita-ben-levizjen-urgjente-zbardhet-e-mail-dhe-cpritet-ne-oren-1800\/800-0-39ca235056219cd167eda410ee7e39bb\/\" data-orig-file=\"https:\/\/i0.wp.com\/www.shqiperia.com\/blog\/wp-content\/uploads\/2020\/07\/800-0-39ca235056219cd167eda410ee7e39bb.jpeg?fit=800%2C451&amp;ssl=1\" data-orig-size=\"800,451\" data-comments-opened=\"1\" data-image-meta=\"{&quot;aperture&quot;:&quot;0&quot;,&quot;credit&quot;:&quot;&quot;,&quot;camera&quot;:&quot;&quot;,&quot;caption&quot;:&quot;&quot;,&quot;created_timestamp&quot;:&quot;0&quot;,&quot;copyright&quot;:&quot;&quot;,&quot;focal_length&quot;:&quot;0&quot;,&quot;iso&quot;:&quot;0&quot;,&quot;shutter_speed&quot;:&quot;0&quot;,&quot;title&quot;:&quot;&quot;,&quot;orientation&quot;:&quot;0&quot;}\" data-image-title=\"-800-0-39ca235056219cd167eda410ee7e39bb\" data-image-description=\"\" data-image-caption=\"\" data-medium-file=\"https:\/\/i0.wp.com\/www.shqiperia.com\/blog\/wp-content\/uploads\/2020\/07\/800-0-39ca235056219cd167eda410ee7e39bb.jpeg?fit=300%2C169&amp;ssl=1\" data-large-file=\"https:\/\/i0.wp.com\/www.shqiperia.com\/blog\/wp-content\/uploads\/2020\/07\/800-0-39ca235056219cd167eda410ee7e39bb.jpeg?fit=800%2C451&amp;ssl=1\" class=\"alignnone  wp-image-36619\" alt=\"\" src=\"https:\/\/i0.wp.com\/www.shqiperia.com\/blog\/wp-content\/uploads\/2020\/07\/800-0-39ca235056219cd167eda410ee7e39bb.jpeg?resize=518%2C292&#038;ssl=1\" width=\"518\" height=\"292\" srcset=\"https:\/\/i0.wp.com\/www.shqiperia.com\/blog\/wp-content\/uploads\/2020\/07\/800-0-39ca235056219cd167eda410ee7e39bb.jpeg?resize=300%2C169&amp;ssl=1 300w, https:\/\/i0.wp.com\/www.shqiperia.com\/blog\/wp-content\/uploads\/2020\/07\/800-0-39ca235056219cd167eda410ee7e39bb.jpeg?resize=768%2C433&amp;ssl=1 768w, https:\/\/i0.wp.com\/www.shqiperia.com\/blog\/wp-content\/uploads\/2020\/07\/800-0-39ca235056219cd167eda410ee7e39bb.jpeg?resize=450%2C254&amp;ssl=1 450w, https:\/\/i0.wp.com\/www.shqiperia.com\/blog\/wp-content\/uploads\/2020\/07\/800-0-39ca235056219cd167eda410ee7e39bb.jpeg?resize=600%2C338&amp;ssl=1 600w, https:\/\/i0.wp.com\/www.shqiperia.com\/blog\/wp-content\/uploads\/2020\/07\/800-0-39ca235056219cd167eda410ee7e39bb.jpeg?resize=400%2C226&amp;ssl=1 400w, https:\/\/i0.wp.com\/www.shqiperia.com\/blog\/wp-content\/uploads\/2020\/07\/800-0-39ca235056219cd167eda410ee7e39bb.jpeg?w=800&amp;ssl=1 800w\" sizes=\"auto, (max-width: 518px) 100vw, 518px\" \/><\/p>\n<p>Nj\u00eb dit\u00eb para votimit n\u00eb parlament t\u00eb ndryshimeve kushtetuese, opozita b\u00ebn l\u00ebvizjen urgjente, zbardhet e-mail dhe \u00e7\u2019pritet n\u00eb or\u00ebn 18:00<\/p>\n<p>29 Korrik 2020<\/p>\n<p>Opozita e bashkuar ka k\u00ebrkuar q\u00eb dit\u00ebn e sotme n\u00eb or\u00ebn 18:00 t\u00eb mblidhet K\u00ebshilli Politik pasi \u00ebsht\u00eb pro\u00a0vijimit t\u00eb dialogut, p\u00ebr gjetjen e zgjidhjes nga t\u00eb gjitha pal\u00ebt p\u00ebr ndryshimet kushtetuese.<\/p>\n<p>N\u00eb reagimin e tyre, p\u00ebrfaq\u00ebsuesi i PD-s\u00eb Oerd Bylykbashi dhe ai i LSI-s\u00eb Petrit Vasili, kan\u00eb k\u00ebrkuar thirrjen e K\u00ebshillit Politik sot, duke parashtruar 3 pikat e ofert\u00ebs s\u00eb opozit\u00ebs. Kjo thirrje vjen nj\u00eb dit\u00eb para seanc\u00ebs plenare ku pritet t\u00eb miratohen ndryshimet kushtetuese.<\/p>\n<p><strong>REAGIMI I OPOZIT\u00cbS<\/strong><br \/>\nI nderuar koleg,<br \/>\nN\u00eb vijim t\u00eb mbledhjes s\u00eb djeshme, rip\u00ebrs\u00ebrisim vullnetin e Opozit\u00ebs s\u00eb Bashkuar, p\u00ebr t\u00eb vijuar pun\u00ebn bashk\u00ebrisht p\u00ebr t\u00eb gjetur nj\u00eb zgjidhje t\u00eb pranueshme nga t\u00eb gjitha pal\u00ebt, me q\u00ebllim arritjen e konsensusit p\u00ebr \u00e7do ndryshim, kushtetutes apo ligjor, q\u00eb prek zgjedhjet. Ky ishte q\u00ebllimi p\u00ebr t\u00eb cilin bashk\u00ebrisht ram\u00eb dakord p\u00ebr ngritjen e K\u00ebshillit Politik.<\/p>\n<p>N\u00eb k\u00ebt\u00eb kuptim, ritheksojm\u00eb edhe nj\u00ebher\u00eb gatishm\u00ebrin\u00eb ton\u00eb p\u00ebr t\u00eb vijuar dialogun, me q\u00ebllim ecjen p\u00ebrpara n\u00eb nj\u00eb proces gjith\u00ebp\u00ebrfshir\u00ebs dhe nj\u00eb produkt konsensual.<br \/>\nPropozimi juaj p\u00ebr t\u2019i b\u00ebr\u00eb fakt t\u00eb kryer ndryshimet e nj\u00ebanshme kushtetuese shkat\u00ebrron konsensusin, shkel marr\u00ebveshjet e 14 Janarit dhe 5 Qershorit t\u00eb n\u00ebnshkruara nga vet\u00eb Partia Socialiste, dhe sjell pasoja t\u00eb r\u00ebnda p\u00ebr stabilitetin, demokracin\u00eb dhe integrimin europian t\u00eb vendit.<br \/>\nOpozita e Bashkuar paraqiti k\u00ebt\u00eb propozim n\u00eb mbledhjen e dat\u00ebs 28 Korrik 2020:<br \/>\n1. T\u00eb ndalet ndryshimi i nj\u00ebansh\u00ebm kushtetutes.<br \/>\n2. T\u00eb punohet bashk\u00ebrisht, pa humbur koh\u00eb, p\u00ebr hartimin e nj\u00eb amendamenti t\u00eb p\u00ebrbashk\u00ebt q\u00eb mund\u00ebson hapjen e listave, pa asnj\u00eb ndryshim tjet\u00ebr shtes\u00eb.<br \/>\n3. T\u00eb shfryt\u00ebzohet kjo koh\u00eb q\u00eb t\u00eb detajohen rregullat shoq\u00ebruese n\u00eb Kodin Zgjedhor, me q\u00ebllim q\u00eb ndryshimi kushtetues dhe rregullat shoq\u00ebruese t\u00eb Kodit Zgjedhor p\u00ebr hapjen e listave, t\u00eb shkojn\u00eb si nj\u00eb paket\u00eb e vetme p\u00ebr miratim n\u00eb Parlament.<\/p>\n<p>Opozita e Bashkuar \u00ebsht\u00eb e gatshme q\u00eb t\u00eb vijoj\u00eb dialogun politik, n\u00eb nj\u00eb proces gjith\u00ebp\u00ebrfshir\u00ebs dhe t\u00eb hapur, duke mos nd\u00ebrmarr\u00eb hapa t\u00eb nj\u00ebansh\u00ebm q\u00eb shkelin Marr\u00ebveshjen politike t\u00eb 14 Janarit dhe zhb\u00ebjn\u00eb Marr\u00ebveshjen e 5 Qershorit.<br \/>\nJu sjellim n\u00eb v\u00ebmendje se \u00e7do akt i nj\u00ebansh\u00ebm, aq m\u00eb tep\u00ebr akte q\u00eb prekin drejtp\u00ebrdrejt zgjedhjet, c\u00ebnojn\u00eb r\u00ebnd\u00eb legjitimitetin e zgjedhjeve dhe qeverisjet q\u00eb dalin prej tyre. Gjithashtu, \u00e7do akt i nj\u00ebansh\u00ebm, \u00ebsht\u00eb nj\u00eb hap me pasoja t\u00eb r\u00ebnda q\u00eb n\u00eb vend q\u00eb t\u00eb kontriboj\u00eb n\u00eb procesin e integrimit europian, e pengon at\u00eb duke izoluar Shqip\u00ebrin\u00eb dhe shqiptar\u00ebt. P\u00ebr k\u00ebto arsye, gjith\u00ebp\u00ebrfshirja dhe konsensualiteti \u00ebsht\u00eb rruga e pashmangshme, n\u00eb t\u00eb mir\u00eb t\u00eb Shqip\u00ebris\u00eb dhe n\u00eb interes t\u00eb qytetar\u00ebve shqiptar\u00eb.<br \/>\nN\u00eb k\u00ebt\u00eb kuad\u00ebr, propozojm\u00eb mbledhjen e K\u00ebshillit Politik, dit\u00ebn e sotme, 29 Korrik 2020, ora 18:00.<br \/>\nOerd Bylykbashi<br \/>\nPetrit Vasili<\/p>\n<p>Nga: Gazeta Sot.<\/p>\n","protected":false},"excerpt":{"rendered":"<p>Nj\u00eb dit\u00eb para votimit n\u00eb parlament t\u00eb ndryshimeve kushtetuese, opozita b\u00ebn l\u00ebvizjen urgjente, zbardhet e-mail dhe \u00e7\u2019pritet n\u00eb or\u00ebn 18:00 29 Korrik 2020 Opozita e bashkuar ka k\u00ebrkuar q\u00eb dit\u00ebn e sotme n\u00eb or\u00ebn 18:00 t\u00eb mblidhet K\u00ebshilli Politik pasi \u00ebsht\u00eb pro\u00a0vijimit t\u00eb dialogut, p\u00ebr gjetjen e zgjidhjes nga t\u00eb gjitha pal\u00ebt p\u00ebr ndryshimet kushtetuese. [&hellip;]<\/p>\n","protected":false},"author":9,"featured_media":36619,"comment_status":"open","ping_status":"open","sticky":false,"template":"","format":"standard","meta":{"jetpack_post_was_ever_published":false,"_jetpack_newsletter_access":"","_jetpack_dont_email_post_to_subs":false,"_jetpack_newsletter_tier_id":0,"_jetpack_memberships_contains_paywalled_content":false,"_jetpack_memberships_contains_paid_content":false,"footnotes":"","jetpack_publicize_message":"","jetpack_publicize_feature_enabled":true,"jetpack_social_post_already_shared":true,"jetpack_social_options":{"image_generator_settings":{"template":"highway","default_image_id":0,"font":"","enabled":false},"version":2}},"categories":[27,2],"tags":[],"class_list":["post-36618","post","type-post","status-publish","format-standard","has-post-thumbnail","hentry","category-blogu-i-udhetarit","category-politika"],"jetpack_publicize_connections":[],"jetpack_featured_media_url":"https:\/\/i0.wp.com\/www.shqiperia.com\/blog\/wp-content\/uploads\/2020\/07\/800-0-39ca235056219cd167eda410ee7e39bb.jpeg?fit=800%2C451&ssl=1","jetpack_sharing_enabled":true,"jetpack_shortlink":"https:\/\/wp.me\/p5Z6wp-9wC","jetpack-related-posts":[{"id":36461,"url":"https:\/\/www.shqiperia.com\/blog\/i-pranishem-edhe-kryeministri-rama-zbardhen-5-ceshtjet-qe-do-diskutohen-sot-ne-tryezen-e-keshillit-politik\/","url_meta":{"origin":36618,"position":0},"title":"I pranish\u00ebm edhe kryeministri Rama, zbardhen 5 \u00e7\u00ebshtjet q\u00eb do diskutohen sot n\u00eb tryez\u00ebn e K\u00ebshillit Politik","author":"Kurt Farka","date":"July 20, 2020","format":false,"excerpt":"20 KORRIK 2020 K\u00ebshilli Politik do t\u00eb rimblidhet sot n\u00eb or\u00ebn 11:00 p\u00ebr t\u00eb diskutuar mbi ndryshimet kushtetuese q\u00eb iu mbivendos\u00ebn marr\u00ebveshjes s\u00eb 5 qershorit. P\u00ebr her\u00eb t\u00eb par\u00eb, ashtu sikurse \u00ebsht\u00eb njoftuar n\u00eb k\u00ebt\u00eb tryez\u00eb do jet\u00eb i pranish\u00ebm edhe kryeministri Edi Rama, cili do t\u00eb mbroj\u00eb p\u00ebrpara an\u00ebtar\u00ebve\u2026","rel":"","context":"In &quot;Blogu i Udh\u00ebtarit&quot;","block_context":{"text":"Blogu i Udh\u00ebtarit","link":"https:\/\/www.shqiperia.com\/blog\/category\/blogu-i-udhetarit\/"},"img":{"alt_text":"","src":"https:\/\/i0.wp.com\/www.shqiperia.com\/blog\/wp-content\/uploads\/2020\/07\/640-0-5f155bb779273.jpg?fit=640%2C335&ssl=1&resize=350%2C200","width":350,"height":200,"srcset":"https:\/\/i0.wp.com\/www.shqiperia.com\/blog\/wp-content\/uploads\/2020\/07\/640-0-5f155bb779273.jpg?fit=640%2C335&ssl=1&resize=350%2C200 1x, https:\/\/i0.wp.com\/www.shqiperia.com\/blog\/wp-content\/uploads\/2020\/07\/640-0-5f155bb779273.jpg?fit=640%2C335&ssl=1&resize=525%2C300 1.5x"},"classes":[]},{"id":36675,"url":"https:\/\/www.shqiperia.com\/blog\/ambasadoret-kim-dhe-soreca-i-shkuan-bashes-ne-zyre-pas-miratimit-te-ndryshimeve-kushtetuese\/","url_meta":{"origin":36618,"position":1},"title":"Ambasador\u00ebt Kim dhe Soreca i shkuan Bash\u00ebs n\u00eb zyr\u00eb pas miratimit t\u00eb ndryshimeve kushtetuese","author":"Kurt Farka","date":"July 30, 2020","format":false,"excerpt":"Ambasador\u00ebt Kim dhe Soreca i shkuan Bash\u00ebs n\u00eb zyr\u00eb pas miratimit t\u00eb ndryshimeve kushtetuese 30 korrik 2020 Ka zgjatur pak minuta takimi n\u00eb selin\u00eb blu mes kreut t\u00eb PD-s\u00eb, Lulzim Basha dhe ambasador\u00ebve Yuri Kim dhe Lugi Soreca. Ambasadorja e SHBA, Yuri Kim dhe ai i BE, Luigi Soreca, i\u2026","rel":"","context":"In &quot;Blogu i Udh\u00ebtarit&quot;","block_context":{"text":"Blogu i Udh\u00ebtarit","link":"https:\/\/www.shqiperia.com\/blog\/category\/blogu-i-udhetarit\/"},"img":{"alt_text":"","src":"https:\/\/i0.wp.com\/www.shqiperia.com\/blog\/wp-content\/uploads\/2020\/07\/InShot_20200503_123202452-1536x1536-433x300-1.jpg?fit=433%2C236&ssl=1&resize=350%2C200","width":350,"height":200},"classes":[]},{"id":36534,"url":"https:\/\/www.shqiperia.com\/blog\/perplasja-per-ndryshimet-kushtetuese-dhe-listat-e-hapura-ambasadorja-e-shba-dhe-ai-i-be-se-i-shkojne-rames-ne-zyre\/","url_meta":{"origin":36618,"position":2},"title":"P\u00ebrplasja p\u00ebr ndryshimet kushtetuese dhe listat e hapura, ambasadorja e SHBA dhe ai i BE-s\u00eb i shkojn\u00eb Ram\u00ebs n\u00eb zyr\u00eb","author":"Kurt Farka","date":"July 27, 2020","format":false,"excerpt":"P\u00ebrplasja p\u00ebr ndryshimet kushtetuese dhe listat e hapura, ambasadorja e SHBA dhe ai i BE-s\u00eb i shkojn\u00eb Ram\u00ebs n\u00eb zyr\u00eb \u00a027 korrk 2020 Nd\u00ebrkoh\u00eb q\u00eb Kuvendi i Shqip\u00ebris\u00eb ka nisur sot seanc\u00ebn plenare, t\u00eb par\u00ebn e nj\u00eb serie maraton\u00eb q\u00eb do t\u00eb mbyllet me hapjen e listave n\u00eb 30 korrik\u2026","rel":"","context":"In &quot;Blogu i Udh\u00ebtarit&quot;","block_context":{"text":"Blogu i Udh\u00ebtarit","link":"https:\/\/www.shqiperia.com\/blog\/category\/blogu-i-udhetarit\/"},"img":{"alt_text":"","src":"https:\/\/i0.wp.com\/www.shqiperia.com\/blog\/wp-content\/uploads\/2020\/07\/800-480-5f1e937d7b671.jpg?fit=800%2C480&ssl=1&resize=350%2C200","width":350,"height":200,"srcset":"https:\/\/i0.wp.com\/www.shqiperia.com\/blog\/wp-content\/uploads\/2020\/07\/800-480-5f1e937d7b671.jpg?fit=800%2C480&ssl=1&resize=350%2C200 1x, https:\/\/i0.wp.com\/www.shqiperia.com\/blog\/wp-content\/uploads\/2020\/07\/800-480-5f1e937d7b671.jpg?fit=800%2C480&ssl=1&resize=525%2C300 1.5x, https:\/\/i0.wp.com\/www.shqiperia.com\/blog\/wp-content\/uploads\/2020\/07\/800-480-5f1e937d7b671.jpg?fit=800%2C480&ssl=1&resize=700%2C400 2x"},"classes":[]},{"id":36654,"url":"https:\/\/www.shqiperia.com\/blog\/ne-parlament-jane-falsifikuar-firma-alimadhi-dhe-gjuzi-firmat-e-28-deputeteve-per-ndryshimet-kushtetuese-jane-te-falsifikuara\/","url_meta":{"origin":36618,"position":3},"title":"Ne Parlament: -Jan\u00eb falsifikuar Firma.  Alimadhi dhe Gjuzi: Firmat e 28 deputet\u00ebve p\u00ebr ndryshimet Kushtetuese jan\u00eb t\u00eb falsifikuara","author":"Kurt Farka","date":"July 30, 2020","format":false,"excerpt":"Ne Parlament: -Jan\u00eb falsifikuar Firma. Alimadhi dhe Gjuzi: Firmat e 28 deputet\u00ebve p\u00ebr ndryshimet Kushtetuese jan\u00eb t\u00eb falsifikuara - 30\/07\/2 mapo.al Deputet\u00ebt Adriatik Alimadhi dhe Kujtim Gjuzi hodh\u00ebn dyshime p\u00ebr list\u00ebn me 28 firmat e deputet\u00ebve p\u00ebr ndryshimet Kushtetuese. Ata than\u00eb se jan\u00eb firm\u00ebtar\u00eb deputet\u00eb t\u00eb cil\u00ebt nuk duan t\u00eb\u2026","rel":"","context":"In &quot;Blogu i Udh\u00ebtarit&quot;","block_context":{"text":"Blogu i Udh\u00ebtarit","link":"https:\/\/www.shqiperia.com\/blog\/category\/blogu-i-udhetarit\/"},"img":{"alt_text":"","src":"https:\/\/i0.wp.com\/www.shqiperia.com\/blog\/wp-content\/uploads\/2020\/07\/20200728154933PARLAMENTI-OK.jpg?fit=1200%2C800&ssl=1&resize=350%2C200","width":350,"height":200,"srcset":"https:\/\/i0.wp.com\/www.shqiperia.com\/blog\/wp-content\/uploads\/2020\/07\/20200728154933PARLAMENTI-OK.jpg?fit=1200%2C800&ssl=1&resize=350%2C200 1x, https:\/\/i0.wp.com\/www.shqiperia.com\/blog\/wp-content\/uploads\/2020\/07\/20200728154933PARLAMENTI-OK.jpg?fit=1200%2C800&ssl=1&resize=525%2C300 1.5x, https:\/\/i0.wp.com\/www.shqiperia.com\/blog\/wp-content\/uploads\/2020\/07\/20200728154933PARLAMENTI-OK.jpg?fit=1200%2C800&ssl=1&resize=700%2C400 2x, https:\/\/i0.wp.com\/www.shqiperia.com\/blog\/wp-content\/uploads\/2020\/07\/20200728154933PARLAMENTI-OK.jpg?fit=1200%2C800&ssl=1&resize=1050%2C600 3x"},"classes":[]},{"id":75723,"url":"https:\/\/www.shqiperia.com\/blog\/deklaratat-e-ambasadave-te-shba-dhe-britanise-thirrje-maxhorances-ti-krijoje-mundesite-opozites-per-te-drejtat-kushtetuese\/","url_meta":{"origin":36618,"position":4},"title":"Deklaratat e ambasadave t\u00eb SHBA dhe Britanis\u00eb: &#8211; Thirrje maxhoranc\u00ebs t\u2019i krijoj\u00eb mund\u00ebsit\u00eb opozit\u00ebs p\u00ebr t\u00eb drejtat kushtetuese","author":"Kurt Farka","date":"November 22, 2023","format":false,"excerpt":"22 Nentor 2023 Me an\u00eb t\u00eb nj\u00eb reagimi, Gjekmarkaj thot\u00eb se nj\u00eb parlament q\u00eb nuk respekton t\u00eb drejtat e opozit\u00ebs, humb funksionimin normal t\u00eb tij, duke mohuar ushtrimin e p\u00ebrgjegj\u00ebsis\u00eb p\u00ebr mbik\u00ebqyrjen demokratike t\u00eb qeveris\u00eb. Deputeti demokrat i b\u00ebn thirrje kryeparlamentares Lindita Nikolla, por edhe mazhoranc\u00ebs q\u00eb t\u00eb reflektojn\u00eb dhe\u2026","rel":"","context":"In &quot;Blogu i Udh\u00ebtarit&quot;","block_context":{"text":"Blogu i Udh\u00ebtarit","link":"https:\/\/www.shqiperia.com\/blog\/category\/blogu-i-udhetarit\/"},"img":{"alt_text":"","src":"https:\/\/i0.wp.com\/www.shqiperia.com\/blog\/wp-content\/uploads\/2023\/11\/agron-gjekmarkaj.1.jpg?fit=898%2C548&ssl=1&resize=350%2C200","width":350,"height":200,"srcset":"https:\/\/i0.wp.com\/www.shqiperia.com\/blog\/wp-content\/uploads\/2023\/11\/agron-gjekmarkaj.1.jpg?fit=898%2C548&ssl=1&resize=350%2C200 1x, https:\/\/i0.wp.com\/www.shqiperia.com\/blog\/wp-content\/uploads\/2023\/11\/agron-gjekmarkaj.1.jpg?fit=898%2C548&ssl=1&resize=525%2C300 1.5x, https:\/\/i0.wp.com\/www.shqiperia.com\/blog\/wp-content\/uploads\/2023\/11\/agron-gjekmarkaj.1.jpg?fit=898%2C548&ssl=1&resize=700%2C400 2x"},"classes":[]},{"id":99599,"url":"https:\/\/www.shqiperia.com\/blog\/gjykata-kushtetuese-shfuqizon-ndryshimet-ne-kuvend-u-cenuan-te-drejtat-e-opozites\/","url_meta":{"origin":36618,"position":5},"title":"Gjykata Kushtetuese shfuqizon ndryshimet n\u00eb Kuvend: &#8211; U c\u00ebnuan t\u00eb drejtat e opozit\u00ebs","author":"Kurt Farka","date":"April 20, 2026","format":false,"excerpt":"21 Prill 2026 Gjykata Kushtetuese ka shpallur t\u00eb papajtuesh\u00ebm me Kushtetut\u00ebn vendimin e Kuvendit t\u00eb Shqip\u00ebris\u00eb t\u00eb dat\u00ebs 16 shtator 2025, i cili ndryshoi Rregulloren e brendshme duke rritur numrin e komisioneve parlamentare nga 8 n\u00eb 11. Me nj\u00eb vendim unanim p\u00ebr pranimin e k\u00ebrkes\u00ebs, trupa gjykuese i ka dh\u00ebn\u00eb\u2026","rel":"","context":"In &quot;Njoftime Shtypi&quot;","block_context":{"text":"Njoftime Shtypi","link":"https:\/\/www.shqiperia.com\/blog\/category\/njoftime-shtypi\/"},"img":{"alt_text":"","src":"https:\/\/i0.wp.com\/www.shqiperia.com\/blog\/wp-content\/uploads\/2026\/04\/900-0-1761316420xgjykata-kushtetuese-1-sd-475.webp?fit=900%2C506&ssl=1&resize=350%2C200","width":350,"height":200,"srcset":"https:\/\/i0.wp.com\/www.shqiperia.com\/blog\/wp-content\/uploads\/2026\/04\/900-0-1761316420xgjykata-kushtetuese-1-sd-475.webp?fit=900%2C506&ssl=1&resize=350%2C200 1x, https:\/\/i0.wp.com\/www.shqiperia.com\/blog\/wp-content\/uploads\/2026\/04\/900-0-1761316420xgjykata-kushtetuese-1-sd-475.webp?fit=900%2C506&ssl=1&resize=525%2C300 1.5x, https:\/\/i0.wp.com\/www.shqiperia.com\/blog\/wp-content\/uploads\/2026\/04\/900-0-1761316420xgjykata-kushtetuese-1-sd-475.webp?fit=900%2C506&ssl=1&resize=700%2C400 2x"},"classes":[]}],"_links":{"self":[{"href":"https:\/\/www.shqiperia.com\/blog\/wp-json\/wp\/v2\/posts\/36618","targetHints":{"allow":["GET"]}}],"collection":[{"href":"https:\/\/www.shqiperia.com\/blog\/wp-json\/wp\/v2\/posts"}],"about":[{"href":"https:\/\/www.shqiperia.com\/blog\/wp-json\/wp\/v2\/types\/post"}],"author":[{"embeddable":true,"href":"https:\/\/www.shqiperia.com\/blog\/wp-json\/wp\/v2\/users\/9"}],"replies":[{"embeddable":true,"href":"https:\/\/www.shqiperia.com\/blog\/wp-json\/wp\/v2\/comments?post=36618"}],"version-history":[{"count":1,"href":"https:\/\/www.shqiperia.com\/blog\/wp-json\/wp\/v2\/posts\/36618\/revisions"}],"predecessor-version":[{"id":36620,"href":"https:\/\/www.shqiperia.com\/blog\/wp-json\/wp\/v2\/posts\/36618\/revisions\/36620"}],"wp:featuredmedia":[{"embeddable":true,"href":"https:\/\/www.shqiperia.com\/blog\/wp-json\/wp\/v2\/media\/36619"}],"wp:attachment":[{"href":"https:\/\/www.shqiperia.com\/blog\/wp-json\/wp\/v2\/media?parent=36618"}],"wp:term":[{"taxonomy":"category","embeddable":true,"href":"https:\/\/www.shqiperia.com\/blog\/wp-json\/wp\/v2\/categories?post=36618"},{"taxonomy":"post_tag","embeddable":true,"href":"https:\/\/www.shqiperia.com\/blog\/wp-json\/wp\/v2\/tags?post=36618"}],"curies":[{"name":"wp","href":"https:\/\/api.w.org\/{rel}","templated":true}]}}