{"id":36613,"date":"2020-07-29T10:21:26","date_gmt":"2020-07-29T10:21:26","guid":{"rendered":"https:\/\/www.shqiperia.com\/blog\/?p=36613"},"modified":"2020-07-29T10:28:33","modified_gmt":"2020-07-29T10:28:33","slug":"shqiponja-dua-lipa-besim-dhe-shprese-se-te-rinjet-e-duan-kombin-dhe-do-lartesohet","status":"publish","type":"post","link":"https:\/\/www.shqiperia.com\/blog\/shqiponja-dua-lipa-besim-dhe-shprese-se-te-rinjet-e-duan-kombin-dhe-do-lartesohet\/","title":{"rendered":"Shqiponja Dua Lipa: &#8211; Besim dhe shprese se te rinjet e duan Kombin dhe do Lartesohet."},"content":{"rendered":"<p><img data-recalc-dims=\"1\" loading=\"lazy\" decoding=\"async\" data-attachment-id=\"36614\" data-permalink=\"https:\/\/www.shqiperia.com\/blog\/shqiponja-dua-lipa-besim-dhe-shprese-se-te-rinjet-e-duan-kombin-dhe-do-lartesohet\/shqiponja-dua-lipa\/\" data-orig-file=\"https:\/\/i0.wp.com\/www.shqiperia.com\/blog\/wp-content\/uploads\/2020\/07\/Shqiponja-Dua-Lipa.jpg?fit=606%2C391&amp;ssl=1\" data-orig-size=\"606,391\" data-comments-opened=\"1\" data-image-meta=\"{&quot;aperture&quot;:&quot;0&quot;,&quot;credit&quot;:&quot;&quot;,&quot;camera&quot;:&quot;&quot;,&quot;caption&quot;:&quot;&quot;,&quot;created_timestamp&quot;:&quot;0&quot;,&quot;copyright&quot;:&quot;&quot;,&quot;focal_length&quot;:&quot;0&quot;,&quot;iso&quot;:&quot;0&quot;,&quot;shutter_speed&quot;:&quot;0&quot;,&quot;title&quot;:&quot;&quot;,&quot;orientation&quot;:&quot;0&quot;}\" data-image-title=\"Shqiponja Dua Lipa\" data-image-description=\"\" data-image-caption=\"\" data-medium-file=\"https:\/\/i0.wp.com\/www.shqiperia.com\/blog\/wp-content\/uploads\/2020\/07\/Shqiponja-Dua-Lipa.jpg?fit=300%2C194&amp;ssl=1\" data-large-file=\"https:\/\/i0.wp.com\/www.shqiperia.com\/blog\/wp-content\/uploads\/2020\/07\/Shqiponja-Dua-Lipa.jpg?fit=606%2C391&amp;ssl=1\" class=\"alignnone wp-image-36614\" alt=\"\" src=\"https:\/\/i0.wp.com\/www.shqiperia.com\/blog\/wp-content\/uploads\/2020\/07\/Shqiponja-Dua-Lipa.jpg?resize=458%2C296&#038;ssl=1\" width=\"458\" height=\"296\" srcset=\"https:\/\/i0.wp.com\/www.shqiperia.com\/blog\/wp-content\/uploads\/2020\/07\/Shqiponja-Dua-Lipa.jpg?resize=300%2C194&amp;ssl=1 300w, https:\/\/i0.wp.com\/www.shqiperia.com\/blog\/wp-content\/uploads\/2020\/07\/Shqiponja-Dua-Lipa.jpg?resize=450%2C290&amp;ssl=1 450w, https:\/\/i0.wp.com\/www.shqiperia.com\/blog\/wp-content\/uploads\/2020\/07\/Shqiponja-Dua-Lipa.jpg?resize=600%2C387&amp;ssl=1 600w, https:\/\/i0.wp.com\/www.shqiperia.com\/blog\/wp-content\/uploads\/2020\/07\/Shqiponja-Dua-Lipa.jpg?resize=400%2C258&amp;ssl=1 400w, https:\/\/i0.wp.com\/www.shqiperia.com\/blog\/wp-content\/uploads\/2020\/07\/Shqiponja-Dua-Lipa.jpg?w=606&amp;ssl=1 606w\" sizes=\"auto, (max-width: 458px) 100vw, 458px\" \/><\/p>\n<p>Shqiponja Dua Lipa:<span>\u00a0&#8211; Besim dhe shprese se te rinjet e duan Kombin dhe do Lartesohet.<\/span><\/p>\n<div id=\"attachment_36615\" style=\"width: 547px\" class=\"wp-caption alignnone\"><img data-recalc-dims=\"1\" loading=\"lazy\" decoding=\"async\" aria-describedby=\"caption-attachment-36615\" data-attachment-id=\"36615\" data-permalink=\"https:\/\/www.shqiperia.com\/blog\/shqiponja-dua-lipa-besim-dhe-shprese-se-te-rinjet-e-duan-kombin-dhe-do-lartesohet\/shqiponja-dua-lipa-2\/\" data-orig-file=\"https:\/\/i0.wp.com\/www.shqiperia.com\/blog\/wp-content\/uploads\/2020\/07\/Shqiponja-Dua-Lipa-1.jpg?fit=606%2C391&amp;ssl=1\" data-orig-size=\"606,391\" data-comments-opened=\"1\" data-image-meta=\"{&quot;aperture&quot;:&quot;0&quot;,&quot;credit&quot;:&quot;&quot;,&quot;camera&quot;:&quot;&quot;,&quot;caption&quot;:&quot;&quot;,&quot;created_timestamp&quot;:&quot;0&quot;,&quot;copyright&quot;:&quot;&quot;,&quot;focal_length&quot;:&quot;0&quot;,&quot;iso&quot;:&quot;0&quot;,&quot;shutter_speed&quot;:&quot;0&quot;,&quot;title&quot;:&quot;&quot;,&quot;orientation&quot;:&quot;0&quot;}\" data-image-title=\"Shqiponja Dua Lipa\" data-image-description=\"\" data-image-caption=\"&lt;p&gt;Shqiponja Dua Lipa&lt;\/p&gt;\n\" data-medium-file=\"https:\/\/i0.wp.com\/www.shqiperia.com\/blog\/wp-content\/uploads\/2020\/07\/Shqiponja-Dua-Lipa-1.jpg?fit=300%2C194&amp;ssl=1\" data-large-file=\"https:\/\/i0.wp.com\/www.shqiperia.com\/blog\/wp-content\/uploads\/2020\/07\/Shqiponja-Dua-Lipa-1.jpg?fit=606%2C391&amp;ssl=1\" class=\" wp-image-36615\" alt=\"\" src=\"https:\/\/i0.wp.com\/www.shqiperia.com\/blog\/wp-content\/uploads\/2020\/07\/Shqiponja-Dua-Lipa-1.jpg?resize=537%2C347&#038;ssl=1\" width=\"537\" height=\"347\" srcset=\"https:\/\/i0.wp.com\/www.shqiperia.com\/blog\/wp-content\/uploads\/2020\/07\/Shqiponja-Dua-Lipa-1.jpg?resize=300%2C194&amp;ssl=1 300w, https:\/\/i0.wp.com\/www.shqiperia.com\/blog\/wp-content\/uploads\/2020\/07\/Shqiponja-Dua-Lipa-1.jpg?resize=450%2C290&amp;ssl=1 450w, https:\/\/i0.wp.com\/www.shqiperia.com\/blog\/wp-content\/uploads\/2020\/07\/Shqiponja-Dua-Lipa-1.jpg?resize=600%2C387&amp;ssl=1 600w, https:\/\/i0.wp.com\/www.shqiperia.com\/blog\/wp-content\/uploads\/2020\/07\/Shqiponja-Dua-Lipa-1.jpg?resize=400%2C258&amp;ssl=1 400w, https:\/\/i0.wp.com\/www.shqiperia.com\/blog\/wp-content\/uploads\/2020\/07\/Shqiponja-Dua-Lipa-1.jpg?w=606&amp;ssl=1 606w\" sizes=\"auto, (max-width: 537px) 100vw, 537px\" \/><p id=\"caption-attachment-36615\" class=\"wp-caption-text\">Shqiponja Dua Lipa<\/p><\/div>\n","protected":false},"excerpt":{"rendered":"<p>Shqiponja Dua Lipa:\u00a0&#8211; Besim dhe shprese se te rinjet e duan Kombin dhe do Lartesohet.<\/p>\n","protected":false},"author":9,"featured_media":36614,"comment_status":"open","ping_status":"open","sticky":false,"template":"","format":"standard","meta":{"jetpack_post_was_ever_published":false,"_jetpack_newsletter_access":"","_jetpack_dont_email_post_to_subs":false,"_jetpack_newsletter_tier_id":0,"_jetpack_memberships_contains_paywalled_content":false,"_jetpack_memberships_contains_paid_content":false,"footnotes":"","jetpack_publicize_message":"","jetpack_publicize_feature_enabled":true,"jetpack_social_post_already_shared":true,"jetpack_social_options":{"image_generator_settings":{"template":"highway","default_image_id":0,"font":"","enabled":false},"version":2}},"categories":[85,10,86],"tags":[],"class_list":["post-36613","post","type-post","status-publish","format-standard","has-post-thumbnail","hentry","category-histori","category-kultura","category-trashegimi-kulturore"],"jetpack_publicize_connections":[],"jetpack_featured_media_url":"https:\/\/i0.wp.com\/www.shqiperia.com\/blog\/wp-content\/uploads\/2020\/07\/Shqiponja-Dua-Lipa.jpg?fit=606%2C391&ssl=1","jetpack_sharing_enabled":true,"jetpack_shortlink":"https:\/\/wp.me\/p5Z6wp-9wx","jetpack-related-posts":[{"id":39440,"url":"https:\/\/www.shqiperia.com\/blog\/dua-lipa-mbeshtet-joe-biden-per-president-ja-mesazhi-qe-percjell-qendroi-me-ne-kur-kosova-u-ballafaqua-me-nje-katastrofe-njerezore\/","url_meta":{"origin":36613,"position":0},"title":"Dua Lipa mb\u00ebshtet Joe Biden p\u00ebr President. Ja mesazhi q\u00eb p\u00ebrcjell: &#8211; \u201cQ\u00ebndroi me ne kur Kosova u ballafaqua me nj\u00eb katastrof\u00eb njer\u00ebzore\u201d","author":"Kurt Farka","date":"October 9, 2020","format":false,"excerpt":"Dua Lipa mb\u00ebshtet Joe Biden p\u00ebr President. Ja mesazhi q\u00eb p\u00ebrcjell: - \u201cQ\u00ebndroi me ne kur Kosova u ballafaqua me nj\u00eb katastrof\u00eb njer\u00ebzore\u201d 9 tetor 2020 K\u00ebng\u00ebtarja shqiptare me fam\u00eb bot\u00ebrore Dua Lipa ka dal\u00eb n\u00eb mb\u00ebshtetje t\u00eb kandidatit demokrat p\u00ebr zgjedhjet Presidenciale, Joe Biden. N\u00eb nj\u00eb video t\u00eb realizuar\u2026","rel":"","context":"In &quot;Blogu i Udh\u00ebtarit&quot;","block_context":{"text":"Blogu i Udh\u00ebtarit","link":"https:\/\/www.shqiperia.com\/blog\/category\/blogu-i-udhetarit\/"},"img":{"alt_text":"","src":"https:\/\/i0.wp.com\/www.shqiperia.com\/blog\/wp-content\/uploads\/2020\/10\/dua-biden-Copy.jpg?fit=600%2C290&ssl=1&resize=350%2C200","width":350,"height":200,"srcset":"https:\/\/i0.wp.com\/www.shqiperia.com\/blog\/wp-content\/uploads\/2020\/10\/dua-biden-Copy.jpg?fit=600%2C290&ssl=1&resize=350%2C200 1x, https:\/\/i0.wp.com\/www.shqiperia.com\/blog\/wp-content\/uploads\/2020\/10\/dua-biden-Copy.jpg?fit=600%2C290&ssl=1&resize=525%2C300 1.5x"},"classes":[]},{"id":53375,"url":"https:\/\/www.shqiperia.com\/blog\/skulptori-ilmi-kasemi-realizon-statujen-e-dua-lipes-duan-ta-pervetesojne-fqinjet-ballkanike-e-bera-nga-inati\/","url_meta":{"origin":36613,"position":1},"title":"Skulptori Ilmi Kasemi realizon statuj\u00ebn e Dua Lip\u00ebs: &#8211; Duan ta p\u00ebrvet\u00ebsojne fqinj\u00ebt ballkanik\u00eb, e b\u00ebra nga inati","author":"Kurt Farka","date":"January 22, 2022","format":false,"excerpt":"Skulptori Ilmi Kasemi realizon statuj\u00ebn e Dua Lip\u00ebs: - Duan ta p\u00ebrvet\u00ebsojne fqinj\u00ebt ballkanik\u00eb, e b\u00ebra nga inati Janar 2022 Disa pretendime se Dua Lipa nuk \u00ebsht\u00eb shqiptare kan\u00eb nxitur skulptorin e mir\u00ebnjohur, Ilmi Kasemin q\u00eb nd\u00ebrmjet artit t\u00eb tij \u2018t\u00eb revoltohet\u2019. I tronditur nga ajo q\u00eb artisti e quan\u2026","rel":"","context":"In &quot;Arte&quot;","block_context":{"text":"Arte","link":"https:\/\/www.shqiperia.com\/blog\/category\/arte\/"},"img":{"alt_text":"","src":"https:\/\/i0.wp.com\/www.shqiperia.com\/blog\/wp-content\/uploads\/2022\/01\/Ilmi-Kasemi-Dua-Lipa-Fragment-1.jpg?fit=471%2C251&ssl=1&resize=350%2C200","width":350,"height":200},"classes":[]},{"id":13918,"url":"https:\/\/www.shqiperia.com\/blog\/dua-lipa-merr-kaprollin-e-arte-ne-berlin\/","url_meta":{"origin":36613,"position":2},"title":"Dua Lipa merr \u201cKaprollin e Art\u00eb\u201d n\u00eb Berlin. &#8211;","author":"Kurt Farka","date":"November 20, 2018","format":false,"excerpt":"Dua Lipa merr \u201cKaprollin e Art\u00eb\u201d n\u00eb Berlin. - Organizator\u00ebt e quajn\u00eb \u201cBambin\u201d, \u00e7mimin m\u00eb t\u00eb r\u00ebnd\u00ebsish\u00ebm mediatik t\u00eb Gjermanis\u00eb. Me k\u00ebt\u00eb nuk jan\u00eb dakord t\u00eb gjith\u00eb, por nj\u00eb gj\u00eb nuk mund t\u2019i mohohet \u201cBambit\u201d, q\u00eb k\u00ebt\u00eb vit mbushi 70 vje\u00e7. Ai \u00ebsht\u00eb \u00e7mimi q\u00eb jepet me m\u00eb shum\u00eb pompozitet,\u2026","rel":"","context":"In &quot;Arte&quot;","block_context":{"text":"Arte","link":"https:\/\/www.shqiperia.com\/blog\/category\/arte\/"},"img":{"alt_text":"","src":"https:\/\/i0.wp.com\/www.shqiperia.com\/blog\/wp-content\/uploads\/2018\/11\/index-20.jpg?resize=350%2C200","width":350,"height":200},"classes":[]},{"id":60672,"url":"https:\/\/www.shqiperia.com\/blog\/hapet-sunny-hill-festival-ne-prishtine-dua-lipa-pritet-te-performoje-jam-ne-shtepine-time\/","url_meta":{"origin":36613,"position":3},"title":"Hapet &#8216;Sunny Hill Festival&#8217; n\u00eb Prishtin\u00eb. Dua Lipa pritet t\u00eb performoj\u00eb: &#8211; Jam n\u00eb sht\u00ebpin\u00eb time","author":"Kurt Farka","date":"August 5, 2022","format":false,"excerpt":"4 Gusht 2022 Sot mbahet n\u00eb Prishtin\u00eb koncerti i shum\u00ebpritur \u2018Sunny Hill Festival\u2019. Ylli bot\u00ebror i muzik\u00ebs, Dula Lipa prej dit\u00ebs s\u00eb djeshme ndodhet n\u00eb Prishtin\u00eb, nd\u00ebrsa performoi n\u00eb nat\u00ebn hap\u00ebse t\u00eb festivalit Sot ajo mbajti nj\u00eb konferenc\u00eb p\u00ebr mediat, e shoq\u00ebruar nga babai i saj Dukagjin Lipa, si edhe\u2026","rel":"","context":"In &quot;Arte&quot;","block_context":{"text":"Arte","link":"https:\/\/www.shqiperia.com\/blog\/category\/arte\/"},"img":{"alt_text":"","src":"https:\/\/i0.wp.com\/www.shqiperia.com\/blog\/wp-content\/uploads\/2022\/08\/Dua-Lipa.jpeg?fit=780%2C440&ssl=1&resize=350%2C200","width":350,"height":200,"srcset":"https:\/\/i0.wp.com\/www.shqiperia.com\/blog\/wp-content\/uploads\/2022\/08\/Dua-Lipa.jpeg?fit=780%2C440&ssl=1&resize=350%2C200 1x, https:\/\/i0.wp.com\/www.shqiperia.com\/blog\/wp-content\/uploads\/2022\/08\/Dua-Lipa.jpeg?fit=780%2C440&ssl=1&resize=525%2C300 1.5x, https:\/\/i0.wp.com\/www.shqiperia.com\/blog\/wp-content\/uploads\/2022\/08\/Dua-Lipa.jpeg?fit=780%2C440&ssl=1&resize=700%2C400 2x"},"classes":[]},{"id":45324,"url":"https:\/\/www.shqiperia.com\/blog\/fituesit-e-cmimeve-grammy-beyonce-dhe-taylor-swift-bejne-historine-rremben-trofe-dhe-dua-lipa\/","url_meta":{"origin":36613,"position":4},"title":"Fituesit e \u00e7mimeve \u2018Grammy\u2019\/ Beyonce dhe Taylor Swift b\u00ebjn\u00eb historin\u00eb, rr\u00ebmben trofe dhe Dua Lipa","author":"Kurt Farka","date":"March 15, 2021","format":false,"excerpt":"Fituesit e \u00e7mimeve \u2018Grammy\u2019\/ Beyonce dhe Taylor Swift b\u00ebjn\u00eb historin\u00eb, rr\u00ebmben trofe dhe Dua Lipa 15 nmarts 2021 Beyonc\u00e9 dhe Taylor Swift, jan\u00eb femrat q\u00eb kan\u00eb shkruar historin\u00eb e ceremonis\u00eb s\u00eb Grammy Awards. Diva Beyonc\u00e9 \u00ebsht\u00eb gruaja q\u00eb ka fituar m\u00eb shum\u00eb \u00e7mime n\u00eb historin\u00eb e Grammy-t, p\u00ebr t\u00eb 28-t\u00ebn\u2026","rel":"","context":"In &quot;Kultura&quot;","block_context":{"text":"Kultura","link":"https:\/\/www.shqiperia.com\/blog\/category\/kultura\/"},"img":{"alt_text":"","src":"https:\/\/i0.wp.com\/www.shqiperia.com\/blog\/wp-content\/uploads\/2021\/03\/unnamed-2.jpg?fit=512%2C223&ssl=1&resize=350%2C200","width":350,"height":200},"classes":[]},{"id":45167,"url":"https:\/\/www.shqiperia.com\/blog\/trashegimi-kendi-i-fotografise-gjarperi-dhe-shqiponja-ne-armiqesi-te-perjetshme\/","url_meta":{"origin":36613,"position":5},"title":"Trashegimi.  Kendi i fotografise: -Gjarperi dhe shqiponja ne armiqesi te perjetshme.\u00a0","author":"Kurt Farka","date":"March 11, 2021","format":false,"excerpt":"Kendi i Fotografise. Gjarperi dhe shqiponja ne armiqesi te perjetshme. Gdhendje druri nga mjeshterit popullor ne nje ikonastas te kishave shqiptare.","rel":"","context":"In &quot;Histori&quot;","block_context":{"text":"Histori","link":"https:\/\/www.shqiperia.com\/blog\/category\/histori\/"},"img":{"alt_text":"","src":"https:\/\/i0.wp.com\/www.shqiperia.com\/blog\/wp-content\/uploads\/2021\/03\/Gdhendje-druri-nga-nje-ikonostas-i-kishave-shqiptare.-Lufta-e-Perjetshme-Gjarperi-he-Shqiponja..jpg?fit=720%2C412&ssl=1&resize=350%2C200","width":350,"height":200,"srcset":"https:\/\/i0.wp.com\/www.shqiperia.com\/blog\/wp-content\/uploads\/2021\/03\/Gdhendje-druri-nga-nje-ikonostas-i-kishave-shqiptare.-Lufta-e-Perjetshme-Gjarperi-he-Shqiponja..jpg?fit=720%2C412&ssl=1&resize=350%2C200 1x, https:\/\/i0.wp.com\/www.shqiperia.com\/blog\/wp-content\/uploads\/2021\/03\/Gdhendje-druri-nga-nje-ikonostas-i-kishave-shqiptare.-Lufta-e-Perjetshme-Gjarperi-he-Shqiponja..jpg?fit=720%2C412&ssl=1&resize=525%2C300 1.5x, https:\/\/i0.wp.com\/www.shqiperia.com\/blog\/wp-content\/uploads\/2021\/03\/Gdhendje-druri-nga-nje-ikonostas-i-kishave-shqiptare.-Lufta-e-Perjetshme-Gjarperi-he-Shqiponja..jpg?fit=720%2C412&ssl=1&resize=700%2C400 2x"},"classes":[]}],"_links":{"self":[{"href":"https:\/\/www.shqiperia.com\/blog\/wp-json\/wp\/v2\/posts\/36613","targetHints":{"allow":["GET"]}}],"collection":[{"href":"https:\/\/www.shqiperia.com\/blog\/wp-json\/wp\/v2\/posts"}],"about":[{"href":"https:\/\/www.shqiperia.com\/blog\/wp-json\/wp\/v2\/types\/post"}],"author":[{"embeddable":true,"href":"https:\/\/www.shqiperia.com\/blog\/wp-json\/wp\/v2\/users\/9"}],"replies":[{"embeddable":true,"href":"https:\/\/www.shqiperia.com\/blog\/wp-json\/wp\/v2\/comments?post=36613"}],"version-history":[{"count":2,"href":"https:\/\/www.shqiperia.com\/blog\/wp-json\/wp\/v2\/posts\/36613\/revisions"}],"predecessor-version":[{"id":36617,"href":"https:\/\/www.shqiperia.com\/blog\/wp-json\/wp\/v2\/posts\/36613\/revisions\/36617"}],"wp:featuredmedia":[{"embeddable":true,"href":"https:\/\/www.shqiperia.com\/blog\/wp-json\/wp\/v2\/media\/36614"}],"wp:attachment":[{"href":"https:\/\/www.shqiperia.com\/blog\/wp-json\/wp\/v2\/media?parent=36613"}],"wp:term":[{"taxonomy":"category","embeddable":true,"href":"https:\/\/www.shqiperia.com\/blog\/wp-json\/wp\/v2\/categories?post=36613"},{"taxonomy":"post_tag","embeddable":true,"href":"https:\/\/www.shqiperia.com\/blog\/wp-json\/wp\/v2\/tags?post=36613"}],"curies":[{"name":"wp","href":"https:\/\/api.w.org\/{rel}","templated":true}]}}