{"id":36609,"date":"2020-07-29T08:50:08","date_gmt":"2020-07-29T08:50:08","guid":{"rendered":"https:\/\/www.shqiperia.com\/blog\/?p=36609"},"modified":"2020-07-29T08:50:08","modified_gmt":"2020-07-29T08:50:08","slug":"spaku-edhe-nje-here-qe-beri-bam-mmm-i-rezoltuan-qe-nuk-jane-ne-kete-bote","status":"publish","type":"post","link":"https:\/\/www.shqiperia.com\/blog\/spaku-edhe-nje-here-qe-beri-bam-mmm-i-rezoltuan-qe-nuk-jane-ne-kete-bote\/","title":{"rendered":"Spaku edhe nje here qe beri Bam &#8230; mmm\u2026 I rezoltuan qe nuk jane ne kete bote \u2026"},"content":{"rendered":"<p><img data-recalc-dims=\"1\" loading=\"lazy\" decoding=\"async\" data-attachment-id=\"36610\" data-permalink=\"https:\/\/www.shqiperia.com\/blog\/spaku-edhe-nje-here-qe-beri-bam-mmm-i-rezoltuan-qe-nuk-jane-ne-kete-bote\/800-0-5f2135f64ed38\/\" data-orig-file=\"https:\/\/i0.wp.com\/www.shqiperia.com\/blog\/wp-content\/uploads\/2020\/07\/800-0-5f2135f64ed38.jpeg?fit=800%2C533&amp;ssl=1\" data-orig-size=\"800,533\" data-comments-opened=\"1\" data-image-meta=\"{&quot;aperture&quot;:&quot;0&quot;,&quot;credit&quot;:&quot;&quot;,&quot;camera&quot;:&quot;&quot;,&quot;caption&quot;:&quot;&quot;,&quot;created_timestamp&quot;:&quot;0&quot;,&quot;copyright&quot;:&quot;&quot;,&quot;focal_length&quot;:&quot;0&quot;,&quot;iso&quot;:&quot;0&quot;,&quot;shutter_speed&quot;:&quot;0&quot;,&quot;title&quot;:&quot;&quot;,&quot;orientation&quot;:&quot;0&quot;}\" data-image-title=\"-800-0-5f2135f64ed38\" data-image-description=\"\" data-image-caption=\"\" data-medium-file=\"https:\/\/i0.wp.com\/www.shqiperia.com\/blog\/wp-content\/uploads\/2020\/07\/800-0-5f2135f64ed38.jpeg?fit=300%2C200&amp;ssl=1\" data-large-file=\"https:\/\/i0.wp.com\/www.shqiperia.com\/blog\/wp-content\/uploads\/2020\/07\/800-0-5f2135f64ed38.jpeg?fit=800%2C533&amp;ssl=1\" class=\"alignnone  wp-image-36610\" alt=\"\" src=\"https:\/\/i0.wp.com\/www.shqiperia.com\/blog\/wp-content\/uploads\/2020\/07\/800-0-5f2135f64ed38.jpeg?resize=443%2C295&#038;ssl=1\" width=\"443\" height=\"295\" srcset=\"https:\/\/i0.wp.com\/www.shqiperia.com\/blog\/wp-content\/uploads\/2020\/07\/800-0-5f2135f64ed38.jpeg?resize=300%2C200&amp;ssl=1 300w, https:\/\/i0.wp.com\/www.shqiperia.com\/blog\/wp-content\/uploads\/2020\/07\/800-0-5f2135f64ed38.jpeg?resize=768%2C512&amp;ssl=1 768w, https:\/\/i0.wp.com\/www.shqiperia.com\/blog\/wp-content\/uploads\/2020\/07\/800-0-5f2135f64ed38.jpeg?resize=600%2C400&amp;ssl=1 600w, https:\/\/i0.wp.com\/www.shqiperia.com\/blog\/wp-content\/uploads\/2020\/07\/800-0-5f2135f64ed38.jpeg?resize=450%2C300&amp;ssl=1 450w, https:\/\/i0.wp.com\/www.shqiperia.com\/blog\/wp-content\/uploads\/2020\/07\/800-0-5f2135f64ed38.jpeg?resize=400%2C267&amp;ssl=1 400w, https:\/\/i0.wp.com\/www.shqiperia.com\/blog\/wp-content\/uploads\/2020\/07\/800-0-5f2135f64ed38.jpeg?w=800&amp;ssl=1 800w\" sizes=\"auto, (max-width: 443px) 100vw, 443px\" \/><\/p>\n<p>Spaku edhe nje here qe beri Bam\u00a0\u00a0 mmm\u2026 I rezoltuan qe nuk jane ne kete bote \u2026<\/p>\n<p>E pazakont\u00eb! Urdh\u00ebr arrestet p\u00ebr dosjen 339\/ Policia shkon p\u00ebr arrestimin e komisioner\u00ebve, por has n\u00eb t\u00eb papritur, &#8216;llogarit\u00eb&#8217; e SPAK nuk ishin b\u00ebr\u00eb sakt\u00eb<\/p>\n<p>29 Korrik 2020<\/p>\n<p>SPAK nj\u00eb dit\u00eb m\u00eb par\u00eb l\u00ebshoi 22 urdh\u00ebr-arreste, ku mes tyre edhe komisioner\u00eb n\u00eb lidhje me dosjen 339, por zbatimi i tyre ka hasur n\u00eb t\u00eb papritura. Nd\u00ebrsa policia ka vajtur p\u00ebr t\u00eb \u2018arrestuar\u2019 dy prej komisioner\u00ebve, \u00ebsht\u00eb konstatuar se ata kan\u00eb nd\u00ebrruar jet\u00eb nj\u00eb muaj m\u00eb par\u00eb.<\/p>\n<p>B\u00ebhet fjal\u00eb p\u00ebr komisioner\u00ebt \u00a0Kasem Lala dhe Besim Bregu p\u00ebr t\u00eb cil\u00eb Prokuroria e Posa\u00e7me k\u00ebrkoi arrestimin n\u00eb kuad\u00ebr t\u00eb dosjes 339 p\u00ebr zgjedhjet n\u00eb Durr\u00ebs. Sipas SPAK dy komisioner\u00ebt t\u00eb cil\u00ebt kan\u00eb nd\u00ebrruar jet\u00eb nuk jan\u00eb crregjistruar nga familjar\u00ebt e tyre.<\/p>\n<p>Gjykata e Posa\u00e7me p\u00ebr Korrupsionin dhe Krimin e Organizuar nj\u00eb\u00a0 dit\u00eb m\u00eb par\u00eb caktoi masat e sigurimit personal p\u00ebr 22 shtetas.<\/p>\n","protected":false},"excerpt":{"rendered":"<p>Spaku edhe nje here qe beri Bam\u00a0\u00a0 mmm\u2026 I rezoltuan qe nuk jane ne kete bote \u2026 E pazakont\u00eb! Urdh\u00ebr arrestet p\u00ebr dosjen 339\/ Policia shkon p\u00ebr arrestimin e komisioner\u00ebve, por has n\u00eb t\u00eb papritur, &#8216;llogarit\u00eb&#8217; e SPAK nuk ishin b\u00ebr\u00eb sakt\u00eb 29 Korrik 2020 SPAK nj\u00eb dit\u00eb m\u00eb par\u00eb l\u00ebshoi 22 urdh\u00ebr-arreste, ku mes [&hellip;]<\/p>\n","protected":false},"author":9,"featured_media":36610,"comment_status":"open","ping_status":"open","sticky":false,"template":"","format":"standard","meta":{"jetpack_post_was_ever_published":false,"_jetpack_newsletter_access":"","_jetpack_dont_email_post_to_subs":false,"_jetpack_newsletter_tier_id":0,"_jetpack_memberships_contains_paywalled_content":false,"_jetpack_memberships_contains_paid_content":false,"footnotes":"","jetpack_publicize_message":"","jetpack_publicize_feature_enabled":true,"jetpack_social_post_already_shared":true,"jetpack_social_options":{"image_generator_settings":{"template":"highway","default_image_id":0,"font":"","enabled":false},"version":2}},"categories":[27,14,35],"tags":[],"class_list":["post-36609","post","type-post","status-publish","format-standard","has-post-thumbnail","hentry","category-blogu-i-udhetarit","category-press-releases","category-shoqerore"],"jetpack_publicize_connections":[],"jetpack_featured_media_url":"https:\/\/i0.wp.com\/www.shqiperia.com\/blog\/wp-content\/uploads\/2020\/07\/800-0-5f2135f64ed38.jpeg?fit=800%2C533&ssl=1","jetpack_sharing_enabled":true,"jetpack_shortlink":"https:\/\/wp.me\/p5Z6wp-9wt","jetpack-related-posts":[{"id":61667,"url":"https:\/\/www.shqiperia.com\/blog\/kjo-eshte-e-rende-spartak-ngjela-zbulon-shkeljen-qe-mund-te-kete-bere-gledis-nano-rrezikon-te-arrestohet-nese-nuk-ka-respektuar\/","url_meta":{"origin":36609,"position":0},"title":"\u201cKjo \u00ebsht\u00eb e r\u00ebnd\u00eb\u201d, Spartak Ngjela zbulon shkeljen q\u00eb mund t\u00eb ket\u00eb b\u00ebr\u00eb Gledis Nano: &#8211; Rrezikon t\u00eb arrestohet, n\u00ebse nuk ka respektuar&#8230;","author":"Kurt Farka","date":"August 31, 2022","format":false,"excerpt":"31 Gusht 2022 Shkarkimin e Gledis Nanos si drejtor i P\u00ebrgjithsh\u00ebm i Policis\u00eb s\u00eb Shtetit, avokati Spartak Ngjela e sheh nj\u00eb vendim t\u00eb marr\u00eb n\u00eb kushtet e flagranc\u00ebs. Ngjela:\u00a0Nuk e dim\u00eb shkakun duhet ta gjej\u00eb gazetaria. E papritur u duk, 9 muaj ka. Por ka ndodhur nj\u00eb gj\u00eb flagrante, se\u2026","rel":"","context":"In &quot;Blogu i Udh\u00ebtarit&quot;","block_context":{"text":"Blogu i Udh\u00ebtarit","link":"https:\/\/www.shqiperia.com\/blog\/category\/blogu-i-udhetarit\/"},"img":{"alt_text":"","src":"https:\/\/i0.wp.com\/www.shqiperia.com\/blog\/wp-content\/uploads\/2022\/08\/800-0-630fb6b421a0d.jpg?fit=800%2C492&ssl=1&resize=350%2C200","width":350,"height":200,"srcset":"https:\/\/i0.wp.com\/www.shqiperia.com\/blog\/wp-content\/uploads\/2022\/08\/800-0-630fb6b421a0d.jpg?fit=800%2C492&ssl=1&resize=350%2C200 1x, https:\/\/i0.wp.com\/www.shqiperia.com\/blog\/wp-content\/uploads\/2022\/08\/800-0-630fb6b421a0d.jpg?fit=800%2C492&ssl=1&resize=525%2C300 1.5x, https:\/\/i0.wp.com\/www.shqiperia.com\/blog\/wp-content\/uploads\/2022\/08\/800-0-630fb6b421a0d.jpg?fit=800%2C492&ssl=1&resize=700%2C400 2x"},"classes":[]},{"id":76133,"url":"https:\/\/www.shqiperia.com\/blog\/spaku-kjo-parti-e-re-pertej-te-majtes-dhe-te-djathtes\/","url_meta":{"origin":36609,"position":1},"title":"SPAKU, kjo \u201cParti\u201d e Re, p\u00ebrtej t\u00eb Majt\u00ebs dhe t\u00eb Djatht\u00ebs\u2026","author":"Kurt Farka","date":"December 7, 2023","format":false,"excerpt":"7 Dhjetor 2023 N\u00eb rrokopuj\u00ebn e debateve, her\u00eb pjellore dhe her\u00eb shterpe q\u00eb kan\u00eb shp\u00ebrthyer mbas arrestimit t\u00eb Malltezit, ngren\u00eb krye shum\u00eb tema. Sepse duke par\u00eb milionat \u201clegale\u201d t\u00eb eurove n\u00eb qarkullim, nd\u00ebr oligark\u00eb dhe nd\u00ebr familjar\u00eb t\u00eb politikan\u00ebve, po kuptohet gjithmon\u00eb e m\u00eb shum\u00eb se ka dy Shqip\u00ebri paralele.\u2026","rel":"","context":"In &quot;Blogu i Udh\u00ebtarit&quot;","block_context":{"text":"Blogu i Udh\u00ebtarit","link":"https:\/\/www.shqiperia.com\/blog\/category\/blogu-i-udhetarit\/"},"img":{"alt_text":"","src":"https:\/\/i0.wp.com\/www.shqiperia.com\/blog\/wp-content\/uploads\/2023\/12\/Artur-Zheji-770x434-1.jpg?fit=770%2C434&ssl=1&resize=350%2C200","width":350,"height":200,"srcset":"https:\/\/i0.wp.com\/www.shqiperia.com\/blog\/wp-content\/uploads\/2023\/12\/Artur-Zheji-770x434-1.jpg?fit=770%2C434&ssl=1&resize=350%2C200 1x, https:\/\/i0.wp.com\/www.shqiperia.com\/blog\/wp-content\/uploads\/2023\/12\/Artur-Zheji-770x434-1.jpg?fit=770%2C434&ssl=1&resize=525%2C300 1.5x, https:\/\/i0.wp.com\/www.shqiperia.com\/blog\/wp-content\/uploads\/2023\/12\/Artur-Zheji-770x434-1.jpg?fit=770%2C434&ssl=1&resize=700%2C400 2x"},"classes":[]},{"id":90790,"url":"https:\/\/www.shqiperia.com\/blog\/maskat-te-one-klodiana-lala-jep-detaje-per-ngjarjen-e-fshehur-te-tre-muajve-me-pare\/","url_meta":{"origin":36609,"position":2},"title":"MASKAT TE \u201cONE\u201d, Klodiana Lala jep detaje p\u00ebr ngjarjen e fshehur t\u00eb tre muajve m\u00eb par\u00eb","author":"Kurt Farka","date":"March 28, 2025","format":false,"excerpt":"28 Mars 2025 Kompania \"One\" \u00ebsht\u00eb nj\u00eb nga klientet kryesore t\u00eb Arb\u00ebr Veliajt, q\u00eb \u00ebsht\u00eb v\u00ebllai i kryebashkiakut t\u00eb Tiran\u00ebs, Erion Veliaj. Gazetarja Klodiana Lala shpjegoi n\u00eb emisionin \u201cT\u00eb Paekspozuarit\u201d n\u00eb MCN TV bastisjen e maskave n\u00eb zyrat e kompanis\u00eb telefonike \u201cOne\u201d nat\u00ebn e Krishtlindjeve 2024 dhe njoftimin e policis\u00eb\u2026","rel":"","context":"In &quot;Blogu i Udh\u00ebtarit&quot;","block_context":{"text":"Blogu i Udh\u00ebtarit","link":"https:\/\/www.shqiperia.com\/blog\/category\/blogu-i-udhetarit\/"},"img":{"alt_text":"","src":"https:\/\/i0.wp.com\/www.shqiperia.com\/blog\/wp-content\/uploads\/2025\/03\/Ngjarja-kompania-One-celularet-maskat-prishja-kompjuterat.jpg?fit=1185%2C610&ssl=1&resize=350%2C200","width":350,"height":200,"srcset":"https:\/\/i0.wp.com\/www.shqiperia.com\/blog\/wp-content\/uploads\/2025\/03\/Ngjarja-kompania-One-celularet-maskat-prishja-kompjuterat.jpg?fit=1185%2C610&ssl=1&resize=350%2C200 1x, https:\/\/i0.wp.com\/www.shqiperia.com\/blog\/wp-content\/uploads\/2025\/03\/Ngjarja-kompania-One-celularet-maskat-prishja-kompjuterat.jpg?fit=1185%2C610&ssl=1&resize=525%2C300 1.5x, https:\/\/i0.wp.com\/www.shqiperia.com\/blog\/wp-content\/uploads\/2025\/03\/Ngjarja-kompania-One-celularet-maskat-prishja-kompjuterat.jpg?fit=1185%2C610&ssl=1&resize=700%2C400 2x, https:\/\/i0.wp.com\/www.shqiperia.com\/blog\/wp-content\/uploads\/2025\/03\/Ngjarja-kompania-One-celularet-maskat-prishja-kompjuterat.jpg?fit=1185%2C610&ssl=1&resize=1050%2C600 3x"},"classes":[]},{"id":87862,"url":"https:\/\/www.shqiperia.com\/blog\/arrestimi-i-jurgis-cyrbes-me-urdher-te-spak-rama-une-pergjigjem-per-punen-time\/","url_meta":{"origin":36609,"position":3},"title":"Arrestimi i Jurgis \u00c7yrbes me urdh\u00ebr t\u00eb SPAK, Rama: &#8211; Un\u00eb p\u00ebrgjigjem p\u00ebr pun\u00ebn time","author":"Kurt Farka","date":"December 28, 2024","format":false,"excerpt":"28 Dhjetor 2024 N\u00eb intervist\u00ebn p\u00ebr Z\u00ebrin e Amerik\u00ebs, Kryeministri Edi Rama \u00ebsht\u00eb pyetur nga gazetari Armand Mero lidhur me arrestimin e Jurgis \u00c7yrbja, ish-deputet i PS-s\u00eb, i cili nga p\u00ebrgjimet e SKY E\u00c7, rezultoi i lidhur me eksponent\u00eb t\u00eb krimit t\u00eb organizuar, madje q\u00eb kishin ndikuar edhe n\u00eb list\u00ebn\u2026","rel":"","context":"In &quot;Blogu i Udh\u00ebtarit&quot;","block_context":{"text":"Blogu i Udh\u00ebtarit","link":"https:\/\/www.shqiperia.com\/blog\/category\/blogu-i-udhetarit\/"},"img":{"alt_text":"","src":"https:\/\/i0.wp.com\/www.shqiperia.com\/blog\/wp-content\/uploads\/2024\/12\/rama-Cyrbja-1032x570-1.jpg?fit=1032%2C570&ssl=1&resize=350%2C200","width":350,"height":200,"srcset":"https:\/\/i0.wp.com\/www.shqiperia.com\/blog\/wp-content\/uploads\/2024\/12\/rama-Cyrbja-1032x570-1.jpg?fit=1032%2C570&ssl=1&resize=350%2C200 1x, https:\/\/i0.wp.com\/www.shqiperia.com\/blog\/wp-content\/uploads\/2024\/12\/rama-Cyrbja-1032x570-1.jpg?fit=1032%2C570&ssl=1&resize=525%2C300 1.5x, https:\/\/i0.wp.com\/www.shqiperia.com\/blog\/wp-content\/uploads\/2024\/12\/rama-Cyrbja-1032x570-1.jpg?fit=1032%2C570&ssl=1&resize=700%2C400 2x"},"classes":[]},{"id":90522,"url":"https:\/\/www.shqiperia.com\/blog\/hajdut-xhepash-berisha-publikon-pergjimet-e-balles-ja-si-ben-pazare-suel-cela-pini-i-thote-se-dosjen-do-e-kalonin-ne-ofl\/","url_meta":{"origin":36609,"position":4},"title":"&#8220;Hajdut xhepash&#8221; &#8211; Berisha publikon p\u00ebrgjimet e Ball\u00ebs: &#8211; Ja si b\u00ebn pazare Suel \u00c7ela, pini i thot\u00eb se dosjen do e kalonin n\u00eb OFL","author":"Kurt Farka","date":"March 17, 2025","format":false,"excerpt":"17 Mars 2025 Kreu i PD, Sali Berisha \u00ebsht\u00eb paraqitur vet\u00ebm pak momente m\u00eb par\u00eb n\u00eb ambientet e Prokuroris\u00eb s\u00eb Posa\u00e7me, SPAK. N\u00eb nj\u00eb prononcim p\u00ebr media, Berisha u shpreh se amnistimi i krimit elektoral nga Dumani dhe Skapi i partis\u00eb \u00ebsht\u00eb krimi antikushtetues dhe antidemokratik m\u00eb i madh n\u00eb\u2026","rel":"","context":"In &quot;Njoftime Shtypi&quot;","block_context":{"text":"Njoftime Shtypi","link":"https:\/\/www.shqiperia.com\/blog\/category\/njoftime-shtypi\/"},"img":{"alt_text":"","src":"https:\/\/i0.wp.com\/www.shqiperia.com\/blog\/wp-content\/uploads\/2025\/03\/600-388-6c15a571f3a7afaa197868443593d546.jpg?fit=600%2C388&ssl=1&resize=350%2C200","width":350,"height":200,"srcset":"https:\/\/i0.wp.com\/www.shqiperia.com\/blog\/wp-content\/uploads\/2025\/03\/600-388-6c15a571f3a7afaa197868443593d546.jpg?fit=600%2C388&ssl=1&resize=350%2C200 1x, https:\/\/i0.wp.com\/www.shqiperia.com\/blog\/wp-content\/uploads\/2025\/03\/600-388-6c15a571f3a7afaa197868443593d546.jpg?fit=600%2C388&ssl=1&resize=525%2C300 1.5x"},"classes":[]},{"id":34876,"url":"https:\/\/www.shqiperia.com\/blog\/spak-nis-hetimet-per-prishjen-e-teatrit-kombetar-kush-eshte-prokurori-qe-merr-ne-dore-dosjen\/","url_meta":{"origin":36609,"position":5},"title":"SPAK nis hetimet p\u00ebr prishjen e Teatrit Komb\u00ebtar, kush \u00ebsht\u00eb prokurori q\u00eb merr n\u00eb dor\u00eb dosjen","author":"Kurt Farka","date":"May 21, 2020","format":false,"excerpt":"SPAK nis hetimet p\u00ebr prishjen e Teatrit Komb\u00ebtar, kush \u00ebsht\u00eb prokurori q\u00eb merr n\u00eb dor\u00eb dosjen 21 maji 2020 Prokuroria speciale SPAK ka nisur zyrtarisht hetimet lidhur me shembjen e Teatrit Komb\u00ebtar me nj\u00eb vendim t\u00eb dyshimt\u00eb nga ana e Bashkis\u00eb s\u00eb Tiran\u00ebs, e cila sipas disa ekspert\u00ebve ka vendosur\u2026","rel":"","context":"In &quot;Blogu i Udh\u00ebtarit&quot;","block_context":{"text":"Blogu i Udh\u00ebtarit","link":"https:\/\/www.shqiperia.com\/blog\/category\/blogu-i-udhetarit\/"},"img":{"alt_text":"","src":"https:\/\/i0.wp.com\/www.shqiperia.com\/blog\/wp-content\/uploads\/2020\/05\/shembja-teatri-750x430-1.jpg?fit=750%2C430&ssl=1&resize=350%2C200","width":350,"height":200,"srcset":"https:\/\/i0.wp.com\/www.shqiperia.com\/blog\/wp-content\/uploads\/2020\/05\/shembja-teatri-750x430-1.jpg?fit=750%2C430&ssl=1&resize=350%2C200 1x, https:\/\/i0.wp.com\/www.shqiperia.com\/blog\/wp-content\/uploads\/2020\/05\/shembja-teatri-750x430-1.jpg?fit=750%2C430&ssl=1&resize=525%2C300 1.5x, https:\/\/i0.wp.com\/www.shqiperia.com\/blog\/wp-content\/uploads\/2020\/05\/shembja-teatri-750x430-1.jpg?fit=750%2C430&ssl=1&resize=700%2C400 2x"},"classes":[]}],"_links":{"self":[{"href":"https:\/\/www.shqiperia.com\/blog\/wp-json\/wp\/v2\/posts\/36609","targetHints":{"allow":["GET"]}}],"collection":[{"href":"https:\/\/www.shqiperia.com\/blog\/wp-json\/wp\/v2\/posts"}],"about":[{"href":"https:\/\/www.shqiperia.com\/blog\/wp-json\/wp\/v2\/types\/post"}],"author":[{"embeddable":true,"href":"https:\/\/www.shqiperia.com\/blog\/wp-json\/wp\/v2\/users\/9"}],"replies":[{"embeddable":true,"href":"https:\/\/www.shqiperia.com\/blog\/wp-json\/wp\/v2\/comments?post=36609"}],"version-history":[{"count":1,"href":"https:\/\/www.shqiperia.com\/blog\/wp-json\/wp\/v2\/posts\/36609\/revisions"}],"predecessor-version":[{"id":36611,"href":"https:\/\/www.shqiperia.com\/blog\/wp-json\/wp\/v2\/posts\/36609\/revisions\/36611"}],"wp:featuredmedia":[{"embeddable":true,"href":"https:\/\/www.shqiperia.com\/blog\/wp-json\/wp\/v2\/media\/36610"}],"wp:attachment":[{"href":"https:\/\/www.shqiperia.com\/blog\/wp-json\/wp\/v2\/media?parent=36609"}],"wp:term":[{"taxonomy":"category","embeddable":true,"href":"https:\/\/www.shqiperia.com\/blog\/wp-json\/wp\/v2\/categories?post=36609"},{"taxonomy":"post_tag","embeddable":true,"href":"https:\/\/www.shqiperia.com\/blog\/wp-json\/wp\/v2\/tags?post=36609"}],"curies":[{"name":"wp","href":"https:\/\/api.w.org\/{rel}","templated":true}]}}