{"id":36605,"date":"2020-07-29T08:10:25","date_gmt":"2020-07-29T08:10:25","guid":{"rendered":"https:\/\/www.shqiperia.com\/blog\/?p=36605"},"modified":"2020-07-29T08:10:25","modified_gmt":"2020-07-29T08:10:25","slug":"kohe-kovidiane-u-mbars-spak-dhe","status":"publish","type":"post","link":"https:\/\/www.shqiperia.com\/blog\/kohe-kovidiane-u-mbars-spak-dhe\/","title":{"rendered":"KOH\u00cb KOVIDIANE: &#8211; \u00a0U mbars SPAK dhe \u2026"},"content":{"rendered":"<p><img data-recalc-dims=\"1\" loading=\"lazy\" decoding=\"async\" data-attachment-id=\"36606\" data-permalink=\"https:\/\/www.shqiperia.com\/blog\/kohe-kovidiane-u-mbars-spak-dhe\/unnamed-12\/\" data-orig-file=\"https:\/\/i0.wp.com\/www.shqiperia.com\/blog\/wp-content\/uploads\/2020\/07\/unnamed.png?fit=512%2C297&amp;ssl=1\" data-orig-size=\"512,297\" data-comments-opened=\"1\" data-image-meta=\"{&quot;aperture&quot;:&quot;0&quot;,&quot;credit&quot;:&quot;&quot;,&quot;camera&quot;:&quot;&quot;,&quot;caption&quot;:&quot;&quot;,&quot;created_timestamp&quot;:&quot;0&quot;,&quot;copyright&quot;:&quot;&quot;,&quot;focal_length&quot;:&quot;0&quot;,&quot;iso&quot;:&quot;0&quot;,&quot;shutter_speed&quot;:&quot;0&quot;,&quot;title&quot;:&quot;&quot;,&quot;orientation&quot;:&quot;0&quot;}\" data-image-title=\"unnamed\" data-image-description=\"\" data-image-caption=\"\" data-medium-file=\"https:\/\/i0.wp.com\/www.shqiperia.com\/blog\/wp-content\/uploads\/2020\/07\/unnamed.png?fit=300%2C174&amp;ssl=1\" data-large-file=\"https:\/\/i0.wp.com\/www.shqiperia.com\/blog\/wp-content\/uploads\/2020\/07\/unnamed.png?fit=512%2C297&amp;ssl=1\" class=\"alignnone  wp-image-36606\" alt=\"\" src=\"https:\/\/i0.wp.com\/www.shqiperia.com\/blog\/wp-content\/uploads\/2020\/07\/unnamed.png?resize=635%2C368&#038;ssl=1\" width=\"635\" height=\"368\" srcset=\"https:\/\/i0.wp.com\/www.shqiperia.com\/blog\/wp-content\/uploads\/2020\/07\/unnamed.png?resize=300%2C174&amp;ssl=1 300w, https:\/\/i0.wp.com\/www.shqiperia.com\/blog\/wp-content\/uploads\/2020\/07\/unnamed.png?resize=450%2C261&amp;ssl=1 450w, https:\/\/i0.wp.com\/www.shqiperia.com\/blog\/wp-content\/uploads\/2020\/07\/unnamed.png?resize=400%2C232&amp;ssl=1 400w, https:\/\/i0.wp.com\/www.shqiperia.com\/blog\/wp-content\/uploads\/2020\/07\/unnamed.png?w=512&amp;ssl=1 512w\" sizes=\"auto, (max-width: 635px) 100vw, 635px\" \/><\/p>\n<p>KOH\u00cb KOVIDIANE: &#8211; \u00a0U mbars SPAK dhe \u2026<\/p>\n<p>Nga Dr. Tritan Kalo.<\/p>\n<p>KOH\u00cb KOVIDIANE\u2026.U mbars SPAK dhe b\u00ebri KAPS 20 komisioner\u00eb t\u00eb paguar 2.000 Lek\u00eb p\u00ebr nj\u00eb ose disa dit\u00eb pune t\u00eb porositur nga patron\u00ebt e tyre politik\u00eb\u2026.PASURIT\u00cb komb\u00ebtare, Pronat Publike e jo vet\u00ebm, MILIONAT e Buxhetit u GLLAB\u00cbRUAN e vijojn\u00eb t\u00eb shp\u00ebrdorohen, POR ato nuk p\u00ebrb\u00ebjn\u00eb rrezik p\u00ebr ARDHM\u00cbRIN\u00cb e MBROTH\u00cbSIN\u00cb e DEMON-KRACIS\u00cb s\u00eb k\u00ebtij vendi\u2026Ishin k\u00ebta \u201cqafir\u00eb\u201d komisioner\u00eb t\u00eb cil\u00ebt e ndot\u00ebn pro\u00e7esin, zgjedhor tashm\u00eb t\u00eb tejndotur q\u00eb prej Majit 1996\u2026.N\u00cb BURG t\u00eb kalben q\u00eb t\u2019u shp\u00ebtojn\u00eb patron\u00ebve t\u00eb tyre politik\u00eb ato 2.000 lek\u00eb t\u00eb cilat ua kan\u00eb dh\u00ebn\u00eb atyre, POR q\u00eb tash e tutje askush t\u00eb mos mendoj\u00eb se do t\u2019i mar\u00eb m\u00eb dhe m\u00eb k\u00ebt\u00eb akt t\u00eb \u201cfu-qish\u00ebm\u201d antikorruptiv KAPS\/SPAK, po shp\u00ebton e pastron nj\u00ebher\u00eb e mir\u00eb pro\u00e7esin ton\u00eb zgjedhor nga turpi i manipulimit t\u00eb tij, si dhe po pastron imazhin e ndotur me keqdashje e akuza reciproke t\u00eb lid\u00ebrve tan\u00eb politiqen\u00ebr.\u2026.O tempora, o mores!!!&#8230;.NE si profesionist\u00eb t\u00eb Sh\u00ebndet\u00ebsis\u00eb Publike dhe jo vet\u00ebm n\u00eb nd\u00ebrkoh\u00eb, po trajtohemi si dikur \u201cindigjen\u00ebt e Amerik\u00ebs\u201d nga \u201ckonkuistator\u00ebt e mir\u00ebpaguar dhe sh\u00ebrb\u00ebtor\u00ebt e tyre\u201d t\u00eb OBSH\/WHO, CDC, ECDC and co, t\u00eb cil\u00ebt vijojn\u00eb t\u00eb na ofrojn\u00eb platforma\/\u201dguidelines\u201d, kur(v)ba, grafiqe e diagrama, projeksione, projekte e skema mjekimi kundrath\u00ebn\u00ebse ta atyre q\u00eb vet\u00eb kan\u00eb ofruar jav\u00eb m\u00eb par\u00eb, p\u00ebr ti ndalur gjoja hovin d\u00ebmeve t\u00eb cilat po shkakton \u201cFLAMA MBAR\u00cbBOT\u00cbRE\u201d e Sars-Cov2\/Covid-19, POR q\u00eb n\u00eb fakt me to vijojn\u00eb t\u00eb mbjellin vet\u00ebm \u00e7oroditje, nd\u00ebrsa virusi vijon t\u00eb hedh\u00eb valle e t\u00eb mar\u00eb jet\u00eb njer\u00ebzish\u2026..D\u00cbMET po i paguajm\u00eb ne t\u00eb gjith\u00eb\u2026.DEMON-KRACIJA vet\u00ebm e vet\u00ebm po d\u00ebshton s\u00eb vendosuri nj\u00eb Sistem Demokratik p\u00ebrftues p\u00ebr t\u00eb gjith\u00eb shtresat e shoq\u00ebris\u00eb. VARF\u00cbRIA dhe HENDEKU social po thellohet dita-dit\u00ebs dhe PARTITOKRACIJA dominuese e pas ndryshimeve Kushtetuese t\u00eb Prillit 2008, po ja thellojn\u00eb edhe m\u00eb shum\u00eb varin DEMOKRACIS\u00cb n\u00eb vet\u00eb jet\u00ebn funksionale t\u00eb Partive politike si dhe n\u00eb Jet\u00ebn ton\u00eb socio-ekonimiko-politike\u2026..<\/p>\n<div id=\"attachment_36607\" style=\"width: 449px\" class=\"wp-caption alignnone\"><img data-recalc-dims=\"1\" loading=\"lazy\" decoding=\"async\" aria-describedby=\"caption-attachment-36607\" data-attachment-id=\"36607\" data-permalink=\"https:\/\/www.shqiperia.com\/blog\/kohe-kovidiane-u-mbars-spak-dhe\/mjeku-tritan-kalo\/\" data-orig-file=\"https:\/\/i0.wp.com\/www.shqiperia.com\/blog\/wp-content\/uploads\/2020\/07\/Mjeku-Tritan-Kalo.jpg?fit=292%2C312&amp;ssl=1\" data-orig-size=\"292,312\" data-comments-opened=\"1\" data-image-meta=\"{&quot;aperture&quot;:&quot;0&quot;,&quot;credit&quot;:&quot;&quot;,&quot;camera&quot;:&quot;&quot;,&quot;caption&quot;:&quot;&quot;,&quot;created_timestamp&quot;:&quot;0&quot;,&quot;copyright&quot;:&quot;&quot;,&quot;focal_length&quot;:&quot;0&quot;,&quot;iso&quot;:&quot;0&quot;,&quot;shutter_speed&quot;:&quot;0&quot;,&quot;title&quot;:&quot;&quot;,&quot;orientation&quot;:&quot;0&quot;}\" data-image-title=\"Mjeku Tritan Kalo\" data-image-description=\"\" data-image-caption=\"&lt;p&gt;Mjeku Tritan Kalo&lt;\/p&gt;\n\" data-medium-file=\"https:\/\/i0.wp.com\/www.shqiperia.com\/blog\/wp-content\/uploads\/2020\/07\/Mjeku-Tritan-Kalo.jpg?fit=281%2C300&amp;ssl=1\" data-large-file=\"https:\/\/i0.wp.com\/www.shqiperia.com\/blog\/wp-content\/uploads\/2020\/07\/Mjeku-Tritan-Kalo.jpg?fit=292%2C312&amp;ssl=1\" class=\" wp-image-36607\" alt=\"\" src=\"https:\/\/i0.wp.com\/www.shqiperia.com\/blog\/wp-content\/uploads\/2020\/07\/Mjeku-Tritan-Kalo.jpg?resize=439%2C469&#038;ssl=1\" width=\"439\" height=\"469\" srcset=\"https:\/\/i0.wp.com\/www.shqiperia.com\/blog\/wp-content\/uploads\/2020\/07\/Mjeku-Tritan-Kalo.jpg?resize=281%2C300&amp;ssl=1 281w, https:\/\/i0.wp.com\/www.shqiperia.com\/blog\/wp-content\/uploads\/2020\/07\/Mjeku-Tritan-Kalo.jpg?w=292&amp;ssl=1 292w\" sizes=\"auto, (max-width: 439px) 100vw, 439px\" \/><p id=\"caption-attachment-36607\" class=\"wp-caption-text\">Mjeku Tritan Kalo<\/p><\/div>\n<p>D\u00ebmin po e paguajm\u00eb edhe ne vet\u00eb si MANTELBARDH\u00cb, sepse po punojm\u00eb dhe po ofrojm\u00eb cil\u00ebsisht kontributin dhe ndihmes\u00ebn ton\u00eb n\u00eb m\u00ebnyr\u00eb sa m\u00eb profesionale p\u00ebr tu p\u00ebrballur me sfid\u00ebn Sars-C0v2\/Covid-19, duke daravitur me sa mundemi \u201cMJEGULLNAJ\u00cbN\u201d e k\u00ebtyre \u201cudh\u00ebzimeve\u201d\/\u201dguidelines\u201d\/projeksioneve\/projekteve shpesh kontradiktore t\u00eb OBSH\/WHO\/CDC\/ECDC and Co\u2026.Punojm\u00eb dhe kontribuojm\u00eb br\u00ebnda \u201chapsir\u00ebs s\u00eb zon\u00ebs s\u00eb kuqe t\u00eb Covid-19\u201d, jo se e kemi jet\u00ebn ton\u00eb t\u00eb tep\u00ebrt, POR p\u00ebr t\u00eb krijuar m\u00eb shum\u00eb BESIM dhe MIR\u00cbBESIM p\u00ebr pun\u00ebn dhe profesionalizmin ton\u00eb, p\u00ebr t\u00eb q\u00ebn\u00eb m\u00eb shum\u00eb PRAN\u00cb shqetsimeve t\u00eb atyre q\u00eb luftojn\u00eb p\u00ebr jet\u00ebn me k\u00ebt\u00eb virus s\u00ebmundje-shkaktues dhe jet\u00eb-marr\u00ebs, p\u00ebr t\u00eb KUPTUAR edhe m\u00eb mir\u00eb e p\u00ebr t\u00eb zbuluar enigmat e shumta q\u00eb mveshin ecurin\u00eb klinike t\u00eb k\u00ebtij infeksioni, si dhe p\u00ebr t\u00eb KONFIRMUAR faktin se n\u00ebse din t\u00eb ruhesh e t\u00eb zbatosh rregullat e ofruara p\u00ebr shmangjen e infektimit nga Sars-Cov1\/Covid-19, nj\u00eb gj\u00eb e till\u00eb \u00ebsht\u00eb plot\u00ebsisht e mund\u00ebshme\u2026.JU DUAM dhe VIJOJM\u00cb me P\u00cbRKUSHTIM e PROFESIONALIZ\u00cbM t\u00eb kujdesemi p\u00ebr ju, POR edhe ju vijoni t\u00eb KUJDESENI edhe m\u00eb shum\u00eb p\u00ebr veten tuaj\u2026.\u00c7do jet\u00eb e humbur \u00ebsht\u00eb e pa\u00e7mimt\u00eb\u2026.MOS HARONI se \u201cBARRIERAT mbrojt\u00ebse\u201d t\u00eb mosh\u00ebs dhe t\u00eb \u201cMOS-PATURIT\u201d e nj\u00eb s\u00ebmundje, JAN\u00cb RR\u00cbZUAR tashm\u00eb, nga ajo \u00e7ka na ofruan k\u00ebto muaj t\u00eb p\u00ebrballjes me sfid\u00ebn e Sars-Cov2\/Covid-19\u2026.T\u00cb GJITH\u00cb jemi t\u00eb ekspozuar dhe t\u00eb rrezikuar nga Sars-Cov2\/Covid-19\u2026.KUJDES po e vet\u00ebm po&#8230;&#8230;PANIK jo dhe vet\u00ebm jo!!!<\/p>\n","protected":false},"excerpt":{"rendered":"<p>KOH\u00cb KOVIDIANE: &#8211; \u00a0U mbars SPAK dhe \u2026 Nga Dr. Tritan Kalo. KOH\u00cb KOVIDIANE\u2026.U mbars SPAK dhe b\u00ebri KAPS 20 komisioner\u00eb t\u00eb paguar 2.000 Lek\u00eb p\u00ebr nj\u00eb ose disa dit\u00eb pune t\u00eb porositur nga patron\u00ebt e tyre politik\u00eb\u2026.PASURIT\u00cb komb\u00ebtare, Pronat Publike e jo vet\u00ebm, MILIONAT e Buxhetit u GLLAB\u00cbRUAN e vijojn\u00eb t\u00eb shp\u00ebrdorohen, POR ato [&hellip;]<\/p>\n","protected":false},"author":9,"featured_media":36606,"comment_status":"open","ping_status":"open","sticky":false,"template":"","format":"standard","meta":{"jetpack_post_was_ever_published":false,"_jetpack_newsletter_access":"","_jetpack_dont_email_post_to_subs":false,"_jetpack_newsletter_tier_id":0,"_jetpack_memberships_contains_paywalled_content":false,"_jetpack_memberships_contains_paid_content":false,"footnotes":"","jetpack_publicize_message":"","jetpack_publicize_feature_enabled":true,"jetpack_social_post_already_shared":true,"jetpack_social_options":{"image_generator_settings":{"template":"highway","default_image_id":0,"font":"","enabled":false},"version":2}},"categories":[27,2,35],"tags":[],"class_list":["post-36605","post","type-post","status-publish","format-standard","has-post-thumbnail","hentry","category-blogu-i-udhetarit","category-politika","category-shoqerore"],"jetpack_publicize_connections":[],"jetpack_featured_media_url":"https:\/\/i0.wp.com\/www.shqiperia.com\/blog\/wp-content\/uploads\/2020\/07\/unnamed.png?fit=512%2C297&ssl=1","jetpack_sharing_enabled":true,"jetpack_shortlink":"https:\/\/wp.me\/p5Z6wp-9wp","jetpack-related-posts":[{"id":91142,"url":"https:\/\/www.shqiperia.com\/blog\/britaniket-kerkojne-nga-spak-dhe-kqz-verifikimin-e-kandidateve-per-deputet-per-te-kaluaren-kriminale-liste-me\/","url_meta":{"origin":36605,"position":0},"title":"Britanik\u00ebt k\u00ebrkojn\u00eb nga SPAK dhe KQZ verifikimin e kandidat\u00ebve p\u00ebr deputet p\u00ebr t\u00eb kaluar\u00ebn kriminale, list\u00eb me\u2026","author":"Kurt Farka","date":"April 7, 2025","format":false,"excerpt":"7 Prill 2025 Teksa nj\u00eb muaj e pak dit\u00eb na ndan nga zgjedhjet e 11 majit,\u00a0nj\u00eb furtun\u00eb duket se po p\u00ebrfshin sken\u00ebn politike shqiptare, ku m\u00ebsohet se autoritetet britanike i kan\u00eb k\u00ebrkuar zyrtarisht SPAK dhe KQZ-s\u00eb verifikimin e plot\u00eb t\u00eb kandidat\u00ebve p\u00ebr deputet\u00eb, p\u00ebr t\u00eb kaluar\u00ebn e tyre kriminale. N\u00eb\u2026","rel":"","context":"In &quot;Blogu i Udh\u00ebtarit&quot;","block_context":{"text":"Blogu i Udh\u00ebtarit","link":"https:\/\/www.shqiperia.com\/blog\/category\/blogu-i-udhetarit\/"},"img":{"alt_text":"","src":"https:\/\/i0.wp.com\/www.shqiperia.com\/blog\/wp-content\/uploads\/2025\/04\/foto-faqe-2-2.webp?fit=1170%2C658&ssl=1&resize=350%2C200","width":350,"height":200,"srcset":"https:\/\/i0.wp.com\/www.shqiperia.com\/blog\/wp-content\/uploads\/2025\/04\/foto-faqe-2-2.webp?fit=1170%2C658&ssl=1&resize=350%2C200 1x, https:\/\/i0.wp.com\/www.shqiperia.com\/blog\/wp-content\/uploads\/2025\/04\/foto-faqe-2-2.webp?fit=1170%2C658&ssl=1&resize=525%2C300 1.5x, https:\/\/i0.wp.com\/www.shqiperia.com\/blog\/wp-content\/uploads\/2025\/04\/foto-faqe-2-2.webp?fit=1170%2C658&ssl=1&resize=700%2C400 2x, https:\/\/i0.wp.com\/www.shqiperia.com\/blog\/wp-content\/uploads\/2025\/04\/foto-faqe-2-2.webp?fit=1170%2C658&ssl=1&resize=1050%2C600 3x"},"classes":[]},{"id":89072,"url":"https:\/\/www.shqiperia.com\/blog\/agron-shehaj-adriatk-lapaj-ka-marre-para-nga-nje-kompani-qe-eshte-nen-hetim-nga-spak-u\/","url_meta":{"origin":36605,"position":1},"title":"Agron Shehaj: &#8211; Adriatk Lapaj ka marr\u00eb para nga nj\u00eb kompani q\u00eb \u00ebsht\u00eb n\u00ebn hetim nga SPAK-u","author":"Kurt Farka","date":"February 5, 2025","format":false,"excerpt":"5 Shkurt 2025 Dit\u00ebn e sotme kan\u00eb zier t\u00eb gjitha portalet nga nj\u00eb akuz\u00eb q\u00eb Agron Shehaj i ka b\u00ebr\u00eb n\u00eb diastanc\u00eb, Adriatik Llapajt dhe l\u00ebvizjes s\u00eb tij politike. Kreu i partis\u00eb \"Mund\u00ebsia\", Agron Shehaj, ishte i ftuar n\u00eb emisionin \"Ora e Betit\", n\u00eb \"Ora News\", ku nd\u00ebr t\u00eb tjera\u2026","rel":"","context":"In &quot;Blogu i Udh\u00ebtarit&quot;","block_context":{"text":"Blogu i Udh\u00ebtarit","link":"https:\/\/www.shqiperia.com\/blog\/category\/blogu-i-udhetarit\/"},"img":{"alt_text":"","src":"https:\/\/i0.wp.com\/www.shqiperia.com\/blog\/wp-content\/uploads\/2025\/02\/600-388-68f1dbba-166c-471c-8593-d8784551f429-1738786773.jpeg?fit=600%2C388&ssl=1&resize=350%2C200","width":350,"height":200,"srcset":"https:\/\/i0.wp.com\/www.shqiperia.com\/blog\/wp-content\/uploads\/2025\/02\/600-388-68f1dbba-166c-471c-8593-d8784551f429-1738786773.jpeg?fit=600%2C388&ssl=1&resize=350%2C200 1x, https:\/\/i0.wp.com\/www.shqiperia.com\/blog\/wp-content\/uploads\/2025\/02\/600-388-68f1dbba-166c-471c-8593-d8784551f429-1738786773.jpeg?fit=600%2C388&ssl=1&resize=525%2C300 1.5x"},"classes":[]},{"id":52653,"url":"https:\/\/www.shqiperia.com\/blog\/60-mije-punonjes-me-shume-ne-prill-2021-spak-u-i-ka-provat-publike-paloka-krimi-zgjedhor-brenda-skandalit\/","url_meta":{"origin":36605,"position":2},"title":"60 mij\u00eb punonj\u00ebs m\u00eb shum\u00eb n\u00eb prill 2021! SPAK-u i ka provat publike. Paloka: &#8211; &#8220;Krimi zgjedhor brenda skandalit&#8221;.","author":"Kurt Farka","date":"December 23, 2021","format":false,"excerpt":"60 mij\u00eb punonj\u00ebs m\u00eb shum\u00eb n\u00eb prill 2021! SPAK-u i ka provat publike. Paloka: - \"Krimi zgjedhor brenda skandalit\". 23 Dhjetoe 2021 Deputeti i PD-s\u00eb, Edi Paloka, ka reaguar pas publikimit n\u00eb mediat t\u00eb data-base me list\u00ebpages\u00ebn e rreth 700 mij\u00eb qytetar\u00ebve, duke theksuar se krimi zgjedhor i 25 prillit\u2026","rel":"","context":"In &quot;Blogu i Udh\u00ebtarit&quot;","block_context":{"text":"Blogu i Udh\u00ebtarit","link":"https:\/\/www.shqiperia.com\/blog\/category\/blogu-i-udhetarit\/"},"img":{"alt_text":"","src":"https:\/\/i0.wp.com\/www.shqiperia.com\/blog\/wp-content\/uploads\/2021\/12\/big_2017-10-18-photo-00000005.jpg?fit=606%2C351&ssl=1&resize=350%2C200","width":350,"height":200,"srcset":"https:\/\/i0.wp.com\/www.shqiperia.com\/blog\/wp-content\/uploads\/2021\/12\/big_2017-10-18-photo-00000005.jpg?fit=606%2C351&ssl=1&resize=350%2C200 1x, https:\/\/i0.wp.com\/www.shqiperia.com\/blog\/wp-content\/uploads\/2021\/12\/big_2017-10-18-photo-00000005.jpg?fit=606%2C351&ssl=1&resize=525%2C300 1.5x"},"classes":[]},{"id":88791,"url":"https:\/\/www.shqiperia.com\/blog\/amnistoi-te-gjitha-krimet-zgjedhore-te-shkuara-spak-del-me-njoftim-qesharak-altin-dumani-do-reshte-ramen-mos-vjedhe-zgjedhjet\/","url_meta":{"origin":36605,"position":3},"title":"Amnistoi t\u00eb gjitha krimet zgjedhore t\u00eb shkuara\/ SPAK del me njoftim qesharak: Altin Dumani do resht\u00eb Ram\u00ebn mos vjedh\u00eb zgjedhjet","author":"Kurt Farka","date":"January 29, 2025","format":false,"excerpt":"29 Janar 2025 SPAK ka shp\u00ebrndar\u00eb dit\u00ebn e sotme nj\u00eb njoftim qesharak p\u00ebr mediat, ku thot\u00eb se do ngrihet nj\u00eb TASK-FORCE speciale p\u00ebr krimet zgjedhore. Pra, SPAK-u i Ram\u00ebs do resht\u00eb Ram\u00ebn mos vjedh\u00eb zgjedhjet. SPAK nuk ka hetuar deri m\u00eb sot asnj\u00eb krim zgjedhor edhe pse ka denoncime dhe\u2026","rel":"","context":"In &quot;Blogu i Udh\u00ebtarit&quot;","block_context":{"text":"Blogu i Udh\u00ebtarit","link":"https:\/\/www.shqiperia.com\/blog\/category\/blogu-i-udhetarit\/"},"img":{"alt_text":"","src":"https:\/\/i0.wp.com\/www.shqiperia.com\/blog\/wp-content\/uploads\/2025\/01\/auto_auto_esjdfc6517331604391738152980.jpg?fit=900%2C508&ssl=1&resize=350%2C200","width":350,"height":200,"srcset":"https:\/\/i0.wp.com\/www.shqiperia.com\/blog\/wp-content\/uploads\/2025\/01\/auto_auto_esjdfc6517331604391738152980.jpg?fit=900%2C508&ssl=1&resize=350%2C200 1x, https:\/\/i0.wp.com\/www.shqiperia.com\/blog\/wp-content\/uploads\/2025\/01\/auto_auto_esjdfc6517331604391738152980.jpg?fit=900%2C508&ssl=1&resize=525%2C300 1.5x, https:\/\/i0.wp.com\/www.shqiperia.com\/blog\/wp-content\/uploads\/2025\/01\/auto_auto_esjdfc6517331604391738152980.jpg?fit=900%2C508&ssl=1&resize=700%2C400 2x"},"classes":[]},{"id":81174,"url":"https:\/\/www.shqiperia.com\/blog\/gazetari-dervishi-u-godit-selia-kryesore-e-krimit-ja-vendndodhja-dikush-prej-tyre-e-ka-pasur-kryeministrine-te-liqeni-artificial\/","url_meta":{"origin":36605,"position":4},"title":"Gazetari Dervishi: &#8211; U godit selia kryesore e krimit, ja vendndodhja. &#8211; &#8220;Dikush prej tyre e ka pasur kryeministrin\u00eb te Liqeni Artificial&#8221;","author":"Kurt Farka","date":"May 19, 2024","format":false,"excerpt":"19 Maji 2024 ....\"Pra koh\u00eb pas kohe n\u00eb Shqip\u00ebri jan\u00eb shfaqur dhe kryeministrat e krimit, t\u00eb fort\u00ebt e krimit\". Tem\u00eb e debatit p\u00ebr k\u00ebt\u00eb t\u00eb shtun\u00eb, ishte operacioni i nd\u00ebrmarr\u00eb nga SPAK, ku u godit\u00ebn 7 nga grupe m\u00eb t\u00eb fuqishme kriminale n\u00eb Shqip\u00ebri dhe ku u sekuestruan disa milion\u00eb\u2026","rel":"","context":"In &quot;Blogu i Udh\u00ebtarit&quot;","block_context":{"text":"Blogu i Udh\u00ebtarit","link":"https:\/\/www.shqiperia.com\/blog\/category\/blogu-i-udhetarit\/"},"img":{"alt_text":"","src":"https:\/\/i0.wp.com\/www.shqiperia.com\/blog\/wp-content\/uploads\/2024\/05\/800-0-66490ed6a5f50.png?fit=800%2C520&ssl=1&resize=350%2C200","width":350,"height":200,"srcset":"https:\/\/i0.wp.com\/www.shqiperia.com\/blog\/wp-content\/uploads\/2024\/05\/800-0-66490ed6a5f50.png?fit=800%2C520&ssl=1&resize=350%2C200 1x, https:\/\/i0.wp.com\/www.shqiperia.com\/blog\/wp-content\/uploads\/2024\/05\/800-0-66490ed6a5f50.png?fit=800%2C520&ssl=1&resize=525%2C300 1.5x, https:\/\/i0.wp.com\/www.shqiperia.com\/blog\/wp-content\/uploads\/2024\/05\/800-0-66490ed6a5f50.png?fit=800%2C520&ssl=1&resize=700%2C400 2x"},"classes":[]},{"id":47470,"url":"https:\/\/www.shqiperia.com\/blog\/pd-denoncon-emrat-e-deputeteve-te-ps-votat-ne-berat-u-blene-me-50-mije-leke-ja-provat-per-perseritjen-e-zgjedhjeve\/","url_meta":{"origin":36605,"position":5},"title":"PD denoncon emrat e deputet\u00ebve t\u00eb PS: &#8211; Votat n\u00eb Berat u blen\u00eb me 50 mij\u00eb lek\u00eb! &#8211; Ja provat p\u00ebr p\u00ebrs\u00ebritjen e zgjedhjeve","author":"Kurt Farka","date":"May 14, 2021","format":false,"excerpt":"PD denoncon emrat e deputet\u00ebve t\u00eb PS: - Votat n\u00eb Berat u blen\u00eb me 50 mij\u00eb lek\u00eb! - Ja provat p\u00ebr p\u00ebrs\u00ebritjen e zgjedhjeve 14 maji 2021 Komisioni i Ankesave dhe Sanksioneve n\u00eb KQZ shqyrton sot k\u00ebrkes\u00ebn ankimore t\u00eb PD dhe LSI p\u00ebr qarkun e Beratit. P\u00ebrfaq\u00ebsuesi ligjor i PD\u2026","rel":"","context":"In &quot;Blogu i Udh\u00ebtarit&quot;","block_context":{"text":"Blogu i Udh\u00ebtarit","link":"https:\/\/www.shqiperia.com\/blog\/category\/blogu-i-udhetarit\/"},"img":{"alt_text":"","src":"https:\/\/i0.wp.com\/www.shqiperia.com\/blog\/wp-content\/uploads\/2021\/05\/perfaqesuesi-i-pd-ne-kqz.jpg?fit=719%2C374&ssl=1&resize=350%2C200","width":350,"height":200,"srcset":"https:\/\/i0.wp.com\/www.shqiperia.com\/blog\/wp-content\/uploads\/2021\/05\/perfaqesuesi-i-pd-ne-kqz.jpg?fit=719%2C374&ssl=1&resize=350%2C200 1x, https:\/\/i0.wp.com\/www.shqiperia.com\/blog\/wp-content\/uploads\/2021\/05\/perfaqesuesi-i-pd-ne-kqz.jpg?fit=719%2C374&ssl=1&resize=525%2C300 1.5x, https:\/\/i0.wp.com\/www.shqiperia.com\/blog\/wp-content\/uploads\/2021\/05\/perfaqesuesi-i-pd-ne-kqz.jpg?fit=719%2C374&ssl=1&resize=700%2C400 2x"},"classes":[]}],"_links":{"self":[{"href":"https:\/\/www.shqiperia.com\/blog\/wp-json\/wp\/v2\/posts\/36605","targetHints":{"allow":["GET"]}}],"collection":[{"href":"https:\/\/www.shqiperia.com\/blog\/wp-json\/wp\/v2\/posts"}],"about":[{"href":"https:\/\/www.shqiperia.com\/blog\/wp-json\/wp\/v2\/types\/post"}],"author":[{"embeddable":true,"href":"https:\/\/www.shqiperia.com\/blog\/wp-json\/wp\/v2\/users\/9"}],"replies":[{"embeddable":true,"href":"https:\/\/www.shqiperia.com\/blog\/wp-json\/wp\/v2\/comments?post=36605"}],"version-history":[{"count":1,"href":"https:\/\/www.shqiperia.com\/blog\/wp-json\/wp\/v2\/posts\/36605\/revisions"}],"predecessor-version":[{"id":36608,"href":"https:\/\/www.shqiperia.com\/blog\/wp-json\/wp\/v2\/posts\/36605\/revisions\/36608"}],"wp:featuredmedia":[{"embeddable":true,"href":"https:\/\/www.shqiperia.com\/blog\/wp-json\/wp\/v2\/media\/36606"}],"wp:attachment":[{"href":"https:\/\/www.shqiperia.com\/blog\/wp-json\/wp\/v2\/media?parent=36605"}],"wp:term":[{"taxonomy":"category","embeddable":true,"href":"https:\/\/www.shqiperia.com\/blog\/wp-json\/wp\/v2\/categories?post=36605"},{"taxonomy":"post_tag","embeddable":true,"href":"https:\/\/www.shqiperia.com\/blog\/wp-json\/wp\/v2\/tags?post=36605"}],"curies":[{"name":"wp","href":"https:\/\/api.w.org\/{rel}","templated":true}]}}