{"id":36481,"date":"2020-07-26T08:52:02","date_gmt":"2020-07-26T08:52:02","guid":{"rendered":"https:\/\/www.shqiperia.com\/blog\/?p=36481"},"modified":"2020-07-26T08:52:02","modified_gmt":"2020-07-26T08:52:02","slug":"qyteti-mesjetar-i-krujes-permes-artit-pamor","status":"publish","type":"post","link":"https:\/\/www.shqiperia.com\/blog\/qyteti-mesjetar-i-krujes-permes-artit-pamor\/","title":{"rendered":"Qyteti mesjetar i Kruj\u00ebs p\u00ebrmes artit pamor"},"content":{"rendered":"<p><img data-recalc-dims=\"1\" loading=\"lazy\" decoding=\"async\" data-attachment-id=\"36482\" data-permalink=\"https:\/\/www.shqiperia.com\/blog\/qyteti-mesjetar-i-krujes-permes-artit-pamor\/kruja-905x395\/\" data-orig-file=\"https:\/\/i0.wp.com\/www.shqiperia.com\/blog\/wp-content\/uploads\/2020\/07\/Kruja-905x395-1.jpg?fit=905%2C395&amp;ssl=1\" data-orig-size=\"905,395\" data-comments-opened=\"1\" data-image-meta=\"{&quot;aperture&quot;:&quot;0&quot;,&quot;credit&quot;:&quot;&quot;,&quot;camera&quot;:&quot;&quot;,&quot;caption&quot;:&quot;&quot;,&quot;created_timestamp&quot;:&quot;0&quot;,&quot;copyright&quot;:&quot;&quot;,&quot;focal_length&quot;:&quot;0&quot;,&quot;iso&quot;:&quot;0&quot;,&quot;shutter_speed&quot;:&quot;0&quot;,&quot;title&quot;:&quot;&quot;,&quot;orientation&quot;:&quot;0&quot;}\" data-image-title=\"Kruja-905&#215;395\" data-image-description=\"\" data-image-caption=\"\" data-medium-file=\"https:\/\/i0.wp.com\/www.shqiperia.com\/blog\/wp-content\/uploads\/2020\/07\/Kruja-905x395-1.jpg?fit=300%2C131&amp;ssl=1\" data-large-file=\"https:\/\/i0.wp.com\/www.shqiperia.com\/blog\/wp-content\/uploads\/2020\/07\/Kruja-905x395-1.jpg?fit=905%2C395&amp;ssl=1\" class=\"alignnone  wp-image-36482\" alt=\"\" src=\"https:\/\/i0.wp.com\/www.shqiperia.com\/blog\/wp-content\/uploads\/2020\/07\/Kruja-905x395-1.jpg?resize=511%2C223&#038;ssl=1\" width=\"511\" height=\"223\" srcset=\"https:\/\/i0.wp.com\/www.shqiperia.com\/blog\/wp-content\/uploads\/2020\/07\/Kruja-905x395-1.jpg?resize=300%2C131&amp;ssl=1 300w, https:\/\/i0.wp.com\/www.shqiperia.com\/blog\/wp-content\/uploads\/2020\/07\/Kruja-905x395-1.jpg?resize=768%2C335&amp;ssl=1 768w, https:\/\/i0.wp.com\/www.shqiperia.com\/blog\/wp-content\/uploads\/2020\/07\/Kruja-905x395-1.jpg?resize=450%2C196&amp;ssl=1 450w, https:\/\/i0.wp.com\/www.shqiperia.com\/blog\/wp-content\/uploads\/2020\/07\/Kruja-905x395-1.jpg?resize=600%2C262&amp;ssl=1 600w, https:\/\/i0.wp.com\/www.shqiperia.com\/blog\/wp-content\/uploads\/2020\/07\/Kruja-905x395-1.jpg?resize=400%2C175&amp;ssl=1 400w, https:\/\/i0.wp.com\/www.shqiperia.com\/blog\/wp-content\/uploads\/2020\/07\/Kruja-905x395-1.jpg?w=905&amp;ssl=1 905w\" sizes=\"auto, (max-width: 511px) 100vw, 511px\" \/><\/p>\n<p><strong>Qyteti mesjetar i Kruj\u00ebs p\u00ebrmes artit pamor<\/strong><\/p>\n<p><strong>Dr. Dorian Ko\u00e7i\u00a0<\/strong><\/p>\n<p><em>Kruja \u00ebsht\u00eb zemra e bot\u00ebs.<\/em><\/p>\n<p><strong>Zef\u00a0 Skiro\u2019 Di Maxho<\/strong><\/p>\n<ul>\n<li><strong>Kruja si kryqendra e rezistenc\u00ebs arb\u00ebre<\/strong><\/li>\n<\/ul>\n<p>Kruja si kryeqendra e qendres\u00ebs arb\u00ebre n\u00eb shekullin e XV ka qen\u00eb n\u00eb v\u00ebmendjen e humanizmit evropian. Epopeja e madhe e Gjergj Kastriot Sk\u00ebnderbeut , p\u00ebrve\u00e7se ndikimeve gjeopolitike q\u00eb pati n\u00eb rajon ka merit\u00ebn se solli n\u00eb v\u00ebmendje t\u00eb Per\u00ebndimit,\u00a0 Arb\u00ebrin\u00eb dhe kryeqendr\u00ebn e shtetit t\u00eb tij Kruj\u00ebn. Ky shtim i ve\u00e7ant\u00eb i v\u00ebmendjes politike e kulturore u arrit n\u00ebp\u00ebrmjet thirrjeve p\u00ebr ndihm\u00eb n\u00eb krijimin e aleancave dhe mobilizimin kulturor, moral dhe fetar ndaj osman\u00ebve q\u00eb po mundoheshin n\u00ebp\u00ebrmjet pushtimeve t\u00eb ashpra t\u00eb asimilonin brenda perandoris\u00eb s\u00eb tyre k\u00ebto territore. N\u00eb Arb\u00ebri, ku b\u00ebhet rezistenc\u00eb zbarkojn\u00eb vullnetar\u00eb dhe trupa ushtarake napolitan\u00eb, katalan\u00eb, gjerman\u00eb dhe anglez\u00eb t\u00eb gjith\u00eb t\u00eb p\u00ebrbetuar p\u00ebr t\u00eb luftuar osman\u00ebt dhe p\u00ebr t\u00eb mbrojtur Evrop\u00ebn dhe krishterimin. Edhe pse numri i tyre nuk \u00ebsht\u00eb i p\u00ebrfillsh\u00ebm p\u00ebr t\u00eb ndaluar val\u00ebn e pushtimit otoman, letrat dhe kancelarit\u00eb q\u00eb p\u00ebrfaq\u00ebsojn\u00eb, idet\u00eb dhe kultur\u00ebn q\u00eb sjellin b\u00ebjn\u00eb t\u00eb mundur q\u00eb ideja e mbrojtjes s\u00eb Evrop\u00ebs t\u00eb konkretizohet n\u00ebp\u00ebrmjet aleancave t\u00eb ndryshme q\u00eb ata i k\u00ebrkojn\u00eb Pap\u00ebs s\u00eb Rom\u00ebs p\u00ebr t\u00eb udh\u00ebhequr kund\u00ebr t\u00eb \u2018pabes\u00ebve\u201d .Nga ana tjet\u00ebr kjo p\u00ebrpjekje e tyre pasqyron realitetin q\u00eb gjejn\u00eb n\u00eb Arb\u00ebri dhe kryeqendr\u00ebn e saj Kruj\u00ebn. Vet\u00eb, udh\u00ebheq\u00ebsi shqiptar, Sk\u00ebnderbeu \u00ebsht\u00eb i nd\u00ebrgjegjsh\u00ebm se vepron n\u00eb mbrojte t\u00eb Evrop\u00ebs n\u00eb gjith\u00eb korrespodenc\u00ebn q\u00eb ai ka me princat evropian\u00eb por dhe ata vet\u00eb nuk m\u00ebnojn\u00eb ta njohin kontributin e tij n\u00eb k\u00ebt\u00eb p\u00ebrpjekje fatale. Papa i Rom\u00ebs e shpall at\u00eb Atlet t\u00eb Krishtit, kurse i d\u00ebrguari special i Pap\u00ebs , kalor\u00ebsi anglez John of Ne\u00ebport do ti shkruaj\u00eb atij se e vetmja rezistenc\u00eb serioze ndaj osman\u00ebve ishin shqiptar\u00ebt dhe se po t\u00eb binte kjo fortes\u00eb, at\u00ebher\u00eb shum\u00eb shpejt ata do t\u00eb ishin n\u00eb Itali.<\/p>\n<p><img data-recalc-dims=\"1\" loading=\"lazy\" decoding=\"async\" data-attachment-id=\"36483\" data-permalink=\"https:\/\/www.shqiperia.com\/blog\/qyteti-mesjetar-i-krujes-permes-artit-pamor\/p1600482\/\" data-orig-file=\"https:\/\/i0.wp.com\/www.shqiperia.com\/blog\/wp-content\/uploads\/2020\/07\/P1600482.jpg?fit=1600%2C1067&amp;ssl=1\" data-orig-size=\"1600,1067\" data-comments-opened=\"1\" data-image-meta=\"{&quot;aperture&quot;:&quot;3.5&quot;,&quot;credit&quot;:&quot;&quot;,&quot;camera&quot;:&quot;DMC-GH4&quot;,&quot;caption&quot;:&quot;&quot;,&quot;created_timestamp&quot;:&quot;1462552212&quot;,&quot;copyright&quot;:&quot;&quot;,&quot;focal_length&quot;:&quot;14&quot;,&quot;iso&quot;:&quot;2000&quot;,&quot;shutter_speed&quot;:&quot;0.016666666666667&quot;,&quot;title&quot;:&quot;&quot;,&quot;orientation&quot;:&quot;1&quot;}\" data-image-title=\"P1600482\" data-image-description=\"\" data-image-caption=\"\" data-medium-file=\"https:\/\/i0.wp.com\/www.shqiperia.com\/blog\/wp-content\/uploads\/2020\/07\/P1600482.jpg?fit=300%2C200&amp;ssl=1\" data-large-file=\"https:\/\/i0.wp.com\/www.shqiperia.com\/blog\/wp-content\/uploads\/2020\/07\/P1600482.jpg?fit=1024%2C683&amp;ssl=1\" class=\"alignnone  wp-image-36483\" alt=\"\" src=\"https:\/\/i0.wp.com\/www.shqiperia.com\/blog\/wp-content\/uploads\/2020\/07\/P1600482.jpg?resize=602%2C401&#038;ssl=1\" width=\"602\" height=\"401\" srcset=\"https:\/\/i0.wp.com\/www.shqiperia.com\/blog\/wp-content\/uploads\/2020\/07\/P1600482.jpg?resize=300%2C200&amp;ssl=1 300w, https:\/\/i0.wp.com\/www.shqiperia.com\/blog\/wp-content\/uploads\/2020\/07\/P1600482.jpg?resize=1024%2C683&amp;ssl=1 1024w, https:\/\/i0.wp.com\/www.shqiperia.com\/blog\/wp-content\/uploads\/2020\/07\/P1600482.jpg?resize=768%2C512&amp;ssl=1 768w, https:\/\/i0.wp.com\/www.shqiperia.com\/blog\/wp-content\/uploads\/2020\/07\/P1600482.jpg?resize=1536%2C1024&amp;ssl=1 1536w, https:\/\/i0.wp.com\/www.shqiperia.com\/blog\/wp-content\/uploads\/2020\/07\/P1600482.jpg?resize=600%2C400&amp;ssl=1 600w, https:\/\/i0.wp.com\/www.shqiperia.com\/blog\/wp-content\/uploads\/2020\/07\/P1600482.jpg?resize=450%2C300&amp;ssl=1 450w, https:\/\/i0.wp.com\/www.shqiperia.com\/blog\/wp-content\/uploads\/2020\/07\/P1600482.jpg?resize=1500%2C1000&amp;ssl=1 1500w, https:\/\/i0.wp.com\/www.shqiperia.com\/blog\/wp-content\/uploads\/2020\/07\/P1600482.jpg?resize=1300%2C867&amp;ssl=1 1300w, https:\/\/i0.wp.com\/www.shqiperia.com\/blog\/wp-content\/uploads\/2020\/07\/P1600482.jpg?resize=400%2C267&amp;ssl=1 400w, https:\/\/i0.wp.com\/www.shqiperia.com\/blog\/wp-content\/uploads\/2020\/07\/P1600482.jpg?w=1600&amp;ssl=1 1600w\" sizes=\"auto, (max-width: 602px) 100vw, 602px\" \/><\/p>\n<ul>\n<li><strong>Imazhi humanist i Kruj\u00ebs mesjetare<\/strong><\/li>\n<\/ul>\n<p>P\u00ebrmes k\u00ebtyre burimeve historike \u00ebsht\u00eb b\u00ebr\u00eb e mundur t\u00eb hidhet drit\u00eb mbi aksionin politik dhe jet\u00ebn e Sk\u00ebnderbeut, por pak \u00ebsht\u00eb hedhur drit\u00eb nga g\u00ebrmimet arkeologjike p\u00ebrsa i p\u00ebrket sesi mund t\u00eb ket\u00eb qen\u00eb qyteti mesjetar i Kruj\u00ebs. Por n\u00ebse \u00ebsht\u00eb v\u00ebshtir\u00eb q\u00eb t\u00eb rind\u00ebrtohet nj\u00eb model arkitekturor mesjetar i Kruj\u00ebs, \u00a0n\u00eb librin \u201cHistoria e Sk\u00ebnderbeut\u201d t\u00eb shkruar nga Marin Barleti n\u00eb gjuh\u00ebn latine e t\u00eb p\u00ebrkthyer n\u00eb gjermanisht mund t\u00eb gjejm\u00eb Kruj\u00ebn imagjinare. N\u00eb gjuh\u00ebn gjermane vepra e Barletit u p\u00ebrkthye nga Johann Pinicianus (1478 \u2013 1542). Kjo vep\u00ebr pati dy botime n\u00eb 1537 dhe n\u00eb 1578 . Skenderbeu paraqitej n\u00eb bot\u00ebn gjermanike pas nj\u00eb kontrasti t\u00eb madh kulturor q\u00eb kishte formuar ndarja e Europ\u00ebs n\u00eb dy pjes\u00eb pas invazionit osman.\u00a0 N\u00eb vitin e larg\u00ebt t\u00eb 1450, kur Johanes Gutenberg shpiku shtypshkronj\u00ebn, Kruja, kryeqyteti i Shqip\u00ebris\u00eb n\u00eb koh\u00ebn e Sk\u00ebnderbeut po vuante rrethimin e saj t\u00eb par\u00eb nga Sulltan Murat II. Ishte koha kur Sk\u00ebnderbeu me fitoret e tij mbi osman\u00ebt filloi t\u00eb kthehej n\u00eb shpres\u00ebn dhe vullnetin e Evrop\u00ebs. Sk\u00ebnderbeu mbrojti me sukses Kruj\u00ebn kund\u00ebr tre rrethimeve t\u00eb organizuara nga Murat II dhe Mehmet II, dy nga pushtuesit m\u00eb t\u00eb tmerrsh\u00ebm t\u00eb asaj periudhe, q\u00eb udh\u00ebhoq\u00ebn ushtrit\u00eb m\u00eb t\u00eb fuqishme n\u00eb bot\u00eb. Por n\u00eb t\u00eb v\u00ebrtet\u00eb Sk\u00ebnderbeu ishte m\u00eb shum\u00eb se sa thjesht nj\u00eb komandant i talentuar ushtarak; ai ishte gjithashtu nj\u00eb njeri i Rilindjes Evropiane dhe Humanizmit q\u00eb po niste t\u00eb shfaqej n\u00eb at\u00eb koh\u00eb n\u00eb Evrop\u00eb. Veprimet e tij ushtarake kund\u00ebr osman\u00ebve ishin nj\u00ebkoh\u00ebsisht edhe veprime kulturore dhe politike. Ilustruesi i \u201cHistoris\u00eb s\u00eb Sk\u00ebnderbeut\u201d t\u00eb Marin Barletit, botimit t\u00eb dyt\u00eb n\u00eb gjermanisht\u00a0 \u00ebsht\u00eb miniaturisti dhe piktori gjerman Jost Amman, (1539-1591). Gravura m\u00eb e r\u00ebnd\u00ebsishme e Jost Ammanit n\u00eb k\u00ebt\u00eb botim \u00a0t\u00eb vitit 1578 t\u00eb Frankfurtit \u00ebsht\u00eb ilustrimi i nj\u00eb beteje t\u00eb osman\u00ebve n\u00eb muret e Kruj\u00ebs. N\u00eb nj\u00eb nga k\u00ebt\u00eb gravur\u00eb kemi pasqyrimin e qytetit t\u00eb Kruj\u00ebs si nj\u00eb qytet mesjetar europian ku n\u00eb sfond dallohen disa kisha, arkitektura antike, tempuj me kolonada, nd\u00ebrtesa monumentale me harqe dhe stil gotik, muret me kontraforte, porta e madhe e hyrjes, n\u00eb pjes\u00ebn kulmore t\u00eb kompozimit gravuror mbi nj\u00eb tjet\u00ebr kull\u00eb t\u00eb rrumbullak\u00ebt ngrihet pak i anuar n\u00eb shtiz\u00eb nj\u00eb flamur i madh me shqiponj\u00ebn dykrenare, flamuri heraldik i Sk\u00ebnderbeut.<a><\/a><a href=\"http:\/\/www.gazetadita.al\/qyteti-mesjetar-i-krujes-permes-artit-pamor\/#_ftn1\">[1]<\/a>\u00a0Jost Amman nuk ka qen\u00eb n\u00eb Arb\u00ebri por n\u00ebp\u00ebrmjet imagjinat\u00ebs s\u00eb vet p\u00ebrmes leximit t\u00eb vepr\u00ebs s\u00eb Barletit pikturon nj\u00eb qytet t\u00eb tipologjis\u00eb europiane t\u00eb koh\u00ebs. Ky vizatim i Amman n\u00ebn ndikimin e frym\u00ebs humaniste p\u00ebrforcon nj\u00eb proces historik m\u00eb t\u00eb hersh\u00ebm q\u00eb kishte filluar n\u00eb territoret e Arb\u00ebrit. N\u00eb brigjet e Adriatikut lindor \u00a0evolojn\u00eb qendrat urbane n\u00eb\u00a0 qytete republika t\u00eb cilat do t\u00eb ken\u00eb nj\u00eb tregti t\u00eb zhvilluar por dhe statuset e tyre shum\u00eb t\u00eb r\u00ebnd\u00ebsish\u00ebm p\u00ebr qeverisjen e qyteteve dhe p\u00ebr t\u00eb rregulluar marr\u00ebdh\u00ebniet me jasht\u00eb dhe t\u00eb shtetasve t\u00eb tjer\u00eb me qytetet. K\u00ebto statute jan\u00eb t\u00eb ngjashme me ato t\u00eb qyteteve italiane dhe nj\u00eb pjes\u00eb t\u00eb madhe z\u00eb koncepti i liris\u00eb s\u00eb qytetar\u00ebve dhe administrimi kolegjial i tyre n\u00ebp\u00ebrmjet nj\u00eb k\u00ebshilli t\u00eb zgjedhur t\u00eb p\u00ebrb\u00ebr\u00eb nga qytetar\u00ebt m\u00eb t\u00eb shquar.<\/p>\n<p><img data-recalc-dims=\"1\" loading=\"lazy\" decoding=\"async\" data-attachment-id=\"36484\" data-permalink=\"https:\/\/www.shqiperia.com\/blog\/qyteti-mesjetar-i-krujes-permes-artit-pamor\/necc88_muzeun_kombecc88tar_gjergj_kastrioti_skecc88nderbeu\/\" data-orig-file=\"https:\/\/i0.wp.com\/www.shqiperia.com\/blog\/wp-content\/uploads\/2020\/07\/necc88_muzeun_kombecc88tar_gjergj_kastrioti_skecc88nderbeu.jpg?fit=566%2C755&amp;ssl=1\" data-orig-size=\"566,755\" data-comments-opened=\"1\" data-image-meta=\"{&quot;aperture&quot;:&quot;0&quot;,&quot;credit&quot;:&quot;&quot;,&quot;camera&quot;:&quot;&quot;,&quot;caption&quot;:&quot;&quot;,&quot;created_timestamp&quot;:&quot;0&quot;,&quot;copyright&quot;:&quot;&quot;,&quot;focal_length&quot;:&quot;0&quot;,&quot;iso&quot;:&quot;0&quot;,&quot;shutter_speed&quot;:&quot;0&quot;,&quot;title&quot;:&quot;&quot;,&quot;orientation&quot;:&quot;0&quot;}\" data-image-title=\"necc88_muzeun_kombecc88tar_gjergj_kastrioti_skecc88nderbeu\" data-image-description=\"\" data-image-caption=\"\" data-medium-file=\"https:\/\/i0.wp.com\/www.shqiperia.com\/blog\/wp-content\/uploads\/2020\/07\/necc88_muzeun_kombecc88tar_gjergj_kastrioti_skecc88nderbeu.jpg?fit=225%2C300&amp;ssl=1\" data-large-file=\"https:\/\/i0.wp.com\/www.shqiperia.com\/blog\/wp-content\/uploads\/2020\/07\/necc88_muzeun_kombecc88tar_gjergj_kastrioti_skecc88nderbeu.jpg?fit=566%2C755&amp;ssl=1\" class=\"alignnone  wp-image-36484\" alt=\"\" src=\"https:\/\/i0.wp.com\/www.shqiperia.com\/blog\/wp-content\/uploads\/2020\/07\/necc88_muzeun_kombecc88tar_gjergj_kastrioti_skecc88nderbeu.jpg?resize=452%2C603&#038;ssl=1\" width=\"452\" height=\"603\" srcset=\"https:\/\/i0.wp.com\/www.shqiperia.com\/blog\/wp-content\/uploads\/2020\/07\/necc88_muzeun_kombecc88tar_gjergj_kastrioti_skecc88nderbeu.jpg?resize=225%2C300&amp;ssl=1 225w, https:\/\/i0.wp.com\/www.shqiperia.com\/blog\/wp-content\/uploads\/2020\/07\/necc88_muzeun_kombecc88tar_gjergj_kastrioti_skecc88nderbeu.jpg?resize=450%2C600&amp;ssl=1 450w, https:\/\/i0.wp.com\/www.shqiperia.com\/blog\/wp-content\/uploads\/2020\/07\/necc88_muzeun_kombecc88tar_gjergj_kastrioti_skecc88nderbeu.jpg?resize=400%2C534&amp;ssl=1 400w, https:\/\/i0.wp.com\/www.shqiperia.com\/blog\/wp-content\/uploads\/2020\/07\/necc88_muzeun_kombecc88tar_gjergj_kastrioti_skecc88nderbeu.jpg?w=566&amp;ssl=1 566w\" sizes=\"auto, (max-width: 452px) 100vw, 452px\" \/><\/p>\n<p>Po k\u00ebshtu familjet fisnike ballkanase fillojn\u00eb t\u00eb mbajn\u00eb anale dhe kur botohen veprat e tyre m\u00eb von\u00eb si ato t\u00eb Engj\u00ebllor\u00ebve p.sh nj\u00eb familje fisnike shqiptare nga Drishti, origjina e tyre do t\u00eb jet\u00eb e lidhur gjithmon\u00eb me trash\u00ebgimin\u00eb greko-latine dhe legjenda t\u00eb frym\u00ebzuara nga ngjarjet e m\u00ebparshme n\u00eb rajon. Ky tipar \u00ebsht\u00eb shum\u00eb i r\u00ebnd\u00ebsish\u00ebm pasi p\u00ebrcakton p\u00ebrkat\u00ebsin\u00eb i identitetit q\u00eb k\u00ebto familje fisnike ndjejn\u00eb por dhe sepse ato p\u00ebrfshihen n\u00eb af\u00ebrsin\u00eb midis tyre dhe familjeve t\u00eb tjera evropiane duke p\u00ebrforcuar k\u00ebshtu iden\u00eb evropiane t\u00eb rajonit q\u00eb z\u00eb fill nga miti i lasht\u00eb i Evrop\u00ebs por q\u00eb ushqehet rrug\u00ebs dhe me mite t\u00eb rinj. K\u00ebshtu p.sh heroi komb\u00ebtar i shqiptar\u00ebve Gjergj Kastriot Sk\u00ebnderbeu(1405-1468) n\u00eb letr\u00ebn q\u00eb i d\u00ebrgon princit t\u00eb Tarantit i p\u00ebrmend origjin\u00ebn e vet, at\u00eb epirote dhe p\u00ebrmend nj\u00eb personalitet t\u00eb bot\u00ebs antike si Pirron e Epirit. Po k\u00ebshtu Gjon Muzaka n\u00eb vepr\u00ebn e vet \u201cGjenealogjia e Muzakajve\u201d(1510) p\u00ebrve\u00e7 burimeve t\u00eb shkruara q\u00eb ati zot\u00ebron dhe citon n\u00eb vep\u00ebr, p\u00ebrmend s\u00eb familja e tij vjen q\u00eb nga ajo e heroit mitologjik Herkulit.<\/p>\n<p><strong>\u00a0<\/strong><\/p>\n<ul>\n<li><strong>Kruja mesjetare n\u00eb udh\u00ebp\u00ebrshkrimet e udh\u00ebtar\u00ebve t\u00eb huaj<\/strong><\/li>\n<\/ul>\n<p>Kruja do t\u00eb mbetet n\u00eb kujtes\u00ebn europiane si simbol i rezistenc\u00ebs antiosmane. Si e till\u00eb ajo nuk do t\u2019i shp\u00ebtonte v\u00ebmendjes s\u00eb udh\u00ebtar\u00ebve t\u00eb huaj q\u00eb vijn\u00eb n\u00eb Shqip\u00ebri n\u00eb gjysm\u00ebn e shekullit t\u00eb XIX. Nj\u00eb nga udh\u00ebtar\u00ebt e par\u00eb europian\u00eb q\u00eb e viziton n\u00eb 1848 \u00ebsht\u00eb Ed\u00ebard Lear, udh\u00ebtari dhe\u00a0 pejsazhisti britanik. Pas vizit\u00ebs n\u00eb Tiran\u00eb , gjat\u00eb rrug\u00ebs p\u00ebr n\u00eb Shkod\u00ebr ai ndalon n\u00eb Kruj\u00eb. Pritja q\u00eb i b\u00ebhet atij n\u00eb Kruj\u00eb nga qeveritari Ali Beu \u00ebsht\u00eb e denj\u00eb si nj\u00eb pritje aristokratike n\u00eb \u00e7do vend tjet\u00ebr, madje n\u00eb t\u00eb ka dhe gjurm\u00eb qytet\u00ebrimi pasi \u201ci interesuar t\u00eb m\u00ebsonte ca m\u00eb shum\u00eb nga Evropa, djaloshi zyrtar i Kruj\u00ebs e pyeti p\u00ebr anijet pa vela e karrocat pa kuaj\u201d.<a><\/a><a href=\"http:\/\/www.gazetadita.al\/qyteti-mesjetar-i-krujes-permes-artit-pamor\/#_ftn2\">[2]<\/a>\u00a0Prej Lirit kemi disa tablo dhe skica t\u00eb mureve t\u00eb jashtme t\u00eb Kruj\u00ebs por jo d\u00ebshmi t\u00eb godinave t\u00eb qytetit t\u00eb Kruj\u00ebs. Nj\u00eb vizit\u00eb e nj\u00eb diplomati t\u00eb huaj, konsullit francez t\u00eb Shkodr\u00ebs A.Degrand n\u00eb 1901 na ka l\u00ebn\u00eb nj\u00eb d\u00ebshmi t\u00eb r\u00ebnd\u00ebsishme t\u00eb Kruj\u00ebs mesjetare. N\u00eb vitin 1901 ai botoi nj\u00eb udh\u00ebp\u00ebrshkrim, ku tregonte dhe per dy kambana, q\u00eb ishin t\u00eb l\u00ebna n\u00eb m\u00ebshir\u00ebn e fatit n\u00eb rr\u00ebnojat e kish\u00ebs brenda mureve rrethuese t\u00eb k\u00ebshtjell\u00ebs s\u00eb Kruj\u00ebs. Nj\u00ebra nga k\u00ebto ishte bashk\u00ebkoh\u00ebse me epok\u00ebn e lavdishme t\u00eb Gjergj Kastriotit, e derdhur n\u00eb bronz n\u00eb vitin 1462 (MCCCCLXII), me p\u00ebrzjerje metalesh t\u00eb \u00e7muara. Menj\u00ebher\u00eb u vun\u00eb n\u00eb levizje\u00a0 tregtar\u00ebt e relikeve e antikuareve,por fatmir\u00ebsisht k\u00ebt\u00eb relike t\u00eb \u00e7muar q\u00eb iu trash\u00ebgua\u00a0 shqiptarve si shenj\u00eb i epok\u00ebs s\u00eb lavdishme t\u00eb tyre\u00a0 e bleu i mirinformuari Shtjef\u00ebn Gje\u00e7ovi, i cili m\u00eb pas e skicoi,( vizatim n\u00eb dy pamjet, q\u00eb ruhet n\u00eb AQSH, Tiran\u00eb ku ruhet fondi i tij arkivor.)\u00a0 Pas\u00a0 peripecish t\u00eb shumta kjo k\u00ebmban\u00eb gjendet n\u00eb Muzeun e Kruj\u00ebs\u00a0 , dhe \u00ebsht\u00eb nd\u00ebr objektet m\u00eb me vler\u00eb\u00a0 t\u00eb k\u00ebtij Muzeu. K\u00ebt\u00eb k\u00ebmban\u00eb e ka d\u00ebgjuar dhe\u00a0 Sk\u00ebnderbeu (pasi \u00ebsht\u00eb e asaj kohe) dhe mendohet se ajo i p\u00ebrkiste Kish\u00ebs s\u00eb Sh\u00ebn Andreas.<a><\/a><a href=\"http:\/\/www.gazetadita.al\/qyteti-mesjetar-i-krujes-permes-artit-pamor\/#_ftn3\">[3]<\/a>\u00a0Nuk \u00ebsht\u00eb fort e qart\u00eb n\u00ebse Sh\u00ebn\u00a0 Andrea ishte shenjti mbrojt\u00ebs i Kruj\u00ebs si\u00e7 dim\u00eb p\u00ebr Shkodr\u00ebn q\u00eb \u00ebsht\u00eb Sh\u00ebn Stefani por me siguri ka qen\u00eb nj\u00eb nga kishat kryesore t\u00eb Kruj\u00ebs.<\/p>\n<ul>\n<li><strong>Imazhi i Kruj\u00ebs mesjetare n\u00eb Muzeun Komb\u00ebtar \u201cGjergj Kastrioti Sk\u00ebnderbeu\u201d<\/strong><\/li>\n<\/ul>\n<p>Qyteti i Kruj\u00ebs do t\u00eb rifitonte r\u00ebnd\u00ebsin\u00eb e vet muzeale e p\u00ebr rrjedhoj\u00eb dhe n\u00eb memorjen kolektive europiane me nd\u00ebrtimin e qendr\u00ebs muzeale kushtuar Sk\u00ebnderbeut. Muzeu Komb\u00ebtar \u201cGjergj Kastrioti Sk\u00ebnderbeu\u201d \u00ebsht\u00eb inaguruar m\u00eb 1 N\u00ebntor 1982 ,nd\u00ebrtuar n\u00eb k\u00ebshtjell\u00ebn\u00a0 e Kruj\u00ebs, n\u00eb t\u00eb majt\u00eb t\u00eb hyrjes s\u00eb saj. Nd\u00ebrtesa ka karakterin e nj\u00eb memoriali. N\u00eb zgjidhjen arkitektonike t\u00eb jashtme shquhen dy v\u00ebllime kryesore, pjesa e shtrir\u00eb horizontale me sallat e m\u00ebdha kryesore dhe pjesa me theksim vertikal e trajtuar si kullat shqiptare t\u00eb veriut. Hap\u00ebsirat e brendshme jan\u00eb zgjidhur n\u00eb m\u00ebnyr\u00eb q\u00eb mjediset t\u00eb nd\u00ebrthuren duke krijuar nj\u00eb hap\u00ebsir\u00eb t\u00eb vetme t\u00eb pand\u00ebrprer\u00eb ,ashtu sic \u00ebsht\u00eb p\u00ebrmbajtja e historis\u00eb s\u00eb paraqitur. Historia ,arkitektura dhe arti p\u00ebrb\u00ebjn\u00eb nj\u00eb t\u00eb vetme.Jan\u00eb p\u00ebrdorur element\u00eb arkitektonik\u00eb historik\u00eb,si trar\u00eb t\u00eb r\u00ebnd\u00eb e harqe guri.Veprat e artit ,gdh\u00ebndjet n\u00eb gur,n\u00eb dru, hekuri i rrahur si dhe hartat, grafiket,\u00a0 pikturat n\u00eb xham kan\u00eb vlerat e nj\u00eb materiali ndihm\u00ebs historik. Muzeu hapet me nj\u00eb grup skulpturor q\u00eb paraqet Sk\u00ebnderbeun n\u00eb mes t\u00eb popullit. Figurat e luft\u00ebtar\u00ebve nuk jan\u00eb t\u00eb em\u00ebrtuara,veshjet e tyre dhe mbulesat e kokave tregojn\u00eb pjesmarrjen e t\u00eb gjitha krahinave n\u00eb luft\u00eb p\u00ebr t\u00eb mbrojtur vendin.Figura e gruas tregon pjesmarrjen e grave n\u00eb luftime.\u00a0 Ky grup skulpturor \u00ebsht\u00eb realizuar nga skulptor\u00ebt\u00a0 Janaq Pa\u00e7o\u00a0 dhe\u00a0 Genc Hajdari.<a><\/a><a href=\"http:\/\/www.gazetadita.al\/qyteti-mesjetar-i-krujes-permes-artit-pamor\/#_ftn4\">[4]<\/a>\u00a0N\u00eb ambjentet e k\u00ebtij muzeu gjendet edhe afresku me p\u00ebrmasa \u00a0\u201c Qyteti mesjetar i Kruj\u00ebs\u201d i piktorit Fatmir Tha\u00e7i. Afresku \u00ebsht\u00eb nj\u00eb paraqitje imagjinare e Kruj\u00ebs mesjetare, ku shquajn\u00eb n\u00eb sfond kambanorja e sotme e Kruj\u00ebs, disa sht\u00ebpi monumentale n\u00eb nj\u00eb stil t\u00eb p\u00ebrzier t\u00eb\u00a0 kullave t\u00eb veriut dhe arkitektur\u00ebs s\u00eb qyteteve Gjirokast\u00ebr e Berat. Ashtu si dhe gravur\u00ebn e Amman n\u00eb sfond mbi kull\u00eb t\u00eb rrumbullak\u00ebt ngrihet pak i anuar n\u00eb shtiz\u00eb nj\u00eb flamur i madh me shqiponj\u00ebn dykrenare, flamuri heraldik i Sk\u00ebnderbeut. Nuk e di sesa piktori Fatmir Tha\u00e7i e ka njohur gravur\u00ebn e Amman pasi kompozimi i tyre \u00ebsht\u00eb i ngjash\u00ebm p\u00ebrsa i p\u00ebrket hap\u00ebsir\u00ebs monumentale por n\u00eb t\u00eb nj\u00ebjt\u00ebn koh\u00eb dhe i ndrysh\u00ebm p\u00ebrsa i p\u00ebrket atmosfer\u00ebs historike kulturore q\u00eb p\u00ebr\u00e7on. N\u00eb qend\u00ebr t\u00eb afreskut ndodhet nj\u00eb kalor\u00ebs i veshur me kostum tradicional t\u00eb Lab\u00ebris\u00eb \u00e7ka s\u00ebbashku me sht\u00ebpit\u00eb monumentale t\u00eb krijojn\u00eb p\u00ebrshtypjen se m\u00eb shum\u00eb sesa n\u00eb Kruj\u00eb ndodhesh n\u00eb Gjirokast\u00ebr. N\u00eb k\u00ebt\u00eb m\u00ebnyr\u00eb atmosfera e Kruj\u00ebs mesjetare prezantohet me nj\u00eb arkitektur\u00eb dhe kostumografi t\u00eb disa shekujve m\u00eb von\u00eb. Nd\u00ebrtimi dhe kompozimi i qendrave muzeale n\u00eb Shqip\u00ebri gjat\u00eb periudh\u00ebs komuniste iu n\u00ebnshtruan ideologjis\u00eb s\u00eb bashkimit nacional komunist dhe p\u00ebr\u00e7imit t\u00eb nj\u00eb kulture t\u00eb thjesht\u00eb n\u00eb prezantimin e vlerave historike t\u00eb s\u00eb shkuar\u00ebs. N\u00eb sallat e mesjet\u00ebs s\u00eb von\u00eb fustanellat e bardha propozohen natyrsh\u00ebm si element\u00eb lidh\u00ebs me periudh\u00ebn. Mes mitit e legjend\u00ebs k\u00ebto ura kohore ofrohen si element\u00eb t\u00eb domosdodh\u00ebm lidh\u00ebs p\u00ebr nj\u00eb tregim linear t\u00eb historis\u00eb s\u00eb vendit<a><\/a><a href=\"http:\/\/www.gazetadita.al\/qyteti-mesjetar-i-krujes-permes-artit-pamor\/#_ftn5\">[5]<\/a>. N\u00eb qend\u00ebr t\u00eb tablove historike u pasqyrua populli anonim si ilustrim i denj\u00eb i estetik\u00ebs sovjetike t\u00eb p\u00ebr\u00e7uar n\u00eb Shqip\u00ebri nga estet\u00ebt shqiptar\u00eb q\u00eb studiuan n\u00eb Bashkimin Sovjetik gjat\u00eb viteve 1948-1960. Arti duhet t\u00eb pasqyronte pik\u00ebpamjen marksiste t\u00eb rolit t\u00eb masave t\u00eb thjeshta n\u00eb \u00e7do ngjarje historike duke zhveshur historin\u00eb mesjetare arb\u00ebre nga atmosfera kalorsiake e koh\u00ebs. Gjat\u00eb viteve 70\u2019-80\u2019 n\u00eb koh\u00ebn kur nd\u00ebrtohen qendrat muzeale dhe muzet\u00eb n\u00eb Shqip\u00ebri mbizot\u00ebron realizmi imagjinar q\u00eb n\u00ebnkuptonte pasqyrimin n\u00eb art t\u00eb v\u00ebrtetave t\u00eb padiskutueshme historike dhe shpesh her\u00eb veprat e artit ilustronin edhe vet\u00eb muret e muzeve historike. Kjo tendenc\u00eb nisi me droj\u00eb n\u00eb mesin e viteve 50\u2019, p\u00ebr ta huazuar dhe implementuar me metod\u00ebn zyrtare t\u00eb Realizmit Socialist e strukturuar denj\u00ebsisht n\u00eb tablot\u00eb e m\u00ebdha kompozicionale p\u00ebrgjat\u00eb viteve 70\u2019-80\u2019<a><\/a><a href=\"http:\/\/www.gazetadita.al\/qyteti-mesjetar-i-krujes-permes-artit-pamor\/#_ftn6\">[6]<\/a>. Tablot\u00eb historike jan\u00eb nga gjinit\u00eb m\u00eb t\u00eb v\u00ebshtira t\u00eb artit pamor. Ato k\u00ebrkojn\u00eb nj\u00eb studim t\u00eb mir\u00eb t\u00eb epok\u00ebs historike\u00a0 dhe nj\u00eb g\u00ebrshetim sa m\u00eb t\u00eb mir\u00eb t\u00eb epok\u00ebs me mesazhin universalist q\u00eb duhet t\u00eb p\u00ebr\u00e7ojn\u00eb. Nj\u00eb tablo e Kruj\u00ebs mesjetare me ngjyra sipas stilit t\u00eb gravur\u00ebs s\u00eb Amman-it do t\u00eb qendronte m\u00eb af\u00ebr historis\u00eb s\u00eb qytetit mesjetar t\u00eb Kruj\u00ebs n\u00ebse Muzeu Historik Gjergj Kastriot Sk\u00ebnderbeu do t\u00eb rikonceptohej.<\/p>\n<p><img data-recalc-dims=\"1\" loading=\"lazy\" decoding=\"async\" data-attachment-id=\"36485\" data-permalink=\"https:\/\/www.shqiperia.com\/blog\/qyteti-mesjetar-i-krujes-permes-artit-pamor\/second-siege-of-kruje-1466-autor-jost-amman\/\" data-orig-file=\"https:\/\/i0.wp.com\/www.shqiperia.com\/blog\/wp-content\/uploads\/2020\/07\/Second-Siege-of-Kruj%C3%AB-1466-Autor-Jost-Amman.jpg?fit=1600%2C1153&amp;ssl=1\" data-orig-size=\"1600,1153\" data-comments-opened=\"1\" data-image-meta=\"{&quot;aperture&quot;:&quot;0&quot;,&quot;credit&quot;:&quot;&quot;,&quot;camera&quot;:&quot;&quot;,&quot;caption&quot;:&quot;&quot;,&quot;created_timestamp&quot;:&quot;0&quot;,&quot;copyright&quot;:&quot;&quot;,&quot;focal_length&quot;:&quot;0&quot;,&quot;iso&quot;:&quot;0&quot;,&quot;shutter_speed&quot;:&quot;0&quot;,&quot;title&quot;:&quot;&quot;,&quot;orientation&quot;:&quot;0&quot;}\" data-image-title=\"Second Siege of Kruj\u00eb 1466 &#8211; Autor Jost Amman\" data-image-description=\"\" data-image-caption=\"\" data-medium-file=\"https:\/\/i0.wp.com\/www.shqiperia.com\/blog\/wp-content\/uploads\/2020\/07\/Second-Siege-of-Kruj%C3%AB-1466-Autor-Jost-Amman.jpg?fit=300%2C216&amp;ssl=1\" data-large-file=\"https:\/\/i0.wp.com\/www.shqiperia.com\/blog\/wp-content\/uploads\/2020\/07\/Second-Siege-of-Kruj%C3%AB-1466-Autor-Jost-Amman.jpg?fit=1024%2C738&amp;ssl=1\" class=\"alignnone  wp-image-36485\" alt=\"\" src=\"https:\/\/i0.wp.com\/www.shqiperia.com\/blog\/wp-content\/uploads\/2020\/07\/Second-Siege-of-Kruj%C3%AB-1466-Autor-Jost-Amman.jpg?resize=533%2C384&#038;ssl=1\" width=\"533\" height=\"384\" srcset=\"https:\/\/i0.wp.com\/www.shqiperia.com\/blog\/wp-content\/uploads\/2020\/07\/Second-Siege-of-Kruj%C3%AB-1466-Autor-Jost-Amman.jpg?resize=300%2C216&amp;ssl=1 300w, https:\/\/i0.wp.com\/www.shqiperia.com\/blog\/wp-content\/uploads\/2020\/07\/Second-Siege-of-Kruj%C3%AB-1466-Autor-Jost-Amman.jpg?resize=1024%2C738&amp;ssl=1 1024w, https:\/\/i0.wp.com\/www.shqiperia.com\/blog\/wp-content\/uploads\/2020\/07\/Second-Siege-of-Kruj%C3%AB-1466-Autor-Jost-Amman.jpg?resize=768%2C553&amp;ssl=1 768w, https:\/\/i0.wp.com\/www.shqiperia.com\/blog\/wp-content\/uploads\/2020\/07\/Second-Siege-of-Kruj%C3%AB-1466-Autor-Jost-Amman.jpg?resize=1536%2C1107&amp;ssl=1 1536w, https:\/\/i0.wp.com\/www.shqiperia.com\/blog\/wp-content\/uploads\/2020\/07\/Second-Siege-of-Kruj%C3%AB-1466-Autor-Jost-Amman.jpg?resize=450%2C324&amp;ssl=1 450w, https:\/\/i0.wp.com\/www.shqiperia.com\/blog\/wp-content\/uploads\/2020\/07\/Second-Siege-of-Kruj%C3%AB-1466-Autor-Jost-Amman.jpg?resize=600%2C432&amp;ssl=1 600w, https:\/\/i0.wp.com\/www.shqiperia.com\/blog\/wp-content\/uploads\/2020\/07\/Second-Siege-of-Kruj%C3%AB-1466-Autor-Jost-Amman.jpg?resize=1500%2C1081&amp;ssl=1 1500w, https:\/\/i0.wp.com\/www.shqiperia.com\/blog\/wp-content\/uploads\/2020\/07\/Second-Siege-of-Kruj%C3%AB-1466-Autor-Jost-Amman.jpg?resize=1300%2C937&amp;ssl=1 1300w, https:\/\/i0.wp.com\/www.shqiperia.com\/blog\/wp-content\/uploads\/2020\/07\/Second-Siege-of-Kruj%C3%AB-1466-Autor-Jost-Amman.jpg?resize=400%2C288&amp;ssl=1 400w, https:\/\/i0.wp.com\/www.shqiperia.com\/blog\/wp-content\/uploads\/2020\/07\/Second-Siege-of-Kruj%C3%AB-1466-Autor-Jost-Amman.jpg?w=1600&amp;ssl=1 1600w\" sizes=\"auto, (max-width: 533px) 100vw, 533px\" \/><\/p>\n<p><strong>Bibliografi:<\/strong><\/p>\n<ul>\n<li>Afrim Q. Karagjozi. \u201cEduard Liri\u201d. Botimet Enciklopedike. Tiran\u00eb: 1997<\/li>\n<li>Ermir Hoxha. Realizmi Socialist Shqiptar. Galeria Komb\u00ebtare e Artit, 2017<\/li>\n<li>Fondi Muzeor i Muzeut Komb\u00ebtar Gjergj Kastriot Sk\u00ebnderbeu, Kruj\u00eb<\/li>\n<li>Moikom Zeqo. Gravuristi Jost Amman, Sk\u00ebnderbeiada e artit. Drita. \u2013 1 prill, 2007<\/li>\n<\/ul>\n<p><a><\/a><a href=\"http:\/\/www.gazetadita.al\/qyteti-mesjetar-i-krujes-permes-artit-pamor\/#_ftnref1\">1]<\/a>\u00a0Moikom Zeqo. Gravuristi Jost Amman, Sk\u00ebnderbeiada e artit. Drita. \u2013 1 prill, 2007<\/p>\n<p><a><\/a><a href=\"http:\/\/www.gazetadita.al\/qyteti-mesjetar-i-krujes-permes-artit-pamor\/#_ftnref2\">[2]<\/a>\u00a0Afrim Q. Karagjozi. \u201cEduard Liri\u201d. Botimet Enciklopedike. Tiran\u00eb: 1997. faqe 28-29<\/p>\n<p><a><\/a><a href=\"http:\/\/www.gazetadita.al\/qyteti-mesjetar-i-krujes-permes-artit-pamor\/#_ftnref3\">[3]<\/a>\u00a0Fondi Muzeor i Muzeut Komb\u00ebtar Gjergj Kastriot Sk\u00ebnderbeu, Kruj\u00eb<\/p>\n<p><a><\/a><a href=\"http:\/\/www.gazetadita.al\/qyteti-mesjetar-i-krujes-permes-artit-pamor\/#_ftnref4\">[4]<\/a>\u00a0Po aty<\/p>\n<p><a><\/a><a href=\"http:\/\/www.gazetadita.al\/qyteti-mesjetar-i-krujes-permes-artit-pamor\/#_ftnref5\">[5]<\/a>\u00a0Ermir Hoxha. Realizmi Socialist Shqiptar. Galeria Komb\u00ebtare e Artit, 2017, fq 25<\/p>\n<p><a><\/a><a href=\"http:\/\/www.gazetadita.al\/qyteti-mesjetar-i-krujes-permes-artit-pamor\/#_ftnref6\">[6]<\/a>\u00a0Po aty fq 25<\/p>\n","protected":false},"excerpt":{"rendered":"<p>Qyteti mesjetar i Kruj\u00ebs p\u00ebrmes artit pamor Dr. Dorian Ko\u00e7i\u00a0 Kruja \u00ebsht\u00eb zemra e bot\u00ebs. Zef\u00a0 Skiro\u2019 Di Maxho Kruja si kryqendra e rezistenc\u00ebs arb\u00ebre Kruja si kryeqendra e qendres\u00ebs arb\u00ebre n\u00eb shekullin e XV ka qen\u00eb n\u00eb v\u00ebmendjen e humanizmit evropian. Epopeja e madhe e Gjergj Kastriot Sk\u00ebnderbeut , p\u00ebrve\u00e7se ndikimeve gjeopolitike q\u00eb pati [&hellip;]<\/p>\n","protected":false},"author":9,"featured_media":36482,"comment_status":"open","ping_status":"open","sticky":false,"template":"","format":"standard","meta":{"jetpack_post_was_ever_published":false,"_jetpack_newsletter_access":"","_jetpack_dont_email_post_to_subs":false,"_jetpack_newsletter_tier_id":0,"_jetpack_memberships_contains_paywalled_content":false,"_jetpack_memberships_contains_paid_content":false,"footnotes":"","jetpack_publicize_message":"","jetpack_publicize_feature_enabled":true,"jetpack_social_post_already_shared":true,"jetpack_social_options":{"image_generator_settings":{"template":"highway","default_image_id":0,"font":"","enabled":false},"version":2}},"categories":[87,85,10],"tags":[],"class_list":["post-36481","post","type-post","status-publish","format-standard","has-post-thumbnail","hentry","category-arte","category-histori","category-kultura"],"jetpack_publicize_connections":[],"jetpack_featured_media_url":"https:\/\/i0.wp.com\/www.shqiperia.com\/blog\/wp-content\/uploads\/2020\/07\/Kruja-905x395-1.jpg?fit=905%2C395&ssl=1","jetpack_sharing_enabled":true,"jetpack_shortlink":"https:\/\/wp.me\/p5Z6wp-9up","jetpack-related-posts":[{"id":88303,"url":"https:\/\/www.shqiperia.com\/blog\/mustafa-kruja-kthehet-ne-shtepi\/","url_meta":{"origin":36481,"position":0},"title":"Mustafa Kruja &#8220;kthehet&#8221; n\u00eb sht\u00ebpi","author":"Kurt Farka","date":"January 12, 2025","format":false,"excerpt":"12 Janar 2025 N\u00ebntori riktheu n\u00eb Kruj\u00eb Mustafa Merlik\u00ebn, q\u00eb\u00a0 historia pak ia ka p\u00ebrmendur emrin. Figura e firm\u00ebtarit t\u00eb pavar\u00ebsis\u00eb \u00ebsht\u00eb p\u00ebrjet\u00ebsuar n\u00eb nj\u00eb bust n\u00eb sheshin q\u00eb mban emrin e tij, si p\u00ebr t\u2019u kujtuar jo vet\u00ebm krutan\u00ebve, por t\u00eb gjith\u00eb shqiptar\u00ebve se e v\u00ebrteta e gjen rrug\u00ebn,\u2026","rel":"","context":"In &quot;Blogu i Udh\u00ebtarit&quot;","block_context":{"text":"Blogu i Udh\u00ebtarit","link":"https:\/\/www.shqiperia.com\/blog\/category\/blogu-i-udhetarit\/"},"img":{"alt_text":"","src":"https:\/\/i0.wp.com\/www.shqiperia.com\/blog\/wp-content\/uploads\/2025\/01\/kruja.jpg?fit=1200%2C665&ssl=1&resize=350%2C200","width":350,"height":200,"srcset":"https:\/\/i0.wp.com\/www.shqiperia.com\/blog\/wp-content\/uploads\/2025\/01\/kruja.jpg?fit=1200%2C665&ssl=1&resize=350%2C200 1x, https:\/\/i0.wp.com\/www.shqiperia.com\/blog\/wp-content\/uploads\/2025\/01\/kruja.jpg?fit=1200%2C665&ssl=1&resize=525%2C300 1.5x, https:\/\/i0.wp.com\/www.shqiperia.com\/blog\/wp-content\/uploads\/2025\/01\/kruja.jpg?fit=1200%2C665&ssl=1&resize=700%2C400 2x, https:\/\/i0.wp.com\/www.shqiperia.com\/blog\/wp-content\/uploads\/2025\/01\/kruja.jpg?fit=1200%2C665&ssl=1&resize=1050%2C600 3x"},"classes":[]},{"id":8704,"url":"https:\/\/www.shqiperia.com\/blog\/kruja-pushtohet-nga-turistet-me-e-preferuara-kalaja-e-skenderbeut\/","url_meta":{"origin":36481,"position":1},"title":"Kruja pushtohet nga turist\u00ebt, m\u00eb e preferuara Kalaja e Sk\u00ebnderbeut. &#8211;","author":"Kurt Farka","date":"June 13, 2018","format":false,"excerpt":"Kruja pushtohet nga turist\u00ebt, m\u00eb e preferuara Kalaja e Sk\u00ebnderbeut. - Nj\u00eb qytet rreth 20 km larg kryeqytetit shqiptar. Pothuajse n\u00eb \u00e7do lagje t\u00eb Kruj\u00ebs gjen nga nj\u00eb krua, \u00ebsht\u00eb kjo arsyeja pse ky qytet mban k\u00ebt\u00eb em\u00ebr. Austriak\u00ebt Sebastian dhe Marlen po sh\u00ebtisin gjith\u00eb Ballkanin me rulot, dhe thon\u00eb\u2026","rel":"","context":"In &quot;Blogu i Udh\u00ebtarit&quot;","block_context":{"text":"Blogu i Udh\u00ebtarit","link":"https:\/\/www.shqiperia.com\/blog\/category\/blogu-i-udhetarit\/"},"img":{"alt_text":"","src":"https:\/\/i0.wp.com\/www.shqiperia.com\/blog\/wp-content\/uploads\/2018\/06\/krisyti-640x427.jpg?fit=640%2C427&ssl=1&resize=350%2C200","width":350,"height":200,"srcset":"https:\/\/i0.wp.com\/www.shqiperia.com\/blog\/wp-content\/uploads\/2018\/06\/krisyti-640x427.jpg?fit=640%2C427&ssl=1&resize=350%2C200 1x, https:\/\/i0.wp.com\/www.shqiperia.com\/blog\/wp-content\/uploads\/2018\/06\/krisyti-640x427.jpg?fit=640%2C427&ssl=1&resize=525%2C300 1.5x"},"classes":[]},{"id":21089,"url":"https:\/\/www.shqiperia.com\/blog\/abaz-hado-elemente-te-kostumit-popullor-ne-artin-pamor-shqiptar\/","url_meta":{"origin":36481,"position":2},"title":"Abaz Hado: Element\u00eb t\u00eb kostumit popullor n\u00eb artin pamor shqiptar. &#8211;","author":"Kurt Farka","date":"May 13, 2019","format":false,"excerpt":"Abaz Hado: Element\u00eb t\u00eb kostumit popullor n\u00eb artin pamor shqiptar. - Nga Arben Iliazi \u201cElemente t\u00eb kostumit popullor n\u00eb artin pamor shqiptar\u201d\u00a0\u00ebsht\u00eb botimi m\u00eb i ri i piktorit, studiuesit dhe profesorit t\u00eb njohur Abaz Hado Vepra \u00ebsht\u00eb nj\u00eb punim i shk\u00eblqyer, q\u00eb p\u00ebrmban nj\u00eb analiz\u00eb t\u00eb holl\u00ebsishme t\u00eb g\u00ebrshetimit kreativ\u2026","rel":"","context":"In &quot;Blogu i Udh\u00ebtarit&quot;","block_context":{"text":"Blogu i Udh\u00ebtarit","link":"https:\/\/www.shqiperia.com\/blog\/category\/blogu-i-udhetarit\/"},"img":{"alt_text":"","src":"https:\/\/i0.wp.com\/www.shqiperia.com\/blog\/wp-content\/uploads\/2019\/05\/Abaz-Hado.jpg?fit=696%2C363&ssl=1&resize=350%2C200","width":350,"height":200,"srcset":"https:\/\/i0.wp.com\/www.shqiperia.com\/blog\/wp-content\/uploads\/2019\/05\/Abaz-Hado.jpg?fit=696%2C363&ssl=1&resize=350%2C200 1x, https:\/\/i0.wp.com\/www.shqiperia.com\/blog\/wp-content\/uploads\/2019\/05\/Abaz-Hado.jpg?fit=696%2C363&ssl=1&resize=525%2C300 1.5x"},"classes":[]},{"id":33085,"url":"https:\/\/www.shqiperia.com\/blog\/nderron-jete-mjeshtri-i-madh-i-humorit-shkodran-gezim-kruja\/","url_meta":{"origin":36481,"position":3},"title":"Nd\u00ebrron jet\u00eb mjeshtri i madh i humorit shkodran G\u00ebzim Kruja","author":"Kurt Farka","date":"April 5, 2020","format":false,"excerpt":"Nd\u00ebrron jet\u00eb mjeshtri i madh i humorit shkodran G\u00ebzim Kruja 5 PRILL 2020 Nd\u00ebrron jet\u00eb mjeshtri i madh i humorit G\u00ebzim Kruja. Ai prej koh\u00ebsh ishte n\u00eb gjendje jo t\u00eb mir\u00eb sh\u00ebndet\u00ebsore. Dalja e tij e fundit p\u00ebr media ishte ajo n\u00eb fest\u00ebn e 80-vjetorit t\u00eb lindjes q\u00eb miqt\u00eb e\u2026","rel":"","context":"In &quot;Blogu i Udh\u00ebtarit&quot;","block_context":{"text":"Blogu i Udh\u00ebtarit","link":"https:\/\/www.shqiperia.com\/blog\/category\/blogu-i-udhetarit\/"},"img":{"alt_text":"","src":"https:\/\/i0.wp.com\/www.shqiperia.com\/blog\/wp-content\/uploads\/2020\/04\/Gezim-Kruja.jpg?fit=800%2C476&ssl=1&resize=350%2C200","width":350,"height":200,"srcset":"https:\/\/i0.wp.com\/www.shqiperia.com\/blog\/wp-content\/uploads\/2020\/04\/Gezim-Kruja.jpg?fit=800%2C476&ssl=1&resize=350%2C200 1x, https:\/\/i0.wp.com\/www.shqiperia.com\/blog\/wp-content\/uploads\/2020\/04\/Gezim-Kruja.jpg?fit=800%2C476&ssl=1&resize=525%2C300 1.5x, https:\/\/i0.wp.com\/www.shqiperia.com\/blog\/wp-content\/uploads\/2020\/04\/Gezim-Kruja.jpg?fit=800%2C476&ssl=1&resize=700%2C400 2x"},"classes":[]},{"id":14333,"url":"https:\/\/www.shqiperia.com\/blog\/gezim-kruja\/","url_meta":{"origin":36481,"position":4},"title":"G\u00ebzim Kruja","author":"Kurt Farka","date":"December 4, 2018","format":false,"excerpt":"G\u00ebzim Kruja ka lindur n\u00eb Shkod\u00ebr, n\u00eb vitin 1939. Karrier\u00ebn humoristike e ka nisur q\u00eb n\u00eb mosh\u00ebn 13-vje\u00e7are. Fillimet me Estrad\u00ebn amatore nisin q\u00eb n\u00eb koh\u00ebn kur ishte ushtar m\u00eb 1958. M\u00eb pas vazhdon aktivizimin n\u00eb vitin 1960 me Estrad\u00ebn profesioniste t\u00eb Shkodr\u00ebs. G\u00ebzim Kruja ka mbaruar n\u00eb vitin 1979\u2026","rel":"","context":"In &quot;Arte&quot;","block_context":{"text":"Arte","link":"https:\/\/www.shqiperia.com\/blog\/category\/arte\/"},"img":{"alt_text":"","src":"https:\/\/i0.wp.com\/www.shqiperia.com\/blog\/wp-content\/uploads\/2018\/12\/index-6-300x156.jpg?resize=350%2C200","width":350,"height":200},"classes":[]},{"id":54060,"url":"https:\/\/www.shqiperia.com\/blog\/shpend-bengu-i-pari-artist-shqiptar-pjese-e-enciklopedise-se-artit-modern-pamor\/","url_meta":{"origin":36481,"position":5},"title":"Shpend Bengu i pari artist shqiptar, pjes\u00eb e enciklopedis\u00eb s\u00eb artit modern pamor","author":"Kurt Farka","date":"February 15, 2022","format":false,"excerpt":"Shpend Bengu i pari artist shqiptar, pjes\u00eb e enciklopedis\u00eb s\u00eb artit modern pamor Shpend Bengu pas nj\u00eb karriere t\u00eb gjat\u00eb artistike, brenda dhe jasht\u00eb vendit, pjes\u00ebmarr\u00ebs n\u00eb bienale t\u00eb r\u00ebnd\u00ebsishme nd\u00ebrkomb\u00ebtare dhe fitues \u00e7mimesh, si\u00e7 \u00ebsht\u00eb vler\u00ebsimi n\u00eb bienalen e Austris\u00eb, tashm\u00eb artisti shqiptar b\u00ebhet pjes\u00eb e enciklopedis\u00eb prestigjoze t\u00eb\u2026","rel":"","context":"In &quot;Arte&quot;","block_context":{"text":"Arte","link":"https:\/\/www.shqiperia.com\/blog\/category\/arte\/"},"img":{"alt_text":"","src":"https:\/\/i0.wp.com\/www.shqiperia.com\/blog\/wp-content\/uploads\/2022\/02\/shpend-bengu-1.jpg?fit=1200%2C675&ssl=1&resize=350%2C200","width":350,"height":200,"srcset":"https:\/\/i0.wp.com\/www.shqiperia.com\/blog\/wp-content\/uploads\/2022\/02\/shpend-bengu-1.jpg?fit=1200%2C675&ssl=1&resize=350%2C200 1x, https:\/\/i0.wp.com\/www.shqiperia.com\/blog\/wp-content\/uploads\/2022\/02\/shpend-bengu-1.jpg?fit=1200%2C675&ssl=1&resize=525%2C300 1.5x, https:\/\/i0.wp.com\/www.shqiperia.com\/blog\/wp-content\/uploads\/2022\/02\/shpend-bengu-1.jpg?fit=1200%2C675&ssl=1&resize=700%2C400 2x, https:\/\/i0.wp.com\/www.shqiperia.com\/blog\/wp-content\/uploads\/2022\/02\/shpend-bengu-1.jpg?fit=1200%2C675&ssl=1&resize=1050%2C600 3x"},"classes":[]}],"_links":{"self":[{"href":"https:\/\/www.shqiperia.com\/blog\/wp-json\/wp\/v2\/posts\/36481","targetHints":{"allow":["GET"]}}],"collection":[{"href":"https:\/\/www.shqiperia.com\/blog\/wp-json\/wp\/v2\/posts"}],"about":[{"href":"https:\/\/www.shqiperia.com\/blog\/wp-json\/wp\/v2\/types\/post"}],"author":[{"embeddable":true,"href":"https:\/\/www.shqiperia.com\/blog\/wp-json\/wp\/v2\/users\/9"}],"replies":[{"embeddable":true,"href":"https:\/\/www.shqiperia.com\/blog\/wp-json\/wp\/v2\/comments?post=36481"}],"version-history":[{"count":1,"href":"https:\/\/www.shqiperia.com\/blog\/wp-json\/wp\/v2\/posts\/36481\/revisions"}],"predecessor-version":[{"id":36486,"href":"https:\/\/www.shqiperia.com\/blog\/wp-json\/wp\/v2\/posts\/36481\/revisions\/36486"}],"wp:featuredmedia":[{"embeddable":true,"href":"https:\/\/www.shqiperia.com\/blog\/wp-json\/wp\/v2\/media\/36482"}],"wp:attachment":[{"href":"https:\/\/www.shqiperia.com\/blog\/wp-json\/wp\/v2\/media?parent=36481"}],"wp:term":[{"taxonomy":"category","embeddable":true,"href":"https:\/\/www.shqiperia.com\/blog\/wp-json\/wp\/v2\/categories?post=36481"},{"taxonomy":"post_tag","embeddable":true,"href":"https:\/\/www.shqiperia.com\/blog\/wp-json\/wp\/v2\/tags?post=36481"}],"curies":[{"name":"wp","href":"https:\/\/api.w.org\/{rel}","templated":true}]}}