{"id":36475,"date":"2020-07-26T07:52:35","date_gmt":"2020-07-26T07:52:35","guid":{"rendered":"https:\/\/www.shqiperia.com\/blog\/?p=36475"},"modified":"2020-07-26T07:52:35","modified_gmt":"2020-07-26T07:52:35","slug":"lajm-rrenues-per-ekonomine-shqiptare-toka-te-pa-mbjella-ne-shqiperi-greqia-shtyn-lejen-e-posacme-per-punonjesit-sezonal","status":"publish","type":"post","link":"https:\/\/www.shqiperia.com\/blog\/lajm-rrenues-per-ekonomine-shqiptare-toka-te-pa-mbjella-ne-shqiperi-greqia-shtyn-lejen-e-posacme-per-punonjesit-sezonal\/","title":{"rendered":"Lajm rrenues p\u00ebr ekonomine shqiptare. Toka te pa mbjella ne Shqiperi. Greqia shtyn lejen e posa\u00e7me p\u00ebr punonj\u00ebsit sezonal"},"content":{"rendered":"<p><img data-recalc-dims=\"1\" loading=\"lazy\" decoding=\"async\" data-attachment-id=\"36476\" data-permalink=\"https:\/\/www.shqiperia.com\/blog\/lajm-rrenues-per-ekonomine-shqiptare-toka-te-pa-mbjella-ne-shqiperi-greqia-shtyn-lejen-e-posacme-per-punonjesit-sezonal\/640-0-0e838841afd2b80be6c8d09be41e4586\/\" data-orig-file=\"https:\/\/i0.wp.com\/www.shqiperia.com\/blog\/wp-content\/uploads\/2020\/07\/640-0-0e838841afd2b80be6c8d09be41e4586.jpg?fit=640%2C360&amp;ssl=1\" data-orig-size=\"640,360\" data-comments-opened=\"1\" data-image-meta=\"{&quot;aperture&quot;:&quot;0&quot;,&quot;credit&quot;:&quot;&quot;,&quot;camera&quot;:&quot;&quot;,&quot;caption&quot;:&quot;&quot;,&quot;created_timestamp&quot;:&quot;0&quot;,&quot;copyright&quot;:&quot;&quot;,&quot;focal_length&quot;:&quot;0&quot;,&quot;iso&quot;:&quot;0&quot;,&quot;shutter_speed&quot;:&quot;0&quot;,&quot;title&quot;:&quot;&quot;,&quot;orientation&quot;:&quot;0&quot;}\" data-image-title=\"-640-0-0e838841afd2b80be6c8d09be41e4586\" data-image-description=\"\" data-image-caption=\"\" data-medium-file=\"https:\/\/i0.wp.com\/www.shqiperia.com\/blog\/wp-content\/uploads\/2020\/07\/640-0-0e838841afd2b80be6c8d09be41e4586.jpg?fit=300%2C169&amp;ssl=1\" data-large-file=\"https:\/\/i0.wp.com\/www.shqiperia.com\/blog\/wp-content\/uploads\/2020\/07\/640-0-0e838841afd2b80be6c8d09be41e4586.jpg?fit=640%2C360&amp;ssl=1\" class=\"alignnone  wp-image-36476\" alt=\"\" src=\"https:\/\/i0.wp.com\/www.shqiperia.com\/blog\/wp-content\/uploads\/2020\/07\/640-0-0e838841afd2b80be6c8d09be41e4586.jpg?resize=453%2C255&#038;ssl=1\" width=\"453\" height=\"255\" srcset=\"https:\/\/i0.wp.com\/www.shqiperia.com\/blog\/wp-content\/uploads\/2020\/07\/640-0-0e838841afd2b80be6c8d09be41e4586.jpg?resize=300%2C169&amp;ssl=1 300w, https:\/\/i0.wp.com\/www.shqiperia.com\/blog\/wp-content\/uploads\/2020\/07\/640-0-0e838841afd2b80be6c8d09be41e4586.jpg?resize=450%2C253&amp;ssl=1 450w, https:\/\/i0.wp.com\/www.shqiperia.com\/blog\/wp-content\/uploads\/2020\/07\/640-0-0e838841afd2b80be6c8d09be41e4586.jpg?resize=600%2C338&amp;ssl=1 600w, https:\/\/i0.wp.com\/www.shqiperia.com\/blog\/wp-content\/uploads\/2020\/07\/640-0-0e838841afd2b80be6c8d09be41e4586.jpg?resize=400%2C225&amp;ssl=1 400w, https:\/\/i0.wp.com\/www.shqiperia.com\/blog\/wp-content\/uploads\/2020\/07\/640-0-0e838841afd2b80be6c8d09be41e4586.jpg?w=640&amp;ssl=1 640w\" sizes=\"auto, (max-width: 453px) 100vw, 453px\" \/><\/p>\n<p style=\"margin-bottom: 30.0pt;line-height: normal\" class=\"MsoNormal\"><b><span style=\"font-size: 34.0pt;font-family: 'Adelle-SemiBold','serif';color: #262a33\">Lajm rrenues p\u00ebr ekonomine shqiptare. Toka te pa mbjella ne Shqiperi. Greqia shtyn lejen e posa\u00e7me p\u00ebr punonj\u00ebsit sezonal<\/span><\/b><\/p>\n<p style=\"line-height: normal\" class=\"MsoNormal\"><span style=\"font-size: 8.5pt;font-family: 'Adelle-SemiBold','serif';color: #ea2c30;text-transform: uppercase\">26 KORRIK 2020<\/span><\/p>\n<p style=\"margin-bottom: 22.5pt;line-height: 20.4pt\" class=\"MsoNormal\"><span style=\"font-size: 14.5pt;font-family: 'Adelle-Regular','serif';color: #262a33\">Qeveria greke ka shtyn, lejen e posa\u00e7me p\u00ebr punonj\u00ebsit sezonal, duke lehtesuar keshtu emigrantet.<\/span><\/p>\n<p style=\"margin-bottom: 22.5pt;line-height: 20.4pt\" class=\"MsoNormal\"><span style=\"font-size: 14.5pt;font-family: 'Adelle-Regular','serif';color: #262a33\">Sipas burimeve t\u00eb Top Channel, \u00ebsht\u00eb d\u00ebrguar qarkorja e posa\u00e7me pran\u00eb drejtorive t\u00eb decentralizuara t\u00eb emigracionit n\u00eb prefektura n\u00eb t\u00eb cil\u00ebn,urdh\u00ebrohen drejtorit\u00eb e emigracionit,t\u00eb pranojn\u00eb aplikime p\u00ebr punonj\u00ebs sezonal\u00eb, deri ne 31 dhjetor 2020.<\/span><\/p>\n<p style=\"margin-bottom: 22.5pt;line-height: 20.4pt\" class=\"MsoNormal\"><span style=\"font-size: 14.5pt;font-family: 'Adelle-Regular','serif';color: #262a33\">Qarkorja sqaron se mbetet e pa ndryshuar pro\u00e7edura, pra kushdo pun\u00ebdh\u00ebn\u00ebs n\u00eb sektorin bujq\u00ebsor, d\u00ebshiron t\u00eb pun\u00ebsoj\u00eb nj\u00eb emigrant nga vendet e treta, mund t\u00eb kryeje aplikimin pran\u00eb zyrave t\u00eb decentralizuara t\u00eb emigracionit n\u00eb prefektur\u00ebn e zon\u00ebs q\u00eb banon, t\u00eb plot\u00ebsoj\u00eb nj\u00eb deklarat\u00eb p\u00ebrgjegj\u00ebsie p\u00ebr pun\u00ebdhen\u00ebsin, me detyrimin e gjetjes se ban\u00ebs\u00ebs, ta ket\u00eb t\u00eb siguruar t\u00eb pakt\u00ebn 20 dit\u00eb n\u00eb 3 muajt e ardhsh\u00ebm, t\u00eb paguaj\u00eb nj\u00eb taks\u00eb legalizimi 100 euro p\u00ebr punonj\u00ebs, si dhe t\u00eb siguroj\u00eb kushtet e jetes\u00ebs p\u00ebr punonj\u00ebsin sezonal.<\/span><\/p>\n<p style=\"margin-bottom: 22.5pt;line-height: 20.4pt\" class=\"MsoNormal\"><span style=\"font-size: 14.5pt;font-family: 'Adelle-Regular','serif';color: #262a33\">Procedura kryhet brenda 48 oreve nga dita e dor\u00ebzimit t\u00eb dokumentave. Me k\u00ebt\u00eb shtyrje,mund\u00ebsohet hapja e tregut t\u00eb pun\u00ebs p\u00ebr mij\u00ebra emigrant\u00eb shqiptar\u00eb t\u00eb interesuar p\u00ebr pun\u00ebsim sezonal n\u00eb Greqi. Q\u00eb prej fillimit t\u00eb k\u00ebsaj pro\u00e7edure n\u00eb maj t\u00eb k\u00ebtij viti, n\u00eb sektorin e bujq\u00ebsis\u00eb n\u00eb Greqi jan\u00eb pun\u00ebsuar me shum\u00eb se 30.000 emigrant\u00eb,shumica derrmuese e tyre jan\u00eb shtetas shqiptar\u00eb.<\/span><\/p>\n<p style=\"margin-bottom: 22.5pt;line-height: 20.4pt\" class=\"MsoNormal\"><span style=\"font-size: 14.5pt;font-family: 'Adelle-Regular','serif';color: #262a33\">K\u00ebrkesa m\u00eb e madhe p\u00ebr krah\u00eb pune ka q\u00ebn\u00eb kryesisht n\u00eb zon\u00ebn e veriut t\u00eb Greqis\u00eb n\u00eb sektorin e frutikultur\u00ebs. Shtyrja e re, pritet t\u00eb mund\u00ebsoj\u00eb pun\u00ebsimin p\u00ebr muajt e dimrit p\u00ebr mij\u00ebra emigrant\u00eb, t\u00eb cil\u00ebt pritet t\u00eb pun\u00ebsohen n\u00eb mbledhjen e frutave n\u00eb zon\u00ebn e Laris\u00ebs, Volosit, si dhe p\u00ebr sezoni e mbledhjes s\u00eb ullinjve dhe portokalleve n\u00eb vjesht\u00eb.<\/span><\/p>\n<p style=\"margin-bottom: 22.5pt;line-height: 20.4pt\" class=\"MsoNormal\"><span style=\"font-size: 14.5pt;font-family: 'Adelle-Regular','serif';color: #262a33\">N\u00eb k\u00ebt\u00eb m\u00ebnyr\u00eb, Greqia mund\u00ebson gjetjen e krahut t\u00eb lir\u00eb t\u00eb pun\u00ebs,n\u00eb pro\u00e7ese t\u00eb cilat nuk preferohen prej vendasve, pavar\u00ebsisht se prej kriz\u00ebs s\u00eb Covid-19, parashikohet rritja e papun\u00ebsis\u00eb n\u00eb vend me mbi 100.000 persona.<\/span><\/p>\n<p>Nga:GAZETA SHQIP<\/p>\n<p class=\"MsoNormal\">\n","protected":false},"excerpt":{"rendered":"<p>Lajm rrenues p\u00ebr ekonomine shqiptare. Toka te pa mbjella ne Shqiperi. Greqia shtyn lejen e posa\u00e7me p\u00ebr punonj\u00ebsit sezonal 26 KORRIK 2020 Qeveria greke ka shtyn, lejen e posa\u00e7me p\u00ebr punonj\u00ebsit sezonal, duke lehtesuar keshtu emigrantet. Sipas burimeve t\u00eb Top Channel, \u00ebsht\u00eb d\u00ebrguar qarkorja e posa\u00e7me pran\u00eb drejtorive t\u00eb decentralizuara t\u00eb emigracionit n\u00eb prefektura n\u00eb [&hellip;]<\/p>\n","protected":false},"author":9,"featured_media":36476,"comment_status":"open","ping_status":"open","sticky":false,"template":"","format":"standard","meta":{"jetpack_post_was_ever_published":false,"_jetpack_newsletter_access":"","_jetpack_dont_email_post_to_subs":false,"_jetpack_newsletter_tier_id":0,"_jetpack_memberships_contains_paywalled_content":false,"_jetpack_memberships_contains_paid_content":false,"footnotes":"","jetpack_publicize_message":"","jetpack_publicize_feature_enabled":true,"jetpack_social_post_already_shared":true,"jetpack_social_options":{"image_generator_settings":{"template":"highway","default_image_id":0,"font":"","enabled":false},"version":2}},"categories":[27,2,35],"tags":[],"class_list":["post-36475","post","type-post","status-publish","format-standard","has-post-thumbnail","hentry","category-blogu-i-udhetarit","category-politika","category-shoqerore"],"jetpack_publicize_connections":[],"jetpack_featured_media_url":"https:\/\/i0.wp.com\/www.shqiperia.com\/blog\/wp-content\/uploads\/2020\/07\/640-0-0e838841afd2b80be6c8d09be41e4586.jpg?fit=640%2C360&ssl=1","jetpack_sharing_enabled":true,"jetpack_shortlink":"https:\/\/wp.me\/p5Z6wp-9uj","jetpack-related-posts":[{"id":64235,"url":"https:\/\/www.shqiperia.com\/blog\/ndryshon-drejtimi-i-levizjes-emigrantet-shqiptare-nga-greqia-nisen-drejt-anglise-dhe-evropes-veriore\/","url_meta":{"origin":36475,"position":0},"title":"Ndryshon drejtimi i levizjes: &#8211; Emigrant\u00ebt shqiptar\u00eb nga Greqia nisen drejt Anglis\u00eb dhe Evrop\u00ebs Veriore","author":"Kurt Farka","date":"November 13, 2022","format":false,"excerpt":"13 Nentor 2022 N\u00eb 30 vitet e pas komunizmit emigracioni m\u00eb i madh i shqiptar\u00ebve ishte drejt Greqis\u00eb fqinje. Por koh\u00ebt e fundit numri i emigrant\u00ebve nga Shqip\u00ebria n\u00eb Greqi po sh\u00ebnon r\u00ebnie t\u00eb ndjeshme prej migrimit t\u00eb brezit t\u00eb dyt\u00eb drejt Anglis\u00eb dhe Europ\u00ebs veriore. Studiuesit vler\u00ebsojn\u00eb se prirjet\u2026","rel":"","context":"In &quot;Blogu i Udh\u00ebtarit&quot;","block_context":{"text":"Blogu i Udh\u00ebtarit","link":"https:\/\/www.shqiperia.com\/blog\/category\/blogu-i-udhetarit\/"},"img":{"alt_text":"","src":"https:\/\/i0.wp.com\/www.shqiperia.com\/blog\/wp-content\/uploads\/2022\/11\/640-0-ce11b09d5dea97e0ee48e5d6dc82f5a6.png?fit=640%2C360&ssl=1&resize=350%2C200","width":350,"height":200,"srcset":"https:\/\/i0.wp.com\/www.shqiperia.com\/blog\/wp-content\/uploads\/2022\/11\/640-0-ce11b09d5dea97e0ee48e5d6dc82f5a6.png?fit=640%2C360&ssl=1&resize=350%2C200 1x, https:\/\/i0.wp.com\/www.shqiperia.com\/blog\/wp-content\/uploads\/2022\/11\/640-0-ce11b09d5dea97e0ee48e5d6dc82f5a6.png?fit=640%2C360&ssl=1&resize=525%2C300 1.5x"},"classes":[]},{"id":89430,"url":"https:\/\/www.shqiperia.com\/blog\/gazment-bardhi-rama-po-shqetesohet-sepse-ne-shqiperi-ka-prokurore-dhe-gjyqtare-qe-arrestojne-edhe-pa-lejen-e-tij\/","url_meta":{"origin":36475,"position":1},"title":"Gazment Bardhi: &#8211; Rama po shqet\u00ebsohet sepse n\u00eb Shqip\u00ebri ka prokuror\u00eb dhe gjyqtar\u00eb q\u00eb arrestojn\u00eb edhe pa lejen e tij","author":"Kurt Farka","date":"February 12, 2025","format":false,"excerpt":"12 Shkurt 2025 Kryetari i Grupit t\u00eb PD-s\u00eb, Gazment Bardhi ka reaguar pas q\u00ebndrimeve t\u00eb forta t\u00eb kryeministrit Rama, p\u00ebr arrestimin dhe hetimet e zhvilluara p\u00ebr kryebashkiakun Erion Veliaj. Sipas Bardhit, Rama \u00ebsht\u00eb shqet\u00ebsuar jo p\u00ebr arrestimin e kryebashkiakut Veliaj apo se ai \u201chumbi statusin e t\u00eb paprekshmit\u201d, por se\u2026","rel":"","context":"In &quot;Blogu i Udh\u00ebtarit&quot;","block_context":{"text":"Blogu i Udh\u00ebtarit","link":"https:\/\/www.shqiperia.com\/blog\/category\/blogu-i-udhetarit\/"},"img":{"alt_text":"","src":"https:\/\/i0.wp.com\/www.shqiperia.com\/blog\/wp-content\/uploads\/2025\/02\/bardhi2.jpg?fit=766%2C461&ssl=1&resize=350%2C200","width":350,"height":200,"srcset":"https:\/\/i0.wp.com\/www.shqiperia.com\/blog\/wp-content\/uploads\/2025\/02\/bardhi2.jpg?fit=766%2C461&ssl=1&resize=350%2C200 1x, https:\/\/i0.wp.com\/www.shqiperia.com\/blog\/wp-content\/uploads\/2025\/02\/bardhi2.jpg?fit=766%2C461&ssl=1&resize=525%2C300 1.5x, https:\/\/i0.wp.com\/www.shqiperia.com\/blog\/wp-content\/uploads\/2025\/02\/bardhi2.jpg?fit=766%2C461&ssl=1&resize=700%2C400 2x"},"classes":[]},{"id":44440,"url":"https:\/\/www.shqiperia.com\/blog\/pergjimet-pa-lejen-prokurorit-nga-policia-avokati-i-popullit-i-drejtohet-gjykates-kushtetuese-shfuqizojeni\/","url_meta":{"origin":36475,"position":2},"title":"P\u00ebrgjimet pa lejen prokurorit nga policia, Avokati i Popullit i drejtohet Gjykat\u00ebs Kushtetuese: Shfuqizojeni","author":"Kurt Farka","date":"February 19, 2021","format":false,"excerpt":"P\u00ebrgjimet pa lejen prokurorit nga policia, Avokati i Popullit i drejtohet Gjykat\u00ebs Kushtetuese: Shfuqizojeni 19 SHKURT 2021 Institucioni i Avokatit t\u00eb Popullit i ka d\u00ebrguar nj\u00eb k\u00ebrkes\u00eb Gjykat\u00ebs Kushtetuese p\u00ebr shfuqizimin e nj\u00eb neni t\u00eb ligjit \u201cP\u00ebr Policin\u00eb e Shtetit\u201d q\u00eb lidhet me dh\u00ebnien Policis\u00eb t\u00eb disa kompetencave q\u00eb lidhen\u2026","rel":"","context":"In &quot;Blogu i Udh\u00ebtarit&quot;","block_context":{"text":"Blogu i Udh\u00ebtarit","link":"https:\/\/www.shqiperia.com\/blog\/category\/blogu-i-udhetarit\/"},"img":{"alt_text":"","src":"https:\/\/i0.wp.com\/www.shqiperia.com\/blog\/wp-content\/uploads\/2021\/02\/640-0-602fcc6e99840.jpg?fit=640%2C320&ssl=1&resize=350%2C200","width":350,"height":200,"srcset":"https:\/\/i0.wp.com\/www.shqiperia.com\/blog\/wp-content\/uploads\/2021\/02\/640-0-602fcc6e99840.jpg?fit=640%2C320&ssl=1&resize=350%2C200 1x, https:\/\/i0.wp.com\/www.shqiperia.com\/blog\/wp-content\/uploads\/2021\/02\/640-0-602fcc6e99840.jpg?fit=640%2C320&ssl=1&resize=525%2C300 1.5x"},"classes":[]},{"id":94542,"url":"https:\/\/www.shqiperia.com\/blog\/tuneli-i-llogarase-nen-hetim-hoxhaj-publikon-dokument-qe-verteton-nderhyrjen-e-rames-dhe-ballukut-ndertimin-nisi\/","url_meta":{"origin":36475,"position":3},"title":"Tuneli i Llogaras\u00eb n\u00ebn hetim\/ Hoxhaj publikon dokument q\u00eb v\u00ebrteton nd\u00ebrhyrjen e Ram\u00ebs dhe Ballukut: &#8211; Nd\u00ebrtimin nisi\u2026","author":"Kurt Farka","date":"October 31, 2025","format":false,"excerpt":"31 Tetor 2025 Nj\u00eb dokument ekskluziv i b\u00ebr\u00eb publik nga deputeti demokrat Belind K\u00eblli\u00e7i ka hedhur drit\u00eb mbi parregullsi t\u00eb r\u00ebnda n\u00eb projektin e tunelit t\u00eb Llogaras\u00eb, duke sugjeruar se vepra me vler\u00eb miliona euro \u00ebsht\u00eb nd\u00ebrtuar n\u00eb m\u00ebnyr\u00eb t\u00eb paligjshme p\u00ebr vite me radh\u00eb. Gazetari Julian Hoxhaj, i ftuar\u2026","rel":"","context":"In &quot;Blogu i Udh\u00ebtarit&quot;","block_context":{"text":"Blogu i Udh\u00ebtarit","link":"https:\/\/www.shqiperia.com\/blog\/category\/blogu-i-udhetarit\/"},"img":{"alt_text":"","src":"https:\/\/i0.wp.com\/www.shqiperia.com\/blog\/wp-content\/uploads\/2025\/10\/Rama-Balluku-e1705068764490.jpg?fit=1200%2C675&ssl=1&resize=350%2C200","width":350,"height":200,"srcset":"https:\/\/i0.wp.com\/www.shqiperia.com\/blog\/wp-content\/uploads\/2025\/10\/Rama-Balluku-e1705068764490.jpg?fit=1200%2C675&ssl=1&resize=350%2C200 1x, https:\/\/i0.wp.com\/www.shqiperia.com\/blog\/wp-content\/uploads\/2025\/10\/Rama-Balluku-e1705068764490.jpg?fit=1200%2C675&ssl=1&resize=525%2C300 1.5x, https:\/\/i0.wp.com\/www.shqiperia.com\/blog\/wp-content\/uploads\/2025\/10\/Rama-Balluku-e1705068764490.jpg?fit=1200%2C675&ssl=1&resize=700%2C400 2x, https:\/\/i0.wp.com\/www.shqiperia.com\/blog\/wp-content\/uploads\/2025\/10\/Rama-Balluku-e1705068764490.jpg?fit=1200%2C675&ssl=1&resize=1050%2C600 3x"},"classes":[]},{"id":72634,"url":"https:\/\/www.shqiperia.com\/blog\/kafeve-dhe-restoranteve-iu-largohen-edhe-te-punesuarit-nga-azia-fasonet-punesuan-450-gra-nga-nepali-dhe-filipinet\/","url_meta":{"origin":36475,"position":4},"title":"Kafeve dhe restoranteve iu largohen edhe t\u00eb pun\u00ebsuarit nga Azia, fason\u00ebt pun\u00ebsuan 450 gra nga Nepali dhe Filipinet","author":"Kurt Farka","date":"July 10, 2023","format":false,"excerpt":"10 Korrik 2023 Nuk jan\u00eb vet\u00ebm punonj\u00ebsit nga Bangladeshi dhe India q\u00eb p\u00ebrdorin Shqip\u00ebrin\u00eb si vend trampolin\u00eb p\u00ebr t\u00eb shkuar drejt Europ\u00ebs. N\u00eb sektor\u00ebt e sh\u00ebrbimit, ve\u00e7an\u00ebrisht n\u00eb bare dhe restorante, problematika po shfaqet e mpreht\u00eb edhe me punonj\u00ebsit aziatik\u00eb, kryesisht pun\u00ebsimet nga Filipinet. Enri Jahja nga Shoqata e Bareve\u2026","rel":"","context":"In &quot;Blogu i Udh\u00ebtarit&quot;","block_context":{"text":"Blogu i Udh\u00ebtarit","link":"https:\/\/www.shqiperia.com\/blog\/category\/blogu-i-udhetarit\/"},"img":{"alt_text":"","src":"https:\/\/i0.wp.com\/www.shqiperia.com\/blog\/wp-content\/uploads\/2023\/07\/restorant-768x514-1.jpg?fit=768%2C514&ssl=1&resize=350%2C200","width":350,"height":200,"srcset":"https:\/\/i0.wp.com\/www.shqiperia.com\/blog\/wp-content\/uploads\/2023\/07\/restorant-768x514-1.jpg?fit=768%2C514&ssl=1&resize=350%2C200 1x, https:\/\/i0.wp.com\/www.shqiperia.com\/blog\/wp-content\/uploads\/2023\/07\/restorant-768x514-1.jpg?fit=768%2C514&ssl=1&resize=525%2C300 1.5x, https:\/\/i0.wp.com\/www.shqiperia.com\/blog\/wp-content\/uploads\/2023\/07\/restorant-768x514-1.jpg?fit=768%2C514&ssl=1&resize=700%2C400 2x"},"classes":[]},{"id":97400,"url":"https:\/\/www.shqiperia.com\/blog\/balluku-e-pandehur-vazhdon-te-firmose-banoret-e-fshatit-rrjoll-te-velipojes-me-lote-ne-sy-dhe-me-pankarta-para-spak-ut\/","url_meta":{"origin":36475,"position":5},"title":"Balluku e pandehur vazhdon t\u00eb firmos\u00eb: &#8211; Banor\u00ebt e fshatit Rrjoll t\u00eb Velipoj\u00ebs, me lot\u00eb n\u00eb sy dhe me pankarta para SPAK-ut","author":"Kurt Farka","date":"February 5, 2026","format":false,"excerpt":"5 Shkurt 2026 Banor\u00ebt e fshatit Rrjoll t\u00eb Velipoj\u00ebs, n\u00eb qarkun Shkod\u00ebr, e kan\u00eb zhvendosur protest\u00ebn e tyre drejt kryeqytetit. Ata jan\u00eb mbledhur sot para godin\u00ebs s\u00eb Prokuroris\u00eb s\u00eb Posa\u00e7me, ku me thirrje dhe pankarta n\u00eb duar apeluan p\u00ebr drejt\u00ebsi nga organi m\u00eb i lart\u00eb i akuz\u00ebs n\u00eb vend. Banor\u00ebt\u2026","rel":"","context":"In &quot;Blogu i Udh\u00ebtarit&quot;","block_context":{"text":"Blogu i Udh\u00ebtarit","link":"https:\/\/www.shqiperia.com\/blog\/category\/blogu-i-udhetarit\/"},"img":{"alt_text":"","src":"https:\/\/i0.wp.com\/www.shqiperia.com\/blog\/wp-content\/uploads\/2026\/02\/Screenshot_20260205_140642_Gallery.jpg?fit=720%2C526&ssl=1&resize=350%2C200","width":350,"height":200,"srcset":"https:\/\/i0.wp.com\/www.shqiperia.com\/blog\/wp-content\/uploads\/2026\/02\/Screenshot_20260205_140642_Gallery.jpg?fit=720%2C526&ssl=1&resize=350%2C200 1x, https:\/\/i0.wp.com\/www.shqiperia.com\/blog\/wp-content\/uploads\/2026\/02\/Screenshot_20260205_140642_Gallery.jpg?fit=720%2C526&ssl=1&resize=525%2C300 1.5x, https:\/\/i0.wp.com\/www.shqiperia.com\/blog\/wp-content\/uploads\/2026\/02\/Screenshot_20260205_140642_Gallery.jpg?fit=720%2C526&ssl=1&resize=700%2C400 2x"},"classes":[]}],"_links":{"self":[{"href":"https:\/\/www.shqiperia.com\/blog\/wp-json\/wp\/v2\/posts\/36475","targetHints":{"allow":["GET"]}}],"collection":[{"href":"https:\/\/www.shqiperia.com\/blog\/wp-json\/wp\/v2\/posts"}],"about":[{"href":"https:\/\/www.shqiperia.com\/blog\/wp-json\/wp\/v2\/types\/post"}],"author":[{"embeddable":true,"href":"https:\/\/www.shqiperia.com\/blog\/wp-json\/wp\/v2\/users\/9"}],"replies":[{"embeddable":true,"href":"https:\/\/www.shqiperia.com\/blog\/wp-json\/wp\/v2\/comments?post=36475"}],"version-history":[{"count":1,"href":"https:\/\/www.shqiperia.com\/blog\/wp-json\/wp\/v2\/posts\/36475\/revisions"}],"predecessor-version":[{"id":36477,"href":"https:\/\/www.shqiperia.com\/blog\/wp-json\/wp\/v2\/posts\/36475\/revisions\/36477"}],"wp:featuredmedia":[{"embeddable":true,"href":"https:\/\/www.shqiperia.com\/blog\/wp-json\/wp\/v2\/media\/36476"}],"wp:attachment":[{"href":"https:\/\/www.shqiperia.com\/blog\/wp-json\/wp\/v2\/media?parent=36475"}],"wp:term":[{"taxonomy":"category","embeddable":true,"href":"https:\/\/www.shqiperia.com\/blog\/wp-json\/wp\/v2\/categories?post=36475"},{"taxonomy":"post_tag","embeddable":true,"href":"https:\/\/www.shqiperia.com\/blog\/wp-json\/wp\/v2\/tags?post=36475"}],"curies":[{"name":"wp","href":"https:\/\/api.w.org\/{rel}","templated":true}]}}