{"id":36464,"date":"2020-07-20T09:52:26","date_gmt":"2020-07-20T09:52:26","guid":{"rendered":"https:\/\/www.shqiperia.com\/blog\/?p=36464"},"modified":"2020-07-20T09:52:26","modified_gmt":"2020-07-20T09:52:26","slug":"veteposhterimi-i-rames-sot-ne-keshillin-politik","status":"publish","type":"post","link":"https:\/\/www.shqiperia.com\/blog\/veteposhterimi-i-rames-sot-ne-keshillin-politik\/","title":{"rendered":"Vet\u00ebposht\u00ebrimi i Ram\u00ebs sot n\u00eb K\u00ebshillin Politik"},"content":{"rendered":"<p><img data-recalc-dims=\"1\" loading=\"lazy\" decoding=\"async\" data-attachment-id=\"36465\" data-permalink=\"https:\/\/www.shqiperia.com\/blog\/veteposhterimi-i-rames-sot-ne-keshillin-politik\/edi-rama-36\/\" data-orig-file=\"https:\/\/i0.wp.com\/www.shqiperia.com\/blog\/wp-content\/uploads\/2020\/07\/Edi-Rama.jpeg?fit=376%2C208&amp;ssl=1\" data-orig-size=\"376,208\" data-comments-opened=\"1\" data-image-meta=\"{&quot;aperture&quot;:&quot;0&quot;,&quot;credit&quot;:&quot;&quot;,&quot;camera&quot;:&quot;&quot;,&quot;caption&quot;:&quot;&quot;,&quot;created_timestamp&quot;:&quot;0&quot;,&quot;copyright&quot;:&quot;&quot;,&quot;focal_length&quot;:&quot;0&quot;,&quot;iso&quot;:&quot;0&quot;,&quot;shutter_speed&quot;:&quot;0&quot;,&quot;title&quot;:&quot;&quot;,&quot;orientation&quot;:&quot;0&quot;}\" data-image-title=\"Edi Rama\" data-image-description=\"\" data-image-caption=\"\" data-medium-file=\"https:\/\/i0.wp.com\/www.shqiperia.com\/blog\/wp-content\/uploads\/2020\/07\/Edi-Rama.jpeg?fit=300%2C166&amp;ssl=1\" data-large-file=\"https:\/\/i0.wp.com\/www.shqiperia.com\/blog\/wp-content\/uploads\/2020\/07\/Edi-Rama.jpeg?fit=376%2C208&amp;ssl=1\" class=\"alignnone  wp-image-36465\" alt=\"\" src=\"https:\/\/i0.wp.com\/www.shqiperia.com\/blog\/wp-content\/uploads\/2020\/07\/Edi-Rama.jpeg?resize=598%2C331&#038;ssl=1\" width=\"598\" height=\"331\" srcset=\"https:\/\/i0.wp.com\/www.shqiperia.com\/blog\/wp-content\/uploads\/2020\/07\/Edi-Rama.jpeg?resize=300%2C166&amp;ssl=1 300w, https:\/\/i0.wp.com\/www.shqiperia.com\/blog\/wp-content\/uploads\/2020\/07\/Edi-Rama.jpeg?w=376&amp;ssl=1 376w\" sizes=\"auto, (max-width: 598px) 100vw, 598px\" \/><\/p>\n<p>Vet\u00ebposht\u00ebrimi i Ram\u00ebs sot n\u00eb K\u00ebshillin Politik<\/p>\n<p>20 Korrik, 2020<\/p>\n<p><strong>Nga Red VARAKU<\/strong><\/p>\n<p>Edi Rama po k\u00ebrkon nj\u00eb rrug\u00ebdalje qoft\u00eb edhe vetposht\u00ebruese nga bataku ku e futi veten n\u00ebp\u00ebrmjet vendimit p\u00ebr t\u00eb ndryshuar Kushtetut\u00ebn, duke shkelur dakort\u00ebsin\u00eb e 5 qershorit.<\/p>\n<p>Duket q\u00eb ai e ka humbur sensin e realitetit dhe i duket akoma si loj\u00eb kjo pun\u00eb, sepse as q\u00eb e kishte menduar, q\u00eb nj\u00eb vendim i till\u00eb do t\u00eb ngjallte nj\u00eb reagim kaq t\u00eb ashp\u00ebr t\u00eb faktorit nd\u00ebrkomb\u00ebtar, duke rrezikuar bllokimin e integrimit dhe izolimin e Shqip\u00ebris\u00eb.<\/p>\n<p>Reagimi i ashp\u00ebr i t\u00eb gjith\u00eb aktor\u00ebve m\u00eb t\u00eb r\u00ebnd\u00ebsish\u00ebm t\u00eb BE p\u00ebrfshi , Komisionerin p\u00ebr Zgjerimin n\u00eb BE, Oliver Varhelyi, N\u00ebnkryetarin e CDU\/ CSU, krahun e djatht\u00eb t\u00eb Merkel, z . Wahdepul, reagimin e ashp\u00ebr n\u00eb unison t\u00eb p\u00ebrfaq\u00ebsuesve t\u00eb Parlamentit Europian , n\u00eb nj\u00eb hark kohor disa ditor, sigurisht e ka tronditur at\u00eb.<\/p>\n<p>Por, ajo q\u00eb e ka trembur \u00ebsht\u00eb pik\u00ebrisht mosreagimi i SHBA-ve. Heshtja e tyre n\u00eb raste t\u00eb tilla flet m\u00eb shum\u00eb se \u00e7do deklarat\u00eb.<\/p>\n<p>Kjo do t\u00eb thot\u00eb q\u00eb dakort\u00ebsia e 5 qershorit p\u00ebr ta konsiderohet nj\u00eb \u00e7\u00ebshtje e mbyllur, ndaj nuk meriton asnj\u00eb koment tjet\u00ebr. Dhe nuk ka se si t\u00eb jet\u00eb ndryshe, kur ajo marr\u00ebveshje u n\u00ebnshkrua n\u00eb ambasad\u00ebn amerikane dhe u p\u00ebrsh\u00ebndet nga numri dy i SHBA-ve, Sekretari Amerikan i Shtetit, z. Mike Pompeo.<\/p>\n<p>Kush e njeh politik\u00ebn e jashtme amerikane e ka t\u00eb qart\u00eb q\u00eb askush nuk guxon as t\u00eb mendoj\u00eb, se mund t\u00eb shkel\u00eb marr\u00ebveshjet e arritura me nd\u00ebrmjet\u00ebsimin e tyre.<\/p>\n<p>Kjo p\u00ebr shkak se ata jan\u00eb sot fuqia m\u00eb e madhe e globit dhe \u00e7do p\u00ebrpjekje p\u00ebr ta minuar k\u00ebt\u00eb reputacion merr nd\u00ebshkim egzemplar. \u00cbsht\u00eb e qart\u00eb q\u00eb ajo nuk ndryshohet m\u00eb dhe kush e shkel at\u00eb sigurisht do t\u00eb ket\u00eb pasoja fatale.<\/p>\n<p>Pra, Rama po k\u00ebrkon nj\u00eb rrug\u00ebdalje qoft\u00eb edhe vetposht\u00ebruese nga budallall\u00ebku ku e futi veten me arroganc\u00ebn e tij idiote dhe prezenca e tij sot n\u00eb K\u00ebshillin Politik n\u00eb krah t\u00eb Damian Gjiknurit p\u00ebrball\u00eb Gazment Bardhit, Petrit Vasili dhe Oerd Bylykbashit \u00ebsht\u00eb nj\u00eb taktik\u00eb p\u00ebr tu zbythur nga kjo idiot\u00ebsi me procedur\u00eb.<\/p>\n<p>Sigurisht, q\u00eb kjo \u00ebsht\u00eb nj\u00eb zbythje e ul\u00ebt, pa nder dhe dinjitet, por q\u00eb gjithsesi mund ta shp\u00ebtoj\u00eb at\u00eb nga ndonj\u00eb vendim i ashp\u00ebr i SHBA-ve p\u00ebr t\u00eb dhe familjen e tij biologjike dhe politike.<\/p>\n<p>Nga\u00a0<a href=\"http:\/\/infopressalbania.com\/author\/infopress\/\"><strong>infopress<\/strong><\/a><\/p>\n","protected":false},"excerpt":{"rendered":"<p>Vet\u00ebposht\u00ebrimi i Ram\u00ebs sot n\u00eb K\u00ebshillin Politik 20 Korrik, 2020 Nga Red VARAKU Edi Rama po k\u00ebrkon nj\u00eb rrug\u00ebdalje qoft\u00eb edhe vetposht\u00ebruese nga bataku ku e futi veten n\u00ebp\u00ebrmjet vendimit p\u00ebr t\u00eb ndryshuar Kushtetut\u00ebn, duke shkelur dakort\u00ebsin\u00eb e 5 qershorit. Duket q\u00eb ai e ka humbur sensin e realitetit dhe i duket akoma si loj\u00eb [&hellip;]<\/p>\n","protected":false},"author":9,"featured_media":36465,"comment_status":"open","ping_status":"open","sticky":false,"template":"","format":"standard","meta":{"jetpack_post_was_ever_published":false,"_jetpack_newsletter_access":"","_jetpack_dont_email_post_to_subs":false,"_jetpack_newsletter_tier_id":0,"_jetpack_memberships_contains_paywalled_content":false,"_jetpack_memberships_contains_paid_content":false,"footnotes":"","jetpack_publicize_message":"","jetpack_publicize_feature_enabled":true,"jetpack_social_post_already_shared":true,"jetpack_social_options":{"image_generator_settings":{"template":"highway","default_image_id":0,"font":"","enabled":false},"version":2}},"categories":[27,2],"tags":[],"class_list":["post-36464","post","type-post","status-publish","format-standard","has-post-thumbnail","hentry","category-blogu-i-udhetarit","category-politika"],"jetpack_publicize_connections":[],"jetpack_featured_media_url":"https:\/\/i0.wp.com\/www.shqiperia.com\/blog\/wp-content\/uploads\/2020\/07\/Edi-Rama.jpeg?fit=376%2C208&ssl=1","jetpack_sharing_enabled":true,"jetpack_shortlink":"https:\/\/wp.me\/p5Z6wp-9u8","jetpack-related-posts":[{"id":94624,"url":"https:\/\/www.shqiperia.com\/blog\/rama-serish-regjisor-curri-shperthen-ashper-vendimi-i-gjk-eshte-politik-rames-nuk-i-duheshin-zgjedhje\/","url_meta":{"origin":36464,"position":0},"title":"\u201cRama s\u00ebrish regjisor\u201d, Curri \u2018shp\u00ebrthen\u2019 ashp\u00ebr: &#8211; Vendimi i GJK \u00ebsht\u00eb politik, Ram\u00ebs nuk i duheshin zgjedhje","author":"Kurt Farka","date":"November 3, 2025","format":false,"excerpt":"3 Nentor 2025 Gjykata Kushtetuese i jep t\u00eb drejt\u00eb Erion Veliajt p\u00ebr t\u00eb vijuar detyr\u00ebn si kryetar i Bashkis\u00eb s\u00eb Tiran\u00ebs. Vendimmarrja n\u00eb trup\u00ebn e gjyqtar\u00ebve ka qen\u00eb 5-3 n\u00eb favor t\u00eb rr\u00ebzimit t\u00eb vendimit t\u00eb Qeveris\u00eb q\u00eb shkarkonte kryebashkiakun e Tiran\u00ebs, pas propozimit q\u00eb i kishte b\u00ebr\u00eb K\u00ebshilli Bashkiak\u2026","rel":"","context":"In &quot;Blogu i Udh\u00ebtarit&quot;","block_context":{"text":"Blogu i Udh\u00ebtarit","link":"https:\/\/www.shqiperia.com\/blog\/category\/blogu-i-udhetarit\/"},"img":{"alt_text":"","src":"https:\/\/i0.wp.com\/www.shqiperia.com\/blog\/wp-content\/uploads\/2025\/11\/900-0-1745869535xcurri-836-900x570-1.jpg?fit=900%2C570&ssl=1&resize=350%2C200","width":350,"height":200,"srcset":"https:\/\/i0.wp.com\/www.shqiperia.com\/blog\/wp-content\/uploads\/2025\/11\/900-0-1745869535xcurri-836-900x570-1.jpg?fit=900%2C570&ssl=1&resize=350%2C200 1x, https:\/\/i0.wp.com\/www.shqiperia.com\/blog\/wp-content\/uploads\/2025\/11\/900-0-1745869535xcurri-836-900x570-1.jpg?fit=900%2C570&ssl=1&resize=525%2C300 1.5x, https:\/\/i0.wp.com\/www.shqiperia.com\/blog\/wp-content\/uploads\/2025\/11\/900-0-1745869535xcurri-836-900x570-1.jpg?fit=900%2C570&ssl=1&resize=700%2C400 2x"},"classes":[]},{"id":57957,"url":"https:\/\/www.shqiperia.com\/blog\/luciano-boci-reagon-ashper-ndaj-deklarates-se-aliebeajt-rama-e-ka-zyrtarizuar-si-sekser-politik-po-kerkon-percarjen-e\/","url_meta":{"origin":36464,"position":1},"title":"Lu\u00e7iano Bo\u00e7i reagon ashp\u00ebr ndaj deklarat\u00ebs s\u00eb Aliebeajt: &#8211; Rama e ka zyrtarizuar si sekser politik, po k\u00ebrkon p\u00ebr\u00e7arjen e&#8230;","author":"Kurt Farka","date":"May 19, 2022","format":false,"excerpt":"Lu\u00e7iano Bo\u00e7i reagon ashp\u00ebr ndaj deklarat\u00ebs s\u00eb Aliebeajt: - Rama e ka zyrtarizuar si sekser politik, po k\u00ebrkon p\u00ebr\u00e7arjen e... 19 MAJ 2022 Deputeti i Partis\u00eb Demokratike, Lu\u00e7iano Bo\u00e7i ka reaguar me an\u00eb t\u00eb nj\u00eb postimi n\u00eb rrjetin e tij social \u2018Facebook\u2019, pas deklaratave t\u00eb Enkelejd Alibeajt se nes\u00ebr do\u2026","rel":"","context":"In &quot;Blogu i Udh\u00ebtarit&quot;","block_context":{"text":"Blogu i Udh\u00ebtarit","link":"https:\/\/www.shqiperia.com\/blog\/category\/blogu-i-udhetarit\/"},"img":{"alt_text":"","src":"https:\/\/i0.wp.com\/www.shqiperia.com\/blog\/wp-content\/uploads\/2022\/05\/Luciano-Boci.jpg?fit=800%2C415&ssl=1&resize=350%2C200","width":350,"height":200,"srcset":"https:\/\/i0.wp.com\/www.shqiperia.com\/blog\/wp-content\/uploads\/2022\/05\/Luciano-Boci.jpg?fit=800%2C415&ssl=1&resize=350%2C200 1x, https:\/\/i0.wp.com\/www.shqiperia.com\/blog\/wp-content\/uploads\/2022\/05\/Luciano-Boci.jpg?fit=800%2C415&ssl=1&resize=525%2C300 1.5x, https:\/\/i0.wp.com\/www.shqiperia.com\/blog\/wp-content\/uploads\/2022\/05\/Luciano-Boci.jpg?fit=800%2C415&ssl=1&resize=700%2C400 2x"},"classes":[]},{"id":35543,"url":"https:\/\/www.shqiperia.com\/blog\/dueli-i-rames-me-bushatin-arsyet-pse-kryeministri-e-nxiti-agresivitetin\/","url_meta":{"origin":36464,"position":2},"title":"Dueli i Ram\u00ebs me Bushatin: Arsyet pse kryeministri e nxiti agresivitetin?!","author":"Kurt Farka","date":"June 8, 2020","format":false,"excerpt":"Dueli i Ram\u00ebs me Bushatin: Arsyet pse kryeministri e nxiti agresivitetin?! 8 Qershor 2020 | 22 : 41 Intervista e kryeministrit Edi Rama n\u00eb emisionin Open n\u00eb Top Channel k\u00ebsaj here ka qen\u00eb n\u00eb shumic\u00ebn e saj nj\u00eb duel nd\u00ebrmjet tij dhe analistit Andi Bushati. Kreu i qeveris\u00eb, duksh\u00ebm me\u2026","rel":"","context":"In &quot;Kultura&quot;","block_context":{"text":"Kultura","link":"https:\/\/www.shqiperia.com\/blog\/category\/kultura\/"},"img":{"alt_text":"","src":"https:\/\/i0.wp.com\/www.shqiperia.com\/blog\/wp-content\/uploads\/2020\/06\/raaaa-1024x576-1.jpg?fit=1024%2C576&ssl=1&resize=350%2C200","width":350,"height":200,"srcset":"https:\/\/i0.wp.com\/www.shqiperia.com\/blog\/wp-content\/uploads\/2020\/06\/raaaa-1024x576-1.jpg?fit=1024%2C576&ssl=1&resize=350%2C200 1x, https:\/\/i0.wp.com\/www.shqiperia.com\/blog\/wp-content\/uploads\/2020\/06\/raaaa-1024x576-1.jpg?fit=1024%2C576&ssl=1&resize=525%2C300 1.5x, https:\/\/i0.wp.com\/www.shqiperia.com\/blog\/wp-content\/uploads\/2020\/06\/raaaa-1024x576-1.jpg?fit=1024%2C576&ssl=1&resize=700%2C400 2x"},"classes":[]},{"id":19410,"url":"https:\/\/www.shqiperia.com\/blog\/fjalia-e-elez-biberajt-qe-i-dogji-me-shume-edi-rames\/","url_meta":{"origin":36464,"position":3},"title":"Fjalia e Elez Biberajt q\u00eb i \u2018dogji\u2019 m\u00eb shum\u00eb Edi Ram\u00ebs. &#8211;","author":"Kurt Farka","date":"April 9, 2019","format":false,"excerpt":"Fjalia e Elez Biberajt q\u00eb i \u2018dogji\u2019 m\u00eb shum\u00eb Edi Ram\u00ebs. - - 08\/04\/19 Nga: Mapo.al Elez Biberaj \u00ebsht\u00eb nd\u00ebr shqiptar\u00ebt e Amerik\u00ebs q\u00eb ka ecur lart n\u00eb karrier\u00ebn e tij, duke u b\u00ebr\u00eb nj\u00eb nga drejtuesit m\u00eb t\u00eb r\u00ebnd\u00ebsish\u00ebm t\u00eb nj\u00eb mediumi me ndikim global si\u00e7 \u00ebsht\u00eb Z\u00ebri i\u2026","rel":"","context":"In &quot;Blogu i Udh\u00ebtarit&quot;","block_context":{"text":"Blogu i Udh\u00ebtarit","link":"https:\/\/www.shqiperia.com\/blog\/category\/blogu-i-udhetarit\/"},"img":{"alt_text":"","src":"https:\/\/i0.wp.com\/www.shqiperia.com\/blog\/wp-content\/uploads\/2019\/04\/karikatura-9-1.jpg?fit=999%2C517&ssl=1&resize=350%2C200","width":350,"height":200,"srcset":"https:\/\/i0.wp.com\/www.shqiperia.com\/blog\/wp-content\/uploads\/2019\/04\/karikatura-9-1.jpg?fit=999%2C517&ssl=1&resize=350%2C200 1x, https:\/\/i0.wp.com\/www.shqiperia.com\/blog\/wp-content\/uploads\/2019\/04\/karikatura-9-1.jpg?fit=999%2C517&ssl=1&resize=525%2C300 1.5x, https:\/\/i0.wp.com\/www.shqiperia.com\/blog\/wp-content\/uploads\/2019\/04\/karikatura-9-1.jpg?fit=999%2C517&ssl=1&resize=700%2C400 2x"},"classes":[]},{"id":35844,"url":"https:\/\/www.shqiperia.com\/blog\/deputeti-maliqi-i-ashper-ndaj-rames-filmimet-e-kasetat-nuk-mungojne-do-e-nxjerr-lakuriq-demonin-e-surrelit\/","url_meta":{"origin":36464,"position":4},"title":"Deputeti Maliqi, i ashp\u00ebr ndaj Ram\u00ebs: Filmimet e kasetat nuk mungojn\u00eb, do e nxjerr lakuriq \u201cdemonin\u201d e Surrelit","author":"Kurt Farka","date":"June 19, 2020","format":false,"excerpt":"Deputeti Maliqi, i ashp\u00ebr ndaj Ram\u00ebs: Filmimet e kasetat nuk mungojn\u00eb, do e nxjerr lakuriq \u201cdemonin\u201d e Surrelit - 19.06.20 Gazeta Shqiptare Deputeti Lefter Maliqi i \u00ebsht\u00eb p\u00ebrgjigjur me tone t\u00eb ashpra kryeministrit Edi Rama, pasi numri nj\u00eb i Qeveris\u00eb u shpreh se ai ishte i vetmi q\u00eb nuk kishte\u2026","rel":"","context":"In &quot;Blogu i Udh\u00ebtarit&quot;","block_context":{"text":"Blogu i Udh\u00ebtarit","link":"https:\/\/www.shqiperia.com\/blog\/category\/blogu-i-udhetarit\/"},"img":{"alt_text":"","src":"https:\/\/i0.wp.com\/www.shqiperia.com\/blog\/wp-content\/uploads\/2020\/06\/Lefter-Maliqi-1.png?fit=770%2C427&ssl=1&resize=350%2C200","width":350,"height":200,"srcset":"https:\/\/i0.wp.com\/www.shqiperia.com\/blog\/wp-content\/uploads\/2020\/06\/Lefter-Maliqi-1.png?fit=770%2C427&ssl=1&resize=350%2C200 1x, https:\/\/i0.wp.com\/www.shqiperia.com\/blog\/wp-content\/uploads\/2020\/06\/Lefter-Maliqi-1.png?fit=770%2C427&ssl=1&resize=525%2C300 1.5x, https:\/\/i0.wp.com\/www.shqiperia.com\/blog\/wp-content\/uploads\/2020\/06\/Lefter-Maliqi-1.png?fit=770%2C427&ssl=1&resize=700%2C400 2x"},"classes":[]},{"id":45784,"url":"https:\/\/www.shqiperia.com\/blog\/akuzat-e-rames-per-opoziten-reagon-shume-ashper-petrit-vasili-kur-pisi-kryeminister-flet-per-ligj\/","url_meta":{"origin":36464,"position":5},"title":"Akuzat e Ram\u00ebs p\u00ebr opozit\u00ebn, reagon shum\u00eb ashp\u00ebr Petrit Vasili: Kur pisi kryeminist\u00ebr flet p\u00ebr ligj!","author":"Kurt Farka","date":"March 26, 2021","format":false,"excerpt":"Akuzat e Ram\u00ebs p\u00ebr opozit\u00ebn, reagon shum\u00eb ashp\u00ebr Petrit Vasili: Kur pisi kryeminist\u00ebr flet p\u00ebr ligj! 25\/03\/2021 Kryeministri Edi Rama akuzoi sot opozit\u00ebn p\u00ebr mbajtjen e mitingut\u00a0 t\u00eb hapjes s\u00eb fushat\u00ebs, sipas tij, n\u00eb shkelje t\u00eb masave kund\u00ebr koronavirusit. N\u00ebnkryetari i LSI-s\u00eb, Petrit Vasili ka reaguar ashp\u00ebr ndaj akuzave t\u00eb\u2026","rel":"","context":"In &quot;Blogu i Udh\u00ebtarit&quot;","block_context":{"text":"Blogu i Udh\u00ebtarit","link":"https:\/\/www.shqiperia.com\/blog\/category\/blogu-i-udhetarit\/"},"img":{"alt_text":"","src":"https:\/\/i0.wp.com\/www.shqiperia.com\/blog\/wp-content\/uploads\/2021\/03\/Petrit-Vasili.jpg?fit=815%2C412&ssl=1&resize=350%2C200","width":350,"height":200,"srcset":"https:\/\/i0.wp.com\/www.shqiperia.com\/blog\/wp-content\/uploads\/2021\/03\/Petrit-Vasili.jpg?fit=815%2C412&ssl=1&resize=350%2C200 1x, https:\/\/i0.wp.com\/www.shqiperia.com\/blog\/wp-content\/uploads\/2021\/03\/Petrit-Vasili.jpg?fit=815%2C412&ssl=1&resize=525%2C300 1.5x, https:\/\/i0.wp.com\/www.shqiperia.com\/blog\/wp-content\/uploads\/2021\/03\/Petrit-Vasili.jpg?fit=815%2C412&ssl=1&resize=700%2C400 2x"},"classes":[]}],"_links":{"self":[{"href":"https:\/\/www.shqiperia.com\/blog\/wp-json\/wp\/v2\/posts\/36464","targetHints":{"allow":["GET"]}}],"collection":[{"href":"https:\/\/www.shqiperia.com\/blog\/wp-json\/wp\/v2\/posts"}],"about":[{"href":"https:\/\/www.shqiperia.com\/blog\/wp-json\/wp\/v2\/types\/post"}],"author":[{"embeddable":true,"href":"https:\/\/www.shqiperia.com\/blog\/wp-json\/wp\/v2\/users\/9"}],"replies":[{"embeddable":true,"href":"https:\/\/www.shqiperia.com\/blog\/wp-json\/wp\/v2\/comments?post=36464"}],"version-history":[{"count":1,"href":"https:\/\/www.shqiperia.com\/blog\/wp-json\/wp\/v2\/posts\/36464\/revisions"}],"predecessor-version":[{"id":36466,"href":"https:\/\/www.shqiperia.com\/blog\/wp-json\/wp\/v2\/posts\/36464\/revisions\/36466"}],"wp:featuredmedia":[{"embeddable":true,"href":"https:\/\/www.shqiperia.com\/blog\/wp-json\/wp\/v2\/media\/36465"}],"wp:attachment":[{"href":"https:\/\/www.shqiperia.com\/blog\/wp-json\/wp\/v2\/media?parent=36464"}],"wp:term":[{"taxonomy":"category","embeddable":true,"href":"https:\/\/www.shqiperia.com\/blog\/wp-json\/wp\/v2\/categories?post=36464"},{"taxonomy":"post_tag","embeddable":true,"href":"https:\/\/www.shqiperia.com\/blog\/wp-json\/wp\/v2\/tags?post=36464"}],"curies":[{"name":"wp","href":"https:\/\/api.w.org\/{rel}","templated":true}]}}