{"id":36441,"date":"2020-07-20T05:55:51","date_gmt":"2020-07-20T05:55:51","guid":{"rendered":"https:\/\/www.shqiperia.com\/blog\/?p=36441"},"modified":"2020-07-20T05:55:51","modified_gmt":"2020-07-20T05:55:51","slug":"vitore-tusha-ja-arrin-te-bllokoje-kushtetuesen-per-interesa-politike-gjykata-jashte-funksionit-edhe-kete-vit-del-zbuluar-plani-ogurzi","status":"publish","type":"post","link":"https:\/\/www.shqiperia.com\/blog\/vitore-tusha-ja-arrin-te-bllokoje-kushtetuesen-per-interesa-politike-gjykata-jashte-funksionit-edhe-kete-vit-del-zbuluar-plani-ogurzi\/","title":{"rendered":"Vitore Tusha ja arrin t\u00eb bllokoj\u00eb Kushtetuesen p\u00ebr interesa politike. Gjykata jasht\u00eb funksionit edhe k\u00ebt\u00eb vit, del zbuluar plani ogurzi"},"content":{"rendered":"<p style=\"margin-bottom: .0001pt;line-height: 12.0pt\" class=\"MsoNormal\"><img data-recalc-dims=\"1\" loading=\"lazy\" decoding=\"async\" data-attachment-id=\"36442\" data-permalink=\"https:\/\/www.shqiperia.com\/blog\/vitore-tusha-ja-arrin-te-bllokoje-kushtetuesen-per-interesa-politike-gjykata-jashte-funksionit-edhe-kete-vit-del-zbuluar-plani-ogurzi\/640-0-5f15304528ebd\/\" data-orig-file=\"https:\/\/i0.wp.com\/www.shqiperia.com\/blog\/wp-content\/uploads\/2020\/07\/640-0-5f15304528ebd.jpg?fit=640%2C311&amp;ssl=1\" data-orig-size=\"640,311\" data-comments-opened=\"1\" data-image-meta=\"{&quot;aperture&quot;:&quot;0&quot;,&quot;credit&quot;:&quot;&quot;,&quot;camera&quot;:&quot;&quot;,&quot;caption&quot;:&quot;&quot;,&quot;created_timestamp&quot;:&quot;0&quot;,&quot;copyright&quot;:&quot;&quot;,&quot;focal_length&quot;:&quot;0&quot;,&quot;iso&quot;:&quot;0&quot;,&quot;shutter_speed&quot;:&quot;0&quot;,&quot;title&quot;:&quot;&quot;,&quot;orientation&quot;:&quot;0&quot;}\" data-image-title=\"-640-0-5f15304528ebd\" data-image-description=\"\" data-image-caption=\"\" data-medium-file=\"https:\/\/i0.wp.com\/www.shqiperia.com\/blog\/wp-content\/uploads\/2020\/07\/640-0-5f15304528ebd.jpg?fit=300%2C146&amp;ssl=1\" data-large-file=\"https:\/\/i0.wp.com\/www.shqiperia.com\/blog\/wp-content\/uploads\/2020\/07\/640-0-5f15304528ebd.jpg?fit=640%2C311&amp;ssl=1\" class=\"alignnone  wp-image-36442\" alt=\"\" src=\"https:\/\/i0.wp.com\/www.shqiperia.com\/blog\/wp-content\/uploads\/2020\/07\/640-0-5f15304528ebd.jpg?resize=491%2C239&#038;ssl=1\" width=\"491\" height=\"239\" srcset=\"https:\/\/i0.wp.com\/www.shqiperia.com\/blog\/wp-content\/uploads\/2020\/07\/640-0-5f15304528ebd.jpg?resize=300%2C146&amp;ssl=1 300w, https:\/\/i0.wp.com\/www.shqiperia.com\/blog\/wp-content\/uploads\/2020\/07\/640-0-5f15304528ebd.jpg?resize=450%2C219&amp;ssl=1 450w, https:\/\/i0.wp.com\/www.shqiperia.com\/blog\/wp-content\/uploads\/2020\/07\/640-0-5f15304528ebd.jpg?resize=600%2C292&amp;ssl=1 600w, https:\/\/i0.wp.com\/www.shqiperia.com\/blog\/wp-content\/uploads\/2020\/07\/640-0-5f15304528ebd.jpg?resize=400%2C194&amp;ssl=1 400w, https:\/\/i0.wp.com\/www.shqiperia.com\/blog\/wp-content\/uploads\/2020\/07\/640-0-5f15304528ebd.jpg?w=640&amp;ssl=1 640w\" sizes=\"auto, (max-width: 491px) 100vw, 491px\" \/><\/p>\n<p style=\"line-height: 0%\" class=\"MsoNormal\"><span style=\"font-size: 8.5pt;font-family: 'Helvetica','sans-serif';color: white\">Fl<\/span><span style=\"font-size: 1.0pt;font-family: 'Times New Roman','serif'\"><\/span><\/p>\n<p style=\"margin-bottom: 22.5pt;line-height: 18.0pt\" class=\"MsoNormal\"><span style=\"font-size: 17.5pt;font-family: 'calibre-regular','serif';color: black;letter-spacing: -.25pt\">Del zbuluar plani ogurzi i politik\u00ebs p\u00ebr t\u00eb futur n\u00eb qorrsokak reform\u00ebn n\u00eb drejt\u00ebsi. Gazeta e paralajm\u00ebroi se po b\u00ebhej nj\u00eb luft\u00eb e fort\u00eb p\u00ebr Kushtetuesen.<\/span><\/p>\n<p>NGA KLITI TOPALLI<\/p>\n<p>20 KORRIK 2020<\/p>\n<p style=\"margin-bottom: 22.5pt;line-height: 18.0pt\" class=\"MsoNormal\"><span style=\"font-size: 17.5pt;font-family: 'calibre-regular','serif';color: black;letter-spacing: -.25pt\">&#8211; Ilir Meta thirri n\u00eb nj\u00eb takim kryeparlamentarin Gramoz Ru\u00e7i p\u00ebr t\u00eb diskutuar pik\u00ebrisht mbi skenar\u00ebt e Kushtetueses. T\u00eb premten u mblodh K\u00ebshilli i Em\u00ebrimeve n\u00eb Drejt\u00ebsi dhe kur pritej q\u00eb t\u00eb hartoheshin listat q\u00eb do shkonin n\u00eb Presidenc\u00eb dhe Kuvend p\u00ebr dy vende vakante, KED njoftoi se procesi do t\u00eb nis\u00eb nga e para. K\u00ebshilli i Em\u00ebrimeve n\u00eb Drejt\u00ebsi ka verifikuar n\u00ebnt\u00eb kandidat\u00ebt n\u00eb gar\u00eb, nga ku asnj\u00eb nuk \u00ebsht\u00eb kualifikuar p\u00ebr t\u00eb marr\u00eb p\u00eblqimin e Parlamentit dhe presidentit. Tre kandidat\u00eb, mes tyre Klodian Rado, Prel Martini dhe Envi Hicka jan\u00eb t\u00ebrhequr nga gara. Nd\u00ebrsa Besnik Mu\u00e7i, Arduta Aslua, Shaqir Hasanaj, Vjosa Bodo, Vasil Bendo dhe Ded\u00eb Kasneci nuk kan\u00eb plot\u00ebsuar kriteret ligjore p\u00ebr t\u00eb vazhduar gar\u00ebn. Nd\u00ebrkomb\u00ebtar\u00ebt kishin nj\u00eb vit q\u00eb th\u00ebrrisnin q\u00eb Kushtetuesja t\u00eb b\u00ebhet funksionale. Presidenti po ashtu akuzonte Ardian Dvoranin se ishte ai shkaktari i kaosit. <\/span><\/p>\n<p style=\"margin-bottom: 22.5pt;line-height: 18.0pt\" class=\"MsoNormal\"><span style=\"font-size: 17.5pt;font-family: 'calibre-regular','serif';color: black;letter-spacing: -.25pt\">&#8211; Por duket se e gjitha ka qen\u00eb shou, pasi skenari ogurzi i politik\u00ebs ka qen\u00eb q\u00eb vendi t\u00eb mbetet pa Gjykat\u00eb Kushtetuese t\u00eb pakt\u00ebn edhe p\u00ebr k\u00ebt\u00eb vit. Me ikjen e Dvoranit, frenat e KED i mori Vitore Tusha, e besuara e presidentit. Vet\u00eb Meta sa her\u00eb dilte shprehej se frenat e KED duhet t\u2019i marr\u00eb n\u00ebnkryetari. Por duket se kjo paska qen\u00eb loja, Met\u00ebs i \u00ebsht\u00eb dashur Tusha q\u00eb t\u00eb fus\u00eb n\u00eb kaos Kushtetuesen edhe p\u00ebr rreth 6 muaj t\u00eb tjer\u00eb, por q\u00eb situata mund t\u00eb zgjas\u00eb edhe m\u00eb shum\u00eb. V\u00ebrtet nj\u00eb pjes\u00eb e kandidat\u00ebve mund t\u00eb mos i plot\u00ebsojn\u00eb kushtet, por duket qart\u00eb se KED tani po u sh\u00ebrben interesave politike. T\u00ebrheqja nga shkarkimi i presidentit duket se ka qen\u00eb pjes\u00eb e nj\u00eb pakti t\u00eb thell\u00eb politik. PS i em\u00ebroi Met\u00ebs kandidatin p\u00ebr n\u00eb KLSH si dhe e amnistoi nga shkarkimi, nd\u00ebrsa presidenti tani p\u00ebrmes njer\u00ebzve t\u00eb tij duket se po fut n\u00eb kaos drejt\u00ebsin\u00eb. Pra ky ka qen\u00eb pazari.<\/span><\/p>\n<p style=\"margin-bottom: 22.5pt;line-height: 18.0pt\" class=\"MsoNormal\"><span style=\"font-size: 17.5pt;font-family: 'calibre-regular','serif';color: black;letter-spacing: -.25pt\">Ng\u00ebr\u00e7i n\u00eb drejt\u00ebsi<\/span><\/p>\n<p style=\"margin-bottom: 22.5pt;line-height: 18.0pt\" class=\"MsoNormal\"><span style=\"font-size: 17.5pt;font-family: 'calibre-regular','serif';color: black;letter-spacing: -.25pt\">Sado q\u00eb u p\u00ebrpoq, politika arriti t\u00eb mos nd\u00ebrhyj\u00eb te organet kund\u00ebr korrupsionit. SPAK sot ka 13 prokuror\u00eb dhe puna vijon normalisht. Gjykata e Posa\u00e7me po ashtu vijon pun\u00ebn, edhe pse ka ende vakanca. Byroja e Hetimit \u00ebsht\u00eb n\u00eb proces, por dhe aty politika nuk ndikon dot pasi 4 kandidat\u00ebt final\u00eb p\u00ebr kryetar jan\u00eb zgjedhur. T\u00eb vetmet institucione ku po luftohet jan\u00eb Gjykata Kushtetuese dhe e Lart\u00eb. Dyshimet ishin se pal\u00ebt kishin r\u00ebn\u00eb dakord q\u00eb t\u00eb ndanin pjes\u00ebt e tyre, por duket se loja qenka m\u00eb e thell\u00eb. Skenari ka qen\u00eb q\u00eb Kushtetuesja t\u00eb mos jet\u00eb m\u00eb funksionale dhe t\u00eb gjith\u00eb dalin t\u00eb lumtur. N\u00ebse ajo b\u00ebhej funksionale at\u00ebher\u00eb do trajtohej \u00e7\u00ebshtja e zgjedhjeve t\u00eb 30 qershorit dhe si PS ashtu dhe presidenti mund t\u00eb dilnin t\u00eb humbur. N\u00ebse Kushtetuesja nuk i njeh zgjedhjet e 30 qershorit, at\u00ebher\u00eb duhet t\u00eb kemi zgjedhje t\u00eb reja. Por nga ana tjet\u00ebr n\u00ebse thekson se zgjedhjet ishin t\u00eb drejta, rr\u00ebzon presidentin dhe pavar\u00ebsisht t\u00ebrheqjes s\u00eb PS nga shkarkimi, Kushtetuesja fakton shkeljet e kreut t\u00eb shteti duke nxjerr\u00eb blof socialist\u00ebt. Pra secila pal\u00eb duket se ruan interesat e saj. Por nga ana tjet\u00ebr nj\u00eb ng\u00ebr\u00e7 akoma dhe m\u00eb t\u00eb madh kemi me Gjykat\u00ebn e Lart\u00eb. Pas largimit t\u00eb Dvoranit, kjo gjykat\u00eb ka vet\u00ebm 3 an\u00ebtar\u00eb nga jasht\u00eb sistemit, pra nga jurist\u00ebt. Sipas ligjit duhet t\u00eb ket\u00eb 19 emra. KLGJ ka shpallur gar\u00ebn, por procesi po zvarritet dhe nuk ka asnj\u00eb sinjal se kur do t\u00eb plot\u00ebsohen vakancat nga radh\u00ebt e gjyqtar\u00ebve. P\u00ebr m\u00eb tep\u00ebr q\u00eb Gjykata e Lart\u00eb dhe Kushtetuese jan\u00eb t\u00eb lidhura. 3 an\u00ebtar\u00eb t\u00eb Kushtetueses si zgjedh Gjykata e Lart\u00eb dhe p\u00ebr p\u00ebrzgjedhjen e emrave duhen s\u00eb paku 13 an\u00ebtar\u00eb. Pra e sigurt \u00ebsht\u00eb se p\u00ebr shum\u00eb muaj, p\u00ebr t\u00eb mos th\u00ebn\u00eb edhe vite Gjykata Kushtetuese nuk do t\u00eb jet\u00eb me 9 an\u00ebtar\u00eb.<\/span><\/p>\n<p style=\"margin-bottom: 22.5pt;line-height: 18.0pt\" class=\"MsoNormal\"><span style=\"font-size: 17.5pt;font-family: 'calibre-regular','serif';color: black;letter-spacing: -.25pt\">Gazeta Sot<\/span><\/p>\n","protected":false},"excerpt":{"rendered":"<p>Fl Del zbuluar plani ogurzi i politik\u00ebs p\u00ebr t\u00eb futur n\u00eb qorrsokak reform\u00ebn n\u00eb drejt\u00ebsi. Gazeta e paralajm\u00ebroi se po b\u00ebhej nj\u00eb luft\u00eb e fort\u00eb p\u00ebr Kushtetuesen. NGA KLITI TOPALLI 20 KORRIK 2020 &#8211; Ilir Meta thirri n\u00eb nj\u00eb takim kryeparlamentarin Gramoz Ru\u00e7i p\u00ebr t\u00eb diskutuar pik\u00ebrisht mbi skenar\u00ebt e Kushtetueses. T\u00eb premten u mblodh [&hellip;]<\/p>\n","protected":false},"author":9,"featured_media":36442,"comment_status":"open","ping_status":"open","sticky":false,"template":"","format":"standard","meta":{"jetpack_post_was_ever_published":false,"_jetpack_newsletter_access":"","_jetpack_dont_email_post_to_subs":false,"_jetpack_newsletter_tier_id":0,"_jetpack_memberships_contains_paywalled_content":false,"_jetpack_memberships_contains_paid_content":false,"footnotes":"","jetpack_publicize_message":"","jetpack_publicize_feature_enabled":true,"jetpack_social_post_already_shared":true,"jetpack_social_options":{"image_generator_settings":{"template":"highway","default_image_id":0,"font":"","enabled":false},"version":2}},"categories":[27,1,2],"tags":[],"class_list":["post-36441","post","type-post","status-publish","format-standard","has-post-thumbnail","hentry","category-blogu-i-udhetarit","category-njoftime-shtypi","category-politika"],"jetpack_publicize_connections":[],"jetpack_featured_media_url":"https:\/\/i0.wp.com\/www.shqiperia.com\/blog\/wp-content\/uploads\/2020\/07\/640-0-5f15304528ebd.jpg?fit=640%2C311&ssl=1","jetpack_sharing_enabled":true,"jetpack_shortlink":"https:\/\/wp.me\/p5Z6wp-9tL","jetpack-related-posts":[{"id":48256,"url":"https:\/\/www.shqiperia.com\/blog\/qeveria-nuk-pret-kushtetuesen-miratohet-leja-per-ndertimin-e-teatrit-kombetar\/","url_meta":{"origin":36441,"position":0},"title":"Qeveria nuk pret Kushtetuesen, miratohet leja p\u00ebr nd\u00ebrtimin e Teatrit Komb\u00ebtar","author":"Kurt Farka","date":"June 29, 2021","format":false,"excerpt":"Qeveria nuk pret Kushtetuesen, miratohet leja p\u00ebr nd\u00ebrtimin e Teatrit Komb\u00ebtar 29 QERSHOR 2021 K\u00ebshilli Komb\u00ebtar i Territorit ka miratuar lejen p\u00ebr nd\u00ebrtimin e Teatrit t\u00eb ri Komb\u00ebtar. Lajmin e ka b\u00ebr\u00eb t\u00eb ditur kryebashkiaku i Tiran\u00ebs, Erion Veliaj. Ad by\u00a0Valueimpression Veliaj u shpreh se Teatri i ri do t\u00eb\u2026","rel":"","context":"In &quot;Blogu i Udh\u00ebtarit&quot;","block_context":{"text":"Blogu i Udh\u00ebtarit","link":"https:\/\/www.shqiperia.com\/blog\/category\/blogu-i-udhetarit\/"},"img":{"alt_text":"","src":"https:\/\/i0.wp.com\/www.shqiperia.com\/blog\/wp-content\/uploads\/2021\/06\/800-0-60db2aa08dabc.jpg?fit=800%2C469&ssl=1&resize=350%2C200","width":350,"height":200,"srcset":"https:\/\/i0.wp.com\/www.shqiperia.com\/blog\/wp-content\/uploads\/2021\/06\/800-0-60db2aa08dabc.jpg?fit=800%2C469&ssl=1&resize=350%2C200 1x, https:\/\/i0.wp.com\/www.shqiperia.com\/blog\/wp-content\/uploads\/2021\/06\/800-0-60db2aa08dabc.jpg?fit=800%2C469&ssl=1&resize=525%2C300 1.5x, https:\/\/i0.wp.com\/www.shqiperia.com\/blog\/wp-content\/uploads\/2021\/06\/800-0-60db2aa08dabc.jpg?fit=800%2C469&ssl=1&resize=700%2C400 2x"},"classes":[]},{"id":84439,"url":"https:\/\/www.shqiperia.com\/blog\/be-flet-ne-ora-news-te-zhgenjyer-nga-spiropali-ps-nuk-njeh-kushtetuesen-per-xhacken\/","url_meta":{"origin":36441,"position":1},"title":"BE flet n\u00eb \u201cOra News\u201d: &#8211; T\u00eb zhg\u00ebnjyer nga Spiropali. &#8211; PS \u201cnuk njeh\u201d Kushtetuesen p\u00ebr Xha\u00e7k\u00ebn","author":"Kurt Farka","date":"September 13, 2024","format":false,"excerpt":"13 Shtator 2024 Delegacioni i BE reagon p\u00ebr \u201cOra News\u201d lidhur me vendimin e Kuvendit p\u00ebr t\u00eb mos e \u00e7uar n\u00eb Gjykat\u00ebn Kushtetuese \u00e7\u00ebshtjen e mandatit t\u00eb deputetes socialiste Olta Xha\u00e7ka. \u201cNe kemi shprehur shqet\u00ebsimet tona edhe n\u00eb raportin e fundit mbi Sundimin e Ligjit n\u00eb Shqip\u00ebri, lidhur me faktin\u2026","rel":"","context":"In &quot;Blogu i Udh\u00ebtarit&quot;","block_context":{"text":"Blogu i Udh\u00ebtarit","link":"https:\/\/www.shqiperia.com\/blog\/category\/blogu-i-udhetarit\/"},"img":{"alt_text":"","src":"https:\/\/i0.wp.com\/www.shqiperia.com\/blog\/wp-content\/uploads\/2024\/09\/640-0-oltaajpg-1726225002.jpg?fit=640%2C348&ssl=1&resize=350%2C200","width":350,"height":200,"srcset":"https:\/\/i0.wp.com\/www.shqiperia.com\/blog\/wp-content\/uploads\/2024\/09\/640-0-oltaajpg-1726225002.jpg?fit=640%2C348&ssl=1&resize=350%2C200 1x, https:\/\/i0.wp.com\/www.shqiperia.com\/blog\/wp-content\/uploads\/2024\/09\/640-0-oltaajpg-1726225002.jpg?fit=640%2C348&ssl=1&resize=525%2C300 1.5x"},"classes":[]},{"id":23021,"url":"https:\/\/www.shqiperia.com\/blog\/lajm-ogurzi-per-kosoven-e-shqiperine-pd-reagon-pas-pergjimit-te-zaevit-ndryshe-nga-ce-ka-paraqitur-rama\/","url_meta":{"origin":36441,"position":2},"title":"\u2018Lajm ogurzi p\u00ebr Kosov\u00ebn e Shqip\u00ebrin\u00eb\u2019, PD reagon pas pergjimit t\u00eb Zaevit: Ndryshe nga \u00e7\u2019e ka paraqitur Rama\u2026","author":"Kurt Farka","date":"July 10, 2019","format":false,"excerpt":"\u2018Lajm ogurzi p\u00ebr Kosov\u00ebn e Shqip\u00ebrin\u00eb\u2019, PD reagon pas pergjimit t\u00eb Zaevit: Ndryshe nga \u00e7\u2019e ka paraqitur Rama\u2026 10 korrik \u00a02019 \u201cTradhti e lart\u00eb ndaj interesave komb\u00ebtare\u201d e ka quajtur PD, gjithe sa u zbulua pas telefonates se kryeministrit maqedonas Zaev, per ndarjen e Kosoves. Me nje deklarate per mediat,\u2026","rel":"","context":"In &quot;Blogu i Udh\u00ebtarit&quot;","block_context":{"text":"Blogu i Udh\u00ebtarit","link":"https:\/\/www.shqiperia.com\/blog\/category\/blogu-i-udhetarit\/"},"img":{"alt_text":"","src":"https:\/\/i0.wp.com\/www.shqiperia.com\/blog\/wp-content\/uploads\/2019\/07\/1438185316harta-e-kosoves.jpg?fit=442%2C265&ssl=1&resize=350%2C200","width":350,"height":200},"classes":[]},{"id":66641,"url":"https:\/\/www.shqiperia.com\/blog\/eshte-zbuluar-nje-papirus-52-metra-i-gjate-qe-permban-librin-e-lashte-egjiptian-te-te-vdekurve\/","url_meta":{"origin":36441,"position":3},"title":"\u00cbsht\u00eb zbuluar nj\u00eb papirus 52 metra i gjat\u00eb q\u00eb p\u00ebrmban Librin e lasht\u00eb Egjiptian t\u00eb t\u00eb Vdekurve","author":"Kurt Farka","date":"January 23, 2023","format":false,"excerpt":"23 Janar 2023 Arkeolog\u00ebt egjiptian\u00eb kan\u00eb zbuluar nj\u00eb papirus t\u00eb lasht\u00eb t\u00eb paprekur, n\u00eb at\u00eb q\u00eb ekspert\u00ebt n\u00eb vend po e quajn\u00eb zbulimi i par\u00eb i k\u00ebtij lloji n\u00eb nj\u00eb shekull. Nj\u00eb papirus 52 metra i gjat\u00eb u gjet n\u00eb zon\u00ebn arkeologjike t\u00eb Saqqara. Artifakti i lasht\u00eb p\u00ebrmban pjes\u00eb t\u00eb\u2026","rel":"","context":"In &quot;Histori&quot;","block_context":{"text":"Histori","link":"https:\/\/www.shqiperia.com\/blog\/category\/histori\/"},"img":{"alt_text":"","src":"https:\/\/i0.wp.com\/www.shqiperia.com\/blog\/wp-content\/uploads\/2023\/01\/2anubi10-300x200.jpg?resize=350%2C200&ssl=1","width":350,"height":200},"classes":[]},{"id":28535,"url":"https:\/\/www.shqiperia.com\/blog\/komisioni-i-venecias-rrezon-ramen-per-kushtetuesen-ja-si-zgjidhen-anetaret-ne-kushte-normale\/","url_meta":{"origin":36441,"position":4},"title":"Komisioni i Venecias rr\u00ebzon Ram\u00ebn p\u00ebr Kushtetuesen. &#8211; Ja si zgjidhen an\u00ebtar\u00ebt n\u00eb kushte normale. &#8211;","author":"Kurt Farka","date":"November 24, 2019","format":false,"excerpt":"Komisioni i Venecias rr\u00ebzon Ram\u00ebn p\u00ebr Kushtetuesen\/ Ja si zgjidhen an\u00ebtar\u00ebt n\u00eb kushte normale Komisioni i Venecias rr\u00ebzon Ram\u00ebn dhe mazhoranc\u00ebn n\u00eb lidhje me pretendimet e tyre mbi t\u00eb drejt\u00ebn e em\u00ebrimeve t\u00eb 9 an\u00ebtar\u00ebve t\u00eb Gjykat\u00ebs Kushtetuese. Ish-ministri i Drejt\u00ebsis\u00eb, Eduart Halimi ka b\u00ebr\u00eb publik q\u00ebndrimin e Komisionit t\u00eb\u2026","rel":"","context":"In &quot;Blogu i Udh\u00ebtarit&quot;","block_context":{"text":"Blogu i Udh\u00ebtarit","link":"https:\/\/www.shqiperia.com\/blog\/category\/blogu-i-udhetarit\/"},"img":{"alt_text":"","src":"https:\/\/i0.wp.com\/www.shqiperia.com\/blog\/wp-content\/uploads\/2019\/11\/gjykata-kushtetuese-Copy.jpg?fit=596%2C346&ssl=1&resize=350%2C200","width":350,"height":200,"srcset":"https:\/\/i0.wp.com\/www.shqiperia.com\/blog\/wp-content\/uploads\/2019\/11\/gjykata-kushtetuese-Copy.jpg?fit=596%2C346&ssl=1&resize=350%2C200 1x, https:\/\/i0.wp.com\/www.shqiperia.com\/blog\/wp-content\/uploads\/2019\/11\/gjykata-kushtetuese-Copy.jpg?fit=596%2C346&ssl=1&resize=525%2C300 1.5x"},"classes":[]},{"id":59805,"url":"https:\/\/www.shqiperia.com\/blog\/shkrimi-i-lubonjes-per-gjyqin-e-salianjit-moment-ogurzi-per-reformen-ne-drejtesi\/","url_meta":{"origin":36441,"position":5},"title":"Shkrimi i Lubonj\u00ebs p\u00ebr gjyqin e Salianjit: Moment ogurzi p\u00ebr Reform\u00ebn n\u00eb Drejt\u00ebsi!","author":"Kurt Farka","date":"July 4, 2022","format":false,"excerpt":"4 Korrik 2022 Analisti Fatos Lubonja n\u00eb nj\u00eb shkrim p\u00ebr gazet\u00ebn \u201cPanorama\u201d, nd\u00ebrsa analizonte vendimin e dh\u00ebn\u00eb nga Gjykata e Shkall\u00ebs s\u00eb Par\u00eb p\u00ebr Ervin Salianjin, n\u00eb 2019 dhe d\u00ebnimin me 1 vit burg p\u00ebr kall\u00ebzim t\u00eb rrem\u00eb, shkruante nd\u00ebr t\u00eb tjera se ky \u00ebsht\u00eb nj\u00eb moment ogurzi p\u00ebr Reform\u00ebn\u2026","rel":"","context":"In &quot;Blogu i Udh\u00ebtarit&quot;","block_context":{"text":"Blogu i Udh\u00ebtarit","link":"https:\/\/www.shqiperia.com\/blog\/category\/blogu-i-udhetarit\/"},"img":{"alt_text":"","src":"https:\/\/i0.wp.com\/www.shqiperia.com\/blog\/wp-content\/uploads\/2022\/07\/Moment-ogurzi-per-Reformen-ne-Drejtesi.jpg?fit=600%2C331&ssl=1&resize=350%2C200","width":350,"height":200,"srcset":"https:\/\/i0.wp.com\/www.shqiperia.com\/blog\/wp-content\/uploads\/2022\/07\/Moment-ogurzi-per-Reformen-ne-Drejtesi.jpg?fit=600%2C331&ssl=1&resize=350%2C200 1x, https:\/\/i0.wp.com\/www.shqiperia.com\/blog\/wp-content\/uploads\/2022\/07\/Moment-ogurzi-per-Reformen-ne-Drejtesi.jpg?fit=600%2C331&ssl=1&resize=525%2C300 1.5x"},"classes":[]}],"_links":{"self":[{"href":"https:\/\/www.shqiperia.com\/blog\/wp-json\/wp\/v2\/posts\/36441","targetHints":{"allow":["GET"]}}],"collection":[{"href":"https:\/\/www.shqiperia.com\/blog\/wp-json\/wp\/v2\/posts"}],"about":[{"href":"https:\/\/www.shqiperia.com\/blog\/wp-json\/wp\/v2\/types\/post"}],"author":[{"embeddable":true,"href":"https:\/\/www.shqiperia.com\/blog\/wp-json\/wp\/v2\/users\/9"}],"replies":[{"embeddable":true,"href":"https:\/\/www.shqiperia.com\/blog\/wp-json\/wp\/v2\/comments?post=36441"}],"version-history":[{"count":1,"href":"https:\/\/www.shqiperia.com\/blog\/wp-json\/wp\/v2\/posts\/36441\/revisions"}],"predecessor-version":[{"id":36443,"href":"https:\/\/www.shqiperia.com\/blog\/wp-json\/wp\/v2\/posts\/36441\/revisions\/36443"}],"wp:featuredmedia":[{"embeddable":true,"href":"https:\/\/www.shqiperia.com\/blog\/wp-json\/wp\/v2\/media\/36442"}],"wp:attachment":[{"href":"https:\/\/www.shqiperia.com\/blog\/wp-json\/wp\/v2\/media?parent=36441"}],"wp:term":[{"taxonomy":"category","embeddable":true,"href":"https:\/\/www.shqiperia.com\/blog\/wp-json\/wp\/v2\/categories?post=36441"},{"taxonomy":"post_tag","embeddable":true,"href":"https:\/\/www.shqiperia.com\/blog\/wp-json\/wp\/v2\/tags?post=36441"}],"curies":[{"name":"wp","href":"https:\/\/api.w.org\/{rel}","templated":true}]}}