{"id":36405,"date":"2020-07-18T15:41:43","date_gmt":"2020-07-18T15:41:43","guid":{"rendered":"https:\/\/www.shqiperia.com\/blog\/?p=36405"},"modified":"2020-07-18T15:41:43","modified_gmt":"2020-07-18T15:41:43","slug":"zgjedhjet-po-afrojne-juristi-i-njohur-zbulon-cfare-po-pergatit-rama","status":"publish","type":"post","link":"https:\/\/www.shqiperia.com\/blog\/zgjedhjet-po-afrojne-juristi-i-njohur-zbulon-cfare-po-pergatit-rama\/","title":{"rendered":"Zgjedhjet po afrojn\u00eb! Juristi i njohur zbulon \u00e7far\u00eb po p\u00ebrgatit Rama"},"content":{"rendered":"<p><img data-recalc-dims=\"1\" loading=\"lazy\" decoding=\"async\" data-attachment-id=\"36406\" data-permalink=\"https:\/\/www.shqiperia.com\/blog\/zgjedhjet-po-afrojne-juristi-i-njohur-zbulon-cfare-po-pergatit-rama\/800-0-5f1309405732b\/\" data-orig-file=\"https:\/\/i0.wp.com\/www.shqiperia.com\/blog\/wp-content\/uploads\/2020\/07\/800-0-5f1309405732b.jpg?fit=679%2C391&amp;ssl=1\" data-orig-size=\"679,391\" data-comments-opened=\"1\" data-image-meta=\"{&quot;aperture&quot;:&quot;0&quot;,&quot;credit&quot;:&quot;&quot;,&quot;camera&quot;:&quot;&quot;,&quot;caption&quot;:&quot;&quot;,&quot;created_timestamp&quot;:&quot;0&quot;,&quot;copyright&quot;:&quot;&quot;,&quot;focal_length&quot;:&quot;0&quot;,&quot;iso&quot;:&quot;0&quot;,&quot;shutter_speed&quot;:&quot;0&quot;,&quot;title&quot;:&quot;&quot;,&quot;orientation&quot;:&quot;0&quot;}\" data-image-title=\"-800-0-5f1309405732b\" data-image-description=\"\" data-image-caption=\"\" data-medium-file=\"https:\/\/i0.wp.com\/www.shqiperia.com\/blog\/wp-content\/uploads\/2020\/07\/800-0-5f1309405732b.jpg?fit=300%2C173&amp;ssl=1\" data-large-file=\"https:\/\/i0.wp.com\/www.shqiperia.com\/blog\/wp-content\/uploads\/2020\/07\/800-0-5f1309405732b.jpg?fit=679%2C391&amp;ssl=1\" class=\"alignnone  wp-image-36406\" alt=\"\" src=\"https:\/\/i0.wp.com\/www.shqiperia.com\/blog\/wp-content\/uploads\/2020\/07\/800-0-5f1309405732b.jpg?resize=577%2C333&#038;ssl=1\" width=\"577\" height=\"333\" srcset=\"https:\/\/i0.wp.com\/www.shqiperia.com\/blog\/wp-content\/uploads\/2020\/07\/800-0-5f1309405732b.jpg?resize=300%2C173&amp;ssl=1 300w, https:\/\/i0.wp.com\/www.shqiperia.com\/blog\/wp-content\/uploads\/2020\/07\/800-0-5f1309405732b.jpg?resize=450%2C259&amp;ssl=1 450w, https:\/\/i0.wp.com\/www.shqiperia.com\/blog\/wp-content\/uploads\/2020\/07\/800-0-5f1309405732b.jpg?resize=600%2C346&amp;ssl=1 600w, https:\/\/i0.wp.com\/www.shqiperia.com\/blog\/wp-content\/uploads\/2020\/07\/800-0-5f1309405732b.jpg?resize=400%2C230&amp;ssl=1 400w, https:\/\/i0.wp.com\/www.shqiperia.com\/blog\/wp-content\/uploads\/2020\/07\/800-0-5f1309405732b.jpg?w=679&amp;ssl=1 679w\" sizes=\"auto, (max-width: 577px) 100vw, 577px\" \/><\/p>\n<p>Zgjedhjet po afrojn\u00eb! Juristi i njohur zbulon \u00e7far\u00eb po p\u00ebrgatit Rama<\/p>\n<p>18 KORRIK 2020<\/p>\n<p>Kryeministri Rama \u00ebsht\u00eb gati t\u00eb bllokoj\u00eb negociatat me Shqip\u00ebrin\u00eb vet\u00ebm q\u00eb t\u00eb ndryshoj\u00eb Kushtetut\u00ebn q\u00eb t\u00eb manipuloj\u00eb dhe t\u00eb fitoj\u00eb n\u00eb m\u00ebnyr\u00eb t\u00eb paligjshme zgjedhjet.<\/p>\n<p>Sekretari p\u00ebr \u00c7\u00ebshtjet Ligjore n\u00eb PD, \u00c7lirim Gjata shprehet \u00a0\u201cSi mund t\u00eb quhet demokraci kur synon t\u00eb heq\u00ebsh nj\u00eb nga kolonat e demokracis\u00eb, koalicionin politik. T\u00eb na kthesh si n\u00eb koh\u00ebn e Enverit. P\u00ebrve\u00e7 rikthimit t\u00eb kriz\u00ebs ka hapur p\u00ebrplasjen me faktorin nd\u00ebrkomb\u00ebtar per\u00ebndimor.<\/p>\n<p>\u00cbsht\u00eb gati t\u00eb shkoj\u00eb n\u00eb ekstremin e marr\u00ebzis\u00eb, t\u00eb bllokoj\u00eb negociatat me Shqip\u00ebrin\u00eb vet\u00ebm q\u00eb t\u00eb ndryshoj\u00eb Kushtetut\u00ebn, t\u00eb manipuloj\u00eb dhe t\u00eb fitoj\u00eb n\u00eb m\u00ebnyr\u00eb t\u00eb paligjshme zgjedhjet.\u00a0T\u00eb ndaloj\u00eb koalicionet \u00a0q\u00eb t\u00eb ket\u00eb mund\u00ebsi t\u00eb q\u00ebndroj\u00eb n\u00eb pushtet. P\u00ebr pushtetin e tij, fatin e Shqip\u00ebris\u00eb po e vendos p\u00ebrball\u00eb mbylljes s\u00eb negociatave.<\/p>\n<p>Ne si opozit\u00eb nuk do t\u2019i b\u00ebjm\u00eb gjyqin faktorit nd\u00ebrkomb\u00ebtar. Gradualisht faktori nd\u00ebrkomb\u00ebtar e kuptoi se sa m\u00eb shum\u00eb l\u00ebshime i b\u00ebn Edi Ram\u00ebs aq m\u00eb shum\u00eb shkon drejt Putin drejt k\u00ebtyre shtete me demokraci sip\u00ebrfaq\u00ebsore\u201d, tha ai p\u00ebr abc news.<\/p>\n<p>Gazeta Sot<\/p>\n","protected":false},"excerpt":{"rendered":"<p>Zgjedhjet po afrojn\u00eb! Juristi i njohur zbulon \u00e7far\u00eb po p\u00ebrgatit Rama 18 KORRIK 2020 Kryeministri Rama \u00ebsht\u00eb gati t\u00eb bllokoj\u00eb negociatat me Shqip\u00ebrin\u00eb vet\u00ebm q\u00eb t\u00eb ndryshoj\u00eb Kushtetut\u00ebn q\u00eb t\u00eb manipuloj\u00eb dhe t\u00eb fitoj\u00eb n\u00eb m\u00ebnyr\u00eb t\u00eb paligjshme zgjedhjet. Sekretari p\u00ebr \u00c7\u00ebshtjet Ligjore n\u00eb PD, \u00c7lirim Gjata shprehet \u00a0\u201cSi mund t\u00eb quhet demokraci kur synon [&hellip;]<\/p>\n","protected":false},"author":9,"featured_media":36406,"comment_status":"open","ping_status":"open","sticky":false,"template":"","format":"standard","meta":{"jetpack_post_was_ever_published":false,"_jetpack_newsletter_access":"","_jetpack_dont_email_post_to_subs":false,"_jetpack_newsletter_tier_id":0,"_jetpack_memberships_contains_paywalled_content":false,"_jetpack_memberships_contains_paid_content":false,"footnotes":"","jetpack_publicize_message":"","jetpack_publicize_feature_enabled":true,"jetpack_social_post_already_shared":true,"jetpack_social_options":{"image_generator_settings":{"template":"highway","default_image_id":0,"font":"","enabled":false},"version":2}},"categories":[27,2,35],"tags":[],"class_list":["post-36405","post","type-post","status-publish","format-standard","has-post-thumbnail","hentry","category-blogu-i-udhetarit","category-politika","category-shoqerore"],"jetpack_publicize_connections":[],"jetpack_featured_media_url":"https:\/\/i0.wp.com\/www.shqiperia.com\/blog\/wp-content\/uploads\/2020\/07\/800-0-5f1309405732b.jpg?fit=679%2C391&ssl=1","jetpack_sharing_enabled":true,"jetpack_shortlink":"https:\/\/wp.me\/p5Z6wp-9tb","jetpack-related-posts":[{"id":50249,"url":"https:\/\/www.shqiperia.com\/blog\/shba-lejoi-qeverine-te-manipuloje-zgjedhjet-deputeti-i-pd-se-hedh-akuzat-e-renda-dhe-zbulon-levizjen-qe-e-fundosi-opoziten\/","url_meta":{"origin":36405,"position":0},"title":"\u201cSHBA lejoi qeverin\u00eb t\u00eb manipuloj\u00eb zgjedhjet\u201d, deputeti i PD-s\u00eb hedh akuzat e r\u00ebnda dhe zbulon l\u00ebvizjen q\u00eb e \u2018fundosi\u2019 opozit\u00ebn.","author":"Kurt Farka","date":"October 2, 2021","format":false,"excerpt":"\u201cSHBA lejoi qeverin\u00eb t\u00eb manipuloj\u00eb zgjedhjet\u201d, deputeti i PD-s\u00eb hedh akuzat e r\u00ebnda dhe zbulon l\u00ebvizjen q\u00eb e \u2018fundosi\u2019 opozit\u00ebn. 2 TETOR 2021 Deputeti i Partis\u00eb Demokratike Agron Gjekmarkaj e drejton gishtin tek SHBA, si nj\u00eb nd\u00ebr faktor\u00ebt kryesor q\u00eb opozita humbi zgjedhjet n\u00eb 25 prill. Gjekmarkaj tha n\u00eb nj\u00eb\u2026","rel":"","context":"In &quot;Blogu i Udh\u00ebtarit&quot;","block_context":{"text":"Blogu i Udh\u00ebtarit","link":"https:\/\/www.shqiperia.com\/blog\/category\/blogu-i-udhetarit\/"},"img":{"alt_text":"","src":"https:\/\/i0.wp.com\/www.shqiperia.com\/blog\/wp-content\/uploads\/2021\/10\/800-0-615839db87733.jpg?fit=800%2C563&ssl=1&resize=350%2C200","width":350,"height":200,"srcset":"https:\/\/i0.wp.com\/www.shqiperia.com\/blog\/wp-content\/uploads\/2021\/10\/800-0-615839db87733.jpg?fit=800%2C563&ssl=1&resize=350%2C200 1x, https:\/\/i0.wp.com\/www.shqiperia.com\/blog\/wp-content\/uploads\/2021\/10\/800-0-615839db87733.jpg?fit=800%2C563&ssl=1&resize=525%2C300 1.5x, https:\/\/i0.wp.com\/www.shqiperia.com\/blog\/wp-content\/uploads\/2021\/10\/800-0-615839db87733.jpg?fit=800%2C563&ssl=1&resize=700%2C400 2x"},"classes":[]},{"id":36916,"url":"https:\/\/www.shqiperia.com\/blog\/a-do-ta-pranoje-rama-kete-spartak-ngjela-zbulon-cfare-po-planifikon-politika-amerikane-per-zgjedhjet-e-ardhshme-ne-shqiperi\/","url_meta":{"origin":36405,"position":1},"title":"\u201cA do ta pranoj\u00eb Rama k\u00ebt\u00eb?\u201d, Spartak Ngjela zbulon \u00e7far\u00eb po planifikon politika amerikane p\u00ebr zgjedhjet e ardhshme n\u00eb Shqip\u00ebri","author":"Kurt Farka","date":"August 6, 2020","format":false,"excerpt":"\u201cA do ta pranoj\u00eb Rama k\u00ebt\u00eb?\u201d, Spartak Ngjela zbulon \u00e7far\u00eb po planifikon politika amerikane p\u00ebr zgjedhjet e ardhshme n\u00eb Shqip\u00ebri 5 Gusht 2020 Avokat Spartak Ngjela p\u00ebrmes nj\u00eb postimi n\u00eb rrjetet sociale ka ngritur pyetjet n\u00ebse do t\u00eb miratohet ligji p\u00ebr vettingun e kandidat\u00ebve p\u00ebr deputet n\u00eb zgjedhjet 2021. Sipas\u2026","rel":"","context":"In &quot;Blogu i Udh\u00ebtarit&quot;","block_context":{"text":"Blogu i Udh\u00ebtarit","link":"https:\/\/www.shqiperia.com\/blog\/category\/blogu-i-udhetarit\/"},"img":{"alt_text":"","src":"https:\/\/i0.wp.com\/www.shqiperia.com\/blog\/wp-content\/uploads\/2020\/08\/Edi-Rama-1-300x164.jpg?resize=350%2C200&ssl=1","width":350,"height":200},"classes":[]},{"id":39422,"url":"https:\/\/www.shqiperia.com\/blog\/zgjedhjet-po-afrojne-paralajmerimi-i-forte-i-ylli-rakipit-ja-pse-rama-eshte-shume-i-shqetesuar\/","url_meta":{"origin":36405,"position":2},"title":"Zgjedhjet po afrojn\u00eb! Paralajm\u00ebrimi i fort\u00eb i Ylli Rakipit: &#8211; Ja pse Rama \u00ebsht\u00eb shum\u00eb i shqet\u00ebsuar","author":"Kurt Farka","date":"October 9, 2020","format":false,"excerpt":"Zgjedhjet po afrojn\u00eb! Paralajm\u00ebrimi i fort\u00eb i Ylli Rakipit: - Ja pse Rama \u00ebsht\u00eb shum\u00eb i shqet\u00ebsuar 9 TETOR 2020 Gazetari Ylli Rakipi ka komentuar fushat\u00ebn elektorale t\u00eb partive politike p\u00ebr zgjedhjet e 25 prillit. Ai paralajm\u00ebron se do t\u00eb jet\u00eb e ashp\u00ebr. P\u00ebr Rakipin, kryeministri Edi Rama \u00ebsht\u00eb m\u00eb\u2026","rel":"","context":"In &quot;Blogu i Udh\u00ebtarit&quot;","block_context":{"text":"Blogu i Udh\u00ebtarit","link":"https:\/\/www.shqiperia.com\/blog\/category\/blogu-i-udhetarit\/"},"img":{"alt_text":"","src":"https:\/\/i0.wp.com\/www.shqiperia.com\/blog\/wp-content\/uploads\/2020\/10\/Ylli-Rakipi.jpg?fit=629%2C318&ssl=1&resize=350%2C200","width":350,"height":200,"srcset":"https:\/\/i0.wp.com\/www.shqiperia.com\/blog\/wp-content\/uploads\/2020\/10\/Ylli-Rakipi.jpg?fit=629%2C318&ssl=1&resize=350%2C200 1x, https:\/\/i0.wp.com\/www.shqiperia.com\/blog\/wp-content\/uploads\/2020\/10\/Ylli-Rakipi.jpg?fit=629%2C318&ssl=1&resize=525%2C300 1.5x"},"classes":[]},{"id":46856,"url":"https:\/\/www.shqiperia.com\/blog\/kompania-izraelite-publikon-sondazhin-e-fundit-kush-pritet-ti-fitoje-bindshem-zgjedhjet-e-se-dieles-cfare-thone-shifrat-e-fundit\/","url_meta":{"origin":36405,"position":3},"title":"Kompania izraelite publikon sondazhin e fundit, kush pritet t\u2019i fitoj\u00eb bindsh\u00ebm zgjedhjet e s\u00eb diel\u00ebs, \u00e7far\u00eb thon\u00eb shifrat e fundit","author":"Kurt Farka","date":"April 23, 2021","format":false,"excerpt":"Kompania izraelite publikon sondazhin e fundit, kush pritet t\u2019i fitoj\u00eb bindsh\u00ebm zgjedhjet e s\u00eb diel\u00ebs, \u00e7far\u00eb thon\u00eb shifrat e fundit 23 PRILL 2021 Kompania \u201cSmith Research & Consulting\u201d nga Izraeli ka realizuar nj\u00eb sondazh p\u00ebr zgjedhjet n\u00eb Shqip\u00ebri q\u00eb do t\u00eb mbahen me 25 prill. Sipas k\u00ebtij sondazhi t\u00eb publikuar\u2026","rel":"","context":"In &quot;Njoftime Shtypi&quot;","block_context":{"text":"Njoftime Shtypi","link":"https:\/\/www.shqiperia.com\/blog\/category\/njoftime-shtypi\/"},"img":{"alt_text":"","src":"https:\/\/i0.wp.com\/www.shqiperia.com\/blog\/wp-content\/uploads\/2021\/04\/800-0-87249b6e57dad81afe25c5f0d717def1.jpg?fit=800%2C433&ssl=1&resize=350%2C200","width":350,"height":200,"srcset":"https:\/\/i0.wp.com\/www.shqiperia.com\/blog\/wp-content\/uploads\/2021\/04\/800-0-87249b6e57dad81afe25c5f0d717def1.jpg?fit=800%2C433&ssl=1&resize=350%2C200 1x, https:\/\/i0.wp.com\/www.shqiperia.com\/blog\/wp-content\/uploads\/2021\/04\/800-0-87249b6e57dad81afe25c5f0d717def1.jpg?fit=800%2C433&ssl=1&resize=525%2C300 1.5x, https:\/\/i0.wp.com\/www.shqiperia.com\/blog\/wp-content\/uploads\/2021\/04\/800-0-87249b6e57dad81afe25c5f0d717def1.jpg?fit=800%2C433&ssl=1&resize=700%2C400 2x"},"classes":[]},{"id":40237,"url":"https:\/\/www.shqiperia.com\/blog\/miratimi-i-kodit-zgjedhor-bardhi-vendimi-i-edi-rames-izolon-perfundimisht-shqiperine-dhe-e-fut-ne-harten-e-vendeve-qe\/","url_meta":{"origin":36405,"position":4},"title":"Miratimi i Kodit Zgjedhor\/ Bardhi: Vendimi i Edi Ram\u00ebs izolon p\u00ebrfundimisht Shqip\u00ebrin\u00eb dhe e fut n\u00eb hart\u00ebn e vendeve q\u00eb\u2026","author":"Kurt Farka","date":"October 29, 2020","format":false,"excerpt":"Miratimi i Kodit Zgjedhor\/ Bardhi: Vendimi i Edi Ram\u00ebs izolon p\u00ebrfundimisht Shqip\u00ebrin\u00eb dhe e fut n\u00eb hart\u00ebn e vendeve q\u00eb\u2026 29 tetor \u00a02020 Miratimi i Kodit Zgjedhor pa ndryshime nga ana e socialist\u00ebve, p\u00ebr Partin\u00eb Demokratike synon t\u00eb pengoj\u00eb integrimin evropian t\u00eb Shqip\u00ebris\u00eb. Numri dy i k\u00ebsaj partie, Gazment Bardhi,\u2026","rel":"","context":"In &quot;Blogu i Udh\u00ebtarit&quot;","block_context":{"text":"Blogu i Udh\u00ebtarit","link":"https:\/\/www.shqiperia.com\/blog\/category\/blogu-i-udhetarit\/"},"img":{"alt_text":"","src":"https:\/\/i0.wp.com\/www.shqiperia.com\/blog\/wp-content\/uploads\/2020\/10\/1d810f7d-b2f2-4810-8008-7a02d01a7304.jpg?fit=1200%2C666&ssl=1&resize=350%2C200","width":350,"height":200,"srcset":"https:\/\/i0.wp.com\/www.shqiperia.com\/blog\/wp-content\/uploads\/2020\/10\/1d810f7d-b2f2-4810-8008-7a02d01a7304.jpg?fit=1200%2C666&ssl=1&resize=350%2C200 1x, https:\/\/i0.wp.com\/www.shqiperia.com\/blog\/wp-content\/uploads\/2020\/10\/1d810f7d-b2f2-4810-8008-7a02d01a7304.jpg?fit=1200%2C666&ssl=1&resize=525%2C300 1.5x, https:\/\/i0.wp.com\/www.shqiperia.com\/blog\/wp-content\/uploads\/2020\/10\/1d810f7d-b2f2-4810-8008-7a02d01a7304.jpg?fit=1200%2C666&ssl=1&resize=700%2C400 2x, https:\/\/i0.wp.com\/www.shqiperia.com\/blog\/wp-content\/uploads\/2020\/10\/1d810f7d-b2f2-4810-8008-7a02d01a7304.jpg?fit=1200%2C666&ssl=1&resize=1050%2C600 3x"},"classes":[]},{"id":21789,"url":"https:\/\/www.shqiperia.com\/blog\/gazeta-prane-qeverise-zbulon-takimin-sekret-mes-rames-dhe-metes-ne-gjirin-e-lalzit\/","url_meta":{"origin":36405,"position":5},"title":"Gazeta pran\u00eb qeveris\u00eb zbulon takimin sekret mes Ram\u00ebs dhe Met\u00ebs n\u00eb Gjirin e Lalzit. &#8211;","author":"Kurt Farka","date":"June 9, 2019","format":false,"excerpt":"Gazeta pran\u00eb qeveris\u00eb zbulon takimin sekret mes Ram\u00ebs dhe Met\u00ebs n\u00eb Gjirin e Lalzit. - 9 Qershor 2019 | Gazeta \u2018Dita\u2019 ka zbardhur nj\u00eb takim jo publik dhe t\u00eb fsheht\u00eb q\u00eb \u00ebsht\u00eb zhvilluar mes kryeministrit Edi Rama dhe presidentit Ilir Meta. Kujtojm\u00eb se vet\u00ebm nj\u00eb dit\u00eb m\u00eb par\u00eb presidenti shpalli\u2026","rel":"","context":"In &quot;Blogu i Udh\u00ebtarit&quot;","block_context":{"text":"Blogu i Udh\u00ebtarit","link":"https:\/\/www.shqiperia.com\/blog\/category\/blogu-i-udhetarit\/"},"img":{"alt_text":"","src":"https:\/\/i0.wp.com\/www.shqiperia.com\/blog\/wp-content\/uploads\/2019\/06\/ra.jpg?fit=701%2C394&ssl=1&resize=350%2C200","width":350,"height":200,"srcset":"https:\/\/i0.wp.com\/www.shqiperia.com\/blog\/wp-content\/uploads\/2019\/06\/ra.jpg?fit=701%2C394&ssl=1&resize=350%2C200 1x, https:\/\/i0.wp.com\/www.shqiperia.com\/blog\/wp-content\/uploads\/2019\/06\/ra.jpg?fit=701%2C394&ssl=1&resize=525%2C300 1.5x, https:\/\/i0.wp.com\/www.shqiperia.com\/blog\/wp-content\/uploads\/2019\/06\/ra.jpg?fit=701%2C394&ssl=1&resize=700%2C400 2x"},"classes":[]}],"_links":{"self":[{"href":"https:\/\/www.shqiperia.com\/blog\/wp-json\/wp\/v2\/posts\/36405","targetHints":{"allow":["GET"]}}],"collection":[{"href":"https:\/\/www.shqiperia.com\/blog\/wp-json\/wp\/v2\/posts"}],"about":[{"href":"https:\/\/www.shqiperia.com\/blog\/wp-json\/wp\/v2\/types\/post"}],"author":[{"embeddable":true,"href":"https:\/\/www.shqiperia.com\/blog\/wp-json\/wp\/v2\/users\/9"}],"replies":[{"embeddable":true,"href":"https:\/\/www.shqiperia.com\/blog\/wp-json\/wp\/v2\/comments?post=36405"}],"version-history":[{"count":1,"href":"https:\/\/www.shqiperia.com\/blog\/wp-json\/wp\/v2\/posts\/36405\/revisions"}],"predecessor-version":[{"id":36407,"href":"https:\/\/www.shqiperia.com\/blog\/wp-json\/wp\/v2\/posts\/36405\/revisions\/36407"}],"wp:featuredmedia":[{"embeddable":true,"href":"https:\/\/www.shqiperia.com\/blog\/wp-json\/wp\/v2\/media\/36406"}],"wp:attachment":[{"href":"https:\/\/www.shqiperia.com\/blog\/wp-json\/wp\/v2\/media?parent=36405"}],"wp:term":[{"taxonomy":"category","embeddable":true,"href":"https:\/\/www.shqiperia.com\/blog\/wp-json\/wp\/v2\/categories?post=36405"},{"taxonomy":"post_tag","embeddable":true,"href":"https:\/\/www.shqiperia.com\/blog\/wp-json\/wp\/v2\/tags?post=36405"}],"curies":[{"name":"wp","href":"https:\/\/api.w.org\/{rel}","templated":true}]}}