{"id":36391,"date":"2020-07-17T17:43:03","date_gmt":"2020-07-17T17:43:03","guid":{"rendered":"https:\/\/www.shqiperia.com\/blog\/?p=36391"},"modified":"2020-07-17T17:43:53","modified_gmt":"2020-07-17T17:43:53","slug":"opozita-pergjigjet-pakti-i-5-qershorit-nuk-ndryshon-te-hapur-per-bisedime-te-tjera","status":"publish","type":"post","link":"https:\/\/www.shqiperia.com\/blog\/opozita-pergjigjet-pakti-i-5-qershorit-nuk-ndryshon-te-hapur-per-bisedime-te-tjera\/","title":{"rendered":"Opozita p\u00ebrgjigjet: Pakti i 5 Qershorit nuk ndryshon, t\u00eb hapur p\u00ebr bisedime t\u00eb tjera\u00a0\u00a0\u00a0\u00a0"},"content":{"rendered":"<p><img data-recalc-dims=\"1\" loading=\"lazy\" decoding=\"async\" data-attachment-id=\"36392\" data-permalink=\"https:\/\/www.shqiperia.com\/blog\/opozita-pergjigjet-pakti-i-5-qershorit-nuk-ndryshon-te-hapur-per-bisedime-te-tjera\/1200-630-5eda949a13e09\/\" data-orig-file=\"https:\/\/i0.wp.com\/www.shqiperia.com\/blog\/wp-content\/uploads\/2020\/07\/1200-630-5eda949a13e09.jpg?fit=1200%2C630&amp;ssl=1\" data-orig-size=\"1200,630\" data-comments-opened=\"1\" data-image-meta=\"{&quot;aperture&quot;:&quot;0&quot;,&quot;credit&quot;:&quot;&quot;,&quot;camera&quot;:&quot;&quot;,&quot;caption&quot;:&quot;&quot;,&quot;created_timestamp&quot;:&quot;0&quot;,&quot;copyright&quot;:&quot;&quot;,&quot;focal_length&quot;:&quot;0&quot;,&quot;iso&quot;:&quot;0&quot;,&quot;shutter_speed&quot;:&quot;0&quot;,&quot;title&quot;:&quot;&quot;,&quot;orientation&quot;:&quot;0&quot;}\" data-image-title=\"1200-630-5eda949a13e09\" data-image-description=\"\" data-image-caption=\"\" data-medium-file=\"https:\/\/i0.wp.com\/www.shqiperia.com\/blog\/wp-content\/uploads\/2020\/07\/1200-630-5eda949a13e09.jpg?fit=300%2C158&amp;ssl=1\" data-large-file=\"https:\/\/i0.wp.com\/www.shqiperia.com\/blog\/wp-content\/uploads\/2020\/07\/1200-630-5eda949a13e09.jpg?fit=1024%2C538&amp;ssl=1\" class=\"alignnone wp-image-36392\" alt=\"\" src=\"https:\/\/i0.wp.com\/www.shqiperia.com\/blog\/wp-content\/uploads\/2020\/07\/1200-630-5eda949a13e09.jpg?resize=539%2C284&#038;ssl=1\" width=\"539\" height=\"284\" srcset=\"https:\/\/i0.wp.com\/www.shqiperia.com\/blog\/wp-content\/uploads\/2020\/07\/1200-630-5eda949a13e09.jpg?resize=300%2C158&amp;ssl=1 300w, https:\/\/i0.wp.com\/www.shqiperia.com\/blog\/wp-content\/uploads\/2020\/07\/1200-630-5eda949a13e09.jpg?resize=1024%2C538&amp;ssl=1 1024w, https:\/\/i0.wp.com\/www.shqiperia.com\/blog\/wp-content\/uploads\/2020\/07\/1200-630-5eda949a13e09.jpg?resize=768%2C403&amp;ssl=1 768w, https:\/\/i0.wp.com\/www.shqiperia.com\/blog\/wp-content\/uploads\/2020\/07\/1200-630-5eda949a13e09.jpg?resize=450%2C236&amp;ssl=1 450w, https:\/\/i0.wp.com\/www.shqiperia.com\/blog\/wp-content\/uploads\/2020\/07\/1200-630-5eda949a13e09.jpg?resize=600%2C315&amp;ssl=1 600w, https:\/\/i0.wp.com\/www.shqiperia.com\/blog\/wp-content\/uploads\/2020\/07\/1200-630-5eda949a13e09.jpg?resize=400%2C210&amp;ssl=1 400w, https:\/\/i0.wp.com\/www.shqiperia.com\/blog\/wp-content\/uploads\/2020\/07\/1200-630-5eda949a13e09.jpg?w=1200&amp;ssl=1 1200w\" sizes=\"auto, (max-width: 539px) 100vw, 539px\" \/><\/p>\n<p>&#8211; 17\/07\/20<a href=\"https:\/\/gazetamapo.al\/opozita-pergjigjet-pakti-i-5-qershorit-nuk-ndryshon-te-hapur-per-bisedime-te-tjera\/\"><\/a><\/p>\n<p>Opozita e bashkuar i \u00ebsht\u00eb p\u00ebrgjigjur ftes\u00ebs s\u00eb Damian Gjiknurit p\u00ebr tu takuar s\u00ebrish n\u00eb K\u00ebshillin Politik. Oerd Bylykbashi dhe Petrit Vasili shprehen n\u00eb letr\u00ebn d\u00ebrguar Gjiknurit, se jan\u00eb dakort q\u00eb t\u00eb takohen m\u00eb 20 ose 21 Korrik, por theksojn\u00eb se marr\u00ebveshja politike e 14 Janari dhe dakord\u00ebsia e 5 Qershorit, duhet t\u00eb miratohet sa m\u00eb par\u00eb dhe pa asnj\u00eb ndryshim.<\/p>\n<p>N\u00eb let\u00ebr Bylykbashi dhe Vasili theksojn\u00eb se n\u00ebse zgjerohen p\u00ebrfaq\u00ebsuesit e partive politike, at\u00ebher\u00eb nga opozita do marr\u00eb pjes\u00eb Sekretari i P\u00ebrgjithsh\u00ebm i Partis\u00eb Demokratike, Gazment Bardhi.<\/p>\n<p><strong>Reagimi i opozit\u00ebs s\u00eb bashkuar:<\/strong><\/p>\n<p>N\u00eb em\u00ebr t\u00eb opozit\u00ebs, mir\u00ebpresim reflektimin tuaj p\u00ebr t\u00eb vijuar diskutimin dhe vendimmarrjen konsensuale n\u00eb K\u00ebshillin Politik p\u00ebr \u00e7do \u00e7\u00ebshtje lidhur me zgjedhjet, si\u00e7 kemi r\u00ebn\u00eb dakord me shkrim n\u00eb Marr\u00ebveshjen Politike t\u00eb 14 Janarit dhe Dakord\u00ebsin\u00eb e 5 Qershorit.<\/p>\n<p>Paraprakisht ju konfirmojm\u00eb se dokumenti i depozituar nga nj\u00eb grup deputet\u00ebsh t\u00eb mazhoranc\u00ebs dhe q\u00eb p\u00ebrmban produktin e dakord\u00ebsuar n\u00eb Tryez\u00ebn e K\u00ebshillit Politik (si\u00e7 ju rikonfirmoni me e-mail m\u00eb sip\u00ebr) duhet t\u00eb miratohet sa m\u00eb par\u00eb dhe pa asnj\u00eb ndryshim, dhe p\u00ebr k\u00ebt\u00eb arsye, nuk mund t\u00eb rihapet asnj\u00eb \u00e7\u00ebshtje q\u00eb \u00ebsht\u00eb dakord\u00ebsuar aty.<\/p>\n<p>P\u00ebr \u00e7do \u00e7\u00ebshtje tjet\u00ebr, ne jemi t\u00eb gatsh\u00ebm, n\u00eb or\u00ebn e caktuar nga ana juaj, si t\u00eb h\u00ebn\u00eb ashtu edhe t\u00eb mart\u00ebn, pa patur nj\u00eb preferenc\u00eb p\u00ebr k\u00ebt\u00eb. Presim konfirmimin tuaj p\u00ebr dit\u00ebn q\u00eb ju preferoni, duke shprehur gatishm\u00ebrin\u00eb ton\u00eb p\u00ebr pjes\u00ebmarrjen n\u00eb at\u00eb mbledhje.<\/p>\n<p>N\u00eb lidhje me ndryshimin e formatit t\u00eb p\u00ebrb\u00ebrjes s\u00eb K\u00ebshillit Politik, n\u00ebse ju keni vler\u00ebsuar si t\u00eb p\u00ebrshtatshme zgjerimin e p\u00ebrfaq\u00ebsuesve t\u00eb partive politike n\u00eb Grupin e Pun\u00ebs s\u00eb K\u00ebshillit Politik, at\u00ebher\u00eb ju b\u00ebjm\u00eb me dije se Opozita e Bashkuar do t\u00eb p\u00ebrfaq\u00ebsohet p\u00ebrve\u00e7 nesh, edhe nga Sekretari i P\u00ebrgjithsh\u00ebm i Partis\u00eb Demokratike z. Gazment Bardhi.<\/p>\n<p>Mbetemi n\u00eb pritje t\u00eb konfirmimit t\u00eb dit\u00ebs nga ana juaj,<\/p>\n<p>Me respekt,<br \/>\nOerd Bylykbashi<br \/>\nPetrit Vasili<\/p>\n<p>Nga: <a href=\"https:\/\/gazetamapo.al\/opozita-pergjigjet-pakti-i-5-qershorit-nuk-ndryshon-te-hapur-per-bisedime-te-tjera\/\"><strong>mapo.al<\/strong><\/a><\/p>\n","protected":false},"excerpt":{"rendered":"<p>&#8211; 17\/07\/20 Opozita e bashkuar i \u00ebsht\u00eb p\u00ebrgjigjur ftes\u00ebs s\u00eb Damian Gjiknurit p\u00ebr tu takuar s\u00ebrish n\u00eb K\u00ebshillin Politik. Oerd Bylykbashi dhe Petrit Vasili shprehen n\u00eb letr\u00ebn d\u00ebrguar Gjiknurit, se jan\u00eb dakort q\u00eb t\u00eb takohen m\u00eb 20 ose 21 Korrik, por theksojn\u00eb se marr\u00ebveshja politike e 14 Janari dhe dakord\u00ebsia e 5 Qershorit, duhet t\u00eb [&hellip;]<\/p>\n","protected":false},"author":9,"featured_media":36392,"comment_status":"open","ping_status":"open","sticky":false,"template":"","format":"standard","meta":{"jetpack_post_was_ever_published":false,"_jetpack_newsletter_access":"","_jetpack_dont_email_post_to_subs":false,"_jetpack_newsletter_tier_id":0,"_jetpack_memberships_contains_paywalled_content":false,"_jetpack_memberships_contains_paid_content":false,"footnotes":"","jetpack_publicize_message":"","jetpack_publicize_feature_enabled":true,"jetpack_social_post_already_shared":true,"jetpack_social_options":{"image_generator_settings":{"template":"highway","default_image_id":0,"font":"","enabled":false},"version":2}},"categories":[1,2],"tags":[],"class_list":["post-36391","post","type-post","status-publish","format-standard","has-post-thumbnail","hentry","category-njoftime-shtypi","category-politika"],"jetpack_publicize_connections":[],"jetpack_featured_media_url":"https:\/\/i0.wp.com\/www.shqiperia.com\/blog\/wp-content\/uploads\/2020\/07\/1200-630-5eda949a13e09.jpg?fit=1200%2C630&ssl=1","jetpack_sharing_enabled":true,"jetpack_shortlink":"https:\/\/wp.me\/p5Z6wp-9sX","jetpack-related-posts":[{"id":36618,"url":"https:\/\/www.shqiperia.com\/blog\/nje-dite-para-votimit-ne-parlament-te-ndryshimeve-kushtetuese-opozita-ben-levizjen-urgjente-zbardhet-e-mail-dhe-cpritet-ne-oren-1800\/","url_meta":{"origin":36391,"position":0},"title":"Nj\u00eb dit\u00eb para votimit n\u00eb parlament t\u00eb ndryshimeve kushtetuese, opozita b\u00ebn l\u00ebvizjen urgjente, zbardhet e-mail dhe \u00e7\u2019pritet n\u00eb or\u00ebn 18:00","author":"Kurt Farka","date":"July 29, 2020","format":false,"excerpt":"Nj\u00eb dit\u00eb para votimit n\u00eb parlament t\u00eb ndryshimeve kushtetuese, opozita b\u00ebn l\u00ebvizjen urgjente, zbardhet e-mail dhe \u00e7\u2019pritet n\u00eb or\u00ebn 18:00 29 Korrik 2020 Opozita e bashkuar ka k\u00ebrkuar q\u00eb dit\u00ebn e sotme n\u00eb or\u00ebn 18:00 t\u00eb mblidhet K\u00ebshilli Politik pasi \u00ebsht\u00eb pro\u00a0vijimit t\u00eb dialogut, p\u00ebr gjetjen e zgjidhjes nga t\u00eb\u2026","rel":"","context":"In &quot;Blogu i Udh\u00ebtarit&quot;","block_context":{"text":"Blogu i Udh\u00ebtarit","link":"https:\/\/www.shqiperia.com\/blog\/category\/blogu-i-udhetarit\/"},"img":{"alt_text":"","src":"https:\/\/i0.wp.com\/www.shqiperia.com\/blog\/wp-content\/uploads\/2020\/07\/800-0-39ca235056219cd167eda410ee7e39bb.jpeg?fit=800%2C451&ssl=1&resize=350%2C200","width":350,"height":200,"srcset":"https:\/\/i0.wp.com\/www.shqiperia.com\/blog\/wp-content\/uploads\/2020\/07\/800-0-39ca235056219cd167eda410ee7e39bb.jpeg?fit=800%2C451&ssl=1&resize=350%2C200 1x, https:\/\/i0.wp.com\/www.shqiperia.com\/blog\/wp-content\/uploads\/2020\/07\/800-0-39ca235056219cd167eda410ee7e39bb.jpeg?fit=800%2C451&ssl=1&resize=525%2C300 1.5x, https:\/\/i0.wp.com\/www.shqiperia.com\/blog\/wp-content\/uploads\/2020\/07\/800-0-39ca235056219cd167eda410ee7e39bb.jpeg?fit=800%2C451&ssl=1&resize=700%2C400 2x"},"classes":[]},{"id":39012,"url":"https:\/\/www.shqiperia.com\/blog\/komisioni-i-ligjeve-miraton-ndryshimet-ne-kodin-zgjedhor-meta-atentat-ndaj-rendit-kushtetues-mbeshtes-listat-e-hapura-100-rilindja-po-mashtro\/","url_meta":{"origin":36391,"position":1},"title":"Komisioni i Ligjeve miraton ndryshimet n\u00eb Kodin Zgjedhor, Meta: Atentat ndaj rendit kushtetues, mb\u00ebshtes listat e hapura 100%, Rilindja po mashtro","author":"Kurt Farka","date":"September 28, 2020","format":false,"excerpt":"Komisioni i Ligjeve ka miratuar n\u00eb parim ndryshimet n\u00eb Kodin Zgjedhor. 28 shtator \u00a02020 Kryetari i Komisionit t\u00eb Ligjeve Ulsi Manja propozoi q\u00eb dy nismat e deputet\u00ebve Murrizi dhe Gjoni dhe t\u00eb gjitha draft amendamentet e Gjiknurit dhe deputet\u00ebve t\u00eb tjer\u00eb t\u00eb bashkohen dhe t\u00eb shqyrtohen n\u00eb nj\u00eb tekst t\u00eb\u2026","rel":"","context":"In &quot;Blogu i Udh\u00ebtarit&quot;","block_context":{"text":"Blogu i Udh\u00ebtarit","link":"https:\/\/www.shqiperia.com\/blog\/category\/blogu-i-udhetarit\/"},"img":{"alt_text":"","src":"https:\/\/i0.wp.com\/www.shqiperia.com\/blog\/wp-content\/uploads\/2020\/09\/ilir-meta-konference3-675x450-1-e1600085711521-905x450-1.jpg?fit=905%2C450&ssl=1&resize=350%2C200","width":350,"height":200,"srcset":"https:\/\/i0.wp.com\/www.shqiperia.com\/blog\/wp-content\/uploads\/2020\/09\/ilir-meta-konference3-675x450-1-e1600085711521-905x450-1.jpg?fit=905%2C450&ssl=1&resize=350%2C200 1x, https:\/\/i0.wp.com\/www.shqiperia.com\/blog\/wp-content\/uploads\/2020\/09\/ilir-meta-konference3-675x450-1-e1600085711521-905x450-1.jpg?fit=905%2C450&ssl=1&resize=525%2C300 1.5x, https:\/\/i0.wp.com\/www.shqiperia.com\/blog\/wp-content\/uploads\/2020\/09\/ilir-meta-konference3-675x450-1-e1600085711521-905x450-1.jpg?fit=905%2C450&ssl=1&resize=700%2C400 2x"},"classes":[]},{"id":36638,"url":"https:\/\/www.shqiperia.com\/blog\/opozita-e-bashkuar-thirrje-ps-se-respektoni-marreveshjen-e-5-qershorit\/","url_meta":{"origin":36391,"position":2},"title":"Opozita e bashkuar thirrje PS-s\u00eb: Respektoni marr\u00ebveshjen e 5 qershorit","author":"Kurt Farka","date":"July 30, 2020","format":false,"excerpt":"Opozita e bashkuar thirrje PS-s\u00eb: Respektoni marr\u00ebveshjen e 5 qershorit 30 KORRIK 2020 Opozita e Bashkuar i ka b\u00ebr\u00eb apel Partis\u00eb Socialiste q\u00eb t\u00eb heq\u00eb dor\u00eb nga ndryshimet e nj\u00ebanshme kushtetuese dhe e fton t\u00eb vijojn\u00eb dialogun n\u00eb K\u00ebshillin Politik. N\u00eb nj\u00eb deklarat\u00eb, Opozita e Bashkuar thekson se ndryshimet e\u2026","rel":"","context":"In &quot;Blogu i Udh\u00ebtarit&quot;","block_context":{"text":"Blogu i Udh\u00ebtarit","link":"https:\/\/www.shqiperia.com\/blog\/category\/blogu-i-udhetarit\/"},"img":{"alt_text":"","src":"https:\/\/i0.wp.com\/www.shqiperia.com\/blog\/wp-content\/uploads\/2020\/07\/640-0-5f22702acd5d9.jpg?fit=640%2C361&ssl=1&resize=350%2C200","width":350,"height":200,"srcset":"https:\/\/i0.wp.com\/www.shqiperia.com\/blog\/wp-content\/uploads\/2020\/07\/640-0-5f22702acd5d9.jpg?fit=640%2C361&ssl=1&resize=350%2C200 1x, https:\/\/i0.wp.com\/www.shqiperia.com\/blog\/wp-content\/uploads\/2020\/07\/640-0-5f22702acd5d9.jpg?fit=640%2C361&ssl=1&resize=525%2C300 1.5x"},"classes":[]},{"id":38451,"url":"https:\/\/www.shqiperia.com\/blog\/pas-takimit-me-ambasadoret-ne-seline-e-pd-opozita-e-bashkuar-vihet-ne-levizje-ja-cfare-do-ndodhe-neser\/","url_meta":{"origin":36391,"position":3},"title":"Pas takimit me ambasador\u00ebt n\u00eb selin\u00eb e PD, opozita e bashkuar vihet n\u00eb l\u00ebvizje, ja \u00e7far\u00eb do ndodh\u00eb nes\u00ebr","author":"Kurt Farka","date":"September 15, 2020","format":false,"excerpt":"Pas takimit me ambasador\u00ebt n\u00eb selin\u00eb e PD, opozita e bashkuar vihet n\u00eb l\u00ebvizje, ja \u00e7far\u00eb do ndodh\u00eb nes\u00ebr 15 SHTATOR 2020 Opozita e bashkuar ka k\u00ebrkuar mbledhjen e K\u00ebshillit politik nes\u00ebr n\u00eb or\u00ebn 10:00. Ky vendim ka ardhur menj\u00ebher\u00eb pas p\u00ebrfundimit t\u00eb takimit me trojt\u00ebn e ambasador\u00ebve n\u00eb selin\u00eb\u2026","rel":"","context":"In &quot;Blogu i Udh\u00ebtarit&quot;","block_context":{"text":"Blogu i Udh\u00ebtarit","link":"https:\/\/www.shqiperia.com\/blog\/category\/blogu-i-udhetarit\/"},"img":{"alt_text":"","src":"https:\/\/i0.wp.com\/www.shqiperia.com\/blog\/wp-content\/uploads\/2020\/09\/protestaaa-770x433-905x395-1.png?fit=905%2C395&ssl=1&resize=350%2C200","width":350,"height":200,"srcset":"https:\/\/i0.wp.com\/www.shqiperia.com\/blog\/wp-content\/uploads\/2020\/09\/protestaaa-770x433-905x395-1.png?fit=905%2C395&ssl=1&resize=350%2C200 1x, https:\/\/i0.wp.com\/www.shqiperia.com\/blog\/wp-content\/uploads\/2020\/09\/protestaaa-770x433-905x395-1.png?fit=905%2C395&ssl=1&resize=525%2C300 1.5x, https:\/\/i0.wp.com\/www.shqiperia.com\/blog\/wp-content\/uploads\/2020\/09\/protestaaa-770x433-905x395-1.png?fit=905%2C395&ssl=1&resize=700%2C400 2x"},"classes":[]},{"id":35292,"url":"https:\/\/www.shqiperia.com\/blog\/yuri-kim-iu-dergoi-ultimatumin-lsi-i-pergjigjet-asnje-leshim-per-grabitjen-e-votave\/","url_meta":{"origin":36391,"position":4},"title":"Yuri Kim iu d\u00ebrgoi \u2018ultimatumin\u2019. \u00a0LSI i p\u00ebrgjigjet: &#8211; Asnj\u00eb l\u00ebshim p\u00ebr grabitjen e votave!","author":"Kurt Farka","date":"June 1, 2020","format":false,"excerpt":"Yuri Kim iu d\u00ebrgoi \u2018ultimatumin\u2019. \u00a0LSI i p\u00ebrgjigjet: - Asnj\u00eb l\u00ebshim p\u00ebr grabitjen e votave! 1 QERSHOR 2020 N\u00ebnkryetari i LSI, Ptetri Vasili ka reaguar me nj\u00eb status n\u00eb rrjete sociale pas ultimatumit q\u00eb iu d\u00ebrgoi pal\u00ebve politike ambasadorja Yuri Kim p\u00ebr Reform\u00ebn Zgjedhore. Ambasadorja apeloi p\u00ebr \u201cmbajtje t\u00eb fjal\u00ebs\u2026","rel":"","context":"In &quot;Blogu i Udh\u00ebtarit&quot;","block_context":{"text":"Blogu i Udh\u00ebtarit","link":"https:\/\/www.shqiperia.com\/blog\/category\/blogu-i-udhetarit\/"},"img":{"alt_text":"","src":"https:\/\/i0.wp.com\/www.shqiperia.com\/blog\/wp-content\/uploads\/2020\/06\/800-0-5ed4d8a09f6ed-1.jpg?fit=800%2C427&ssl=1&resize=350%2C200","width":350,"height":200,"srcset":"https:\/\/i0.wp.com\/www.shqiperia.com\/blog\/wp-content\/uploads\/2020\/06\/800-0-5ed4d8a09f6ed-1.jpg?fit=800%2C427&ssl=1&resize=350%2C200 1x, https:\/\/i0.wp.com\/www.shqiperia.com\/blog\/wp-content\/uploads\/2020\/06\/800-0-5ed4d8a09f6ed-1.jpg?fit=800%2C427&ssl=1&resize=525%2C300 1.5x, https:\/\/i0.wp.com\/www.shqiperia.com\/blog\/wp-content\/uploads\/2020\/06\/800-0-5ed4d8a09f6ed-1.jpg?fit=800%2C427&ssl=1&resize=700%2C400 2x"},"classes":[]},{"id":38411,"url":"https:\/\/www.shqiperia.com\/blog\/pd-pranon-ftesen-e-gjiknurit-basha-mbledh-ekspertet-para-mbledhjes-se-keshillit\/","url_meta":{"origin":36391,"position":5},"title":"PD pranon ftes\u00ebn e Gjiknurit, Basha mbledh ekspert\u00ebt para mbledhjes s\u00eb K\u00ebshillit","author":"Kurt Farka","date":"September 14, 2020","format":false,"excerpt":"PD pranon ftes\u00ebn e Gjiknurit, Basha mbledh ekspert\u00ebt para mbledhjes s\u00eb K\u00ebshillit 14 SHTATOR 2020 Partia Demokratike pritet t\u00eb jet\u00eb e pranishme n\u00eb mbledhjen e sotme t\u00eb K\u00ebshillit Politik, duke nisur k\u00ebshtu p\u00ebrballjen e par\u00eb me socialist\u00ebt pas ndryshimeve t\u00eb kontestuara t\u00eb Kushtetut\u00ebs. P\u00ebrpara nisjes s\u00eb mbledhjes s\u00eb K\u00ebshillit Politik,\u2026","rel":"","context":"In &quot;Blogu i Udh\u00ebtarit&quot;","block_context":{"text":"Blogu i Udh\u00ebtarit","link":"https:\/\/www.shqiperia.com\/blog\/category\/blogu-i-udhetarit\/"},"img":{"alt_text":"","src":"https:\/\/i0.wp.com\/www.shqiperia.com\/blog\/wp-content\/uploads\/2020\/09\/640-0-5f5f547d5033d.jpg?fit=640%2C360&ssl=1&resize=350%2C200","width":350,"height":200,"srcset":"https:\/\/i0.wp.com\/www.shqiperia.com\/blog\/wp-content\/uploads\/2020\/09\/640-0-5f5f547d5033d.jpg?fit=640%2C360&ssl=1&resize=350%2C200 1x, https:\/\/i0.wp.com\/www.shqiperia.com\/blog\/wp-content\/uploads\/2020\/09\/640-0-5f5f547d5033d.jpg?fit=640%2C360&ssl=1&resize=525%2C300 1.5x"},"classes":[]}],"_links":{"self":[{"href":"https:\/\/www.shqiperia.com\/blog\/wp-json\/wp\/v2\/posts\/36391","targetHints":{"allow":["GET"]}}],"collection":[{"href":"https:\/\/www.shqiperia.com\/blog\/wp-json\/wp\/v2\/posts"}],"about":[{"href":"https:\/\/www.shqiperia.com\/blog\/wp-json\/wp\/v2\/types\/post"}],"author":[{"embeddable":true,"href":"https:\/\/www.shqiperia.com\/blog\/wp-json\/wp\/v2\/users\/9"}],"replies":[{"embeddable":true,"href":"https:\/\/www.shqiperia.com\/blog\/wp-json\/wp\/v2\/comments?post=36391"}],"version-history":[{"count":2,"href":"https:\/\/www.shqiperia.com\/blog\/wp-json\/wp\/v2\/posts\/36391\/revisions"}],"predecessor-version":[{"id":36394,"href":"https:\/\/www.shqiperia.com\/blog\/wp-json\/wp\/v2\/posts\/36391\/revisions\/36394"}],"wp:featuredmedia":[{"embeddable":true,"href":"https:\/\/www.shqiperia.com\/blog\/wp-json\/wp\/v2\/media\/36392"}],"wp:attachment":[{"href":"https:\/\/www.shqiperia.com\/blog\/wp-json\/wp\/v2\/media?parent=36391"}],"wp:term":[{"taxonomy":"category","embeddable":true,"href":"https:\/\/www.shqiperia.com\/blog\/wp-json\/wp\/v2\/categories?post=36391"},{"taxonomy":"post_tag","embeddable":true,"href":"https:\/\/www.shqiperia.com\/blog\/wp-json\/wp\/v2\/tags?post=36391"}],"curies":[{"name":"wp","href":"https:\/\/api.w.org\/{rel}","templated":true}]}}