{"id":36349,"date":"2020-07-15T18:32:24","date_gmt":"2020-07-15T18:32:24","guid":{"rendered":"https:\/\/www.shqiperia.com\/blog\/?p=36349"},"modified":"2020-07-15T18:32:24","modified_gmt":"2020-07-15T18:32:24","slug":"obama-melinda-gates-dhe-fauci-mbikqyresit-e-laboratorit-te-wuhanit-ne-2015-kur-bill-gates-paralajmeroi-rrezikun-nga-virusi","status":"publish","type":"post","link":"https:\/\/www.shqiperia.com\/blog\/obama-melinda-gates-dhe-fauci-mbikqyresit-e-laboratorit-te-wuhanit-ne-2015-kur-bill-gates-paralajmeroi-rrezikun-nga-virusi\/","title":{"rendered":"Obama, Melinda Gates dhe Fauci mbikqyr\u00ebsit e laboratorit t\u00eb Wuhanit n\u00eb 2015 kur Bill Gates paralajm\u00ebroi rrezikun nga virusi"},"content":{"rendered":"<p><img data-recalc-dims=\"1\" loading=\"lazy\" decoding=\"async\" data-attachment-id=\"36350\" data-permalink=\"https:\/\/www.shqiperia.com\/blog\/obama-melinda-gates-dhe-fauci-mbikqyresit-e-laboratorit-te-wuhanit-ne-2015-kur-bill-gates-paralajmeroi-rrezikun-nga-virusi\/640-0-5f0f47a7b5b9a-copy\/\" data-orig-file=\"https:\/\/i0.wp.com\/www.shqiperia.com\/blog\/wp-content\/uploads\/2020\/07\/640-0-5f0f47a7b5b9a-Copy.jpg?fit=640%2C340&amp;ssl=1\" data-orig-size=\"640,340\" data-comments-opened=\"1\" data-image-meta=\"{&quot;aperture&quot;:&quot;0&quot;,&quot;credit&quot;:&quot;&quot;,&quot;camera&quot;:&quot;&quot;,&quot;caption&quot;:&quot;&quot;,&quot;created_timestamp&quot;:&quot;0&quot;,&quot;copyright&quot;:&quot;&quot;,&quot;focal_length&quot;:&quot;0&quot;,&quot;iso&quot;:&quot;0&quot;,&quot;shutter_speed&quot;:&quot;0&quot;,&quot;title&quot;:&quot;&quot;,&quot;orientation&quot;:&quot;0&quot;}\" data-image-title=\"-640-0-5f0f47a7b5b9a &#8211; Copy\" data-image-description=\"\" data-image-caption=\"\" data-medium-file=\"https:\/\/i0.wp.com\/www.shqiperia.com\/blog\/wp-content\/uploads\/2020\/07\/640-0-5f0f47a7b5b9a-Copy.jpg?fit=300%2C159&amp;ssl=1\" data-large-file=\"https:\/\/i0.wp.com\/www.shqiperia.com\/blog\/wp-content\/uploads\/2020\/07\/640-0-5f0f47a7b5b9a-Copy.jpg?fit=640%2C340&amp;ssl=1\" class=\"alignnone  wp-image-36350\" alt=\"\" src=\"https:\/\/i0.wp.com\/www.shqiperia.com\/blog\/wp-content\/uploads\/2020\/07\/640-0-5f0f47a7b5b9a-Copy.jpg?resize=640%2C339&#038;ssl=1\" width=\"640\" height=\"339\" srcset=\"https:\/\/i0.wp.com\/www.shqiperia.com\/blog\/wp-content\/uploads\/2020\/07\/640-0-5f0f47a7b5b9a-Copy.jpg?resize=300%2C159&amp;ssl=1 300w, https:\/\/i0.wp.com\/www.shqiperia.com\/blog\/wp-content\/uploads\/2020\/07\/640-0-5f0f47a7b5b9a-Copy.jpg?resize=450%2C239&amp;ssl=1 450w, https:\/\/i0.wp.com\/www.shqiperia.com\/blog\/wp-content\/uploads\/2020\/07\/640-0-5f0f47a7b5b9a-Copy.jpg?resize=600%2C319&amp;ssl=1 600w, https:\/\/i0.wp.com\/www.shqiperia.com\/blog\/wp-content\/uploads\/2020\/07\/640-0-5f0f47a7b5b9a-Copy.jpg?resize=400%2C213&amp;ssl=1 400w, https:\/\/i0.wp.com\/www.shqiperia.com\/blog\/wp-content\/uploads\/2020\/07\/640-0-5f0f47a7b5b9a-Copy.jpg?w=640&amp;ssl=1 640w\" sizes=\"auto, (max-width: 640px) 100vw, 640px\" \/><\/p>\n<p>Obama, Melinda Gates dhe Fauci mbikqyr\u00ebsit e laboratorit t\u00eb Wuhanit n\u00eb 2015 kur Bill Gates paralajm\u00ebroi rrezikun nga virusi<\/p>\n<p>15 KORRIK 2020<\/p>\n<p>(Ky shkrim dhe kjo foto jan\u00eb censuruar nga Facebooku duke e konsideruar lajm fallco.)<\/p>\n<p>Nj\u00eb fotografi n\u00eb 2015. Nj\u00eb imazh q\u00eb vjen \u00a0pes\u00eb vite m\u00eb par\u00eb. Laboratori kinez wuhan. Barack Obama, Anthony Fauci dhe Melinda Gates vizitojn\u00eb &#8220;fabrik\u00ebn&#8221; e virusit ndoshta p\u00ebr t\u00eb kontrolluar p\u00ebrparimin e k\u00ebrkimit mbi Coronavirus.<\/p>\n<p>I nj\u00ebjti vit n\u00eb t\u00eb cilin Bill Gates deklaron se rreziku p\u00ebr njer\u00ebzimin nuk do t\u00eb ishin m\u00eb arm\u00ebt b\u00ebrthamore por nj\u00eb virus. N\u00eb t\u00eb nj\u00ebjtin vit n\u00eb t\u00eb cilin lajmet shkencore &#8220;Leonardo&#8221; t\u00eb Raitre transmetuan nj\u00eb raport mbi nj\u00eb studim mbi koronavirusin q\u00eb kinez\u00ebt po studionin.<\/p>\n<p><img data-recalc-dims=\"1\" loading=\"lazy\" decoding=\"async\" data-attachment-id=\"36351\" data-permalink=\"https:\/\/www.shqiperia.com\/blog\/obama-melinda-gates-dhe-fauci-mbikqyresit-e-laboratorit-te-wuhanit-ne-2015-kur-bill-gates-paralajmeroi-rrezikun-nga-virusi\/640-0-5f0f47a7b5b9a\/\" data-orig-file=\"https:\/\/i0.wp.com\/www.shqiperia.com\/blog\/wp-content\/uploads\/2020\/07\/640-0-5f0f47a7b5b9a.jpg?fit=640%2C438&amp;ssl=1\" data-orig-size=\"640,438\" data-comments-opened=\"1\" data-image-meta=\"{&quot;aperture&quot;:&quot;0&quot;,&quot;credit&quot;:&quot;&quot;,&quot;camera&quot;:&quot;&quot;,&quot;caption&quot;:&quot;&quot;,&quot;created_timestamp&quot;:&quot;0&quot;,&quot;copyright&quot;:&quot;&quot;,&quot;focal_length&quot;:&quot;0&quot;,&quot;iso&quot;:&quot;0&quot;,&quot;shutter_speed&quot;:&quot;0&quot;,&quot;title&quot;:&quot;&quot;,&quot;orientation&quot;:&quot;0&quot;}\" data-image-title=\"-640-0-5f0f47a7b5b9a\" data-image-description=\"\" data-image-caption=\"\" data-medium-file=\"https:\/\/i0.wp.com\/www.shqiperia.com\/blog\/wp-content\/uploads\/2020\/07\/640-0-5f0f47a7b5b9a.jpg?fit=300%2C205&amp;ssl=1\" data-large-file=\"https:\/\/i0.wp.com\/www.shqiperia.com\/blog\/wp-content\/uploads\/2020\/07\/640-0-5f0f47a7b5b9a.jpg?fit=640%2C438&amp;ssl=1\" class=\"alignnone  wp-image-36351\" alt=\"\" src=\"https:\/\/i0.wp.com\/www.shqiperia.com\/blog\/wp-content\/uploads\/2020\/07\/640-0-5f0f47a7b5b9a.jpg?resize=695%2C475&#038;ssl=1\" width=\"695\" height=\"475\" srcset=\"https:\/\/i0.wp.com\/www.shqiperia.com\/blog\/wp-content\/uploads\/2020\/07\/640-0-5f0f47a7b5b9a.jpg?resize=300%2C205&amp;ssl=1 300w, https:\/\/i0.wp.com\/www.shqiperia.com\/blog\/wp-content\/uploads\/2020\/07\/640-0-5f0f47a7b5b9a.jpg?resize=450%2C308&amp;ssl=1 450w, https:\/\/i0.wp.com\/www.shqiperia.com\/blog\/wp-content\/uploads\/2020\/07\/640-0-5f0f47a7b5b9a.jpg?resize=600%2C411&amp;ssl=1 600w, https:\/\/i0.wp.com\/www.shqiperia.com\/blog\/wp-content\/uploads\/2020\/07\/640-0-5f0f47a7b5b9a.jpg?resize=235%2C160&amp;ssl=1 235w, https:\/\/i0.wp.com\/www.shqiperia.com\/blog\/wp-content\/uploads\/2020\/07\/640-0-5f0f47a7b5b9a.jpg?resize=400%2C274&amp;ssl=1 400w, https:\/\/i0.wp.com\/www.shqiperia.com\/blog\/wp-content\/uploads\/2020\/07\/640-0-5f0f47a7b5b9a.jpg?w=640&amp;ssl=1 640w\" sizes=\"auto, (max-width: 695px) 100vw, 695px\" \/><\/p>\n<p>Nj\u00eb raport lajmesh q\u00eb \u00ebsht\u00eb ribotuar n\u00eb mediat sociale muajt e fundit por q\u00eb u shpall menj\u00ebher\u00eb si i rrem\u00eb nga &#8220;profesionist\u00ebt e informacionit&#8221;, i nj\u00ebjti grup q\u00eb m\u00eb pas talli nobelistin francez p\u00ebr mjek\u00ebsin\u00eb Luc Montagnier dhe virologun italian Giulio Tarro. I pari pretendoi se virusi kishte sekuenca HIV dhe ishte paketuar nga biolog\u00ebt molekular\u00eb. E dyta \u00ebsht\u00eb se virusi ndryshon dhe p\u00ebr k\u00ebt\u00eb arsye vaksina \u00ebsht\u00eb e padobishme.<\/p>\n<p>Q\u00ebllimi ishte q\u00eb njer\u00ebzit t\u00eb besojn\u00eb se Coronavirusi ishte me origjin\u00eb natyrore, d.m.th., kaloi nga shkopi te njeriu, kur, megjithat\u00eb, ishte e qart\u00eb p\u00ebr t\u00eb gjith\u00eb ne q\u00eb nga fillimi se ishte krijuar n\u00eb laboratorin n\u00eb \u00cbuhan. Pes\u00eb vjet m\u00eb par\u00eb, pra, ata tashm\u00eb ishin duke punuar p\u00ebr t\u00eb b\u00ebr\u00eb at\u00eb q\u00eb ndodhi sot. Fotografia, e publikuar n\u00eb Twitter, t\u00ebrheq thonjt\u00eb e zakonsh\u00ebm ndaj p\u00ebrgjegj\u00ebsive t\u00eb tyre.<\/p>\n<p>M\u00eb n\u00eb fund nj\u00eb kuriozitet i r\u00ebnd\u00ebsish\u00ebm. Biologu q\u00eb ilustron studimin e laboratorit Wuhan tek Obama nuk \u00ebsht\u00eb kinez.<\/p>\n<p>Fotot flasin vet\u00eb dhe padyshim covidiot\u00ebt do e deklarojn\u00eb konspiracion.<\/p>\n<p>Ky shkrim dhe kjo foto jan\u00eb censuruar nga Facebooku duke e konsideruar lajm fallco.<\/p>\n<p>Gazeta Sot<\/p>\n","protected":false},"excerpt":{"rendered":"<p>Obama, Melinda Gates dhe Fauci mbikqyr\u00ebsit e laboratorit t\u00eb Wuhanit n\u00eb 2015 kur Bill Gates paralajm\u00ebroi rrezikun nga virusi 15 KORRIK 2020 (Ky shkrim dhe kjo foto jan\u00eb censuruar nga Facebooku duke e konsideruar lajm fallco.) Nj\u00eb fotografi n\u00eb 2015. Nj\u00eb imazh q\u00eb vjen \u00a0pes\u00eb vite m\u00eb par\u00eb. Laboratori kinez wuhan. Barack Obama, Anthony Fauci [&hellip;]<\/p>\n","protected":false},"author":9,"featured_media":36350,"comment_status":"open","ping_status":"open","sticky":false,"template":"","format":"standard","meta":{"jetpack_post_was_ever_published":false,"_jetpack_newsletter_access":"","_jetpack_dont_email_post_to_subs":false,"_jetpack_newsletter_tier_id":0,"_jetpack_memberships_contains_paywalled_content":false,"_jetpack_memberships_contains_paid_content":false,"footnotes":"","jetpack_publicize_message":"","jetpack_publicize_feature_enabled":true,"jetpack_social_post_already_shared":true,"jetpack_social_options":{"image_generator_settings":{"template":"highway","default_image_id":0,"font":"","enabled":false},"version":2}},"categories":[27],"tags":[],"class_list":["post-36349","post","type-post","status-publish","format-standard","has-post-thumbnail","hentry","category-blogu-i-udhetarit"],"jetpack_publicize_connections":[],"jetpack_featured_media_url":"https:\/\/i0.wp.com\/www.shqiperia.com\/blog\/wp-content\/uploads\/2020\/07\/640-0-5f0f47a7b5b9a-Copy.jpg?fit=640%2C340&ssl=1","jetpack_sharing_enabled":true,"jetpack_shortlink":"https:\/\/wp.me\/p5Z6wp-9sh","jetpack-related-posts":[{"id":43895,"url":"https:\/\/www.shqiperia.com\/blog\/parashikimi-i-bill-gates-pas-covid-19-miliarderi-lajmeron-dy-rreziqe-te-tjera-per-njerezimin\/","url_meta":{"origin":36349,"position":0},"title":"Parashikimi i Bill Gates, pas COVID-19 miliarderi lajm\u00ebron dy rreziqe t\u00eb tjera p\u00ebr njer\u00ebzimin","author":"Kurt Farka","date":"February 8, 2021","format":false,"excerpt":"7 SHKURT 2021 Shefi i Microsoft Bill Gates ka dh\u00ebn\u00eb nj\u00eb intervist\u00eb n\u00eb t\u00eb cil\u00ebn ai ka paralajm\u00ebruar kund\u00ebr dy rreziqeve t\u00eb mundshme n\u00eb t\u00eb ardhmen q\u00eb mund t\u00eb jen\u00eb edhe m\u00eb t\u00eb k\u00ebqija se pandemia e koronavirusit.N\u00eb vitin 2015 ai paralajm\u00ebroi se bota ishte e pap\u00ebrgatitur p\u00ebr epidemin\u00eb e\u2026","rel":"","context":"In &quot;Blogu i Udh\u00ebtarit&quot;","block_context":{"text":"Blogu i Udh\u00ebtarit","link":"https:\/\/www.shqiperia.com\/blog\/category\/blogu-i-udhetarit\/"},"img":{"alt_text":"","src":"https:\/\/i0.wp.com\/www.shqiperia.com\/blog\/wp-content\/uploads\/2021\/02\/Bill-Gates.jpeg?fit=640%2C393&ssl=1&resize=350%2C200","width":350,"height":200,"srcset":"https:\/\/i0.wp.com\/www.shqiperia.com\/blog\/wp-content\/uploads\/2021\/02\/Bill-Gates.jpeg?fit=640%2C393&ssl=1&resize=350%2C200 1x, https:\/\/i0.wp.com\/www.shqiperia.com\/blog\/wp-content\/uploads\/2021\/02\/Bill-Gates.jpeg?fit=640%2C393&ssl=1&resize=525%2C300 1.5x"},"classes":[]},{"id":47912,"url":"https:\/\/www.shqiperia.com\/blog\/dalin-pamjet-ne-laboratorin-e-wuhanit-kishte-lakuriqe-nate-te-gjalle\/","url_meta":{"origin":36349,"position":1},"title":"Dalin pamjet, n\u00eb laboratorin e Wuhanit kishte lakuriq\u00eb nate t\u00eb gjall\u00eb","author":"Kurt Farka","date":"June 15, 2021","format":false,"excerpt":"Dalin pamjet, n\u00eb laboratorin e Wuhanit kishte lakuriq\u00eb nate t\u00eb gjall\u00eb 15 QERSHOR 2021 Disa pamje trondit\u00ebse jan\u00eb publikuar nga mediat nd\u00ebrkomb\u00ebtare ku konfirmohet se Instituti i Virologjis\u00eb Wuhan n\u00eb Kin\u00eb kishte lakuriq\u00eb nate t\u00eb gjall\u00eb q\u00eb i mbante n\u00eb kafaz\u00eb. Pamjet e publikuara s\u00eb fundmi kan\u00eb rikthyer s\u00ebrish dyshimet\u2026","rel":"","context":"In &quot;Blogu i Udh\u00ebtarit&quot;","block_context":{"text":"Blogu i Udh\u00ebtarit","link":"https:\/\/www.shqiperia.com\/blog\/category\/blogu-i-udhetarit\/"},"img":{"alt_text":"","src":"https:\/\/i0.wp.com\/www.shqiperia.com\/blog\/wp-content\/uploads\/2021\/06\/lakuriqi-780x439-1.jpg?fit=780%2C439&ssl=1&resize=350%2C200","width":350,"height":200,"srcset":"https:\/\/i0.wp.com\/www.shqiperia.com\/blog\/wp-content\/uploads\/2021\/06\/lakuriqi-780x439-1.jpg?fit=780%2C439&ssl=1&resize=350%2C200 1x, https:\/\/i0.wp.com\/www.shqiperia.com\/blog\/wp-content\/uploads\/2021\/06\/lakuriqi-780x439-1.jpg?fit=780%2C439&ssl=1&resize=525%2C300 1.5x, https:\/\/i0.wp.com\/www.shqiperia.com\/blog\/wp-content\/uploads\/2021\/06\/lakuriqi-780x439-1.jpg?fit=780%2C439&ssl=1&resize=700%2C400 2x"},"classes":[]},{"id":34544,"url":"https:\/\/www.shqiperia.com\/blog\/eksperti-i-njohur-kinez-e-pranon-hapur-dhe-tregon-faktet-e-forta-kemi-prova-koronavirusi-doli-nga-laboratori-i-wuhanit-ja-si-u-perhap-infektimi\/","url_meta":{"origin":36349,"position":2},"title":"Eksperti i njohur kinez e pranon hapur dhe tregon faktet e forta: Kemi prova, koronavirusi doli nga laboratori i Wuhanit. Ja si u p\u00ebrhap infektimi","author":"Kurt Farka","date":"May 11, 2020","format":false,"excerpt":"Eksperti i njohur kinez e pranon hapur dhe tregon faktet e forta: Kemi prova, koronavirusi doli nga laboratori i Wuhanit. Ja si u p\u00ebrhap infektimi 11 MAJ 2020 Kina vazhdon t\u00eb akuzohet n\u00eb m\u00ebnyr\u00eb t\u00eb vazhdueshme nga shum\u00eb shtete t\u00eb bot\u00ebs si fajtorja e vetme p\u00ebr t\u00eb gjith\u00eb k\u00ebt\u00eb pandemi\u2026","rel":"","context":"In &quot;Blogu i Udh\u00ebtarit&quot;","block_context":{"text":"Blogu i Udh\u00ebtarit","link":"https:\/\/www.shqiperia.com\/blog\/category\/blogu-i-udhetarit\/"},"img":{"alt_text":"","src":"https:\/\/i0.wp.com\/www.shqiperia.com\/blog\/wp-content\/uploads\/2020\/05\/800-0-5eb944a3ab00e.jpg?fit=800%2C450&ssl=1&resize=350%2C200","width":350,"height":200,"srcset":"https:\/\/i0.wp.com\/www.shqiperia.com\/blog\/wp-content\/uploads\/2020\/05\/800-0-5eb944a3ab00e.jpg?fit=800%2C450&ssl=1&resize=350%2C200 1x, https:\/\/i0.wp.com\/www.shqiperia.com\/blog\/wp-content\/uploads\/2020\/05\/800-0-5eb944a3ab00e.jpg?fit=800%2C450&ssl=1&resize=525%2C300 1.5x, https:\/\/i0.wp.com\/www.shqiperia.com\/blog\/wp-content\/uploads\/2020\/05\/800-0-5eb944a3ab00e.jpg?fit=800%2C450&ssl=1&resize=700%2C400 2x"},"classes":[]},{"id":44409,"url":"https:\/\/www.shqiperia.com\/blog\/bill-gates-duhet-te-shohim-ate-qe-kemi-mesuar-nga-kjo-pandemi-sepse-do-te-kete-nje-tjeter-kemi-nevoje-per-3-mije-eksperte-per\/","url_meta":{"origin":36349,"position":3},"title":"Bill Gates: &#8211; Duhet t\u00eb shohim at\u00eb q\u00eb kemi m\u00ebsuar nga kjo pandemi, sepse do t\u00eb ket\u00eb nj\u00eb tjet\u00ebr, kemi nevoj\u00eb p\u00ebr 3 mij\u00eb ekspert\u00eb p\u00ebr\u2026","author":"Kurt Farka","date":"February 18, 2021","format":false,"excerpt":"Bill Gates: - Duhet t\u00eb shohim at\u00eb q\u00eb kemi m\u00ebsuar nga kjo pandemi, sepse do t\u00eb ket\u00eb nj\u00eb tjet\u00ebr, kemi nevoj\u00eb p\u00ebr 3 mij\u00eb ekspert\u00eb p\u00ebr\u2026 - 16.02.21 N\u00eb vitin 2015, bashk\u00ebthemeluesi i Microsoft Bill Gates mbajti nj\u00eb fjalim n\u00eb TED Talks gjat\u00eb t\u00eb cilit paralajm\u00ebroi njer\u00ebzit se nj\u00eb virus\u2026","rel":"","context":"In &quot;Blogu i Udh\u00ebtarit&quot;","block_context":{"text":"Blogu i Udh\u00ebtarit","link":"https:\/\/www.shqiperia.com\/blog\/category\/blogu-i-udhetarit\/"},"img":{"alt_text":"","src":"https:\/\/i0.wp.com\/www.shqiperia.com\/blog\/wp-content\/uploads\/2021\/02\/Bill-Gates-770x433-1.jpg?fit=770%2C433&ssl=1&resize=350%2C200","width":350,"height":200,"srcset":"https:\/\/i0.wp.com\/www.shqiperia.com\/blog\/wp-content\/uploads\/2021\/02\/Bill-Gates-770x433-1.jpg?fit=770%2C433&ssl=1&resize=350%2C200 1x, https:\/\/i0.wp.com\/www.shqiperia.com\/blog\/wp-content\/uploads\/2021\/02\/Bill-Gates-770x433-1.jpg?fit=770%2C433&ssl=1&resize=525%2C300 1.5x, https:\/\/i0.wp.com\/www.shqiperia.com\/blog\/wp-content\/uploads\/2021\/02\/Bill-Gates-770x433-1.jpg?fit=770%2C433&ssl=1&resize=700%2C400 2x"},"classes":[]},{"id":30763,"url":"https:\/\/www.shqiperia.com\/blog\/hetimi-koronavirusi-nje-histori-spiunazhi-dhe-armesh-biologjike\/","url_meta":{"origin":36349,"position":4},"title":"Hetimi: &#8211; Koronavirusi, nj\u00eb histori spiunazhi dhe arm\u00ebsh biologjike?","author":"Kurt Farka","date":"January 28, 2020","format":false,"excerpt":"Hetimi: - Koronavirusi, nj\u00eb histori spiunazhi dhe arm\u00ebsh biologjike? 28 janar \u00a02020 N\u00eb mars t\u00eb vitit 2019, nj\u00eb d\u00ebrges\u00eb misterioze e Laboratorit Biologjik t\u00eb Kanadas\u00eb p\u00ebrfundoi n\u00eb Kin\u00eb. Shum\u00eb ekspert\u00eb dhe agjenci inteligjence pyet\u00ebn pse Kanadaja po d\u00ebrgonte viruse vdekjeprur\u00ebse n\u00eb Kin\u00eb, por ngjarja u la n\u00eb harres\u00eb m\u00eb kalimin\u2026","rel":"","context":"In &quot;Blogu i Udh\u00ebtarit&quot;","block_context":{"text":"Blogu i Udh\u00ebtarit","link":"https:\/\/www.shqiperia.com\/blog\/category\/blogu-i-udhetarit\/"},"img":{"alt_text":"","src":"https:\/\/i0.wp.com\/www.shqiperia.com\/blog\/wp-content\/uploads\/2020\/01\/200125175435-03-coronavirus-0125-super-tease-850x450-1-905x450-1.jpg?fit=905%2C450&ssl=1&resize=350%2C200","width":350,"height":200,"srcset":"https:\/\/i0.wp.com\/www.shqiperia.com\/blog\/wp-content\/uploads\/2020\/01\/200125175435-03-coronavirus-0125-super-tease-850x450-1-905x450-1.jpg?fit=905%2C450&ssl=1&resize=350%2C200 1x, https:\/\/i0.wp.com\/www.shqiperia.com\/blog\/wp-content\/uploads\/2020\/01\/200125175435-03-coronavirus-0125-super-tease-850x450-1-905x450-1.jpg?fit=905%2C450&ssl=1&resize=525%2C300 1.5x, https:\/\/i0.wp.com\/www.shqiperia.com\/blog\/wp-content\/uploads\/2020\/01\/200125175435-03-coronavirus-0125-super-tease-850x450-1-905x450-1.jpg?fit=905%2C450&ssl=1&resize=700%2C400 2x"},"classes":[]},{"id":41337,"url":"https:\/\/www.shqiperia.com\/blog\/eshte-me-ngjites-deklarata-e-forte-nga-gjermania-virusi-qe-po-perhapet-tani-nuk-eshte-i-wuhanit-por-i-italise\/","url_meta":{"origin":36349,"position":5},"title":"&#8220;\u00cbsht\u00eb m\u00eb ngjit\u00ebs&#8221;\/ Deklarata e fort\u00eb nga Gjermania: Virusi q\u00eb po p\u00ebrhapet tani nuk \u00ebsht\u00eb i Wuhanit, por i Italis\u00eb","author":"Kurt Farka","date":"November 28, 2020","format":false,"excerpt":"\"\u00cbsht\u00eb m\u00eb ngjit\u00ebs\"\/ Deklarata e fort\u00eb nga Gjermania: Virusi q\u00eb po p\u00ebrhapet tani nuk \u00ebsht\u00eb i Wuhanit, por i Italis\u00eb 28 N\u00cbNTOR 2020 \u201cVirusi q\u00eb po p\u00ebrhapet n\u00eb t\u00eb gjith\u00eb bot\u00ebn tani nuk \u00ebsht\u00eb ai i Wuhanit, por i Italis\u00eb Veriore\u00a0\u201d. Kjo \u00ebsht\u00eb deklarata e fort\u00eb e virologut t\u00eb mir\u00ebnjohur\u2026","rel":"","context":"In &quot;Blogu i Udh\u00ebtarit&quot;","block_context":{"text":"Blogu i Udh\u00ebtarit","link":"https:\/\/www.shqiperia.com\/blog\/category\/blogu-i-udhetarit\/"},"img":{"alt_text":"","src":"https:\/\/i0.wp.com\/www.shqiperia.com\/blog\/wp-content\/uploads\/2020\/11\/korona-kovid-19-virus-4-1.jpg?fit=862%2C455&ssl=1&resize=350%2C200","width":350,"height":200,"srcset":"https:\/\/i0.wp.com\/www.shqiperia.com\/blog\/wp-content\/uploads\/2020\/11\/korona-kovid-19-virus-4-1.jpg?fit=862%2C455&ssl=1&resize=350%2C200 1x, https:\/\/i0.wp.com\/www.shqiperia.com\/blog\/wp-content\/uploads\/2020\/11\/korona-kovid-19-virus-4-1.jpg?fit=862%2C455&ssl=1&resize=525%2C300 1.5x, https:\/\/i0.wp.com\/www.shqiperia.com\/blog\/wp-content\/uploads\/2020\/11\/korona-kovid-19-virus-4-1.jpg?fit=862%2C455&ssl=1&resize=700%2C400 2x"},"classes":[]}],"_links":{"self":[{"href":"https:\/\/www.shqiperia.com\/blog\/wp-json\/wp\/v2\/posts\/36349","targetHints":{"allow":["GET"]}}],"collection":[{"href":"https:\/\/www.shqiperia.com\/blog\/wp-json\/wp\/v2\/posts"}],"about":[{"href":"https:\/\/www.shqiperia.com\/blog\/wp-json\/wp\/v2\/types\/post"}],"author":[{"embeddable":true,"href":"https:\/\/www.shqiperia.com\/blog\/wp-json\/wp\/v2\/users\/9"}],"replies":[{"embeddable":true,"href":"https:\/\/www.shqiperia.com\/blog\/wp-json\/wp\/v2\/comments?post=36349"}],"version-history":[{"count":1,"href":"https:\/\/www.shqiperia.com\/blog\/wp-json\/wp\/v2\/posts\/36349\/revisions"}],"predecessor-version":[{"id":36352,"href":"https:\/\/www.shqiperia.com\/blog\/wp-json\/wp\/v2\/posts\/36349\/revisions\/36352"}],"wp:featuredmedia":[{"embeddable":true,"href":"https:\/\/www.shqiperia.com\/blog\/wp-json\/wp\/v2\/media\/36350"}],"wp:attachment":[{"href":"https:\/\/www.shqiperia.com\/blog\/wp-json\/wp\/v2\/media?parent=36349"}],"wp:term":[{"taxonomy":"category","embeddable":true,"href":"https:\/\/www.shqiperia.com\/blog\/wp-json\/wp\/v2\/categories?post=36349"},{"taxonomy":"post_tag","embeddable":true,"href":"https:\/\/www.shqiperia.com\/blog\/wp-json\/wp\/v2\/tags?post=36349"}],"curies":[{"name":"wp","href":"https:\/\/api.w.org\/{rel}","templated":true}]}}