{"id":36346,"date":"2020-07-15T18:01:51","date_gmt":"2020-07-15T18:01:51","guid":{"rendered":"https:\/\/www.shqiperia.com\/blog\/?p=36346"},"modified":"2020-07-15T18:01:51","modified_gmt":"2020-07-15T18:01:51","slug":"kush-e-ka-emertuar-lekun","status":"publish","type":"post","link":"https:\/\/www.shqiperia.com\/blog\/kush-e-ka-emertuar-lekun\/","title":{"rendered":"Kush e ka em\u00ebrtuar Lekun?"},"content":{"rendered":"<p><img data-recalc-dims=\"1\" loading=\"lazy\" decoding=\"async\" data-attachment-id=\"36347\" data-permalink=\"https:\/\/www.shqiperia.com\/blog\/kush-e-ka-emertuar-lekun\/auto_15leku1594807073\/\" data-orig-file=\"https:\/\/i0.wp.com\/www.shqiperia.com\/blog\/wp-content\/uploads\/2020\/07\/auto_15leku1594807073.png?fit=900%2C395&amp;ssl=1\" data-orig-size=\"900,395\" data-comments-opened=\"1\" data-image-meta=\"{&quot;aperture&quot;:&quot;0&quot;,&quot;credit&quot;:&quot;&quot;,&quot;camera&quot;:&quot;&quot;,&quot;caption&quot;:&quot;&quot;,&quot;created_timestamp&quot;:&quot;0&quot;,&quot;copyright&quot;:&quot;&quot;,&quot;focal_length&quot;:&quot;0&quot;,&quot;iso&quot;:&quot;0&quot;,&quot;shutter_speed&quot;:&quot;0&quot;,&quot;title&quot;:&quot;&quot;,&quot;orientation&quot;:&quot;0&quot;}\" data-image-title=\"auto_15leku1594807073\" data-image-description=\"\" data-image-caption=\"\" data-medium-file=\"https:\/\/i0.wp.com\/www.shqiperia.com\/blog\/wp-content\/uploads\/2020\/07\/auto_15leku1594807073.png?fit=300%2C132&amp;ssl=1\" data-large-file=\"https:\/\/i0.wp.com\/www.shqiperia.com\/blog\/wp-content\/uploads\/2020\/07\/auto_15leku1594807073.png?fit=900%2C395&amp;ssl=1\" class=\"alignnone  wp-image-36347\" alt=\"\" src=\"https:\/\/i0.wp.com\/www.shqiperia.com\/blog\/wp-content\/uploads\/2020\/07\/auto_15leku1594807073.png?resize=645%2C284&#038;ssl=1\" width=\"645\" height=\"284\" srcset=\"https:\/\/i0.wp.com\/www.shqiperia.com\/blog\/wp-content\/uploads\/2020\/07\/auto_15leku1594807073.png?resize=300%2C132&amp;ssl=1 300w, https:\/\/i0.wp.com\/www.shqiperia.com\/blog\/wp-content\/uploads\/2020\/07\/auto_15leku1594807073.png?resize=768%2C337&amp;ssl=1 768w, https:\/\/i0.wp.com\/www.shqiperia.com\/blog\/wp-content\/uploads\/2020\/07\/auto_15leku1594807073.png?resize=450%2C198&amp;ssl=1 450w, https:\/\/i0.wp.com\/www.shqiperia.com\/blog\/wp-content\/uploads\/2020\/07\/auto_15leku1594807073.png?resize=600%2C263&amp;ssl=1 600w, https:\/\/i0.wp.com\/www.shqiperia.com\/blog\/wp-content\/uploads\/2020\/07\/auto_15leku1594807073.png?resize=400%2C176&amp;ssl=1 400w, https:\/\/i0.wp.com\/www.shqiperia.com\/blog\/wp-content\/uploads\/2020\/07\/auto_15leku1594807073.png?w=900&amp;ssl=1 900w\" sizes=\"auto, (max-width: 645px) 100vw, 645px\" \/><\/p>\n<p><strong>Kush e ka em\u00ebrtuar Lekun?<\/strong><\/p>\n<p>Sipas biograf\u00ebve t\u00eb Mufit Libohov\u00ebs, ka qen\u00eb pik\u00ebrisht ai q\u00eb ka propozuar emrin Lek gjat\u00eb koh\u00ebs q\u00eb ushtronte detyr\u00ebn e Ministrit t\u00eb Financave.<\/p>\n<p>Mufit Libohova ose Mufit Bej Libohova, lindi n\u00eb vitin 1876 dhe vdiq n\u00eb vitin 1927.<\/p>\n<p>Rrjedh nga oxhaku i vjet\u00ebr i familes Libohova q\u00eb p\u00ebr shum\u00eb koh\u00eb gjat\u00eb Perandoris\u00eb Otomane kan\u00eb sunduar Janin\u00ebn.<\/p>\n<p>Ka qen\u00eb kryeminist\u00ebr i Shqip\u00ebris\u00eb gjat\u00eb nj\u00eb periudhe t\u00eb shkurt\u00ebr gjat\u00eb viteve 1913 \u2013 1914.<\/p>\n<p>Ishte pjes\u00eb e shtetit shqiptar nga 1912 e gjer n\u00eb vdekje si Minist\u00ebr i Drejt\u00ebsis\u00eb, Minist\u00ebr i Pun\u00ebve t\u00eb Brend\u00ebshme, Minist\u00ebr i Financave dhe Minist\u00ebr i Pun\u00ebve t\u00eb Jashme. Gjithashtu ishte themelues i Bank\u00ebs s\u00eb Shqip\u00ebris\u00eb.<\/p>\n<p>Ka l\u00ebn\u00eb nj\u00eb num\u00ebr veprash me p\u00ebrmbajtje historike e juridike.<\/p>\n<p><strong>n.s. \/ dita<\/strong><\/p>\n","protected":false},"excerpt":{"rendered":"<p>Kush e ka em\u00ebrtuar Lekun? Sipas biograf\u00ebve t\u00eb Mufit Libohov\u00ebs, ka qen\u00eb pik\u00ebrisht ai q\u00eb ka propozuar emrin Lek gjat\u00eb koh\u00ebs q\u00eb ushtronte detyr\u00ebn e Ministrit t\u00eb Financave. Mufit Libohova ose Mufit Bej Libohova, lindi n\u00eb vitin 1876 dhe vdiq n\u00eb vitin 1927. Rrjedh nga oxhaku i vjet\u00ebr i familes Libohova q\u00eb p\u00ebr shum\u00eb koh\u00eb [&hellip;]<\/p>\n","protected":false},"author":9,"featured_media":36347,"comment_status":"open","ping_status":"open","sticky":false,"template":"","format":"standard","meta":{"jetpack_post_was_ever_published":false,"_jetpack_newsletter_access":"","_jetpack_dont_email_post_to_subs":false,"_jetpack_newsletter_tier_id":0,"_jetpack_memberships_contains_paywalled_content":false,"_jetpack_memberships_contains_paid_content":false,"footnotes":"","jetpack_publicize_message":"","jetpack_publicize_feature_enabled":true,"jetpack_social_post_already_shared":true,"jetpack_social_options":{"image_generator_settings":{"template":"highway","default_image_id":0,"font":"","enabled":false},"version":2}},"categories":[27,14],"tags":[],"class_list":["post-36346","post","type-post","status-publish","format-standard","has-post-thumbnail","hentry","category-blogu-i-udhetarit","category-press-releases"],"jetpack_publicize_connections":[],"jetpack_featured_media_url":"https:\/\/i0.wp.com\/www.shqiperia.com\/blog\/wp-content\/uploads\/2020\/07\/auto_15leku1594807073.png?fit=900%2C395&ssl=1","jetpack_sharing_enabled":true,"jetpack_shortlink":"https:\/\/wp.me\/p5Z6wp-9se","jetpack-related-posts":[{"id":7782,"url":"https:\/\/www.shqiperia.com\/blog\/ne-libohove-e-kishin-marre-kalane-nga-brenda\/","url_meta":{"origin":36346,"position":0},"title":"N\u00eb Libohov\u00eb e kishin marr\u00eb kalan\u00eb nga\u2026 brenda.-","author":"Kurt Farka","date":"May 22, 2018","format":false,"excerpt":"N\u00eb Libohov\u00eb e kishin marr\u00eb kalan\u00eb nga\u2026 brenda.- Nga: Entela Resuli P\u00ebr t\u00eb shkuar n\u00eb Libohov\u00eb t\u00eb Gjirokastr\u00ebs, sa l\u00eb pas rrug\u00ebn nacionale t\u00eb shoq\u00ebron gjelb\u00ebrimi.\u00a0 Ndjen freskin\u00eb dhe arom\u00ebn e barit. Dal\u00ebngadal\u00eb t\u00eb shfaqen sht\u00ebpit\u00eb me avlli t\u00eb mbushura me tr\u00ebndafila, bah\u00e7e t\u00eb punuara dhe njer\u00ebz q\u00eb kujdesen p\u00ebr\u2026","rel":"","context":"In &quot;Blogu i Udh\u00ebtarit&quot;","block_context":{"text":"Blogu i Udh\u00ebtarit","link":"https:\/\/www.shqiperia.com\/blog\/category\/blogu-i-udhetarit\/"},"img":{"alt_text":"","src":"https:\/\/i0.wp.com\/www.shqiperia.com\/blog\/wp-content\/uploads\/2018\/05\/32532360_10211512874793700_2191166940028862464_n-905x395.jpg?fit=817%2C395&ssl=1&resize=350%2C200","width":350,"height":200,"srcset":"https:\/\/i0.wp.com\/www.shqiperia.com\/blog\/wp-content\/uploads\/2018\/05\/32532360_10211512874793700_2191166940028862464_n-905x395.jpg?fit=817%2C395&ssl=1&resize=350%2C200 1x, https:\/\/i0.wp.com\/www.shqiperia.com\/blog\/wp-content\/uploads\/2018\/05\/32532360_10211512874793700_2191166940028862464_n-905x395.jpg?fit=817%2C395&ssl=1&resize=525%2C300 1.5x, https:\/\/i0.wp.com\/www.shqiperia.com\/blog\/wp-content\/uploads\/2018\/05\/32532360_10211512874793700_2191166940028862464_n-905x395.jpg?fit=817%2C395&ssl=1&resize=700%2C400 2x"},"classes":[]},{"id":3575,"url":"https:\/\/www.shqiperia.com\/blog\/3575-2\/","url_meta":{"origin":36346,"position":1},"title":"Reuf Fico, ka qene k\u00ebshilltar\u2026","author":"Kurt Farka","date":"February 20, 2018","format":false,"excerpt":"Reuf Fico, ka qene k\u00ebshilltar n\u00eb Ministrin\u00eb e Pun\u00ebve t\u00eb Br\u00ebndshme t\u00eb Qeveris\u00eb s\u00eb Ismail Qemalit, ish minist\u00ebr i Pun\u00ebve t\u00eb Br\u00ebndshme n\u00eb vitin 1921, ish Minist\u00ebr i Pun\u00ebve t\u00eb Jashtme t\u00eb Shqip\u00ebris\u00eb n\u00eb vitet 1929-1931, ish ambasador i Shqip\u00ebris\u00eb n\u00eb Jugosllavi n\u00eb vitet1933\u201336,\u00a0ish ambasador n\u00eb Greqi n\u00eb vitin 1937\u2026","rel":"","context":"In &quot;Blogu i Udh\u00ebtarit&quot;","block_context":{"text":"Blogu i Udh\u00ebtarit","link":"https:\/\/www.shqiperia.com\/blog\/category\/blogu-i-udhetarit\/"},"img":{"alt_text":"","src":"https:\/\/i0.wp.com\/www.shqiperia.com\/blog\/wp-content\/uploads\/2018\/02\/Rauf-Fico.jpg?fit=480%2C639&ssl=1&resize=350%2C200","width":350,"height":200},"classes":[]},{"id":15375,"url":"https:\/\/www.shqiperia.com\/blog\/zbardhen-te-dhenat-ja-kush-jane-ministrat-e-rinj-karriera-dhe-rolet-e-tyre-ne-ps-e-qeveri\/","url_meta":{"origin":36346,"position":2},"title":"Zbardhen t\u00eb dh\u00ebnat, ja kush jan\u00eb ministrat e rinj, karriera dhe rolet e tyre n\u00eb PS e qeveri. &#8211;","author":"Kurt Farka","date":"December 29, 2018","format":false,"excerpt":"Zbardhen t\u00eb dh\u00ebnat, ja kush jan\u00eb ministrat e rinj, karriera dhe rolet e tyre n\u00eb PS e qeveri. - 29\/12\/2018. Kabineti qeveritar i mazhoranc\u00ebs p\u00ebsoi dje nj\u00eb riformatim t\u00eb thell\u00eb. Vendimet e kryeministrit Edi Rama i habit\u00ebn t\u00eb gjith\u00eb sepse gjysma e ministrave t\u00eb rinj jan\u00eb emra jo fort t\u00eb\u2026","rel":"","context":"In &quot;Blogu i Udh\u00ebtarit&quot;","block_context":{"text":"Blogu i Udh\u00ebtarit","link":"https:\/\/www.shqiperia.com\/blog\/category\/blogu-i-udhetarit\/"},"img":{"alt_text":"","src":"https:\/\/i0.wp.com\/www.shqiperia.com\/blog\/wp-content\/uploads\/2018\/12\/foto_faqe_2_29.12.2018-300x250.png?resize=350%2C200","width":350,"height":200},"classes":[]},{"id":77865,"url":"https:\/\/www.shqiperia.com\/blog\/spak-nuk-heton-60-milione-dollare-te-inceneratori-i-tiranes-por-merret-me-pllakat-e-banjos\/","url_meta":{"origin":36346,"position":3},"title":"SPAK nuk heton 60 milion\u00eb dollar\u00eb te inceneratori i Tiran\u00ebs, por merret me pllakat e banjos&#8230;","author":"Kurt Farka","date":"February 2, 2024","format":false,"excerpt":"Gjat\u00eb intervist\u00ebs n\u00eb \u2018\u00c7im Peka LIVE\u2019, ish-zv\/kryeministri Arben\u00a0 Ahmetaj ka treguar se si jan\u00eb b\u00ebr\u00eb letrat e incenerator\u00ebve. Ahmetaj ka pyetur SPAK se ku jan\u00eb 60 milion\u00eb eurot e inceneratorit t\u00eb Tiran\u00ebs, se ku kan\u00eb shkuar, pasi jan\u00eb pa adres\u00eb. \u00c7im Peka: Kush i merr parat\u00eb e incenerator\u00ebve? Arben Ahmetaj:\u00a0Nuk\u2026","rel":"","context":"In &quot;Blogu i Udh\u00ebtarit&quot;","block_context":{"text":"Blogu i Udh\u00ebtarit","link":"https:\/\/www.shqiperia.com\/blog\/category\/blogu-i-udhetarit\/"},"img":{"alt_text":"","src":"https:\/\/i0.wp.com\/www.shqiperia.com\/blog\/wp-content\/uploads\/2024\/02\/800-0-64b2c0c8af410.jpg?fit=800%2C442&ssl=1&resize=350%2C200","width":350,"height":200,"srcset":"https:\/\/i0.wp.com\/www.shqiperia.com\/blog\/wp-content\/uploads\/2024\/02\/800-0-64b2c0c8af410.jpg?fit=800%2C442&ssl=1&resize=350%2C200 1x, https:\/\/i0.wp.com\/www.shqiperia.com\/blog\/wp-content\/uploads\/2024\/02\/800-0-64b2c0c8af410.jpg?fit=800%2C442&ssl=1&resize=525%2C300 1.5x, https:\/\/i0.wp.com\/www.shqiperia.com\/blog\/wp-content\/uploads\/2024\/02\/800-0-64b2c0c8af410.jpg?fit=800%2C442&ssl=1&resize=700%2C400 2x"},"classes":[]},{"id":34230,"url":"https:\/\/www.shqiperia.com\/blog\/personaliteti-gaqi-adhamidhi-i-njohur-padrejtesisht-si-doktor-adhamudhi\/","url_meta":{"origin":36346,"position":4},"title":"Personaliteti Gaqi Adhamidhi, i njohur padrejt\u00ebsisht si \u201cdoktor Adhamudhi\u201d","author":"shqiperia","date":"May 4, 2020","format":false,"excerpt":"Nga Kastriot Dervishi I njohur edhe me emrin Adhamidh Frash\u00ebri ose ironikisht dhe padrejt\u00ebsisht \u201cdoktor Adhamudhi\u201d, u lind m\u00eb 1856 n\u00eb Frash\u00ebr t\u00eb P\u00ebrmetit. Studioi p\u00ebr mjek\u00ebsi n\u00eb Lusan\u00eb t\u00eb Zvicr\u00ebs. Gjat\u00eb k\u00ebsaj kohe njohu edhe Andon \u00c7akon (\u00c7ajupin), i cili m\u00eb von\u00eb e denigroi me vep\u00ebr letrare p\u00ebr motive\u2026","rel":"","context":"In &quot;Histori&quot;","block_context":{"text":"Histori","link":"https:\/\/www.shqiperia.com\/blog\/category\/histori\/"},"img":{"alt_text":"","src":"https:\/\/i0.wp.com\/www.shqiperia.com\/blog\/wp-content\/uploads\/2020\/05\/Gaqi_Adhamidhi.jpg?fit=797%2C1200&ssl=1&resize=350%2C200","width":350,"height":200,"srcset":"https:\/\/i0.wp.com\/www.shqiperia.com\/blog\/wp-content\/uploads\/2020\/05\/Gaqi_Adhamidhi.jpg?fit=797%2C1200&ssl=1&resize=350%2C200 1x, https:\/\/i0.wp.com\/www.shqiperia.com\/blog\/wp-content\/uploads\/2020\/05\/Gaqi_Adhamidhi.jpg?fit=797%2C1200&ssl=1&resize=525%2C300 1.5x, https:\/\/i0.wp.com\/www.shqiperia.com\/blog\/wp-content\/uploads\/2020\/05\/Gaqi_Adhamidhi.jpg?fit=797%2C1200&ssl=1&resize=700%2C400 2x"},"classes":[]},{"id":3609,"url":"https:\/\/www.shqiperia.com\/blog\/reuf-fico-vijne-dokumentet-origjinale-unikale-te-keshilltarit-te-ismail-qemalit-e-ish-ministrit\/","url_meta":{"origin":36346,"position":5},"title":"Reuf Fico, vijn\u00eb dokumentet origjinale unikale t\u00eb k\u00ebshilltarit t\u00eb Ismail Qemalit e ish-ministrit","author":"Kurt Farka","date":"February 20, 2018","format":false,"excerpt":"Reuf Fico, ka qene k\u00ebshilltar n\u00eb Ministrin\u00eb e Pun\u00ebve t\u00eb Br\u00ebndshme t\u00eb Qeveris\u00eb s\u00eb Ismail Qemalit, ish minist\u00ebr i Pun\u00ebve t\u00eb Br\u00ebndshme n\u00eb vitin 1921, ish Minist\u00ebr i Pun\u00ebve t\u00eb Jashtme t\u00eb Shqip\u00ebris\u00eb n\u00eb vitet 1929-1931, ish ambasador i Shqip\u00ebris\u00eb n\u00eb Jugosllavi n\u00eb vitet1933\u201336,\u00a0ish ambasador n\u00eb Greqi n\u00eb vitin 1937\u2026","rel":"","context":"In &quot;Histori&quot;","block_context":{"text":"Histori","link":"https:\/\/www.shqiperia.com\/blog\/category\/histori\/"},"img":{"alt_text":"","src":"https:\/\/i0.wp.com\/www.shqiperia.com\/blog\/wp-content\/uploads\/2018\/02\/Rauf-Fico-1.jpg?fit=427%2C418&ssl=1&resize=350%2C200","width":350,"height":200},"classes":[]}],"_links":{"self":[{"href":"https:\/\/www.shqiperia.com\/blog\/wp-json\/wp\/v2\/posts\/36346","targetHints":{"allow":["GET"]}}],"collection":[{"href":"https:\/\/www.shqiperia.com\/blog\/wp-json\/wp\/v2\/posts"}],"about":[{"href":"https:\/\/www.shqiperia.com\/blog\/wp-json\/wp\/v2\/types\/post"}],"author":[{"embeddable":true,"href":"https:\/\/www.shqiperia.com\/blog\/wp-json\/wp\/v2\/users\/9"}],"replies":[{"embeddable":true,"href":"https:\/\/www.shqiperia.com\/blog\/wp-json\/wp\/v2\/comments?post=36346"}],"version-history":[{"count":1,"href":"https:\/\/www.shqiperia.com\/blog\/wp-json\/wp\/v2\/posts\/36346\/revisions"}],"predecessor-version":[{"id":36348,"href":"https:\/\/www.shqiperia.com\/blog\/wp-json\/wp\/v2\/posts\/36346\/revisions\/36348"}],"wp:featuredmedia":[{"embeddable":true,"href":"https:\/\/www.shqiperia.com\/blog\/wp-json\/wp\/v2\/media\/36347"}],"wp:attachment":[{"href":"https:\/\/www.shqiperia.com\/blog\/wp-json\/wp\/v2\/media?parent=36346"}],"wp:term":[{"taxonomy":"category","embeddable":true,"href":"https:\/\/www.shqiperia.com\/blog\/wp-json\/wp\/v2\/categories?post=36346"},{"taxonomy":"post_tag","embeddable":true,"href":"https:\/\/www.shqiperia.com\/blog\/wp-json\/wp\/v2\/tags?post=36346"}],"curies":[{"name":"wp","href":"https:\/\/api.w.org\/{rel}","templated":true}]}}