{"id":36343,"date":"2020-07-15T11:43:07","date_gmt":"2020-07-15T11:43:07","guid":{"rendered":"https:\/\/www.shqiperia.com\/blog\/?p=36343"},"modified":"2020-07-15T11:43:07","modified_gmt":"2020-07-15T11:43:07","slug":"shkencetaret-japin-alarmin-studimi-me-i-fundit-ne-kete-vit-popullsia-e-botes-do-te-bjere-qytetaret-e-moshuar-ne-keto-vende-do-te-fillojne-te-vdesin-me-nje-ritem-me-te-shpejte","status":"publish","type":"post","link":"https:\/\/www.shqiperia.com\/blog\/shkencetaret-japin-alarmin-studimi-me-i-fundit-ne-kete-vit-popullsia-e-botes-do-te-bjere-qytetaret-e-moshuar-ne-keto-vende-do-te-fillojne-te-vdesin-me-nje-ritem-me-te-shpejte\/","title":{"rendered":"Shkenc\u00ebtar\u00ebt japin alarmin\/ Studimi m\u00eb i fundit: N\u00eb k\u00ebt\u00eb vit popullsia e bot\u00ebs do t\u00eb bjer\u00eb, qytetar\u00ebt e moshuar n\u00eb k\u00ebto vende do t\u00eb fillojn\u00eb t\u00eb vdesin me nj\u00eb rit\u00ebm m\u00eb t\u00eb shpejt\u00eb"},"content":{"rendered":"<p><img data-recalc-dims=\"1\" loading=\"lazy\" decoding=\"async\" data-attachment-id=\"36344\" data-permalink=\"https:\/\/www.shqiperia.com\/blog\/shkencetaret-japin-alarmin-studimi-me-i-fundit-ne-kete-vit-popullsia-e-botes-do-te-bjere-qytetaret-e-moshuar-ne-keto-vende-do-te-fillojne-te-vdesin-me-nje-ritem-me-te-shpejte\/800-0-5f0ee7bb3d150\/\" data-orig-file=\"https:\/\/i0.wp.com\/www.shqiperia.com\/blog\/wp-content\/uploads\/2020\/07\/800-0-5f0ee7bb3d150.jpg?fit=800%2C450&amp;ssl=1\" data-orig-size=\"800,450\" data-comments-opened=\"1\" data-image-meta=\"{&quot;aperture&quot;:&quot;0&quot;,&quot;credit&quot;:&quot;&quot;,&quot;camera&quot;:&quot;&quot;,&quot;caption&quot;:&quot;&quot;,&quot;created_timestamp&quot;:&quot;0&quot;,&quot;copyright&quot;:&quot;&quot;,&quot;focal_length&quot;:&quot;0&quot;,&quot;iso&quot;:&quot;0&quot;,&quot;shutter_speed&quot;:&quot;0&quot;,&quot;title&quot;:&quot;&quot;,&quot;orientation&quot;:&quot;0&quot;}\" data-image-title=\"-800-0-5f0ee7bb3d150\" data-image-description=\"\" data-image-caption=\"\" data-medium-file=\"https:\/\/i0.wp.com\/www.shqiperia.com\/blog\/wp-content\/uploads\/2020\/07\/800-0-5f0ee7bb3d150.jpg?fit=300%2C169&amp;ssl=1\" data-large-file=\"https:\/\/i0.wp.com\/www.shqiperia.com\/blog\/wp-content\/uploads\/2020\/07\/800-0-5f0ee7bb3d150.jpg?fit=800%2C450&amp;ssl=1\" class=\"alignnone  wp-image-36344\" alt=\"\" src=\"https:\/\/i0.wp.com\/www.shqiperia.com\/blog\/wp-content\/uploads\/2020\/07\/800-0-5f0ee7bb3d150.jpg?resize=509%2C287&#038;ssl=1\" width=\"509\" height=\"287\" srcset=\"https:\/\/i0.wp.com\/www.shqiperia.com\/blog\/wp-content\/uploads\/2020\/07\/800-0-5f0ee7bb3d150.jpg?resize=300%2C169&amp;ssl=1 300w, https:\/\/i0.wp.com\/www.shqiperia.com\/blog\/wp-content\/uploads\/2020\/07\/800-0-5f0ee7bb3d150.jpg?resize=768%2C432&amp;ssl=1 768w, https:\/\/i0.wp.com\/www.shqiperia.com\/blog\/wp-content\/uploads\/2020\/07\/800-0-5f0ee7bb3d150.jpg?resize=450%2C253&amp;ssl=1 450w, https:\/\/i0.wp.com\/www.shqiperia.com\/blog\/wp-content\/uploads\/2020\/07\/800-0-5f0ee7bb3d150.jpg?resize=600%2C338&amp;ssl=1 600w, https:\/\/i0.wp.com\/www.shqiperia.com\/blog\/wp-content\/uploads\/2020\/07\/800-0-5f0ee7bb3d150.jpg?resize=400%2C225&amp;ssl=1 400w, https:\/\/i0.wp.com\/www.shqiperia.com\/blog\/wp-content\/uploads\/2020\/07\/800-0-5f0ee7bb3d150.jpg?w=800&amp;ssl=1 800w\" sizes=\"auto, (max-width: 509px) 100vw, 509px\" \/><\/p>\n<p>Shkenc\u00ebtar\u00ebt japin alarmin\/ Studimi m\u00eb i fundit: N\u00eb k\u00ebt\u00eb vit popullsia e bot\u00ebs do t\u00eb bjer\u00eb, qytetar\u00ebt e moshuar n\u00eb k\u00ebto vende do t\u00eb fillojn\u00eb t\u00eb vdesin me nj\u00eb rit\u00ebm m\u00eb t\u00eb shpejt\u00eb<\/p>\n<p>15 KORRIK 2020<\/p>\n<p>Popullsia e bot\u00ebs do t\u00eb arrij\u00eb kulmin pas 44 vjet\u00ebsh duke mb\u00ebrritur n\u00eb gati 9.7 miliard\u00eb e m\u00eb pas do t\u00eb nis\u00eb t\u00eb zvog\u00eblohet p\u00ebrs\u00ebri.<\/p>\n<p>Shkenc\u00ebtar\u00ebt hartues t\u00eb k\u00ebtij studimi pretendojn\u00eb madje se Nigeria do t\u00eb ket\u00eb m\u00eb shum\u00eb njer\u00ebz se Kina. Pas vitit 2064, numri i p\u00ebrgjithsh\u00ebm i popullat\u00ebs do t\u00eb filloj\u00eb r\u00ebnien dhe kjo do t\u00eb vij\u00eb si pasoj\u00eb e uljes s\u00eb lindshm\u00ebris\u00eb, thon\u00eb hulumtuesit, t\u00eb cil\u00ebt parashikojn\u00eb q\u00eb n\u00eb vitin 2100, popullsia t\u00eb ket\u00eb r\u00ebnie s\u00ebrish duke u stabilizuar n\u00eb nivelin e 8.8 miliard\u00eb banor\u00ebve.<\/p>\n<p>Numri i njer\u00ebzve n\u00ebp\u00ebr bot\u00eb do t\u00eb rritet n\u00eb m\u00ebnyr\u00eb t\u00eb q\u00ebndrueshme vet\u00ebm n\u00ebse grat\u00eb do t\u00eb ken\u00eb mesatarisht 2,1 f\u00ebmij\u00eb secila \u2013 por n\u00eb t\u00eb ardhmen sipas ekspert\u00ebve, kjo mund t\u00eb mos arrihet sepse arsimimi m\u00eb i mir\u00eb dhe metodat kontraceptive do t\u00eb b\u00ebjn\u00eb q\u00eb nj\u00eb num\u00ebr m\u00eb i madh femrash t\u00eb punojn\u00eb n\u00eb vend q\u00eb t\u00eb jen\u00eb sht\u00ebpiake.<\/p>\n<p>Shum\u00eb vende kan\u00eb q\u00eb tani nivele m\u00eb t\u00eb ul\u00ebta lindshm\u00ebrie nga sa nevojitet t\u00eb p\u00ebr t\u00eb ruajtur p\u00ebrmasat e popullsis\u00eb, duke p\u00ebrshir\u00eb k\u00ebtu pjes\u00ebn m\u00eb t\u00eb madhe t\u00eb Europ\u00ebs, Rusis\u00eb, Kanadas\u00eb dhe ShBA., Brazilit, Kin\u00ebs dhe Australis\u00eb. N\u00eb dekadat e ardhshme, qytetar\u00ebt e moshuar n\u00eb k\u00ebto vende do t\u00eb fillojn\u00eb t\u00eb vdesin me nj\u00eb rit\u00ebm m\u00eb t\u00eb shpejt\u00eb sesa ai z\u00ebvend\u00ebsues, dhe pas nj\u00eb piku, popullsit\u00eb do t\u00eb zvog\u00eblohen.<\/p>\n<p>Gazeta Sot<\/p>\n","protected":false},"excerpt":{"rendered":"<p>Shkenc\u00ebtar\u00ebt japin alarmin\/ Studimi m\u00eb i fundit: N\u00eb k\u00ebt\u00eb vit popullsia e bot\u00ebs do t\u00eb bjer\u00eb, qytetar\u00ebt e moshuar n\u00eb k\u00ebto vende do t\u00eb fillojn\u00eb t\u00eb vdesin me nj\u00eb rit\u00ebm m\u00eb t\u00eb shpejt\u00eb 15 KORRIK 2020 Popullsia e bot\u00ebs do t\u00eb arrij\u00eb kulmin pas 44 vjet\u00ebsh duke mb\u00ebrritur n\u00eb gati 9.7 miliard\u00eb e m\u00eb pas [&hellip;]<\/p>\n","protected":false},"author":9,"featured_media":36344,"comment_status":"open","ping_status":"open","sticky":false,"template":"","format":"standard","meta":{"jetpack_post_was_ever_published":false,"_jetpack_newsletter_access":"","_jetpack_dont_email_post_to_subs":false,"_jetpack_newsletter_tier_id":0,"_jetpack_memberships_contains_paywalled_content":false,"_jetpack_memberships_contains_paid_content":false,"footnotes":"","jetpack_publicize_message":"","jetpack_publicize_feature_enabled":true,"jetpack_social_post_already_shared":true,"jetpack_social_options":{"image_generator_settings":{"template":"highway","default_image_id":0,"font":"","enabled":false},"version":2}},"categories":[27,1,35],"tags":[],"class_list":["post-36343","post","type-post","status-publish","format-standard","has-post-thumbnail","hentry","category-blogu-i-udhetarit","category-njoftime-shtypi","category-shoqerore"],"jetpack_publicize_connections":[],"jetpack_featured_media_url":"https:\/\/i0.wp.com\/www.shqiperia.com\/blog\/wp-content\/uploads\/2020\/07\/800-0-5f0ee7bb3d150.jpg?fit=800%2C450&ssl=1","jetpack_sharing_enabled":true,"jetpack_shortlink":"https:\/\/wp.me\/p5Z6wp-9sb","jetpack-related-posts":[{"id":48542,"url":"https:\/\/www.shqiperia.com\/blog\/shkencetaret-ndertojne-oren-e-sistemit-imunitar-parashikon-semundjet-dhe-vdekshmerine\/","url_meta":{"origin":36343,"position":0},"title":"Shkenc\u00ebtar\u00ebt nd\u00ebrtojn\u00eb \u201cor\u00ebn\u201d e sistemit imunitar, parashikon s\u00ebmundjet dhe vdekshm\u00ebrin\u00eb","author":"Kurt Farka","date":"July 17, 2021","format":false,"excerpt":"Shkenc\u00ebtar\u00ebt nd\u00ebrtojn\u00eb \u201cor\u00ebn\u201d e sistemit imunitar, parashikon s\u00ebmundjet dhe vdekshm\u00ebrin\u00eb 17 KORRIK 2021 Studiuesit n\u00eb Shkoll\u00ebn e Mjek\u00ebsis\u00eb t\u00eb Universitetit t\u00eb Stenfordit dhe Instituti Buk p\u00ebr K\u00ebrkime mbi Plakjen n\u00eb SHBA, kan\u00eb nd\u00ebrtuar nj\u00eb \u201cor\u00eb\u201d t\u00eb plakjes inflamatore, e cila q\u00eb \u00ebsht\u00eb m\u00eb e sakt\u00eb se sa numri i qirinjve\u2026","rel":"","context":"In &quot;Njoftime Shtypi&quot;","block_context":{"text":"Njoftime Shtypi","link":"https:\/\/www.shqiperia.com\/blog\/category\/njoftime-shtypi\/"},"img":{"alt_text":"","src":"https:\/\/i0.wp.com\/www.shqiperia.com\/blog\/wp-content\/uploads\/2021\/07\/Shkencetaret-ndertojne-oren-e-sistemit-imunitar-parashikon-semundjet-dhe-vdekshmerine.jpg?fit=640%2C360&ssl=1&resize=350%2C200","width":350,"height":200,"srcset":"https:\/\/i0.wp.com\/www.shqiperia.com\/blog\/wp-content\/uploads\/2021\/07\/Shkencetaret-ndertojne-oren-e-sistemit-imunitar-parashikon-semundjet-dhe-vdekshmerine.jpg?fit=640%2C360&ssl=1&resize=350%2C200 1x, https:\/\/i0.wp.com\/www.shqiperia.com\/blog\/wp-content\/uploads\/2021\/07\/Shkencetaret-ndertojne-oren-e-sistemit-imunitar-parashikon-semundjet-dhe-vdekshmerine.jpg?fit=640%2C360&ssl=1&resize=525%2C300 1.5x"},"classes":[]},{"id":90259,"url":"https:\/\/www.shqiperia.com\/blog\/aleksandria-po-fundoset-nje-nga-qytetet-me-historike-te-botes-po-shkaterrohet\/","url_meta":{"origin":36343,"position":1},"title":"ALEKSANDRIA PO FUNDOSET! &#8211; Nj\u00eb nga qytetet m\u00eb historike t\u00eb bot\u00ebs po shkat\u00ebrrohet &#8230;","author":"Kurt Farka","date":"March 10, 2025","format":false,"excerpt":"10 Mars 2025 Qyteti 2300 vje\u00e7ar po fundoset n\u00eb det! B\u00ebhet fjal\u00eb p\u00ebr qytetin m\u00eb historik t\u00eb bot\u00ebs, Aleksandrin\u00eb, i themeluar nga Aleksandri i Madh n\u00eb vitin 331 para Krishtit. Sipas nj\u00eb studimi t\u00eb realizuar se fundmi p\u00ebr shkak t\u00eb ndryshimeve klimatike qyteti po zhytet n\u00eb det p\u00ebr shkak t\u00eb\u2026","rel":"","context":"In &quot;Blogu i Udh\u00ebtarit&quot;","block_context":{"text":"Blogu i Udh\u00ebtarit","link":"https:\/\/www.shqiperia.com\/blog\/category\/blogu-i-udhetarit\/"},"img":{"alt_text":"","src":"https:\/\/i0.wp.com\/www.shqiperia.com\/blog\/wp-content\/uploads\/2025\/03\/640-0-aleksandria-1741612886.jpg?fit=640%2C377&ssl=1&resize=350%2C200","width":350,"height":200,"srcset":"https:\/\/i0.wp.com\/www.shqiperia.com\/blog\/wp-content\/uploads\/2025\/03\/640-0-aleksandria-1741612886.jpg?fit=640%2C377&ssl=1&resize=350%2C200 1x, https:\/\/i0.wp.com\/www.shqiperia.com\/blog\/wp-content\/uploads\/2025\/03\/640-0-aleksandria-1741612886.jpg?fit=640%2C377&ssl=1&resize=525%2C300 1.5x"},"classes":[]},{"id":57298,"url":"https:\/\/www.shqiperia.com\/blog\/shkencetaret-japin-alarmin-parashikohen-mijera-viruse-te-reja-nga\/","url_meta":{"origin":36343,"position":2},"title":"Shkenc\u00ebtar\u00ebt japin alarmin, parashikohen mij\u00ebra viruse t\u00eb reja nga&#8230;","author":"Kurt Farka","date":"April 28, 2022","format":false,"excerpt":"Shkenc\u00ebtar\u00ebt japin alarmin, parashikohen mij\u00ebra viruse t\u00eb reja nga... 28 PRILL 2022 Shkenc\u00ebtar\u00ebt presin 15,000 transmetime t\u00eb viruseve midis specieve t\u00eb ndryshme deri n\u00eb vitin 2070, kryesisht t\u00eb nxitura nga lakuriq\u00ebt q\u00eb l\u00ebvizin n\u00eb zona t\u00eb reja n\u00eb nj\u00eb bot\u00eb m\u00eb t\u00eb nxeht\u00eb. Sipas Skynews, nj\u00eb klim\u00eb gjithnj\u00eb e m\u00eb\u2026","rel":"","context":"In &quot;Blogu i Udh\u00ebtarit&quot;","block_context":{"text":"Blogu i Udh\u00ebtarit","link":"https:\/\/www.shqiperia.com\/blog\/category\/blogu-i-udhetarit\/"},"img":{"alt_text":"","src":"https:\/\/i0.wp.com\/www.shqiperia.com\/blog\/wp-content\/uploads\/2022\/04\/800-0-0da49e69953bfed1a6ae29321614173b.png?fit=800%2C440&ssl=1&resize=350%2C200","width":350,"height":200,"srcset":"https:\/\/i0.wp.com\/www.shqiperia.com\/blog\/wp-content\/uploads\/2022\/04\/800-0-0da49e69953bfed1a6ae29321614173b.png?fit=800%2C440&ssl=1&resize=350%2C200 1x, https:\/\/i0.wp.com\/www.shqiperia.com\/blog\/wp-content\/uploads\/2022\/04\/800-0-0da49e69953bfed1a6ae29321614173b.png?fit=800%2C440&ssl=1&resize=525%2C300 1.5x, https:\/\/i0.wp.com\/www.shqiperia.com\/blog\/wp-content\/uploads\/2022\/04\/800-0-0da49e69953bfed1a6ae29321614173b.png?fit=800%2C440&ssl=1&resize=700%2C400 2x"},"classes":[]},{"id":32111,"url":"https:\/\/www.shqiperia.com\/blog\/studimi-australian-nga-koronavirusi-do-te-vdesin-15-milione-vete\/","url_meta":{"origin":36343,"position":3},"title":"Studimi australian: &#8211; Nga koronavirusi do t\u00eb vdesin 15 milion\u00eb vet\u00eb!","author":"Kurt Farka","date":"March 7, 2020","format":false,"excerpt":"Studimi australian: - Nga koronavirusi do t\u00eb vdesin 15 milion\u00eb vet\u00eb! 6 mars 2020 I nj\u00ebjti studim tregon se GDP-ja bot\u00ebrore do t\u00eb tkurret me 2.3 trilion\u00eb dollar\u00eb kur vala e s\u00ebmundjes t\u00eb ket\u00eb kaluar. N\u00eb skenarin m\u00eb shkat\u00ebrrues nd\u00ebrkoh\u00eb, bilanci i vdekjeve mund t\u00eb shkoj\u00eb sipas k\u00ebtyre shkenc\u00ebtar\u00ebve n\u00eb\u2026","rel":"","context":"In &quot;Blogu i Udh\u00ebtarit&quot;","block_context":{"text":"Blogu i Udh\u00ebtarit","link":"https:\/\/www.shqiperia.com\/blog\/category\/blogu-i-udhetarit\/"},"img":{"alt_text":"","src":"https:\/\/i0.wp.com\/www.shqiperia.com\/blog\/wp-content\/uploads\/2020\/03\/download-1-1-300x131.jpg?resize=350%2C200&ssl=1","width":350,"height":200,"srcset":"https:\/\/i0.wp.com\/www.shqiperia.com\/blog\/wp-content\/uploads\/2020\/03\/download-1-1-300x131.jpg?resize=350%2C200&ssl=1 1x, https:\/\/i0.wp.com\/www.shqiperia.com\/blog\/wp-content\/uploads\/2020\/03\/download-1-1-300x131.jpg?resize=525%2C300&ssl=1 1.5x"},"classes":[]},{"id":66459,"url":"https:\/\/www.shqiperia.com\/blog\/astronomet-ngrene-alarmin-e-papritur\/","url_meta":{"origin":36343,"position":4},"title":"Astronom\u00ebt ngren\u00eb alarmin e papritur","author":"Kurt Farka","date":"January 19, 2023","format":false,"excerpt":"19 Janar 2023 Ndotja nga drita q\u00eb zvog\u00eblon dukshm\u00ebrin\u00eb e yjeve po rritet shum\u00eb m\u00eb shpejt nga sa prisnin shkenc\u00ebtar\u00ebt, edhe p\u00ebrkund\u00ebr p\u00ebrpjekjeve p\u00ebr ta kufizuar at\u00eb. Ndotja nga drita mund t\u00eb ket\u00eb pasoja drastike, jo vet\u00ebm p\u00ebr dukshm\u00ebrin\u00eb e qiellit t\u00eb nat\u00ebs, por edhe p\u00ebr mjedisin, me ndikime negative\u2026","rel":"","context":"In &quot;Blogu i Udh\u00ebtarit&quot;","block_context":{"text":"Blogu i Udh\u00ebtarit","link":"https:\/\/www.shqiperia.com\/blog\/category\/blogu-i-udhetarit\/"},"img":{"alt_text":"","src":"https:\/\/i0.wp.com\/www.shqiperia.com\/blog\/wp-content\/uploads\/2023\/01\/800-0-a32f2a434dab06d2ce45df0730803c8a.jpg?fit=800%2C400&ssl=1&resize=350%2C200","width":350,"height":200,"srcset":"https:\/\/i0.wp.com\/www.shqiperia.com\/blog\/wp-content\/uploads\/2023\/01\/800-0-a32f2a434dab06d2ce45df0730803c8a.jpg?fit=800%2C400&ssl=1&resize=350%2C200 1x, https:\/\/i0.wp.com\/www.shqiperia.com\/blog\/wp-content\/uploads\/2023\/01\/800-0-a32f2a434dab06d2ce45df0730803c8a.jpg?fit=800%2C400&ssl=1&resize=525%2C300 1.5x, https:\/\/i0.wp.com\/www.shqiperia.com\/blog\/wp-content\/uploads\/2023\/01\/800-0-a32f2a434dab06d2ce45df0730803c8a.jpg?fit=800%2C400&ssl=1&resize=700%2C400 2x"},"classes":[]},{"id":83824,"url":"https:\/\/www.shqiperia.com\/blog\/b%ce%bfmba-demografike-me-sahat-ne-vitin-2050-popullsia-e-shqiperise-parashikohet-te-zbrese-ne-800-mije-banore\/","url_meta":{"origin":36343,"position":5},"title":"B\u03bfmba demografike me sahat: &#8211;  N\u00eb vitin 2050, popullsia e Shqip\u00ebris\u00eb parashikohet t\u00eb zbres\u00eb n\u00eb 800 mij\u00eb banor\u00eb.","author":"Kurt Farka","date":"August 28, 2024","format":false,"excerpt":"28 Gusht 2024 Eksperti i njohur i ekonomis\u00eb, Kujtim Hoxha ka komentuar gjendjen e v\u00ebshtir\u00eb t\u00eb pensioneve p\u00ebrball\u00eb sfidave t\u00eb plakjes s\u00eb popullsis\u00eb dhe informalitetit n\u00eb ekonomi. N\u00eb nj\u00eb intervist\u00eb, Z. Hoxha u shpreh se ne ishim populli me mosh\u00ebn m\u00eb vitale n\u00eb Europ\u00eb dhe sot jemi n\u00eb list\u00ebn e\u2026","rel":"","context":"In &quot;Blogu i Udh\u00ebtarit&quot;","block_context":{"text":"Blogu i Udh\u00ebtarit","link":"https:\/\/www.shqiperia.com\/blog\/category\/blogu-i-udhetarit\/"},"img":{"alt_text":"","src":"https:\/\/i0.wp.com\/www.shqiperia.com\/blog\/wp-content\/uploads\/2024\/08\/auto_pensionistet1704356533.jpg?fit=900%2C594&ssl=1&resize=350%2C200","width":350,"height":200,"srcset":"https:\/\/i0.wp.com\/www.shqiperia.com\/blog\/wp-content\/uploads\/2024\/08\/auto_pensionistet1704356533.jpg?fit=900%2C594&ssl=1&resize=350%2C200 1x, https:\/\/i0.wp.com\/www.shqiperia.com\/blog\/wp-content\/uploads\/2024\/08\/auto_pensionistet1704356533.jpg?fit=900%2C594&ssl=1&resize=525%2C300 1.5x, https:\/\/i0.wp.com\/www.shqiperia.com\/blog\/wp-content\/uploads\/2024\/08\/auto_pensionistet1704356533.jpg?fit=900%2C594&ssl=1&resize=700%2C400 2x"},"classes":[]}],"_links":{"self":[{"href":"https:\/\/www.shqiperia.com\/blog\/wp-json\/wp\/v2\/posts\/36343","targetHints":{"allow":["GET"]}}],"collection":[{"href":"https:\/\/www.shqiperia.com\/blog\/wp-json\/wp\/v2\/posts"}],"about":[{"href":"https:\/\/www.shqiperia.com\/blog\/wp-json\/wp\/v2\/types\/post"}],"author":[{"embeddable":true,"href":"https:\/\/www.shqiperia.com\/blog\/wp-json\/wp\/v2\/users\/9"}],"replies":[{"embeddable":true,"href":"https:\/\/www.shqiperia.com\/blog\/wp-json\/wp\/v2\/comments?post=36343"}],"version-history":[{"count":1,"href":"https:\/\/www.shqiperia.com\/blog\/wp-json\/wp\/v2\/posts\/36343\/revisions"}],"predecessor-version":[{"id":36345,"href":"https:\/\/www.shqiperia.com\/blog\/wp-json\/wp\/v2\/posts\/36343\/revisions\/36345"}],"wp:featuredmedia":[{"embeddable":true,"href":"https:\/\/www.shqiperia.com\/blog\/wp-json\/wp\/v2\/media\/36344"}],"wp:attachment":[{"href":"https:\/\/www.shqiperia.com\/blog\/wp-json\/wp\/v2\/media?parent=36343"}],"wp:term":[{"taxonomy":"category","embeddable":true,"href":"https:\/\/www.shqiperia.com\/blog\/wp-json\/wp\/v2\/categories?post=36343"},{"taxonomy":"post_tag","embeddable":true,"href":"https:\/\/www.shqiperia.com\/blog\/wp-json\/wp\/v2\/tags?post=36343"}],"curies":[{"name":"wp","href":"https:\/\/api.w.org\/{rel}","templated":true}]}}