{"id":36340,"date":"2020-07-15T11:02:40","date_gmt":"2020-07-15T11:02:40","guid":{"rendered":"https:\/\/www.shqiperia.com\/blog\/?p=36340"},"modified":"2020-07-15T11:02:40","modified_gmt":"2020-07-15T11:02:40","slug":"marreveshja-e-5-qershorit-ambasadori-soreca-mesazh-te-forte-ps-se-be-po-pret","status":"publish","type":"post","link":"https:\/\/www.shqiperia.com\/blog\/marreveshja-e-5-qershorit-ambasadori-soreca-mesazh-te-forte-ps-se-be-po-pret\/","title":{"rendered":"Marr\u00ebveshja e 5 qershorit, ambasadori Soreca mesazh t\u00eb fort\u00eb PS-s\u00eb: BE po pret!"},"content":{"rendered":"<p><img data-recalc-dims=\"1\" loading=\"lazy\" decoding=\"async\" data-attachment-id=\"36341\" data-permalink=\"https:\/\/www.shqiperia.com\/blog\/marreveshja-e-5-qershorit-ambasadori-soreca-mesazh-te-forte-ps-se-be-po-pret\/800-0-5f0edacd5c337\/\" data-orig-file=\"https:\/\/i0.wp.com\/www.shqiperia.com\/blog\/wp-content\/uploads\/2020\/07\/800-0-5f0edacd5c337.jpg?fit=800%2C427&amp;ssl=1\" data-orig-size=\"800,427\" data-comments-opened=\"1\" data-image-meta=\"{&quot;aperture&quot;:&quot;0&quot;,&quot;credit&quot;:&quot;&quot;,&quot;camera&quot;:&quot;&quot;,&quot;caption&quot;:&quot;&quot;,&quot;created_timestamp&quot;:&quot;0&quot;,&quot;copyright&quot;:&quot;&quot;,&quot;focal_length&quot;:&quot;0&quot;,&quot;iso&quot;:&quot;0&quot;,&quot;shutter_speed&quot;:&quot;0&quot;,&quot;title&quot;:&quot;&quot;,&quot;orientation&quot;:&quot;0&quot;}\" data-image-title=\"-800-0-5f0edacd5c337\" data-image-description=\"\" data-image-caption=\"\" data-medium-file=\"https:\/\/i0.wp.com\/www.shqiperia.com\/blog\/wp-content\/uploads\/2020\/07\/800-0-5f0edacd5c337.jpg?fit=300%2C160&amp;ssl=1\" data-large-file=\"https:\/\/i0.wp.com\/www.shqiperia.com\/blog\/wp-content\/uploads\/2020\/07\/800-0-5f0edacd5c337.jpg?fit=800%2C427&amp;ssl=1\" class=\"alignnone  wp-image-36341\" alt=\"\" src=\"https:\/\/i0.wp.com\/www.shqiperia.com\/blog\/wp-content\/uploads\/2020\/07\/800-0-5f0edacd5c337.jpg?resize=508%2C271&#038;ssl=1\" width=\"508\" height=\"271\" srcset=\"https:\/\/i0.wp.com\/www.shqiperia.com\/blog\/wp-content\/uploads\/2020\/07\/800-0-5f0edacd5c337.jpg?resize=300%2C160&amp;ssl=1 300w, https:\/\/i0.wp.com\/www.shqiperia.com\/blog\/wp-content\/uploads\/2020\/07\/800-0-5f0edacd5c337.jpg?resize=768%2C410&amp;ssl=1 768w, https:\/\/i0.wp.com\/www.shqiperia.com\/blog\/wp-content\/uploads\/2020\/07\/800-0-5f0edacd5c337.jpg?resize=450%2C240&amp;ssl=1 450w, https:\/\/i0.wp.com\/www.shqiperia.com\/blog\/wp-content\/uploads\/2020\/07\/800-0-5f0edacd5c337.jpg?resize=600%2C320&amp;ssl=1 600w, https:\/\/i0.wp.com\/www.shqiperia.com\/blog\/wp-content\/uploads\/2020\/07\/800-0-5f0edacd5c337.jpg?resize=400%2C214&amp;ssl=1 400w, https:\/\/i0.wp.com\/www.shqiperia.com\/blog\/wp-content\/uploads\/2020\/07\/800-0-5f0edacd5c337.jpg?w=800&amp;ssl=1 800w\" sizes=\"auto, (max-width: 508px) 100vw, 508px\" \/><\/p>\n<p>Marr\u00ebveshja e 5 qershorit, ambasadori Soreca mesazh t\u00eb fort\u00eb PS-s\u00eb: BE po pret!<\/p>\n<p>15 KORRIK 2020<\/p>\n<p>Ambasadori i BE-s\u00eb n\u00eb Tiran\u00eb, Luigi Soreca ka k\u00ebrkuar nga pal\u00ebt politike q\u00eb t\u00eb vijojn\u00eb me zbatimin e marr\u00ebveshjes s\u00eb 5 qershorit, e cila sipas tij u mir\u00ebprit nga Bashkimi Europian.<\/p>\n<p>Soreca theksoi se Reforma Zgjedhore gjithashtu \u00ebsht\u00eb ky\u00e7e p\u00ebr negociatat dhe an\u00ebtar\u00ebrisimin e vendit n\u00eb BE.<\/p>\n<p>\u201cPa k\u00ebt\u00eb kusht nuk mund t\u00eb filloj\u00eb konferenca e par\u00eb. Ndryshimet Kushtetuese jan\u00eb jasht\u00eb rekomandimeve t\u00eb BE-s\u00eb. Duhen b\u00ebr\u00eb konsultimet p\u00ebrkat\u00ebse\u201c, tha Soreca teksa ishte duke kryer nj\u00eb vizit\u00eb n\u00eb Kanin\u00eb t\u00eb Vlor\u00ebs.<\/p>\n<p>Gazeta Sot<\/p>\n","protected":false},"excerpt":{"rendered":"<p>Marr\u00ebveshja e 5 qershorit, ambasadori Soreca mesazh t\u00eb fort\u00eb PS-s\u00eb: BE po pret! 15 KORRIK 2020 Ambasadori i BE-s\u00eb n\u00eb Tiran\u00eb, Luigi Soreca ka k\u00ebrkuar nga pal\u00ebt politike q\u00eb t\u00eb vijojn\u00eb me zbatimin e marr\u00ebveshjes s\u00eb 5 qershorit, e cila sipas tij u mir\u00ebprit nga Bashkimi Europian. Soreca theksoi se Reforma Zgjedhore gjithashtu \u00ebsht\u00eb ky\u00e7e [&hellip;]<\/p>\n","protected":false},"author":9,"featured_media":36341,"comment_status":"open","ping_status":"open","sticky":false,"template":"","format":"standard","meta":{"jetpack_post_was_ever_published":false,"_jetpack_newsletter_access":"","_jetpack_dont_email_post_to_subs":false,"_jetpack_newsletter_tier_id":0,"_jetpack_memberships_contains_paywalled_content":false,"_jetpack_memberships_contains_paid_content":false,"footnotes":"","jetpack_publicize_message":"","jetpack_publicize_feature_enabled":true,"jetpack_social_post_already_shared":true,"jetpack_social_options":{"image_generator_settings":{"template":"highway","default_image_id":0,"font":"","enabled":false},"version":2}},"categories":[27,2],"tags":[],"class_list":["post-36340","post","type-post","status-publish","format-standard","has-post-thumbnail","hentry","category-blogu-i-udhetarit","category-politika"],"jetpack_publicize_connections":[],"jetpack_featured_media_url":"https:\/\/i0.wp.com\/www.shqiperia.com\/blog\/wp-content\/uploads\/2020\/07\/800-0-5f0edacd5c337.jpg?fit=800%2C427&ssl=1","jetpack_sharing_enabled":true,"jetpack_shortlink":"https:\/\/wp.me\/p5Z6wp-9s8","jetpack-related-posts":[{"id":18602,"url":"https:\/\/www.shqiperia.com\/blog\/soreca-ne-ke-fola-per-situaten-politike-dhe-reformat\/","url_meta":{"origin":36340,"position":0},"title":"Soreca: N\u00eb KE fola p\u00ebr situat\u00ebn politike dhe reformat. &#8211;","author":"Kurt Farka","date":"March 19, 2019","format":false,"excerpt":"Soreca: N\u00eb KE fola p\u00ebr situat\u00ebn politike dhe reformat. - 18 mars, 2019 Ambasadori i BE n\u00eb vendin ton\u00eb, Luigi Soreca me an\u00eb t\u00eb nj\u00eb postimi n\u00eb twitter shkruan se ka diskutuar me shtetet an\u00ebtar\u00eb p\u00ebr gjendjen e zbatimit t\u00eb reformave ky\u00e7e dhe situat\u00ebn aktuale politike n\u00eb Shqip\u00ebri. K\u00ebt\u00eb deklarat\u00eb\u2026","rel":"","context":"In &quot;Blogu i Udh\u00ebtarit&quot;","block_context":{"text":"Blogu i Udh\u00ebtarit","link":"https:\/\/www.shqiperia.com\/blog\/category\/blogu-i-udhetarit\/"},"img":{"alt_text":"","src":"https:\/\/i0.wp.com\/www.shqiperia.com\/blog\/wp-content\/uploads\/2019\/03\/soreca-2-905x395.jpg?fit=905%2C395&ssl=1&resize=350%2C200","width":350,"height":200,"srcset":"https:\/\/i0.wp.com\/www.shqiperia.com\/blog\/wp-content\/uploads\/2019\/03\/soreca-2-905x395.jpg?fit=905%2C395&ssl=1&resize=350%2C200 1x, https:\/\/i0.wp.com\/www.shqiperia.com\/blog\/wp-content\/uploads\/2019\/03\/soreca-2-905x395.jpg?fit=905%2C395&ssl=1&resize=525%2C300 1.5x, https:\/\/i0.wp.com\/www.shqiperia.com\/blog\/wp-content\/uploads\/2019\/03\/soreca-2-905x395.jpg?fit=905%2C395&ssl=1&resize=700%2C400 2x"},"classes":[]},{"id":36540,"url":"https:\/\/www.shqiperia.com\/blog\/perplasjet-per-ndryshimet-kushtetuese-reagon-shba-dhe-be-ja-pas-takimit-te-yuri-kim-dhe-luigi-soreca-kjo-eshte-thelbesore\/","url_meta":{"origin":36340,"position":1},"title":"P\u00ebrplasjet p\u00ebr ndryshimet Kushtetuese\/ Reagon SHBA dhe BE-ja pas takimit t\u00eb Yuri Kim dhe Luigi Soreca: Kjo \u00ebsht\u00eb thelb\u00ebsore","author":"Kurt Farka","date":"July 27, 2020","format":false,"excerpt":"P\u00ebrplasjet p\u00ebr ndryshimet Kushtetuese\/ Reagon SHBA dhe BE-ja pas takimit t\u00eb Yuri Kim dhe Luigi Soreca: Kjo \u00ebsht\u00eb thelb\u00ebsore 27 KORRIK 2020 Ka p\u00ebrfunduar takimi i ambasadores s\u00eb SHBA Yuri Kim dhe ambasadorit t\u00eb BE Luigi Soreca, me kryeministrin Edi Rama,\u00a0t\u00eb cil\u00ebt i kan\u00eb shkuar n\u00eb zyr\u00eb dit\u00ebn e sotme.\u2026","rel":"","context":"In &quot;Blogu i Udh\u00ebtarit&quot;","block_context":{"text":"Blogu i Udh\u00ebtarit","link":"https:\/\/www.shqiperia.com\/blog\/category\/blogu-i-udhetarit\/"},"img":{"alt_text":"","src":"https:\/\/i0.wp.com\/www.shqiperia.com\/blog\/wp-content\/uploads\/2020\/07\/800-0-5f1e9fbbc2a2b.jpg?fit=765%2C374&ssl=1&resize=350%2C200","width":350,"height":200,"srcset":"https:\/\/i0.wp.com\/www.shqiperia.com\/blog\/wp-content\/uploads\/2020\/07\/800-0-5f1e9fbbc2a2b.jpg?fit=765%2C374&ssl=1&resize=350%2C200 1x, https:\/\/i0.wp.com\/www.shqiperia.com\/blog\/wp-content\/uploads\/2020\/07\/800-0-5f1e9fbbc2a2b.jpg?fit=765%2C374&ssl=1&resize=525%2C300 1.5x, https:\/\/i0.wp.com\/www.shqiperia.com\/blog\/wp-content\/uploads\/2020\/07\/800-0-5f1e9fbbc2a2b.jpg?fit=765%2C374&ssl=1&resize=700%2C400 2x"},"classes":[]},{"id":21701,"url":"https:\/\/www.shqiperia.com\/blog\/soreca-per-euronews-pretendimet-e-opozites-po-shqyrtohen\/","url_meta":{"origin":36340,"position":2},"title":"Soreca p\u00ebr Euronews: &#8211; Pretendimet e opozit\u00ebs po shqyrtohen. &#8211;","author":"Kurt Farka","date":"June 7, 2019","format":false,"excerpt":"Soreca p\u00ebr Euronews: - Pretendimet e opozit\u00ebs po shqyrtohen. - 7 qershor 2019 Ambasadori i Bashkimit Europian n\u00eb Shqip\u00ebri Luigi Soreca, gjat\u00eb nj\u00eb interviste\u00a0p\u00ebr \u201cEuronews\u201d foli p\u00ebr situat\u00ebn politike n\u00eb vend. Ai deklaron se Shqip\u00ebria ka b\u00ebr\u00eb progres n\u00eb fusha t\u00eb caktuara. \u201cShqip\u00ebria ka b\u00ebr\u00eb progres t\u00eb r\u00ebnd\u00ebsish\u00ebm q\u00eb nga\u2026","rel":"","context":"In &quot;Blogu i Udh\u00ebtarit&quot;","block_context":{"text":"Blogu i Udh\u00ebtarit","link":"https:\/\/www.shqiperia.com\/blog\/category\/blogu-i-udhetarit\/"},"img":{"alt_text":"","src":"https:\/\/i0.wp.com\/www.shqiperia.com\/blog\/wp-content\/uploads\/2019\/06\/Soreca.jpg?fit=905%2C450&ssl=1&resize=350%2C200","width":350,"height":200,"srcset":"https:\/\/i0.wp.com\/www.shqiperia.com\/blog\/wp-content\/uploads\/2019\/06\/Soreca.jpg?fit=905%2C450&ssl=1&resize=350%2C200 1x, https:\/\/i0.wp.com\/www.shqiperia.com\/blog\/wp-content\/uploads\/2019\/06\/Soreca.jpg?fit=905%2C450&ssl=1&resize=525%2C300 1.5x, https:\/\/i0.wp.com\/www.shqiperia.com\/blog\/wp-content\/uploads\/2019\/06\/Soreca.jpg?fit=905%2C450&ssl=1&resize=700%2C400 2x"},"classes":[]},{"id":39868,"url":"https:\/\/www.shqiperia.com\/blog\/rama-ankohet-per-shtetet-e-be-soreca-reagon-nga-kukesi-dhe-i-tregon-kushtet-per-negociatat\/","url_meta":{"origin":36340,"position":3},"title":"Rama ankohet p\u00ebr shtetet e BE, Soreca reagon nga Kuk\u00ebsi dhe i tregon kushtet p\u00ebr negociatat","author":"Kurt Farka","date":"October 19, 2020","format":false,"excerpt":"Rama ankohet p\u00ebr shtetet e BE, Soreca reagon nga Kuk\u00ebsi dhe i tregon kushtet p\u00ebr negociatat 19 TETOR 2020 Ambasadori i Bashkimit Europian n\u00eb Tiran\u00eb, Luigi Soreca, ka deklaruar nga Kuk\u00ebsi se kushti p\u00ebr hapjen e Konferenc\u00ebs Nd\u00ebrqeveritare t\u00eb BE-s\u00eb me Shqip\u00ebrin\u00eb \u00ebsht\u00eb plot\u00ebsimi i Gjykat\u00ebs Kushtetuese, pasi sipas tij\u2026","rel":"","context":"In &quot;Blogu i Udh\u00ebtarit&quot;","block_context":{"text":"Blogu i Udh\u00ebtarit","link":"https:\/\/www.shqiperia.com\/blog\/category\/blogu-i-udhetarit\/"},"img":{"alt_text":"","src":"https:\/\/i0.wp.com\/www.shqiperia.com\/blog\/wp-content\/uploads\/2020\/10\/640-0-5f8d73b4d2080.jpg?fit=535%2C277&ssl=1&resize=350%2C200","width":350,"height":200,"srcset":"https:\/\/i0.wp.com\/www.shqiperia.com\/blog\/wp-content\/uploads\/2020\/10\/640-0-5f8d73b4d2080.jpg?fit=535%2C277&ssl=1&resize=350%2C200 1x, https:\/\/i0.wp.com\/www.shqiperia.com\/blog\/wp-content\/uploads\/2020\/10\/640-0-5f8d73b4d2080.jpg?fit=535%2C277&ssl=1&resize=525%2C300 1.5x"},"classes":[]},{"id":48275,"url":"https:\/\/www.shqiperia.com\/blog\/ambasadori-soreca-ndikoi-tek-gjykata-per-do-te-kerkojne-shpalljen-e-tij-non-grata\/","url_meta":{"origin":36340,"position":4},"title":"Ambasadori Soreca: Ndikoi tek gjykata p\u00ebr&#8230;  -\u201cDo t\u00eb k\u00ebrkojn\u00eb shpalljen e tij \u2018non grata\u2019\u201d","author":"Kurt Farka","date":"June 30, 2021","format":false,"excerpt":"Ambasadori Soreca: Ndikoi tek gjykata p\u00ebr... \u201cDo t\u00eb k\u00ebrkojn\u00eb shpalljen e tij \u2018non grata\u2019\u201d. Nxehet keq situata, Klodiana Lala zbulon \u00e7far\u00eb po p\u00ebrgatit ky grupim n\u00eb Shqip\u00ebri p\u00ebr ambasadorin 30 QERSHOR 2021 Aleanca p\u00ebr Mbrojtjen e Teatrit ka ngritur akuza ndaj ambasadorit t\u00eb BE n\u00eb Tiran\u00eb, Luigi Soreca. Gazetarja Klodiana\u2026","rel":"","context":"In &quot;Blogu i Udh\u00ebtarit&quot;","block_context":{"text":"Blogu i Udh\u00ebtarit","link":"https:\/\/www.shqiperia.com\/blog\/category\/blogu-i-udhetarit\/"},"img":{"alt_text":"","src":"https:\/\/i0.wp.com\/www.shqiperia.com\/blog\/wp-content\/uploads\/2021\/06\/800-0-60dc325869ff5.jpg?fit=800%2C428&ssl=1&resize=350%2C200","width":350,"height":200,"srcset":"https:\/\/i0.wp.com\/www.shqiperia.com\/blog\/wp-content\/uploads\/2021\/06\/800-0-60dc325869ff5.jpg?fit=800%2C428&ssl=1&resize=350%2C200 1x, https:\/\/i0.wp.com\/www.shqiperia.com\/blog\/wp-content\/uploads\/2021\/06\/800-0-60dc325869ff5.jpg?fit=800%2C428&ssl=1&resize=525%2C300 1.5x, https:\/\/i0.wp.com\/www.shqiperia.com\/blog\/wp-content\/uploads\/2021\/06\/800-0-60dc325869ff5.jpg?fit=800%2C428&ssl=1&resize=700%2C400 2x"},"classes":[]},{"id":75436,"url":"https:\/\/www.shqiperia.com\/blog\/marreveshja-me-italine-per-emigracionin-soreca-ka-vlere-politike-dhe-jo-ligjore\/","url_meta":{"origin":36340,"position":5},"title":"Marr\u00ebveshja me Italin\u00eb p\u00ebr emigracionin, Soreca: &#8211; Ka vler\u00eb politike dhe jo ligjore!","author":"Kurt Farka","date":"November 9, 2023","format":false,"excerpt":"9 Nentor 2023 Ambasadori Luigi Soreca thot\u00eb se marr\u00ebveshja me Italin\u00eb p\u00ebr menaxhimin e emigrant\u00ebve p\u00ebr momentin nuk ka vler\u00eb ligjore, por politike. Sipas ambasadorit, konsultimet p\u00ebr k\u00ebt\u00eb marr\u00ebveshja vazhdojn\u00eb ende dhe se t\u00eb dyja pal\u00ebt duhet ta kthejn\u00eb n\u00eb ligj. Ai u shpreh se ka ende detaje q\u00eb duhet\u2026","rel":"","context":"In &quot;Blogu i Udh\u00ebtarit&quot;","block_context":{"text":"Blogu i Udh\u00ebtarit","link":"https:\/\/www.shqiperia.com\/blog\/category\/blogu-i-udhetarit\/"},"img":{"alt_text":"","src":"https:\/\/i0.wp.com\/www.shqiperia.com\/blog\/wp-content\/uploads\/2023\/11\/soreca-2.jpg?fit=1200%2C833&ssl=1&resize=350%2C200","width":350,"height":200,"srcset":"https:\/\/i0.wp.com\/www.shqiperia.com\/blog\/wp-content\/uploads\/2023\/11\/soreca-2.jpg?fit=1200%2C833&ssl=1&resize=350%2C200 1x, https:\/\/i0.wp.com\/www.shqiperia.com\/blog\/wp-content\/uploads\/2023\/11\/soreca-2.jpg?fit=1200%2C833&ssl=1&resize=525%2C300 1.5x, https:\/\/i0.wp.com\/www.shqiperia.com\/blog\/wp-content\/uploads\/2023\/11\/soreca-2.jpg?fit=1200%2C833&ssl=1&resize=700%2C400 2x, https:\/\/i0.wp.com\/www.shqiperia.com\/blog\/wp-content\/uploads\/2023\/11\/soreca-2.jpg?fit=1200%2C833&ssl=1&resize=1050%2C600 3x"},"classes":[]}],"_links":{"self":[{"href":"https:\/\/www.shqiperia.com\/blog\/wp-json\/wp\/v2\/posts\/36340","targetHints":{"allow":["GET"]}}],"collection":[{"href":"https:\/\/www.shqiperia.com\/blog\/wp-json\/wp\/v2\/posts"}],"about":[{"href":"https:\/\/www.shqiperia.com\/blog\/wp-json\/wp\/v2\/types\/post"}],"author":[{"embeddable":true,"href":"https:\/\/www.shqiperia.com\/blog\/wp-json\/wp\/v2\/users\/9"}],"replies":[{"embeddable":true,"href":"https:\/\/www.shqiperia.com\/blog\/wp-json\/wp\/v2\/comments?post=36340"}],"version-history":[{"count":1,"href":"https:\/\/www.shqiperia.com\/blog\/wp-json\/wp\/v2\/posts\/36340\/revisions"}],"predecessor-version":[{"id":36342,"href":"https:\/\/www.shqiperia.com\/blog\/wp-json\/wp\/v2\/posts\/36340\/revisions\/36342"}],"wp:featuredmedia":[{"embeddable":true,"href":"https:\/\/www.shqiperia.com\/blog\/wp-json\/wp\/v2\/media\/36341"}],"wp:attachment":[{"href":"https:\/\/www.shqiperia.com\/blog\/wp-json\/wp\/v2\/media?parent=36340"}],"wp:term":[{"taxonomy":"category","embeddable":true,"href":"https:\/\/www.shqiperia.com\/blog\/wp-json\/wp\/v2\/categories?post=36340"},{"taxonomy":"post_tag","embeddable":true,"href":"https:\/\/www.shqiperia.com\/blog\/wp-json\/wp\/v2\/tags?post=36340"}],"curies":[{"name":"wp","href":"https:\/\/api.w.org\/{rel}","templated":true}]}}