{"id":36336,"date":"2020-07-15T10:30:16","date_gmt":"2020-07-15T10:30:16","guid":{"rendered":"https:\/\/www.shqiperia.com\/blog\/?p=36336"},"modified":"2020-07-15T10:30:16","modified_gmt":"2020-07-15T10:30:16","slug":"tensionet-artificiale-ne-vendin-tone-e-konfliktet-ne-shqiperi-nuk-jane-te-rastesishme-por-shfaqen-sa-here-ka-zhvillime-ne-ballkan-perfundon-takimi-meta-basha","status":"publish","type":"post","link":"https:\/\/www.shqiperia.com\/blog\/tensionet-artificiale-ne-vendin-tone-e-konfliktet-ne-shqiperi-nuk-jane-te-rastesishme-por-shfaqen-sa-here-ka-zhvillime-ne-ballkan-perfundon-takimi-meta-basha\/","title":{"rendered":"Tensionet artificiale n\u00eb vendin ton\u00eb e konfliktet n\u00eb Shqip\u00ebri nuk jan\u00eb t\u00eb rast\u00ebsishme, por shfaqen sa her\u00eb ka zhvillime ne Ballkan. P\u00ebrfundon takimi Meta-Basha."},"content":{"rendered":"<p><img data-recalc-dims=\"1\" loading=\"lazy\" decoding=\"async\" data-attachment-id=\"36337\" data-permalink=\"https:\/\/www.shqiperia.com\/blog\/tensionet-artificiale-ne-vendin-tone-e-konfliktet-ne-shqiperi-nuk-jane-te-rastesishme-por-shfaqen-sa-here-ka-zhvillime-ne-ballkan-perfundon-takimi-meta-basha\/800-0-5f0ed1a22f5da\/\" data-orig-file=\"https:\/\/i0.wp.com\/www.shqiperia.com\/blog\/wp-content\/uploads\/2020\/07\/800-0-5f0ed1a22f5da.jpg?fit=800%2C452&amp;ssl=1\" data-orig-size=\"800,452\" data-comments-opened=\"1\" data-image-meta=\"{&quot;aperture&quot;:&quot;0&quot;,&quot;credit&quot;:&quot;&quot;,&quot;camera&quot;:&quot;&quot;,&quot;caption&quot;:&quot;&quot;,&quot;created_timestamp&quot;:&quot;0&quot;,&quot;copyright&quot;:&quot;&quot;,&quot;focal_length&quot;:&quot;0&quot;,&quot;iso&quot;:&quot;0&quot;,&quot;shutter_speed&quot;:&quot;0&quot;,&quot;title&quot;:&quot;&quot;,&quot;orientation&quot;:&quot;0&quot;}\" data-image-title=\"-800-0-5f0ed1a22f5da\" data-image-description=\"\" data-image-caption=\"\" data-medium-file=\"https:\/\/i0.wp.com\/www.shqiperia.com\/blog\/wp-content\/uploads\/2020\/07\/800-0-5f0ed1a22f5da.jpg?fit=300%2C170&amp;ssl=1\" data-large-file=\"https:\/\/i0.wp.com\/www.shqiperia.com\/blog\/wp-content\/uploads\/2020\/07\/800-0-5f0ed1a22f5da.jpg?fit=800%2C452&amp;ssl=1\" class=\"alignnone  wp-image-36337\" alt=\"\" src=\"https:\/\/i0.wp.com\/www.shqiperia.com\/blog\/wp-content\/uploads\/2020\/07\/800-0-5f0ed1a22f5da.jpg?resize=501%2C284&#038;ssl=1\" width=\"501\" height=\"284\" srcset=\"https:\/\/i0.wp.com\/www.shqiperia.com\/blog\/wp-content\/uploads\/2020\/07\/800-0-5f0ed1a22f5da.jpg?resize=300%2C170&amp;ssl=1 300w, https:\/\/i0.wp.com\/www.shqiperia.com\/blog\/wp-content\/uploads\/2020\/07\/800-0-5f0ed1a22f5da.jpg?resize=768%2C434&amp;ssl=1 768w, https:\/\/i0.wp.com\/www.shqiperia.com\/blog\/wp-content\/uploads\/2020\/07\/800-0-5f0ed1a22f5da.jpg?resize=450%2C254&amp;ssl=1 450w, https:\/\/i0.wp.com\/www.shqiperia.com\/blog\/wp-content\/uploads\/2020\/07\/800-0-5f0ed1a22f5da.jpg?resize=600%2C339&amp;ssl=1 600w, https:\/\/i0.wp.com\/www.shqiperia.com\/blog\/wp-content\/uploads\/2020\/07\/800-0-5f0ed1a22f5da.jpg?resize=400%2C226&amp;ssl=1 400w, https:\/\/i0.wp.com\/www.shqiperia.com\/blog\/wp-content\/uploads\/2020\/07\/800-0-5f0ed1a22f5da.jpg?w=800&amp;ssl=1 800w\" sizes=\"auto, (max-width: 501px) 100vw, 501px\" \/><\/p>\n<p><strong>Tensionet artificiale n\u00eb vendin ton\u00eb e konfliktet n\u00eb Shqip\u00ebri nuk jan\u00eb t\u00eb rast\u00ebsishme, por shfaqen sa her\u00eb ka zhvillime ne Ballkan. P\u00ebrfundon takimi Meta-Basha.<\/strong><\/p>\n<p>15 KORRIK 2020<\/p>\n<p>Presidenti i vendit, Ilir Meta dhe kreu i Partis\u00eb Demokratike po zhvillojn\u00eb nj\u00eb takim gjat\u00eb dit\u00ebs s\u00eb sotme n\u00eb Presidenc\u00eb.<\/p>\n<p>Jan\u00eb zbardhur t\u00eb tjera detaje n\u00eb lidhje me temat e diskutimit.\u00a0M\u00ebsohet se Meta ka k\u00ebrkuar nga Basha q\u00eb opozita t\u00eb ruaj\u00eb qet\u00ebsin\u00eb dhe ti q\u00ebndrojn\u00eb marr\u00ebveshjes s\u00eb b\u00ebr\u00eb n\u00eb 5 qershor, me nd\u00ebrmjet\u00ebsin\u00eb e nd\u00ebrkomb\u00ebtar\u00ebve.<\/p>\n<p>Keni rol t\u00eb r\u00ebnd\u00ebsish\u00ebm me qet\u00ebsi dhe p\u00ebrgjegjshm\u00ebrin\u00eb tuaj p\u00ebr t\u00eb bashk\u00ebpunuar edhe me partneret Europian dhe bot\u00ebn demokratike se e kam theksuar se gjat\u00eb tensioneve artificiale n\u00eb vendin ton\u00eb se konfliktet n\u00eb Shqip\u00ebri nuk jan\u00eb t\u00eb rast\u00ebsishme sa her\u00eb ka zhvillime apo ka zhvillime n\u00eb rajon. Jini t\u00eb vet\u00ebp\u00ebrmbajtur\u2019, m\u00ebsohet t\u00eb jet\u00eb shprehur presidenti Meta.<\/p>\n<p>\u2018Ato q\u00eb na bashkojn\u00eb sot jan\u00eb kushtetuta dhe integrimi Europian i Shqip\u00ebris\u00eb.<\/p>\n<p>E r\u00ebnd\u00ebsishme t\u00eb mos b\u00ebjm\u00eb aventura me Kushtetut\u00ebn.<\/p>\n<p>Sot jan\u00eb zgjedhjet n\u00eb Maqedonin\u00eb e Veriut dhe \u00ebsht\u00eb nj\u00eb gj\u00eb pozitive jo vet\u00ebm p\u00ebr ata, por \u00ebsht\u00eb nj\u00eb moment reflektimi p\u00ebr t\u00eb gjith\u00eb ne k\u00ebtu q\u00eb t\u00eb japim mesazhe pjekurie dhe p\u00ebrgjegjshm\u00ebrie.<\/p>\n<p>Dua t\u00eb fal\u00ebnderoj bashk\u00ebpunimit tuaj gjat\u00eb periudh\u00ebs s\u00eb pandemis\u00eb dhe pjes\u00ebmarrjen \u00a0konstruktive n\u00eb mbledhjen e K\u00ebshillit t\u00eb Siguris\u00eb Komb\u00ebtare\u00a0 dhe mos r\u00ebnien pre p\u00ebr largimin nga tryeza politike pas shembjes s\u00eb teatrit.<\/p>\n<p>Do k\u00ebrkoja nga ju q\u00eb ti q\u00ebndronim besnik\u00eb marr\u00ebveshjes s\u00eb firmosur me p\u00ebrfaq\u00ebsuesit \u00a0e mazhoranc\u00ebs dhe t\u00eb ruani qet\u00ebsin\u00eb dhe n\u00eb k\u00ebto momente kur ka p\u00ebrpjekje p\u00ebr t\u00eb cenuar r\u00ebnd\u00eb kushtetut\u00ebn e vendit n\u00eb m\u00ebnyr\u00eb kriminale dhe p\u00ebr t\u00eb shkat\u00ebrruar \u00e7do lloj legjitimiteti t\u00eb institucioneve q\u00eb ekzistojn\u00eb n\u00eb vend.<\/p>\n<p>Kur nuk \u00ebsht\u00eb par\u00eb t\u00eb mohohet kaq\u00a0 shpejt nj\u00eb marr\u00ebveshje pa u thar\u00eb boja\u2019, m\u00ebsohet se \u00ebsht\u00eb shprehur presidenti Meta.<\/p>\n","protected":false},"excerpt":{"rendered":"<p>Tensionet artificiale n\u00eb vendin ton\u00eb e konfliktet n\u00eb Shqip\u00ebri nuk jan\u00eb t\u00eb rast\u00ebsishme, por shfaqen sa her\u00eb ka zhvillime ne Ballkan. P\u00ebrfundon takimi Meta-Basha. 15 KORRIK 2020 Presidenti i vendit, Ilir Meta dhe kreu i Partis\u00eb Demokratike po zhvillojn\u00eb nj\u00eb takim gjat\u00eb dit\u00ebs s\u00eb sotme n\u00eb Presidenc\u00eb. Jan\u00eb zbardhur t\u00eb tjera detaje n\u00eb lidhje me [&hellip;]<\/p>\n","protected":false},"author":9,"featured_media":36337,"comment_status":"open","ping_status":"open","sticky":false,"template":"","format":"standard","meta":{"jetpack_post_was_ever_published":false,"_jetpack_newsletter_access":"","_jetpack_dont_email_post_to_subs":false,"_jetpack_newsletter_tier_id":0,"_jetpack_memberships_contains_paywalled_content":false,"_jetpack_memberships_contains_paid_content":false,"footnotes":"","jetpack_publicize_message":"","jetpack_publicize_feature_enabled":true,"jetpack_social_post_already_shared":true,"jetpack_social_options":{"image_generator_settings":{"template":"highway","default_image_id":0,"font":"","enabled":false},"version":2}},"categories":[27,2,35],"tags":[],"class_list":["post-36336","post","type-post","status-publish","format-standard","has-post-thumbnail","hentry","category-blogu-i-udhetarit","category-politika","category-shoqerore"],"jetpack_publicize_connections":[],"jetpack_featured_media_url":"https:\/\/i0.wp.com\/www.shqiperia.com\/blog\/wp-content\/uploads\/2020\/07\/800-0-5f0ed1a22f5da.jpg?fit=800%2C452&ssl=1","jetpack_sharing_enabled":true,"jetpack_shortlink":"https:\/\/wp.me\/p5Z6wp-9s4","jetpack-related-posts":[{"id":22376,"url":"https:\/\/www.shqiperia.com\/blog\/kriza-politike-takimi-me-meten-kryedemokrati-basha-mberrin-ne-presidence\/","url_meta":{"origin":36336,"position":0},"title":"Kriza politike\/ Takimi me Met\u00ebn, kryedemokrati Basha mb\u00ebrrin n\u00eb Presidenc\u00eb. &#8211;","author":"Kurt Farka","date":"June 27, 2019","format":false,"excerpt":"Kriza politike\/ Takimi me Met\u00ebn, kryedemokrati Basha mb\u00ebrrin n\u00eb Presidenc\u00eb. - 27 qershor 2019 Kreu i PD-se, Lulzim Basha ka mberritur ne Presidence. Ne pergjigje te fteses se nje dite me pare te nisur nga Presidenti Meta, per takim ne zyren e tij, Basha eshte pergjigjur pozitivisht dhe ka mberritur\u2026","rel":"","context":"In &quot;Blogu i Udh\u00ebtarit&quot;","block_context":{"text":"Blogu i Udh\u00ebtarit","link":"https:\/\/www.shqiperia.com\/blog\/category\/blogu-i-udhetarit\/"},"img":{"alt_text":"","src":"https:\/\/i0.wp.com\/www.shqiperia.com\/blog\/wp-content\/uploads\/2019\/06\/basha-meta.jpg?fit=520%2C285&ssl=1&resize=350%2C200","width":350,"height":200},"classes":[]},{"id":52898,"url":"https:\/\/www.shqiperia.com\/blog\/zeri-i-amerikes-tensionet-ne-pd-deputetet-e-berishes-i-gjejne-mbyllur-dyert-e-selise\/","url_meta":{"origin":36336,"position":1},"title":"Z\u00ebri i Amerik\u00ebs: &#8211; Tensionet n\u00eb PD, deputet\u00ebt e Berish\u00ebs i gjejn\u00eb mbyllur dyert e selis\u00eb","author":"Kurt Farka","date":"January 5, 2022","format":false,"excerpt":"Z\u00ebri i Amerik\u00ebs: - Tensionet n\u00eb PD, deputet\u00ebt e Berish\u00ebs i gjejn\u00eb mbyllur dyert e selis\u00eb 5 JANAR 2022 N\u00eb Shqip\u00ebri, vijojn\u00eb tensione n\u00eb Partin\u00eb Demokratike. Nj\u00eb grup deputet\u00ebsh mb\u00ebshtet\u00ebs t\u00eb ish kryeministrit Sali Berisha i gjet\u00ebn sot t\u00eb mbyllura dyert e selis\u00eb, ku si\u00e7 deklaruan kishin shkuar p\u00ebr t\u00eb\u2026","rel":"","context":"In &quot;Blogu i Udh\u00ebtarit&quot;","block_context":{"text":"Blogu i Udh\u00ebtarit","link":"https:\/\/www.shqiperia.com\/blog\/category\/blogu-i-udhetarit\/"},"img":{"alt_text":"","src":"https:\/\/i0.wp.com\/www.shqiperia.com\/blog\/wp-content\/uploads\/2022\/01\/800-0-5bb4d5fe223601920a1fe1d293d62e0a-1.jpg?fit=800%2C450&ssl=1&resize=350%2C200","width":350,"height":200,"srcset":"https:\/\/i0.wp.com\/www.shqiperia.com\/blog\/wp-content\/uploads\/2022\/01\/800-0-5bb4d5fe223601920a1fe1d293d62e0a-1.jpg?fit=800%2C450&ssl=1&resize=350%2C200 1x, https:\/\/i0.wp.com\/www.shqiperia.com\/blog\/wp-content\/uploads\/2022\/01\/800-0-5bb4d5fe223601920a1fe1d293d62e0a-1.jpg?fit=800%2C450&ssl=1&resize=525%2C300 1.5x, https:\/\/i0.wp.com\/www.shqiperia.com\/blog\/wp-content\/uploads\/2022\/01\/800-0-5bb4d5fe223601920a1fe1d293d62e0a-1.jpg?fit=800%2C450&ssl=1&resize=700%2C400 2x"},"classes":[]},{"id":76506,"url":"https:\/\/www.shqiperia.com\/blog\/sekretari-i-nato-s-tensionet-ne-ballkan-po-rriten\/","url_meta":{"origin":36336,"position":2},"title":"Sekretari i NATO-s: &#8211; Tensionet n\u00eb Ballkan po rriten!","author":"Kurt Farka","date":"December 20, 2023","format":false,"excerpt":"20 Dhjetor 2023 Sekretari i P\u00ebrgjithsh\u00ebm i NATO-s, Jens Stoltenberg, n\u00eb fjalimin p\u00ebr fundvit tha se n\u00eb zhvillimet aktuale n\u00eb bot\u00eb nuk ka siguri pa mbrojtje t\u00eb fort\u00eb. Duke th\u00ebn\u00eb se NATO nuk provokon luft\u00eb, por p\u00ebr t\u00eb parandaluar konfliktet dhe p\u00ebr t\u00eb mbajtur paqen, Stoltenberg shtoi se n\u00eb Ballkanin\u2026","rel":"","context":"In &quot;Blogu i Udh\u00ebtarit&quot;","block_context":{"text":"Blogu i Udh\u00ebtarit","link":"https:\/\/www.shqiperia.com\/blog\/category\/blogu-i-udhetarit\/"},"img":{"alt_text":"","src":"https:\/\/i0.wp.com\/www.shqiperia.com\/blog\/wp-content\/uploads\/2023\/12\/640-0-472b38692d74f32f1aa140422c8ab355.jpg?fit=640%2C360&ssl=1&resize=350%2C200","width":350,"height":200,"srcset":"https:\/\/i0.wp.com\/www.shqiperia.com\/blog\/wp-content\/uploads\/2023\/12\/640-0-472b38692d74f32f1aa140422c8ab355.jpg?fit=640%2C360&ssl=1&resize=350%2C200 1x, https:\/\/i0.wp.com\/www.shqiperia.com\/blog\/wp-content\/uploads\/2023\/12\/640-0-472b38692d74f32f1aa140422c8ab355.jpg?fit=640%2C360&ssl=1&resize=525%2C300 1.5x"},"classes":[]},{"id":45055,"url":"https:\/\/www.shqiperia.com\/blog\/basha-jep-mesazhin-e-forte-per-ramen-koncensionet-nuk-raportohen-si-borxh-kjo-eshte-nje-bombe-me-sahat-per-vendin-tone\/","url_meta":{"origin":36336,"position":3},"title":"Basha jep mesazhin e fort\u00eb p\u00ebr Ram\u00ebn: &#8211; Koncensionet nuk raportohen si borxh.  Kjo \u00ebsht\u00eb nj\u00eb bomb\u00eb me sahat p\u00ebr vendin ton\u00eb","author":"Kurt Farka","date":"March 6, 2021","format":false,"excerpt":"Basha jep mesazhin e fort\u00eb p\u00ebr Ram\u00ebn: - Koncensionet nuk raportohen si borxh. Kjo \u00ebsht\u00eb nj\u00eb bomb\u00eb me sahat p\u00ebr vendin ton\u00eb 6 MARS 2021 Kreu i Partis\u00eb Demokratike, Lulzim Basha shprehet se PPP-t\u00eb, jan\u00eb nj\u00eb bomb\u00eb me sahat p\u00ebr vendin ton\u00eb. Ai shprehet se koncensionet nuk raportohen si borxh\u2026","rel":"","context":"In &quot;Blogu i Udh\u00ebtarit&quot;","block_context":{"text":"Blogu i Udh\u00ebtarit","link":"https:\/\/www.shqiperia.com\/blog\/category\/blogu-i-udhetarit\/"},"img":{"alt_text":"","src":"https:\/\/i0.wp.com\/www.shqiperia.com\/blog\/wp-content\/uploads\/2021\/03\/640-0-601557a55e70f.jpg?fit=640%2C427&ssl=1&resize=350%2C200","width":350,"height":200,"srcset":"https:\/\/i0.wp.com\/www.shqiperia.com\/blog\/wp-content\/uploads\/2021\/03\/640-0-601557a55e70f.jpg?fit=640%2C427&ssl=1&resize=350%2C200 1x, https:\/\/i0.wp.com\/www.shqiperia.com\/blog\/wp-content\/uploads\/2021\/03\/640-0-601557a55e70f.jpg?fit=640%2C427&ssl=1&resize=525%2C300 1.5x"},"classes":[]},{"id":72477,"url":"https:\/\/www.shqiperia.com\/blog\/basha-jam-fajtor-per-krizen-por-do-e-zgjidh-me-pervojen-dhe-mencurine-time\/","url_meta":{"origin":36336,"position":4},"title":"Basha: &#8211; Jam fajtor p\u00ebr kriz\u00ebn, por do e zgjidh me p\u00ebrvoj\u00ebn dhe men\u00e7urin\u00eb time","author":"Kurt Farka","date":"June 27, 2023","format":false,"excerpt":"27 Qershor 2023 Ish-kreu i Partis\u00eb Demokratike Lulzim Basha, ka zhvilluar takime me strukturat e PD n\u00eb deg\u00ebn 4 n\u00eb Tiran\u00eb. Basha thekson se Partia Demokratike \u00ebsht\u00eb partia e par\u00eb opozitare dhe partia e shpres\u00ebs s\u00eb shqiptar\u00ebve. Gjithashtu shton se PD do t\u00eb b\u00ebj\u00eb ndarjen e qart\u00eb dhe p\u00ebrfundimtare t\u00eb\u2026","rel":"","context":"In &quot;Blogu i Udh\u00ebtarit&quot;","block_context":{"text":"Blogu i Udh\u00ebtarit","link":"https:\/\/www.shqiperia.com\/blog\/category\/blogu-i-udhetarit\/"},"img":{"alt_text":"","src":"https:\/\/i0.wp.com\/www.shqiperia.com\/blog\/wp-content\/uploads\/2023\/06\/basha-5.png?fit=590%2C407&ssl=1&resize=350%2C200","width":350,"height":200,"srcset":"https:\/\/i0.wp.com\/www.shqiperia.com\/blog\/wp-content\/uploads\/2023\/06\/basha-5.png?fit=590%2C407&ssl=1&resize=350%2C200 1x, https:\/\/i0.wp.com\/www.shqiperia.com\/blog\/wp-content\/uploads\/2023\/06\/basha-5.png?fit=590%2C407&ssl=1&resize=525%2C300 1.5x"},"classes":[]},{"id":31989,"url":"https:\/\/www.shqiperia.com\/blog\/pak-ore-nga-tubimi-i-metes-yuri-kim-fton-ne-takim-bashen\/","url_meta":{"origin":36336,"position":5},"title":"Pak or\u00eb nga tubimi i Met\u00ebs, Yuri Kim fton n\u00eb takim Bash\u00ebn","author":"Kurt Farka","date":"March 2, 2020","format":false,"excerpt":"Pak or\u00eb nga tubimi i Met\u00ebs, Yuri Kim fton n\u00eb takim Bash\u00ebn Pak or\u00eb nga nisja e tubimit t\u00eb presidentit Ilir Meta, ambasadorja e SHBA n\u00eb vendin ton\u00eb Yuri Kim ka ftuar n\u00eb nj\u00eb drek\u00eb pune, kryedemokratin Lulzim Basha. 2 Mars 2020 Pak or\u00eb nga nisja e tubimit \"p\u00ebr Bes\u00eblidhje\"\u2026","rel":"","context":"In &quot;Blogu i Udh\u00ebtarit&quot;","block_context":{"text":"Blogu i Udh\u00ebtarit","link":"https:\/\/www.shqiperia.com\/blog\/category\/blogu-i-udhetarit\/"},"img":{"alt_text":"","src":"https:\/\/i0.wp.com\/www.shqiperia.com\/blog\/wp-content\/uploads\/2020\/03\/1583150404_bashakim.jpg?fit=780%2C353&ssl=1&resize=350%2C200","width":350,"height":200,"srcset":"https:\/\/i0.wp.com\/www.shqiperia.com\/blog\/wp-content\/uploads\/2020\/03\/1583150404_bashakim.jpg?fit=780%2C353&ssl=1&resize=350%2C200 1x, https:\/\/i0.wp.com\/www.shqiperia.com\/blog\/wp-content\/uploads\/2020\/03\/1583150404_bashakim.jpg?fit=780%2C353&ssl=1&resize=525%2C300 1.5x, https:\/\/i0.wp.com\/www.shqiperia.com\/blog\/wp-content\/uploads\/2020\/03\/1583150404_bashakim.jpg?fit=780%2C353&ssl=1&resize=700%2C400 2x"},"classes":[]}],"_links":{"self":[{"href":"https:\/\/www.shqiperia.com\/blog\/wp-json\/wp\/v2\/posts\/36336","targetHints":{"allow":["GET"]}}],"collection":[{"href":"https:\/\/www.shqiperia.com\/blog\/wp-json\/wp\/v2\/posts"}],"about":[{"href":"https:\/\/www.shqiperia.com\/blog\/wp-json\/wp\/v2\/types\/post"}],"author":[{"embeddable":true,"href":"https:\/\/www.shqiperia.com\/blog\/wp-json\/wp\/v2\/users\/9"}],"replies":[{"embeddable":true,"href":"https:\/\/www.shqiperia.com\/blog\/wp-json\/wp\/v2\/comments?post=36336"}],"version-history":[{"count":1,"href":"https:\/\/www.shqiperia.com\/blog\/wp-json\/wp\/v2\/posts\/36336\/revisions"}],"predecessor-version":[{"id":36338,"href":"https:\/\/www.shqiperia.com\/blog\/wp-json\/wp\/v2\/posts\/36336\/revisions\/36338"}],"wp:featuredmedia":[{"embeddable":true,"href":"https:\/\/www.shqiperia.com\/blog\/wp-json\/wp\/v2\/media\/36337"}],"wp:attachment":[{"href":"https:\/\/www.shqiperia.com\/blog\/wp-json\/wp\/v2\/media?parent=36336"}],"wp:term":[{"taxonomy":"category","embeddable":true,"href":"https:\/\/www.shqiperia.com\/blog\/wp-json\/wp\/v2\/categories?post=36336"},{"taxonomy":"post_tag","embeddable":true,"href":"https:\/\/www.shqiperia.com\/blog\/wp-json\/wp\/v2\/tags?post=36336"}],"curies":[{"name":"wp","href":"https:\/\/api.w.org\/{rel}","templated":true}]}}