{"id":36332,"date":"2020-07-15T10:16:14","date_gmt":"2020-07-15T10:16:14","guid":{"rendered":"https:\/\/www.shqiperia.com\/blog\/?p=36332"},"modified":"2020-07-15T10:16:14","modified_gmt":"2020-07-15T10:16:14","slug":"arte-figurative-nga-koleksioni-i-galerise-kombetare-te-arteve","status":"publish","type":"post","link":"https:\/\/www.shqiperia.com\/blog\/arte-figurative-nga-koleksioni-i-galerise-kombetare-te-arteve\/","title":{"rendered":"Arte Figurative: Nga Koleksioni i Galeris\u00eb Komb\u00ebtare t\u00eb Arteve."},"content":{"rendered":"<p><img data-recalc-dims=\"1\" loading=\"lazy\" decoding=\"async\" data-attachment-id=\"36333\" data-permalink=\"https:\/\/www.shqiperia.com\/blog\/arte-figurative-nga-koleksioni-i-galerise-kombetare-te-arteve\/foto-stamo-portret-burri-1957\/\" data-orig-file=\"https:\/\/i0.wp.com\/www.shqiperia.com\/blog\/wp-content\/uploads\/2020\/07\/Foto-Stamo-Portret-Burri-1957.jpg?fit=506%2C335&amp;ssl=1\" data-orig-size=\"506,335\" data-comments-opened=\"1\" data-image-meta=\"{&quot;aperture&quot;:&quot;0&quot;,&quot;credit&quot;:&quot;albes fusha&quot;,&quot;camera&quot;:&quot;&quot;,&quot;caption&quot;:&quot;&quot;,&quot;created_timestamp&quot;:&quot;0&quot;,&quot;copyright&quot;:&quot;&quot;,&quot;focal_length&quot;:&quot;0&quot;,&quot;iso&quot;:&quot;0&quot;,&quot;shutter_speed&quot;:&quot;0&quot;,&quot;title&quot;:&quot;&quot;,&quot;orientation&quot;:&quot;0&quot;}\" data-image-title=\"Foto Stamo Portret Burri 1957\" data-image-description=\"\" data-image-caption=\"\" data-medium-file=\"https:\/\/i0.wp.com\/www.shqiperia.com\/blog\/wp-content\/uploads\/2020\/07\/Foto-Stamo-Portret-Burri-1957.jpg?fit=300%2C199&amp;ssl=1\" data-large-file=\"https:\/\/i0.wp.com\/www.shqiperia.com\/blog\/wp-content\/uploads\/2020\/07\/Foto-Stamo-Portret-Burri-1957.jpg?fit=506%2C335&amp;ssl=1\" class=\"alignnone  wp-image-36333\" alt=\"\" src=\"https:\/\/i0.wp.com\/www.shqiperia.com\/blog\/wp-content\/uploads\/2020\/07\/Foto-Stamo-Portret-Burri-1957.jpg?resize=583%2C387&#038;ssl=1\" width=\"583\" height=\"387\" srcset=\"https:\/\/i0.wp.com\/www.shqiperia.com\/blog\/wp-content\/uploads\/2020\/07\/Foto-Stamo-Portret-Burri-1957.jpg?resize=300%2C199&amp;ssl=1 300w, https:\/\/i0.wp.com\/www.shqiperia.com\/blog\/wp-content\/uploads\/2020\/07\/Foto-Stamo-Portret-Burri-1957.jpg?resize=450%2C298&amp;ssl=1 450w, https:\/\/i0.wp.com\/www.shqiperia.com\/blog\/wp-content\/uploads\/2020\/07\/Foto-Stamo-Portret-Burri-1957.jpg?resize=400%2C265&amp;ssl=1 400w, https:\/\/i0.wp.com\/www.shqiperia.com\/blog\/wp-content\/uploads\/2020\/07\/Foto-Stamo-Portret-Burri-1957.jpg?w=506&amp;ssl=1 506w\" sizes=\"auto, (max-width: 583px) 100vw, 583px\" \/><\/p>\n<p>Arte Figurative: Nga Koleksioni i Galeris\u00eb Komb\u00ebtare t\u00eb Arteve.<\/p>\n<p>Foto Stamo<\/p>\n<p><img data-recalc-dims=\"1\" loading=\"lazy\" decoding=\"async\" data-attachment-id=\"36334\" data-permalink=\"https:\/\/www.shqiperia.com\/blog\/arte-figurative-nga-koleksioni-i-galerise-kombetare-te-arteve\/foto-stamo-portret-burri-1957-2\/\" data-orig-file=\"https:\/\/i0.wp.com\/www.shqiperia.com\/blog\/wp-content\/uploads\/2020\/07\/Foto-Stamo-Portret-Burri-1957-2.jpg?fit=506%2C640&amp;ssl=1\" data-orig-size=\"506,640\" data-comments-opened=\"1\" data-image-meta=\"{&quot;aperture&quot;:&quot;0&quot;,&quot;credit&quot;:&quot;albes fusha&quot;,&quot;camera&quot;:&quot;&quot;,&quot;caption&quot;:&quot;&quot;,&quot;created_timestamp&quot;:&quot;0&quot;,&quot;copyright&quot;:&quot;&quot;,&quot;focal_length&quot;:&quot;0&quot;,&quot;iso&quot;:&quot;0&quot;,&quot;shutter_speed&quot;:&quot;0&quot;,&quot;title&quot;:&quot;&quot;,&quot;orientation&quot;:&quot;0&quot;}\" data-image-title=\"Foto Stamo Portret Burri 1957 (2)\" data-image-description=\"\" data-image-caption=\"\" data-medium-file=\"https:\/\/i0.wp.com\/www.shqiperia.com\/blog\/wp-content\/uploads\/2020\/07\/Foto-Stamo-Portret-Burri-1957-2.jpg?fit=237%2C300&amp;ssl=1\" data-large-file=\"https:\/\/i0.wp.com\/www.shqiperia.com\/blog\/wp-content\/uploads\/2020\/07\/Foto-Stamo-Portret-Burri-1957-2.jpg?fit=506%2C640&amp;ssl=1\" class=\"alignnone  wp-image-36334\" alt=\"\" src=\"https:\/\/i0.wp.com\/www.shqiperia.com\/blog\/wp-content\/uploads\/2020\/07\/Foto-Stamo-Portret-Burri-1957-2.jpg?resize=557%2C705&#038;ssl=1\" width=\"557\" height=\"705\" srcset=\"https:\/\/i0.wp.com\/www.shqiperia.com\/blog\/wp-content\/uploads\/2020\/07\/Foto-Stamo-Portret-Burri-1957-2.jpg?resize=237%2C300&amp;ssl=1 237w, https:\/\/i0.wp.com\/www.shqiperia.com\/blog\/wp-content\/uploads\/2020\/07\/Foto-Stamo-Portret-Burri-1957-2.jpg?resize=450%2C569&amp;ssl=1 450w, https:\/\/i0.wp.com\/www.shqiperia.com\/blog\/wp-content\/uploads\/2020\/07\/Foto-Stamo-Portret-Burri-1957-2.jpg?resize=400%2C506&amp;ssl=1 400w, https:\/\/i0.wp.com\/www.shqiperia.com\/blog\/wp-content\/uploads\/2020\/07\/Foto-Stamo-Portret-Burri-1957-2.jpg?w=506&amp;ssl=1 506w\" sizes=\"auto, (max-width: 557px) 100vw, 557px\" \/><\/p>\n<p>Portret burri, 1957<\/p>\n","protected":false},"excerpt":{"rendered":"<p>Arte Figurative: Nga Koleksioni i Galeris\u00eb Komb\u00ebtare t\u00eb Arteve. Foto Stamo Portret burri, 1957<\/p>\n","protected":false},"author":9,"featured_media":36333,"comment_status":"open","ping_status":"open","sticky":false,"template":"","format":"standard","meta":{"jetpack_post_was_ever_published":false,"_jetpack_newsletter_access":"","_jetpack_dont_email_post_to_subs":false,"_jetpack_newsletter_tier_id":0,"_jetpack_memberships_contains_paywalled_content":false,"_jetpack_memberships_contains_paid_content":false,"footnotes":"","jetpack_publicize_message":"","jetpack_publicize_feature_enabled":true,"jetpack_social_post_already_shared":true,"jetpack_social_options":{"image_generator_settings":{"template":"highway","default_image_id":0,"font":"","enabled":false},"version":2}},"categories":[87,10,86],"tags":[],"class_list":["post-36332","post","type-post","status-publish","format-standard","has-post-thumbnail","hentry","category-arte","category-kultura","category-trashegimi-kulturore"],"jetpack_publicize_connections":[],"jetpack_featured_media_url":"https:\/\/i0.wp.com\/www.shqiperia.com\/blog\/wp-content\/uploads\/2020\/07\/Foto-Stamo-Portret-Burri-1957.jpg?fit=506%2C335&ssl=1","jetpack_sharing_enabled":true,"jetpack_shortlink":"https:\/\/wp.me\/p5Z6wp-9s0","jetpack-related-posts":[{"id":43299,"url":"https:\/\/www.shqiperia.com\/blog\/nga-koleksioni-i-galerise-kombetare-te-arteve-muhamet-deliu-femijet-kendojne\/","url_meta":{"origin":36332,"position":0},"title":"Nga Koleksioni i Galeris\u00eb Komb\u00ebtare t\u00eb Arteve:  Muhamet Deliu: &#8220;F\u00ebmij\u00ebt k\u00ebndojn\u00eb","author":"Kurt Farka","date":"January 24, 2021","format":false,"excerpt":"Nga Koleksioni i Galeris\u00eb Komb\u00ebtare t\u00eb Arteve. Muhamet Deliu: \"F\u00ebmij\u00ebt k\u00ebndojn\u00eb\", (fragment) 1975-76. Foto: Ylli Bala","rel":"","context":"In &quot;Arte&quot;","block_context":{"text":"Arte","link":"https:\/\/www.shqiperia.com\/blog\/category\/arte\/"},"img":{"alt_text":"","src":"https:\/\/i0.wp.com\/www.shqiperia.com\/blog\/wp-content\/uploads\/2021\/01\/Muhamet-Deliu-Femijet-kendojne-fragment-1975.jpg?fit=526%2C313&ssl=1&resize=350%2C200","width":350,"height":200,"srcset":"https:\/\/i0.wp.com\/www.shqiperia.com\/blog\/wp-content\/uploads\/2021\/01\/Muhamet-Deliu-Femijet-kendojne-fragment-1975.jpg?fit=526%2C313&ssl=1&resize=350%2C200 1x, https:\/\/i0.wp.com\/www.shqiperia.com\/blog\/wp-content\/uploads\/2021\/01\/Muhamet-Deliu-Femijet-kendojne-fragment-1975.jpg?fit=526%2C313&ssl=1&resize=525%2C300 1.5x"},"classes":[]},{"id":36228,"url":"https:\/\/www.shqiperia.com\/blog\/arte-figurative-maks-velo-rruge-ne-tirane-1967-dy-foto\/","url_meta":{"origin":36332,"position":1},"title":"Arte Figurative. Maks Velo  Rrug\u00eb n\u00eb Tiran\u00eb, 1967. (dy foto).","author":"Kurt Farka","date":"July 11, 2020","format":false,"excerpt":"Arte Figurative. Maks Velo Rrug\u00eb n\u00eb Tiran\u00eb, 1967. Nga Koleksioni i Galeris\u00eb Komb\u00ebtare t\u00eb Arteve:","rel":"","context":"In &quot;Arte&quot;","block_context":{"text":"Arte","link":"https:\/\/www.shqiperia.com\/blog\/category\/arte\/"},"img":{"alt_text":"","src":"https:\/\/i0.wp.com\/www.shqiperia.com\/blog\/wp-content\/uploads\/2020\/07\/Maks-Velo.-Rrug%C3%AB-n%C3%AB-Tiran%C3%AB-1967-fragment..jpg?fit=510%2C329&ssl=1&resize=350%2C200","width":350,"height":200},"classes":[]},{"id":24533,"url":"https:\/\/www.shqiperia.com\/blog\/koleksioni-i-galerise-se-arteve-te-shkodres\/","url_meta":{"origin":36332,"position":2},"title":"Koleksioni i Galeris\u00eb s\u00eb Arteve t\u00eb Shkodr\u00ebs","author":"Kurt Farka","date":"August 9, 2019","format":false,"excerpt":"Koleksioni i Galeris\u00eb s\u00eb Arteve t\u00eb Shkodr\u00ebs. - Koleksioni i Galeris\u00eb s\u00eb Arteve t\u00eb Shkodr\u00ebs p\u00ebrb\u00ebhet prej rreth 700 pikturash, skulpturash, vizatimesh dhe fotosh, vepra te realizuara nga artiste shqiptare ne nje hark kohor prej rreth njeqind vjetesh, nga fillimi i shekullit te kaluar deri ne ditet e sotme. Emrat\u2026","rel":"","context":"In &quot;Arte&quot;","block_context":{"text":"Arte","link":"https:\/\/www.shqiperia.com\/blog\/category\/arte\/"},"img":{"alt_text":"","src":"https:\/\/i0.wp.com\/www.shqiperia.com\/blog\/wp-content\/uploads\/2019\/08\/lilianacefa-Copy.jpg?fit=421%2C243&ssl=1&resize=350%2C200","width":350,"height":200},"classes":[]},{"id":31069,"url":"https:\/\/www.shqiperia.com\/blog\/arte-figurative-luftetari-i-pavarsise-autor-angjelin-dodmasej\/","url_meta":{"origin":36332,"position":3},"title":"Arte Figurative: \u201cLuft\u00ebtari I Pavarsis\u00eb\u201d.\u00a0 Autor: Angjelin Dodmasej,","author":"Kurt Farka","date":"February 4, 2020","format":false,"excerpt":"\u201c Luft\u00ebtari I Pavarsis\u00eb\u201d.\u00a0 Autor: Angjelin Dodmasej, Prone e \u00a0Galerise \u00a0se Arteve Shkoder.","rel":"","context":"In &quot;Arte&quot;","block_context":{"text":"Arte","link":"https:\/\/www.shqiperia.com\/blog\/category\/arte\/"},"img":{"alt_text":"","src":"https:\/\/i0.wp.com\/www.shqiperia.com\/blog\/wp-content\/uploads\/2020\/02\/33778-Copy.jpg?fit=488%2C304&ssl=1&resize=350%2C200","width":350,"height":200},"classes":[]},{"id":6880,"url":"https:\/\/www.shqiperia.com\/blog\/piktori-pashk-pervathi-album\/","url_meta":{"origin":36332,"position":4},"title":"Piktori Pashk Pervathi. (+Album). &#8211;","author":"Kurt Farka","date":"May 1, 2018","format":false,"excerpt":"Piktori Pashk Pervathi. (+Album). -\u00a0 Pashk P\u00ebrvathi ka lindur n\u00eb Manati t\u00eb Lezh\u00ebs, me 27 Shkurt te vitit 1958.. Q\u00eb n\u00eb f\u00ebmij\u00ebri ushqen pasion p\u00ebr piktur\u00ebnN\u00eb mosh\u00ebn 21-vje\u00e7are paraqitet p\u00ebr her\u00eb t\u00eb par\u00eb n\u00eb Ekspozit\u00ebn Komb\u00ebtare n\u00eb vitin 1979 me peizazhin \"Vjesht\u00eb n\u00eb Manati\" p\u00ebrkrah piktor\u00ebve m\u00eb t\u00eb njohur t\u00eb\u2026","rel":"","context":"In &quot;Arte&quot;","block_context":{"text":"Arte","link":"https:\/\/www.shqiperia.com\/blog\/category\/arte\/"},"img":{"alt_text":"","src":"https:\/\/i0.wp.com\/www.shqiperia.com\/blog\/wp-content\/uploads\/2018\/05\/Studio-Pashk-Pervathi-2.jpg?fit=960%2C720&ssl=1&resize=350%2C200","width":350,"height":200,"srcset":"https:\/\/i0.wp.com\/www.shqiperia.com\/blog\/wp-content\/uploads\/2018\/05\/Studio-Pashk-Pervathi-2.jpg?fit=960%2C720&ssl=1&resize=350%2C200 1x, https:\/\/i0.wp.com\/www.shqiperia.com\/blog\/wp-content\/uploads\/2018\/05\/Studio-Pashk-Pervathi-2.jpg?fit=960%2C720&ssl=1&resize=525%2C300 1.5x, https:\/\/i0.wp.com\/www.shqiperia.com\/blog\/wp-content\/uploads\/2018\/05\/Studio-Pashk-Pervathi-2.jpg?fit=960%2C720&ssl=1&resize=700%2C400 2x"},"classes":[]},{"id":14256,"url":"https:\/\/www.shqiperia.com\/blog\/qeveria-mbyll-onufrin-arsyeja-sekret-shteteror\/","url_meta":{"origin":36332,"position":5},"title":"Qeveria mbyll \u201cOnufrin\u201d, arsyeja? \u201cSekret. &#8211; shtet\u00ebror!\u201d-","author":"Kurt Farka","date":"December 2, 2018","format":false,"excerpt":"Qeveria mbyll \u201cOnufrin\u201d, arsyeja? \u201cSekret. - shtet\u00ebror!\u201d- Nga Rubens Shima. Me miratimin nga Parla menti t\u00eb ligjit absurd p\u00ebr artin, ligj\u00ebrisht ndryshoi edhe emri i Galeris\u00eb Komb\u00ebtare. Nj\u00eb rast unik i llojit t\u00eb vet n\u00eb planet, ku n\u00eb shek. XXI, nj\u00eb vend europian (kuptohet vet\u00ebm gjeografikisht), pa motiv dhe pa\u2026","rel":"","context":"In &quot;Arte&quot;","block_context":{"text":"Arte","link":"https:\/\/www.shqiperia.com\/blog\/category\/arte\/"},"img":{"alt_text":"","src":"https:\/\/i0.wp.com\/www.shqiperia.com\/blog\/wp-content\/uploads\/2018\/12\/Rubens-Shima-Copy.jpg?fit=720%2C409&ssl=1&resize=350%2C200","width":350,"height":200,"srcset":"https:\/\/i0.wp.com\/www.shqiperia.com\/blog\/wp-content\/uploads\/2018\/12\/Rubens-Shima-Copy.jpg?fit=720%2C409&ssl=1&resize=350%2C200 1x, https:\/\/i0.wp.com\/www.shqiperia.com\/blog\/wp-content\/uploads\/2018\/12\/Rubens-Shima-Copy.jpg?fit=720%2C409&ssl=1&resize=525%2C300 1.5x, https:\/\/i0.wp.com\/www.shqiperia.com\/blog\/wp-content\/uploads\/2018\/12\/Rubens-Shima-Copy.jpg?fit=720%2C409&ssl=1&resize=700%2C400 2x"},"classes":[]}],"_links":{"self":[{"href":"https:\/\/www.shqiperia.com\/blog\/wp-json\/wp\/v2\/posts\/36332","targetHints":{"allow":["GET"]}}],"collection":[{"href":"https:\/\/www.shqiperia.com\/blog\/wp-json\/wp\/v2\/posts"}],"about":[{"href":"https:\/\/www.shqiperia.com\/blog\/wp-json\/wp\/v2\/types\/post"}],"author":[{"embeddable":true,"href":"https:\/\/www.shqiperia.com\/blog\/wp-json\/wp\/v2\/users\/9"}],"replies":[{"embeddable":true,"href":"https:\/\/www.shqiperia.com\/blog\/wp-json\/wp\/v2\/comments?post=36332"}],"version-history":[{"count":1,"href":"https:\/\/www.shqiperia.com\/blog\/wp-json\/wp\/v2\/posts\/36332\/revisions"}],"predecessor-version":[{"id":36335,"href":"https:\/\/www.shqiperia.com\/blog\/wp-json\/wp\/v2\/posts\/36332\/revisions\/36335"}],"wp:featuredmedia":[{"embeddable":true,"href":"https:\/\/www.shqiperia.com\/blog\/wp-json\/wp\/v2\/media\/36333"}],"wp:attachment":[{"href":"https:\/\/www.shqiperia.com\/blog\/wp-json\/wp\/v2\/media?parent=36332"}],"wp:term":[{"taxonomy":"category","embeddable":true,"href":"https:\/\/www.shqiperia.com\/blog\/wp-json\/wp\/v2\/categories?post=36332"},{"taxonomy":"post_tag","embeddable":true,"href":"https:\/\/www.shqiperia.com\/blog\/wp-json\/wp\/v2\/tags?post=36332"}],"curies":[{"name":"wp","href":"https:\/\/api.w.org\/{rel}","templated":true}]}}