{"id":36329,"date":"2020-07-15T07:01:13","date_gmt":"2020-07-15T07:01:13","guid":{"rendered":"https:\/\/www.shqiperia.com\/blog\/?p=36329"},"modified":"2020-07-15T07:01:13","modified_gmt":"2020-07-15T07:01:13","slug":"termet-ne-korce-ja-sa-ishte-magnituda","status":"publish","type":"post","link":"https:\/\/www.shqiperia.com\/blog\/termet-ne-korce-ja-sa-ishte-magnituda\/","title":{"rendered":"T\u00ebrmet n\u00eb Kor\u00e7\u00eb, ja sa ishte magnituda"},"content":{"rendered":"<p><img data-recalc-dims=\"1\" loading=\"lazy\" decoding=\"async\" data-attachment-id=\"36330\" data-permalink=\"https:\/\/www.shqiperia.com\/blog\/termet-ne-korce-ja-sa-ishte-magnituda\/19adcf14-f291-4bab-8361-ccdfe074c045-1-e1594795738788\/\" data-orig-file=\"https:\/\/i0.wp.com\/www.shqiperia.com\/blog\/wp-content\/uploads\/2020\/07\/19adcf14-f291-4bab-8361-ccdfe074c045-1-e1594795738788.jpg?fit=607%2C299&amp;ssl=1\" data-orig-size=\"607,299\" data-comments-opened=\"1\" data-image-meta=\"{&quot;aperture&quot;:&quot;0&quot;,&quot;credit&quot;:&quot;&quot;,&quot;camera&quot;:&quot;&quot;,&quot;caption&quot;:&quot;&quot;,&quot;created_timestamp&quot;:&quot;0&quot;,&quot;copyright&quot;:&quot;&quot;,&quot;focal_length&quot;:&quot;0&quot;,&quot;iso&quot;:&quot;0&quot;,&quot;shutter_speed&quot;:&quot;0&quot;,&quot;title&quot;:&quot;&quot;,&quot;orientation&quot;:&quot;0&quot;}\" data-image-title=\"19adcf14-f291-4bab-8361-ccdfe074c045-1-e1594795738788\" data-image-description=\"\" data-image-caption=\"\" data-medium-file=\"https:\/\/i0.wp.com\/www.shqiperia.com\/blog\/wp-content\/uploads\/2020\/07\/19adcf14-f291-4bab-8361-ccdfe074c045-1-e1594795738788.jpg?fit=300%2C148&amp;ssl=1\" data-large-file=\"https:\/\/i0.wp.com\/www.shqiperia.com\/blog\/wp-content\/uploads\/2020\/07\/19adcf14-f291-4bab-8361-ccdfe074c045-1-e1594795738788.jpg?fit=607%2C299&amp;ssl=1\" class=\"alignnone  wp-image-36330\" alt=\"\" src=\"https:\/\/i0.wp.com\/www.shqiperia.com\/blog\/wp-content\/uploads\/2020\/07\/19adcf14-f291-4bab-8361-ccdfe074c045-1-e1594795738788-300x148.jpg?resize=584%2C288&#038;ssl=1\" width=\"584\" height=\"288\" srcset=\"https:\/\/i0.wp.com\/www.shqiperia.com\/blog\/wp-content\/uploads\/2020\/07\/19adcf14-f291-4bab-8361-ccdfe074c045-1-e1594795738788.jpg?resize=300%2C148&amp;ssl=1 300w, https:\/\/i0.wp.com\/www.shqiperia.com\/blog\/wp-content\/uploads\/2020\/07\/19adcf14-f291-4bab-8361-ccdfe074c045-1-e1594795738788.jpg?resize=450%2C222&amp;ssl=1 450w, https:\/\/i0.wp.com\/www.shqiperia.com\/blog\/wp-content\/uploads\/2020\/07\/19adcf14-f291-4bab-8361-ccdfe074c045-1-e1594795738788.jpg?resize=600%2C296&amp;ssl=1 600w, https:\/\/i0.wp.com\/www.shqiperia.com\/blog\/wp-content\/uploads\/2020\/07\/19adcf14-f291-4bab-8361-ccdfe074c045-1-e1594795738788.jpg?resize=400%2C197&amp;ssl=1 400w, https:\/\/i0.wp.com\/www.shqiperia.com\/blog\/wp-content\/uploads\/2020\/07\/19adcf14-f291-4bab-8361-ccdfe074c045-1-e1594795738788.jpg?w=607&amp;ssl=1 607w\" sizes=\"auto, (max-width: 584px) 100vw, 584px\" \/><\/p>\n<p><strong>T\u00ebrmet n\u00eb Kor\u00e7\u00eb, ja sa ishte magnituda<\/strong><\/p>\n<p>15 Korrik, 2020 08:50<\/p>\n<p>M\u00ebngjesin e sot\u00ebm jan\u00eb regjistruar l\u00ebkundje t\u00ebrmeti n\u00eb qytetin e Kor\u00e7\u00ebs.<\/p>\n<p>L\u00ebkundja u regjistrua rreth or\u00ebs 08:30 me magnitud\u00eb 3,5 t\u00eb shkall\u00ebs Rihter, sipas Qendr\u00ebs Europiane t\u00eb T\u00ebrmeteve.<\/p>\n<p>Epiqendra e l\u00ebkundjes s\u00eb t\u00ebrmetit ka q\u00ebn\u00eb 17 kilomentra larg qytetit, por banor\u00ebt raportojn\u00eb se l\u00ebkundjet kan\u00eb q\u00ebn\u00eb t\u00eb fuqishme dhe jan\u00eb ndjer\u00eb shum\u00eb edhe n\u00eb qytet.<\/p>\n<p>Ballkan Web<\/p>\n","protected":false},"excerpt":{"rendered":"<p>T\u00ebrmet n\u00eb Kor\u00e7\u00eb, ja sa ishte magnituda 15 Korrik, 2020 08:50 M\u00ebngjesin e sot\u00ebm jan\u00eb regjistruar l\u00ebkundje t\u00ebrmeti n\u00eb qytetin e Kor\u00e7\u00ebs. L\u00ebkundja u regjistrua rreth or\u00ebs 08:30 me magnitud\u00eb 3,5 t\u00eb shkall\u00ebs Rihter, sipas Qendr\u00ebs Europiane t\u00eb T\u00ebrmeteve. Epiqendra e l\u00ebkundjes s\u00eb t\u00ebrmetit ka q\u00ebn\u00eb 17 kilomentra larg qytetit, por banor\u00ebt raportojn\u00eb se l\u00ebkundjet [&hellip;]<\/p>\n","protected":false},"author":9,"featured_media":36330,"comment_status":"open","ping_status":"open","sticky":false,"template":"","format":"standard","meta":{"jetpack_post_was_ever_published":false,"_jetpack_newsletter_access":"","_jetpack_dont_email_post_to_subs":false,"_jetpack_newsletter_tier_id":0,"_jetpack_memberships_contains_paywalled_content":false,"_jetpack_memberships_contains_paid_content":false,"footnotes":"","jetpack_publicize_message":"","jetpack_publicize_feature_enabled":true,"jetpack_social_post_already_shared":true,"jetpack_social_options":{"image_generator_settings":{"template":"highway","default_image_id":0,"font":"","enabled":false},"version":2}},"categories":[27,1],"tags":[],"class_list":["post-36329","post","type-post","status-publish","format-standard","has-post-thumbnail","hentry","category-blogu-i-udhetarit","category-njoftime-shtypi"],"jetpack_publicize_connections":[],"jetpack_featured_media_url":"https:\/\/i0.wp.com\/www.shqiperia.com\/blog\/wp-content\/uploads\/2020\/07\/19adcf14-f291-4bab-8361-ccdfe074c045-1-e1594795738788.jpg?fit=607%2C299&ssl=1","jetpack_sharing_enabled":true,"jetpack_shortlink":"https:\/\/wp.me\/p5Z6wp-9rX","jetpack-related-posts":[{"id":34284,"url":"https:\/\/www.shqiperia.com\/blog\/termet-ne-korce-ja-ku-ishte-epiqendra-dhe-sa-balle-ishte\/","url_meta":{"origin":36329,"position":0},"title":"T\u00ebrmet n\u00eb Kor\u00e7\u00eb. Ja ku ishte epiqendra dhe sa ball\u00eb ishte","author":"Kurt Farka","date":"May 5, 2020","format":false,"excerpt":"T\u00ebrmet n\u00eb Kor\u00e7\u00eb. Ja ku ishte epiqendra dhe sa ball\u00eb ishte 05\/05\/2020 ora-20:55 Nj\u00eb t\u00ebrmet me magnitud\u00eb 3.0 i shkall\u00ebs rihter ka r\u00ebn\u00eb n\u00eb Kor\u00e7\u00eb mbr\u00ebmjen e sotme. Ndon\u00ebse magnituda \u00ebsht\u00eb shum\u00eb e vog\u00ebl \u00ebsht\u00eb ndjer\u00eb goxha pasi ka qen\u00eb n\u00eb sip\u00ebrfaqe. Sipas EMSC thell\u00ebsia e t\u00ebrmetit ka qen\u00eb 0\u2026","rel":"","context":"In &quot;Njoftime Shtypi&quot;","block_context":{"text":"Njoftime Shtypi","link":"https:\/\/www.shqiperia.com\/blog\/category\/njoftime-shtypi\/"},"img":{"alt_text":"","src":"https:\/\/i0.wp.com\/www.shqiperia.com\/blog\/wp-content\/uploads\/2020\/05\/1526295776_termet-770x434-1.jpg?fit=589%2C300&ssl=1&resize=350%2C200","width":350,"height":200,"srcset":"https:\/\/i0.wp.com\/www.shqiperia.com\/blog\/wp-content\/uploads\/2020\/05\/1526295776_termet-770x434-1.jpg?fit=589%2C300&ssl=1&resize=350%2C200 1x, https:\/\/i0.wp.com\/www.shqiperia.com\/blog\/wp-content\/uploads\/2020\/05\/1526295776_termet-770x434-1.jpg?fit=589%2C300&ssl=1&resize=525%2C300 1.5x"},"classes":[]},{"id":73286,"url":"https:\/\/www.shqiperia.com\/blog\/termet-ne-vend-ja-sa-ishte-magnituda\/","url_meta":{"origin":36329,"position":1},"title":"T\u00ebrmet n\u00eb vend, ja sa ishte magnituda","author":"Kurt Farka","date":"August 5, 2023","format":false,"excerpt":"5 Gusht 2023 Pak minuta m\u00eb par\u00eb jan\u00eb ndjer\u00eb l\u00ebkundje sizmike n\u00eb vendin ton\u00eb. Sipas IGJEUM, t\u00ebrmeti ka qen\u00eb me thell\u00ebsi 5 km dhe me magnitud\u00eb 3.5 i shkall\u00ebs Rihter. Epiqend\u00ebra ishte n\u00eb Cepo t\u00eb Gjirokastr\u00ebs. Aktualisht nuk raportohet p\u00ebr d\u00ebme materiale.","rel":"","context":"In &quot;Blogu i Udh\u00ebtarit&quot;","block_context":{"text":"Blogu i Udh\u00ebtarit","link":"https:\/\/www.shqiperia.com\/blog\/category\/blogu-i-udhetarit\/"},"img":{"alt_text":"","src":"https:\/\/i0.wp.com\/www.shqiperia.com\/blog\/wp-content\/uploads\/2023\/08\/800-0-64cd61533d302.jpg?fit=800%2C554&ssl=1&resize=350%2C200","width":350,"height":200,"srcset":"https:\/\/i0.wp.com\/www.shqiperia.com\/blog\/wp-content\/uploads\/2023\/08\/800-0-64cd61533d302.jpg?fit=800%2C554&ssl=1&resize=350%2C200 1x, https:\/\/i0.wp.com\/www.shqiperia.com\/blog\/wp-content\/uploads\/2023\/08\/800-0-64cd61533d302.jpg?fit=800%2C554&ssl=1&resize=525%2C300 1.5x, https:\/\/i0.wp.com\/www.shqiperia.com\/blog\/wp-content\/uploads\/2023\/08\/800-0-64cd61533d302.jpg?fit=800%2C554&ssl=1&resize=700%2C400 2x"},"classes":[]},{"id":78967,"url":"https:\/\/www.shqiperia.com\/blog\/termet-ne-vlore-ja-sa-ishte-magnituda\/","url_meta":{"origin":36329,"position":2},"title":"T\u00ebrmet n\u00eb Vlor\u00eb. &#8211; Ja sa ishte magnituda","author":"Kurt Farka","date":"March 6, 2024","format":false,"excerpt":"6 Mars 2024 L\u00ebkundje t\u00ebrmeti jan\u00eb raportuar mbr\u00ebmjen e k\u00ebsaj t\u00eb m\u00ebrkure n\u00eb qytetin e Vlor\u00ebs. Sipas IGJEUM, b\u00ebhet fjal\u00eb p\u00ebr nj\u00eb t\u00ebrmet me magnitud\u00eb prej 3.7 ball\u00eb t\u00eb shkall\u00ebs rihter. Epiqendra ka q\u00ebn\u00eb 5 kilomet\u00ebr n\u00ebn sip\u00ebrfaqen e tok\u00ebs n\u00eb zon\u00ebn e Bratajt. Raportimet flasin se l\u00ebkundja \u00ebsht\u00eb ndjer\u00eb\u2026","rel":"","context":"In &quot;Blogu i Udh\u00ebtarit&quot;","block_context":{"text":"Blogu i Udh\u00ebtarit","link":"https:\/\/www.shqiperia.com\/blog\/category\/blogu-i-udhetarit\/"},"img":{"alt_text":"","src":"https:\/\/i0.wp.com\/www.shqiperia.com\/blog\/wp-content\/uploads\/2024\/03\/termet1.jpg?fit=520%2C360&ssl=1&resize=350%2C200","width":350,"height":200},"classes":[]},{"id":50580,"url":"https:\/\/www.shqiperia.com\/blog\/termet-i-lehte-ne-shqiperi-ja-ku-ishte-epiqendra-dhe-magnituda\/","url_meta":{"origin":36329,"position":3},"title":"T\u00ebrmet i lehte n\u00eb Shqip\u00ebri, ja ku ishte epiqendra dhe magnituda","author":"Kurt Farka","date":"October 15, 2021","format":false,"excerpt":"T\u00ebrmet i lehte n\u00eb Shqip\u00ebri, ja ku ishte epiqendra dhe magnituda 15 TETOR 2021 T\u00ebrmet n\u00eb Shqip\u00ebri, ja ku ishte epiqendra dhe magnituda Para pak minutash n\u00eb Mallakast\u00ebr dhe Patos jan\u00eb ndjer\u00eb l\u00ebkundje t\u00ebrmeti, me magnitud\u00eb 2.6. L\u00ebkundje t\u00eb lehta, por banor\u00ebt e kan\u00eb ndjer\u00eb dhe kan\u00eb qen\u00eb t\u00eb dyshimt\u00eb\u2026","rel":"","context":"In &quot;Njoftime Shtypi&quot;","block_context":{"text":"Njoftime Shtypi","link":"https:\/\/www.shqiperia.com\/blog\/category\/njoftime-shtypi\/"},"img":{"alt_text":"","src":"https:\/\/i0.wp.com\/www.shqiperia.com\/blog\/wp-content\/uploads\/2021\/10\/640-0-77a76e4c9839a4f3f2d4c06785b7fb67.jpg?fit=640%2C336&ssl=1&resize=350%2C200","width":350,"height":200,"srcset":"https:\/\/i0.wp.com\/www.shqiperia.com\/blog\/wp-content\/uploads\/2021\/10\/640-0-77a76e4c9839a4f3f2d4c06785b7fb67.jpg?fit=640%2C336&ssl=1&resize=350%2C200 1x, https:\/\/i0.wp.com\/www.shqiperia.com\/blog\/wp-content\/uploads\/2021\/10\/640-0-77a76e4c9839a4f3f2d4c06785b7fb67.jpg?fit=640%2C336&ssl=1&resize=525%2C300 1.5x"},"classes":[]},{"id":42879,"url":"https:\/\/www.shqiperia.com\/blog\/termet-i-forte-godet-greqine-ja-sa-ishte-magnituda\/","url_meta":{"origin":36329,"position":4},"title":"T\u00ebrmet i fort\u00eb godet Greqin\u00eb, ja sa ishte magnituda","author":"Kurt Farka","date":"January 13, 2021","format":false,"excerpt":"T\u00ebrmet i fort\u00eb godet Greqin\u00eb, ja sa ishte magnituda 12 JANAR 2021 Nj\u00eb t\u00ebrmet me magnitud\u00eb 4.9 t\u00eb shkall\u00ebs Rihter goditi Greqin\u00eb mbr\u00ebmjen e sotme. Epiqendra ka qen\u00eb n\u00eb verilindje n\u00eb Nafpaktos, sipas Institutit Gjeodinamik t\u00eb Observatorit Komb\u00ebtar t\u00eb Athin\u00ebs. L\u00ebkundja e fort\u00eb sizmike u regjistrua n\u00eb or\u00ebn 22:09 me\u2026","rel":"","context":"In &quot;Blogu i Udh\u00ebtarit&quot;","block_context":{"text":"Blogu i Udh\u00ebtarit","link":"https:\/\/www.shqiperia.com\/blog\/category\/blogu-i-udhetarit\/"},"img":{"alt_text":"","src":"https:\/\/i0.wp.com\/www.shqiperia.com\/blog\/wp-content\/uploads\/2021\/01\/termeti-750x430-1.jpg?fit=518%2C264&ssl=1&resize=350%2C200","width":350,"height":200},"classes":[]},{"id":63936,"url":"https:\/\/www.shqiperia.com\/blog\/termet-i-fuqishem-ne-turqi-raportohet-per-te-lenduar-dhe-ndertesa-te-demtuara-ja-sa-ishte-magnituda\/","url_meta":{"origin":36329,"position":5},"title":"T\u00ebrmet i fuqish\u00ebm n\u00eb Turqi, raportohet p\u00ebr t\u00eb l\u00ebnduar dhe nd\u00ebrtesa t\u00eb d\u00ebmtuara. Ja sa ishte magnituda","author":"Kurt Farka","date":"November 4, 2022","format":false,"excerpt":"4 Nentor 2022 Nj\u00eb t\u00ebrmet me magnitud\u00eb 4.9 Rihter ka tronditur Turqin\u00eb.Mediet vendase raportojn\u00eb se ka t\u00eb l\u00ebnduar. Sipas Drejtoris\u00eb t\u00eb Situatave Emergjente (AFAD), l\u00ebkundjet e forta sizmike jan\u00eb ndjer\u00eb m\u00ebngjesin e sot\u00ebm n\u00eb provinc\u00ebn e Izmirit, duke l\u00ebnduar tre persona dhe duke d\u00ebmtuar dhjet\u00ebra nd\u00ebrtesa.\u00a0L\u00ebkundjet e forta shkaktuan rr\u00ebzimin\u2026","rel":"","context":"In &quot;Blogu i Udh\u00ebtarit&quot;","block_context":{"text":"Blogu i Udh\u00ebtarit","link":"https:\/\/www.shqiperia.com\/blog\/category\/blogu-i-udhetarit\/"},"img":{"alt_text":"","src":"https:\/\/i0.wp.com\/www.shqiperia.com\/blog\/wp-content\/uploads\/2022\/11\/640-0-6364e3c5164d1.jpg?fit=640%2C320&ssl=1&resize=350%2C200","width":350,"height":200,"srcset":"https:\/\/i0.wp.com\/www.shqiperia.com\/blog\/wp-content\/uploads\/2022\/11\/640-0-6364e3c5164d1.jpg?fit=640%2C320&ssl=1&resize=350%2C200 1x, https:\/\/i0.wp.com\/www.shqiperia.com\/blog\/wp-content\/uploads\/2022\/11\/640-0-6364e3c5164d1.jpg?fit=640%2C320&ssl=1&resize=525%2C300 1.5x"},"classes":[]}],"_links":{"self":[{"href":"https:\/\/www.shqiperia.com\/blog\/wp-json\/wp\/v2\/posts\/36329","targetHints":{"allow":["GET"]}}],"collection":[{"href":"https:\/\/www.shqiperia.com\/blog\/wp-json\/wp\/v2\/posts"}],"about":[{"href":"https:\/\/www.shqiperia.com\/blog\/wp-json\/wp\/v2\/types\/post"}],"author":[{"embeddable":true,"href":"https:\/\/www.shqiperia.com\/blog\/wp-json\/wp\/v2\/users\/9"}],"replies":[{"embeddable":true,"href":"https:\/\/www.shqiperia.com\/blog\/wp-json\/wp\/v2\/comments?post=36329"}],"version-history":[{"count":1,"href":"https:\/\/www.shqiperia.com\/blog\/wp-json\/wp\/v2\/posts\/36329\/revisions"}],"predecessor-version":[{"id":36331,"href":"https:\/\/www.shqiperia.com\/blog\/wp-json\/wp\/v2\/posts\/36329\/revisions\/36331"}],"wp:featuredmedia":[{"embeddable":true,"href":"https:\/\/www.shqiperia.com\/blog\/wp-json\/wp\/v2\/media\/36330"}],"wp:attachment":[{"href":"https:\/\/www.shqiperia.com\/blog\/wp-json\/wp\/v2\/media?parent=36329"}],"wp:term":[{"taxonomy":"category","embeddable":true,"href":"https:\/\/www.shqiperia.com\/blog\/wp-json\/wp\/v2\/categories?post=36329"},{"taxonomy":"post_tag","embeddable":true,"href":"https:\/\/www.shqiperia.com\/blog\/wp-json\/wp\/v2\/tags?post=36329"}],"curies":[{"name":"wp","href":"https:\/\/api.w.org\/{rel}","templated":true}]}}