{"id":36323,"date":"2020-07-15T05:05:55","date_gmt":"2020-07-15T05:05:55","guid":{"rendered":"https:\/\/www.shqiperia.com\/blog\/?p=36323"},"modified":"2020-07-15T05:05:55","modified_gmt":"2020-07-15T05:05:55","slug":"vetem-me-bechettin-iken-109-mln-euro-ish-avokatja-e-shtetit-cfare-po-humbim-nga-lufta-personale-e-rames","status":"publish","type":"post","link":"https:\/\/www.shqiperia.com\/blog\/vetem-me-bechettin-iken-109-mln-euro-ish-avokatja-e-shtetit-cfare-po-humbim-nga-lufta-personale-e-rames\/","title":{"rendered":"\u201cVet\u00ebm me Bechettin ik\u00ebn 109 mln euro\u201d, ish-avokatja e shtetit: \u00c7far\u00eb po humbim nga lufta personale e Ram\u00ebs"},"content":{"rendered":"<p><img data-recalc-dims=\"1\" loading=\"lazy\" decoding=\"async\" data-attachment-id=\"36324\" data-permalink=\"https:\/\/www.shqiperia.com\/blog\/vetem-me-bechettin-iken-109-mln-euro-ish-avokatja-e-shtetit-cfare-po-humbim-nga-lufta-personale-e-rames\/ledina-mandia\/\" data-orig-file=\"https:\/\/i0.wp.com\/www.shqiperia.com\/blog\/wp-content\/uploads\/2020\/07\/ledina-mandia.jpg?fit=568%2C321&amp;ssl=1\" data-orig-size=\"568,321\" data-comments-opened=\"1\" data-image-meta=\"{&quot;aperture&quot;:&quot;0&quot;,&quot;credit&quot;:&quot;&quot;,&quot;camera&quot;:&quot;&quot;,&quot;caption&quot;:&quot;&quot;,&quot;created_timestamp&quot;:&quot;0&quot;,&quot;copyright&quot;:&quot;&quot;,&quot;focal_length&quot;:&quot;0&quot;,&quot;iso&quot;:&quot;0&quot;,&quot;shutter_speed&quot;:&quot;0&quot;,&quot;title&quot;:&quot;&quot;,&quot;orientation&quot;:&quot;1&quot;}\" data-image-title=\"ledina-mandia\" data-image-description=\"\" data-image-caption=\"\" data-medium-file=\"https:\/\/i0.wp.com\/www.shqiperia.com\/blog\/wp-content\/uploads\/2020\/07\/ledina-mandia.jpg?fit=300%2C170&amp;ssl=1\" data-large-file=\"https:\/\/i0.wp.com\/www.shqiperia.com\/blog\/wp-content\/uploads\/2020\/07\/ledina-mandia.jpg?fit=568%2C321&amp;ssl=1\" class=\"alignnone  wp-image-36324\" alt=\"\" src=\"https:\/\/i0.wp.com\/www.shqiperia.com\/blog\/wp-content\/uploads\/2020\/07\/ledina-mandia.jpg?resize=607%2C344&#038;ssl=1\" width=\"607\" height=\"344\" srcset=\"https:\/\/i0.wp.com\/www.shqiperia.com\/blog\/wp-content\/uploads\/2020\/07\/ledina-mandia.jpg?resize=300%2C170&amp;ssl=1 300w, https:\/\/i0.wp.com\/www.shqiperia.com\/blog\/wp-content\/uploads\/2020\/07\/ledina-mandia.jpg?resize=450%2C254&amp;ssl=1 450w, https:\/\/i0.wp.com\/www.shqiperia.com\/blog\/wp-content\/uploads\/2020\/07\/ledina-mandia.jpg?resize=400%2C226&amp;ssl=1 400w, https:\/\/i0.wp.com\/www.shqiperia.com\/blog\/wp-content\/uploads\/2020\/07\/ledina-mandia.jpg?w=568&amp;ssl=1 568w\" sizes=\"auto, (max-width: 607px) 100vw, 607px\" \/><\/p>\n<p>\u201cVet\u00ebm me Bechettin ik\u00ebn 109 mln euro\u201d, ish-avokatja e shtetit: \u00c7far\u00eb po humbim nga lufta personale e Ram\u00ebs<\/p>\n<p><strong>12 korrik 2020<\/strong><\/p>\n<p>Ish avokatja e Shtetit, Ledina Mandija ka reaguar me nje ilustrim se \u00e7far\u00eb mund t\u00eb ishte b\u00ebr\u00eb me 109 milion\u00eb euro q\u00eb kryeministri Rama humbi n\u00eb p\u00ebrballjen me sip\u00ebrmarr\u00ebsin italian Francesco Bechetti.<\/p>\n<p>Mandija tashme e angazhuar n\u00eb Partin\u00eb Demokratike si an\u00ebtare e K\u00ebshillit Komb\u00ebtar, b\u00ebri p\u00ebrgjegj\u00ebs kryeministrin q\u00eb shnd\u00ebrroi nj\u00eb luft\u00eb personale n\u00eb nj\u00eb gjib\u00eb t\u00eb r\u00ebnd\u00eb p\u00ebr Shqip\u00ebrin\u00eb.<\/p>\n<p>Statusi i plot\u00eb:<br \/>\nKryeministri n\u00eb ikje po d\u00ebmton \u00e7do dit\u00eb interesin publik. Lufta e tij personale me sip\u00ebrmarr\u00ebsin italian Francesco Bechetti do ti kushtoj\u00eb t\u00eb gjith\u00ebve shqiptar\u00ebve plot 109 milion\u00eb euro!<\/p>\n<p>Edi Rama vendosi interesat e tij personale mbi ligjin dhe interesat e vendit, dhe p\u00ebr d\u00ebmin q\u00eb ai shkaktoi shqiptar\u00ebt e varf\u00ebruar duhet t\u00eb paguajn\u00eb gjob\u00ebn 109 milion\u00eb euro, n\u00eb vend q\u00eb k\u00ebto para ti mbanin p\u00ebr vete.<\/p>\n<p>Ky \u00ebsht\u00eb krim. D\u00ebmi ekonomik i shkaktuar nga Edi Rama po e vret ekonomin\u00eb dhe po zbraz xhepat e shqiptar\u00ebve.<\/p>\n<p>Shikoni sa familje dhe biznese mund t\u00eb ishin ndihmuar me kaq shum\u00eb para? Sa shkolla dhe spitale mund t\u00eb ishin nd\u00ebrtuar? Sa njerer\u00ebz mund t\u00eb ishin ndihmuar:<\/p>\n<p>T\u00eb dh\u00ebnat n\u00eb video:<br \/>\nShqiptar\u00ebt jan\u00eb duke paguar me taksat e tyre luft\u00ebn personale t\u00eb Kryeministrit Edi Rama, me pronarin e Agon Channel Francesco Becchetti. Shteti shqiptar do t\u2019i paguaj\u00eb 109 milion\u00eb euro. Edi Rama nuk flet p\u00ebr d\u00ebmin e drejtp\u00ebrdrejt q\u00eb u ka shkaktuar qytetar\u00ebve!<\/p>\n<p>Nd\u00ebrkoh\u00eb, Me 109 milion\u00eb euro mund t\u00eb ishin nd\u00ebrtuar 7 spitale te rinj, 100 shkolla t\u00eb reja, 200 kopshte dhe \u00e7erdhe t\u00eb reja. Me 109 milion\u00eb euro, mund t\u00eb ishin bler\u00eb 4.500 respirator\u00eb p\u00ebr t\u2019u p\u00ebrballur me pandemin\u00eb.<\/p>\n<p>Mund t\u00eb ishin kryer 726.666 testime p\u00ebr COVID-19. Me 109 milion\u00eb euro, mund t\u00eb jepeshin 235 euro subvencione t\u00eb drejtp\u00ebrdrejta p\u00ebr 463.550 fermer\u00ebt e pun\u00ebsuar n\u00eb sektorin bujq\u00ebsor!<br \/>\nMund t\u00eb dyfishohej p\u00ebr 3 vite ndihma ekonomike p\u00ebr 60 mij\u00eb familje shqiptare<\/p>\n","protected":false},"excerpt":{"rendered":"<p>\u201cVet\u00ebm me Bechettin ik\u00ebn 109 mln euro\u201d, ish-avokatja e shtetit: \u00c7far\u00eb po humbim nga lufta personale e Ram\u00ebs 12 korrik 2020 Ish avokatja e Shtetit, Ledina Mandija ka reaguar me nje ilustrim se \u00e7far\u00eb mund t\u00eb ishte b\u00ebr\u00eb me 109 milion\u00eb euro q\u00eb kryeministri Rama humbi n\u00eb p\u00ebrballjen me sip\u00ebrmarr\u00ebsin italian Francesco Bechetti. Mandija tashme [&hellip;]<\/p>\n","protected":false},"author":9,"featured_media":36324,"comment_status":"open","ping_status":"open","sticky":false,"template":"","format":"standard","meta":{"jetpack_post_was_ever_published":false,"_jetpack_newsletter_access":"","_jetpack_dont_email_post_to_subs":false,"_jetpack_newsletter_tier_id":0,"_jetpack_memberships_contains_paywalled_content":false,"_jetpack_memberships_contains_paid_content":false,"footnotes":"","jetpack_publicize_message":"","jetpack_publicize_feature_enabled":true,"jetpack_social_post_already_shared":true,"jetpack_social_options":{"image_generator_settings":{"template":"highway","default_image_id":0,"font":"","enabled":false},"version":2}},"categories":[27,2],"tags":[],"class_list":["post-36323","post","type-post","status-publish","format-standard","has-post-thumbnail","hentry","category-blogu-i-udhetarit","category-politika"],"jetpack_publicize_connections":[],"jetpack_featured_media_url":"https:\/\/i0.wp.com\/www.shqiperia.com\/blog\/wp-content\/uploads\/2020\/07\/ledina-mandia.jpg?fit=568%2C321&ssl=1","jetpack_sharing_enabled":true,"jetpack_shortlink":"https:\/\/wp.me\/p5Z6wp-9rR","jetpack-related-posts":[{"id":50855,"url":"https:\/\/www.shqiperia.com\/blog\/denoncimi-i-pd-per-bechettin-ja-ku-gjendet-vendimi-qe-na-qenkesh-top-sekret-sipas-rames-te-henen-ne-kushtetuese-per-nisjen-e-komisionit-hetimor\/","url_meta":{"origin":36323,"position":0},"title":"Denoncimi i PD p\u00ebr \u201cBechettin\u201d: &#8211; Ja ku gjendet vendimi q\u00eb na qenk\u00ebsh TOP SEKRET sipas Ram\u00ebs. T\u00eb h\u00ebn\u00ebn n\u00eb Kushtetuese p\u00ebr nisjen e Komisionit Hetimor","author":"Kurt Farka","date":"October 24, 2021","format":false,"excerpt":"Denoncimi i PD p\u00ebr \u201cBechettin\u201d: - Ja ku gjendet vendimi q\u00eb na qenk\u00ebsh TOP SEKRET sipas Ram\u00ebs. T\u00eb h\u00ebn\u00ebn n\u00eb Kushtetuese p\u00ebr nisjen e Komisionit Hetimor 24 tetor 2021 Partia Demokratike u shpreh dit\u00ebn e sotme se shqiptar\u00ebt duhet t\u00eb paguajn\u00eb 120 milion\u00eb euro ndaj biznesmenit Francesco Bechetti, vet\u00ebm p\u00ebr\u2026","rel":"","context":"In &quot;Blogu i Udh\u00ebtarit&quot;","block_context":{"text":"Blogu i Udh\u00ebtarit","link":"https:\/\/www.shqiperia.com\/blog\/category\/blogu-i-udhetarit\/"},"img":{"alt_text":"","src":"https:\/\/i0.wp.com\/www.shqiperia.com\/blog\/wp-content\/uploads\/2021\/10\/maxresdefault-1.jpg?fit=1200%2C675&ssl=1&resize=350%2C200","width":350,"height":200,"srcset":"https:\/\/i0.wp.com\/www.shqiperia.com\/blog\/wp-content\/uploads\/2021\/10\/maxresdefault-1.jpg?fit=1200%2C675&ssl=1&resize=350%2C200 1x, https:\/\/i0.wp.com\/www.shqiperia.com\/blog\/wp-content\/uploads\/2021\/10\/maxresdefault-1.jpg?fit=1200%2C675&ssl=1&resize=525%2C300 1.5x, https:\/\/i0.wp.com\/www.shqiperia.com\/blog\/wp-content\/uploads\/2021\/10\/maxresdefault-1.jpg?fit=1200%2C675&ssl=1&resize=700%2C400 2x, https:\/\/i0.wp.com\/www.shqiperia.com\/blog\/wp-content\/uploads\/2021\/10\/maxresdefault-1.jpg?fit=1200%2C675&ssl=1&resize=1050%2C600 3x"},"classes":[]},{"id":49385,"url":"https:\/\/www.shqiperia.com\/blog\/fillon-ekzekutimin-e-gjobes-becchetti-pd-rama-pergjegjes-per-demin-120-milion-e\/","url_meta":{"origin":36323,"position":1},"title":"Fillon ekzekutimin e gjob\u00ebs Becchetti . \u00a0\u00a0PD: &#8211; Rama p\u00ebrgjegj\u00ebs p\u00ebr d\u00ebmin 120 milion \u20ac.","author":"Kurt Farka","date":"August 27, 2021","format":false,"excerpt":"Fillon ekzekutimin e gjob\u00ebs Becchetti . \u00a0\u00a0PD: - Rama p\u00ebrgjegj\u00ebs p\u00ebr d\u00ebmin 120 milion \u20ac. - 27\/08\/21 Sekretari i p\u00ebrgjithsh\u00ebm i PD-s\u00eb, Gazment Bardhi ka reaguar p\u00ebrmes nj\u00eb postimi n\u00eb Facebook lidhur me gjyqin e fituar nga biznesmeni italian, Francesco Becchetti ndaj shtetit shqiptar, i cili duhet t\u00eb paguaj\u00eb nj\u00eb\u2026","rel":"","context":"In &quot;Blogu i Udh\u00ebtarit&quot;","block_context":{"text":"Blogu i Udh\u00ebtarit","link":"https:\/\/www.shqiperia.com\/blog\/category\/blogu-i-udhetarit\/"},"img":{"alt_text":"","src":"https:\/\/i0.wp.com\/www.shqiperia.com\/blog\/wp-content\/uploads\/2021\/08\/I-patitulluar.jpg?fit=594%2C356&ssl=1&resize=350%2C200","width":350,"height":200,"srcset":"https:\/\/i0.wp.com\/www.shqiperia.com\/blog\/wp-content\/uploads\/2021\/08\/I-patitulluar.jpg?fit=594%2C356&ssl=1&resize=350%2C200 1x, https:\/\/i0.wp.com\/www.shqiperia.com\/blog\/wp-content\/uploads\/2021\/08\/I-patitulluar.jpg?fit=594%2C356&ssl=1&resize=525%2C300 1.5x"},"classes":[]},{"id":48689,"url":"https:\/\/www.shqiperia.com\/blog\/mashtrimi-i-qeverise-parate-e-gjobes-per-becchettin-gati-qe-ne-vitin-2019\/","url_meta":{"origin":36323,"position":2},"title":"MASHTRIMI I QEVERIS\u00cb: &#8211; \u00a0Parat\u00eb e gjob\u00ebs p\u00ebr Becchettin gati q\u00eb n\u00eb vitin 2019.","author":"Kurt Farka","date":"July 22, 2021","format":false,"excerpt":"MASHTRIMI I QEVERIS\u00cb: - \u00a0Parat\u00eb e gjob\u00ebs p\u00ebr Becchettin gati q\u00eb n\u00eb vitin 2019. - 22\/07\/21 P\u00ebrkund\u00ebr deklaratave qeveritare se biznesmeni italian nuk do marr\u00eb \u201casnj\u00eb kok\u00ebrr leku\u201d nga buxheti i shtetit, faktet thon\u00eb t\u00eb kund\u00ebrt\u00ebn. Shuma prej 110 milion\u00eb eurosh \u00ebsht\u00eb parashikuar q\u00eb n\u00eb vitin 2019, kur Shqip\u00ebria humbi\u2026","rel":"","context":"In &quot;Blogu i Udh\u00ebtarit&quot;","block_context":{"text":"Blogu i Udh\u00ebtarit","link":"https:\/\/www.shqiperia.com\/blog\/category\/blogu-i-udhetarit\/"},"img":{"alt_text":"","src":"https:\/\/i0.wp.com\/www.shqiperia.com\/blog\/wp-content\/uploads\/2021\/07\/D6D12F98-28AF-44B2-93D3-7888C378908A.jpeg?fit=1042%2C618&ssl=1&resize=350%2C200","width":350,"height":200,"srcset":"https:\/\/i0.wp.com\/www.shqiperia.com\/blog\/wp-content\/uploads\/2021\/07\/D6D12F98-28AF-44B2-93D3-7888C378908A.jpeg?fit=1042%2C618&ssl=1&resize=350%2C200 1x, https:\/\/i0.wp.com\/www.shqiperia.com\/blog\/wp-content\/uploads\/2021\/07\/D6D12F98-28AF-44B2-93D3-7888C378908A.jpeg?fit=1042%2C618&ssl=1&resize=525%2C300 1.5x, https:\/\/i0.wp.com\/www.shqiperia.com\/blog\/wp-content\/uploads\/2021\/07\/D6D12F98-28AF-44B2-93D3-7888C378908A.jpeg?fit=1042%2C618&ssl=1&resize=700%2C400 2x"},"classes":[]},{"id":46018,"url":"https:\/\/www.shqiperia.com\/blog\/pse-spak-nuk-arreston-ministrat-e-gjyqit-bechetti-ku-shteti-shqiptar-humbi-110-milion-euro\/","url_meta":{"origin":36323,"position":3},"title":"Pse SPAK nuk arreston ministrat e gjyqit Bechetti, ku shteti shqiptar humbi 110 milion euro?","author":"Kurt Farka","date":"April 3, 2021","format":false,"excerpt":"Pse SPAK nuk arreston ministrat e gjyqit Bechetti, ku shteti shqiptar humbi 110 milion euro? 03\/04\/2021 -Struktura e Posa\u00e7me Antikorrupsion (SPAK) ka para saj nj\u00eb rast flagrant t\u00eb abuzimit me pushtetin, korrupsionit qeveritar dhe shp\u00ebrdorimit t\u00eb friksh\u00ebm t\u00eb taksave t\u00eb qytetar\u00ebve. Prokuroria duhet t\u00eb nis\u00eb hetim q\u00eb nga ministrit\u00eb q\u00eb\u2026","rel":"","context":"In &quot;Blogu i Udh\u00ebtarit&quot;","block_context":{"text":"Blogu i Udh\u00ebtarit","link":"https:\/\/www.shqiperia.com\/blog\/category\/blogu-i-udhetarit\/"},"img":{"alt_text":"","src":"https:\/\/i0.wp.com\/www.shqiperia.com\/blog\/wp-content\/uploads\/2021\/04\/800-0-5f58cc7e637e7-750x375-1.jpg?fit=750%2C375&ssl=1&resize=350%2C200","width":350,"height":200,"srcset":"https:\/\/i0.wp.com\/www.shqiperia.com\/blog\/wp-content\/uploads\/2021\/04\/800-0-5f58cc7e637e7-750x375-1.jpg?fit=750%2C375&ssl=1&resize=350%2C200 1x, https:\/\/i0.wp.com\/www.shqiperia.com\/blog\/wp-content\/uploads\/2021\/04\/800-0-5f58cc7e637e7-750x375-1.jpg?fit=750%2C375&ssl=1&resize=525%2C300 1.5x, https:\/\/i0.wp.com\/www.shqiperia.com\/blog\/wp-content\/uploads\/2021\/04\/800-0-5f58cc7e637e7-750x375-1.jpg?fit=750%2C375&ssl=1&resize=700%2C400 2x"},"classes":[]},{"id":46078,"url":"https:\/\/www.shqiperia.com\/blog\/demshperblimi-110-mln-euro-per-becchettin-basha-do-te-paguhet-me-pasurite-personale-te-personave-qe-kane-shkaktuar-demin\/","url_meta":{"origin":36323,"position":4},"title":"D\u00ebmshp\u00ebrblimi 110 mln euro p\u00ebr Becchettin? Basha: Do t\u00eb paguhet me pasurit\u00eb personale t\u00eb personave q\u00eb kan\u00eb shkaktuar d\u00ebmin","author":"Kurt Farka","date":"April 6, 2021","format":false,"excerpt":"D\u00ebmshp\u00ebrblimi 110 mln euro p\u00ebr Becchettin? Basha: Do t\u00eb paguhet me pasurit\u00eb personale t\u00eb personave q\u00eb kan\u00eb shkaktuar d\u00ebmin - 05.04.21 Shqip\u00ebria humbi p\u00ebrfundimisht gjyqin me sip\u00ebrmarr\u00ebsin italian, Francesco Becchetti, lidhur me d\u00ebmshp\u00ebrblimin e k\u00ebrkuar nga ai p\u00ebr mbylljen e televizionit \u201cAgon Channel\u201d n\u00eb vitin 2015. Mbr\u00ebmjen e sotme, kryedemokrati\u2026","rel":"","context":"In &quot;Blogu i Udh\u00ebtarit&quot;","block_context":{"text":"Blogu i Udh\u00ebtarit","link":"https:\/\/www.shqiperia.com\/blog\/category\/blogu-i-udhetarit\/"},"img":{"alt_text":"","src":"https:\/\/i0.wp.com\/www.shqiperia.com\/blog\/wp-content\/uploads\/2021\/04\/Basha1.jpeg?fit=512%2C278&ssl=1&resize=350%2C200","width":350,"height":200},"classes":[]},{"id":48666,"url":"https:\/\/www.shqiperia.com\/blog\/ministrja-e-financave-anila-denaj-patjeter-qe-do-ta-paguajme-bechetin-po-7-kompanite-e-tjera-qe-kane-fituar-gjyqin-a-do-i-paguaje-shteti-shqiptar\/","url_meta":{"origin":36323,"position":5},"title":"Ministrja e Financave Anila Denaj; &#8211; &#8220;Patjet\u00ebr q\u00eb do ta paguajm\u00eb Bechetin&#8221;! &#8211; Po 7 kompanit\u00eb e tjera q\u00eb kan\u00eb fituar gjyqin, a do i paguaj\u00eb shteti shqiptar?!","author":"Kurt Farka","date":"July 21, 2021","format":false,"excerpt":"Ministrja e Financave Anila Denaj; - \"Patjet\u00ebr q\u00eb do ta paguajm\u00eb Bechetin\"! - Po 7 kompanit\u00eb e tjera q\u00eb kan\u00eb fituar gjyqin, a do i paguaj\u00eb shteti shqiptar?! 21 KORRIK 2021 Qeveria shqiptare do t\u00eb paguaj\u00eb mbi 263 mln euro p\u00ebr gjyqe t\u00eb humbura n\u00eb arbitrazh, 110 mln euro nga\u2026","rel":"","context":"In &quot;Blogu i Udh\u00ebtarit&quot;","block_context":{"text":"Blogu i Udh\u00ebtarit","link":"https:\/\/www.shqiperia.com\/blog\/category\/blogu-i-udhetarit\/"},"img":{"alt_text":"","src":"https:\/\/i0.wp.com\/www.shqiperia.com\/blog\/wp-content\/uploads\/2021\/07\/Ministrja-e-Financave-Anila-Denaj.jpg?fit=800%2C460&ssl=1&resize=350%2C200","width":350,"height":200,"srcset":"https:\/\/i0.wp.com\/www.shqiperia.com\/blog\/wp-content\/uploads\/2021\/07\/Ministrja-e-Financave-Anila-Denaj.jpg?fit=800%2C460&ssl=1&resize=350%2C200 1x, https:\/\/i0.wp.com\/www.shqiperia.com\/blog\/wp-content\/uploads\/2021\/07\/Ministrja-e-Financave-Anila-Denaj.jpg?fit=800%2C460&ssl=1&resize=525%2C300 1.5x, https:\/\/i0.wp.com\/www.shqiperia.com\/blog\/wp-content\/uploads\/2021\/07\/Ministrja-e-Financave-Anila-Denaj.jpg?fit=800%2C460&ssl=1&resize=700%2C400 2x"},"classes":[]}],"_links":{"self":[{"href":"https:\/\/www.shqiperia.com\/blog\/wp-json\/wp\/v2\/posts\/36323","targetHints":{"allow":["GET"]}}],"collection":[{"href":"https:\/\/www.shqiperia.com\/blog\/wp-json\/wp\/v2\/posts"}],"about":[{"href":"https:\/\/www.shqiperia.com\/blog\/wp-json\/wp\/v2\/types\/post"}],"author":[{"embeddable":true,"href":"https:\/\/www.shqiperia.com\/blog\/wp-json\/wp\/v2\/users\/9"}],"replies":[{"embeddable":true,"href":"https:\/\/www.shqiperia.com\/blog\/wp-json\/wp\/v2\/comments?post=36323"}],"version-history":[{"count":1,"href":"https:\/\/www.shqiperia.com\/blog\/wp-json\/wp\/v2\/posts\/36323\/revisions"}],"predecessor-version":[{"id":36325,"href":"https:\/\/www.shqiperia.com\/blog\/wp-json\/wp\/v2\/posts\/36323\/revisions\/36325"}],"wp:featuredmedia":[{"embeddable":true,"href":"https:\/\/www.shqiperia.com\/blog\/wp-json\/wp\/v2\/media\/36324"}],"wp:attachment":[{"href":"https:\/\/www.shqiperia.com\/blog\/wp-json\/wp\/v2\/media?parent=36323"}],"wp:term":[{"taxonomy":"category","embeddable":true,"href":"https:\/\/www.shqiperia.com\/blog\/wp-json\/wp\/v2\/categories?post=36323"},{"taxonomy":"post_tag","embeddable":true,"href":"https:\/\/www.shqiperia.com\/blog\/wp-json\/wp\/v2\/tags?post=36323"}],"curies":[{"name":"wp","href":"https:\/\/api.w.org\/{rel}","templated":true}]}}