{"id":36317,"date":"2020-07-15T04:55:17","date_gmt":"2020-07-15T04:55:17","guid":{"rendered":"https:\/\/www.shqiperia.com\/blog\/?p=36317"},"modified":"2020-07-15T05:00:38","modified_gmt":"2020-07-15T05:00:38","slug":"paskal-milo-ndryshimet-ne-kushtetute-jane-marrezi","status":"publish","type":"post","link":"https:\/\/www.shqiperia.com\/blog\/paskal-milo-ndryshimet-ne-kushtetute-jane-marrezi\/","title":{"rendered":"Paskal Milo: &#8211; Ndryshimet n\u00eb Kushtetut\u00eb jan\u00eb marr\u00ebzi."},"content":{"rendered":"<p><img data-recalc-dims=\"1\" loading=\"lazy\" decoding=\"async\" data-attachment-id=\"36318\" data-permalink=\"https:\/\/www.shqiperia.com\/blog\/paskal-milo-ndryshimet-ne-kushtetute-jane-marrezi\/paskal_milo\/\" data-orig-file=\"https:\/\/i0.wp.com\/www.shqiperia.com\/blog\/wp-content\/uploads\/2020\/07\/paskal_milo.jpg?fit=601%2C350&amp;ssl=1\" data-orig-size=\"601,350\" data-comments-opened=\"1\" data-image-meta=\"{&quot;aperture&quot;:&quot;0&quot;,&quot;credit&quot;:&quot;WEB4_HD&quot;,&quot;camera&quot;:&quot;&quot;,&quot;caption&quot;:&quot;&quot;,&quot;created_timestamp&quot;:&quot;1591043117&quot;,&quot;copyright&quot;:&quot;&quot;,&quot;focal_length&quot;:&quot;0&quot;,&quot;iso&quot;:&quot;0&quot;,&quot;shutter_speed&quot;:&quot;0&quot;,&quot;title&quot;:&quot;&quot;,&quot;orientation&quot;:&quot;0&quot;}\" data-image-title=\"paskal_milo\" data-image-description=\"\" data-image-caption=\"\" data-medium-file=\"https:\/\/i0.wp.com\/www.shqiperia.com\/blog\/wp-content\/uploads\/2020\/07\/paskal_milo.jpg?fit=300%2C175&amp;ssl=1\" data-large-file=\"https:\/\/i0.wp.com\/www.shqiperia.com\/blog\/wp-content\/uploads\/2020\/07\/paskal_milo.jpg?fit=601%2C350&amp;ssl=1\" class=\"alignnone wp-image-36318\" alt=\"\" src=\"https:\/\/i0.wp.com\/www.shqiperia.com\/blog\/wp-content\/uploads\/2020\/07\/paskal_milo.jpg?resize=507%2C296&#038;ssl=1\" width=\"507\" height=\"296\" srcset=\"https:\/\/i0.wp.com\/www.shqiperia.com\/blog\/wp-content\/uploads\/2020\/07\/paskal_milo.jpg?resize=300%2C175&amp;ssl=1 300w, https:\/\/i0.wp.com\/www.shqiperia.com\/blog\/wp-content\/uploads\/2020\/07\/paskal_milo.jpg?resize=450%2C262&amp;ssl=1 450w, https:\/\/i0.wp.com\/www.shqiperia.com\/blog\/wp-content\/uploads\/2020\/07\/paskal_milo.jpg?resize=400%2C233&amp;ssl=1 400w, https:\/\/i0.wp.com\/www.shqiperia.com\/blog\/wp-content\/uploads\/2020\/07\/paskal_milo.jpg?w=601&amp;ssl=1 601w\" sizes=\"auto, (max-width: 507px) 100vw, 507px\" \/><\/p>\n<p>Paskal Milo: &#8211; Ndryshimet n\u00eb Kushtetut\u00eb jan\u00eb marr\u00ebzi.<\/p>\n<p><a href=\"https:\/\/kohajone.com\/paskal-milo-levizje-politike-ekstreme-e-socialisteve-ndryshimet-ne-kushtetute-jane-marrezi\/\">14\/07\/2020 <\/a><\/p>\n<p>Ish-ministri i jasht\u00ebm Paskal Milo thot\u00eb se deklarata e ashp\u00ebr e Bundestagut mbi ndryshimet kushtetuese nuk do t\u00eb jet\u00eb e vetmja nga faktori nd\u00ebrkomb\u00ebtar. I ftuar n\u00eb emisionin P\u00ebrball\u00eb t\u00eb gazetarit Lutfi Dervishi, Milo theksoi se me k\u00ebt\u00eb levizje po rrezikohet stabiliteti politik i vendit.<br \/>\n\u201cUn\u00eb do t\u00eb thoja q\u00eb \u00ebsht\u00eb deklarat\u00eb e paralajm\u00ebruar dhe nuk do t\u00eb jet\u00eb e vetmja. Me siguri q\u00eb sot nes\u00ebr do t\u00eb ket\u00eb edhe t\u00eb tjera q\u00eb do t\u00eb vijn\u00eb nga partner\u00ebt nd\u00ebrkomb\u00ebtar sepse m\u00ebnyra se si po zhvillohen ngjarjet n\u00eb Shqip\u00ebri rrezikon jo thjesht vet\u00ebm marr\u00ebveshjen e 5 qershorit por rrezikon stabilitetin politik t\u00eb vendit, gj\u00eb q\u00eb p\u00ebr nd\u00ebrkomb\u00ebtar\u00ebt \u00ebsht\u00eb \u00e7\u00ebshtje shum\u00eb serioze. Prandaj dhe ata po nd\u00ebrhyjn\u00eb. Ky teksti i CDUS-s\u00eb \u00ebsht\u00eb nj\u00eb tekst gati ultimativ q\u00eb k\u00ebrc\u00ebnon dhe thot\u00eb q\u00eb nuk do t\u00eb hapet konferenca e par\u00eb nd\u00ebrqeveritare n\u00eb rast se do t\u00eb ket\u00eb ndryshime n\u00eb marr\u00ebveshjen e 5 qershorit.\u201d- tha Milo.<br \/>\nSipas tij, kjo \u00ebsht\u00eb nj\u00eb l\u00ebvizje politike ekstreme e Partis\u00eb Socialiste p\u00ebr zgjedhjet e ardhshme. \u201cUn\u00eb dua t\u00eb besoj dhe kam nj\u00eb nuhatje q\u00eb kjo m\u00eb tep\u00ebr \u00ebsht\u00eb nj\u00eb l\u00ebvizje politike inekstremis e Partis\u00eb Socialiste p\u00ebr t\u00eb d\u00ebshmuar q\u00eb k\u00ebrkon t\u00eb siguroj\u00eb l\u00ebshime qoft\u00eb edhe minimale n\u00eb krijimin e infrastruktur\u00ebs elektorale p\u00ebr zgjedhjet e ardhshme. Nuk besoj se marr\u00ebzia mund t\u00eb arrij\u00eb deri aty sa t\u00eb b\u00ebhen k\u00ebto ndryshime kushtetuese q\u00eb jan\u00eb p\u00ebrfolur. N\u00eb m\u00ebnyr\u00eb t\u00eb veccant\u00eb mohimi I t\u00eb drejt\u00ebs t\u00eb partive politike p\u00ebr t\u00eb shkuar n\u00eb zgjedhje n\u00eb koalicion.\u201d \u2013 theksoi Paskal Milo n\u00eb P\u00ebrball\u00eb.<\/p>\n<p>Gazeta Koha e Jone.<\/p>\n","protected":false},"excerpt":{"rendered":"<p>Paskal Milo: &#8211; Ndryshimet n\u00eb Kushtetut\u00eb jan\u00eb marr\u00ebzi. 14\/07\/2020 Ish-ministri i jasht\u00ebm Paskal Milo thot\u00eb se deklarata e ashp\u00ebr e Bundestagut mbi ndryshimet kushtetuese nuk do t\u00eb jet\u00eb e vetmja nga faktori nd\u00ebrkomb\u00ebtar. I ftuar n\u00eb emisionin P\u00ebrball\u00eb t\u00eb gazetarit Lutfi Dervishi, Milo theksoi se me k\u00ebt\u00eb levizje po rrezikohet stabiliteti politik i vendit. \u201cUn\u00eb [&hellip;]<\/p>\n","protected":false},"author":9,"featured_media":36318,"comment_status":"open","ping_status":"open","sticky":false,"template":"","format":"standard","meta":{"jetpack_post_was_ever_published":false,"_jetpack_newsletter_access":"","_jetpack_dont_email_post_to_subs":false,"_jetpack_newsletter_tier_id":0,"_jetpack_memberships_contains_paywalled_content":false,"_jetpack_memberships_contains_paid_content":false,"footnotes":"","jetpack_publicize_message":"","jetpack_publicize_feature_enabled":true,"jetpack_social_post_already_shared":true,"jetpack_social_options":{"image_generator_settings":{"template":"highway","default_image_id":0,"font":"","enabled":false},"version":2}},"categories":[27,2],"tags":[],"class_list":["post-36317","post","type-post","status-publish","format-standard","has-post-thumbnail","hentry","category-blogu-i-udhetarit","category-politika"],"jetpack_publicize_connections":[],"jetpack_featured_media_url":"https:\/\/i0.wp.com\/www.shqiperia.com\/blog\/wp-content\/uploads\/2020\/07\/paskal_milo.jpg?fit=601%2C350&ssl=1","jetpack_sharing_enabled":true,"jetpack_shortlink":"https:\/\/wp.me\/p5Z6wp-9rL","jetpack-related-posts":[{"id":99744,"url":"https:\/\/www.shqiperia.com\/blog\/sherri-spiropali-rama-paskal-milo-kemi-nje-parti-shtet-ne-duart-e-kryetarit-po-nisi-lemshi-se-ndal-dot\/","url_meta":{"origin":36317,"position":0},"title":"Sherri Spiropali-Rama, Paskal Milo: &#8211; Kemi nj\u00eb parti-shtet n\u00eb duart e kryetarit. Po nisi l\u00ebmshi s\u2019e ndal dot","author":"Kurt Farka","date":"April 30, 2026","format":false,"excerpt":"30 Prill 2026 Ish-ministri i Jasht\u00ebm, Paskal Milo flet p\u00ebr p\u00ebrplasjet publike dhe kritikat ndaj drejtimit t\u00eb PS-s\u00eb, ku kryefjal\u00eb jan\u00eb q\u00ebndrimet e forta t\u00eb Elisa Spiropalit ndaj kryeministrtit Edi Rama. P\u00ebr t\u00eb PS ka pasur p\u00ebrplasje gjat\u00eb viteve t\u00eb drejtimit nga Edi Rama. Ai theksoi se q\u00eb nga viti\u2026","rel":"","context":"In &quot;Blogu i Udh\u00ebtarit&quot;","block_context":{"text":"Blogu i Udh\u00ebtarit","link":"https:\/\/www.shqiperia.com\/blog\/category\/blogu-i-udhetarit\/"},"img":{"alt_text":"","src":"https:\/\/i0.wp.com\/www.shqiperia.com\/blog\/wp-content\/uploads\/2026\/04\/Paskal-Milo.webp?fit=800%2C450&ssl=1&resize=350%2C200","width":350,"height":200,"srcset":"https:\/\/i0.wp.com\/www.shqiperia.com\/blog\/wp-content\/uploads\/2026\/04\/Paskal-Milo.webp?fit=800%2C450&ssl=1&resize=350%2C200 1x, https:\/\/i0.wp.com\/www.shqiperia.com\/blog\/wp-content\/uploads\/2026\/04\/Paskal-Milo.webp?fit=800%2C450&ssl=1&resize=525%2C300 1.5x, https:\/\/i0.wp.com\/www.shqiperia.com\/blog\/wp-content\/uploads\/2026\/04\/Paskal-Milo.webp?fit=800%2C450&ssl=1&resize=700%2C400 2x"},"classes":[]},{"id":21470,"url":"https:\/\/www.shqiperia.com\/blog\/paskal-milo-socialistet-jane-dele-vihen-ne-rresht-dhe-votojne\/","url_meta":{"origin":36317,"position":1},"title":"Paskal Milo: &#8211; Socialist\u00ebt jan\u00eb dele, vihen n\u00eb rresht dhe votojn\u00eb. &#8211;","author":"Kurt Farka","date":"May 22, 2019","format":false,"excerpt":"Paskal Milo: - Socialist\u00ebt jan\u00eb dele, vihen n\u00eb rresht dhe votojn\u00eb. - May 21, 2019 23:40 Kreu i PDS-s\u00eb Paskal Milo thot\u00eb se socialist\u00ebt n\u00eb Shqip\u00ebri jan\u00eb votues dele. Pavar\u00ebsisht se drejtuesi i emisionit \u201cProvokacja\u201d Mustafa Nano nd\u00ebrhyn dhe i thot\u00eb q\u00eb t\u00eb gjith\u00eb votuesit jan\u00eb dele n\u00eb Shqip\u00ebri, Milo\u2026","rel":"","context":"In &quot;Blogu i Udh\u00ebtarit&quot;","block_context":{"text":"Blogu i Udh\u00ebtarit","link":"https:\/\/www.shqiperia.com\/blog\/category\/blogu-i-udhetarit\/"},"img":{"alt_text":"","src":"https:\/\/i0.wp.com\/www.shqiperia.com\/blog\/wp-content\/uploads\/2019\/05\/2-6-905x450.jpg?fit=905%2C450&ssl=1&resize=350%2C200","width":350,"height":200,"srcset":"https:\/\/i0.wp.com\/www.shqiperia.com\/blog\/wp-content\/uploads\/2019\/05\/2-6-905x450.jpg?fit=905%2C450&ssl=1&resize=350%2C200 1x, https:\/\/i0.wp.com\/www.shqiperia.com\/blog\/wp-content\/uploads\/2019\/05\/2-6-905x450.jpg?fit=905%2C450&ssl=1&resize=525%2C300 1.5x, https:\/\/i0.wp.com\/www.shqiperia.com\/blog\/wp-content\/uploads\/2019\/05\/2-6-905x450.jpg?fit=905%2C450&ssl=1&resize=700%2C400 2x"},"classes":[]},{"id":63682,"url":"https:\/\/www.shqiperia.com\/blog\/paskal-milo-eshte-vetem-fillimi-per-ballkanin-perendimor\/","url_meta":{"origin":36317,"position":2},"title":"Paskal Milo: &#8211; \u201c\u00cbsht\u00eb vet\u00ebm fillimi\u201d, per Ballkanin Perendimor","author":"Kurt Farka","date":"October 27, 2022","format":false,"excerpt":"27 Tetor 2022 Ish-ministri i Jasht\u00ebm, Paskal Milo, sheh nj\u00eb interes t\u00eb shtuar t\u00eb BE-s\u00eb n\u00eb raport me vendet e Ballkanit Per\u00ebndimor, fal\u00eb rrethanave t\u00eb krijuara muajt e fundit n\u00eb Europ\u00eb. N\u00eb studion e lajmeve t\u00eb MCN TV, Milo tha se paketa mb\u00ebshtet\u00ebse prej 80 milion\u00eb euro p\u00ebr p\u00ebrballimin e\u2026","rel":"","context":"In &quot;Blogu i Udh\u00ebtarit&quot;","block_context":{"text":"Blogu i Udh\u00ebtarit","link":"https:\/\/www.shqiperia.com\/blog\/category\/blogu-i-udhetarit\/"},"img":{"alt_text":"","src":"https:\/\/i0.wp.com\/www.shqiperia.com\/blog\/wp-content\/uploads\/2022\/10\/800-0-635ac79195c8f.jpg?fit=800%2C433&ssl=1&resize=350%2C200","width":350,"height":200,"srcset":"https:\/\/i0.wp.com\/www.shqiperia.com\/blog\/wp-content\/uploads\/2022\/10\/800-0-635ac79195c8f.jpg?fit=800%2C433&ssl=1&resize=350%2C200 1x, https:\/\/i0.wp.com\/www.shqiperia.com\/blog\/wp-content\/uploads\/2022\/10\/800-0-635ac79195c8f.jpg?fit=800%2C433&ssl=1&resize=525%2C300 1.5x, https:\/\/i0.wp.com\/www.shqiperia.com\/blog\/wp-content\/uploads\/2022\/10\/800-0-635ac79195c8f.jpg?fit=800%2C433&ssl=1&resize=700%2C400 2x"},"classes":[]},{"id":43186,"url":"https:\/\/www.shqiperia.com\/blog\/paskal-milo-dhe-andi-bushati-demaskojne-lojen-e-kryeministrit-per-21-janarin\/","url_meta":{"origin":36317,"position":3},"title":"Paskal Milo dhe Andi Bushati demaskojn\u00eb loj\u00ebn e kryeministrit p\u00ebr 21 Janarin","author":"Kurt Farka","date":"January 22, 2021","format":false,"excerpt":"Paskal Milo dhe Andi Bushati demaskojn\u00eb loj\u00ebn e kryeministrit p\u00ebr 21 Janarin 21\/01\/2021 Sot mbushen plot 10 vite nga ngjarja e r\u00ebnd\u00eb e 21 janarit, ku mbet\u00ebn t\u00eb vrar\u00eb 4 qytetar\u00eb t\u00eb pafajsh\u00ebm, gjat\u00eb nj\u00eb tubimi n\u00ebn drejtimin e opozit\u00ebs kund\u00ebr kryeministrit t\u00eb asaj kohe, Sali Berisha. Kjo \u00ebsht\u00eb tema\u2026","rel":"","context":"In &quot;Blogu i Udh\u00ebtarit&quot;","block_context":{"text":"Blogu i Udh\u00ebtarit","link":"https:\/\/www.shqiperia.com\/blog\/category\/blogu-i-udhetarit\/"},"img":{"alt_text":"","src":"https:\/\/i0.wp.com\/www.shqiperia.com\/blog\/wp-content\/uploads\/2021\/01\/PPPP-1-750x375-1.jpg?fit=679%2C375&ssl=1&resize=350%2C200","width":350,"height":200,"srcset":"https:\/\/i0.wp.com\/www.shqiperia.com\/blog\/wp-content\/uploads\/2021\/01\/PPPP-1-750x375-1.jpg?fit=679%2C375&ssl=1&resize=350%2C200 1x, https:\/\/i0.wp.com\/www.shqiperia.com\/blog\/wp-content\/uploads\/2021\/01\/PPPP-1-750x375-1.jpg?fit=679%2C375&ssl=1&resize=525%2C300 1.5x"},"classes":[]},{"id":10754,"url":"https:\/\/www.shqiperia.com\/blog\/zotit-paskal-milo-leter-miqesore-akademik-ali-hadri-ne-vitit-1968-quante-skenderbeun-vetem-shqipta\/","url_meta":{"origin":36317,"position":4},"title":"Zotit Paskal Milo \u2013 let\u00ebr miq\u00ebsore ! Akademik Ali Hadri n\u00eb vitit 1968 quante Sk\u00ebnderbeun vet\u00ebm shqiptar. &#8211;","author":"Kurt Farka","date":"August 10, 2018","format":false,"excerpt":"Zotit Paskal Milo \u2013 let\u00ebr miq\u00ebsore ! Akademik Ali Hadri n\u00eb vitit 1968 quante Sk\u00ebnderbeun vet\u00ebm shqipta. - Desha t`iu rikujtoj p\u00ebr propagand\u00ebn e Juaj kund\u00ebr origjin\u00ebs shqiptare t\u00eb Sk\u00ebnderbeut- Gjergj Kastriotit, propagand\u00eb e juaj e cila iu hapi goj\u00ebn serb\u00ebve dhe t\u00eb gjith\u00eb shqiptar\u00ebve anti-shqiptar Me keqardhje t\u00eb madhe\u2026","rel":"","context":"In &quot;Histori&quot;","block_context":{"text":"Histori","link":"https:\/\/www.shqiperia.com\/blog\/category\/histori\/"},"img":{"alt_text":"","src":"https:\/\/i0.wp.com\/www.shqiperia.com\/blog\/wp-content\/uploads\/2018\/08\/screenshot-.jpg?fit=633%2C347&ssl=1&resize=350%2C200","width":350,"height":200,"srcset":"https:\/\/i0.wp.com\/www.shqiperia.com\/blog\/wp-content\/uploads\/2018\/08\/screenshot-.jpg?fit=633%2C347&ssl=1&resize=350%2C200 1x, https:\/\/i0.wp.com\/www.shqiperia.com\/blog\/wp-content\/uploads\/2018\/08\/screenshot-.jpg?fit=633%2C347&ssl=1&resize=525%2C300 1.5x"},"classes":[]},{"id":90159,"url":"https:\/\/www.shqiperia.com\/blog\/paskal-milo-rusia-e-fitoi-luften-ky-eshte-fakt-shba-eshte-terhequr-nga-angazhimi-prioritar-ja-mesazhi-qe-trump-ka-dhene-per-evropen\/","url_meta":{"origin":36317,"position":5},"title":"Paskal Milo: &#8211; Rusia e fitoi luft\u00ebn, ky \u00ebsht\u00eb fakt! &#8211; SHBA \u00ebsht\u00eb t\u00ebrhequr nga angazhimi prioritar! Ja mesazhi q\u00eb Trump ka dh\u00ebn\u00eb p\u00ebr Evrop\u00ebn","author":"Kurt Farka","date":"March 7, 2025","format":false,"excerpt":"7 Mars 2025 Paskal Milo konstaton faktin se Rusia e ka fituar luft\u00ebn me Ukrain\u00ebn. Sipas tij, duam apo nuk duam ne \u201cRusia \u00ebsht\u00eb n\u00eb avantazh n\u00eb cdo negociat\u00eb q\u00eb do t\u00eb b\u00ebhet\u201d. I ftuar n\u00eb emisionin \u201cOpen\u201d n\u00eb News24, Milo deklaroi se SHBA \u00ebsht\u00eb t\u00ebrhequr nga angazhimi prioritar p\u00ebr\u2026","rel":"","context":"In &quot;Blogu i Udh\u00ebtarit&quot;","block_context":{"text":"Blogu i Udh\u00ebtarit","link":"https:\/\/www.shqiperia.com\/blog\/category\/blogu-i-udhetarit\/"},"img":{"alt_text":"","src":"https:\/\/i0.wp.com\/www.shqiperia.com\/blog\/wp-content\/uploads\/2024\/09\/Putin-sot-eshte-cmenduria-e-botes-300x169.jpg?resize=350%2C200&ssl=1","width":350,"height":200,"srcset":"https:\/\/i0.wp.com\/www.shqiperia.com\/blog\/wp-content\/uploads\/2024\/09\/Putin-sot-eshte-cmenduria-e-botes-300x169.jpg?resize=350%2C200&ssl=1 1x, https:\/\/i0.wp.com\/www.shqiperia.com\/blog\/wp-content\/uploads\/2024\/09\/Putin-sot-eshte-cmenduria-e-botes-300x169.jpg?resize=525%2C300&ssl=1 1.5x"},"classes":[]}],"_links":{"self":[{"href":"https:\/\/www.shqiperia.com\/blog\/wp-json\/wp\/v2\/posts\/36317","targetHints":{"allow":["GET"]}}],"collection":[{"href":"https:\/\/www.shqiperia.com\/blog\/wp-json\/wp\/v2\/posts"}],"about":[{"href":"https:\/\/www.shqiperia.com\/blog\/wp-json\/wp\/v2\/types\/post"}],"author":[{"embeddable":true,"href":"https:\/\/www.shqiperia.com\/blog\/wp-json\/wp\/v2\/users\/9"}],"replies":[{"embeddable":true,"href":"https:\/\/www.shqiperia.com\/blog\/wp-json\/wp\/v2\/comments?post=36317"}],"version-history":[{"count":4,"href":"https:\/\/www.shqiperia.com\/blog\/wp-json\/wp\/v2\/posts\/36317\/revisions"}],"predecessor-version":[{"id":36322,"href":"https:\/\/www.shqiperia.com\/blog\/wp-json\/wp\/v2\/posts\/36317\/revisions\/36322"}],"wp:featuredmedia":[{"embeddable":true,"href":"https:\/\/www.shqiperia.com\/blog\/wp-json\/wp\/v2\/media\/36318"}],"wp:attachment":[{"href":"https:\/\/www.shqiperia.com\/blog\/wp-json\/wp\/v2\/media?parent=36317"}],"wp:term":[{"taxonomy":"category","embeddable":true,"href":"https:\/\/www.shqiperia.com\/blog\/wp-json\/wp\/v2\/categories?post=36317"},{"taxonomy":"post_tag","embeddable":true,"href":"https:\/\/www.shqiperia.com\/blog\/wp-json\/wp\/v2\/tags?post=36317"}],"curies":[{"name":"wp","href":"https:\/\/api.w.org\/{rel}","templated":true}]}}