{"id":36314,"date":"2020-07-15T04:34:39","date_gmt":"2020-07-15T04:34:39","guid":{"rendered":"https:\/\/www.shqiperia.com\/blog\/?p=36314"},"modified":"2020-07-15T04:34:39","modified_gmt":"2020-07-15T04:34:39","slug":"meta-kunder-ndryshimit-te-kushtetutes-distancohuni-nga-aventurieret-dhe-haxhi-qamilet","status":"publish","type":"post","link":"https:\/\/www.shqiperia.com\/blog\/meta-kunder-ndryshimit-te-kushtetutes-distancohuni-nga-aventurieret-dhe-haxhi-qamilet\/","title":{"rendered":"Meta kund\u00ebr ndryshimit t\u00eb Kushtetut\u00ebs: Distancohuni nga aventurier\u00ebt dhe Haxhi Qamil\u00ebt"},"content":{"rendered":"<p><img data-recalc-dims=\"1\" loading=\"lazy\" decoding=\"async\" data-attachment-id=\"36315\" data-permalink=\"https:\/\/www.shqiperia.com\/blog\/meta-kunder-ndryshimit-te-kushtetutes-distancohuni-nga-aventurieret-dhe-haxhi-qamilet\/ilir-meta-01-1536x864\/\" data-orig-file=\"https:\/\/i0.wp.com\/www.shqiperia.com\/blog\/wp-content\/uploads\/2020\/07\/ilir-meta-01-1536x864-1.jpg?fit=1536%2C864&amp;ssl=1\" data-orig-size=\"1536,864\" data-comments-opened=\"1\" data-image-meta=\"{&quot;aperture&quot;:&quot;0&quot;,&quot;credit&quot;:&quot;&quot;,&quot;camera&quot;:&quot;&quot;,&quot;caption&quot;:&quot;&quot;,&quot;created_timestamp&quot;:&quot;0&quot;,&quot;copyright&quot;:&quot;&quot;,&quot;focal_length&quot;:&quot;0&quot;,&quot;iso&quot;:&quot;0&quot;,&quot;shutter_speed&quot;:&quot;0&quot;,&quot;title&quot;:&quot;&quot;,&quot;orientation&quot;:&quot;0&quot;}\" data-image-title=\"ilir-meta-01-1536&#215;864\" data-image-description=\"\" data-image-caption=\"\" data-medium-file=\"https:\/\/i0.wp.com\/www.shqiperia.com\/blog\/wp-content\/uploads\/2020\/07\/ilir-meta-01-1536x864-1.jpg?fit=300%2C169&amp;ssl=1\" data-large-file=\"https:\/\/i0.wp.com\/www.shqiperia.com\/blog\/wp-content\/uploads\/2020\/07\/ilir-meta-01-1536x864-1.jpg?fit=1024%2C576&amp;ssl=1\" class=\"alignnone  wp-image-36315\" alt=\"\" src=\"https:\/\/i0.wp.com\/www.shqiperia.com\/blog\/wp-content\/uploads\/2020\/07\/ilir-meta-01-1536x864-1.jpg?resize=476%2C268&#038;ssl=1\" width=\"476\" height=\"268\" srcset=\"https:\/\/i0.wp.com\/www.shqiperia.com\/blog\/wp-content\/uploads\/2020\/07\/ilir-meta-01-1536x864-1.jpg?resize=300%2C169&amp;ssl=1 300w, https:\/\/i0.wp.com\/www.shqiperia.com\/blog\/wp-content\/uploads\/2020\/07\/ilir-meta-01-1536x864-1.jpg?resize=1024%2C576&amp;ssl=1 1024w, https:\/\/i0.wp.com\/www.shqiperia.com\/blog\/wp-content\/uploads\/2020\/07\/ilir-meta-01-1536x864-1.jpg?resize=768%2C432&amp;ssl=1 768w, https:\/\/i0.wp.com\/www.shqiperia.com\/blog\/wp-content\/uploads\/2020\/07\/ilir-meta-01-1536x864-1.jpg?resize=450%2C253&amp;ssl=1 450w, https:\/\/i0.wp.com\/www.shqiperia.com\/blog\/wp-content\/uploads\/2020\/07\/ilir-meta-01-1536x864-1.jpg?resize=600%2C338&amp;ssl=1 600w, https:\/\/i0.wp.com\/www.shqiperia.com\/blog\/wp-content\/uploads\/2020\/07\/ilir-meta-01-1536x864-1.jpg?resize=1500%2C844&amp;ssl=1 1500w, https:\/\/i0.wp.com\/www.shqiperia.com\/blog\/wp-content\/uploads\/2020\/07\/ilir-meta-01-1536x864-1.jpg?resize=1300%2C731&amp;ssl=1 1300w, https:\/\/i0.wp.com\/www.shqiperia.com\/blog\/wp-content\/uploads\/2020\/07\/ilir-meta-01-1536x864-1.jpg?resize=400%2C225&amp;ssl=1 400w, https:\/\/i0.wp.com\/www.shqiperia.com\/blog\/wp-content\/uploads\/2020\/07\/ilir-meta-01-1536x864-1.jpg?w=1536&amp;ssl=1 1536w\" sizes=\"auto, (max-width: 476px) 100vw, 476px\" \/><\/p>\n<p><strong>Meta kund\u00ebr ndryshimit t\u00eb Kushtetut\u00ebs: Distancohuni nga aventurier\u00ebt dhe Haxhi Qamil\u00ebt<\/strong><\/p>\n<p>&#8211; 14\/07\/20<\/p>\n<p>Kreu i shtetit Ilir Meta ka reaguar pas propozimit t\u00eb opozit\u00ebs parlamentare p\u00ebr t\u00eb ndryshuar Kushtetut\u00ebn n\u00eb dy nene, ndalimin e koalicioneve parazgjedhore dhe hapjen e listave t\u00eb kandidat\u00ebve.<\/p>\n<p>N\u00eb nj\u00eb postim n\u00eb rrjetet sociale nga Tedi Blushi, z\u00ebdh\u00ebn\u00ebs i Met\u00ebs, thuhet se Kuvendi ka vet\u00ebm 82 deputet\u00eb t\u00eb ligjsh\u00ebm, ndaj \u00ebsht\u00eb koha t\u2019i jepet fund \u00e7do marr\u00ebzie.<\/p>\n<p><em>\u201c182 deputet\u00eb dhe kandidat\u00eb p\u00ebr deputet\u00eb t\u00eb partive opozitare refuzuan t\u00eb ishin pjes\u00eb e Kuvendit.\u00a0Edhe pse shteruan t\u00eb gjitha listat e partive opozitare prej 18 muajsh, Kuvendi ka formalisht vet\u00ebm 122 deputet\u00eb nga 140 deputet\u00eb q\u00eb \u00ebsht\u00eb detyrimi kushtetues\u201d.<\/em><\/p>\n<p><em>\u201cT\u00eb gjith\u00eb t\u00eb distancohen nga aventurier\u00ebt dhe Haxhi Qamil\u00ebt!<\/em>\u201c, thuhet n\u00eb deklarat\u00eb.<\/p>\n<p><strong>Postimi i z\u00ebdh\u00ebn\u00ebsit t\u00eb Presidentit<\/strong><br \/>\n<em>Lidhur me lajmet e fundit p\u00ebr disa ndryshime kushtetuese, Presidenti i Republik\u00ebs Sh.T.Z Ilir Meta thekson se Kuvendi aktual ka vet\u00ebm 82 deputet\u00eb legjitim\u00eb, ku p\u00ebrfshihen edhe tre deputet\u00ebt t\u00eb cil\u00ebt nuk pranuan t\u00eb dor\u00ebhiqeshin pas vendimit t\u00eb Opozit\u00ebs s\u00eb Bashkuar.<\/em><\/p>\n<p><em>182 deputet\u00eb dhe kandidat\u00eb p\u00ebr deputet\u00eb t\u00eb partive opozitare refuzuan t\u00eb ishin pjes\u00eb e Kuvendit.<\/em><\/p>\n<p><em>Edhe pse shteruan t\u00eb gjitha listat e partive opozitare prej 18 muajsh, Kuvendi ka formalisht vet\u00ebm 122 deputet\u00eb nga 140 deputet\u00eb q\u00eb \u00ebsht\u00eb detyrimi kushtetues.<\/em><\/p>\n<p><em>Procesi i z\u00ebvend\u00ebsimit ka qen\u00eb haptas antikushtetues dhe antiligjor.<\/em><\/p>\n<p><em>Ndaj \u00ebsht\u00eb koha t\u2019i jepet fund \u00e7do marr\u00ebzie, fundi i s\u00eb cil\u00ebs dihet qart\u00eb.<\/em><\/p>\n<p><em>E ardhmja europiane e Shqip\u00ebris\u00eb \u00ebsht\u00eb alternativa e vetme e t\u00eb gjith\u00eb qytetar\u00ebve t\u00eb k\u00ebtij vendi.<\/em><\/p>\n<p><em>T\u00eb gjith\u00eb t\u00eb distancohen nga aventurier\u00ebt dhe Haxhi Qamil\u00ebt!<\/em><\/p>\n<p><em>SHQIP\u00cbRIA E PARA! <\/em><\/p>\n<p><em>Gazeta Mapo.<\/em><\/p>\n","protected":false},"excerpt":{"rendered":"<p>Meta kund\u00ebr ndryshimit t\u00eb Kushtetut\u00ebs: Distancohuni nga aventurier\u00ebt dhe Haxhi Qamil\u00ebt &#8211; 14\/07\/20 Kreu i shtetit Ilir Meta ka reaguar pas propozimit t\u00eb opozit\u00ebs parlamentare p\u00ebr t\u00eb ndryshuar Kushtetut\u00ebn n\u00eb dy nene, ndalimin e koalicioneve parazgjedhore dhe hapjen e listave t\u00eb kandidat\u00ebve. N\u00eb nj\u00eb postim n\u00eb rrjetet sociale nga Tedi Blushi, z\u00ebdh\u00ebn\u00ebs i Met\u00ebs, thuhet [&hellip;]<\/p>\n","protected":false},"author":9,"featured_media":36315,"comment_status":"open","ping_status":"open","sticky":false,"template":"","format":"standard","meta":{"jetpack_post_was_ever_published":false,"_jetpack_newsletter_access":"","_jetpack_dont_email_post_to_subs":false,"_jetpack_newsletter_tier_id":0,"_jetpack_memberships_contains_paywalled_content":false,"_jetpack_memberships_contains_paid_content":false,"footnotes":"","jetpack_publicize_message":"","jetpack_publicize_feature_enabled":true,"jetpack_social_post_already_shared":true,"jetpack_social_options":{"image_generator_settings":{"template":"highway","default_image_id":0,"font":"","enabled":false},"version":2}},"categories":[27,2],"tags":[],"class_list":["post-36314","post","type-post","status-publish","format-standard","has-post-thumbnail","hentry","category-blogu-i-udhetarit","category-politika"],"jetpack_publicize_connections":[],"jetpack_featured_media_url":"https:\/\/i0.wp.com\/www.shqiperia.com\/blog\/wp-content\/uploads\/2020\/07\/ilir-meta-01-1536x864-1.jpg?fit=1536%2C864&ssl=1","jetpack_sharing_enabled":true,"jetpack_shortlink":"https:\/\/wp.me\/p5Z6wp-9rI","jetpack-related-posts":[{"id":98474,"url":"https:\/\/www.shqiperia.com\/blog\/lista-deputetet-mashtrojne-me-qirate-karburantin-dhe-dietat-kuvendi-paguan-miliona-euro-per-140-baballaret-e-kombit\/","url_meta":{"origin":36314,"position":0},"title":"LISTA\/ \u201cDeputet\u00ebt mashtrojn\u00eb me qirat\u00eb, karburantin dhe dietat\u201d &#8211; Kuvendi paguan miliona euro p\u00ebr 140 \u201cbaballar\u00ebt e kombit\u201d","author":"Kurt Farka","date":"March 18, 2026","format":false,"excerpt":"18 Mars 2026 Paraja nuk ka ngjyr\u00eb, aq m\u00eb tep\u00ebr n\u00eb politik\u00eb! Ligjv\u00ebn\u00ebsit shqiptar\u00eb, pavar\u00ebsisht se kujt partie i p\u00ebrkasin, mazhoranc\u00ebs, opozit\u00ebs apo edhe partit\u00eb e vogla, shfryt\u00ebzojn\u00eb \u00e7do nen t\u00eb ligjit p\u00ebr \u201cstatusin e deputetit\u201d p\u00ebr t\u00eb marr\u00eb edhe qindarkat. Por, sa paguhen dhe \u00e7far\u00eb p\u00ebrfitimesh kan\u00eb deputet\u00ebt n\u00eb\u2026","rel":"","context":"In &quot;Blogu i Udh\u00ebtarit&quot;","block_context":{"text":"Blogu i Udh\u00ebtarit","link":"https:\/\/www.shqiperia.com\/blog\/category\/blogu-i-udhetarit\/"},"img":{"alt_text":"","src":"https:\/\/i0.wp.com\/www.shqiperia.com\/blog\/wp-content\/uploads\/2026\/03\/640-0-356263d90414b43d88982ab1db4513a4.jpg?fit=640%2C360&ssl=1&resize=350%2C200","width":350,"height":200,"srcset":"https:\/\/i0.wp.com\/www.shqiperia.com\/blog\/wp-content\/uploads\/2026\/03\/640-0-356263d90414b43d88982ab1db4513a4.jpg?fit=640%2C360&ssl=1&resize=350%2C200 1x, https:\/\/i0.wp.com\/www.shqiperia.com\/blog\/wp-content\/uploads\/2026\/03\/640-0-356263d90414b43d88982ab1db4513a4.jpg?fit=640%2C360&ssl=1&resize=525%2C300 1.5x"},"classes":[]},{"id":21619,"url":"https:\/\/www.shqiperia.com\/blog\/analiza-kuvendi-pa-140-deputete-pse-presidenti-duhet-te-vendose-shperndarjen-e-parlamentit\/","url_meta":{"origin":36314,"position":1},"title":"Analiza\/ \u201cKuvendi pa 140 deputet\u00eb, pse Presidenti duhet t\u00eb vendos\u00eb shp\u00ebrndarjen e Parlamentit\u201d. &#8211;","author":"Kurt Farka","date":"May 28, 2019","format":false,"excerpt":"Analiza\/ \u201cKuvendi pa 140 deputet\u00eb, pse Presidenti duhet t\u00eb vendos\u00eb shp\u00ebrndarjen e Parlamentit\u201d. - 28 maji, 2019 Nga Gentian Gaba Edhe nj\u00ebher\u00eb, p\u00ebr t\u00eb cituar shkrimtarin rumun Constantin Virgil Gheorghiu, jemi n\u00eb or\u00ebn e 25-t\u00eb. Nj\u00eb koh\u00eb pa koh\u00eb nga e cila shqiptar\u00ebt presin, in extremis, zgjidhjen e nj\u00eb krize\u2026","rel":"","context":"In &quot;Blogu i Udh\u00ebtarit&quot;","block_context":{"text":"Blogu i Udh\u00ebtarit","link":"https:\/\/www.shqiperia.com\/blog\/category\/blogu-i-udhetarit\/"},"img":{"alt_text":"","src":"https:\/\/i0.wp.com\/www.shqiperia.com\/blog\/wp-content\/uploads\/2019\/05\/1280px-Diagrama_e_Kuvendit_t%C3%AB_Shqip%C3%ABris%C3%AB_2017.svg_.png?fit=1200%2C638&ssl=1&resize=350%2C200","width":350,"height":200,"srcset":"https:\/\/i0.wp.com\/www.shqiperia.com\/blog\/wp-content\/uploads\/2019\/05\/1280px-Diagrama_e_Kuvendit_t%C3%AB_Shqip%C3%ABris%C3%AB_2017.svg_.png?fit=1200%2C638&ssl=1&resize=350%2C200 1x, https:\/\/i0.wp.com\/www.shqiperia.com\/blog\/wp-content\/uploads\/2019\/05\/1280px-Diagrama_e_Kuvendit_t%C3%AB_Shqip%C3%ABris%C3%AB_2017.svg_.png?fit=1200%2C638&ssl=1&resize=525%2C300 1.5x, https:\/\/i0.wp.com\/www.shqiperia.com\/blog\/wp-content\/uploads\/2019\/05\/1280px-Diagrama_e_Kuvendit_t%C3%AB_Shqip%C3%ABris%C3%AB_2017.svg_.png?fit=1200%2C638&ssl=1&resize=700%2C400 2x, https:\/\/i0.wp.com\/www.shqiperia.com\/blog\/wp-content\/uploads\/2019\/05\/1280px-Diagrama_e_Kuvendit_t%C3%AB_Shqip%C3%ABris%C3%AB_2017.svg_.png?fit=1200%2C638&ssl=1&resize=1050%2C600 3x"},"classes":[]},{"id":30442,"url":"https:\/\/www.shqiperia.com\/blog\/be-njeh-vetem-opoziten-reale-pd-lsi-dhe-partite-opozitare-bashibozuket-opozitare-ne-koshin-e-plehrave-ata-erdhen-si-bashibozuke-dhe-po-ikin-edhe-si-hajdute\/","url_meta":{"origin":36314,"position":2},"title":"BE njeh vet\u00ebm opozit\u00ebn reale, PD-LSI dhe partit\u00eb opozitare. Bashibozuk\u00ebt \u201copozitar\u00eb\u201d n\u00eb koshin e plehrave  Ata erdh\u00ebn si bashibozuk\u00eb dhe po ikin edhe si hajdut\u00eb!","author":"Kurt Farka","date":"January 18, 2020","format":false,"excerpt":"BE njeh vet\u00ebm opozit\u00ebn reale, PD-LSI dhe partit\u00eb opozitare. Bashibozuk\u00ebt \u201copozitar\u00eb\u201d n\u00eb koshin e plehrave Ata erdh\u00ebn si bashibozuk\u00eb dhe po ikin edhe si hajdut\u00eb! 17\/01\/2020 Deputet\u00ebt q\u00eb nuk dogj\u00ebn mandatet u p\u00ebrdoren n\u00eb m\u00ebnyr\u00ebn m\u00eb p\u00ebrverse politike nga PS dhe kryeministri sa her\u00eb q\u00eb u duheshin p\u00ebr t\u00eb goditur\u2026","rel":"","context":"In &quot;Politika&quot;","block_context":{"text":"Politika","link":"https:\/\/www.shqiperia.com\/blog\/category\/politika\/"},"img":{"alt_text":"","src":"https:\/\/i0.wp.com\/www.shqiperia.com\/blog\/wp-content\/uploads\/2020\/01\/Opozita-750x375-1.jpg?fit=750%2C375&ssl=1&resize=350%2C200","width":350,"height":200,"srcset":"https:\/\/i0.wp.com\/www.shqiperia.com\/blog\/wp-content\/uploads\/2020\/01\/Opozita-750x375-1.jpg?fit=750%2C375&ssl=1&resize=350%2C200 1x, https:\/\/i0.wp.com\/www.shqiperia.com\/blog\/wp-content\/uploads\/2020\/01\/Opozita-750x375-1.jpg?fit=750%2C375&ssl=1&resize=525%2C300 1.5x, https:\/\/i0.wp.com\/www.shqiperia.com\/blog\/wp-content\/uploads\/2020\/01\/Opozita-750x375-1.jpg?fit=750%2C375&ssl=1&resize=700%2C400 2x"},"classes":[]},{"id":84429,"url":"https:\/\/www.shqiperia.com\/blog\/krijohet-grupi-i-ri-opozitar-pese-deputete-behen-bashke\/","url_meta":{"origin":36314,"position":3},"title":"Krijohet grupi i ri opozitar? Pes\u00eb deputet\u00eb b\u00ebhen bashk\u00eb","author":"Kurt Farka","date":"September 13, 2024","format":false,"excerpt":"13 Shtator 2024 Pes\u00eb deputet\u00eb t\u00eb opozit\u00ebs jan\u00eb b\u00ebr\u00eb bashk\u00eb p\u00ebr t\u00eb kund\u00ebrshtuar listat e mbyllura. N\u00eb nj\u00eb konferenc\u00eb t\u00eb p\u00ebrbashk\u00ebt deputet\u00ebt, Dashamir Shehi, Enkelejd Aliebaj, Flutura A\u00e7ka, Arbi Agalliu dhe Selaudin Jakupllari than\u00eb se jan\u00eb kund\u00ebr daljes n\u00eb zgjedhjet e ardhshme parlamentare me lista t\u00eb mbyllura. \u201dNa bashkon nj\u00eb\u2026","rel":"","context":"In &quot;Blogu i Udh\u00ebtarit&quot;","block_context":{"text":"Blogu i Udh\u00ebtarit","link":"https:\/\/www.shqiperia.com\/blog\/category\/blogu-i-udhetarit\/"},"img":{"alt_text":"","src":"https:\/\/i0.wp.com\/www.shqiperia.com\/blog\/wp-content\/uploads\/2024\/09\/IMG_7938-jpeg.jpg?fit=760%2C437&ssl=1&resize=350%2C200","width":350,"height":200,"srcset":"https:\/\/i0.wp.com\/www.shqiperia.com\/blog\/wp-content\/uploads\/2024\/09\/IMG_7938-jpeg.jpg?fit=760%2C437&ssl=1&resize=350%2C200 1x, https:\/\/i0.wp.com\/www.shqiperia.com\/blog\/wp-content\/uploads\/2024\/09\/IMG_7938-jpeg.jpg?fit=760%2C437&ssl=1&resize=525%2C300 1.5x, https:\/\/i0.wp.com\/www.shqiperia.com\/blog\/wp-content\/uploads\/2024\/09\/IMG_7938-jpeg.jpg?fit=760%2C437&ssl=1&resize=700%2C400 2x"},"classes":[]},{"id":77444,"url":"https:\/\/www.shqiperia.com\/blog\/salianji-basha-ne-pazar-me-ramen-per-zgjedhoren-kerkojme-ndryshimin-e-komisionit\/","url_meta":{"origin":36314,"position":4},"title":"Salianji: &#8211; Basha n\u00eb pazar me Ram\u00ebn p\u00ebr \u201cZgjedhoren\u201d, k\u00ebrkojm\u00eb ndryshimin e komisionit","author":"Kurt Farka","date":"January 19, 2024","format":false,"excerpt":"19 Janar 2024 I ftuar n\u00eb Ora News, deputeti demokrat Ervin Salianji tha se ka pasur nj\u00eb Pazar t\u00eb hapur se doli vet\u00eb basha edhe pse donte ta mbulonte me nj\u00eb kopertur\u00eb nd\u00ebrkomb\u00ebtare p\u00ebr nd\u00ebrmjet\u00ebsim, Ai shtoi se nj\u00eb gj\u00eb e till\u00eb doli nj\u00eb mashtrim duke b\u00ebr\u00eb q\u00eb t\u00eb reagojn\u00eb\u2026","rel":"","context":"In &quot;Blogu i Udh\u00ebtarit&quot;","block_context":{"text":"Blogu i Udh\u00ebtarit","link":"https:\/\/www.shqiperia.com\/blog\/category\/blogu-i-udhetarit\/"},"img":{"alt_text":"","src":"https:\/\/i0.wp.com\/www.shqiperia.com\/blog\/wp-content\/uploads\/2024\/01\/144820c2-4178-4903-9b9e-78a2171d3a59-1705677595.jpeg?fit=1200%2C675&ssl=1&resize=350%2C200","width":350,"height":200,"srcset":"https:\/\/i0.wp.com\/www.shqiperia.com\/blog\/wp-content\/uploads\/2024\/01\/144820c2-4178-4903-9b9e-78a2171d3a59-1705677595.jpeg?fit=1200%2C675&ssl=1&resize=350%2C200 1x, https:\/\/i0.wp.com\/www.shqiperia.com\/blog\/wp-content\/uploads\/2024\/01\/144820c2-4178-4903-9b9e-78a2171d3a59-1705677595.jpeg?fit=1200%2C675&ssl=1&resize=525%2C300 1.5x, https:\/\/i0.wp.com\/www.shqiperia.com\/blog\/wp-content\/uploads\/2024\/01\/144820c2-4178-4903-9b9e-78a2171d3a59-1705677595.jpeg?fit=1200%2C675&ssl=1&resize=700%2C400 2x, https:\/\/i0.wp.com\/www.shqiperia.com\/blog\/wp-content\/uploads\/2024\/01\/144820c2-4178-4903-9b9e-78a2171d3a59-1705677595.jpeg?fit=1200%2C675&ssl=1&resize=1050%2C600 3x"},"classes":[]},{"id":31767,"url":"https:\/\/www.shqiperia.com\/blog\/meta-rendit-9-hapat-e-grushtit-te-shtetit-dhe-leshon-thirrjen-e-forte-finali-ishte-shkarkimi-i-presidentit-me-porosi-te-zbulon-edhe-oren-kur-do-te-nise-tubimi-ne-2-mars\/","url_meta":{"origin":36314,"position":5},"title":"Meta rendit 9 hapat e grushtit t\u00eb shtetit dhe l\u00ebshon thirrjen e fort\u00eb: Finali ishte shkarkimi i Presidentit me porosi t\u00eb&#8230;(Zbulon edhe or\u00ebn kur do t\u00eb nis\u00eb tubimi n\u00eb 2 mars)","author":"Kurt Farka","date":"February 24, 2020","format":false,"excerpt":"Meta rendit 9 hapat e grushtit t\u00eb shtetit dhe l\u00ebshon thirrjen e fort\u00eb: Finali ishte shkarkimi i Presidentit me porosi t\u00eb...(Zbulon edhe or\u00ebn kur do t\u00eb nis\u00eb tubimi n\u00eb 2 mars) 24 SHKURT 2020 Presidenti Ilir Meta ka renditur n\u00eb nj\u00eb postim n\u00eb rrjetet sociale t\u00eb gjith\u00eb hapat q\u00eb maxhoranca\u2026","rel":"","context":"In &quot;Njoftime Shtypi&quot;","block_context":{"text":"Njoftime Shtypi","link":"https:\/\/www.shqiperia.com\/blog\/category\/njoftime-shtypi\/"},"img":{"alt_text":"","src":"https:\/\/i0.wp.com\/www.shqiperia.com\/blog\/wp-content\/uploads\/2020\/02\/Ilir-Meta.jpg?fit=800%2C450&ssl=1&resize=350%2C200","width":350,"height":200,"srcset":"https:\/\/i0.wp.com\/www.shqiperia.com\/blog\/wp-content\/uploads\/2020\/02\/Ilir-Meta.jpg?fit=800%2C450&ssl=1&resize=350%2C200 1x, https:\/\/i0.wp.com\/www.shqiperia.com\/blog\/wp-content\/uploads\/2020\/02\/Ilir-Meta.jpg?fit=800%2C450&ssl=1&resize=525%2C300 1.5x, https:\/\/i0.wp.com\/www.shqiperia.com\/blog\/wp-content\/uploads\/2020\/02\/Ilir-Meta.jpg?fit=800%2C450&ssl=1&resize=700%2C400 2x"},"classes":[]}],"_links":{"self":[{"href":"https:\/\/www.shqiperia.com\/blog\/wp-json\/wp\/v2\/posts\/36314","targetHints":{"allow":["GET"]}}],"collection":[{"href":"https:\/\/www.shqiperia.com\/blog\/wp-json\/wp\/v2\/posts"}],"about":[{"href":"https:\/\/www.shqiperia.com\/blog\/wp-json\/wp\/v2\/types\/post"}],"author":[{"embeddable":true,"href":"https:\/\/www.shqiperia.com\/blog\/wp-json\/wp\/v2\/users\/9"}],"replies":[{"embeddable":true,"href":"https:\/\/www.shqiperia.com\/blog\/wp-json\/wp\/v2\/comments?post=36314"}],"version-history":[{"count":1,"href":"https:\/\/www.shqiperia.com\/blog\/wp-json\/wp\/v2\/posts\/36314\/revisions"}],"predecessor-version":[{"id":36316,"href":"https:\/\/www.shqiperia.com\/blog\/wp-json\/wp\/v2\/posts\/36314\/revisions\/36316"}],"wp:featuredmedia":[{"embeddable":true,"href":"https:\/\/www.shqiperia.com\/blog\/wp-json\/wp\/v2\/media\/36315"}],"wp:attachment":[{"href":"https:\/\/www.shqiperia.com\/blog\/wp-json\/wp\/v2\/media?parent=36314"}],"wp:term":[{"taxonomy":"category","embeddable":true,"href":"https:\/\/www.shqiperia.com\/blog\/wp-json\/wp\/v2\/categories?post=36314"},{"taxonomy":"post_tag","embeddable":true,"href":"https:\/\/www.shqiperia.com\/blog\/wp-json\/wp\/v2\/tags?post=36314"}],"curies":[{"name":"wp","href":"https:\/\/api.w.org\/{rel}","templated":true}]}}