{"id":36310,"date":"2020-07-15T04:12:19","date_gmt":"2020-07-15T04:12:19","guid":{"rendered":"https:\/\/www.shqiperia.com\/blog\/?p=36310"},"modified":"2020-07-15T04:12:19","modified_gmt":"2020-07-15T04:12:19","slug":"enciklopedia-britanike-pellazget-jane-shqiptaret-me-fame","status":"publish","type":"post","link":"https:\/\/www.shqiperia.com\/blog\/enciklopedia-britanike-pellazget-jane-shqiptaret-me-fame\/","title":{"rendered":"Enciklopedia Britanike \u2013 Pellazg\u00ebt jan\u00eb shqiptar\u00ebt me fam\u00eb"},"content":{"rendered":"<p><img data-recalc-dims=\"1\" loading=\"lazy\" decoding=\"async\" data-attachment-id=\"36311\" data-permalink=\"https:\/\/www.shqiperia.com\/blog\/enciklopedia-britanike-pellazget-jane-shqiptaret-me-fame\/encyclopedia_britannica_1_master\/\" data-orig-file=\"https:\/\/i0.wp.com\/www.shqiperia.com\/blog\/wp-content\/uploads\/2020\/07\/Encyclopedia_Britannica_1_master.jpg?fit=768%2C420&amp;ssl=1\" data-orig-size=\"768,420\" data-comments-opened=\"1\" data-image-meta=\"{&quot;aperture&quot;:&quot;0&quot;,&quot;credit&quot;:&quot;&quot;,&quot;camera&quot;:&quot;&quot;,&quot;caption&quot;:&quot;&quot;,&quot;created_timestamp&quot;:&quot;0&quot;,&quot;copyright&quot;:&quot;&quot;,&quot;focal_length&quot;:&quot;0&quot;,&quot;iso&quot;:&quot;0&quot;,&quot;shutter_speed&quot;:&quot;0&quot;,&quot;title&quot;:&quot;&quot;,&quot;orientation&quot;:&quot;0&quot;}\" data-image-title=\"Encyclopedia_Britannica_1_master\" data-image-description=\"\" data-image-caption=\"\" data-medium-file=\"https:\/\/i0.wp.com\/www.shqiperia.com\/blog\/wp-content\/uploads\/2020\/07\/Encyclopedia_Britannica_1_master.jpg?fit=300%2C164&amp;ssl=1\" data-large-file=\"https:\/\/i0.wp.com\/www.shqiperia.com\/blog\/wp-content\/uploads\/2020\/07\/Encyclopedia_Britannica_1_master.jpg?fit=768%2C420&amp;ssl=1\" class=\"alignnone  wp-image-36311\" alt=\"\" src=\"https:\/\/i0.wp.com\/www.shqiperia.com\/blog\/wp-content\/uploads\/2020\/07\/Encyclopedia_Britannica_1_master.jpg?resize=507%2C277&#038;ssl=1\" width=\"507\" height=\"277\" srcset=\"https:\/\/i0.wp.com\/www.shqiperia.com\/blog\/wp-content\/uploads\/2020\/07\/Encyclopedia_Britannica_1_master.jpg?resize=300%2C164&amp;ssl=1 300w, https:\/\/i0.wp.com\/www.shqiperia.com\/blog\/wp-content\/uploads\/2020\/07\/Encyclopedia_Britannica_1_master.jpg?resize=450%2C246&amp;ssl=1 450w, https:\/\/i0.wp.com\/www.shqiperia.com\/blog\/wp-content\/uploads\/2020\/07\/Encyclopedia_Britannica_1_master.jpg?resize=600%2C328&amp;ssl=1 600w, https:\/\/i0.wp.com\/www.shqiperia.com\/blog\/wp-content\/uploads\/2020\/07\/Encyclopedia_Britannica_1_master.jpg?resize=400%2C219&amp;ssl=1 400w, https:\/\/i0.wp.com\/www.shqiperia.com\/blog\/wp-content\/uploads\/2020\/07\/Encyclopedia_Britannica_1_master.jpg?w=768&amp;ssl=1 768w\" sizes=\"auto, (max-width: 507px) 100vw, 507px\" \/><\/p>\n<p><strong>Enciklopedia Britanike \u2013 Pellazg\u00ebt jan\u00eb shqiptar\u00ebt me fam\u00eb<\/strong><\/p>\n<p>\u201cTek Homeri pellazg\u00ebt jan\u00eb fqinj t\u00eb Trojan\u00ebve.., por n\u00eb K\u00ebng\u00ebn II (varg. 233) t\u00eb Iliad\u00ebs poeti e quan Zeusin q\u00eb adhurohej n\u00eb Dodon\u00eb t\u00eb Epirit, Zeusin pellazgjik, gj\u00eb q\u00eb d\u00ebshmon se edhe atje banonin dikur pellazg\u00eb, dhe n\u00eb K\u00ebng\u00ebn II (varg. 681) gjith\u00eb Thesalin\u00eb ose nj\u00eb pjes\u00eb t\u00eb saj e quan \u201cArgos Pellazgjik\u201c.<\/p>\n<ol start=\"11\">\n<li>KAPSALI (k\u00ebshilltar arsimi) \u201cKonkluzionet e g\u00ebrmimeve n\u00eb Akropol dhe tradita. Kazma,\u2026 udh\u00ebheqes i ndritur n\u00eb gjurmimin e koh\u00ebve parahistorike, hodhi drit\u00eb mbi historin\u00eb e lagjeve t\u00eb para t\u00eb Akropolit duke zbuluar se edhe mbi k\u00ebt\u00eb shk\u00ebmb t\u00eb shenjt\u00eb jetoi dhe veproi nj\u00eb popull, qytet\u00ebrimi i t\u00eb cilit ishte i nj\u00ebjt\u00eb dhe kaloi n\u00eb t\u00eb nj\u00ebjtat faza me qytet\u00ebrimin e atij populli, q\u00eb u b\u00eb zot i Akropolit, i Tyrinthit dhe i Akropolit t\u00eb Myken\u00ebs, q\u00eb ishin qytetet m\u00eb t\u00eb dalluara t\u00eb Greqis\u00eb akaike..<\/li>\n<\/ol>\n<p>Sot e pranojn\u00eb pothuaj t\u00eb gjith\u00eb q\u00eb vendet m\u00eb t\u00eb vjetra t\u00eb banuara edhe n\u00eb Atik\u00eb ishin ato t\u00eb pellazg\u00ebve, t\u00eb deg\u00ebs m\u00eb t\u00eb madhe n\u00eb num\u00ebr nd\u00ebr fiset parahelene, e cila kishte njohuri elementare qytet\u00ebrimi.. Fisi parahelen barbarofon.. autokton i pellazg\u00ebve t\u00eb Herodotit sot pranohet se ka paraekzistuar me t\u00eb v\u00ebrtet\u00eb dhe jo si nj\u00eb trillim i fantazis\u00eb. Skepticizmi superkritik, armik i tradit\u00ebs, u p\u00ebrkul dhe tradita e athenasve p\u00ebr pellazg\u00ebt Kranaj.. p\u00ebr fisin e pellazg\u00ebve Aigialeas dhe t\u00eb danaasvet si pasardh\u00ebs t\u00eb pellazg\u00ebve.. besohen sot si d\u00ebshmitar\u00eb plot besim t\u00eb ekzistenc\u00ebs s\u00eb tyre. I pap\u00ebrcaktuar mbetet vet\u00ebm vendi dhe koha e prejardhjes s\u00eb tyre. (Enciklopedia e Madhe Greke \u2013 Pyrsos, vol. II, fq. 44).<\/p>\n<p><img data-recalc-dims=\"1\" loading=\"lazy\" decoding=\"async\" data-attachment-id=\"36312\" data-permalink=\"https:\/\/www.shqiperia.com\/blog\/enciklopedia-britanike-pellazget-jane-shqiptaret-me-fame\/2ndbritannica\/\" data-orig-file=\"https:\/\/i0.wp.com\/www.shqiperia.com\/blog\/wp-content\/uploads\/2020\/07\/2ndBritannica.jpg?fit=361%2C150&amp;ssl=1\" data-orig-size=\"361,150\" data-comments-opened=\"1\" data-image-meta=\"{&quot;aperture&quot;:&quot;0&quot;,&quot;credit&quot;:&quot;&quot;,&quot;camera&quot;:&quot;&quot;,&quot;caption&quot;:&quot;&quot;,&quot;created_timestamp&quot;:&quot;0&quot;,&quot;copyright&quot;:&quot;&quot;,&quot;focal_length&quot;:&quot;0&quot;,&quot;iso&quot;:&quot;0&quot;,&quot;shutter_speed&quot;:&quot;0&quot;,&quot;title&quot;:&quot;&quot;,&quot;orientation&quot;:&quot;0&quot;}\" data-image-title=\"2ndBritannica\" data-image-description=\"\" data-image-caption=\"\" data-medium-file=\"https:\/\/i0.wp.com\/www.shqiperia.com\/blog\/wp-content\/uploads\/2020\/07\/2ndBritannica.jpg?fit=300%2C125&amp;ssl=1\" data-large-file=\"https:\/\/i0.wp.com\/www.shqiperia.com\/blog\/wp-content\/uploads\/2020\/07\/2ndBritannica.jpg?fit=361%2C150&amp;ssl=1\" class=\"alignnone  wp-image-36312\" alt=\"\" src=\"https:\/\/i0.wp.com\/www.shqiperia.com\/blog\/wp-content\/uploads\/2020\/07\/2ndBritannica.jpg?resize=634%2C264&#038;ssl=1\" width=\"634\" height=\"264\" srcset=\"https:\/\/i0.wp.com\/www.shqiperia.com\/blog\/wp-content\/uploads\/2020\/07\/2ndBritannica.jpg?resize=300%2C125&amp;ssl=1 300w, https:\/\/i0.wp.com\/www.shqiperia.com\/blog\/wp-content\/uploads\/2020\/07\/2ndBritannica.jpg?w=361&amp;ssl=1 361w\" sizes=\"auto, (max-width: 634px) 100vw, 634px\" \/><\/p>\n<p>Pellazg\u00ebt (Ark.). Quhen k\u00ebshtu nga shkrimtar\u00ebt e vjet\u00ebr grek\u00eb banor\u00ebt m\u00eb t\u00eb vjet\u00ebr t\u00eb vendit t\u00eb tyre, dmth fiset parahelene, t\u00eb cilat gjenden t\u00eb shp\u00ebrndara jo vet\u00ebm n\u00eb Greqin\u00eb kontinentale dhe n\u00ebp\u00ebr ishujt, por edhe n\u00ebp\u00ebr brigjet e Azis\u00eb s\u00eb Vog\u00ebl, si edhe n\u00ebp\u00ebr brigjet e Iliris\u00eb, t\u00eb Italis\u00eb dhe vendeve t\u00eb tjera, gati n\u00eb t\u00eb gjith\u00eb bregdetin e pellgut t\u00eb Mesdheut, duke formuar k\u00ebshu nj\u00eb popullsi parahistorike t\u00eb panum\u00ebrt.<\/p>\n<p>Origjina e k\u00ebtij populli, djepi i tij i par\u00eb, gjuha e tij, dhe n\u00eb p\u00ebrgjith\u00ebsi qytet\u00ebrimi i tij, kan\u00eb preokupuar dhe preokupojn\u00eb dijetar\u00ebt specialist\u00eb t\u00eb arkeologjis\u00eb parahistorike dhe t\u00eb deg\u00ebve t\u00eb tjera t\u00eb af\u00ebrta t\u00eb shkenc\u00ebs, por k\u00ebta duke pasur parasysh edhe informatat e shkrimtar\u00ebve t\u00eb vjet\u00ebr mbi pellazg\u00ebt, s\u2019kan\u00eb arritur gjer m\u00eb sot n\u00eb pajtim midis tyre.<\/p>\n<p>Informatat e shkrimtar\u00ebve t\u00eb vjet\u00ebr p\u00ebr pellazg\u00ebt p\u00ebrmblidhen pothuaj n\u00eb k\u00ebto: \u201cTek Homeri pellazg\u00ebt jan\u00eb fqinj t\u00eb Trojan\u00ebve.., por n\u00eb K\u00ebng\u00ebn II (varg. 233) t\u00eb Iliad\u00ebs poeti e quan Zeusin q\u00eb adhurohej n\u00eb Dodon\u00eb t\u00eb Epirit, Zeusin pellazgjik, gj\u00eb q\u00eb d\u00ebshmon se edhe atje banonin dikur pellazg\u00eb, dhe n\u00eb K\u00ebng\u00ebn II (varg. 681) gjith\u00eb Thesalin\u00eb ose nj\u00eb pjes\u00eb t\u00eb saj e quan \u201cArgos Pellazgjik\u201c\u2026<\/p>\n","protected":false},"excerpt":{"rendered":"<p>Enciklopedia Britanike \u2013 Pellazg\u00ebt jan\u00eb shqiptar\u00ebt me fam\u00eb \u201cTek Homeri pellazg\u00ebt jan\u00eb fqinj t\u00eb Trojan\u00ebve.., por n\u00eb K\u00ebng\u00ebn II (varg. 233) t\u00eb Iliad\u00ebs poeti e quan Zeusin q\u00eb adhurohej n\u00eb Dodon\u00eb t\u00eb Epirit, Zeusin pellazgjik, gj\u00eb q\u00eb d\u00ebshmon se edhe atje banonin dikur pellazg\u00eb, dhe n\u00eb K\u00ebng\u00ebn II (varg. 681) gjith\u00eb Thesalin\u00eb ose nj\u00eb pjes\u00eb [&hellip;]<\/p>\n","protected":false},"author":9,"featured_media":36311,"comment_status":"open","ping_status":"open","sticky":false,"template":"","format":"standard","meta":{"jetpack_post_was_ever_published":false,"_jetpack_newsletter_access":"","_jetpack_dont_email_post_to_subs":false,"_jetpack_newsletter_tier_id":0,"_jetpack_memberships_contains_paywalled_content":false,"_jetpack_memberships_contains_paid_content":false,"footnotes":"","jetpack_publicize_message":"","jetpack_publicize_feature_enabled":true,"jetpack_social_post_already_shared":true,"jetpack_social_options":{"image_generator_settings":{"template":"highway","default_image_id":0,"font":"","enabled":false},"version":2}},"categories":[85,10,86],"tags":[],"class_list":["post-36310","post","type-post","status-publish","format-standard","has-post-thumbnail","hentry","category-histori","category-kultura","category-trashegimi-kulturore"],"jetpack_publicize_connections":[],"jetpack_featured_media_url":"https:\/\/i0.wp.com\/www.shqiperia.com\/blog\/wp-content\/uploads\/2020\/07\/Encyclopedia_Britannica_1_master.jpg?fit=768%2C420&ssl=1","jetpack_sharing_enabled":true,"jetpack_shortlink":"https:\/\/wp.me\/p5Z6wp-9rE","jetpack-related-posts":[{"id":10513,"url":"https:\/\/www.shqiperia.com\/blog\/akili-i-falej-zeusit-pellazgjik-te-dodones\/","url_meta":{"origin":36310,"position":0},"title":"Akili i falej Zeusit Pellazgjik t\u00eb Dodon\u00ebs. &#8211;","author":"Kurt Farka","date":"August 2, 2018","format":false,"excerpt":"Nga Aristotel Mici \u2013 N\u00eb vepr\u00ebn e tij monumentale \u201cHistorit\u00eb\u201d Herodoti na p\u00ebrshkruan mjaft\u00eb holl\u00ebsira rreth Orakullit t\u00eb Dodon\u00ebs dhe banor\u00ebve p\u00ebr rreth saj. Historiani m\u00eb i vjet\u00ebr i bot\u00ebs aty na njeh edhe me pellazg\u00ebt, duke i konsideruar ata jo vet\u00ebm si m\u00eb t\u00eb her\u00ebsh\u00ebm se helen\u00ebt, po edhe\u2026","rel":"","context":"In &quot;Blogu i Udh\u00ebtarit&quot;","block_context":{"text":"Blogu i Udh\u00ebtarit","link":"https:\/\/www.shqiperia.com\/blog\/category\/blogu-i-udhetarit\/"},"img":{"alt_text":"","src":"https:\/\/i0.wp.com\/www.shqiperia.com\/blog\/wp-content\/uploads\/2018\/08\/ilustrim-akil-770x433.jpg?fit=770%2C433&ssl=1&resize=350%2C200","width":350,"height":200,"srcset":"https:\/\/i0.wp.com\/www.shqiperia.com\/blog\/wp-content\/uploads\/2018\/08\/ilustrim-akil-770x433.jpg?fit=770%2C433&ssl=1&resize=350%2C200 1x, https:\/\/i0.wp.com\/www.shqiperia.com\/blog\/wp-content\/uploads\/2018\/08\/ilustrim-akil-770x433.jpg?fit=770%2C433&ssl=1&resize=525%2C300 1.5x, https:\/\/i0.wp.com\/www.shqiperia.com\/blog\/wp-content\/uploads\/2018\/08\/ilustrim-akil-770x433.jpg?fit=770%2C433&ssl=1&resize=700%2C400 2x"},"classes":[]},{"id":8449,"url":"https:\/\/www.shqiperia.com\/blog\/arsim-spahiu-akejte-pervetesuan-epopete-kombetare-te-pellazgeve\/","url_meta":{"origin":36310,"position":1},"title":"Arsim Spahiu: \u201cAkejt\u00eb p\u00ebrvet\u00ebsuan epopet\u00eb komb\u00ebtare t\u00eb pellazg\u00ebve\u201d.-","author":"Kurt Farka","date":"June 6, 2018","format":false,"excerpt":"Arsim Spahiu: \u201cAkejt\u00eb p\u00ebrvet\u00ebsuan epopet\u00eb komb\u00ebtare t\u00eb pellazg\u00ebve\u201d.- N\u00eb koh\u00ebn kur maqedonasit e sot\u00ebm po p\u00ebrpiqen q\u00eb t\u00eb krijojn\u00eb nj\u00eb histori t\u00eb cil\u00ebn ata nuk e kan\u00eb, studiuesi Arsim Spahiu sjell botimin \u201cMbi mitologjin\u00eb dhe fen\u00eb e maqedonasve t\u00eb vjet\u00ebr\u201d. Studimi, sipas autorit, provon se pellazg\u00ebt, shum\u00eb koh\u00eb p\u00ebrpara helen\u00ebve,\u2026","rel":"","context":"In &quot;Histori&quot;","block_context":{"text":"Histori","link":"https:\/\/www.shqiperia.com\/blog\/category\/histori\/"},"img":{"alt_text":"","src":"https:\/\/i0.wp.com\/www.shqiperia.com\/blog\/wp-content\/uploads\/2018\/06\/Arsim-Spahiu-2.jpg?fit=646%2C395&ssl=1&resize=350%2C200","width":350,"height":200,"srcset":"https:\/\/i0.wp.com\/www.shqiperia.com\/blog\/wp-content\/uploads\/2018\/06\/Arsim-Spahiu-2.jpg?fit=646%2C395&ssl=1&resize=350%2C200 1x, https:\/\/i0.wp.com\/www.shqiperia.com\/blog\/wp-content\/uploads\/2018\/06\/Arsim-Spahiu-2.jpg?fit=646%2C395&ssl=1&resize=525%2C300 1.5x"},"classes":[]},{"id":8453,"url":"https:\/\/www.shqiperia.com\/blog\/neritan-ceka-vijme-nga-pellazget-duhet-vetem-ta-vertetojme\/","url_meta":{"origin":36310,"position":2},"title":"Neritan Ceka: Vijm\u00eb nga pellazg\u00ebt, duhet vet\u00ebm ta v\u00ebrtetojm\u00eb. &#8211;","author":"Kurt Farka","date":"June 6, 2018","format":false,"excerpt":"Neritan Ceka: Vijm\u00eb nga pellazg\u00ebt, duhet vet\u00ebm ta v\u00ebrtetojm\u00eb Arkeologu i njohur, Neritan Ceka, ka treguar edhe nj\u00ebher\u00eb se shqiptar\u00ebt jan\u00eb t\u00eb origjin\u00ebs pellazgo-ilire. Ceka ka sjell\u00eb k\u00ebt\u00eb argument, ndon\u00ebse ky nuk mb\u00ebshtetet me d\u00ebshmi arkeologjike pellazgjike n\u00eb Shqip\u00ebri, edhe kur ai vet\u00eb pranon q\u00eb pellazg\u00ebt dhe ilir\u00ebt mbeten dy\u2026","rel":"","context":"In &quot;Histori&quot;","block_context":{"text":"Histori","link":"https:\/\/www.shqiperia.com\/blog\/category\/histori\/"},"img":{"alt_text":"","src":"https:\/\/i0.wp.com\/www.shqiperia.com\/blog\/wp-content\/uploads\/2018\/06\/Neritan-Ceka-Pellazget.jpg?fit=640%2C426&ssl=1&resize=350%2C200","width":350,"height":200,"srcset":"https:\/\/i0.wp.com\/www.shqiperia.com\/blog\/wp-content\/uploads\/2018\/06\/Neritan-Ceka-Pellazget.jpg?fit=640%2C426&ssl=1&resize=350%2C200 1x, https:\/\/i0.wp.com\/www.shqiperia.com\/blog\/wp-content\/uploads\/2018\/06\/Neritan-Ceka-Pellazget.jpg?fit=640%2C426&ssl=1&resize=525%2C300 1.5x"},"classes":[]},{"id":911,"url":"https:\/\/www.shqiperia.com\/blog\/mendimi-dhimiter-kamardes-mbi-gjuhen-shqipe-sipas-linguistit-italian-g-ascoli\/","url_meta":{"origin":36310,"position":3},"title":"Mendimi i Dhimit\u00ebr Kamard\u00ebs mbi Gjuh\u00ebn shqipe, sipas linguistit italian, G.I. Ascoli:","author":"Kurt Farka","date":"January 9, 2018","format":false,"excerpt":"Foto: Dh. Kamarda \" Gjuha shqipe \u00ebsht\u00eb e lidhur shum\u00eb ngusht\u00eb me gjuh\u00ebn greke. T\u00eb dyja gjuh\u00ebt q\u00ebndrojn\u00eb p\u00ebrball\u00eb nj\u00ebra-tjetr\u00ebs si binjake por shqipja, mbi t\u00eb gjitha n\u00eb leksik\u00eb, merr pjes\u00eb m\u00eb shum\u00eb se greqishtja me elementin e ashtuquajtur pellazgjik-italik. Nga ana tjet\u00ebr, arsyet e gjuh\u00ebs, sikur t\u00eb ato t\u00eb\u2026","rel":"","context":"In &quot;Trashegimi Kulturore&quot;","block_context":{"text":"Trashegimi Kulturore","link":"https:\/\/www.shqiperia.com\/blog\/category\/trashegimi-kulturore\/"},"img":{"alt_text":"","src":"https:\/\/i0.wp.com\/www.shqiperia.com\/blog\/wp-content\/uploads\/2018\/01\/Dhimiter-Kamarda.jpg?resize=350%2C200","width":350,"height":200},"classes":[]},{"id":94200,"url":"https:\/\/www.shqiperia.com\/blog\/mbyllet-perkohesisht-odeoni-i-herodes-aticus-simboli-antik-i-artit-prane-akropolit\/","url_meta":{"origin":36310,"position":4},"title":"Mbyllet p\u00ebrkoh\u00ebsisht Odeoni i Herodes Aticus, simboli antik i artit pran\u00eb Akropolit","author":"Kurt Farka","date":"October 10, 2025","format":false,"excerpt":"10 Tetor 2025 Nj\u00eb nga monumentet m\u00eb t\u00eb famshme t\u00eb lasht\u00ebsis\u00eb greke, Odeoni i Herodes Aticus, do t\u00eb mbyllet pas p\u00ebrfundimit t\u00eb sezonit artistik t\u00eb k\u00ebtij viti p\u00ebr nj\u00eb projekt restaurimi q\u00eb do t\u00eb zgjas\u00eb rreth tre vite. Lajmi \u00ebsht\u00eb b\u00ebr\u00eb publik nga Ministria e Kultur\u00ebs s\u00eb Greqis\u00eb, e cila\u2026","rel":"","context":"In &quot;Histori&quot;","block_context":{"text":"Histori","link":"https:\/\/www.shqiperia.com\/blog\/category\/histori\/"},"img":{"alt_text":"","src":"https:\/\/i0.wp.com\/www.shqiperia.com\/blog\/wp-content\/uploads\/2025\/10\/640-0-capturepng-1760076872.png?fit=640%2C421&ssl=1&resize=350%2C200","width":350,"height":200,"srcset":"https:\/\/i0.wp.com\/www.shqiperia.com\/blog\/wp-content\/uploads\/2025\/10\/640-0-capturepng-1760076872.png?fit=640%2C421&ssl=1&resize=350%2C200 1x, https:\/\/i0.wp.com\/www.shqiperia.com\/blog\/wp-content\/uploads\/2025\/10\/640-0-capturepng-1760076872.png?fit=640%2C421&ssl=1&resize=525%2C300 1.5x"},"classes":[]},{"id":59705,"url":"https:\/\/www.shqiperia.com\/blog\/nga-muret-pellazgjik-te-kalase-tek-kullat-e-banesat-me-cardake-papastefani-skicon-beratin-ne-123-skica\/","url_meta":{"origin":36310,"position":5},"title":"Nga muret pellazgjik t\u00eb Kalas\u00eb tek kullat e banesat me \u00e7ardak\u00eb, Papastefani skicon Beratin n\u00eb 123 skica.","author":"Kurt Farka","date":"July 3, 2022","format":false,"excerpt":"Nga Anila Dedaj Pas Tiran\u00ebs, Andi Papastefani sjell Beratin n\u00eb 123 skica t\u00eb fiksuara p\u00ebrgjat\u00eb tri vje\u00e7arit t\u00eb fundit. Arkitekti rr\u00ebfen objektet me tiparet dalluese n\u00eb qytetin 2400-vje\u00e7ar, deri tek muret pellazgjik\u00eb t\u00eb Kalas\u00eb Duke u endur rrugicave an\u00ebs lumit, n\u00eb kala, por edhe n\u00eb internier t\u00eb objekteve t\u00eb qytetit\u2026","rel":"","context":"In &quot;Arte&quot;","block_context":{"text":"Arte","link":"https:\/\/www.shqiperia.com\/blog\/category\/arte\/"},"img":{"alt_text":"","src":"https:\/\/i0.wp.com\/www.shqiperia.com\/blog\/wp-content\/uploads\/2022\/07\/Andi-Papastefani-Berati-nga-muret-pellazgjik-te-Kalase-tek-kullat-e-banesat-me-cardake.jpg?fit=1034%2C538&ssl=1&resize=350%2C200","width":350,"height":200,"srcset":"https:\/\/i0.wp.com\/www.shqiperia.com\/blog\/wp-content\/uploads\/2022\/07\/Andi-Papastefani-Berati-nga-muret-pellazgjik-te-Kalase-tek-kullat-e-banesat-me-cardake.jpg?fit=1034%2C538&ssl=1&resize=350%2C200 1x, https:\/\/i0.wp.com\/www.shqiperia.com\/blog\/wp-content\/uploads\/2022\/07\/Andi-Papastefani-Berati-nga-muret-pellazgjik-te-Kalase-tek-kullat-e-banesat-me-cardake.jpg?fit=1034%2C538&ssl=1&resize=525%2C300 1.5x, https:\/\/i0.wp.com\/www.shqiperia.com\/blog\/wp-content\/uploads\/2022\/07\/Andi-Papastefani-Berati-nga-muret-pellazgjik-te-Kalase-tek-kullat-e-banesat-me-cardake.jpg?fit=1034%2C538&ssl=1&resize=700%2C400 2x"},"classes":[]}],"_links":{"self":[{"href":"https:\/\/www.shqiperia.com\/blog\/wp-json\/wp\/v2\/posts\/36310","targetHints":{"allow":["GET"]}}],"collection":[{"href":"https:\/\/www.shqiperia.com\/blog\/wp-json\/wp\/v2\/posts"}],"about":[{"href":"https:\/\/www.shqiperia.com\/blog\/wp-json\/wp\/v2\/types\/post"}],"author":[{"embeddable":true,"href":"https:\/\/www.shqiperia.com\/blog\/wp-json\/wp\/v2\/users\/9"}],"replies":[{"embeddable":true,"href":"https:\/\/www.shqiperia.com\/blog\/wp-json\/wp\/v2\/comments?post=36310"}],"version-history":[{"count":1,"href":"https:\/\/www.shqiperia.com\/blog\/wp-json\/wp\/v2\/posts\/36310\/revisions"}],"predecessor-version":[{"id":36313,"href":"https:\/\/www.shqiperia.com\/blog\/wp-json\/wp\/v2\/posts\/36310\/revisions\/36313"}],"wp:featuredmedia":[{"embeddable":true,"href":"https:\/\/www.shqiperia.com\/blog\/wp-json\/wp\/v2\/media\/36311"}],"wp:attachment":[{"href":"https:\/\/www.shqiperia.com\/blog\/wp-json\/wp\/v2\/media?parent=36310"}],"wp:term":[{"taxonomy":"category","embeddable":true,"href":"https:\/\/www.shqiperia.com\/blog\/wp-json\/wp\/v2\/categories?post=36310"},{"taxonomy":"post_tag","embeddable":true,"href":"https:\/\/www.shqiperia.com\/blog\/wp-json\/wp\/v2\/tags?post=36310"}],"curies":[{"name":"wp","href":"https:\/\/api.w.org\/{rel}","templated":true}]}}